{"id":10361,"date":"2013-12-03T20:00:30","date_gmt":"2013-12-03T19:00:30","guid":{"rendered":"http:\/\/arquitecturadegalicia.eu\/blog\/?p=10361"},"modified":"2013-12-01T20:35:57","modified_gmt":"2013-12-01T19:35:57","slug":"sky-house","status":"publish","type":"post","link":"http:\/\/arquitecturadegalicia.eu\/blog\/sky-house\/","title":{"rendered":"Sky House"},"content":{"rendered":"<p><img fetchpriority=\"high\" decoding=\"async\" class=\"alignnone size-full wp-image-10363\" alt=\"miyarq sky house\" src=\"http:\/\/arquitecturadegalicia.eu\/blog\/wp-content\/uploads\/2013\/12\/miyarq-sky-house.jpg\" width=\"620\" height=\"294\" srcset=\"http:\/\/arquitecturadegalicia.eu\/blog\/wp-content\/uploads\/2013\/12\/miyarq-sky-house.jpg 620w, http:\/\/arquitecturadegalicia.eu\/blog\/wp-content\/uploads\/2013\/12\/miyarq-sky-house-300x142.jpg 300w\" sizes=\"(max-width: 620px) 100vw, 620px\" \/><\/p>\n<h5 style=\"text-align: right;\"><a href=\"http:\/\/miyarq.com\/proyecto5.html\" target=\"_blank\">miyarq<\/a><\/h5>\n<table class=\"aligncenter\" width=\"620\" border=\"0\" cellspacing=\"0\" cellpadding=\"0\">\n<tbody>\n<tr>\n<td width=\"180\"><strong>Obra:<\/strong><\/td>\n<td>Sky House<\/td>\n<\/tr>\n<tr>\n<td><strong>Arquitecto:<\/strong><\/td>\n<td>Miyarq<\/td>\n<\/tr>\n<tr>\n<td><strong>Provincia:<\/strong><\/td>\n<td>A Coru\u00f1a<\/td>\n<\/tr>\n<tr>\n<td><strong>Localidade:<\/strong><\/td>\n<td>Santa Cruz, Oleiros<\/td>\n<\/tr>\n<tr>\n<td><strong>Ano:<\/strong><\/td>\n<td>2010<\/td>\n<\/tr>\n<tr>\n<td><strong>Xeolocalizaci\u00f3n:<\/strong><\/td>\n<td><strong><a href=\"https:\/\/maps.google.es\/maps\/ms?msa=0&amp;msid=205584753861089304839.0004b3590a9baff01c53d&amp;ie=UTF8&amp;t=h&amp;source=embed&amp;ll=43.345888,-8.350167&amp;spn=0.010081,0.021136&amp;z=16&amp;vpsrc=6&amp;iwloc=0004ec7dd7c1e628df635\" target=\"_blank\">43.3458,-8.3501<\/a><\/strong><\/td>\n<\/tr>\n<\/tbody>\n<\/table>\n<table class=\" aligncenter\" width=\"620\" border=\"0\" cellspacing=\"0\" cellpadding=\"0\">\n<tbody>\n<tr>\n<td colspan=\"3\"><strong>Outros Datos:<\/strong><\/td>\n<\/tr>\n<tr>\n<td width=\"20\"><\/td>\n<td colspan=\"2\"><strong>Premios:<\/strong><\/td>\n<\/tr>\n<tr>\n<td width=\"20\"><\/td>\n<td width=\"20\"><\/td>\n<td width=\"580\">&#8211;<\/td>\n<\/tr>\n<tr>\n<td width=\"20\"><\/td>\n<td colspan=\"2\"><strong>Publicaci\u00f3ns:<\/strong><\/td>\n<\/tr>\n<tr>\n<td width=\"20\"><\/td>\n<td width=\"20\"><\/td>\n<td>&#8211;<\/td>\n<\/tr>\n<tr>\n<td width=\"20\"><\/td>\n<td colspan=\"2\"><strong>Informaci\u00f3n na rede:<\/strong><\/td>\n<\/tr>\n<tr>\n<td width=\"20\"><\/td>\n<td width=\"20\"><\/td>\n<td><strong><a href=\"http:\/\/miyarq.com\/proyecto5.html\" target=\"_blank\">miyarq.com<br \/>\n<\/a><br \/>\n<\/strong><strong style=\"line-height: 19px;\"><\/strong><\/td>\n<\/tr>\n<tr>\n<td width=\"20\"><\/td>\n<td colspan=\"2\"><strong>Descripci\u00f3n do proxecto:<\/strong><\/td>\n<\/tr>\n<tr>\n<td width=\"20\"><\/td>\n<td width=\"20\"><\/td>\n<td>Esta obra \u00e9 o claro reflexo do momento no que foi construida, abr\u00edndose cara as vistas \u00f3 mar e \u00f3 ceo, obviando e deixando de lado outras relaci\u00f3ns que puidera ter co entorno que a rodea. Prov\u00f3canos visualmente e moralmente, convert\u00edndose nun dos hitos muse\u00edsticos da nosa fracasada historia arquitect\u00f3nica recente. Luis Santalla | AG<\/p>\n<p>\u00ab<em>Esta vivienda unifamiliar privada se abre hacia el mar. Las vistas, la topograf\u00eda y la orientaci\u00f3n condicionaron el proceso de dise\u00f1o que, partiendo de una agenda bioclim\u00e1tica ambiciosa, tuvo \u00e9xito en la creaci\u00f3n de una vivienda singular.<\/em><\/p>\n<p><em>La planta en forma de ri\u00f1\u00f3n abre todas las habitaciones hacia las vistas al mar, mientras la cubierta despega gradualmente desde el suelo y se eleva sobre una entreplanta que domina el alzado en la parte central de la casa. En la parte posterior, un voladizo independiente protege el alzado Sur, actuando como un brise \u2013 soleil que permite que el sol bajo del invierno penetre en el interior de la vivienda. Un lucernario helicoidal discurre de forma ininterrumpida de lado a lado articulando la conexi\u00f3n entre las dos geometr\u00edas de la cubierta, proporcionando luz natural a todos los espacios sirvientes e induciendo la ventilaci\u00f3n cruzada.<\/em>\u00bb &#8211; miyarq<\/p>\n<p>A vivenda \u00e9 privada e non visitable.<\/p>\n<p>&nbsp;<\/td>\n<\/tr>\n<tr>\n<td width=\"20\"><\/td>\n<td colspan=\"2\"><b>Reportaxe fotogr\u00e1fica<\/b><\/td>\n<\/tr>\n<tr>\n<td width=\"20\"><\/td>\n<td colspan=\"2\">\u00a0&#8211;<\/td>\n<\/tr>\n<tr>\n<td width=\"20\"><\/td>\n<td colspan=\"2\"><strong>Planos:<\/strong><\/td>\n<\/tr>\n<tr>\n<td width=\"20\"><\/td>\n<td colspan=\"2\">\u00a0<img decoding=\"async\" class=\"alignnone size-full wp-image-10366\" alt=\"miyarq sky house sketch\" src=\"http:\/\/arquitecturadegalicia.eu\/blog\/wp-content\/uploads\/2013\/12\/miyarq-sky-house-sketch.jpg\" width=\"620\" height=\"282\" srcset=\"http:\/\/arquitecturadegalicia.eu\/blog\/wp-content\/uploads\/2013\/12\/miyarq-sky-house-sketch.jpg 620w, http:\/\/arquitecturadegalicia.eu\/blog\/wp-content\/uploads\/2013\/12\/miyarq-sky-house-sketch-300x136.jpg 300w\" sizes=\"(max-width: 620px) 100vw, 620px\" \/><\/td>\n<\/tr>\n<\/tbody>\n<\/table>\n","protected":false},"excerpt":{"rendered":"<p>Esta obra \u00e9 o claro reflexo do momento no que foi construida, abr\u00edndose cara as vistas \u00f3 mar e \u00f3 ceo, obviando e deixando de lado outras relaci\u00f3ns que puidera ter co entorno que a rodea. Prov\u00f3canos visualmente e moralmente, convert\u00edndose nun dos hitos muse\u00edsticos da nosa fracasada historia arquitect\u00f3nica recente. Luis Santalla | AG<\/p>\n","protected":false},"author":3,"featured_media":10363,"comment_status":"open","ping_status":"open","sticky":false,"template":"","format":"standard","meta":{"jetpack_post_was_ever_published":false,"_jetpack_newsletter_access":"","_jetpack_dont_email_post_to_subs":false,"_jetpack_newsletter_tier_id":0,"_jetpack_memberships_contains_paywalled_content":false,"_jetpack_memberships_contains_paid_content":false,"footnotes":"","jetpack_publicize_message":"","jetpack_publicize_feature_enabled":true,"jetpack_social_post_already_shared":true,"jetpack_social_options":{"image_generator_settings":{"template":"highway","enabled":false},"version":2}},"categories":[12],"tags":[55,701,108],"ano":[],"arquitectos":[],"tipoloxia":[],"class_list":["post-10361","post","type-post","status-publish","format-standard","has-post-thumbnail","hentry","category-oleiros","tag-55","tag-miyarq","tag-vivenda","content-print"],"jetpack_publicize_connections":[],"yoast_head":"<!-- This site is optimized with the Yoast SEO plugin v24.1 - https:\/\/yoast.com\/wordpress\/plugins\/seo\/ -->\n<title>Sky House | AG<\/title>\n<meta name=\"robots\" content=\"index, follow, max-snippet:-1, max-image-preview:large, max-video-preview:-1\" \/>\n<link rel=\"canonical\" href=\"http:\/\/arquitecturadegalicia.eu\/blog\/sky-house\/\" \/>\n<meta property=\"og:locale\" content=\"es_ES\" \/>\n<meta property=\"og:type\" content=\"article\" \/>\n<meta property=\"og:title\" content=\"Sky House | AG\" \/>\n<meta property=\"og:description\" content=\"Esta obra \u00e9 o claro reflexo do momento no que foi construida, abr\u00edndose cara as vistas \u00f3 mar e \u00f3 ceo, obviando e deixando de lado outras relaci\u00f3ns que puidera ter co entorno que a rodea. Prov\u00f3canos visualmente e moralmente, convert\u00edndose nun dos hitos muse\u00edsticos da nosa fracasada historia arquitect\u00f3nica recente. Luis Santalla | AG\" \/>\n<meta property=\"og:url\" content=\"http:\/\/arquitecturadegalicia.eu\/blog\/sky-house\/\" \/>\n<meta property=\"og:site_name\" content=\"AG\" \/>\n<meta property=\"article:publisher\" content=\"https:\/\/www.facebook.com\/ArquitecturadeGalicia\/\" \/>\n<meta property=\"article:published_time\" content=\"2013-12-03T19:00:30+00:00\" \/>\n<meta property=\"article:modified_time\" content=\"2013-12-01T19:35:57+00:00\" \/>\n<meta property=\"og:image\" content=\"http:\/\/arquitecturadegalicia.eu\/blog\/wp-content\/uploads\/2013\/12\/miyarq-sky-house.jpg\" \/>\n\t<meta property=\"og:image:width\" content=\"620\" \/>\n\t<meta property=\"og:image:height\" content=\"294\" \/>\n\t<meta property=\"og:image:type\" content=\"image\/jpeg\" \/>\n<meta name=\"author\" content=\"Luis Santalla\" \/>\n<meta name=\"twitter:card\" content=\"summary_large_image\" \/>\n<meta name=\"twitter:creator\" content=\"@arquigaliciaeu\" \/>\n<meta name=\"twitter:site\" content=\"@arquigaliciaeu\" \/>\n<meta name=\"twitter:label1\" content=\"Escrito por\" \/>\n\t<meta name=\"twitter:data1\" content=\"Luis Santalla\" \/>\n\t<meta name=\"twitter:label2\" content=\"Tiempo de lectura\" \/>\n\t<meta name=\"twitter:data2\" content=\"1 minuto\" \/>\n<script type=\"application\/ld+json\" class=\"yoast-schema-graph\">{\"@context\":\"https:\/\/schema.org\",\"@graph\":[{\"@type\":\"Article\",\"@id\":\"http:\/\/arquitecturadegalicia.eu\/blog\/sky-house\/#article\",\"isPartOf\":{\"@id\":\"http:\/\/arquitecturadegalicia.eu\/blog\/sky-house\/\"},\"author\":{\"name\":\"Luis Santalla\",\"@id\":\"https:\/\/arquitecturadegalicia.eu\/blog\/#\/schema\/person\/e23cc95ba9b18a7fc37259e3f8d02f0e\"},\"headline\":\"Sky House\",\"datePublished\":\"2013-12-03T19:00:30+00:00\",\"dateModified\":\"2013-12-01T19:35:57+00:00\",\"mainEntityOfPage\":{\"@id\":\"http:\/\/arquitecturadegalicia.eu\/blog\/sky-house\/\"},\"wordCount\":259,\"commentCount\":0,\"publisher\":{\"@id\":\"https:\/\/arquitecturadegalicia.eu\/blog\/#organization\"},\"image\":{\"@id\":\"http:\/\/arquitecturadegalicia.eu\/blog\/sky-house\/#primaryimage\"},\"thumbnailUrl\":\"http:\/\/arquitecturadegalicia.eu\/blog\/wp-content\/uploads\/2013\/12\/miyarq-sky-house.jpg\",\"keywords\":[\"2010\",\"miyarq\",\"Vivenda\"],\"articleSection\":[\"Oleiros\"],\"inLanguage\":\"es\",\"potentialAction\":[{\"@type\":\"CommentAction\",\"name\":\"Comment\",\"target\":[\"http:\/\/arquitecturadegalicia.eu\/blog\/sky-house\/#respond\"]}]},{\"@type\":\"WebPage\",\"@id\":\"http:\/\/arquitecturadegalicia.eu\/blog\/sky-house\/\",\"url\":\"http:\/\/arquitecturadegalicia.eu\/blog\/sky-house\/\",\"name\":\"Sky House | AG\",\"isPartOf\":{\"@id\":\"https:\/\/arquitecturadegalicia.eu\/blog\/#website\"},\"primaryImageOfPage\":{\"@id\":\"http:\/\/arquitecturadegalicia.eu\/blog\/sky-house\/#primaryimage\"},\"image\":{\"@id\":\"http:\/\/arquitecturadegalicia.eu\/blog\/sky-house\/#primaryimage\"},\"thumbnailUrl\":\"http:\/\/arquitecturadegalicia.eu\/blog\/wp-content\/uploads\/2013\/12\/miyarq-sky-house.jpg\",\"datePublished\":\"2013-12-03T19:00:30+00:00\",\"dateModified\":\"2013-12-01T19:35:57+00:00\",\"breadcrumb\":{\"@id\":\"http:\/\/arquitecturadegalicia.eu\/blog\/sky-house\/#breadcrumb\"},\"inLanguage\":\"es\",\"potentialAction\":[{\"@type\":\"ReadAction\",\"target\":[\"http:\/\/arquitecturadegalicia.eu\/blog\/sky-house\/\"]}]},{\"@type\":\"ImageObject\",\"inLanguage\":\"es\",\"@id\":\"http:\/\/arquitecturadegalicia.eu\/blog\/sky-house\/#primaryimage\",\"url\":\"http:\/\/arquitecturadegalicia.eu\/blog\/wp-content\/uploads\/2013\/12\/miyarq-sky-house.jpg\",\"contentUrl\":\"http:\/\/arquitecturadegalicia.eu\/blog\/wp-content\/uploads\/2013\/12\/miyarq-sky-house.jpg\",\"width\":620,\"height\":294,\"caption\":\"miyarq sky house\"},{\"@type\":\"BreadcrumbList\",\"@id\":\"http:\/\/arquitecturadegalicia.eu\/blog\/sky-house\/#breadcrumb\",\"itemListElement\":[{\"@type\":\"ListItem\",\"position\":1,\"name\":\"Portada\",\"item\":\"https:\/\/arquitecturadegalicia.eu\/blog\/\"},{\"@type\":\"ListItem\",\"position\":2,\"name\":\"Sky House\"}]},{\"@type\":\"WebSite\",\"@id\":\"https:\/\/arquitecturadegalicia.eu\/blog\/#website\",\"url\":\"https:\/\/arquitecturadegalicia.eu\/blog\/\",\"name\":\"AG\",\"description\":\"Arquitectura de Galicia\",\"publisher\":{\"@id\":\"https:\/\/arquitecturadegalicia.eu\/blog\/#organization\"},\"potentialAction\":[{\"@type\":\"SearchAction\",\"target\":{\"@type\":\"EntryPoint\",\"urlTemplate\":\"https:\/\/arquitecturadegalicia.eu\/blog\/?s={search_term_string}\"},\"query-input\":{\"@type\":\"PropertyValueSpecification\",\"valueRequired\":true,\"valueName\":\"search_term_string\"}}],\"inLanguage\":\"es\"},{\"@type\":\"Organization\",\"@id\":\"https:\/\/arquitecturadegalicia.eu\/blog\/#organization\",\"name\":\"Arquitectura de Galicia\",\"url\":\"https:\/\/arquitecturadegalicia.eu\/blog\/\",\"logo\":{\"@type\":\"ImageObject\",\"inLanguage\":\"es\",\"@id\":\"https:\/\/arquitecturadegalicia.eu\/blog\/#\/schema\/logo\/image\/\",\"url\":\"https:\/\/arquitecturadegalicia.eu\/blog\/wp-content\/uploads\/2017\/01\/arquitecturacurrents2.png\",\"contentUrl\":\"https:\/\/arquitecturadegalicia.eu\/blog\/wp-content\/uploads\/2017\/01\/arquitecturacurrents2.png\",\"width\":840,\"height\":640,\"caption\":\"Arquitectura de Galicia\"},\"image\":{\"@id\":\"https:\/\/arquitecturadegalicia.eu\/blog\/#\/schema\/logo\/image\/\"},\"sameAs\":[\"https:\/\/www.facebook.com\/ArquitecturadeGalicia\/\",\"https:\/\/x.com\/arquigaliciaeu\",\"https:\/\/www.instagram.com\/arquigaliciaeu\/\"]},{\"@type\":\"Person\",\"@id\":\"https:\/\/arquitecturadegalicia.eu\/blog\/#\/schema\/person\/e23cc95ba9b18a7fc37259e3f8d02f0e\",\"name\":\"Luis Santalla\",\"image\":{\"@type\":\"ImageObject\",\"inLanguage\":\"es\",\"@id\":\"https:\/\/arquitecturadegalicia.eu\/blog\/#\/schema\/person\/image\/\",\"url\":\"https:\/\/secure.gravatar.com\/avatar\/5b1ff9326d90bb609bad178f3a7079fe?s=96&d=mm&r=g\",\"contentUrl\":\"https:\/\/secure.gravatar.com\/avatar\/5b1ff9326d90bb609bad178f3a7079fe?s=96&d=mm&r=g\",\"caption\":\"Luis Santalla\"},\"description\":\"Cedeira | Encargado de coordinaci\u00f3n e mantemento web | Arquitecto . Universidade do Minho 2012. Socio do estudio FLU-OR e antigo colaborador do Estudio MMASA. Publica habitualmente en teoriadeconstruccion.net, en arquitecturadegalicia.eu y eventualmente en inteligenciascolectivas.org\",\"sameAs\":[\"https:\/\/9diseno.wordpress.com\/curriculum-vitae\/\"],\"url\":\"http:\/\/arquitecturadegalicia.eu\/blog\/author\/luissantalla\/\"}]}<\/script>\n<!-- \/ Yoast SEO plugin. -->","yoast_head_json":{"title":"Sky House | AG","robots":{"index":"index","follow":"follow","max-snippet":"max-snippet:-1","max-image-preview":"max-image-preview:large","max-video-preview":"max-video-preview:-1"},"canonical":"http:\/\/arquitecturadegalicia.eu\/blog\/sky-house\/","og_locale":"es_ES","og_type":"article","og_title":"Sky House | AG","og_description":"Esta obra \u00e9 o claro reflexo do momento no que foi construida, abr\u00edndose cara as vistas \u00f3 mar e \u00f3 ceo, obviando e deixando de lado outras relaci\u00f3ns que puidera ter co entorno que a rodea. Prov\u00f3canos visualmente e moralmente, convert\u00edndose nun dos hitos muse\u00edsticos da nosa fracasada historia arquitect\u00f3nica recente. Luis Santalla | AG","og_url":"http:\/\/arquitecturadegalicia.eu\/blog\/sky-house\/","og_site_name":"AG","article_publisher":"https:\/\/www.facebook.com\/ArquitecturadeGalicia\/","article_published_time":"2013-12-03T19:00:30+00:00","article_modified_time":"2013-12-01T19:35:57+00:00","og_image":[{"width":620,"height":294,"url":"http:\/\/arquitecturadegalicia.eu\/blog\/wp-content\/uploads\/2013\/12\/miyarq-sky-house.jpg","type":"image\/jpeg"}],"author":"Luis Santalla","twitter_card":"summary_large_image","twitter_creator":"@arquigaliciaeu","twitter_site":"@arquigaliciaeu","twitter_misc":{"Escrito por":"Luis Santalla","Tiempo de lectura":"1 minuto"},"schema":{"@context":"https:\/\/schema.org","@graph":[{"@type":"Article","@id":"http:\/\/arquitecturadegalicia.eu\/blog\/sky-house\/#article","isPartOf":{"@id":"http:\/\/arquitecturadegalicia.eu\/blog\/sky-house\/"},"author":{"name":"Luis Santalla","@id":"https:\/\/arquitecturadegalicia.eu\/blog\/#\/schema\/person\/e23cc95ba9b18a7fc37259e3f8d02f0e"},"headline":"Sky House","datePublished":"2013-12-03T19:00:30+00:00","dateModified":"2013-12-01T19:35:57+00:00","mainEntityOfPage":{"@id":"http:\/\/arquitecturadegalicia.eu\/blog\/sky-house\/"},"wordCount":259,"commentCount":0,"publisher":{"@id":"https:\/\/arquitecturadegalicia.eu\/blog\/#organization"},"image":{"@id":"http:\/\/arquitecturadegalicia.eu\/blog\/sky-house\/#primaryimage"},"thumbnailUrl":"http:\/\/arquitecturadegalicia.eu\/blog\/wp-content\/uploads\/2013\/12\/miyarq-sky-house.jpg","keywords":["2010","miyarq","Vivenda"],"articleSection":["Oleiros"],"inLanguage":"es","potentialAction":[{"@type":"CommentAction","name":"Comment","target":["http:\/\/arquitecturadegalicia.eu\/blog\/sky-house\/#respond"]}]},{"@type":"WebPage","@id":"http:\/\/arquitecturadegalicia.eu\/blog\/sky-house\/","url":"http:\/\/arquitecturadegalicia.eu\/blog\/sky-house\/","name":"Sky House | AG","isPartOf":{"@id":"https:\/\/arquitecturadegalicia.eu\/blog\/#website"},"primaryImageOfPage":{"@id":"http:\/\/arquitecturadegalicia.eu\/blog\/sky-house\/#primaryimage"},"image":{"@id":"http:\/\/arquitecturadegalicia.eu\/blog\/sky-house\/#primaryimage"},"thumbnailUrl":"http:\/\/arquitecturadegalicia.eu\/blog\/wp-content\/uploads\/2013\/12\/miyarq-sky-house.jpg","datePublished":"2013-12-03T19:00:30+00:00","dateModified":"2013-12-01T19:35:57+00:00","breadcrumb":{"@id":"http:\/\/arquitecturadegalicia.eu\/blog\/sky-house\/#breadcrumb"},"inLanguage":"es","potentialAction":[{"@type":"ReadAction","target":["http:\/\/arquitecturadegalicia.eu\/blog\/sky-house\/"]}]},{"@type":"ImageObject","inLanguage":"es","@id":"http:\/\/arquitecturadegalicia.eu\/blog\/sky-house\/#primaryimage","url":"http:\/\/arquitecturadegalicia.eu\/blog\/wp-content\/uploads\/2013\/12\/miyarq-sky-house.jpg","contentUrl":"http:\/\/arquitecturadegalicia.eu\/blog\/wp-content\/uploads\/2013\/12\/miyarq-sky-house.jpg","width":620,"height":294,"caption":"miyarq sky house"},{"@type":"BreadcrumbList","@id":"http:\/\/arquitecturadegalicia.eu\/blog\/sky-house\/#breadcrumb","itemListElement":[{"@type":"ListItem","position":1,"name":"Portada","item":"https:\/\/arquitecturadegalicia.eu\/blog\/"},{"@type":"ListItem","position":2,"name":"Sky House"}]},{"@type":"WebSite","@id":"https:\/\/arquitecturadegalicia.eu\/blog\/#website","url":"https:\/\/arquitecturadegalicia.eu\/blog\/","name":"AG","description":"Arquitectura de Galicia","publisher":{"@id":"https:\/\/arquitecturadegalicia.eu\/blog\/#organization"},"potentialAction":[{"@type":"SearchAction","target":{"@type":"EntryPoint","urlTemplate":"https:\/\/arquitecturadegalicia.eu\/blog\/?s={search_term_string}"},"query-input":{"@type":"PropertyValueSpecification","valueRequired":true,"valueName":"search_term_string"}}],"inLanguage":"es"},{"@type":"Organization","@id":"https:\/\/arquitecturadegalicia.eu\/blog\/#organization","name":"Arquitectura de Galicia","url":"https:\/\/arquitecturadegalicia.eu\/blog\/","logo":{"@type":"ImageObject","inLanguage":"es","@id":"https:\/\/arquitecturadegalicia.eu\/blog\/#\/schema\/logo\/image\/","url":"https:\/\/arquitecturadegalicia.eu\/blog\/wp-content\/uploads\/2017\/01\/arquitecturacurrents2.png","contentUrl":"https:\/\/arquitecturadegalicia.eu\/blog\/wp-content\/uploads\/2017\/01\/arquitecturacurrents2.png","width":840,"height":640,"caption":"Arquitectura de Galicia"},"image":{"@id":"https:\/\/arquitecturadegalicia.eu\/blog\/#\/schema\/logo\/image\/"},"sameAs":["https:\/\/www.facebook.com\/ArquitecturadeGalicia\/","https:\/\/x.com\/arquigaliciaeu","https:\/\/www.instagram.com\/arquigaliciaeu\/"]},{"@type":"Person","@id":"https:\/\/arquitecturadegalicia.eu\/blog\/#\/schema\/person\/e23cc95ba9b18a7fc37259e3f8d02f0e","name":"Luis Santalla","image":{"@type":"ImageObject","inLanguage":"es","@id":"https:\/\/arquitecturadegalicia.eu\/blog\/#\/schema\/person\/image\/","url":"https:\/\/secure.gravatar.com\/avatar\/5b1ff9326d90bb609bad178f3a7079fe?s=96&d=mm&r=g","contentUrl":"https:\/\/secure.gravatar.com\/avatar\/5b1ff9326d90bb609bad178f3a7079fe?s=96&d=mm&r=g","caption":"Luis Santalla"},"description":"Cedeira | Encargado de coordinaci\u00f3n e mantemento web | Arquitecto . Universidade do Minho 2012. Socio do estudio FLU-OR e antigo colaborador do Estudio MMASA. Publica habitualmente en teoriadeconstruccion.net, en arquitecturadegalicia.eu y eventualmente en inteligenciascolectivas.org","sameAs":["https:\/\/9diseno.wordpress.com\/curriculum-vitae\/"],"url":"http:\/\/arquitecturadegalicia.eu\/blog\/author\/luissantalla\/"}]}},"jetpack_featured_media_url":"http:\/\/arquitecturadegalicia.eu\/blog\/wp-content\/uploads\/2013\/12\/miyarq-sky-house.jpg","jetpack_shortlink":"https:\/\/wp.me\/p2NHs2-2H7","jetpack_sharing_enabled":true,"_links":{"self":[{"href":"http:\/\/arquitecturadegalicia.eu\/blog\/wp-json\/wp\/v2\/posts\/10361","targetHints":{"allow":["GET"]}}],"collection":[{"href":"http:\/\/arquitecturadegalicia.eu\/blog\/wp-json\/wp\/v2\/posts"}],"about":[{"href":"http:\/\/arquitecturadegalicia.eu\/blog\/wp-json\/wp\/v2\/types\/post"}],"author":[{"embeddable":true,"href":"http:\/\/arquitecturadegalicia.eu\/blog\/wp-json\/wp\/v2\/users\/3"}],"replies":[{"embeddable":true,"href":"http:\/\/arquitecturadegalicia.eu\/blog\/wp-json\/wp\/v2\/comments?post=10361"}],"version-history":[{"count":6,"href":"http:\/\/arquitecturadegalicia.eu\/blog\/wp-json\/wp\/v2\/posts\/10361\/revisions"}],"predecessor-version":[{"id":10371,"href":"http:\/\/arquitecturadegalicia.eu\/blog\/wp-json\/wp\/v2\/posts\/10361\/revisions\/10371"}],"wp:featuredmedia":[{"embeddable":true,"href":"http:\/\/arquitecturadegalicia.eu\/blog\/wp-json\/wp\/v2\/media\/10363"}],"wp:attachment":[{"href":"http:\/\/arquitecturadegalicia.eu\/blog\/wp-json\/wp\/v2\/media?parent=10361"}],"wp:term":[{"taxonomy":"category","embeddable":true,"href":"http:\/\/arquitecturadegalicia.eu\/blog\/wp-json\/wp\/v2\/categories?post=10361"},{"taxonomy":"post_tag","embeddable":true,"href":"http:\/\/arquitecturadegalicia.eu\/blog\/wp-json\/wp\/v2\/tags?post=10361"},{"taxonomy":"ano","embeddable":true,"href":"http:\/\/arquitecturadegalicia.eu\/blog\/wp-json\/wp\/v2\/ano?post=10361"},{"taxonomy":"arquitectos","embeddable":true,"href":"http:\/\/arquitecturadegalicia.eu\/blog\/wp-json\/wp\/v2\/arquitectos?post=10361"},{"taxonomy":"tipoloxia","embeddable":true,"href":"http:\/\/arquitecturadegalicia.eu\/blog\/wp-json\/wp\/v2\/tipoloxia?post=10361"}],"curies":[{"name":"wp","href":"https:\/\/api.w.org\/{rel}","templated":true}]}}