{"id":10448,"date":"2013-12-10T20:00:23","date_gmt":"2013-12-10T19:00:23","guid":{"rendered":"http:\/\/arquitecturadegalicia.eu\/blog\/?p=10448"},"modified":"2013-12-08T22:41:37","modified_gmt":"2013-12-08T21:41:37","slug":"vivienda-unifamiliar-y-cafeteria-en-velouzas","status":"publish","type":"post","link":"http:\/\/arquitecturadegalicia.eu\/blog\/vivienda-unifamiliar-y-cafeteria-en-velouzas\/","title":{"rendered":"Vivienda unifamiliar y cafeter\u00eda en Velouzas"},"content":{"rendered":"<p style=\"text-align: right;\"><span style=\"color: #c0c0c0;\"><img fetchpriority=\"high\" decoding=\"async\" class=\"aligncenter size-full wp-image-10453\" alt=\"AG | Velouzas\" src=\"http:\/\/arquitecturadegalicia.eu\/blog\/wp-content\/uploads\/2013\/12\/VELOUZAS_IMG_04.jpg\" width=\"620\" height=\"389\" srcset=\"http:\/\/arquitecturadegalicia.eu\/blog\/wp-content\/uploads\/2013\/12\/VELOUZAS_IMG_04.jpg 620w, http:\/\/arquitecturadegalicia.eu\/blog\/wp-content\/uploads\/2013\/12\/VELOUZAS_IMG_04-300x188.jpg 300w\" sizes=\"(max-width: 620px) 100vw, 620px\" \/>\u00a0Ardan<\/span><\/p>\n<table class=\"aligncenter\" width=\"620\" border=\"0\" cellspacing=\"0\" cellpadding=\"0\">\n<tbody>\n<tr>\n<td width=\"180\"><strong>Obra:<\/strong><\/td>\n<td>Vivienda unifamiliar y cafeter\u00eda en Velouzas<\/td>\n<\/tr>\n<tr>\n<td><strong>Arquitecto:<\/strong><\/td>\n<td>Sab\u00edn + Blanco<\/td>\n<\/tr>\n<tr>\n<td><strong>Provincia:<\/strong><\/td>\n<td>A Coru\u00f1a<\/td>\n<\/tr>\n<tr>\n<td><strong>Localidade:<\/strong><\/td>\n<td>Velouzas<\/td>\n<\/tr>\n<tr>\n<td><strong>Ano:<\/strong><\/td>\n<td>2000<\/td>\n<\/tr>\n<tr>\n<td><strong>Xeolocalizaci\u00f3n:<\/strong><\/td>\n<td><a href=\"https:\/\/maps.google.es\/maps\/ms?msid=205584753861089304839.0004b3590a9baff01c53d&amp;msa=0&amp;ll=43.307544,-8.164355&amp;spn=0.001193,0.002411\" target=\"_blank\"><strong>43.307,-8.164<\/strong><\/a><\/td>\n<\/tr>\n<\/tbody>\n<\/table>\n<table class=\" aligncenter\" width=\"620\" border=\"0\" cellspacing=\"0\" cellpadding=\"0\">\n<tbody>\n<tr>\n<td colspan=\"3\"><strong>Outros Datos:<\/strong><\/td>\n<\/tr>\n<tr>\n<td width=\"20\"><\/td>\n<td colspan=\"2\"><strong>Premios:<\/strong><\/td>\n<\/tr>\n<tr>\n<td width=\"20\"><\/td>\n<td width=\"20\"><\/td>\n<td width=\"580\"><\/td>\n<\/tr>\n<tr>\n<td width=\"20\"><\/td>\n<td colspan=\"2\"><strong>Publicaci\u00f3ns:<\/strong><\/td>\n<\/tr>\n<tr>\n<td width=\"20\"><\/td>\n<td width=\"20\"><\/td>\n<td><\/td>\n<\/tr>\n<tr>\n<td width=\"20\"><\/td>\n<td colspan=\"2\"><strong>Informaci\u00f3n na rede:<\/strong><\/td>\n<\/tr>\n<tr>\n<td width=\"20\"><\/td>\n<td width=\"20\"><\/td>\n<td><strong><\/strong><a href=\"http:\/\/www.ardan.es\/ctgcos\/d10_ficha.php?obra=65&amp;id_idioma=es\" target=\"_blank\"><strong>Cat\u00e1logo de Obras Singulares\u00a0Ardan<\/strong><\/a><\/td>\n<\/tr>\n<tr>\n<td width=\"20\"><\/td>\n<td colspan=\"2\"><strong>Descripci\u00f3n do proxecto: \u00a0<\/strong>Cat\u00e1logo de Obras Singulares Ardan<\/td>\n<\/tr>\n<tr>\n<td width=\"20\"><\/td>\n<td width=\"20\"><\/td>\n<td><em>\u00abLa inexistencia de referencias de\u00a0inter\u00e9s\u00a0en los alrededores, unido al hecho de la posible\u00a0construcci\u00f3n\u00a0en\u00a0dos\u00a0etapas diferentes (primero el bar y despu\u00e9s la vivienda), nos llev\u00f3 a optar por una\u00a0soluci\u00f3n\u00a0en dos\u00a0vol\u00famenes\u00a0desplazados en planta, que permite la separaci\u00f3n de\u00a0funciones:\u00a0dormir-habitar, por un lado, y bar, por el otro, evitando que los molestos ruidos que en este\u00a0\u00faltimo\u00a0puedan existir, afecten directamente a las funciones m\u00e1s\u00a0privadas. El elemento\u00a0de\u00a0uni\u00f3n\u00a0es\u00a0el trabajo, que servir\u00e1 a las actividades de los dos\u00a0vol\u00famenes.\u00a0Las cubiertas de ambos\u00a0elementos\u00a0se construyen a dos aguas con teja plana de\u00a0hormig\u00f3n. La cubierta del elemento de uni\u00f3n es plana y sobre ella\u00a0se disponen lucernarios.\u00a0La zona de bar se reviste de piedra, y la vivienda, la estructura convencional, los pilares y las vigas de hormig\u00f3n, y el forjado de bovedilla, se han enfoscado y pintado.\u00a0Los huecos\u00a0est\u00e1n\u00a0pensados para que las dos partes de este proyecto: la publica y la privada, no\u00a0interfieran entre s\u00ed\u00bb.<\/em><\/td>\n<\/tr>\n<tr>\n<td width=\"20\"><\/td>\n<td colspan=\"2\"><b>Reportaxe fotogr\u00e1fica:\u00a0<\/b>Cat\u00e1logo de Obras Singulares Ardan<\/td>\n<\/tr>\n<tr>\n<td width=\"20\"><\/td>\n<td colspan=\"2\">\u00a0<\/td>\n<\/tr>\n<tr>\n<td width=\"20\"><\/td>\n<td colspan=\"2\"><strong>Planos:\u00a0<\/strong>Cat\u00e1logo de Obras Singulares Ardan<\/td>\n<\/tr>\n<tr>\n<td width=\"20\"><\/td>\n<td colspan=\"2\">\u00a0[nggallery id=379]<\/td>\n<\/tr>\n<\/tbody>\n<\/table>\n","protected":false},"excerpt":{"rendered":"<p>La inexistencia de referencias de inter\u00e9s en los alrededores, unido al hecho de la posible construcci\u00f3n en dos etapas diferentes (primero el bar y despu\u00e9s la vivienda), nos llev\u00f3 a optar por una soluci\u00f3n en dos vol\u00famenes desplazados en planta, que permite la separaci\u00f3n de funciones: dormir-habitar, por un lado, y bar, por el otro, evitando que los molestos ruidos que en este \u00faltimo puedan existir, afecten directamente a las funciones m\u00e1s privadas.<\/p>\n","protected":false},"author":10,"featured_media":10453,"comment_status":"open","ping_status":"open","sticky":false,"template":"","format":"standard","meta":{"jetpack_post_was_ever_published":false,"_jetpack_newsletter_access":"","_jetpack_dont_email_post_to_subs":false,"_jetpack_newsletter_tier_id":0,"_jetpack_memberships_contains_paywalled_content":false,"_jetpack_memberships_contains_paid_content":false,"footnotes":"","jetpack_publicize_message":"","jetpack_publicize_feature_enabled":true,"jetpack_social_post_already_shared":true,"jetpack_social_options":{"image_generator_settings":{"template":"highway","enabled":false},"version":2}},"categories":[472],"tags":[46,289,367,102,105],"ano":[],"arquitectos":[],"tipoloxia":[],"class_list":["post-10448","post","type-post","status-publish","format-standard","has-post-thumbnail","hentry","category-paderne","tag-46","tag-comercial","tag-residencia","tag-sabinblanco","tag-unifamiliar","content-print"],"jetpack_publicize_connections":[],"yoast_head":"<!-- This site is optimized with the Yoast SEO plugin v24.1 - https:\/\/yoast.com\/wordpress\/plugins\/seo\/ -->\n<title>Vivienda unifamiliar y cafeter\u00eda en Velouzas | AG<\/title>\n<meta name=\"robots\" content=\"index, follow, max-snippet:-1, max-image-preview:large, max-video-preview:-1\" \/>\n<link rel=\"canonical\" href=\"http:\/\/arquitecturadegalicia.eu\/blog\/vivienda-unifamiliar-y-cafeteria-en-velouzas\/\" \/>\n<meta property=\"og:locale\" content=\"es_ES\" \/>\n<meta property=\"og:type\" content=\"article\" \/>\n<meta property=\"og:title\" content=\"Vivienda unifamiliar y cafeter\u00eda en Velouzas | AG\" \/>\n<meta property=\"og:description\" content=\"La inexistencia de referencias de inter\u00e9s en los alrededores, unido al hecho de la posible construcci\u00f3n en dos etapas diferentes (primero el bar y despu\u00e9s la vivienda), nos llev\u00f3 a optar por una soluci\u00f3n en dos vol\u00famenes desplazados en planta, que permite la separaci\u00f3n de funciones: dormir-habitar, por un lado, y bar, por el otro, evitando que los molestos ruidos que en este \u00faltimo puedan existir, afecten directamente a las funciones m\u00e1s privadas.\" \/>\n<meta property=\"og:url\" content=\"http:\/\/arquitecturadegalicia.eu\/blog\/vivienda-unifamiliar-y-cafeteria-en-velouzas\/\" \/>\n<meta property=\"og:site_name\" content=\"AG\" \/>\n<meta property=\"article:publisher\" content=\"https:\/\/www.facebook.com\/ArquitecturadeGalicia\/\" \/>\n<meta property=\"article:published_time\" content=\"2013-12-10T19:00:23+00:00\" \/>\n<meta property=\"article:modified_time\" content=\"2013-12-08T21:41:37+00:00\" \/>\n<meta property=\"og:image\" content=\"http:\/\/arquitecturadegalicia.eu\/blog\/wp-content\/uploads\/2013\/12\/VELOUZAS_IMG_04.jpg\" \/>\n\t<meta property=\"og:image:width\" content=\"620\" \/>\n\t<meta property=\"og:image:height\" content=\"389\" \/>\n\t<meta property=\"og:image:type\" content=\"image\/jpeg\" \/>\n<meta name=\"author\" content=\"Esteban Vigo\" \/>\n<meta name=\"twitter:card\" content=\"summary_large_image\" \/>\n<meta name=\"twitter:creator\" content=\"@arquigaliciaeu\" \/>\n<meta name=\"twitter:site\" content=\"@arquigaliciaeu\" \/>\n<meta name=\"twitter:label1\" content=\"Escrito por\" \/>\n\t<meta name=\"twitter:data1\" content=\"Esteban Vigo\" \/>\n\t<meta name=\"twitter:label2\" content=\"Tiempo de lectura\" \/>\n\t<meta name=\"twitter:data2\" content=\"1 minuto\" \/>\n<script type=\"application\/ld+json\" class=\"yoast-schema-graph\">{\"@context\":\"https:\/\/schema.org\",\"@graph\":[{\"@type\":\"Article\",\"@id\":\"http:\/\/arquitecturadegalicia.eu\/blog\/vivienda-unifamiliar-y-cafeteria-en-velouzas\/#article\",\"isPartOf\":{\"@id\":\"http:\/\/arquitecturadegalicia.eu\/blog\/vivienda-unifamiliar-y-cafeteria-en-velouzas\/\"},\"author\":{\"name\":\"Esteban Vigo\",\"@id\":\"https:\/\/arquitecturadegalicia.eu\/blog\/#\/schema\/person\/e1402c805a08826192e3b9086c423f75\"},\"headline\":\"Vivienda unifamiliar y cafeter\u00eda en Velouzas\",\"datePublished\":\"2013-12-10T19:00:23+00:00\",\"dateModified\":\"2013-12-08T21:41:37+00:00\",\"mainEntityOfPage\":{\"@id\":\"http:\/\/arquitecturadegalicia.eu\/blog\/vivienda-unifamiliar-y-cafeteria-en-velouzas\/\"},\"wordCount\":258,\"commentCount\":0,\"publisher\":{\"@id\":\"https:\/\/arquitecturadegalicia.eu\/blog\/#organization\"},\"image\":{\"@id\":\"http:\/\/arquitecturadegalicia.eu\/blog\/vivienda-unifamiliar-y-cafeteria-en-velouzas\/#primaryimage\"},\"thumbnailUrl\":\"http:\/\/arquitecturadegalicia.eu\/blog\/wp-content\/uploads\/2013\/12\/VELOUZAS_IMG_04.jpg\",\"keywords\":[\"2000\",\"comercial\",\"residencia\",\"Sabin+Blanco\",\"unifamiliar\"],\"articleSection\":[\"Paderne\"],\"inLanguage\":\"es\",\"potentialAction\":[{\"@type\":\"CommentAction\",\"name\":\"Comment\",\"target\":[\"http:\/\/arquitecturadegalicia.eu\/blog\/vivienda-unifamiliar-y-cafeteria-en-velouzas\/#respond\"]}]},{\"@type\":\"WebPage\",\"@id\":\"http:\/\/arquitecturadegalicia.eu\/blog\/vivienda-unifamiliar-y-cafeteria-en-velouzas\/\",\"url\":\"http:\/\/arquitecturadegalicia.eu\/blog\/vivienda-unifamiliar-y-cafeteria-en-velouzas\/\",\"name\":\"Vivienda unifamiliar y cafeter\u00eda en Velouzas | AG\",\"isPartOf\":{\"@id\":\"https:\/\/arquitecturadegalicia.eu\/blog\/#website\"},\"primaryImageOfPage\":{\"@id\":\"http:\/\/arquitecturadegalicia.eu\/blog\/vivienda-unifamiliar-y-cafeteria-en-velouzas\/#primaryimage\"},\"image\":{\"@id\":\"http:\/\/arquitecturadegalicia.eu\/blog\/vivienda-unifamiliar-y-cafeteria-en-velouzas\/#primaryimage\"},\"thumbnailUrl\":\"http:\/\/arquitecturadegalicia.eu\/blog\/wp-content\/uploads\/2013\/12\/VELOUZAS_IMG_04.jpg\",\"datePublished\":\"2013-12-10T19:00:23+00:00\",\"dateModified\":\"2013-12-08T21:41:37+00:00\",\"breadcrumb\":{\"@id\":\"http:\/\/arquitecturadegalicia.eu\/blog\/vivienda-unifamiliar-y-cafeteria-en-velouzas\/#breadcrumb\"},\"inLanguage\":\"es\",\"potentialAction\":[{\"@type\":\"ReadAction\",\"target\":[\"http:\/\/arquitecturadegalicia.eu\/blog\/vivienda-unifamiliar-y-cafeteria-en-velouzas\/\"]}]},{\"@type\":\"ImageObject\",\"inLanguage\":\"es\",\"@id\":\"http:\/\/arquitecturadegalicia.eu\/blog\/vivienda-unifamiliar-y-cafeteria-en-velouzas\/#primaryimage\",\"url\":\"http:\/\/arquitecturadegalicia.eu\/blog\/wp-content\/uploads\/2013\/12\/VELOUZAS_IMG_04.jpg\",\"contentUrl\":\"http:\/\/arquitecturadegalicia.eu\/blog\/wp-content\/uploads\/2013\/12\/VELOUZAS_IMG_04.jpg\",\"width\":620,\"height\":389,\"caption\":\"AG | Velouzas\"},{\"@type\":\"BreadcrumbList\",\"@id\":\"http:\/\/arquitecturadegalicia.eu\/blog\/vivienda-unifamiliar-y-cafeteria-en-velouzas\/#breadcrumb\",\"itemListElement\":[{\"@type\":\"ListItem\",\"position\":1,\"name\":\"Portada\",\"item\":\"https:\/\/arquitecturadegalicia.eu\/blog\/\"},{\"@type\":\"ListItem\",\"position\":2,\"name\":\"Vivienda unifamiliar y cafeter\u00eda en Velouzas\"}]},{\"@type\":\"WebSite\",\"@id\":\"https:\/\/arquitecturadegalicia.eu\/blog\/#website\",\"url\":\"https:\/\/arquitecturadegalicia.eu\/blog\/\",\"name\":\"AG\",\"description\":\"Arquitectura de Galicia\",\"publisher\":{\"@id\":\"https:\/\/arquitecturadegalicia.eu\/blog\/#organization\"},\"potentialAction\":[{\"@type\":\"SearchAction\",\"target\":{\"@type\":\"EntryPoint\",\"urlTemplate\":\"https:\/\/arquitecturadegalicia.eu\/blog\/?s={search_term_string}\"},\"query-input\":{\"@type\":\"PropertyValueSpecification\",\"valueRequired\":true,\"valueName\":\"search_term_string\"}}],\"inLanguage\":\"es\"},{\"@type\":\"Organization\",\"@id\":\"https:\/\/arquitecturadegalicia.eu\/blog\/#organization\",\"name\":\"Arquitectura de Galicia\",\"url\":\"https:\/\/arquitecturadegalicia.eu\/blog\/\",\"logo\":{\"@type\":\"ImageObject\",\"inLanguage\":\"es\",\"@id\":\"https:\/\/arquitecturadegalicia.eu\/blog\/#\/schema\/logo\/image\/\",\"url\":\"https:\/\/arquitecturadegalicia.eu\/blog\/wp-content\/uploads\/2017\/01\/arquitecturacurrents2.png\",\"contentUrl\":\"https:\/\/arquitecturadegalicia.eu\/blog\/wp-content\/uploads\/2017\/01\/arquitecturacurrents2.png\",\"width\":840,\"height\":640,\"caption\":\"Arquitectura de Galicia\"},\"image\":{\"@id\":\"https:\/\/arquitecturadegalicia.eu\/blog\/#\/schema\/logo\/image\/\"},\"sameAs\":[\"https:\/\/www.facebook.com\/ArquitecturadeGalicia\/\",\"https:\/\/x.com\/arquigaliciaeu\",\"https:\/\/www.instagram.com\/arquigaliciaeu\/\"]},{\"@type\":\"Person\",\"@id\":\"https:\/\/arquitecturadegalicia.eu\/blog\/#\/schema\/person\/e1402c805a08826192e3b9086c423f75\",\"name\":\"Esteban Vigo\",\"image\":{\"@type\":\"ImageObject\",\"inLanguage\":\"es\",\"@id\":\"https:\/\/arquitecturadegalicia.eu\/blog\/#\/schema\/person\/image\/\",\"url\":\"https:\/\/secure.gravatar.com\/avatar\/5cee255b8510cde1f21ad6b1241b1680?s=96&d=mm&r=g\",\"contentUrl\":\"https:\/\/secure.gravatar.com\/avatar\/5cee255b8510cde1f21ad6b1241b1680?s=96&d=mm&r=g\",\"caption\":\"Esteban Vigo\"},\"description\":\"Pontevedra | Edici\u00f3n de artigos | Estudiante de Arquitectura na ETSA de A Coru\u00f1a e colaborador na revista Dot: Magazine (http:\/\/www.dotgalicia.com\/)\",\"url\":\"http:\/\/arquitecturadegalicia.eu\/blog\/author\/teblink\/\"}]}<\/script>\n<!-- \/ Yoast SEO plugin. -->","yoast_head_json":{"title":"Vivienda unifamiliar y cafeter\u00eda en Velouzas | AG","robots":{"index":"index","follow":"follow","max-snippet":"max-snippet:-1","max-image-preview":"max-image-preview:large","max-video-preview":"max-video-preview:-1"},"canonical":"http:\/\/arquitecturadegalicia.eu\/blog\/vivienda-unifamiliar-y-cafeteria-en-velouzas\/","og_locale":"es_ES","og_type":"article","og_title":"Vivienda unifamiliar y cafeter\u00eda en Velouzas | AG","og_description":"La inexistencia de referencias de inter\u00e9s en los alrededores, unido al hecho de la posible construcci\u00f3n en dos etapas diferentes (primero el bar y despu\u00e9s la vivienda), nos llev\u00f3 a optar por una soluci\u00f3n en dos vol\u00famenes desplazados en planta, que permite la separaci\u00f3n de funciones: dormir-habitar, por un lado, y bar, por el otro, evitando que los molestos ruidos que en este \u00faltimo puedan existir, afecten directamente a las funciones m\u00e1s privadas.","og_url":"http:\/\/arquitecturadegalicia.eu\/blog\/vivienda-unifamiliar-y-cafeteria-en-velouzas\/","og_site_name":"AG","article_publisher":"https:\/\/www.facebook.com\/ArquitecturadeGalicia\/","article_published_time":"2013-12-10T19:00:23+00:00","article_modified_time":"2013-12-08T21:41:37+00:00","og_image":[{"width":620,"height":389,"url":"http:\/\/arquitecturadegalicia.eu\/blog\/wp-content\/uploads\/2013\/12\/VELOUZAS_IMG_04.jpg","type":"image\/jpeg"}],"author":"Esteban Vigo","twitter_card":"summary_large_image","twitter_creator":"@arquigaliciaeu","twitter_site":"@arquigaliciaeu","twitter_misc":{"Escrito por":"Esteban Vigo","Tiempo de lectura":"1 minuto"},"schema":{"@context":"https:\/\/schema.org","@graph":[{"@type":"Article","@id":"http:\/\/arquitecturadegalicia.eu\/blog\/vivienda-unifamiliar-y-cafeteria-en-velouzas\/#article","isPartOf":{"@id":"http:\/\/arquitecturadegalicia.eu\/blog\/vivienda-unifamiliar-y-cafeteria-en-velouzas\/"},"author":{"name":"Esteban Vigo","@id":"https:\/\/arquitecturadegalicia.eu\/blog\/#\/schema\/person\/e1402c805a08826192e3b9086c423f75"},"headline":"Vivienda unifamiliar y cafeter\u00eda en Velouzas","datePublished":"2013-12-10T19:00:23+00:00","dateModified":"2013-12-08T21:41:37+00:00","mainEntityOfPage":{"@id":"http:\/\/arquitecturadegalicia.eu\/blog\/vivienda-unifamiliar-y-cafeteria-en-velouzas\/"},"wordCount":258,"commentCount":0,"publisher":{"@id":"https:\/\/arquitecturadegalicia.eu\/blog\/#organization"},"image":{"@id":"http:\/\/arquitecturadegalicia.eu\/blog\/vivienda-unifamiliar-y-cafeteria-en-velouzas\/#primaryimage"},"thumbnailUrl":"http:\/\/arquitecturadegalicia.eu\/blog\/wp-content\/uploads\/2013\/12\/VELOUZAS_IMG_04.jpg","keywords":["2000","comercial","residencia","Sabin+Blanco","unifamiliar"],"articleSection":["Paderne"],"inLanguage":"es","potentialAction":[{"@type":"CommentAction","name":"Comment","target":["http:\/\/arquitecturadegalicia.eu\/blog\/vivienda-unifamiliar-y-cafeteria-en-velouzas\/#respond"]}]},{"@type":"WebPage","@id":"http:\/\/arquitecturadegalicia.eu\/blog\/vivienda-unifamiliar-y-cafeteria-en-velouzas\/","url":"http:\/\/arquitecturadegalicia.eu\/blog\/vivienda-unifamiliar-y-cafeteria-en-velouzas\/","name":"Vivienda unifamiliar y cafeter\u00eda en Velouzas | AG","isPartOf":{"@id":"https:\/\/arquitecturadegalicia.eu\/blog\/#website"},"primaryImageOfPage":{"@id":"http:\/\/arquitecturadegalicia.eu\/blog\/vivienda-unifamiliar-y-cafeteria-en-velouzas\/#primaryimage"},"image":{"@id":"http:\/\/arquitecturadegalicia.eu\/blog\/vivienda-unifamiliar-y-cafeteria-en-velouzas\/#primaryimage"},"thumbnailUrl":"http:\/\/arquitecturadegalicia.eu\/blog\/wp-content\/uploads\/2013\/12\/VELOUZAS_IMG_04.jpg","datePublished":"2013-12-10T19:00:23+00:00","dateModified":"2013-12-08T21:41:37+00:00","breadcrumb":{"@id":"http:\/\/arquitecturadegalicia.eu\/blog\/vivienda-unifamiliar-y-cafeteria-en-velouzas\/#breadcrumb"},"inLanguage":"es","potentialAction":[{"@type":"ReadAction","target":["http:\/\/arquitecturadegalicia.eu\/blog\/vivienda-unifamiliar-y-cafeteria-en-velouzas\/"]}]},{"@type":"ImageObject","inLanguage":"es","@id":"http:\/\/arquitecturadegalicia.eu\/blog\/vivienda-unifamiliar-y-cafeteria-en-velouzas\/#primaryimage","url":"http:\/\/arquitecturadegalicia.eu\/blog\/wp-content\/uploads\/2013\/12\/VELOUZAS_IMG_04.jpg","contentUrl":"http:\/\/arquitecturadegalicia.eu\/blog\/wp-content\/uploads\/2013\/12\/VELOUZAS_IMG_04.jpg","width":620,"height":389,"caption":"AG | Velouzas"},{"@type":"BreadcrumbList","@id":"http:\/\/arquitecturadegalicia.eu\/blog\/vivienda-unifamiliar-y-cafeteria-en-velouzas\/#breadcrumb","itemListElement":[{"@type":"ListItem","position":1,"name":"Portada","item":"https:\/\/arquitecturadegalicia.eu\/blog\/"},{"@type":"ListItem","position":2,"name":"Vivienda unifamiliar y cafeter\u00eda en Velouzas"}]},{"@type":"WebSite","@id":"https:\/\/arquitecturadegalicia.eu\/blog\/#website","url":"https:\/\/arquitecturadegalicia.eu\/blog\/","name":"AG","description":"Arquitectura de Galicia","publisher":{"@id":"https:\/\/arquitecturadegalicia.eu\/blog\/#organization"},"potentialAction":[{"@type":"SearchAction","target":{"@type":"EntryPoint","urlTemplate":"https:\/\/arquitecturadegalicia.eu\/blog\/?s={search_term_string}"},"query-input":{"@type":"PropertyValueSpecification","valueRequired":true,"valueName":"search_term_string"}}],"inLanguage":"es"},{"@type":"Organization","@id":"https:\/\/arquitecturadegalicia.eu\/blog\/#organization","name":"Arquitectura de Galicia","url":"https:\/\/arquitecturadegalicia.eu\/blog\/","logo":{"@type":"ImageObject","inLanguage":"es","@id":"https:\/\/arquitecturadegalicia.eu\/blog\/#\/schema\/logo\/image\/","url":"https:\/\/arquitecturadegalicia.eu\/blog\/wp-content\/uploads\/2017\/01\/arquitecturacurrents2.png","contentUrl":"https:\/\/arquitecturadegalicia.eu\/blog\/wp-content\/uploads\/2017\/01\/arquitecturacurrents2.png","width":840,"height":640,"caption":"Arquitectura de Galicia"},"image":{"@id":"https:\/\/arquitecturadegalicia.eu\/blog\/#\/schema\/logo\/image\/"},"sameAs":["https:\/\/www.facebook.com\/ArquitecturadeGalicia\/","https:\/\/x.com\/arquigaliciaeu","https:\/\/www.instagram.com\/arquigaliciaeu\/"]},{"@type":"Person","@id":"https:\/\/arquitecturadegalicia.eu\/blog\/#\/schema\/person\/e1402c805a08826192e3b9086c423f75","name":"Esteban Vigo","image":{"@type":"ImageObject","inLanguage":"es","@id":"https:\/\/arquitecturadegalicia.eu\/blog\/#\/schema\/person\/image\/","url":"https:\/\/secure.gravatar.com\/avatar\/5cee255b8510cde1f21ad6b1241b1680?s=96&d=mm&r=g","contentUrl":"https:\/\/secure.gravatar.com\/avatar\/5cee255b8510cde1f21ad6b1241b1680?s=96&d=mm&r=g","caption":"Esteban Vigo"},"description":"Pontevedra | Edici\u00f3n de artigos | Estudiante de Arquitectura na ETSA de A Coru\u00f1a e colaborador na revista Dot: Magazine (http:\/\/www.dotgalicia.com\/)","url":"http:\/\/arquitecturadegalicia.eu\/blog\/author\/teblink\/"}]}},"jetpack_featured_media_url":"http:\/\/arquitecturadegalicia.eu\/blog\/wp-content\/uploads\/2013\/12\/VELOUZAS_IMG_04.jpg","jetpack_shortlink":"https:\/\/wp.me\/p2NHs2-2Iw","jetpack_sharing_enabled":true,"_links":{"self":[{"href":"http:\/\/arquitecturadegalicia.eu\/blog\/wp-json\/wp\/v2\/posts\/10448","targetHints":{"allow":["GET"]}}],"collection":[{"href":"http:\/\/arquitecturadegalicia.eu\/blog\/wp-json\/wp\/v2\/posts"}],"about":[{"href":"http:\/\/arquitecturadegalicia.eu\/blog\/wp-json\/wp\/v2\/types\/post"}],"author":[{"embeddable":true,"href":"http:\/\/arquitecturadegalicia.eu\/blog\/wp-json\/wp\/v2\/users\/10"}],"replies":[{"embeddable":true,"href":"http:\/\/arquitecturadegalicia.eu\/blog\/wp-json\/wp\/v2\/comments?post=10448"}],"version-history":[{"count":11,"href":"http:\/\/arquitecturadegalicia.eu\/blog\/wp-json\/wp\/v2\/posts\/10448\/revisions"}],"predecessor-version":[{"id":10460,"href":"http:\/\/arquitecturadegalicia.eu\/blog\/wp-json\/wp\/v2\/posts\/10448\/revisions\/10460"}],"wp:featuredmedia":[{"embeddable":true,"href":"http:\/\/arquitecturadegalicia.eu\/blog\/wp-json\/wp\/v2\/media\/10453"}],"wp:attachment":[{"href":"http:\/\/arquitecturadegalicia.eu\/blog\/wp-json\/wp\/v2\/media?parent=10448"}],"wp:term":[{"taxonomy":"category","embeddable":true,"href":"http:\/\/arquitecturadegalicia.eu\/blog\/wp-json\/wp\/v2\/categories?post=10448"},{"taxonomy":"post_tag","embeddable":true,"href":"http:\/\/arquitecturadegalicia.eu\/blog\/wp-json\/wp\/v2\/tags?post=10448"},{"taxonomy":"ano","embeddable":true,"href":"http:\/\/arquitecturadegalicia.eu\/blog\/wp-json\/wp\/v2\/ano?post=10448"},{"taxonomy":"arquitectos","embeddable":true,"href":"http:\/\/arquitecturadegalicia.eu\/blog\/wp-json\/wp\/v2\/arquitectos?post=10448"},{"taxonomy":"tipoloxia","embeddable":true,"href":"http:\/\/arquitecturadegalicia.eu\/blog\/wp-json\/wp\/v2\/tipoloxia?post=10448"}],"curies":[{"name":"wp","href":"https:\/\/api.w.org\/{rel}","templated":true}]}}