{"id":10463,"date":"2013-12-11T20:00:01","date_gmt":"2013-12-11T19:00:01","guid":{"rendered":"http:\/\/arquitecturadegalicia.eu\/blog\/?p=10463"},"modified":"2013-12-08T22:41:12","modified_gmt":"2013-12-08T21:41:12","slug":"edificio-de-15-viviendas-en-la-u-a-pino","status":"publish","type":"post","link":"http:\/\/arquitecturadegalicia.eu\/blog\/edificio-de-15-viviendas-en-la-u-a-pino\/","title":{"rendered":"Edificio de 15 viviendas en la U.A. Pino"},"content":{"rendered":"<p style=\"text-align: right;\"><span style=\"color: #c0c0c0;\"><img fetchpriority=\"high\" decoding=\"async\" class=\"aligncenter size-full wp-image-10465\" alt=\"AG | U.E. Pino\" src=\"http:\/\/arquitecturadegalicia.eu\/blog\/wp-content\/uploads\/2013\/12\/Pino-19.jpg\" width=\"620\" height=\"808\" srcset=\"http:\/\/arquitecturadegalicia.eu\/blog\/wp-content\/uploads\/2013\/12\/Pino-19.jpg 620w, http:\/\/arquitecturadegalicia.eu\/blog\/wp-content\/uploads\/2013\/12\/Pino-19-230x300.jpg 230w\" sizes=\"(max-width: 620px) 100vw, 620px\" \/>\u00a0Ardan<\/span><\/p>\n<table class=\"aligncenter\" width=\"620\" border=\"0\" cellspacing=\"0\" cellpadding=\"0\">\n<tbody>\n<tr>\n<td width=\"180\"><strong>Obra:<\/strong><\/td>\n<td>Edificio de 15 viviendas en la U.A. Pino<\/td>\n<\/tr>\n<tr>\n<td><strong>Arquitecto:<\/strong><\/td>\n<td>Luis Meijide Rico, C\u00e9sar Jim\u00e9nez L\u00f3pez, Jes\u00fas Cordeiro Rodr\u00edguez e Antonio D\u00e1vila Alonso.<\/td>\n<\/tr>\n<tr>\n<td><strong>Provincia:<\/strong><\/td>\n<td>Pontevedra<\/td>\n<\/tr>\n<tr>\n<td><strong>Localidade:<\/strong><\/td>\n<td>Vigo<\/td>\n<\/tr>\n<tr>\n<td><strong>Ano:<\/strong><\/td>\n<td>2000<\/td>\n<\/tr>\n<tr>\n<td><strong>Xeolocalizaci\u00f3n:<\/strong><\/td>\n<td><a href=\"https:\/\/maps.google.es\/maps\/ms?msid=205584753861089304839.0004b3590a9baff01c53d&amp;msa=0&amp;ll=42.235614,-8.707798&amp;spn=0.000603,0.001206\" target=\"_blank\"><strong>42.235,-8.707<\/strong><\/a><\/td>\n<\/tr>\n<\/tbody>\n<\/table>\n<table class=\" aligncenter\" width=\"620\" border=\"0\" cellspacing=\"0\" cellpadding=\"0\">\n<tbody>\n<tr>\n<td colspan=\"3\"><strong>Outros Datos:<\/strong><\/td>\n<\/tr>\n<tr>\n<td width=\"20\"><\/td>\n<td colspan=\"2\"><strong>Premios:<\/strong><\/td>\n<\/tr>\n<tr>\n<td width=\"20\"><\/td>\n<td width=\"20\"><\/td>\n<td width=\"580\"><\/td>\n<\/tr>\n<tr>\n<td width=\"20\"><\/td>\n<td colspan=\"2\"><strong>Publicaci\u00f3ns:<\/strong><\/td>\n<\/tr>\n<tr>\n<td width=\"20\"><\/td>\n<td width=\"20\"><\/td>\n<td><\/td>\n<\/tr>\n<tr>\n<td width=\"20\"><\/td>\n<td colspan=\"2\"><strong>Informaci\u00f3n na rede:<\/strong><\/td>\n<\/tr>\n<tr>\n<td width=\"20\"><\/td>\n<td width=\"20\"><\/td>\n<td><strong><\/strong><a href=\"http:\/\/www.ardan.es\/ctgcos\/d10_ficha.php?obra=45&amp;id_idioma=es\" target=\"_blank\"><strong>Cat\u00e1logo de Obras Singulares\u00a0Ardan<\/strong><\/a><\/td>\n<\/tr>\n<tr>\n<td width=\"20\"><\/td>\n<td colspan=\"2\"><strong>Descripci\u00f3n do proxecto: \u00a0<\/strong>Cat\u00e1logo de Obras Singulares Ardan<\/td>\n<\/tr>\n<tr>\n<td width=\"20\"><\/td>\n<td width=\"20\"><\/td>\n<td><em>\u00abEdificio de viviendas en bloque abierto y con programa de 2 viviendas por planta de diferente programa (2 y 3 dormitorios), lo que provoca su asimetr\u00eda. Ambas viviendas se han planteado con los locales h\u00famedos (ba\u00f1os y cocinas) rodeando el n\u00facleo de comunicaci\u00f3n principal para proteger las estancias. Una vivienda en triples remata la parte superior del edificio y se aprovecha de las sucesivas terrazas\u00bb.<\/em><\/td>\n<\/tr>\n<tr>\n<td width=\"20\"><\/td>\n<td colspan=\"2\"><b>Reportaxe fotogr\u00e1fica:\u00a0<\/b>Cat\u00e1logo de Obras Singulares Ardan<\/td>\n<\/tr>\n<tr>\n<td width=\"20\"><\/td>\n<td colspan=\"2\">\u00a0<\/td>\n<\/tr>\n<tr>\n<td width=\"20\"><\/td>\n<td colspan=\"2\"><strong>Planos:\u00a0<\/strong>Cat\u00e1logo de Obras Singulares Ardan<\/td>\n<\/tr>\n<tr>\n<td width=\"20\"><\/td>\n<td colspan=\"2\">\u00a0[nggallery id=380]<\/td>\n<\/tr>\n<\/tbody>\n<\/table>\n","protected":false},"excerpt":{"rendered":"<p>Edificio de viviendas en bloque abierto y con programa de 2 viviendas por planta de diferente programa (2 y 3 dormitorios), lo que provoca su asimetr\u00eda. Ambas viviendas se han planteado con los locales h\u00famedos (ba\u00f1os y cocinas) rodeando el n\u00facleo de comunicaci\u00f3n principal para proteger las estancias. Una vivienda en triples remata la parte superior del edificio y se aprovecha de las sucesivas terrazas.<\/p>\n","protected":false},"author":10,"featured_media":10465,"comment_status":"open","ping_status":"open","sticky":false,"template":"","format":"standard","meta":{"jetpack_post_was_ever_published":false,"_jetpack_newsletter_access":"","_jetpack_dont_email_post_to_subs":false,"_jetpack_newsletter_tier_id":0,"_jetpack_memberships_contains_paywalled_content":false,"_jetpack_memberships_contains_paid_content":false,"footnotes":"","jetpack_publicize_message":"","jetpack_publicize_feature_enabled":true,"jetpack_social_post_already_shared":true,"jetpack_social_options":{"image_generator_settings":{"template":"highway","enabled":false},"version":2}},"categories":[25],"tags":[46,531,530,708,529,369],"ano":[],"arquitectos":[],"tipoloxia":[],"class_list":["post-10463","post","type-post","status-publish","format-standard","has-post-thumbnail","hentry","category-vigo","tag-46","tag-antonio-davila-alonso","tag-cesar-jimenez-lopez","tag-jesus-cordeiro-rodriguez","tag-luis-meijide-rico","tag-vivenda-colectiva","content-print"],"jetpack_publicize_connections":[],"yoast_head":"<!-- This site is optimized with the Yoast SEO plugin v24.1 - https:\/\/yoast.com\/wordpress\/plugins\/seo\/ -->\n<title>Edificio de 15 viviendas en la U.A. Pino | AG<\/title>\n<meta name=\"robots\" content=\"index, follow, max-snippet:-1, max-image-preview:large, max-video-preview:-1\" \/>\n<link rel=\"canonical\" href=\"http:\/\/arquitecturadegalicia.eu\/blog\/edificio-de-15-viviendas-en-la-u-a-pino\/\" \/>\n<meta property=\"og:locale\" content=\"es_ES\" \/>\n<meta property=\"og:type\" content=\"article\" \/>\n<meta property=\"og:title\" content=\"Edificio de 15 viviendas en la U.A. Pino | AG\" \/>\n<meta property=\"og:description\" content=\"Edificio de viviendas en bloque abierto y con programa de 2 viviendas por planta de diferente programa (2 y 3 dormitorios), lo que provoca su asimetr\u00eda. Ambas viviendas se han planteado con los locales h\u00famedos (ba\u00f1os y cocinas) rodeando el n\u00facleo de comunicaci\u00f3n principal para proteger las estancias. Una vivienda en triples remata la parte superior del edificio y se aprovecha de las sucesivas terrazas.\" \/>\n<meta property=\"og:url\" content=\"http:\/\/arquitecturadegalicia.eu\/blog\/edificio-de-15-viviendas-en-la-u-a-pino\/\" \/>\n<meta property=\"og:site_name\" content=\"AG\" \/>\n<meta property=\"article:publisher\" content=\"https:\/\/www.facebook.com\/ArquitecturadeGalicia\/\" \/>\n<meta property=\"article:published_time\" content=\"2013-12-11T19:00:01+00:00\" \/>\n<meta property=\"article:modified_time\" content=\"2013-12-08T21:41:12+00:00\" \/>\n<meta property=\"og:image\" content=\"http:\/\/arquitecturadegalicia.eu\/blog\/wp-content\/uploads\/2013\/12\/Pino-19.jpg\" \/>\n\t<meta property=\"og:image:width\" content=\"620\" \/>\n\t<meta property=\"og:image:height\" content=\"808\" \/>\n\t<meta property=\"og:image:type\" content=\"image\/jpeg\" \/>\n<meta name=\"author\" content=\"Esteban Vigo\" \/>\n<meta name=\"twitter:card\" content=\"summary_large_image\" \/>\n<meta name=\"twitter:creator\" content=\"@arquigaliciaeu\" \/>\n<meta name=\"twitter:site\" content=\"@arquigaliciaeu\" \/>\n<meta name=\"twitter:label1\" content=\"Escrito por\" \/>\n\t<meta name=\"twitter:data1\" content=\"Esteban Vigo\" \/>\n\t<meta name=\"twitter:label2\" content=\"Tiempo de lectura\" \/>\n\t<meta name=\"twitter:data2\" content=\"1 minuto\" \/>\n<script type=\"application\/ld+json\" class=\"yoast-schema-graph\">{\"@context\":\"https:\/\/schema.org\",\"@graph\":[{\"@type\":\"Article\",\"@id\":\"http:\/\/arquitecturadegalicia.eu\/blog\/edificio-de-15-viviendas-en-la-u-a-pino\/#article\",\"isPartOf\":{\"@id\":\"http:\/\/arquitecturadegalicia.eu\/blog\/edificio-de-15-viviendas-en-la-u-a-pino\/\"},\"author\":{\"name\":\"Esteban Vigo\",\"@id\":\"https:\/\/arquitecturadegalicia.eu\/blog\/#\/schema\/person\/e1402c805a08826192e3b9086c423f75\"},\"headline\":\"Edificio de 15 viviendas en la U.A. Pino\",\"datePublished\":\"2013-12-11T19:00:01+00:00\",\"dateModified\":\"2013-12-08T21:41:12+00:00\",\"mainEntityOfPage\":{\"@id\":\"http:\/\/arquitecturadegalicia.eu\/blog\/edificio-de-15-viviendas-en-la-u-a-pino\/\"},\"wordCount\":158,\"commentCount\":0,\"publisher\":{\"@id\":\"https:\/\/arquitecturadegalicia.eu\/blog\/#organization\"},\"image\":{\"@id\":\"http:\/\/arquitecturadegalicia.eu\/blog\/edificio-de-15-viviendas-en-la-u-a-pino\/#primaryimage\"},\"thumbnailUrl\":\"http:\/\/arquitecturadegalicia.eu\/blog\/wp-content\/uploads\/2013\/12\/Pino-19.jpg\",\"keywords\":[\"2000\",\"Antonio D\u00e1vila Alonso\",\"C\u00e9sar Jim\u00e9nez L\u00f3pez\",\"Jes\u00fas Cordeiro Rodr\u00edguez\",\"Luis Meijide Rico\",\"vivenda colectiva\"],\"articleSection\":[\"Vigo\"],\"inLanguage\":\"es\",\"potentialAction\":[{\"@type\":\"CommentAction\",\"name\":\"Comment\",\"target\":[\"http:\/\/arquitecturadegalicia.eu\/blog\/edificio-de-15-viviendas-en-la-u-a-pino\/#respond\"]}]},{\"@type\":\"WebPage\",\"@id\":\"http:\/\/arquitecturadegalicia.eu\/blog\/edificio-de-15-viviendas-en-la-u-a-pino\/\",\"url\":\"http:\/\/arquitecturadegalicia.eu\/blog\/edificio-de-15-viviendas-en-la-u-a-pino\/\",\"name\":\"Edificio de 15 viviendas en la U.A. Pino | AG\",\"isPartOf\":{\"@id\":\"https:\/\/arquitecturadegalicia.eu\/blog\/#website\"},\"primaryImageOfPage\":{\"@id\":\"http:\/\/arquitecturadegalicia.eu\/blog\/edificio-de-15-viviendas-en-la-u-a-pino\/#primaryimage\"},\"image\":{\"@id\":\"http:\/\/arquitecturadegalicia.eu\/blog\/edificio-de-15-viviendas-en-la-u-a-pino\/#primaryimage\"},\"thumbnailUrl\":\"http:\/\/arquitecturadegalicia.eu\/blog\/wp-content\/uploads\/2013\/12\/Pino-19.jpg\",\"datePublished\":\"2013-12-11T19:00:01+00:00\",\"dateModified\":\"2013-12-08T21:41:12+00:00\",\"breadcrumb\":{\"@id\":\"http:\/\/arquitecturadegalicia.eu\/blog\/edificio-de-15-viviendas-en-la-u-a-pino\/#breadcrumb\"},\"inLanguage\":\"es\",\"potentialAction\":[{\"@type\":\"ReadAction\",\"target\":[\"http:\/\/arquitecturadegalicia.eu\/blog\/edificio-de-15-viviendas-en-la-u-a-pino\/\"]}]},{\"@type\":\"ImageObject\",\"inLanguage\":\"es\",\"@id\":\"http:\/\/arquitecturadegalicia.eu\/blog\/edificio-de-15-viviendas-en-la-u-a-pino\/#primaryimage\",\"url\":\"http:\/\/arquitecturadegalicia.eu\/blog\/wp-content\/uploads\/2013\/12\/Pino-19.jpg\",\"contentUrl\":\"http:\/\/arquitecturadegalicia.eu\/blog\/wp-content\/uploads\/2013\/12\/Pino-19.jpg\",\"width\":620,\"height\":808,\"caption\":\"AG | U.E. Pino\"},{\"@type\":\"BreadcrumbList\",\"@id\":\"http:\/\/arquitecturadegalicia.eu\/blog\/edificio-de-15-viviendas-en-la-u-a-pino\/#breadcrumb\",\"itemListElement\":[{\"@type\":\"ListItem\",\"position\":1,\"name\":\"Portada\",\"item\":\"https:\/\/arquitecturadegalicia.eu\/blog\/\"},{\"@type\":\"ListItem\",\"position\":2,\"name\":\"Edificio de 15 viviendas en la U.A. Pino\"}]},{\"@type\":\"WebSite\",\"@id\":\"https:\/\/arquitecturadegalicia.eu\/blog\/#website\",\"url\":\"https:\/\/arquitecturadegalicia.eu\/blog\/\",\"name\":\"AG\",\"description\":\"Arquitectura de Galicia\",\"publisher\":{\"@id\":\"https:\/\/arquitecturadegalicia.eu\/blog\/#organization\"},\"potentialAction\":[{\"@type\":\"SearchAction\",\"target\":{\"@type\":\"EntryPoint\",\"urlTemplate\":\"https:\/\/arquitecturadegalicia.eu\/blog\/?s={search_term_string}\"},\"query-input\":{\"@type\":\"PropertyValueSpecification\",\"valueRequired\":true,\"valueName\":\"search_term_string\"}}],\"inLanguage\":\"es\"},{\"@type\":\"Organization\",\"@id\":\"https:\/\/arquitecturadegalicia.eu\/blog\/#organization\",\"name\":\"Arquitectura de Galicia\",\"url\":\"https:\/\/arquitecturadegalicia.eu\/blog\/\",\"logo\":{\"@type\":\"ImageObject\",\"inLanguage\":\"es\",\"@id\":\"https:\/\/arquitecturadegalicia.eu\/blog\/#\/schema\/logo\/image\/\",\"url\":\"https:\/\/arquitecturadegalicia.eu\/blog\/wp-content\/uploads\/2017\/01\/arquitecturacurrents2.png\",\"contentUrl\":\"https:\/\/arquitecturadegalicia.eu\/blog\/wp-content\/uploads\/2017\/01\/arquitecturacurrents2.png\",\"width\":840,\"height\":640,\"caption\":\"Arquitectura de Galicia\"},\"image\":{\"@id\":\"https:\/\/arquitecturadegalicia.eu\/blog\/#\/schema\/logo\/image\/\"},\"sameAs\":[\"https:\/\/www.facebook.com\/ArquitecturadeGalicia\/\",\"https:\/\/x.com\/arquigaliciaeu\",\"https:\/\/www.instagram.com\/arquigaliciaeu\/\"]},{\"@type\":\"Person\",\"@id\":\"https:\/\/arquitecturadegalicia.eu\/blog\/#\/schema\/person\/e1402c805a08826192e3b9086c423f75\",\"name\":\"Esteban Vigo\",\"image\":{\"@type\":\"ImageObject\",\"inLanguage\":\"es\",\"@id\":\"https:\/\/arquitecturadegalicia.eu\/blog\/#\/schema\/person\/image\/\",\"url\":\"https:\/\/secure.gravatar.com\/avatar\/5cee255b8510cde1f21ad6b1241b1680?s=96&d=mm&r=g\",\"contentUrl\":\"https:\/\/secure.gravatar.com\/avatar\/5cee255b8510cde1f21ad6b1241b1680?s=96&d=mm&r=g\",\"caption\":\"Esteban Vigo\"},\"description\":\"Pontevedra | Edici\u00f3n de artigos | Estudiante de Arquitectura na ETSA de A Coru\u00f1a e colaborador na revista Dot: Magazine (http:\/\/www.dotgalicia.com\/)\",\"url\":\"http:\/\/arquitecturadegalicia.eu\/blog\/author\/teblink\/\"}]}<\/script>\n<!-- \/ Yoast SEO plugin. -->","yoast_head_json":{"title":"Edificio de 15 viviendas en la U.A. Pino | AG","robots":{"index":"index","follow":"follow","max-snippet":"max-snippet:-1","max-image-preview":"max-image-preview:large","max-video-preview":"max-video-preview:-1"},"canonical":"http:\/\/arquitecturadegalicia.eu\/blog\/edificio-de-15-viviendas-en-la-u-a-pino\/","og_locale":"es_ES","og_type":"article","og_title":"Edificio de 15 viviendas en la U.A. Pino | AG","og_description":"Edificio de viviendas en bloque abierto y con programa de 2 viviendas por planta de diferente programa (2 y 3 dormitorios), lo que provoca su asimetr\u00eda. Ambas viviendas se han planteado con los locales h\u00famedos (ba\u00f1os y cocinas) rodeando el n\u00facleo de comunicaci\u00f3n principal para proteger las estancias. Una vivienda en triples remata la parte superior del edificio y se aprovecha de las sucesivas terrazas.","og_url":"http:\/\/arquitecturadegalicia.eu\/blog\/edificio-de-15-viviendas-en-la-u-a-pino\/","og_site_name":"AG","article_publisher":"https:\/\/www.facebook.com\/ArquitecturadeGalicia\/","article_published_time":"2013-12-11T19:00:01+00:00","article_modified_time":"2013-12-08T21:41:12+00:00","og_image":[{"width":620,"height":808,"url":"http:\/\/arquitecturadegalicia.eu\/blog\/wp-content\/uploads\/2013\/12\/Pino-19.jpg","type":"image\/jpeg"}],"author":"Esteban Vigo","twitter_card":"summary_large_image","twitter_creator":"@arquigaliciaeu","twitter_site":"@arquigaliciaeu","twitter_misc":{"Escrito por":"Esteban Vigo","Tiempo de lectura":"1 minuto"},"schema":{"@context":"https:\/\/schema.org","@graph":[{"@type":"Article","@id":"http:\/\/arquitecturadegalicia.eu\/blog\/edificio-de-15-viviendas-en-la-u-a-pino\/#article","isPartOf":{"@id":"http:\/\/arquitecturadegalicia.eu\/blog\/edificio-de-15-viviendas-en-la-u-a-pino\/"},"author":{"name":"Esteban Vigo","@id":"https:\/\/arquitecturadegalicia.eu\/blog\/#\/schema\/person\/e1402c805a08826192e3b9086c423f75"},"headline":"Edificio de 15 viviendas en la U.A. Pino","datePublished":"2013-12-11T19:00:01+00:00","dateModified":"2013-12-08T21:41:12+00:00","mainEntityOfPage":{"@id":"http:\/\/arquitecturadegalicia.eu\/blog\/edificio-de-15-viviendas-en-la-u-a-pino\/"},"wordCount":158,"commentCount":0,"publisher":{"@id":"https:\/\/arquitecturadegalicia.eu\/blog\/#organization"},"image":{"@id":"http:\/\/arquitecturadegalicia.eu\/blog\/edificio-de-15-viviendas-en-la-u-a-pino\/#primaryimage"},"thumbnailUrl":"http:\/\/arquitecturadegalicia.eu\/blog\/wp-content\/uploads\/2013\/12\/Pino-19.jpg","keywords":["2000","Antonio D\u00e1vila Alonso","C\u00e9sar Jim\u00e9nez L\u00f3pez","Jes\u00fas Cordeiro Rodr\u00edguez","Luis Meijide Rico","vivenda colectiva"],"articleSection":["Vigo"],"inLanguage":"es","potentialAction":[{"@type":"CommentAction","name":"Comment","target":["http:\/\/arquitecturadegalicia.eu\/blog\/edificio-de-15-viviendas-en-la-u-a-pino\/#respond"]}]},{"@type":"WebPage","@id":"http:\/\/arquitecturadegalicia.eu\/blog\/edificio-de-15-viviendas-en-la-u-a-pino\/","url":"http:\/\/arquitecturadegalicia.eu\/blog\/edificio-de-15-viviendas-en-la-u-a-pino\/","name":"Edificio de 15 viviendas en la U.A. Pino | AG","isPartOf":{"@id":"https:\/\/arquitecturadegalicia.eu\/blog\/#website"},"primaryImageOfPage":{"@id":"http:\/\/arquitecturadegalicia.eu\/blog\/edificio-de-15-viviendas-en-la-u-a-pino\/#primaryimage"},"image":{"@id":"http:\/\/arquitecturadegalicia.eu\/blog\/edificio-de-15-viviendas-en-la-u-a-pino\/#primaryimage"},"thumbnailUrl":"http:\/\/arquitecturadegalicia.eu\/blog\/wp-content\/uploads\/2013\/12\/Pino-19.jpg","datePublished":"2013-12-11T19:00:01+00:00","dateModified":"2013-12-08T21:41:12+00:00","breadcrumb":{"@id":"http:\/\/arquitecturadegalicia.eu\/blog\/edificio-de-15-viviendas-en-la-u-a-pino\/#breadcrumb"},"inLanguage":"es","potentialAction":[{"@type":"ReadAction","target":["http:\/\/arquitecturadegalicia.eu\/blog\/edificio-de-15-viviendas-en-la-u-a-pino\/"]}]},{"@type":"ImageObject","inLanguage":"es","@id":"http:\/\/arquitecturadegalicia.eu\/blog\/edificio-de-15-viviendas-en-la-u-a-pino\/#primaryimage","url":"http:\/\/arquitecturadegalicia.eu\/blog\/wp-content\/uploads\/2013\/12\/Pino-19.jpg","contentUrl":"http:\/\/arquitecturadegalicia.eu\/blog\/wp-content\/uploads\/2013\/12\/Pino-19.jpg","width":620,"height":808,"caption":"AG | U.E. Pino"},{"@type":"BreadcrumbList","@id":"http:\/\/arquitecturadegalicia.eu\/blog\/edificio-de-15-viviendas-en-la-u-a-pino\/#breadcrumb","itemListElement":[{"@type":"ListItem","position":1,"name":"Portada","item":"https:\/\/arquitecturadegalicia.eu\/blog\/"},{"@type":"ListItem","position":2,"name":"Edificio de 15 viviendas en la U.A. Pino"}]},{"@type":"WebSite","@id":"https:\/\/arquitecturadegalicia.eu\/blog\/#website","url":"https:\/\/arquitecturadegalicia.eu\/blog\/","name":"AG","description":"Arquitectura de Galicia","publisher":{"@id":"https:\/\/arquitecturadegalicia.eu\/blog\/#organization"},"potentialAction":[{"@type":"SearchAction","target":{"@type":"EntryPoint","urlTemplate":"https:\/\/arquitecturadegalicia.eu\/blog\/?s={search_term_string}"},"query-input":{"@type":"PropertyValueSpecification","valueRequired":true,"valueName":"search_term_string"}}],"inLanguage":"es"},{"@type":"Organization","@id":"https:\/\/arquitecturadegalicia.eu\/blog\/#organization","name":"Arquitectura de Galicia","url":"https:\/\/arquitecturadegalicia.eu\/blog\/","logo":{"@type":"ImageObject","inLanguage":"es","@id":"https:\/\/arquitecturadegalicia.eu\/blog\/#\/schema\/logo\/image\/","url":"https:\/\/arquitecturadegalicia.eu\/blog\/wp-content\/uploads\/2017\/01\/arquitecturacurrents2.png","contentUrl":"https:\/\/arquitecturadegalicia.eu\/blog\/wp-content\/uploads\/2017\/01\/arquitecturacurrents2.png","width":840,"height":640,"caption":"Arquitectura de Galicia"},"image":{"@id":"https:\/\/arquitecturadegalicia.eu\/blog\/#\/schema\/logo\/image\/"},"sameAs":["https:\/\/www.facebook.com\/ArquitecturadeGalicia\/","https:\/\/x.com\/arquigaliciaeu","https:\/\/www.instagram.com\/arquigaliciaeu\/"]},{"@type":"Person","@id":"https:\/\/arquitecturadegalicia.eu\/blog\/#\/schema\/person\/e1402c805a08826192e3b9086c423f75","name":"Esteban Vigo","image":{"@type":"ImageObject","inLanguage":"es","@id":"https:\/\/arquitecturadegalicia.eu\/blog\/#\/schema\/person\/image\/","url":"https:\/\/secure.gravatar.com\/avatar\/5cee255b8510cde1f21ad6b1241b1680?s=96&d=mm&r=g","contentUrl":"https:\/\/secure.gravatar.com\/avatar\/5cee255b8510cde1f21ad6b1241b1680?s=96&d=mm&r=g","caption":"Esteban Vigo"},"description":"Pontevedra | Edici\u00f3n de artigos | Estudiante de Arquitectura na ETSA de A Coru\u00f1a e colaborador na revista Dot: Magazine (http:\/\/www.dotgalicia.com\/)","url":"http:\/\/arquitecturadegalicia.eu\/blog\/author\/teblink\/"}]}},"jetpack_featured_media_url":"http:\/\/arquitecturadegalicia.eu\/blog\/wp-content\/uploads\/2013\/12\/Pino-19.jpg","jetpack_shortlink":"https:\/\/wp.me\/p2NHs2-2IL","jetpack_sharing_enabled":true,"_links":{"self":[{"href":"http:\/\/arquitecturadegalicia.eu\/blog\/wp-json\/wp\/v2\/posts\/10463","targetHints":{"allow":["GET"]}}],"collection":[{"href":"http:\/\/arquitecturadegalicia.eu\/blog\/wp-json\/wp\/v2\/posts"}],"about":[{"href":"http:\/\/arquitecturadegalicia.eu\/blog\/wp-json\/wp\/v2\/types\/post"}],"author":[{"embeddable":true,"href":"http:\/\/arquitecturadegalicia.eu\/blog\/wp-json\/wp\/v2\/users\/10"}],"replies":[{"embeddable":true,"href":"http:\/\/arquitecturadegalicia.eu\/blog\/wp-json\/wp\/v2\/comments?post=10463"}],"version-history":[{"count":5,"href":"http:\/\/arquitecturadegalicia.eu\/blog\/wp-json\/wp\/v2\/posts\/10463\/revisions"}],"predecessor-version":[{"id":10469,"href":"http:\/\/arquitecturadegalicia.eu\/blog\/wp-json\/wp\/v2\/posts\/10463\/revisions\/10469"}],"wp:featuredmedia":[{"embeddable":true,"href":"http:\/\/arquitecturadegalicia.eu\/blog\/wp-json\/wp\/v2\/media\/10465"}],"wp:attachment":[{"href":"http:\/\/arquitecturadegalicia.eu\/blog\/wp-json\/wp\/v2\/media?parent=10463"}],"wp:term":[{"taxonomy":"category","embeddable":true,"href":"http:\/\/arquitecturadegalicia.eu\/blog\/wp-json\/wp\/v2\/categories?post=10463"},{"taxonomy":"post_tag","embeddable":true,"href":"http:\/\/arquitecturadegalicia.eu\/blog\/wp-json\/wp\/v2\/tags?post=10463"},{"taxonomy":"ano","embeddable":true,"href":"http:\/\/arquitecturadegalicia.eu\/blog\/wp-json\/wp\/v2\/ano?post=10463"},{"taxonomy":"arquitectos","embeddable":true,"href":"http:\/\/arquitecturadegalicia.eu\/blog\/wp-json\/wp\/v2\/arquitectos?post=10463"},{"taxonomy":"tipoloxia","embeddable":true,"href":"http:\/\/arquitecturadegalicia.eu\/blog\/wp-json\/wp\/v2\/tipoloxia?post=10463"}],"curies":[{"name":"wp","href":"https:\/\/api.w.org\/{rel}","templated":true}]}}