{"id":11796,"date":"2014-04-21T12:00:02","date_gmt":"2014-04-21T10:00:02","guid":{"rendered":"http:\/\/arquitecturadegalicia.eu\/blog\/?p=11796"},"modified":"2014-03-19T17:24:59","modified_gmt":"2014-03-19T16:24:59","slug":"edificio-de-67-vivendas-e-sede-da-seguridade-social","status":"publish","type":"post","link":"http:\/\/arquitecturadegalicia.eu\/blog\/edificio-de-67-vivendas-e-sede-da-seguridade-social\/","title":{"rendered":"Edificio de 67 vivendas e Sede da Seguridade Social"},"content":{"rendered":"<h6 style=\"text-align: right;\"><img fetchpriority=\"high\" decoding=\"async\" class=\"aligncenter size-full wp-image-11803\" alt=\"AG | Santiago\" src=\"http:\/\/arquitecturadegalicia.eu\/blog\/wp-content\/uploads\/2014\/02\/Santiago.jpg\" width=\"620\" height=\"465\" srcset=\"http:\/\/arquitecturadegalicia.eu\/blog\/wp-content\/uploads\/2014\/02\/Santiago.jpg 620w, http:\/\/arquitecturadegalicia.eu\/blog\/wp-content\/uploads\/2014\/02\/Santiago-300x225.jpg 300w\" sizes=\"(max-width: 620px) 100vw, 620px\" \/><span style=\"color: #999999;\">Arteal<\/span><\/h6>\n<table class=\"aligncenter\" width=\"620\" border=\"0\" cellspacing=\"0\" cellpadding=\"0\">\n<tbody>\n<tr>\n<td width=\"180\"><strong>Obra:<\/strong><\/td>\n<td>Edificio de 70 Viviendas de Protecci\u00f3n Oficial en Belv\u00eds<\/td>\n<\/tr>\n<tr>\n<td><strong>Arquitecto:<\/strong><\/td>\n<td>C\u00e9sar Portela e Paulino S\u00e1nchez Cao<\/td>\n<\/tr>\n<tr>\n<td><strong>Provincia:<\/strong><\/td>\n<td>A Coru\u00f1a<\/td>\n<\/tr>\n<tr>\n<td><strong>Localidade:<\/strong><\/td>\n<td>Santiago de Compostela<\/td>\n<\/tr>\n<tr>\n<td><strong>Ano:<\/strong><\/td>\n<td>2005<\/td>\n<\/tr>\n<tr>\n<td><strong>Xeolocalizaci\u00f3n:<\/strong><\/td>\n<td><a href=\"https:\/\/maps.google.es\/maps\/ms?msid=205584753861089304839.0004b3590a9baff01c53d&amp;msa=0&amp;ll=42.883645,-8.547326&amp;spn=0.004072,0.006539\" target=\"_blank\"><strong>42.883,-8.547<\/strong><\/a><\/td>\n<\/tr>\n<\/tbody>\n<\/table>\n<table class=\" aligncenter\" width=\"620\" border=\"0\" cellspacing=\"0\" cellpadding=\"0\">\n<tbody>\n<tr>\n<td colspan=\"3\"><strong>Outros Datos:<\/strong><\/td>\n<\/tr>\n<tr>\n<td width=\"20\"><\/td>\n<td colspan=\"2\"><strong>Premios:<\/strong><\/td>\n<\/tr>\n<tr>\n<td width=\"20\"><\/td>\n<td width=\"20\"><\/td>\n<td width=\"580\"><\/td>\n<\/tr>\n<tr>\n<td width=\"20\"><\/td>\n<td colspan=\"2\"><strong>Publicaci\u00f3ns:<\/strong><\/td>\n<\/tr>\n<tr>\n<td width=\"20\"><\/td>\n<td width=\"20\"><\/td>\n<td><em>Archinature. La Emoci\u00f3n y la Raz\u00f3n en la Arquitectura. C\u00e9sar Portela.<\/em> LOFT, 2012<\/td>\n<\/tr>\n<tr>\n<td width=\"20\"><\/td>\n<td colspan=\"2\"><strong>Informaci\u00f3n na rede:<\/strong><\/td>\n<\/tr>\n<tr>\n<td width=\"20\"><\/td>\n<td width=\"20\"><\/td>\n<td>\n<ul>\n<li><a href=\"http:\/\/www.arteal.es\/proyecto\/8\/EDIFICIO%20VIVIENDAS\" target=\"_blank\"><b>Arteal<\/b><\/a><\/li>\n<\/ul>\n<\/td>\n<\/tr>\n<tr>\n<td width=\"20\"><\/td>\n<td colspan=\"2\"><strong>Descripci\u00f3n do proxecto: <\/strong><\/td>\n<\/tr>\n<tr>\n<td width=\"20\"><\/td>\n<td width=\"20\"><\/td>\n<td><em>\u00abEn este proyecto hab\u00eda que integrar en un \u00fanico edificio dos programas con diferente tama\u00f1o y significado, como son sesenta y siete viviendas de 2, 3 y 4 dormitorios y el centro comarcal en Santiago de la Tesorer\u00eda de la Seguridad Social, pero por encima de todo ellos hab\u00eda que construir un trozo de ciudad al pie del casco hist\u00f3rico. De ah\u00ed la forma en U del edificio que configura y envuelve una nueva plaza y abriga y orienta todo el conjunto orientado a mediod\u00eda. La tipolog\u00eda del edificio y de las viviendas permite que estas sean pasantes, de fachada a fachada, y as\u00ed dispongan de doble orientaci\u00f3n, soleamiento y luz de ma\u00f1ana y tarde; tambi\u00e9n enmarcan el edificio de uso p\u00fablico, de la Seguridad Social, entre las dos alas que acogen las viviendas, signific\u00e1ndolo y dignific\u00e1ndolo, y con \u00e9l todo el conjunto edificatorio. El diferente tama\u00f1o de las galer\u00edas permite apreciar y diferenciar la escala dom\u00e9stica de las viviendas y la monumental del edificio social sin que entre unas y otras, ni entre los diferentes usos de los edificios, exista la menor disfunci\u00f3n sino, por el contrario, complementariedad y armon\u00eda, al igual que ocurre en el resto de la ciudad hist\u00f3rica de Santiago, entre el caser\u00edo, los monumentos y los espacios p\u00fablicos\u201d. <\/em>C\u00e9sar Portela<\/td>\n<\/tr>\n<tr>\n<td width=\"20\"><\/td>\n<td colspan=\"2\"><b>Reportaxe fotogr\u00e1fica: <\/b><a href=\"http:\/\/www.flickr.com\/photos\/pazobaion\" target=\"_blank\"><b><strong><br \/>\n<\/strong><\/b><\/a><\/td>\n<\/tr>\n<tr>\n<td width=\"20\"><\/td>\n<td colspan=\"2\"><\/td>\n<\/tr>\n<tr>\n<td width=\"20\"><\/td>\n<td colspan=\"2\"><strong>Planos: <\/strong><em>Archinature. La Emoci\u00f3n y la Raz\u00f3n en la Arquitectura. C\u00e9sar Portela.<\/em> LOFT, 2012<strong><br \/>\n<\/strong><\/td>\n<\/tr>\n<tr>\n<td width=\"20\"><\/td>\n<td colspan=\"2\"><\/td>\n<\/tr>\n<\/tbody>\n<\/table>\n","protected":false},"excerpt":{"rendered":"<p>En este proyecto hab\u00eda que integrar en un \u00fanico edificio dos programas con diferente tama\u00f1o y significado, como son sesenta y siete viviendas de 2, 3 y 4 dormitorios y el centro comarcal en Santiago de la Tesorer\u00eda de la Seguridad Social, pero por encima de todo ellos hab\u00eda que construir un trozo de ciudad al pie del casco hist\u00f3rico.<\/p>\n","protected":false},"author":10,"featured_media":11803,"comment_status":"open","ping_status":"open","sticky":false,"template":"","format":"standard","meta":{"jetpack_post_was_ever_published":false,"_jetpack_newsletter_access":"","_jetpack_dont_email_post_to_subs":false,"_jetpack_newsletter_tier_id":0,"_jetpack_memberships_contains_paywalled_content":false,"_jetpack_memberships_contains_paid_content":false,"footnotes":"","jetpack_publicize_message":"","jetpack_publicize_feature_enabled":true,"jetpack_social_post_already_shared":true,"jetpack_social_options":{"image_generator_settings":{"template":"highway","enabled":false},"version":2}},"categories":[22],"tags":[326,147,88,753,369],"ano":[],"arquitectos":[],"tipoloxia":[],"class_list":["post-11796","post","type-post","status-publish","format-standard","has-post-thumbnail","hentry","category-santiago-de-compostela","tag-326","tag-cesar-portela","tag-institucional","tag-paulino-sanchez-cao","tag-vivenda-colectiva","content-print"],"jetpack_publicize_connections":[],"yoast_head":"<!-- This site is optimized with the Yoast SEO plugin v24.1 - https:\/\/yoast.com\/wordpress\/plugins\/seo\/ -->\n<title>Edificio de 67 vivendas e Sede da Seguridade Social | AG<\/title>\n<meta name=\"robots\" content=\"index, follow, max-snippet:-1, max-image-preview:large, max-video-preview:-1\" \/>\n<link rel=\"canonical\" href=\"http:\/\/arquitecturadegalicia.eu\/blog\/edificio-de-67-vivendas-e-sede-da-seguridade-social\/\" \/>\n<meta property=\"og:locale\" content=\"es_ES\" \/>\n<meta property=\"og:type\" content=\"article\" \/>\n<meta property=\"og:title\" content=\"Edificio de 67 vivendas e Sede da Seguridade Social | AG\" \/>\n<meta property=\"og:description\" content=\"En este proyecto hab\u00eda que integrar en un \u00fanico edificio dos programas con diferente tama\u00f1o y significado, como son sesenta y siete viviendas de 2, 3 y 4 dormitorios y el centro comarcal en Santiago de la Tesorer\u00eda de la Seguridad Social, pero por encima de todo ellos hab\u00eda que construir un trozo de ciudad al pie del casco hist\u00f3rico.\" \/>\n<meta property=\"og:url\" content=\"http:\/\/arquitecturadegalicia.eu\/blog\/edificio-de-67-vivendas-e-sede-da-seguridade-social\/\" \/>\n<meta property=\"og:site_name\" content=\"AG\" \/>\n<meta property=\"article:publisher\" content=\"https:\/\/www.facebook.com\/ArquitecturadeGalicia\/\" \/>\n<meta property=\"article:published_time\" content=\"2014-04-21T10:00:02+00:00\" \/>\n<meta property=\"article:modified_time\" content=\"2014-03-19T16:24:59+00:00\" \/>\n<meta property=\"og:image\" content=\"http:\/\/arquitecturadegalicia.eu\/blog\/wp-content\/uploads\/2014\/02\/Santiago.jpg\" \/>\n\t<meta property=\"og:image:width\" content=\"620\" \/>\n\t<meta property=\"og:image:height\" content=\"465\" \/>\n\t<meta property=\"og:image:type\" content=\"image\/jpeg\" \/>\n<meta name=\"author\" content=\"Esteban Vigo\" \/>\n<meta name=\"twitter:card\" content=\"summary_large_image\" \/>\n<meta name=\"twitter:creator\" content=\"@arquigaliciaeu\" \/>\n<meta name=\"twitter:site\" content=\"@arquigaliciaeu\" \/>\n<meta name=\"twitter:label1\" content=\"Escrito por\" \/>\n\t<meta name=\"twitter:data1\" content=\"Esteban Vigo\" \/>\n\t<meta name=\"twitter:label2\" content=\"Tiempo de lectura\" \/>\n\t<meta name=\"twitter:data2\" content=\"2 minutos\" \/>\n<script type=\"application\/ld+json\" class=\"yoast-schema-graph\">{\"@context\":\"https:\/\/schema.org\",\"@graph\":[{\"@type\":\"Article\",\"@id\":\"http:\/\/arquitecturadegalicia.eu\/blog\/edificio-de-67-vivendas-e-sede-da-seguridade-social\/#article\",\"isPartOf\":{\"@id\":\"http:\/\/arquitecturadegalicia.eu\/blog\/edificio-de-67-vivendas-e-sede-da-seguridade-social\/\"},\"author\":{\"name\":\"Esteban Vigo\",\"@id\":\"https:\/\/arquitecturadegalicia.eu\/blog\/#\/schema\/person\/e1402c805a08826192e3b9086c423f75\"},\"headline\":\"Edificio de 67 vivendas e Sede da Seguridade Social\",\"datePublished\":\"2014-04-21T10:00:02+00:00\",\"dateModified\":\"2014-03-19T16:24:59+00:00\",\"mainEntityOfPage\":{\"@id\":\"http:\/\/arquitecturadegalicia.eu\/blog\/edificio-de-67-vivendas-e-sede-da-seguridade-social\/\"},\"wordCount\":323,\"commentCount\":0,\"publisher\":{\"@id\":\"https:\/\/arquitecturadegalicia.eu\/blog\/#organization\"},\"image\":{\"@id\":\"http:\/\/arquitecturadegalicia.eu\/blog\/edificio-de-67-vivendas-e-sede-da-seguridade-social\/#primaryimage\"},\"thumbnailUrl\":\"http:\/\/arquitecturadegalicia.eu\/blog\/wp-content\/uploads\/2014\/02\/Santiago.jpg\",\"keywords\":[\"2005\",\"C\u00e9sar Portela\",\"institucional\",\"Paulino S\u00e1nchez Cao\",\"vivenda colectiva\"],\"articleSection\":[\"Santiago de Compostela\"],\"inLanguage\":\"es\",\"potentialAction\":[{\"@type\":\"CommentAction\",\"name\":\"Comment\",\"target\":[\"http:\/\/arquitecturadegalicia.eu\/blog\/edificio-de-67-vivendas-e-sede-da-seguridade-social\/#respond\"]}]},{\"@type\":\"WebPage\",\"@id\":\"http:\/\/arquitecturadegalicia.eu\/blog\/edificio-de-67-vivendas-e-sede-da-seguridade-social\/\",\"url\":\"http:\/\/arquitecturadegalicia.eu\/blog\/edificio-de-67-vivendas-e-sede-da-seguridade-social\/\",\"name\":\"Edificio de 67 vivendas e Sede da Seguridade Social | AG\",\"isPartOf\":{\"@id\":\"https:\/\/arquitecturadegalicia.eu\/blog\/#website\"},\"primaryImageOfPage\":{\"@id\":\"http:\/\/arquitecturadegalicia.eu\/blog\/edificio-de-67-vivendas-e-sede-da-seguridade-social\/#primaryimage\"},\"image\":{\"@id\":\"http:\/\/arquitecturadegalicia.eu\/blog\/edificio-de-67-vivendas-e-sede-da-seguridade-social\/#primaryimage\"},\"thumbnailUrl\":\"http:\/\/arquitecturadegalicia.eu\/blog\/wp-content\/uploads\/2014\/02\/Santiago.jpg\",\"datePublished\":\"2014-04-21T10:00:02+00:00\",\"dateModified\":\"2014-03-19T16:24:59+00:00\",\"breadcrumb\":{\"@id\":\"http:\/\/arquitecturadegalicia.eu\/blog\/edificio-de-67-vivendas-e-sede-da-seguridade-social\/#breadcrumb\"},\"inLanguage\":\"es\",\"potentialAction\":[{\"@type\":\"ReadAction\",\"target\":[\"http:\/\/arquitecturadegalicia.eu\/blog\/edificio-de-67-vivendas-e-sede-da-seguridade-social\/\"]}]},{\"@type\":\"ImageObject\",\"inLanguage\":\"es\",\"@id\":\"http:\/\/arquitecturadegalicia.eu\/blog\/edificio-de-67-vivendas-e-sede-da-seguridade-social\/#primaryimage\",\"url\":\"http:\/\/arquitecturadegalicia.eu\/blog\/wp-content\/uploads\/2014\/02\/Santiago.jpg\",\"contentUrl\":\"http:\/\/arquitecturadegalicia.eu\/blog\/wp-content\/uploads\/2014\/02\/Santiago.jpg\",\"width\":620,\"height\":465,\"caption\":\"AG | Santiago\"},{\"@type\":\"BreadcrumbList\",\"@id\":\"http:\/\/arquitecturadegalicia.eu\/blog\/edificio-de-67-vivendas-e-sede-da-seguridade-social\/#breadcrumb\",\"itemListElement\":[{\"@type\":\"ListItem\",\"position\":1,\"name\":\"Portada\",\"item\":\"https:\/\/arquitecturadegalicia.eu\/blog\/\"},{\"@type\":\"ListItem\",\"position\":2,\"name\":\"Edificio de 67 vivendas e Sede da Seguridade Social\"}]},{\"@type\":\"WebSite\",\"@id\":\"https:\/\/arquitecturadegalicia.eu\/blog\/#website\",\"url\":\"https:\/\/arquitecturadegalicia.eu\/blog\/\",\"name\":\"AG\",\"description\":\"Arquitectura de Galicia\",\"publisher\":{\"@id\":\"https:\/\/arquitecturadegalicia.eu\/blog\/#organization\"},\"potentialAction\":[{\"@type\":\"SearchAction\",\"target\":{\"@type\":\"EntryPoint\",\"urlTemplate\":\"https:\/\/arquitecturadegalicia.eu\/blog\/?s={search_term_string}\"},\"query-input\":{\"@type\":\"PropertyValueSpecification\",\"valueRequired\":true,\"valueName\":\"search_term_string\"}}],\"inLanguage\":\"es\"},{\"@type\":\"Organization\",\"@id\":\"https:\/\/arquitecturadegalicia.eu\/blog\/#organization\",\"name\":\"Arquitectura de Galicia\",\"url\":\"https:\/\/arquitecturadegalicia.eu\/blog\/\",\"logo\":{\"@type\":\"ImageObject\",\"inLanguage\":\"es\",\"@id\":\"https:\/\/arquitecturadegalicia.eu\/blog\/#\/schema\/logo\/image\/\",\"url\":\"https:\/\/arquitecturadegalicia.eu\/blog\/wp-content\/uploads\/2017\/01\/arquitecturacurrents2.png\",\"contentUrl\":\"https:\/\/arquitecturadegalicia.eu\/blog\/wp-content\/uploads\/2017\/01\/arquitecturacurrents2.png\",\"width\":840,\"height\":640,\"caption\":\"Arquitectura de Galicia\"},\"image\":{\"@id\":\"https:\/\/arquitecturadegalicia.eu\/blog\/#\/schema\/logo\/image\/\"},\"sameAs\":[\"https:\/\/www.facebook.com\/ArquitecturadeGalicia\/\",\"https:\/\/x.com\/arquigaliciaeu\",\"https:\/\/www.instagram.com\/arquigaliciaeu\/\"]},{\"@type\":\"Person\",\"@id\":\"https:\/\/arquitecturadegalicia.eu\/blog\/#\/schema\/person\/e1402c805a08826192e3b9086c423f75\",\"name\":\"Esteban Vigo\",\"image\":{\"@type\":\"ImageObject\",\"inLanguage\":\"es\",\"@id\":\"https:\/\/arquitecturadegalicia.eu\/blog\/#\/schema\/person\/image\/\",\"url\":\"https:\/\/secure.gravatar.com\/avatar\/5cee255b8510cde1f21ad6b1241b1680?s=96&d=mm&r=g\",\"contentUrl\":\"https:\/\/secure.gravatar.com\/avatar\/5cee255b8510cde1f21ad6b1241b1680?s=96&d=mm&r=g\",\"caption\":\"Esteban Vigo\"},\"description\":\"Pontevedra | Edici\u00f3n de artigos | Estudiante de Arquitectura na ETSA de A Coru\u00f1a e colaborador na revista Dot: Magazine (http:\/\/www.dotgalicia.com\/)\",\"url\":\"http:\/\/arquitecturadegalicia.eu\/blog\/author\/teblink\/\"}]}<\/script>\n<!-- \/ Yoast SEO plugin. -->","yoast_head_json":{"title":"Edificio de 67 vivendas e Sede da Seguridade Social | AG","robots":{"index":"index","follow":"follow","max-snippet":"max-snippet:-1","max-image-preview":"max-image-preview:large","max-video-preview":"max-video-preview:-1"},"canonical":"http:\/\/arquitecturadegalicia.eu\/blog\/edificio-de-67-vivendas-e-sede-da-seguridade-social\/","og_locale":"es_ES","og_type":"article","og_title":"Edificio de 67 vivendas e Sede da Seguridade Social | AG","og_description":"En este proyecto hab\u00eda que integrar en un \u00fanico edificio dos programas con diferente tama\u00f1o y significado, como son sesenta y siete viviendas de 2, 3 y 4 dormitorios y el centro comarcal en Santiago de la Tesorer\u00eda de la Seguridad Social, pero por encima de todo ellos hab\u00eda que construir un trozo de ciudad al pie del casco hist\u00f3rico.","og_url":"http:\/\/arquitecturadegalicia.eu\/blog\/edificio-de-67-vivendas-e-sede-da-seguridade-social\/","og_site_name":"AG","article_publisher":"https:\/\/www.facebook.com\/ArquitecturadeGalicia\/","article_published_time":"2014-04-21T10:00:02+00:00","article_modified_time":"2014-03-19T16:24:59+00:00","og_image":[{"width":620,"height":465,"url":"http:\/\/arquitecturadegalicia.eu\/blog\/wp-content\/uploads\/2014\/02\/Santiago.jpg","type":"image\/jpeg"}],"author":"Esteban Vigo","twitter_card":"summary_large_image","twitter_creator":"@arquigaliciaeu","twitter_site":"@arquigaliciaeu","twitter_misc":{"Escrito por":"Esteban Vigo","Tiempo de lectura":"2 minutos"},"schema":{"@context":"https:\/\/schema.org","@graph":[{"@type":"Article","@id":"http:\/\/arquitecturadegalicia.eu\/blog\/edificio-de-67-vivendas-e-sede-da-seguridade-social\/#article","isPartOf":{"@id":"http:\/\/arquitecturadegalicia.eu\/blog\/edificio-de-67-vivendas-e-sede-da-seguridade-social\/"},"author":{"name":"Esteban Vigo","@id":"https:\/\/arquitecturadegalicia.eu\/blog\/#\/schema\/person\/e1402c805a08826192e3b9086c423f75"},"headline":"Edificio de 67 vivendas e Sede da Seguridade Social","datePublished":"2014-04-21T10:00:02+00:00","dateModified":"2014-03-19T16:24:59+00:00","mainEntityOfPage":{"@id":"http:\/\/arquitecturadegalicia.eu\/blog\/edificio-de-67-vivendas-e-sede-da-seguridade-social\/"},"wordCount":323,"commentCount":0,"publisher":{"@id":"https:\/\/arquitecturadegalicia.eu\/blog\/#organization"},"image":{"@id":"http:\/\/arquitecturadegalicia.eu\/blog\/edificio-de-67-vivendas-e-sede-da-seguridade-social\/#primaryimage"},"thumbnailUrl":"http:\/\/arquitecturadegalicia.eu\/blog\/wp-content\/uploads\/2014\/02\/Santiago.jpg","keywords":["2005","C\u00e9sar Portela","institucional","Paulino S\u00e1nchez Cao","vivenda colectiva"],"articleSection":["Santiago de Compostela"],"inLanguage":"es","potentialAction":[{"@type":"CommentAction","name":"Comment","target":["http:\/\/arquitecturadegalicia.eu\/blog\/edificio-de-67-vivendas-e-sede-da-seguridade-social\/#respond"]}]},{"@type":"WebPage","@id":"http:\/\/arquitecturadegalicia.eu\/blog\/edificio-de-67-vivendas-e-sede-da-seguridade-social\/","url":"http:\/\/arquitecturadegalicia.eu\/blog\/edificio-de-67-vivendas-e-sede-da-seguridade-social\/","name":"Edificio de 67 vivendas e Sede da Seguridade Social | AG","isPartOf":{"@id":"https:\/\/arquitecturadegalicia.eu\/blog\/#website"},"primaryImageOfPage":{"@id":"http:\/\/arquitecturadegalicia.eu\/blog\/edificio-de-67-vivendas-e-sede-da-seguridade-social\/#primaryimage"},"image":{"@id":"http:\/\/arquitecturadegalicia.eu\/blog\/edificio-de-67-vivendas-e-sede-da-seguridade-social\/#primaryimage"},"thumbnailUrl":"http:\/\/arquitecturadegalicia.eu\/blog\/wp-content\/uploads\/2014\/02\/Santiago.jpg","datePublished":"2014-04-21T10:00:02+00:00","dateModified":"2014-03-19T16:24:59+00:00","breadcrumb":{"@id":"http:\/\/arquitecturadegalicia.eu\/blog\/edificio-de-67-vivendas-e-sede-da-seguridade-social\/#breadcrumb"},"inLanguage":"es","potentialAction":[{"@type":"ReadAction","target":["http:\/\/arquitecturadegalicia.eu\/blog\/edificio-de-67-vivendas-e-sede-da-seguridade-social\/"]}]},{"@type":"ImageObject","inLanguage":"es","@id":"http:\/\/arquitecturadegalicia.eu\/blog\/edificio-de-67-vivendas-e-sede-da-seguridade-social\/#primaryimage","url":"http:\/\/arquitecturadegalicia.eu\/blog\/wp-content\/uploads\/2014\/02\/Santiago.jpg","contentUrl":"http:\/\/arquitecturadegalicia.eu\/blog\/wp-content\/uploads\/2014\/02\/Santiago.jpg","width":620,"height":465,"caption":"AG | Santiago"},{"@type":"BreadcrumbList","@id":"http:\/\/arquitecturadegalicia.eu\/blog\/edificio-de-67-vivendas-e-sede-da-seguridade-social\/#breadcrumb","itemListElement":[{"@type":"ListItem","position":1,"name":"Portada","item":"https:\/\/arquitecturadegalicia.eu\/blog\/"},{"@type":"ListItem","position":2,"name":"Edificio de 67 vivendas e Sede da Seguridade Social"}]},{"@type":"WebSite","@id":"https:\/\/arquitecturadegalicia.eu\/blog\/#website","url":"https:\/\/arquitecturadegalicia.eu\/blog\/","name":"AG","description":"Arquitectura de Galicia","publisher":{"@id":"https:\/\/arquitecturadegalicia.eu\/blog\/#organization"},"potentialAction":[{"@type":"SearchAction","target":{"@type":"EntryPoint","urlTemplate":"https:\/\/arquitecturadegalicia.eu\/blog\/?s={search_term_string}"},"query-input":{"@type":"PropertyValueSpecification","valueRequired":true,"valueName":"search_term_string"}}],"inLanguage":"es"},{"@type":"Organization","@id":"https:\/\/arquitecturadegalicia.eu\/blog\/#organization","name":"Arquitectura de Galicia","url":"https:\/\/arquitecturadegalicia.eu\/blog\/","logo":{"@type":"ImageObject","inLanguage":"es","@id":"https:\/\/arquitecturadegalicia.eu\/blog\/#\/schema\/logo\/image\/","url":"https:\/\/arquitecturadegalicia.eu\/blog\/wp-content\/uploads\/2017\/01\/arquitecturacurrents2.png","contentUrl":"https:\/\/arquitecturadegalicia.eu\/blog\/wp-content\/uploads\/2017\/01\/arquitecturacurrents2.png","width":840,"height":640,"caption":"Arquitectura de Galicia"},"image":{"@id":"https:\/\/arquitecturadegalicia.eu\/blog\/#\/schema\/logo\/image\/"},"sameAs":["https:\/\/www.facebook.com\/ArquitecturadeGalicia\/","https:\/\/x.com\/arquigaliciaeu","https:\/\/www.instagram.com\/arquigaliciaeu\/"]},{"@type":"Person","@id":"https:\/\/arquitecturadegalicia.eu\/blog\/#\/schema\/person\/e1402c805a08826192e3b9086c423f75","name":"Esteban Vigo","image":{"@type":"ImageObject","inLanguage":"es","@id":"https:\/\/arquitecturadegalicia.eu\/blog\/#\/schema\/person\/image\/","url":"https:\/\/secure.gravatar.com\/avatar\/5cee255b8510cde1f21ad6b1241b1680?s=96&d=mm&r=g","contentUrl":"https:\/\/secure.gravatar.com\/avatar\/5cee255b8510cde1f21ad6b1241b1680?s=96&d=mm&r=g","caption":"Esteban Vigo"},"description":"Pontevedra | Edici\u00f3n de artigos | Estudiante de Arquitectura na ETSA de A Coru\u00f1a e colaborador na revista Dot: Magazine (http:\/\/www.dotgalicia.com\/)","url":"http:\/\/arquitecturadegalicia.eu\/blog\/author\/teblink\/"}]}},"jetpack_featured_media_url":"http:\/\/arquitecturadegalicia.eu\/blog\/wp-content\/uploads\/2014\/02\/Santiago.jpg","jetpack_shortlink":"https:\/\/wp.me\/p2NHs2-34g","jetpack_sharing_enabled":true,"_links":{"self":[{"href":"http:\/\/arquitecturadegalicia.eu\/blog\/wp-json\/wp\/v2\/posts\/11796","targetHints":{"allow":["GET"]}}],"collection":[{"href":"http:\/\/arquitecturadegalicia.eu\/blog\/wp-json\/wp\/v2\/posts"}],"about":[{"href":"http:\/\/arquitecturadegalicia.eu\/blog\/wp-json\/wp\/v2\/types\/post"}],"author":[{"embeddable":true,"href":"http:\/\/arquitecturadegalicia.eu\/blog\/wp-json\/wp\/v2\/users\/10"}],"replies":[{"embeddable":true,"href":"http:\/\/arquitecturadegalicia.eu\/blog\/wp-json\/wp\/v2\/comments?post=11796"}],"version-history":[{"count":7,"href":"http:\/\/arquitecturadegalicia.eu\/blog\/wp-json\/wp\/v2\/posts\/11796\/revisions"}],"predecessor-version":[{"id":11805,"href":"http:\/\/arquitecturadegalicia.eu\/blog\/wp-json\/wp\/v2\/posts\/11796\/revisions\/11805"}],"wp:featuredmedia":[{"embeddable":true,"href":"http:\/\/arquitecturadegalicia.eu\/blog\/wp-json\/wp\/v2\/media\/11803"}],"wp:attachment":[{"href":"http:\/\/arquitecturadegalicia.eu\/blog\/wp-json\/wp\/v2\/media?parent=11796"}],"wp:term":[{"taxonomy":"category","embeddable":true,"href":"http:\/\/arquitecturadegalicia.eu\/blog\/wp-json\/wp\/v2\/categories?post=11796"},{"taxonomy":"post_tag","embeddable":true,"href":"http:\/\/arquitecturadegalicia.eu\/blog\/wp-json\/wp\/v2\/tags?post=11796"},{"taxonomy":"ano","embeddable":true,"href":"http:\/\/arquitecturadegalicia.eu\/blog\/wp-json\/wp\/v2\/ano?post=11796"},{"taxonomy":"arquitectos","embeddable":true,"href":"http:\/\/arquitecturadegalicia.eu\/blog\/wp-json\/wp\/v2\/arquitectos?post=11796"},{"taxonomy":"tipoloxia","embeddable":true,"href":"http:\/\/arquitecturadegalicia.eu\/blog\/wp-json\/wp\/v2\/tipoloxia?post=11796"}],"curies":[{"name":"wp","href":"https:\/\/api.w.org\/{rel}","templated":true}]}}