{"id":12898,"date":"2014-12-01T12:00:06","date_gmt":"2014-12-01T11:00:06","guid":{"rendered":"http:\/\/arquitecturadegalicia.eu\/blog\/?p=12898"},"modified":"2014-11-08T00:32:10","modified_gmt":"2014-11-07T23:32:10","slug":"casa-taller-en-cabo-prior","status":"publish","type":"post","link":"http:\/\/arquitecturadegalicia.eu\/blog\/casa-taller-en-cabo-prior\/","title":{"rendered":"Casa Taller en Cabo Prior"},"content":{"rendered":"<h6 style=\"text-align: right;\"><span style=\"color: #999999;\"><img fetchpriority=\"high\" decoding=\"async\" class=\"alignnone size-full wp-image-12910\" src=\"http:\/\/arquitecturadegalicia.eu\/blog\/wp-content\/uploads\/2014\/11\/AG_casa_taller_cabo_prior_salgado_cortizas_cobas_ferrol_00.jpg\" alt=\"AG_casa_taller_cabo_prior_salgado_cortizas_cobas_ferrol_00\" width=\"620\" height=\"220\" \/><br \/>\n<\/span> <span style=\"color: #999999;\"> <strong><strong>Jorge Salgado<\/strong><\/strong><br \/>\n<\/span><\/h6>\n<table class=\"aligncenter\" border=\"0\" width=\"620\" cellspacing=\"0\" cellpadding=\"0\">\n<tbody>\n<tr>\n<td width=\"180\"><strong>Obra:<\/strong><\/td>\n<td>Casa taller en Cabo Prior<\/td>\n<\/tr>\n<tr>\n<td><strong>Arquitecto:<\/strong><\/td>\n<td>Jorge Salgado Cortizas<\/td>\n<\/tr>\n<tr>\n<td><strong>Provincia:<\/strong><\/td>\n<td>A Coru\u00f1a<\/td>\n<\/tr>\n<tr>\n<td><strong>Localidade:<\/strong><\/td>\n<td>Cobas, Ferrol<\/td>\n<\/tr>\n<tr>\n<td><strong>Ano:<\/strong><\/td>\n<td>2005 &#8211; 2008<\/td>\n<\/tr>\n<tr>\n<td><strong>Xeolocalizaci\u00f3n:<\/strong><\/td>\n<td><strong><a href=\"https:\/\/www.google.com\/fusiontables\/embedviz?q=select+col6+from+1SDgapi_D5DlY376iYYP9rfBhe0o6WliHne9w0EmJ&amp;viz=MAP&amp;h=false&amp;lat=43.551484461300355&amp;lng=-8.304883483135194&amp;t=3&amp;z=18&amp;l=col6&amp;y=2&amp;tmplt=2&amp;hml=GEOCODABLE\" target=\"_blank\">43.551549, -8.304867<\/a><\/strong><\/td>\n<\/tr>\n<\/tbody>\n<\/table>\n<table class=\" aligncenter\" border=\"0\" width=\"620\" cellspacing=\"0\" cellpadding=\"0\">\n<tbody>\n<tr>\n<td colspan=\"3\"><strong>Outros Datos:<\/strong><\/td>\n<\/tr>\n<tr>\n<td width=\"20\"><\/td>\n<td colspan=\"2\"><strong>Premios:<\/strong><\/td>\n<\/tr>\n<tr>\n<td width=\"20\"><\/td>\n<td width=\"20\"><\/td>\n<td width=\"580\">Accesit | Premio Juana de Vega | 2008<\/td>\n<\/tr>\n<tr>\n<td width=\"20\"><\/td>\n<td colspan=\"2\"><strong>Publicaci\u00f3ns:<\/strong><\/td>\n<\/tr>\n<tr>\n<td width=\"20\"><\/td>\n<td width=\"20\"><\/td>\n<td><\/td>\n<\/tr>\n<tr>\n<td width=\"20\"><\/td>\n<td colspan=\"2\"><strong>Informaci\u00f3n na rede:<\/strong><\/td>\n<\/tr>\n<tr>\n<td width=\"20\"><\/td>\n<td width=\"20\"><\/td>\n<td><a href=\"http:\/\/veredes.es\/blog\/casa-taller-en-cabo-prior-jorge-salgado-cortizas\/\" target=\"_blank\"><strong>veredes.es<br \/>\n<\/strong><\/a><a href=\"http:\/\/www.crtvg.es\/tvg\/a-carta\/quico-jorreto-raquel-dominguez-veronica-calvete-jose-otero-pombo\" target=\"_blank\"><strong>Que Casas!<\/strong><\/a> (Programa TVG) [min. 09:10]<\/td>\n<\/tr>\n<tr>\n<td width=\"20\"><\/td>\n<td colspan=\"2\"><strong>Descripci\u00f3n do proxecto:<\/strong><\/td>\n<\/tr>\n<tr>\n<td width=\"20\"><\/td>\n<td width=\"20\"><\/td>\n<td style=\"text-align: justify;\">\n<p style=\"text-align: justify;\">\u00abLa casa-taller recoge dos aspectos dominantes de Cabo Prior: Lo inh\u00f3spito de un territorio tan majestuoso como abrupto, y la expansividad de las vistas hacia la playa y la ermita de Sta. Comba,\u00a0 con el Atl\u00e1ntico al fondo batiendo en el Cabalo Grande y Chico.<br \/>\nA simple vista no hay nada que llame la atenci\u00f3n, es una caja de 12.20\u00d78.80\u00d75.80m. casi extra\u00f1a al lugar, que se cierra al camino y a los vientos fr\u00edos del norte, y se abre al Atl\u00e1ntico mediante dos grandes huecos situados en planta baja y primera.<br \/>\nSe plantea como un \u00fanico recinto habitable; vivienda y taller, con un presupuesto reducido. La vivienda responde a un programa m\u00ednimo; zona de estar-comedor, cocina y ba\u00f1o en planta baja, y un dormitorio-terraza en la planta alta. Un espacio a doble altura con iluminaci\u00f3n norte conforma el taller de escultura\u00bb<br \/>\nJorge Salgado<\/p>\n<\/td>\n<\/tr>\n<tr>\n<td width=\"20\"><\/td>\n<td colspan=\"2\"><b><b><b>Reportaxe fotogr\u00e1fica<\/b>: <\/b><\/b><\/td>\n<\/tr>\n<\/tbody>\n<\/table>\n <\/p>\n","protected":false},"excerpt":{"rendered":"<p>\u00abLa casa-taller recoge dos aspectos dominantes de Cabo Prior: Lo inh\u00f3spito de un territorio tan majestuoso como abrupto, y la expansividad de las vistas hacia la playa y la ermita de Sta. Comba\u00bb<br \/>\nJorge Salgado<\/p>\n","protected":false},"author":8,"featured_media":12910,"comment_status":"open","ping_status":"open","sticky":false,"template":"","format":"standard","meta":{"jetpack_post_was_ever_published":false,"_jetpack_newsletter_access":"","_jetpack_dont_email_post_to_subs":false,"_jetpack_newsletter_tier_id":0,"_jetpack_memberships_contains_paywalled_content":false,"_jetpack_memberships_contains_paid_content":false,"footnotes":"","jetpack_publicize_message":"","jetpack_publicize_feature_enabled":true,"jetpack_social_post_already_shared":true,"jetpack_social_options":{"image_generator_settings":{"template":"highway","enabled":false},"version":2}},"categories":[6],"tags":[53,744,105,108],"ano":[],"arquitectos":[],"tipoloxia":[],"class_list":["post-12898","post","type-post","status-publish","format-standard","has-post-thumbnail","hentry","category-ferrol","tag-53","tag-salgado-cortizas","tag-unifamiliar","tag-vivenda","content-print"],"jetpack_publicize_connections":[],"yoast_head":"<!-- This site is optimized with the Yoast SEO plugin v24.1 - https:\/\/yoast.com\/wordpress\/plugins\/seo\/ -->\n<title>Casa Taller en Cabo Prior | AG<\/title>\n<meta name=\"robots\" content=\"index, follow, max-snippet:-1, max-image-preview:large, max-video-preview:-1\" \/>\n<link rel=\"canonical\" href=\"http:\/\/arquitecturadegalicia.eu\/blog\/casa-taller-en-cabo-prior\/\" \/>\n<meta property=\"og:locale\" content=\"es_ES\" \/>\n<meta property=\"og:type\" content=\"article\" \/>\n<meta property=\"og:title\" content=\"Casa Taller en Cabo Prior | AG\" \/>\n<meta property=\"og:description\" content=\"&quot;La casa-taller recoge dos aspectos dominantes de Cabo Prior: Lo inh\u00f3spito de un territorio tan majestuoso como abrupto, y la expansividad de las vistas hacia la playa y la ermita de Sta. Comba&quot; Jorge Salgado\" \/>\n<meta property=\"og:url\" content=\"http:\/\/arquitecturadegalicia.eu\/blog\/casa-taller-en-cabo-prior\/\" \/>\n<meta property=\"og:site_name\" content=\"AG\" \/>\n<meta property=\"article:publisher\" content=\"https:\/\/www.facebook.com\/ArquitecturadeGalicia\/\" \/>\n<meta property=\"article:published_time\" content=\"2014-12-01T11:00:06+00:00\" \/>\n<meta property=\"article:modified_time\" content=\"2014-11-07T23:32:10+00:00\" \/>\n<meta property=\"og:image\" content=\"http:\/\/arquitecturadegalicia.eu\/blog\/wp-content\/uploads\/2014\/11\/AG_casa_taller_cabo_prior_salgado_cortizas_cobas_ferrol_00.jpg\" \/>\n\t<meta property=\"og:image:width\" content=\"620\" \/>\n\t<meta property=\"og:image:height\" content=\"220\" \/>\n\t<meta property=\"og:image:type\" content=\"image\/jpeg\" \/>\n<meta name=\"author\" content=\"Iago Valverde\" \/>\n<meta name=\"twitter:card\" content=\"summary_large_image\" \/>\n<meta name=\"twitter:creator\" content=\"@arquigaliciaeu\" \/>\n<meta name=\"twitter:site\" content=\"@arquigaliciaeu\" \/>\n<meta name=\"twitter:label1\" content=\"Escrito por\" \/>\n\t<meta name=\"twitter:data1\" content=\"Iago Valverde\" \/>\n\t<meta name=\"twitter:label2\" content=\"Tiempo de lectura\" \/>\n\t<meta name=\"twitter:data2\" content=\"1 minuto\" \/>\n<script type=\"application\/ld+json\" class=\"yoast-schema-graph\">{\"@context\":\"https:\/\/schema.org\",\"@graph\":[{\"@type\":\"Article\",\"@id\":\"http:\/\/arquitecturadegalicia.eu\/blog\/casa-taller-en-cabo-prior\/#article\",\"isPartOf\":{\"@id\":\"http:\/\/arquitecturadegalicia.eu\/blog\/casa-taller-en-cabo-prior\/\"},\"author\":{\"name\":\"Iago Valverde\",\"@id\":\"https:\/\/arquitecturadegalicia.eu\/blog\/#\/schema\/person\/a51297ea3eeddd32ccbd89a218e148f1\"},\"headline\":\"Casa Taller en Cabo Prior\",\"datePublished\":\"2014-12-01T11:00:06+00:00\",\"dateModified\":\"2014-11-07T23:32:10+00:00\",\"mainEntityOfPage\":{\"@id\":\"http:\/\/arquitecturadegalicia.eu\/blog\/casa-taller-en-cabo-prior\/\"},\"wordCount\":219,\"commentCount\":0,\"publisher\":{\"@id\":\"https:\/\/arquitecturadegalicia.eu\/blog\/#organization\"},\"image\":{\"@id\":\"http:\/\/arquitecturadegalicia.eu\/blog\/casa-taller-en-cabo-prior\/#primaryimage\"},\"thumbnailUrl\":\"http:\/\/arquitecturadegalicia.eu\/blog\/wp-content\/uploads\/2014\/11\/AG_casa_taller_cabo_prior_salgado_cortizas_cobas_ferrol_00.jpg\",\"keywords\":[\"2008\",\"Salgado Cortizas\",\"unifamiliar\",\"Vivenda\"],\"articleSection\":[\"Ferrol\"],\"inLanguage\":\"es\",\"potentialAction\":[{\"@type\":\"CommentAction\",\"name\":\"Comment\",\"target\":[\"http:\/\/arquitecturadegalicia.eu\/blog\/casa-taller-en-cabo-prior\/#respond\"]}]},{\"@type\":\"WebPage\",\"@id\":\"http:\/\/arquitecturadegalicia.eu\/blog\/casa-taller-en-cabo-prior\/\",\"url\":\"http:\/\/arquitecturadegalicia.eu\/blog\/casa-taller-en-cabo-prior\/\",\"name\":\"Casa Taller en Cabo Prior | AG\",\"isPartOf\":{\"@id\":\"https:\/\/arquitecturadegalicia.eu\/blog\/#website\"},\"primaryImageOfPage\":{\"@id\":\"http:\/\/arquitecturadegalicia.eu\/blog\/casa-taller-en-cabo-prior\/#primaryimage\"},\"image\":{\"@id\":\"http:\/\/arquitecturadegalicia.eu\/blog\/casa-taller-en-cabo-prior\/#primaryimage\"},\"thumbnailUrl\":\"http:\/\/arquitecturadegalicia.eu\/blog\/wp-content\/uploads\/2014\/11\/AG_casa_taller_cabo_prior_salgado_cortizas_cobas_ferrol_00.jpg\",\"datePublished\":\"2014-12-01T11:00:06+00:00\",\"dateModified\":\"2014-11-07T23:32:10+00:00\",\"breadcrumb\":{\"@id\":\"http:\/\/arquitecturadegalicia.eu\/blog\/casa-taller-en-cabo-prior\/#breadcrumb\"},\"inLanguage\":\"es\",\"potentialAction\":[{\"@type\":\"ReadAction\",\"target\":[\"http:\/\/arquitecturadegalicia.eu\/blog\/casa-taller-en-cabo-prior\/\"]}]},{\"@type\":\"ImageObject\",\"inLanguage\":\"es\",\"@id\":\"http:\/\/arquitecturadegalicia.eu\/blog\/casa-taller-en-cabo-prior\/#primaryimage\",\"url\":\"http:\/\/arquitecturadegalicia.eu\/blog\/wp-content\/uploads\/2014\/11\/AG_casa_taller_cabo_prior_salgado_cortizas_cobas_ferrol_00.jpg\",\"contentUrl\":\"http:\/\/arquitecturadegalicia.eu\/blog\/wp-content\/uploads\/2014\/11\/AG_casa_taller_cabo_prior_salgado_cortizas_cobas_ferrol_00.jpg\",\"width\":620,\"height\":220},{\"@type\":\"BreadcrumbList\",\"@id\":\"http:\/\/arquitecturadegalicia.eu\/blog\/casa-taller-en-cabo-prior\/#breadcrumb\",\"itemListElement\":[{\"@type\":\"ListItem\",\"position\":1,\"name\":\"Portada\",\"item\":\"https:\/\/arquitecturadegalicia.eu\/blog\/\"},{\"@type\":\"ListItem\",\"position\":2,\"name\":\"Casa Taller en Cabo Prior\"}]},{\"@type\":\"WebSite\",\"@id\":\"https:\/\/arquitecturadegalicia.eu\/blog\/#website\",\"url\":\"https:\/\/arquitecturadegalicia.eu\/blog\/\",\"name\":\"AG\",\"description\":\"Arquitectura de Galicia\",\"publisher\":{\"@id\":\"https:\/\/arquitecturadegalicia.eu\/blog\/#organization\"},\"potentialAction\":[{\"@type\":\"SearchAction\",\"target\":{\"@type\":\"EntryPoint\",\"urlTemplate\":\"https:\/\/arquitecturadegalicia.eu\/blog\/?s={search_term_string}\"},\"query-input\":{\"@type\":\"PropertyValueSpecification\",\"valueRequired\":true,\"valueName\":\"search_term_string\"}}],\"inLanguage\":\"es\"},{\"@type\":\"Organization\",\"@id\":\"https:\/\/arquitecturadegalicia.eu\/blog\/#organization\",\"name\":\"Arquitectura de Galicia\",\"url\":\"https:\/\/arquitecturadegalicia.eu\/blog\/\",\"logo\":{\"@type\":\"ImageObject\",\"inLanguage\":\"es\",\"@id\":\"https:\/\/arquitecturadegalicia.eu\/blog\/#\/schema\/logo\/image\/\",\"url\":\"https:\/\/arquitecturadegalicia.eu\/blog\/wp-content\/uploads\/2017\/01\/arquitecturacurrents2.png\",\"contentUrl\":\"https:\/\/arquitecturadegalicia.eu\/blog\/wp-content\/uploads\/2017\/01\/arquitecturacurrents2.png\",\"width\":840,\"height\":640,\"caption\":\"Arquitectura de Galicia\"},\"image\":{\"@id\":\"https:\/\/arquitecturadegalicia.eu\/blog\/#\/schema\/logo\/image\/\"},\"sameAs\":[\"https:\/\/www.facebook.com\/ArquitecturadeGalicia\/\",\"https:\/\/x.com\/arquigaliciaeu\",\"https:\/\/www.instagram.com\/arquigaliciaeu\/\"]},{\"@type\":\"Person\",\"@id\":\"https:\/\/arquitecturadegalicia.eu\/blog\/#\/schema\/person\/a51297ea3eeddd32ccbd89a218e148f1\",\"name\":\"Iago Valverde\",\"image\":{\"@type\":\"ImageObject\",\"inLanguage\":\"es\",\"@id\":\"https:\/\/arquitecturadegalicia.eu\/blog\/#\/schema\/person\/image\/\",\"url\":\"https:\/\/secure.gravatar.com\/avatar\/eb8a9f2f10ff79db5c78989d92f1e8b2?s=96&d=mm&r=g\",\"contentUrl\":\"https:\/\/secure.gravatar.com\/avatar\/eb8a9f2f10ff79db5c78989d92f1e8b2?s=96&d=mm&r=g\",\"caption\":\"Iago Valverde\"},\"description\":\"Nigr\u00e1n | Edici\u00f3n de artigos e xeolocalizaci\u00f3n | Arquitecto en formaci\u00f3n na ETSAC e cursando PFC. Interesado en urbanismo, arquitectura, pol\u00edtica, e todo aquilo que \u00e9 complexo e vital\",\"url\":\"http:\/\/arquitecturadegalicia.eu\/blog\/author\/iago-valverde\/\"}]}<\/script>\n<!-- \/ Yoast SEO plugin. -->","yoast_head_json":{"title":"Casa Taller en Cabo Prior | AG","robots":{"index":"index","follow":"follow","max-snippet":"max-snippet:-1","max-image-preview":"max-image-preview:large","max-video-preview":"max-video-preview:-1"},"canonical":"http:\/\/arquitecturadegalicia.eu\/blog\/casa-taller-en-cabo-prior\/","og_locale":"es_ES","og_type":"article","og_title":"Casa Taller en Cabo Prior | AG","og_description":"\"La casa-taller recoge dos aspectos dominantes de Cabo Prior: Lo inh\u00f3spito de un territorio tan majestuoso como abrupto, y la expansividad de las vistas hacia la playa y la ermita de Sta. Comba\" Jorge Salgado","og_url":"http:\/\/arquitecturadegalicia.eu\/blog\/casa-taller-en-cabo-prior\/","og_site_name":"AG","article_publisher":"https:\/\/www.facebook.com\/ArquitecturadeGalicia\/","article_published_time":"2014-12-01T11:00:06+00:00","article_modified_time":"2014-11-07T23:32:10+00:00","og_image":[{"width":620,"height":220,"url":"http:\/\/arquitecturadegalicia.eu\/blog\/wp-content\/uploads\/2014\/11\/AG_casa_taller_cabo_prior_salgado_cortizas_cobas_ferrol_00.jpg","type":"image\/jpeg"}],"author":"Iago Valverde","twitter_card":"summary_large_image","twitter_creator":"@arquigaliciaeu","twitter_site":"@arquigaliciaeu","twitter_misc":{"Escrito por":"Iago Valverde","Tiempo de lectura":"1 minuto"},"schema":{"@context":"https:\/\/schema.org","@graph":[{"@type":"Article","@id":"http:\/\/arquitecturadegalicia.eu\/blog\/casa-taller-en-cabo-prior\/#article","isPartOf":{"@id":"http:\/\/arquitecturadegalicia.eu\/blog\/casa-taller-en-cabo-prior\/"},"author":{"name":"Iago Valverde","@id":"https:\/\/arquitecturadegalicia.eu\/blog\/#\/schema\/person\/a51297ea3eeddd32ccbd89a218e148f1"},"headline":"Casa Taller en Cabo Prior","datePublished":"2014-12-01T11:00:06+00:00","dateModified":"2014-11-07T23:32:10+00:00","mainEntityOfPage":{"@id":"http:\/\/arquitecturadegalicia.eu\/blog\/casa-taller-en-cabo-prior\/"},"wordCount":219,"commentCount":0,"publisher":{"@id":"https:\/\/arquitecturadegalicia.eu\/blog\/#organization"},"image":{"@id":"http:\/\/arquitecturadegalicia.eu\/blog\/casa-taller-en-cabo-prior\/#primaryimage"},"thumbnailUrl":"http:\/\/arquitecturadegalicia.eu\/blog\/wp-content\/uploads\/2014\/11\/AG_casa_taller_cabo_prior_salgado_cortizas_cobas_ferrol_00.jpg","keywords":["2008","Salgado Cortizas","unifamiliar","Vivenda"],"articleSection":["Ferrol"],"inLanguage":"es","potentialAction":[{"@type":"CommentAction","name":"Comment","target":["http:\/\/arquitecturadegalicia.eu\/blog\/casa-taller-en-cabo-prior\/#respond"]}]},{"@type":"WebPage","@id":"http:\/\/arquitecturadegalicia.eu\/blog\/casa-taller-en-cabo-prior\/","url":"http:\/\/arquitecturadegalicia.eu\/blog\/casa-taller-en-cabo-prior\/","name":"Casa Taller en Cabo Prior | AG","isPartOf":{"@id":"https:\/\/arquitecturadegalicia.eu\/blog\/#website"},"primaryImageOfPage":{"@id":"http:\/\/arquitecturadegalicia.eu\/blog\/casa-taller-en-cabo-prior\/#primaryimage"},"image":{"@id":"http:\/\/arquitecturadegalicia.eu\/blog\/casa-taller-en-cabo-prior\/#primaryimage"},"thumbnailUrl":"http:\/\/arquitecturadegalicia.eu\/blog\/wp-content\/uploads\/2014\/11\/AG_casa_taller_cabo_prior_salgado_cortizas_cobas_ferrol_00.jpg","datePublished":"2014-12-01T11:00:06+00:00","dateModified":"2014-11-07T23:32:10+00:00","breadcrumb":{"@id":"http:\/\/arquitecturadegalicia.eu\/blog\/casa-taller-en-cabo-prior\/#breadcrumb"},"inLanguage":"es","potentialAction":[{"@type":"ReadAction","target":["http:\/\/arquitecturadegalicia.eu\/blog\/casa-taller-en-cabo-prior\/"]}]},{"@type":"ImageObject","inLanguage":"es","@id":"http:\/\/arquitecturadegalicia.eu\/blog\/casa-taller-en-cabo-prior\/#primaryimage","url":"http:\/\/arquitecturadegalicia.eu\/blog\/wp-content\/uploads\/2014\/11\/AG_casa_taller_cabo_prior_salgado_cortizas_cobas_ferrol_00.jpg","contentUrl":"http:\/\/arquitecturadegalicia.eu\/blog\/wp-content\/uploads\/2014\/11\/AG_casa_taller_cabo_prior_salgado_cortizas_cobas_ferrol_00.jpg","width":620,"height":220},{"@type":"BreadcrumbList","@id":"http:\/\/arquitecturadegalicia.eu\/blog\/casa-taller-en-cabo-prior\/#breadcrumb","itemListElement":[{"@type":"ListItem","position":1,"name":"Portada","item":"https:\/\/arquitecturadegalicia.eu\/blog\/"},{"@type":"ListItem","position":2,"name":"Casa Taller en Cabo Prior"}]},{"@type":"WebSite","@id":"https:\/\/arquitecturadegalicia.eu\/blog\/#website","url":"https:\/\/arquitecturadegalicia.eu\/blog\/","name":"AG","description":"Arquitectura de Galicia","publisher":{"@id":"https:\/\/arquitecturadegalicia.eu\/blog\/#organization"},"potentialAction":[{"@type":"SearchAction","target":{"@type":"EntryPoint","urlTemplate":"https:\/\/arquitecturadegalicia.eu\/blog\/?s={search_term_string}"},"query-input":{"@type":"PropertyValueSpecification","valueRequired":true,"valueName":"search_term_string"}}],"inLanguage":"es"},{"@type":"Organization","@id":"https:\/\/arquitecturadegalicia.eu\/blog\/#organization","name":"Arquitectura de Galicia","url":"https:\/\/arquitecturadegalicia.eu\/blog\/","logo":{"@type":"ImageObject","inLanguage":"es","@id":"https:\/\/arquitecturadegalicia.eu\/blog\/#\/schema\/logo\/image\/","url":"https:\/\/arquitecturadegalicia.eu\/blog\/wp-content\/uploads\/2017\/01\/arquitecturacurrents2.png","contentUrl":"https:\/\/arquitecturadegalicia.eu\/blog\/wp-content\/uploads\/2017\/01\/arquitecturacurrents2.png","width":840,"height":640,"caption":"Arquitectura de Galicia"},"image":{"@id":"https:\/\/arquitecturadegalicia.eu\/blog\/#\/schema\/logo\/image\/"},"sameAs":["https:\/\/www.facebook.com\/ArquitecturadeGalicia\/","https:\/\/x.com\/arquigaliciaeu","https:\/\/www.instagram.com\/arquigaliciaeu\/"]},{"@type":"Person","@id":"https:\/\/arquitecturadegalicia.eu\/blog\/#\/schema\/person\/a51297ea3eeddd32ccbd89a218e148f1","name":"Iago Valverde","image":{"@type":"ImageObject","inLanguage":"es","@id":"https:\/\/arquitecturadegalicia.eu\/blog\/#\/schema\/person\/image\/","url":"https:\/\/secure.gravatar.com\/avatar\/eb8a9f2f10ff79db5c78989d92f1e8b2?s=96&d=mm&r=g","contentUrl":"https:\/\/secure.gravatar.com\/avatar\/eb8a9f2f10ff79db5c78989d92f1e8b2?s=96&d=mm&r=g","caption":"Iago Valverde"},"description":"Nigr\u00e1n | Edici\u00f3n de artigos e xeolocalizaci\u00f3n | Arquitecto en formaci\u00f3n na ETSAC e cursando PFC. Interesado en urbanismo, arquitectura, pol\u00edtica, e todo aquilo que \u00e9 complexo e vital","url":"http:\/\/arquitecturadegalicia.eu\/blog\/author\/iago-valverde\/"}]}},"jetpack_featured_media_url":"http:\/\/arquitecturadegalicia.eu\/blog\/wp-content\/uploads\/2014\/11\/AG_casa_taller_cabo_prior_salgado_cortizas_cobas_ferrol_00.jpg","jetpack_shortlink":"https:\/\/wp.me\/p2NHs2-3m2","jetpack_sharing_enabled":true,"_links":{"self":[{"href":"http:\/\/arquitecturadegalicia.eu\/blog\/wp-json\/wp\/v2\/posts\/12898","targetHints":{"allow":["GET"]}}],"collection":[{"href":"http:\/\/arquitecturadegalicia.eu\/blog\/wp-json\/wp\/v2\/posts"}],"about":[{"href":"http:\/\/arquitecturadegalicia.eu\/blog\/wp-json\/wp\/v2\/types\/post"}],"author":[{"embeddable":true,"href":"http:\/\/arquitecturadegalicia.eu\/blog\/wp-json\/wp\/v2\/users\/8"}],"replies":[{"embeddable":true,"href":"http:\/\/arquitecturadegalicia.eu\/blog\/wp-json\/wp\/v2\/comments?post=12898"}],"version-history":[{"count":4,"href":"http:\/\/arquitecturadegalicia.eu\/blog\/wp-json\/wp\/v2\/posts\/12898\/revisions"}],"predecessor-version":[{"id":12919,"href":"http:\/\/arquitecturadegalicia.eu\/blog\/wp-json\/wp\/v2\/posts\/12898\/revisions\/12919"}],"wp:featuredmedia":[{"embeddable":true,"href":"http:\/\/arquitecturadegalicia.eu\/blog\/wp-json\/wp\/v2\/media\/12910"}],"wp:attachment":[{"href":"http:\/\/arquitecturadegalicia.eu\/blog\/wp-json\/wp\/v2\/media?parent=12898"}],"wp:term":[{"taxonomy":"category","embeddable":true,"href":"http:\/\/arquitecturadegalicia.eu\/blog\/wp-json\/wp\/v2\/categories?post=12898"},{"taxonomy":"post_tag","embeddable":true,"href":"http:\/\/arquitecturadegalicia.eu\/blog\/wp-json\/wp\/v2\/tags?post=12898"},{"taxonomy":"ano","embeddable":true,"href":"http:\/\/arquitecturadegalicia.eu\/blog\/wp-json\/wp\/v2\/ano?post=12898"},{"taxonomy":"arquitectos","embeddable":true,"href":"http:\/\/arquitecturadegalicia.eu\/blog\/wp-json\/wp\/v2\/arquitectos?post=12898"},{"taxonomy":"tipoloxia","embeddable":true,"href":"http:\/\/arquitecturadegalicia.eu\/blog\/wp-json\/wp\/v2\/tipoloxia?post=12898"}],"curies":[{"name":"wp","href":"https:\/\/api.w.org\/{rel}","templated":true}]}}