{"id":13361,"date":"2015-03-16T12:00:16","date_gmt":"2015-03-16T11:00:16","guid":{"rendered":"http:\/\/arquitecturadegalicia.eu\/blog\/?p=13361"},"modified":"2015-03-07T21:32:32","modified_gmt":"2015-03-07T20:32:32","slug":"cabanas-barranco","status":"publish","type":"post","link":"http:\/\/arquitecturadegalicia.eu\/blog\/cabanas-barranco\/","title":{"rendered":"Centro de actividades mari\u00f1eiras e Cabanas do Barranco"},"content":{"rendered":"<h6 style=\"text-align: right;\"><span style=\"color: #999999;\"><strong><a style=\"color: #999999;\" href=\"http:\/\/www.santos-diez.com\/\" target=\"_blank\"><img fetchpriority=\"high\" decoding=\"async\" class=\"alignnone size-full wp-image-13367\" src=\"http:\/\/arquitecturadegalicia.eu\/blog\/wp-content\/uploads\/2015\/03\/AG_cabanas_barranco_outes_salgado_linhares_00.jpg\" alt=\"AG_cabanas_barranco_outes_salgado_linhares_00\" width=\"620\" height=\"465\" \/><br \/>\nSantos-D\u00edez<\/a>\u00a0|\u00a0<a style=\"color: #999999;\" href=\"http:\/\/www.bisimages.com\/\" target=\"_blank\">BISimages<\/a><\/strong><\/span><\/h6>\n<table class=\"aligncenter\" border=\"0\" width=\"620\" cellspacing=\"0\" cellpadding=\"0\">\n<tbody>\n<tr>\n<td width=\"180\"><strong>Obra:<\/strong><\/td>\n<td style=\"text-align: left;\">Centro de actividades mari\u00f1eiras e cabanas do barranco<\/td>\n<\/tr>\n<tr>\n<td><strong>Arquitecto:<\/strong><\/td>\n<td>Salgado e Li\u00f1ares arquitectos<\/td>\n<\/tr>\n<tr>\n<td><strong>Provincia:<\/strong><\/td>\n<td>A Coru\u00f1a<\/td>\n<\/tr>\n<tr>\n<td><strong>Localidade:<\/strong><\/td>\n<td>Ousesende, Outes<\/td>\n<\/tr>\n<tr>\n<td><strong>Ano:<\/strong><\/td>\n<td>2014<\/td>\n<\/tr>\n<tr>\n<td><strong>Xeolocalizaci\u00f3n:<\/strong><\/td>\n<td><a href=\"https:\/\/www.google.com\/fusiontables\/embedviz?q=select+col6+from+1SDgapi_D5DlY376iYYP9rfBhe0o6WliHne9w0EmJ&amp;viz=MAP&amp;h=false&amp;lat=42.86411251482817&amp;lng=-8.910663776598424&amp;t=3&amp;z=16&amp;l=col6&amp;y=2&amp;tmplt=2&amp;hml=KML\" target=\"_blank\"><strong>42.865672, -8.909917<\/strong><\/a><\/td>\n<\/tr>\n<\/tbody>\n<\/table>\n<table class=\" aligncenter\" border=\"0\" width=\"620\" cellspacing=\"0\" cellpadding=\"0\">\n<tbody>\n<tr>\n<td colspan=\"3\"><strong>Outros Datos:<\/strong><\/td>\n<\/tr>\n<tr>\n<td width=\"20\"><\/td>\n<td colspan=\"2\"><strong>Premios:<\/strong><\/td>\n<\/tr>\n<tr>\n<td width=\"20\"><\/td>\n<td width=\"20\"><\/td>\n<td width=\"580\"><\/td>\n<\/tr>\n<tr>\n<td width=\"20\"><\/td>\n<td colspan=\"2\"><strong>Publicaci\u00f3ns:<\/strong><\/td>\n<\/tr>\n<tr>\n<td width=\"20\"><\/td>\n<td width=\"20\"><\/td>\n<td><\/td>\n<\/tr>\n<tr>\n<td width=\"20\"><\/td>\n<td colspan=\"2\"><strong>Informaci\u00f3n na rede:<\/strong><\/td>\n<\/tr>\n<tr>\n<td width=\"20\"><\/td>\n<td width=\"20\"><\/td>\n<td><strong><strong><a href=\"http:\/\/salgadoeli\u00f1ares.com\/categoria\/12#proxecto_40\" target=\"_blank\">salgadoeli\u00f1ares.com<br \/>\n<\/a><\/strong><\/strong><strong><a href=\"http:\/\/veredes.es\/blog\/gl\/centro-de-actividades-marineras-y-cabanas-del-barranco-en-ousesende-salgadolinares\/\" target=\"_blank\">veredes.es<br \/>\n<\/a><a href=\"http:\/\/cabanasdobarranco.com\/\" target=\"_blank\">cabanasdobarranco.com<\/a><\/strong><br \/>\n<a href=\"http:\/\/santos-diez.com\/fotografia\/?p=2054\" target=\"_blank\"><strong>santos-diez.com<\/strong><\/a><\/td>\n<\/tr>\n<tr>\n<td width=\"20\"><\/td>\n<td colspan=\"2\"><strong>Descripci\u00f3n do proxecto:<\/strong><\/td>\n<\/tr>\n<tr>\n<td width=\"20\"><\/td>\n<td width=\"20\"><\/td>\n<td style=\"text-align: justify;\">\u00abRecibimos o encargo dunha intervenci\u00f3n hoteleira singular con apartamentos independentes nunha baleiro do n\u00facleo de Ousesende, concello de Outes<strong>.<\/strong> Froito do abrupto da s\u00faa topograf\u00eda e do paulatino abandono deste tipo de n\u00facleos, sobre o soar derram\u00e1rase un bosque espont\u00e1neo e heterox\u00e9neo que cercaba a aldea ameazando con recuperar o que un d\u00eda foi seu.<br \/>\nA premisa de conservar a vexetaci\u00f3n e os seus caprichos as\u00ed como non realizar ning\u00fan movemento de terra que puidese danar as ra\u00edces das diferentes especies nos leva a establecer as pautas para determinar a forma e a implantaci\u00f3n de cada unidade en tres niveis de detalle.<br \/>\nA nivel global, real\u00edzase unha primeira aproximaci\u00f3n \u00e1 parcela dende a s\u00faa secci\u00f3n. Conseguimos unhas primeiras manchas asom\u00e1ndonos aos diferentes bordos e facendo nosos os terreos circundantes, liberando espazo e buscando a intimidade de cada edificaci\u00f3n sen renunciar a unha sorprendente perspectiva, entre as ramas, sobre a desembocadura do Rio Tines, os montes Barbanza, Tr\u00e9muzo e A Pena, e o nacemento da r\u00eda de Muros-Noia.<br \/>\nNun segundo nivel, def\u00ednense formalmente as diferentes edificaci\u00f3ns as\u00ed como a s\u00faa implantaci\u00f3n atendendo \u00e1 evoluci\u00f3n caprichosa das diferentes especies, buscando ocos entre as s\u00faas ramas, condicionados polas s\u00faas orixes, o seu presente e o seu futuro.<br \/>\nNun terceiro nivel, def\u00ednense as apoios sobre os que soportar as lixeiras estruturas de madeira sen danar as ra\u00edces das diferentes \u00e1rbores entre as que se integran, def\u00ednense tam\u00e9n as alturas das diferentes edificaci\u00f3ns e os accesos, buscando esvaer a li\u00f1a entre edificaci\u00f3n e \u00e1mbito, natural e artificial.<br \/>\nA intervenci\u00f3n real\u00edzase cun elaborado sistema construtivo en madeira que determina acabados e proporci\u00f3ns. As fachadas rem\u00e1tanse con madeiras recicladas que aceleran a natural integraci\u00f3n do conxunto.<br \/>\nA inspiraci\u00f3n, aquelas primeiras construci\u00f3ns que, cando nenos, evidenciaban ese instinto at\u00e1vico de desexar vivir entre as ramas das \u00e1rbores\u00bb<br \/>\nSalgado e Li\u00f1ares arquitectos<\/td>\n<\/tr>\n<tr>\n<td width=\"20\"><\/td>\n<td colspan=\"2\"><strong>Reportaxe fotogr\u00e1fica: <\/strong><\/td>\n<\/tr>\n<tr>\n<td width=\"20\"><\/td>\n<td colspan=\"2\">&#8211;<\/td>\n<\/tr>\n<tr>\n<td width=\"20\"><\/td>\n<td colspan=\"2\"><strong>Planos: <\/strong><\/td>\n<\/tr>\n<tr>\n<td width=\"20\"><\/td>\n<td colspan=\"2\"><strong><a href=\"http:\/\/veredes.es\/blog\/gl\/centro-de-actividades-marineras-y-cabanas-del-barranco-en-ousesende-salgadolinares\/\" target=\"_blank\">veredes.es<\/a><\/strong><\/td>\n<\/tr>\n<\/tbody>\n<\/table>\n <\/p>\n","protected":false},"excerpt":{"rendered":"<p>\u00abA inspiraci\u00f3n, aquelas primeiras construci\u00f3ns que, cando nenos, evidenciaban ese instinto at\u00e1vico de desexar vivir entre as ramas das \u00e1rbores\u00bb<br \/>\nSalgado e Li\u00f1ares arquitectos<\/p>\n","protected":false},"author":8,"featured_media":13367,"comment_status":"open","ping_status":"open","sticky":false,"template":"","format":"standard","meta":{"jetpack_post_was_ever_published":false,"_jetpack_newsletter_access":"","_jetpack_dont_email_post_to_subs":false,"_jetpack_newsletter_tier_id":0,"_jetpack_memberships_contains_paywalled_content":false,"_jetpack_memberships_contains_paid_content":false,"footnotes":"","jetpack_publicize_message":"","jetpack_publicize_feature_enabled":true,"jetpack_social_post_already_shared":true,"jetpack_social_options":{"image_generator_settings":{"template":"highway","enabled":false},"version":2}},"categories":[780],"tags":[759,643,103],"ano":[],"arquitectos":[],"tipoloxia":[],"class_list":["post-13361","post","type-post","status-publish","format-standard","has-post-thumbnail","hentry","category-outes","tag-759","tag-hoteleiro","tag-salgadoelinares","content-print"],"jetpack_publicize_connections":[],"yoast_head":"<!-- This site is optimized with the Yoast SEO plugin v24.1 - https:\/\/yoast.com\/wordpress\/plugins\/seo\/ -->\n<title>Centro de actividades mari\u00f1eiras e Cabanas do Barranco | AG<\/title>\n<meta name=\"robots\" content=\"index, follow, max-snippet:-1, max-image-preview:large, max-video-preview:-1\" \/>\n<link rel=\"canonical\" href=\"http:\/\/arquitecturadegalicia.eu\/blog\/cabanas-barranco\/\" \/>\n<meta property=\"og:locale\" content=\"es_ES\" \/>\n<meta property=\"og:type\" content=\"article\" \/>\n<meta property=\"og:title\" content=\"Centro de actividades mari\u00f1eiras e Cabanas do Barranco | AG\" \/>\n<meta property=\"og:description\" content=\"&quot;A inspiraci\u00f3n, aquelas primeiras construci\u00f3ns que, cando nenos, evidenciaban ese instinto at\u00e1vico de desexar vivir entre as ramas das \u00e1rbores&quot; Salgado e Li\u00f1ares arquitectos\" \/>\n<meta property=\"og:url\" content=\"http:\/\/arquitecturadegalicia.eu\/blog\/cabanas-barranco\/\" \/>\n<meta property=\"og:site_name\" content=\"AG\" \/>\n<meta property=\"article:publisher\" content=\"https:\/\/www.facebook.com\/ArquitecturadeGalicia\/\" \/>\n<meta property=\"article:published_time\" content=\"2015-03-16T11:00:16+00:00\" \/>\n<meta property=\"article:modified_time\" content=\"2015-03-07T20:32:32+00:00\" \/>\n<meta property=\"og:image\" content=\"http:\/\/arquitecturadegalicia.eu\/blog\/wp-content\/uploads\/2015\/03\/AG_cabanas_barranco_outes_salgado_linhares_00.jpg\" \/>\n\t<meta property=\"og:image:width\" content=\"620\" \/>\n\t<meta property=\"og:image:height\" content=\"465\" \/>\n\t<meta property=\"og:image:type\" content=\"image\/jpeg\" \/>\n<meta name=\"author\" content=\"Iago Valverde\" \/>\n<meta name=\"twitter:card\" content=\"summary_large_image\" \/>\n<meta name=\"twitter:creator\" content=\"@arquigaliciaeu\" \/>\n<meta name=\"twitter:site\" content=\"@arquigaliciaeu\" \/>\n<meta name=\"twitter:label1\" content=\"Escrito por\" \/>\n\t<meta name=\"twitter:data1\" content=\"Iago Valverde\" \/>\n\t<meta name=\"twitter:label2\" content=\"Tiempo de lectura\" \/>\n\t<meta name=\"twitter:data2\" content=\"2 minutos\" \/>\n<script type=\"application\/ld+json\" class=\"yoast-schema-graph\">{\"@context\":\"https:\/\/schema.org\",\"@graph\":[{\"@type\":\"Article\",\"@id\":\"http:\/\/arquitecturadegalicia.eu\/blog\/cabanas-barranco\/#article\",\"isPartOf\":{\"@id\":\"http:\/\/arquitecturadegalicia.eu\/blog\/cabanas-barranco\/\"},\"author\":{\"name\":\"Iago Valverde\",\"@id\":\"https:\/\/arquitecturadegalicia.eu\/blog\/#\/schema\/person\/a51297ea3eeddd32ccbd89a218e148f1\"},\"headline\":\"Centro de actividades mari\u00f1eiras e Cabanas do Barranco\",\"datePublished\":\"2015-03-16T11:00:16+00:00\",\"dateModified\":\"2015-03-07T20:32:32+00:00\",\"mainEntityOfPage\":{\"@id\":\"http:\/\/arquitecturadegalicia.eu\/blog\/cabanas-barranco\/\"},\"wordCount\":421,\"commentCount\":0,\"publisher\":{\"@id\":\"https:\/\/arquitecturadegalicia.eu\/blog\/#organization\"},\"image\":{\"@id\":\"http:\/\/arquitecturadegalicia.eu\/blog\/cabanas-barranco\/#primaryimage\"},\"thumbnailUrl\":\"http:\/\/arquitecturadegalicia.eu\/blog\/wp-content\/uploads\/2015\/03\/AG_cabanas_barranco_outes_salgado_linhares_00.jpg\",\"keywords\":[\"2014\",\"hoteleiro\",\"SalgadoeLi\u00f1ares\"],\"articleSection\":[\"Outes\"],\"inLanguage\":\"es\",\"potentialAction\":[{\"@type\":\"CommentAction\",\"name\":\"Comment\",\"target\":[\"http:\/\/arquitecturadegalicia.eu\/blog\/cabanas-barranco\/#respond\"]}]},{\"@type\":\"WebPage\",\"@id\":\"http:\/\/arquitecturadegalicia.eu\/blog\/cabanas-barranco\/\",\"url\":\"http:\/\/arquitecturadegalicia.eu\/blog\/cabanas-barranco\/\",\"name\":\"Centro de actividades mari\u00f1eiras e Cabanas do Barranco | AG\",\"isPartOf\":{\"@id\":\"https:\/\/arquitecturadegalicia.eu\/blog\/#website\"},\"primaryImageOfPage\":{\"@id\":\"http:\/\/arquitecturadegalicia.eu\/blog\/cabanas-barranco\/#primaryimage\"},\"image\":{\"@id\":\"http:\/\/arquitecturadegalicia.eu\/blog\/cabanas-barranco\/#primaryimage\"},\"thumbnailUrl\":\"http:\/\/arquitecturadegalicia.eu\/blog\/wp-content\/uploads\/2015\/03\/AG_cabanas_barranco_outes_salgado_linhares_00.jpg\",\"datePublished\":\"2015-03-16T11:00:16+00:00\",\"dateModified\":\"2015-03-07T20:32:32+00:00\",\"breadcrumb\":{\"@id\":\"http:\/\/arquitecturadegalicia.eu\/blog\/cabanas-barranco\/#breadcrumb\"},\"inLanguage\":\"es\",\"potentialAction\":[{\"@type\":\"ReadAction\",\"target\":[\"http:\/\/arquitecturadegalicia.eu\/blog\/cabanas-barranco\/\"]}]},{\"@type\":\"ImageObject\",\"inLanguage\":\"es\",\"@id\":\"http:\/\/arquitecturadegalicia.eu\/blog\/cabanas-barranco\/#primaryimage\",\"url\":\"http:\/\/arquitecturadegalicia.eu\/blog\/wp-content\/uploads\/2015\/03\/AG_cabanas_barranco_outes_salgado_linhares_00.jpg\",\"contentUrl\":\"http:\/\/arquitecturadegalicia.eu\/blog\/wp-content\/uploads\/2015\/03\/AG_cabanas_barranco_outes_salgado_linhares_00.jpg\",\"width\":620,\"height\":465},{\"@type\":\"BreadcrumbList\",\"@id\":\"http:\/\/arquitecturadegalicia.eu\/blog\/cabanas-barranco\/#breadcrumb\",\"itemListElement\":[{\"@type\":\"ListItem\",\"position\":1,\"name\":\"Portada\",\"item\":\"https:\/\/arquitecturadegalicia.eu\/blog\/\"},{\"@type\":\"ListItem\",\"position\":2,\"name\":\"Centro de actividades mari\u00f1eiras e Cabanas do Barranco\"}]},{\"@type\":\"WebSite\",\"@id\":\"https:\/\/arquitecturadegalicia.eu\/blog\/#website\",\"url\":\"https:\/\/arquitecturadegalicia.eu\/blog\/\",\"name\":\"AG\",\"description\":\"Arquitectura de Galicia\",\"publisher\":{\"@id\":\"https:\/\/arquitecturadegalicia.eu\/blog\/#organization\"},\"potentialAction\":[{\"@type\":\"SearchAction\",\"target\":{\"@type\":\"EntryPoint\",\"urlTemplate\":\"https:\/\/arquitecturadegalicia.eu\/blog\/?s={search_term_string}\"},\"query-input\":{\"@type\":\"PropertyValueSpecification\",\"valueRequired\":true,\"valueName\":\"search_term_string\"}}],\"inLanguage\":\"es\"},{\"@type\":\"Organization\",\"@id\":\"https:\/\/arquitecturadegalicia.eu\/blog\/#organization\",\"name\":\"Arquitectura de Galicia\",\"url\":\"https:\/\/arquitecturadegalicia.eu\/blog\/\",\"logo\":{\"@type\":\"ImageObject\",\"inLanguage\":\"es\",\"@id\":\"https:\/\/arquitecturadegalicia.eu\/blog\/#\/schema\/logo\/image\/\",\"url\":\"https:\/\/arquitecturadegalicia.eu\/blog\/wp-content\/uploads\/2017\/01\/arquitecturacurrents2.png\",\"contentUrl\":\"https:\/\/arquitecturadegalicia.eu\/blog\/wp-content\/uploads\/2017\/01\/arquitecturacurrents2.png\",\"width\":840,\"height\":640,\"caption\":\"Arquitectura de Galicia\"},\"image\":{\"@id\":\"https:\/\/arquitecturadegalicia.eu\/blog\/#\/schema\/logo\/image\/\"},\"sameAs\":[\"https:\/\/www.facebook.com\/ArquitecturadeGalicia\/\",\"https:\/\/x.com\/arquigaliciaeu\",\"https:\/\/www.instagram.com\/arquigaliciaeu\/\"]},{\"@type\":\"Person\",\"@id\":\"https:\/\/arquitecturadegalicia.eu\/blog\/#\/schema\/person\/a51297ea3eeddd32ccbd89a218e148f1\",\"name\":\"Iago Valverde\",\"image\":{\"@type\":\"ImageObject\",\"inLanguage\":\"es\",\"@id\":\"https:\/\/arquitecturadegalicia.eu\/blog\/#\/schema\/person\/image\/\",\"url\":\"https:\/\/secure.gravatar.com\/avatar\/eb8a9f2f10ff79db5c78989d92f1e8b2?s=96&d=mm&r=g\",\"contentUrl\":\"https:\/\/secure.gravatar.com\/avatar\/eb8a9f2f10ff79db5c78989d92f1e8b2?s=96&d=mm&r=g\",\"caption\":\"Iago Valverde\"},\"description\":\"Nigr\u00e1n | Edici\u00f3n de artigos e xeolocalizaci\u00f3n | Arquitecto en formaci\u00f3n na ETSAC e cursando PFC. Interesado en urbanismo, arquitectura, pol\u00edtica, e todo aquilo que \u00e9 complexo e vital\",\"url\":\"http:\/\/arquitecturadegalicia.eu\/blog\/author\/iago-valverde\/\"}]}<\/script>\n<!-- \/ Yoast SEO plugin. -->","yoast_head_json":{"title":"Centro de actividades mari\u00f1eiras e Cabanas do Barranco | AG","robots":{"index":"index","follow":"follow","max-snippet":"max-snippet:-1","max-image-preview":"max-image-preview:large","max-video-preview":"max-video-preview:-1"},"canonical":"http:\/\/arquitecturadegalicia.eu\/blog\/cabanas-barranco\/","og_locale":"es_ES","og_type":"article","og_title":"Centro de actividades mari\u00f1eiras e Cabanas do Barranco | AG","og_description":"\"A inspiraci\u00f3n, aquelas primeiras construci\u00f3ns que, cando nenos, evidenciaban ese instinto at\u00e1vico de desexar vivir entre as ramas das \u00e1rbores\" Salgado e Li\u00f1ares arquitectos","og_url":"http:\/\/arquitecturadegalicia.eu\/blog\/cabanas-barranco\/","og_site_name":"AG","article_publisher":"https:\/\/www.facebook.com\/ArquitecturadeGalicia\/","article_published_time":"2015-03-16T11:00:16+00:00","article_modified_time":"2015-03-07T20:32:32+00:00","og_image":[{"width":620,"height":465,"url":"http:\/\/arquitecturadegalicia.eu\/blog\/wp-content\/uploads\/2015\/03\/AG_cabanas_barranco_outes_salgado_linhares_00.jpg","type":"image\/jpeg"}],"author":"Iago Valverde","twitter_card":"summary_large_image","twitter_creator":"@arquigaliciaeu","twitter_site":"@arquigaliciaeu","twitter_misc":{"Escrito por":"Iago Valverde","Tiempo de lectura":"2 minutos"},"schema":{"@context":"https:\/\/schema.org","@graph":[{"@type":"Article","@id":"http:\/\/arquitecturadegalicia.eu\/blog\/cabanas-barranco\/#article","isPartOf":{"@id":"http:\/\/arquitecturadegalicia.eu\/blog\/cabanas-barranco\/"},"author":{"name":"Iago Valverde","@id":"https:\/\/arquitecturadegalicia.eu\/blog\/#\/schema\/person\/a51297ea3eeddd32ccbd89a218e148f1"},"headline":"Centro de actividades mari\u00f1eiras e Cabanas do Barranco","datePublished":"2015-03-16T11:00:16+00:00","dateModified":"2015-03-07T20:32:32+00:00","mainEntityOfPage":{"@id":"http:\/\/arquitecturadegalicia.eu\/blog\/cabanas-barranco\/"},"wordCount":421,"commentCount":0,"publisher":{"@id":"https:\/\/arquitecturadegalicia.eu\/blog\/#organization"},"image":{"@id":"http:\/\/arquitecturadegalicia.eu\/blog\/cabanas-barranco\/#primaryimage"},"thumbnailUrl":"http:\/\/arquitecturadegalicia.eu\/blog\/wp-content\/uploads\/2015\/03\/AG_cabanas_barranco_outes_salgado_linhares_00.jpg","keywords":["2014","hoteleiro","SalgadoeLi\u00f1ares"],"articleSection":["Outes"],"inLanguage":"es","potentialAction":[{"@type":"CommentAction","name":"Comment","target":["http:\/\/arquitecturadegalicia.eu\/blog\/cabanas-barranco\/#respond"]}]},{"@type":"WebPage","@id":"http:\/\/arquitecturadegalicia.eu\/blog\/cabanas-barranco\/","url":"http:\/\/arquitecturadegalicia.eu\/blog\/cabanas-barranco\/","name":"Centro de actividades mari\u00f1eiras e Cabanas do Barranco | AG","isPartOf":{"@id":"https:\/\/arquitecturadegalicia.eu\/blog\/#website"},"primaryImageOfPage":{"@id":"http:\/\/arquitecturadegalicia.eu\/blog\/cabanas-barranco\/#primaryimage"},"image":{"@id":"http:\/\/arquitecturadegalicia.eu\/blog\/cabanas-barranco\/#primaryimage"},"thumbnailUrl":"http:\/\/arquitecturadegalicia.eu\/blog\/wp-content\/uploads\/2015\/03\/AG_cabanas_barranco_outes_salgado_linhares_00.jpg","datePublished":"2015-03-16T11:00:16+00:00","dateModified":"2015-03-07T20:32:32+00:00","breadcrumb":{"@id":"http:\/\/arquitecturadegalicia.eu\/blog\/cabanas-barranco\/#breadcrumb"},"inLanguage":"es","potentialAction":[{"@type":"ReadAction","target":["http:\/\/arquitecturadegalicia.eu\/blog\/cabanas-barranco\/"]}]},{"@type":"ImageObject","inLanguage":"es","@id":"http:\/\/arquitecturadegalicia.eu\/blog\/cabanas-barranco\/#primaryimage","url":"http:\/\/arquitecturadegalicia.eu\/blog\/wp-content\/uploads\/2015\/03\/AG_cabanas_barranco_outes_salgado_linhares_00.jpg","contentUrl":"http:\/\/arquitecturadegalicia.eu\/blog\/wp-content\/uploads\/2015\/03\/AG_cabanas_barranco_outes_salgado_linhares_00.jpg","width":620,"height":465},{"@type":"BreadcrumbList","@id":"http:\/\/arquitecturadegalicia.eu\/blog\/cabanas-barranco\/#breadcrumb","itemListElement":[{"@type":"ListItem","position":1,"name":"Portada","item":"https:\/\/arquitecturadegalicia.eu\/blog\/"},{"@type":"ListItem","position":2,"name":"Centro de actividades mari\u00f1eiras e Cabanas do Barranco"}]},{"@type":"WebSite","@id":"https:\/\/arquitecturadegalicia.eu\/blog\/#website","url":"https:\/\/arquitecturadegalicia.eu\/blog\/","name":"AG","description":"Arquitectura de Galicia","publisher":{"@id":"https:\/\/arquitecturadegalicia.eu\/blog\/#organization"},"potentialAction":[{"@type":"SearchAction","target":{"@type":"EntryPoint","urlTemplate":"https:\/\/arquitecturadegalicia.eu\/blog\/?s={search_term_string}"},"query-input":{"@type":"PropertyValueSpecification","valueRequired":true,"valueName":"search_term_string"}}],"inLanguage":"es"},{"@type":"Organization","@id":"https:\/\/arquitecturadegalicia.eu\/blog\/#organization","name":"Arquitectura de Galicia","url":"https:\/\/arquitecturadegalicia.eu\/blog\/","logo":{"@type":"ImageObject","inLanguage":"es","@id":"https:\/\/arquitecturadegalicia.eu\/blog\/#\/schema\/logo\/image\/","url":"https:\/\/arquitecturadegalicia.eu\/blog\/wp-content\/uploads\/2017\/01\/arquitecturacurrents2.png","contentUrl":"https:\/\/arquitecturadegalicia.eu\/blog\/wp-content\/uploads\/2017\/01\/arquitecturacurrents2.png","width":840,"height":640,"caption":"Arquitectura de Galicia"},"image":{"@id":"https:\/\/arquitecturadegalicia.eu\/blog\/#\/schema\/logo\/image\/"},"sameAs":["https:\/\/www.facebook.com\/ArquitecturadeGalicia\/","https:\/\/x.com\/arquigaliciaeu","https:\/\/www.instagram.com\/arquigaliciaeu\/"]},{"@type":"Person","@id":"https:\/\/arquitecturadegalicia.eu\/blog\/#\/schema\/person\/a51297ea3eeddd32ccbd89a218e148f1","name":"Iago Valverde","image":{"@type":"ImageObject","inLanguage":"es","@id":"https:\/\/arquitecturadegalicia.eu\/blog\/#\/schema\/person\/image\/","url":"https:\/\/secure.gravatar.com\/avatar\/eb8a9f2f10ff79db5c78989d92f1e8b2?s=96&d=mm&r=g","contentUrl":"https:\/\/secure.gravatar.com\/avatar\/eb8a9f2f10ff79db5c78989d92f1e8b2?s=96&d=mm&r=g","caption":"Iago Valverde"},"description":"Nigr\u00e1n | Edici\u00f3n de artigos e xeolocalizaci\u00f3n | Arquitecto en formaci\u00f3n na ETSAC e cursando PFC. Interesado en urbanismo, arquitectura, pol\u00edtica, e todo aquilo que \u00e9 complexo e vital","url":"http:\/\/arquitecturadegalicia.eu\/blog\/author\/iago-valverde\/"}]}},"jetpack_featured_media_url":"http:\/\/arquitecturadegalicia.eu\/blog\/wp-content\/uploads\/2015\/03\/AG_cabanas_barranco_outes_salgado_linhares_00.jpg","jetpack_shortlink":"https:\/\/wp.me\/p2NHs2-3tv","jetpack_sharing_enabled":true,"_links":{"self":[{"href":"http:\/\/arquitecturadegalicia.eu\/blog\/wp-json\/wp\/v2\/posts\/13361","targetHints":{"allow":["GET"]}}],"collection":[{"href":"http:\/\/arquitecturadegalicia.eu\/blog\/wp-json\/wp\/v2\/posts"}],"about":[{"href":"http:\/\/arquitecturadegalicia.eu\/blog\/wp-json\/wp\/v2\/types\/post"}],"author":[{"embeddable":true,"href":"http:\/\/arquitecturadegalicia.eu\/blog\/wp-json\/wp\/v2\/users\/8"}],"replies":[{"embeddable":true,"href":"http:\/\/arquitecturadegalicia.eu\/blog\/wp-json\/wp\/v2\/comments?post=13361"}],"version-history":[{"count":5,"href":"http:\/\/arquitecturadegalicia.eu\/blog\/wp-json\/wp\/v2\/posts\/13361\/revisions"}],"predecessor-version":[{"id":13376,"href":"http:\/\/arquitecturadegalicia.eu\/blog\/wp-json\/wp\/v2\/posts\/13361\/revisions\/13376"}],"wp:featuredmedia":[{"embeddable":true,"href":"http:\/\/arquitecturadegalicia.eu\/blog\/wp-json\/wp\/v2\/media\/13367"}],"wp:attachment":[{"href":"http:\/\/arquitecturadegalicia.eu\/blog\/wp-json\/wp\/v2\/media?parent=13361"}],"wp:term":[{"taxonomy":"category","embeddable":true,"href":"http:\/\/arquitecturadegalicia.eu\/blog\/wp-json\/wp\/v2\/categories?post=13361"},{"taxonomy":"post_tag","embeddable":true,"href":"http:\/\/arquitecturadegalicia.eu\/blog\/wp-json\/wp\/v2\/tags?post=13361"},{"taxonomy":"ano","embeddable":true,"href":"http:\/\/arquitecturadegalicia.eu\/blog\/wp-json\/wp\/v2\/ano?post=13361"},{"taxonomy":"arquitectos","embeddable":true,"href":"http:\/\/arquitecturadegalicia.eu\/blog\/wp-json\/wp\/v2\/arquitectos?post=13361"},{"taxonomy":"tipoloxia","embeddable":true,"href":"http:\/\/arquitecturadegalicia.eu\/blog\/wp-json\/wp\/v2\/tipoloxia?post=13361"}],"curies":[{"name":"wp","href":"https:\/\/api.w.org\/{rel}","templated":true}]}}