{"id":13674,"date":"2015-06-29T12:00:32","date_gmt":"2015-06-29T10:00:32","guid":{"rendered":"http:\/\/arquitecturadegalicia.eu\/blog\/?p=13674"},"modified":"2015-06-14T00:55:20","modified_gmt":"2015-06-13T22:55:20","slug":"rehabilitacion-integral-dunha-vivenda-en-coeses","status":"publish","type":"post","link":"http:\/\/arquitecturadegalicia.eu\/blog\/rehabilitacion-integral-dunha-vivenda-en-coeses\/","title":{"rendered":"Rehabilitaci\u00f3n integral dunha vivenda en Coeses"},"content":{"rendered":"<h6 style=\"text-align: right;\"><span style=\"color: #999999;\"><img fetchpriority=\"high\" decoding=\"async\" class=\"alignnone size-full wp-image-13676\" src=\"http:\/\/arquitecturadegalicia.eu\/blog\/wp-content\/uploads\/2015\/06\/AG_vivenda_coeses_emilio_rodriguez_blanco_00.jpg\" alt=\"AG_vivenda_coeses_emilio_rodriguez_blanco_00\" width=\"620\" height=\"393\" \/><br \/>\nEmilio Rodr\u00edguez<\/span><\/h6>\n<table class=\"aligncenter\" border=\"0\" width=\"620\" cellspacing=\"0\" cellpadding=\"0\">\n<tbody>\n<tr>\n<td width=\"180\"><strong>Obra:<\/strong><\/td>\n<td style=\"text-align: left;\">Rehabilitaci\u00f3n integral dunha vivenda en Coeses<\/td>\n<\/tr>\n<tr>\n<td><strong>Arquitecto:<\/strong><\/td>\n<td>Emilio Rodr\u00edguez Blanco<\/td>\n<\/tr>\n<tr>\n<td><strong>Provincia:<\/strong><\/td>\n<td>Lugo<\/td>\n<\/tr>\n<tr>\n<td><strong>Localidade:<\/strong><\/td>\n<td>Couses, Lugo<\/td>\n<\/tr>\n<tr>\n<td><strong>Ano:<\/strong><\/td>\n<td>2007- 2012<\/td>\n<\/tr>\n<tr>\n<td><strong>Xeolocalizaci\u00f3n:<\/strong><\/td>\n<td><a href=\"https:\/\/www.google.com\/fusiontables\/embedviz?q=select+col6+from+1SDgapi_D5DlY376iYYP9rfBhe0o6WliHne9w0EmJ&amp;viz=MAP&amp;h=false&amp;lat=42.94813856568902&amp;lng=-7.5266665963192665&amp;t=3&amp;z=17&amp;l=col6&amp;y=2&amp;tmplt=2&amp;hml=KML\" target=\"_blank\"><strong>42.947727, \u00a0-7.528147<\/strong><\/a><\/td>\n<\/tr>\n<\/tbody>\n<\/table>\n<table class=\" aligncenter\" border=\"0\" width=\"620\" cellspacing=\"0\" cellpadding=\"0\">\n<tbody>\n<tr>\n<td colspan=\"3\"><strong>Outros Datos:<\/strong><\/td>\n<\/tr>\n<tr>\n<td width=\"20\"><\/td>\n<td colspan=\"2\"><strong>Premios:<\/strong><\/td>\n<\/tr>\n<tr>\n<td width=\"20\"><\/td>\n<td width=\"20\"><\/td>\n<td width=\"580\">Ga\u00f1ador | Premio COAG. Rehabilitaci\u00f3n | 2015<br \/>\nAccesit | Premio Juana de Vega | 2013<\/td>\n<\/tr>\n<tr>\n<td width=\"20\"><\/td>\n<td colspan=\"2\"><strong>Publicaci\u00f3ns:<\/strong><\/td>\n<\/tr>\n<tr>\n<td width=\"20\"><\/td>\n<td width=\"20\"><\/td>\n<td><\/td>\n<\/tr>\n<tr>\n<td width=\"20\"><\/td>\n<td colspan=\"2\"><strong>Informaci\u00f3n na rede:<\/strong><\/td>\n<\/tr>\n<tr>\n<td width=\"20\"><\/td>\n<td width=\"20\"><\/td>\n<td><a href=\"http:\/\/rodriguezblancoarquitectos.com\/2013\/05\/15\/casa-taller-en-coeses\/\" target=\"_blank\"><strong>\u00a0rodriguezblancoarquitectos.com<\/strong><\/a><br \/>\n<strong><a href=\"http:\/\/www.coag.es\/premioscoag\/candidaturas\/portada.aspx\" target=\"_blank\">coag.es<\/a><\/strong><\/td>\n<\/tr>\n<tr>\n<td width=\"20\"><\/td>\n<td colspan=\"2\"><strong>Descripci\u00f3n do proxecto:<\/strong><\/td>\n<\/tr>\n<tr>\n<td width=\"20\"><\/td>\n<td width=\"20\"><\/td>\n<td style=\"text-align: justify;\">\u00abA vivenda ocupa o volume da antiga casa de labranza da que se conserva o muro perimetral de cachoter\u00eda exterior que mant\u00e9n a identidade e a imaxe tradicional. A cuberta \u00e9 de lusa que tam\u00e9n se disp\u00f3n como pavimento exterior.<br \/>\nCara o interior do predio desenv\u00f3lvese non obstante unha arquitectura baseada na eficiencia enerx\u00e9tica:<br \/>\nSobre unha casca de formig\u00f3n que act\u00faa de acumulador de enerx\u00eda despr\u00e9gase unha fachada transventilada de madeira de alerce tratada ao aceite que co tempo adquirir\u00e1 a cor gris caracter\u00edstica.<br \/>\nOs ocos da casa red\u00facese ao m\u00ednimo para evitar perdidas de enerx\u00eda excepto na orientaci\u00f3n sur onde adquire a s\u00faa m\u00e1xima dimensi\u00f3n a modo de captador solar.<br \/>\nA produci\u00f3n de enerx\u00eda para a auga quente sanitaria e a calefacci\u00f3n do chan radiante resolvese mediante bomba de calor e xeotermia.<br \/>\nO programa funcional combina dous espazos de traballo co da vivenda\u00bb<br \/>\nEmilio Rodr\u00edguez<\/td>\n<\/tr>\n<tr>\n<td width=\"20\"><\/td>\n<td colspan=\"2\"><strong>Reportaxe fotogr\u00e1fica: <\/strong><\/td>\n<\/tr>\n<tr>\n<td width=\"20\"><\/td>\n<td colspan=\"2\">&#8211;<\/td>\n<\/tr>\n<tr>\n<td width=\"20\"><\/td>\n<td colspan=\"2\"><strong>Planos: <\/strong><\/td>\n<\/tr>\n<tr>\n<td width=\"20\"><\/td>\n<td colspan=\"2\"><a href=\"http:\/\/www.coag.es\/premioscoag\/candidaturas\/portada.aspx\" target=\"_blank\">coag.es<\/a><\/td>\n<\/tr>\n<\/tbody>\n<\/table>\n\n <\/p>\n","protected":false},"excerpt":{"rendered":"<p>\u00abA vivenda ocupa o volume da antiga casa de labranza da que se conserva o muro perimetral de cachoter\u00eda exterior que mant\u00e9n a identidade e a imaxe tradicional\u00bb<br \/>\nEmilio Rodr\u00edguez<\/p>\n","protected":false},"author":8,"featured_media":13676,"comment_status":"open","ping_status":"open","sticky":false,"template":"","format":"standard","meta":{"jetpack_post_was_ever_published":false,"_jetpack_newsletter_access":"","_jetpack_dont_email_post_to_subs":false,"_jetpack_newsletter_tier_id":0,"_jetpack_memberships_contains_paywalled_content":false,"_jetpack_memberships_contains_paid_content":false,"footnotes":"","jetpack_publicize_message":"","jetpack_publicize_feature_enabled":true,"jetpack_social_post_already_shared":true,"jetpack_social_options":{"image_generator_settings":{"template":"highway","enabled":false},"version":2}},"categories":[10],"tags":[57,286,99,105,108],"ano":[],"arquitectos":[],"tipoloxia":[],"class_list":["post-13674","post","type-post","status-publish","format-standard","has-post-thumbnail","hentry","category-lugo-lugo","tag-57","tag-emilio-rodriguez-blanco","tag-rehabilitacion","tag-unifamiliar","tag-vivenda","content-print"],"jetpack_publicize_connections":[],"yoast_head":"<!-- This site is optimized with the Yoast SEO plugin v24.1 - https:\/\/yoast.com\/wordpress\/plugins\/seo\/ -->\n<title>Rehabilitaci\u00f3n integral dunha vivenda en Coeses | AG<\/title>\n<meta name=\"robots\" content=\"index, follow, max-snippet:-1, max-image-preview:large, max-video-preview:-1\" \/>\n<link rel=\"canonical\" href=\"http:\/\/arquitecturadegalicia.eu\/blog\/rehabilitacion-integral-dunha-vivenda-en-coeses\/\" \/>\n<meta property=\"og:locale\" content=\"es_ES\" \/>\n<meta property=\"og:type\" content=\"article\" \/>\n<meta property=\"og:title\" content=\"Rehabilitaci\u00f3n integral dunha vivenda en Coeses | AG\" \/>\n<meta property=\"og:description\" content=\"&quot;A vivenda ocupa o volume da antiga casa de labranza da que se conserva o muro perimetral de cachoter\u00eda exterior que mant\u00e9n a identidade e a imaxe tradicional&quot; Emilio Rodr\u00edguez\" \/>\n<meta property=\"og:url\" content=\"http:\/\/arquitecturadegalicia.eu\/blog\/rehabilitacion-integral-dunha-vivenda-en-coeses\/\" \/>\n<meta property=\"og:site_name\" content=\"AG\" \/>\n<meta property=\"article:publisher\" content=\"https:\/\/www.facebook.com\/ArquitecturadeGalicia\/\" \/>\n<meta property=\"article:published_time\" content=\"2015-06-29T10:00:32+00:00\" \/>\n<meta property=\"article:modified_time\" content=\"2015-06-13T22:55:20+00:00\" \/>\n<meta property=\"og:image\" content=\"http:\/\/arquitecturadegalicia.eu\/blog\/wp-content\/uploads\/2015\/06\/AG_vivenda_coeses_emilio_rodriguez_blanco_00.jpg\" \/>\n\t<meta property=\"og:image:width\" content=\"620\" \/>\n\t<meta property=\"og:image:height\" content=\"393\" \/>\n\t<meta property=\"og:image:type\" content=\"image\/jpeg\" \/>\n<meta name=\"author\" content=\"Iago Valverde\" \/>\n<meta name=\"twitter:card\" content=\"summary_large_image\" \/>\n<meta name=\"twitter:creator\" content=\"@arquigaliciaeu\" \/>\n<meta name=\"twitter:site\" content=\"@arquigaliciaeu\" \/>\n<meta name=\"twitter:label1\" content=\"Escrito por\" \/>\n\t<meta name=\"twitter:data1\" content=\"Iago Valverde\" \/>\n\t<meta name=\"twitter:label2\" content=\"Tiempo de lectura\" \/>\n\t<meta name=\"twitter:data2\" content=\"1 minuto\" \/>\n<script type=\"application\/ld+json\" class=\"yoast-schema-graph\">{\"@context\":\"https:\/\/schema.org\",\"@graph\":[{\"@type\":\"Article\",\"@id\":\"http:\/\/arquitecturadegalicia.eu\/blog\/rehabilitacion-integral-dunha-vivenda-en-coeses\/#article\",\"isPartOf\":{\"@id\":\"http:\/\/arquitecturadegalicia.eu\/blog\/rehabilitacion-integral-dunha-vivenda-en-coeses\/\"},\"author\":{\"name\":\"Iago Valverde\",\"@id\":\"https:\/\/arquitecturadegalicia.eu\/blog\/#\/schema\/person\/a51297ea3eeddd32ccbd89a218e148f1\"},\"headline\":\"Rehabilitaci\u00f3n integral dunha vivenda en Coeses\",\"datePublished\":\"2015-06-29T10:00:32+00:00\",\"dateModified\":\"2015-06-13T22:55:20+00:00\",\"mainEntityOfPage\":{\"@id\":\"http:\/\/arquitecturadegalicia.eu\/blog\/rehabilitacion-integral-dunha-vivenda-en-coeses\/\"},\"wordCount\":247,\"commentCount\":0,\"publisher\":{\"@id\":\"https:\/\/arquitecturadegalicia.eu\/blog\/#organization\"},\"image\":{\"@id\":\"http:\/\/arquitecturadegalicia.eu\/blog\/rehabilitacion-integral-dunha-vivenda-en-coeses\/#primaryimage\"},\"thumbnailUrl\":\"http:\/\/arquitecturadegalicia.eu\/blog\/wp-content\/uploads\/2015\/06\/AG_vivenda_coeses_emilio_rodriguez_blanco_00.jpg\",\"keywords\":[\"2012\",\"Emilio Rodr\u00edguez Blanco\",\"rehabilitaci\u00f3n\",\"unifamiliar\",\"Vivenda\"],\"articleSection\":[\"Lugo\"],\"inLanguage\":\"es\",\"potentialAction\":[{\"@type\":\"CommentAction\",\"name\":\"Comment\",\"target\":[\"http:\/\/arquitecturadegalicia.eu\/blog\/rehabilitacion-integral-dunha-vivenda-en-coeses\/#respond\"]}]},{\"@type\":\"WebPage\",\"@id\":\"http:\/\/arquitecturadegalicia.eu\/blog\/rehabilitacion-integral-dunha-vivenda-en-coeses\/\",\"url\":\"http:\/\/arquitecturadegalicia.eu\/blog\/rehabilitacion-integral-dunha-vivenda-en-coeses\/\",\"name\":\"Rehabilitaci\u00f3n integral dunha vivenda en Coeses | AG\",\"isPartOf\":{\"@id\":\"https:\/\/arquitecturadegalicia.eu\/blog\/#website\"},\"primaryImageOfPage\":{\"@id\":\"http:\/\/arquitecturadegalicia.eu\/blog\/rehabilitacion-integral-dunha-vivenda-en-coeses\/#primaryimage\"},\"image\":{\"@id\":\"http:\/\/arquitecturadegalicia.eu\/blog\/rehabilitacion-integral-dunha-vivenda-en-coeses\/#primaryimage\"},\"thumbnailUrl\":\"http:\/\/arquitecturadegalicia.eu\/blog\/wp-content\/uploads\/2015\/06\/AG_vivenda_coeses_emilio_rodriguez_blanco_00.jpg\",\"datePublished\":\"2015-06-29T10:00:32+00:00\",\"dateModified\":\"2015-06-13T22:55:20+00:00\",\"breadcrumb\":{\"@id\":\"http:\/\/arquitecturadegalicia.eu\/blog\/rehabilitacion-integral-dunha-vivenda-en-coeses\/#breadcrumb\"},\"inLanguage\":\"es\",\"potentialAction\":[{\"@type\":\"ReadAction\",\"target\":[\"http:\/\/arquitecturadegalicia.eu\/blog\/rehabilitacion-integral-dunha-vivenda-en-coeses\/\"]}]},{\"@type\":\"ImageObject\",\"inLanguage\":\"es\",\"@id\":\"http:\/\/arquitecturadegalicia.eu\/blog\/rehabilitacion-integral-dunha-vivenda-en-coeses\/#primaryimage\",\"url\":\"http:\/\/arquitecturadegalicia.eu\/blog\/wp-content\/uploads\/2015\/06\/AG_vivenda_coeses_emilio_rodriguez_blanco_00.jpg\",\"contentUrl\":\"http:\/\/arquitecturadegalicia.eu\/blog\/wp-content\/uploads\/2015\/06\/AG_vivenda_coeses_emilio_rodriguez_blanco_00.jpg\",\"width\":620,\"height\":393},{\"@type\":\"BreadcrumbList\",\"@id\":\"http:\/\/arquitecturadegalicia.eu\/blog\/rehabilitacion-integral-dunha-vivenda-en-coeses\/#breadcrumb\",\"itemListElement\":[{\"@type\":\"ListItem\",\"position\":1,\"name\":\"Portada\",\"item\":\"https:\/\/arquitecturadegalicia.eu\/blog\/\"},{\"@type\":\"ListItem\",\"position\":2,\"name\":\"Rehabilitaci\u00f3n integral dunha vivenda en Coeses\"}]},{\"@type\":\"WebSite\",\"@id\":\"https:\/\/arquitecturadegalicia.eu\/blog\/#website\",\"url\":\"https:\/\/arquitecturadegalicia.eu\/blog\/\",\"name\":\"AG\",\"description\":\"Arquitectura de Galicia\",\"publisher\":{\"@id\":\"https:\/\/arquitecturadegalicia.eu\/blog\/#organization\"},\"potentialAction\":[{\"@type\":\"SearchAction\",\"target\":{\"@type\":\"EntryPoint\",\"urlTemplate\":\"https:\/\/arquitecturadegalicia.eu\/blog\/?s={search_term_string}\"},\"query-input\":{\"@type\":\"PropertyValueSpecification\",\"valueRequired\":true,\"valueName\":\"search_term_string\"}}],\"inLanguage\":\"es\"},{\"@type\":\"Organization\",\"@id\":\"https:\/\/arquitecturadegalicia.eu\/blog\/#organization\",\"name\":\"Arquitectura de Galicia\",\"url\":\"https:\/\/arquitecturadegalicia.eu\/blog\/\",\"logo\":{\"@type\":\"ImageObject\",\"inLanguage\":\"es\",\"@id\":\"https:\/\/arquitecturadegalicia.eu\/blog\/#\/schema\/logo\/image\/\",\"url\":\"https:\/\/arquitecturadegalicia.eu\/blog\/wp-content\/uploads\/2017\/01\/arquitecturacurrents2.png\",\"contentUrl\":\"https:\/\/arquitecturadegalicia.eu\/blog\/wp-content\/uploads\/2017\/01\/arquitecturacurrents2.png\",\"width\":840,\"height\":640,\"caption\":\"Arquitectura de Galicia\"},\"image\":{\"@id\":\"https:\/\/arquitecturadegalicia.eu\/blog\/#\/schema\/logo\/image\/\"},\"sameAs\":[\"https:\/\/www.facebook.com\/ArquitecturadeGalicia\/\",\"https:\/\/x.com\/arquigaliciaeu\",\"https:\/\/www.instagram.com\/arquigaliciaeu\/\"]},{\"@type\":\"Person\",\"@id\":\"https:\/\/arquitecturadegalicia.eu\/blog\/#\/schema\/person\/a51297ea3eeddd32ccbd89a218e148f1\",\"name\":\"Iago Valverde\",\"image\":{\"@type\":\"ImageObject\",\"inLanguage\":\"es\",\"@id\":\"https:\/\/arquitecturadegalicia.eu\/blog\/#\/schema\/person\/image\/\",\"url\":\"https:\/\/secure.gravatar.com\/avatar\/eb8a9f2f10ff79db5c78989d92f1e8b2?s=96&d=mm&r=g\",\"contentUrl\":\"https:\/\/secure.gravatar.com\/avatar\/eb8a9f2f10ff79db5c78989d92f1e8b2?s=96&d=mm&r=g\",\"caption\":\"Iago Valverde\"},\"description\":\"Nigr\u00e1n | Edici\u00f3n de artigos e xeolocalizaci\u00f3n | Arquitecto en formaci\u00f3n na ETSAC e cursando PFC. Interesado en urbanismo, arquitectura, pol\u00edtica, e todo aquilo que \u00e9 complexo e vital\",\"url\":\"http:\/\/arquitecturadegalicia.eu\/blog\/author\/iago-valverde\/\"}]}<\/script>\n<!-- \/ Yoast SEO plugin. -->","yoast_head_json":{"title":"Rehabilitaci\u00f3n integral dunha vivenda en Coeses | AG","robots":{"index":"index","follow":"follow","max-snippet":"max-snippet:-1","max-image-preview":"max-image-preview:large","max-video-preview":"max-video-preview:-1"},"canonical":"http:\/\/arquitecturadegalicia.eu\/blog\/rehabilitacion-integral-dunha-vivenda-en-coeses\/","og_locale":"es_ES","og_type":"article","og_title":"Rehabilitaci\u00f3n integral dunha vivenda en Coeses | AG","og_description":"\"A vivenda ocupa o volume da antiga casa de labranza da que se conserva o muro perimetral de cachoter\u00eda exterior que mant\u00e9n a identidade e a imaxe tradicional\" Emilio Rodr\u00edguez","og_url":"http:\/\/arquitecturadegalicia.eu\/blog\/rehabilitacion-integral-dunha-vivenda-en-coeses\/","og_site_name":"AG","article_publisher":"https:\/\/www.facebook.com\/ArquitecturadeGalicia\/","article_published_time":"2015-06-29T10:00:32+00:00","article_modified_time":"2015-06-13T22:55:20+00:00","og_image":[{"width":620,"height":393,"url":"http:\/\/arquitecturadegalicia.eu\/blog\/wp-content\/uploads\/2015\/06\/AG_vivenda_coeses_emilio_rodriguez_blanco_00.jpg","type":"image\/jpeg"}],"author":"Iago Valverde","twitter_card":"summary_large_image","twitter_creator":"@arquigaliciaeu","twitter_site":"@arquigaliciaeu","twitter_misc":{"Escrito por":"Iago Valverde","Tiempo de lectura":"1 minuto"},"schema":{"@context":"https:\/\/schema.org","@graph":[{"@type":"Article","@id":"http:\/\/arquitecturadegalicia.eu\/blog\/rehabilitacion-integral-dunha-vivenda-en-coeses\/#article","isPartOf":{"@id":"http:\/\/arquitecturadegalicia.eu\/blog\/rehabilitacion-integral-dunha-vivenda-en-coeses\/"},"author":{"name":"Iago Valverde","@id":"https:\/\/arquitecturadegalicia.eu\/blog\/#\/schema\/person\/a51297ea3eeddd32ccbd89a218e148f1"},"headline":"Rehabilitaci\u00f3n integral dunha vivenda en Coeses","datePublished":"2015-06-29T10:00:32+00:00","dateModified":"2015-06-13T22:55:20+00:00","mainEntityOfPage":{"@id":"http:\/\/arquitecturadegalicia.eu\/blog\/rehabilitacion-integral-dunha-vivenda-en-coeses\/"},"wordCount":247,"commentCount":0,"publisher":{"@id":"https:\/\/arquitecturadegalicia.eu\/blog\/#organization"},"image":{"@id":"http:\/\/arquitecturadegalicia.eu\/blog\/rehabilitacion-integral-dunha-vivenda-en-coeses\/#primaryimage"},"thumbnailUrl":"http:\/\/arquitecturadegalicia.eu\/blog\/wp-content\/uploads\/2015\/06\/AG_vivenda_coeses_emilio_rodriguez_blanco_00.jpg","keywords":["2012","Emilio Rodr\u00edguez Blanco","rehabilitaci\u00f3n","unifamiliar","Vivenda"],"articleSection":["Lugo"],"inLanguage":"es","potentialAction":[{"@type":"CommentAction","name":"Comment","target":["http:\/\/arquitecturadegalicia.eu\/blog\/rehabilitacion-integral-dunha-vivenda-en-coeses\/#respond"]}]},{"@type":"WebPage","@id":"http:\/\/arquitecturadegalicia.eu\/blog\/rehabilitacion-integral-dunha-vivenda-en-coeses\/","url":"http:\/\/arquitecturadegalicia.eu\/blog\/rehabilitacion-integral-dunha-vivenda-en-coeses\/","name":"Rehabilitaci\u00f3n integral dunha vivenda en Coeses | AG","isPartOf":{"@id":"https:\/\/arquitecturadegalicia.eu\/blog\/#website"},"primaryImageOfPage":{"@id":"http:\/\/arquitecturadegalicia.eu\/blog\/rehabilitacion-integral-dunha-vivenda-en-coeses\/#primaryimage"},"image":{"@id":"http:\/\/arquitecturadegalicia.eu\/blog\/rehabilitacion-integral-dunha-vivenda-en-coeses\/#primaryimage"},"thumbnailUrl":"http:\/\/arquitecturadegalicia.eu\/blog\/wp-content\/uploads\/2015\/06\/AG_vivenda_coeses_emilio_rodriguez_blanco_00.jpg","datePublished":"2015-06-29T10:00:32+00:00","dateModified":"2015-06-13T22:55:20+00:00","breadcrumb":{"@id":"http:\/\/arquitecturadegalicia.eu\/blog\/rehabilitacion-integral-dunha-vivenda-en-coeses\/#breadcrumb"},"inLanguage":"es","potentialAction":[{"@type":"ReadAction","target":["http:\/\/arquitecturadegalicia.eu\/blog\/rehabilitacion-integral-dunha-vivenda-en-coeses\/"]}]},{"@type":"ImageObject","inLanguage":"es","@id":"http:\/\/arquitecturadegalicia.eu\/blog\/rehabilitacion-integral-dunha-vivenda-en-coeses\/#primaryimage","url":"http:\/\/arquitecturadegalicia.eu\/blog\/wp-content\/uploads\/2015\/06\/AG_vivenda_coeses_emilio_rodriguez_blanco_00.jpg","contentUrl":"http:\/\/arquitecturadegalicia.eu\/blog\/wp-content\/uploads\/2015\/06\/AG_vivenda_coeses_emilio_rodriguez_blanco_00.jpg","width":620,"height":393},{"@type":"BreadcrumbList","@id":"http:\/\/arquitecturadegalicia.eu\/blog\/rehabilitacion-integral-dunha-vivenda-en-coeses\/#breadcrumb","itemListElement":[{"@type":"ListItem","position":1,"name":"Portada","item":"https:\/\/arquitecturadegalicia.eu\/blog\/"},{"@type":"ListItem","position":2,"name":"Rehabilitaci\u00f3n integral dunha vivenda en Coeses"}]},{"@type":"WebSite","@id":"https:\/\/arquitecturadegalicia.eu\/blog\/#website","url":"https:\/\/arquitecturadegalicia.eu\/blog\/","name":"AG","description":"Arquitectura de Galicia","publisher":{"@id":"https:\/\/arquitecturadegalicia.eu\/blog\/#organization"},"potentialAction":[{"@type":"SearchAction","target":{"@type":"EntryPoint","urlTemplate":"https:\/\/arquitecturadegalicia.eu\/blog\/?s={search_term_string}"},"query-input":{"@type":"PropertyValueSpecification","valueRequired":true,"valueName":"search_term_string"}}],"inLanguage":"es"},{"@type":"Organization","@id":"https:\/\/arquitecturadegalicia.eu\/blog\/#organization","name":"Arquitectura de Galicia","url":"https:\/\/arquitecturadegalicia.eu\/blog\/","logo":{"@type":"ImageObject","inLanguage":"es","@id":"https:\/\/arquitecturadegalicia.eu\/blog\/#\/schema\/logo\/image\/","url":"https:\/\/arquitecturadegalicia.eu\/blog\/wp-content\/uploads\/2017\/01\/arquitecturacurrents2.png","contentUrl":"https:\/\/arquitecturadegalicia.eu\/blog\/wp-content\/uploads\/2017\/01\/arquitecturacurrents2.png","width":840,"height":640,"caption":"Arquitectura de Galicia"},"image":{"@id":"https:\/\/arquitecturadegalicia.eu\/blog\/#\/schema\/logo\/image\/"},"sameAs":["https:\/\/www.facebook.com\/ArquitecturadeGalicia\/","https:\/\/x.com\/arquigaliciaeu","https:\/\/www.instagram.com\/arquigaliciaeu\/"]},{"@type":"Person","@id":"https:\/\/arquitecturadegalicia.eu\/blog\/#\/schema\/person\/a51297ea3eeddd32ccbd89a218e148f1","name":"Iago Valverde","image":{"@type":"ImageObject","inLanguage":"es","@id":"https:\/\/arquitecturadegalicia.eu\/blog\/#\/schema\/person\/image\/","url":"https:\/\/secure.gravatar.com\/avatar\/eb8a9f2f10ff79db5c78989d92f1e8b2?s=96&d=mm&r=g","contentUrl":"https:\/\/secure.gravatar.com\/avatar\/eb8a9f2f10ff79db5c78989d92f1e8b2?s=96&d=mm&r=g","caption":"Iago Valverde"},"description":"Nigr\u00e1n | Edici\u00f3n de artigos e xeolocalizaci\u00f3n | Arquitecto en formaci\u00f3n na ETSAC e cursando PFC. Interesado en urbanismo, arquitectura, pol\u00edtica, e todo aquilo que \u00e9 complexo e vital","url":"http:\/\/arquitecturadegalicia.eu\/blog\/author\/iago-valverde\/"}]}},"jetpack_featured_media_url":"http:\/\/arquitecturadegalicia.eu\/blog\/wp-content\/uploads\/2015\/06\/AG_vivenda_coeses_emilio_rodriguez_blanco_00.jpg","jetpack_shortlink":"https:\/\/wp.me\/p2NHs2-3yy","jetpack_sharing_enabled":true,"_links":{"self":[{"href":"http:\/\/arquitecturadegalicia.eu\/blog\/wp-json\/wp\/v2\/posts\/13674","targetHints":{"allow":["GET"]}}],"collection":[{"href":"http:\/\/arquitecturadegalicia.eu\/blog\/wp-json\/wp\/v2\/posts"}],"about":[{"href":"http:\/\/arquitecturadegalicia.eu\/blog\/wp-json\/wp\/v2\/types\/post"}],"author":[{"embeddable":true,"href":"http:\/\/arquitecturadegalicia.eu\/blog\/wp-json\/wp\/v2\/users\/8"}],"replies":[{"embeddable":true,"href":"http:\/\/arquitecturadegalicia.eu\/blog\/wp-json\/wp\/v2\/comments?post=13674"}],"version-history":[{"count":3,"href":"http:\/\/arquitecturadegalicia.eu\/blog\/wp-json\/wp\/v2\/posts\/13674\/revisions"}],"predecessor-version":[{"id":13683,"href":"http:\/\/arquitecturadegalicia.eu\/blog\/wp-json\/wp\/v2\/posts\/13674\/revisions\/13683"}],"wp:featuredmedia":[{"embeddable":true,"href":"http:\/\/arquitecturadegalicia.eu\/blog\/wp-json\/wp\/v2\/media\/13676"}],"wp:attachment":[{"href":"http:\/\/arquitecturadegalicia.eu\/blog\/wp-json\/wp\/v2\/media?parent=13674"}],"wp:term":[{"taxonomy":"category","embeddable":true,"href":"http:\/\/arquitecturadegalicia.eu\/blog\/wp-json\/wp\/v2\/categories?post=13674"},{"taxonomy":"post_tag","embeddable":true,"href":"http:\/\/arquitecturadegalicia.eu\/blog\/wp-json\/wp\/v2\/tags?post=13674"},{"taxonomy":"ano","embeddable":true,"href":"http:\/\/arquitecturadegalicia.eu\/blog\/wp-json\/wp\/v2\/ano?post=13674"},{"taxonomy":"arquitectos","embeddable":true,"href":"http:\/\/arquitecturadegalicia.eu\/blog\/wp-json\/wp\/v2\/arquitectos?post=13674"},{"taxonomy":"tipoloxia","embeddable":true,"href":"http:\/\/arquitecturadegalicia.eu\/blog\/wp-json\/wp\/v2\/tipoloxia?post=13674"}],"curies":[{"name":"wp","href":"https:\/\/api.w.org\/{rel}","templated":true}]}}