{"id":1400,"date":"2012-11-13T17:13:48","date_gmt":"2012-11-13T17:13:48","guid":{"rendered":"http:\/\/arquitecturadegalicia.eu\/blog\/?p=1400"},"modified":"2013-02-08T12:09:32","modified_gmt":"2013-02-08T11:09:32","slug":"cafe-teatro-rumore","status":"publish","type":"post","link":"http:\/\/arquitecturadegalicia.eu\/blog\/cafe-teatro-rumore\/","title":{"rendered":"Caf\u00e9 Teatro Rumore"},"content":{"rendered":"<p><a href=\"http:\/\/arquitecturadegalicia.eu\/blog\/wp-content\/uploads\/2012\/11\/caf\u00e9-teatro-rumore-1.png\"><img fetchpriority=\"high\" decoding=\"async\" class=\"aligncenter size-full wp-image-1406\" title=\"caf\u00e9 teatro rumore (1)\" alt=\"\" src=\"http:\/\/arquitecturadegalicia.eu\/blog\/wp-content\/uploads\/2012\/11\/caf\u00e9-teatro-rumore-1.png\" width=\"620\" height=\"411\" srcset=\"http:\/\/arquitecturadegalicia.eu\/blog\/wp-content\/uploads\/2012\/11\/caf\u00e9-teatro-rumore-1.png 620w, http:\/\/arquitecturadegalicia.eu\/blog\/wp-content\/uploads\/2012\/11\/caf\u00e9-teatro-rumore-1-300x198.png 300w\" sizes=\"(max-width: 620px) 100vw, 620px\" \/><\/a><\/p>\n<table class=\"aligncenter\" width=\"620\" border=\"0\" cellspacing=\"0\" cellpadding=\"0\">\n<tbody>\n<tr>\n<td width=\"180\">Obra:<\/td>\n<td>Caf\u00e9 teatro Rumore<\/td>\n<\/tr>\n<tr>\n<td>Arquitecto:<\/td>\n<td>Andr\u00e9s Jaque Arquitectos<\/td>\n<\/tr>\n<tr>\n<td>Provincia:<\/td>\n<td>Pontevedra<\/td>\n<\/tr>\n<tr>\n<td>Localidade:<\/td>\n<td>Pontevedra<\/td>\n<\/tr>\n<tr>\n<td>Ano:<\/td>\n<td>2008<\/td>\n<\/tr>\n<tr>\n<td>Xeolocalizaci\u00f3n:<\/td>\n<td><a href=\"https:\/\/maps.google.com\/maps\/ms?msa=0&amp;msid=205584753861089304839.0004b3590a9baff01c53d&amp;ie=UTF8&amp;ll=42.428603,-8.641548&amp;spn=0.001716,0.002411&amp;t=h&amp;z=19&amp;vpsrc=6&amp;iwloc=0004ce636ab958dc1820e\" target=\"_blank\">42.43,-8.64<\/a><\/td>\n<\/tr>\n<tr>\n<td>Premios:<\/td>\n<td><\/td>\n<\/tr>\n<\/tbody>\n<\/table>\n<table class=\"aligncenter\" width=\"620\" border=\"0\" cellspacing=\"0\" cellpadding=\"0\">\n<tbody>\n<tr id=\"row1\" onclick=\"cambiarDisplay('row2')\">\n<td><span style=\"color: #333333;\">+<span style=\"text-decoration: underline;\">Outros datos<\/span><\/span><\/td>\n<\/tr>\n<tr id=\"row2\" style=\"display: none;\">\n<td>\n<table class=\"aligncenter\" width=\"100%\" border=\"0\" cellspacing=\"0\" cellpadding=\"0\">\n<tbody>\n<tr>\n<td><\/td>\n<td>Publicaci\u00f3ns<\/td>\n<td><\/td>\n<\/tr>\n<tr>\n<td><\/td>\n<td>Informaci\u00f3n na rede<\/td>\n<td><a href=\"http:\/\/oficinadeinnovacionpolitica.blogspot.com.es\/2008\/06\/comienzan-en-pontevedra-las-obras-del.html\" target=\"_blank\">oficinadeinnovacionpolitica.blogspot.com.es\/<\/a><\/td>\n<\/tr>\n<tr>\n<td><\/td>\n<\/tr>\n<tr>\n<td><\/td>\n<\/tr>\n<\/tbody>\n<\/table>\n<\/td>\n<\/tr>\n<\/tbody>\n<\/table>\n<p><script type=\"text\/javascript\">\/\/ <![CDATA[\nfunction cambiarDisplay(id) {\n if (!document.getElementById) return false;\n fila = document.getElementById(id);\n if (fila.style.display != \"none\") {\n   fila.style.display = \"none\"; \/\/ocultar fila \n } else {\n   fila.style.display = \"\"; \/\/mostrar fila \n }\n}\n\/\/ ]]><\/script><\/p>\n","protected":false},"excerpt":{"rendered":"<p>Arquitecto:\tAndr\u00e9s Jaque Arquitectos<br \/>\nProvincia:\tPontevedra<br \/>\nLocalidade:\tPontevedra<br \/>\nAno:\t2008<br \/>\nXeolocalizaci\u00f3n:\t42.43,-8.64<\/p>\n","protected":false},"author":4,"featured_media":1406,"comment_status":"open","ping_status":"open","sticky":false,"template":"","format":"standard","meta":{"jetpack_post_was_ever_published":false,"_jetpack_newsletter_access":"","_jetpack_dont_email_post_to_subs":false,"_jetpack_newsletter_tier_id":0,"_jetpack_memberships_contains_paywalled_content":false,"_jetpack_memberships_contains_paid_content":false,"footnotes":"","jetpack_publicize_message":"","jetpack_publicize_feature_enabled":true,"jetpack_social_post_already_shared":false,"jetpack_social_options":{"image_generator_settings":{"template":"highway","enabled":false},"version":2}},"categories":[20],"tags":[53,123,124],"ano":[],"arquitectos":[],"tipoloxia":[],"class_list":["post-1400","post","type-post","status-publish","format-standard","has-post-thumbnail","hentry","category-pontevedra-pontevedra","tag-53","tag-andres-jaque","tag-cultural","content-print"],"jetpack_publicize_connections":[],"yoast_head":"<!-- This site is optimized with the Yoast SEO plugin v24.1 - https:\/\/yoast.com\/wordpress\/plugins\/seo\/ -->\n<title>Caf\u00e9 Teatro Rumore | AG<\/title>\n<meta name=\"robots\" content=\"index, follow, max-snippet:-1, max-image-preview:large, max-video-preview:-1\" \/>\n<link rel=\"canonical\" href=\"https:\/\/arquitecturadegalicia.eu\/blog\/cafe-teatro-rumore\/\" \/>\n<meta property=\"og:locale\" content=\"es_ES\" \/>\n<meta property=\"og:type\" content=\"article\" \/>\n<meta property=\"og:title\" content=\"Caf\u00e9 Teatro Rumore | AG\" \/>\n<meta property=\"og:description\" content=\"Arquitecto: Andr\u00e9s Jaque Arquitectos Provincia: Pontevedra Localidade: Pontevedra Ano: 2008 Xeolocalizaci\u00f3n: 42.43,-8.64\" \/>\n<meta property=\"og:url\" content=\"https:\/\/arquitecturadegalicia.eu\/blog\/cafe-teatro-rumore\/\" \/>\n<meta property=\"og:site_name\" content=\"AG\" \/>\n<meta property=\"article:publisher\" content=\"https:\/\/www.facebook.com\/ArquitecturadeGalicia\/\" \/>\n<meta property=\"article:published_time\" content=\"2012-11-13T17:13:48+00:00\" \/>\n<meta property=\"article:modified_time\" content=\"2013-02-08T11:09:32+00:00\" \/>\n<meta property=\"og:image\" content=\"https:\/\/arquitecturadegalicia.eu\/blog\/wp-content\/uploads\/2012\/11\/caf\u00e9-teatro-rumore-1.png\" \/>\n\t<meta property=\"og:image:width\" content=\"620\" \/>\n\t<meta property=\"og:image:height\" content=\"411\" \/>\n\t<meta property=\"og:image:type\" content=\"image\/png\" \/>\n<meta name=\"author\" content=\"Arquitectura de Galicia\" \/>\n<meta name=\"twitter:card\" content=\"summary_large_image\" \/>\n<meta name=\"twitter:creator\" content=\"@arquigaliciaeu\" \/>\n<meta name=\"twitter:site\" content=\"@arquigaliciaeu\" \/>\n<meta name=\"twitter:label1\" content=\"Escrito por\" \/>\n\t<meta name=\"twitter:data1\" content=\"Arquitectura de Galicia\" \/>\n<script type=\"application\/ld+json\" class=\"yoast-schema-graph\">{\"@context\":\"https:\/\/schema.org\",\"@graph\":[{\"@type\":\"Article\",\"@id\":\"https:\/\/arquitecturadegalicia.eu\/blog\/cafe-teatro-rumore\/#article\",\"isPartOf\":{\"@id\":\"https:\/\/arquitecturadegalicia.eu\/blog\/cafe-teatro-rumore\/\"},\"author\":{\"name\":\"Arquitectura de Galicia\",\"@id\":\"https:\/\/arquitecturadegalicia.eu\/blog\/#\/schema\/person\/aca815955bcd8703bf06f15cbc68d627\"},\"headline\":\"Caf\u00e9 Teatro Rumore\",\"datePublished\":\"2012-11-13T17:13:48+00:00\",\"dateModified\":\"2013-02-08T11:09:32+00:00\",\"mainEntityOfPage\":{\"@id\":\"https:\/\/arquitecturadegalicia.eu\/blog\/cafe-teatro-rumore\/\"},\"wordCount\":33,\"commentCount\":0,\"publisher\":{\"@id\":\"https:\/\/arquitecturadegalicia.eu\/blog\/#organization\"},\"image\":{\"@id\":\"https:\/\/arquitecturadegalicia.eu\/blog\/cafe-teatro-rumore\/#primaryimage\"},\"thumbnailUrl\":\"http:\/\/arquitecturadegalicia.eu\/blog\/wp-content\/uploads\/2012\/11\/caf\u00e9-teatro-rumore-1.png\",\"keywords\":[\"2008\",\"Andr\u00e9s Jaque\",\"cultural\"],\"articleSection\":[\"Pontevedra\"],\"inLanguage\":\"es\",\"potentialAction\":[{\"@type\":\"CommentAction\",\"name\":\"Comment\",\"target\":[\"https:\/\/arquitecturadegalicia.eu\/blog\/cafe-teatro-rumore\/#respond\"]}]},{\"@type\":\"WebPage\",\"@id\":\"https:\/\/arquitecturadegalicia.eu\/blog\/cafe-teatro-rumore\/\",\"url\":\"https:\/\/arquitecturadegalicia.eu\/blog\/cafe-teatro-rumore\/\",\"name\":\"Caf\u00e9 Teatro Rumore | AG\",\"isPartOf\":{\"@id\":\"https:\/\/arquitecturadegalicia.eu\/blog\/#website\"},\"primaryImageOfPage\":{\"@id\":\"https:\/\/arquitecturadegalicia.eu\/blog\/cafe-teatro-rumore\/#primaryimage\"},\"image\":{\"@id\":\"https:\/\/arquitecturadegalicia.eu\/blog\/cafe-teatro-rumore\/#primaryimage\"},\"thumbnailUrl\":\"http:\/\/arquitecturadegalicia.eu\/blog\/wp-content\/uploads\/2012\/11\/caf\u00e9-teatro-rumore-1.png\",\"datePublished\":\"2012-11-13T17:13:48+00:00\",\"dateModified\":\"2013-02-08T11:09:32+00:00\",\"breadcrumb\":{\"@id\":\"https:\/\/arquitecturadegalicia.eu\/blog\/cafe-teatro-rumore\/#breadcrumb\"},\"inLanguage\":\"es\",\"potentialAction\":[{\"@type\":\"ReadAction\",\"target\":[\"https:\/\/arquitecturadegalicia.eu\/blog\/cafe-teatro-rumore\/\"]}]},{\"@type\":\"ImageObject\",\"inLanguage\":\"es\",\"@id\":\"https:\/\/arquitecturadegalicia.eu\/blog\/cafe-teatro-rumore\/#primaryimage\",\"url\":\"http:\/\/arquitecturadegalicia.eu\/blog\/wp-content\/uploads\/2012\/11\/caf\u00e9-teatro-rumore-1.png\",\"contentUrl\":\"http:\/\/arquitecturadegalicia.eu\/blog\/wp-content\/uploads\/2012\/11\/caf\u00e9-teatro-rumore-1.png\",\"width\":\"620\",\"height\":\"411\"},{\"@type\":\"BreadcrumbList\",\"@id\":\"https:\/\/arquitecturadegalicia.eu\/blog\/cafe-teatro-rumore\/#breadcrumb\",\"itemListElement\":[{\"@type\":\"ListItem\",\"position\":1,\"name\":\"Portada\",\"item\":\"https:\/\/arquitecturadegalicia.eu\/blog\/\"},{\"@type\":\"ListItem\",\"position\":2,\"name\":\"Caf\u00e9 Teatro Rumore\"}]},{\"@type\":\"WebSite\",\"@id\":\"https:\/\/arquitecturadegalicia.eu\/blog\/#website\",\"url\":\"https:\/\/arquitecturadegalicia.eu\/blog\/\",\"name\":\"AG\",\"description\":\"Arquitectura de Galicia\",\"publisher\":{\"@id\":\"https:\/\/arquitecturadegalicia.eu\/blog\/#organization\"},\"potentialAction\":[{\"@type\":\"SearchAction\",\"target\":{\"@type\":\"EntryPoint\",\"urlTemplate\":\"https:\/\/arquitecturadegalicia.eu\/blog\/?s={search_term_string}\"},\"query-input\":{\"@type\":\"PropertyValueSpecification\",\"valueRequired\":true,\"valueName\":\"search_term_string\"}}],\"inLanguage\":\"es\"},{\"@type\":\"Organization\",\"@id\":\"https:\/\/arquitecturadegalicia.eu\/blog\/#organization\",\"name\":\"Arquitectura de Galicia\",\"url\":\"https:\/\/arquitecturadegalicia.eu\/blog\/\",\"logo\":{\"@type\":\"ImageObject\",\"inLanguage\":\"es\",\"@id\":\"https:\/\/arquitecturadegalicia.eu\/blog\/#\/schema\/logo\/image\/\",\"url\":\"https:\/\/arquitecturadegalicia.eu\/blog\/wp-content\/uploads\/2017\/01\/arquitecturacurrents2.png\",\"contentUrl\":\"https:\/\/arquitecturadegalicia.eu\/blog\/wp-content\/uploads\/2017\/01\/arquitecturacurrents2.png\",\"width\":840,\"height\":640,\"caption\":\"Arquitectura de Galicia\"},\"image\":{\"@id\":\"https:\/\/arquitecturadegalicia.eu\/blog\/#\/schema\/logo\/image\/\"},\"sameAs\":[\"https:\/\/www.facebook.com\/ArquitecturadeGalicia\/\",\"https:\/\/x.com\/arquigaliciaeu\",\"https:\/\/www.instagram.com\/arquigaliciaeu\/\"]},{\"@type\":\"Person\",\"@id\":\"https:\/\/arquitecturadegalicia.eu\/blog\/#\/schema\/person\/aca815955bcd8703bf06f15cbc68d627\",\"name\":\"Arquitectura de Galicia\",\"image\":{\"@type\":\"ImageObject\",\"inLanguage\":\"es\",\"@id\":\"https:\/\/arquitecturadegalicia.eu\/blog\/#\/schema\/person\/image\/\",\"url\":\"https:\/\/secure.gravatar.com\/avatar\/a2c8bebdf4663071cf6ec28a8efd1521?s=96&d=mm&r=g\",\"contentUrl\":\"https:\/\/secure.gravatar.com\/avatar\/a2c8bebdf4663071cf6ec28a8efd1521?s=96&d=mm&r=g\",\"caption\":\"Arquitectura de Galicia\"},\"description\":\"Os artigos creados dende a p\u00e1xina proceden na maior parte dos casos de antigos editores, persoas externas que as publican mediante a subida de datos ou directamente foron recollidas dende os diferentes estudios de arquitectura.\",\"url\":\"http:\/\/arquitecturadegalicia.eu\/blog\/author\/arquitecturagalicia\/\"}]}<\/script>\n<!-- \/ Yoast SEO plugin. -->","yoast_head_json":{"title":"Caf\u00e9 Teatro Rumore | AG","robots":{"index":"index","follow":"follow","max-snippet":"max-snippet:-1","max-image-preview":"max-image-preview:large","max-video-preview":"max-video-preview:-1"},"canonical":"https:\/\/arquitecturadegalicia.eu\/blog\/cafe-teatro-rumore\/","og_locale":"es_ES","og_type":"article","og_title":"Caf\u00e9 Teatro Rumore | AG","og_description":"Arquitecto: Andr\u00e9s Jaque Arquitectos Provincia: Pontevedra Localidade: Pontevedra Ano: 2008 Xeolocalizaci\u00f3n: 42.43,-8.64","og_url":"https:\/\/arquitecturadegalicia.eu\/blog\/cafe-teatro-rumore\/","og_site_name":"AG","article_publisher":"https:\/\/www.facebook.com\/ArquitecturadeGalicia\/","article_published_time":"2012-11-13T17:13:48+00:00","article_modified_time":"2013-02-08T11:09:32+00:00","og_image":[{"width":620,"height":411,"url":"https:\/\/arquitecturadegalicia.eu\/blog\/wp-content\/uploads\/2012\/11\/caf\u00e9-teatro-rumore-1.png","type":"image\/png"}],"author":"Arquitectura de Galicia","twitter_card":"summary_large_image","twitter_creator":"@arquigaliciaeu","twitter_site":"@arquigaliciaeu","twitter_misc":{"Escrito por":"Arquitectura de Galicia"},"schema":{"@context":"https:\/\/schema.org","@graph":[{"@type":"Article","@id":"https:\/\/arquitecturadegalicia.eu\/blog\/cafe-teatro-rumore\/#article","isPartOf":{"@id":"https:\/\/arquitecturadegalicia.eu\/blog\/cafe-teatro-rumore\/"},"author":{"name":"Arquitectura de Galicia","@id":"https:\/\/arquitecturadegalicia.eu\/blog\/#\/schema\/person\/aca815955bcd8703bf06f15cbc68d627"},"headline":"Caf\u00e9 Teatro Rumore","datePublished":"2012-11-13T17:13:48+00:00","dateModified":"2013-02-08T11:09:32+00:00","mainEntityOfPage":{"@id":"https:\/\/arquitecturadegalicia.eu\/blog\/cafe-teatro-rumore\/"},"wordCount":33,"commentCount":0,"publisher":{"@id":"https:\/\/arquitecturadegalicia.eu\/blog\/#organization"},"image":{"@id":"https:\/\/arquitecturadegalicia.eu\/blog\/cafe-teatro-rumore\/#primaryimage"},"thumbnailUrl":"http:\/\/arquitecturadegalicia.eu\/blog\/wp-content\/uploads\/2012\/11\/caf\u00e9-teatro-rumore-1.png","keywords":["2008","Andr\u00e9s Jaque","cultural"],"articleSection":["Pontevedra"],"inLanguage":"es","potentialAction":[{"@type":"CommentAction","name":"Comment","target":["https:\/\/arquitecturadegalicia.eu\/blog\/cafe-teatro-rumore\/#respond"]}]},{"@type":"WebPage","@id":"https:\/\/arquitecturadegalicia.eu\/blog\/cafe-teatro-rumore\/","url":"https:\/\/arquitecturadegalicia.eu\/blog\/cafe-teatro-rumore\/","name":"Caf\u00e9 Teatro Rumore | AG","isPartOf":{"@id":"https:\/\/arquitecturadegalicia.eu\/blog\/#website"},"primaryImageOfPage":{"@id":"https:\/\/arquitecturadegalicia.eu\/blog\/cafe-teatro-rumore\/#primaryimage"},"image":{"@id":"https:\/\/arquitecturadegalicia.eu\/blog\/cafe-teatro-rumore\/#primaryimage"},"thumbnailUrl":"http:\/\/arquitecturadegalicia.eu\/blog\/wp-content\/uploads\/2012\/11\/caf\u00e9-teatro-rumore-1.png","datePublished":"2012-11-13T17:13:48+00:00","dateModified":"2013-02-08T11:09:32+00:00","breadcrumb":{"@id":"https:\/\/arquitecturadegalicia.eu\/blog\/cafe-teatro-rumore\/#breadcrumb"},"inLanguage":"es","potentialAction":[{"@type":"ReadAction","target":["https:\/\/arquitecturadegalicia.eu\/blog\/cafe-teatro-rumore\/"]}]},{"@type":"ImageObject","inLanguage":"es","@id":"https:\/\/arquitecturadegalicia.eu\/blog\/cafe-teatro-rumore\/#primaryimage","url":"http:\/\/arquitecturadegalicia.eu\/blog\/wp-content\/uploads\/2012\/11\/caf\u00e9-teatro-rumore-1.png","contentUrl":"http:\/\/arquitecturadegalicia.eu\/blog\/wp-content\/uploads\/2012\/11\/caf\u00e9-teatro-rumore-1.png","width":"620","height":"411"},{"@type":"BreadcrumbList","@id":"https:\/\/arquitecturadegalicia.eu\/blog\/cafe-teatro-rumore\/#breadcrumb","itemListElement":[{"@type":"ListItem","position":1,"name":"Portada","item":"https:\/\/arquitecturadegalicia.eu\/blog\/"},{"@type":"ListItem","position":2,"name":"Caf\u00e9 Teatro Rumore"}]},{"@type":"WebSite","@id":"https:\/\/arquitecturadegalicia.eu\/blog\/#website","url":"https:\/\/arquitecturadegalicia.eu\/blog\/","name":"AG","description":"Arquitectura de Galicia","publisher":{"@id":"https:\/\/arquitecturadegalicia.eu\/blog\/#organization"},"potentialAction":[{"@type":"SearchAction","target":{"@type":"EntryPoint","urlTemplate":"https:\/\/arquitecturadegalicia.eu\/blog\/?s={search_term_string}"},"query-input":{"@type":"PropertyValueSpecification","valueRequired":true,"valueName":"search_term_string"}}],"inLanguage":"es"},{"@type":"Organization","@id":"https:\/\/arquitecturadegalicia.eu\/blog\/#organization","name":"Arquitectura de Galicia","url":"https:\/\/arquitecturadegalicia.eu\/blog\/","logo":{"@type":"ImageObject","inLanguage":"es","@id":"https:\/\/arquitecturadegalicia.eu\/blog\/#\/schema\/logo\/image\/","url":"https:\/\/arquitecturadegalicia.eu\/blog\/wp-content\/uploads\/2017\/01\/arquitecturacurrents2.png","contentUrl":"https:\/\/arquitecturadegalicia.eu\/blog\/wp-content\/uploads\/2017\/01\/arquitecturacurrents2.png","width":840,"height":640,"caption":"Arquitectura de Galicia"},"image":{"@id":"https:\/\/arquitecturadegalicia.eu\/blog\/#\/schema\/logo\/image\/"},"sameAs":["https:\/\/www.facebook.com\/ArquitecturadeGalicia\/","https:\/\/x.com\/arquigaliciaeu","https:\/\/www.instagram.com\/arquigaliciaeu\/"]},{"@type":"Person","@id":"https:\/\/arquitecturadegalicia.eu\/blog\/#\/schema\/person\/aca815955bcd8703bf06f15cbc68d627","name":"Arquitectura de Galicia","image":{"@type":"ImageObject","inLanguage":"es","@id":"https:\/\/arquitecturadegalicia.eu\/blog\/#\/schema\/person\/image\/","url":"https:\/\/secure.gravatar.com\/avatar\/a2c8bebdf4663071cf6ec28a8efd1521?s=96&d=mm&r=g","contentUrl":"https:\/\/secure.gravatar.com\/avatar\/a2c8bebdf4663071cf6ec28a8efd1521?s=96&d=mm&r=g","caption":"Arquitectura de Galicia"},"description":"Os artigos creados dende a p\u00e1xina proceden na maior parte dos casos de antigos editores, persoas externas que as publican mediante a subida de datos ou directamente foron recollidas dende os diferentes estudios de arquitectura.","url":"http:\/\/arquitecturadegalicia.eu\/blog\/author\/arquitecturagalicia\/"}]}},"jetpack_featured_media_url":"http:\/\/arquitecturadegalicia.eu\/blog\/wp-content\/uploads\/2012\/11\/caf\u00e9-teatro-rumore-1.png","jetpack_shortlink":"https:\/\/wp.me\/p2NHs2-mA","jetpack_sharing_enabled":true,"_links":{"self":[{"href":"http:\/\/arquitecturadegalicia.eu\/blog\/wp-json\/wp\/v2\/posts\/1400","targetHints":{"allow":["GET"]}}],"collection":[{"href":"http:\/\/arquitecturadegalicia.eu\/blog\/wp-json\/wp\/v2\/posts"}],"about":[{"href":"http:\/\/arquitecturadegalicia.eu\/blog\/wp-json\/wp\/v2\/types\/post"}],"author":[{"embeddable":true,"href":"http:\/\/arquitecturadegalicia.eu\/blog\/wp-json\/wp\/v2\/users\/4"}],"replies":[{"embeddable":true,"href":"http:\/\/arquitecturadegalicia.eu\/blog\/wp-json\/wp\/v2\/comments?post=1400"}],"version-history":[{"count":9,"href":"http:\/\/arquitecturadegalicia.eu\/blog\/wp-json\/wp\/v2\/posts\/1400\/revisions"}],"predecessor-version":[{"id":2913,"href":"http:\/\/arquitecturadegalicia.eu\/blog\/wp-json\/wp\/v2\/posts\/1400\/revisions\/2913"}],"wp:featuredmedia":[{"embeddable":true,"href":"http:\/\/arquitecturadegalicia.eu\/blog\/wp-json\/wp\/v2\/media\/1406"}],"wp:attachment":[{"href":"http:\/\/arquitecturadegalicia.eu\/blog\/wp-json\/wp\/v2\/media?parent=1400"}],"wp:term":[{"taxonomy":"category","embeddable":true,"href":"http:\/\/arquitecturadegalicia.eu\/blog\/wp-json\/wp\/v2\/categories?post=1400"},{"taxonomy":"post_tag","embeddable":true,"href":"http:\/\/arquitecturadegalicia.eu\/blog\/wp-json\/wp\/v2\/tags?post=1400"},{"taxonomy":"ano","embeddable":true,"href":"http:\/\/arquitecturadegalicia.eu\/blog\/wp-json\/wp\/v2\/ano?post=1400"},{"taxonomy":"arquitectos","embeddable":true,"href":"http:\/\/arquitecturadegalicia.eu\/blog\/wp-json\/wp\/v2\/arquitectos?post=1400"},{"taxonomy":"tipoloxia","embeddable":true,"href":"http:\/\/arquitecturadegalicia.eu\/blog\/wp-json\/wp\/v2\/tipoloxia?post=1400"}],"curies":[{"name":"wp","href":"https:\/\/api.w.org\/{rel}","templated":true}]}}