{"id":14522,"date":"2016-10-27T20:15:54","date_gmt":"2016-10-27T18:15:54","guid":{"rendered":"http:\/\/arquitecturadegalicia.eu\/blog\/?p=14522"},"modified":"2016-10-28T09:08:13","modified_gmt":"2016-10-28T07:08:13","slug":"casa-crisalida","status":"publish","type":"post","link":"http:\/\/arquitecturadegalicia.eu\/blog\/casa-crisalida\/","title":{"rendered":"Casa Cris\u00e1lida"},"content":{"rendered":"<p style=\"text-align: right;\"><img fetchpriority=\"high\" decoding=\"async\" class=\"aligncenter size-full wp-image-14526\" src=\"http:\/\/arquitecturadegalicia.eu\/blog\/wp-content\/uploads\/2016\/10\/Principal.jpg\" alt=\"Casa Cris\u00e1lida Mauro Lomba\" width=\"620\" height=\"310\" \/><\/p>\n<p style=\"text-align: right;\"><span style=\"color: #c0c0c0;\"><strong><a style=\"font-size: 0.75em; text-align: right;\" href=\"http:\/\/adriancapelo.tumblr.com\/\" target=\"_blank\"><span style=\"color: #c0c0c0;\">Adri\u00e1n Capelo<\/span><\/a><\/strong><\/span><\/p>\n<table class=\"aligncenter\" border=\"0\" width=\"620\" cellspacing=\"0\" cellpadding=\"0\">\n<tbody>\n<tr>\n<td width=\"180\"><strong>Obra:<\/strong><\/td>\n<td>Casa Cris\u00e1lida<\/td>\n<\/tr>\n<tr>\n<td valign=\"top\"><strong>Autor\u00eda:<\/strong><\/td>\n<td>Mauro Lomba<\/p>\n<p>Arquitecta colaboradora: Ana Monteagudo<\/td>\n<\/tr>\n<tr>\n<td><strong>Provincia:<\/strong><\/td>\n<td>Pontevedra<\/td>\n<\/tr>\n<tr>\n<td><strong>Localidade:<\/strong><\/td>\n<td>A Guarda<\/td>\n<\/tr>\n<tr>\n<td><strong>Ano:<\/strong><\/td>\n<td>2015<\/td>\n<\/tr>\n<tr>\n<td><strong>Xeolocalizaci\u00f3n:<\/strong><\/td>\n<td><strong><a href=\"https:\/\/fusiontables.google.com\/embedviz?q=select+col6+from+1SDgapi_D5DlY376iYYP9rfBhe0o6WliHne9w0EmJ&amp;viz=MAP&amp;h=false&amp;lat=41.919171979076246&amp;lng=-8.841760992290569&amp;t=3&amp;z=18&amp;l=col6&amp;y=2&amp;tmplt=2&amp;hml=KML\" target=\"_blank\">41.919,-8.842<\/a><\/strong><\/td>\n<\/tr>\n<\/tbody>\n<\/table>\n<table class=\" aligncenter\" border=\"0\" width=\"620\" cellspacing=\"0\" cellpadding=\"0\">\n<tbody>\n<tr>\n<td colspan=\"3\"><strong>Outros Datos:<\/strong><\/td>\n<\/tr>\n<tr>\n<td width=\"20\"><\/td>\n<td colspan=\"2\"><strong>Premios:<\/strong><\/td>\n<\/tr>\n<tr>\n<td width=\"20\"><\/td>\n<td width=\"20\"><\/td>\n<td>\u00a0Ga\u00f1ador | Gran de Area | 2016<\/td>\n<\/tr>\n<tr>\n<td width=\"20\"><\/td>\n<td colspan=\"2\"><strong>Publicaci\u00f3ns:<\/strong><\/td>\n<\/tr>\n<tr>\n<td width=\"20\"><\/td>\n<td width=\"20\"><\/td>\n<td><\/td>\n<\/tr>\n<tr>\n<td width=\"20\"><\/td>\n<td colspan=\"2\"><strong>Informaci\u00f3n na rede:<\/strong><\/td>\n<\/tr>\n<tr>\n<td width=\"20\"><\/td>\n<td width=\"20\"><\/td>\n<td><strong><strong><a href=\"http:\/\/www.maurolomba.com\/ficha\/Espanol\/vivienda\/Crisalida.html\" target=\"_blank\">P\u00e1xina de Mauro Lomba<\/a><\/strong><\/strong><\/p>\n<p><strong><a href=\"https:\/\/madera-sostenible.com\/arquitectura\/crisalida-el-dialogo-del-hombre-con-la-naturaleza\/\" target=\"_blank\">Madera sostenible<\/a><\/strong><\/p>\n<p><strong><a href=\"https:\/\/youtu.be\/6d7zVNI28uY?t=37m11s\" target=\"_blank\">Conferencia de Mauro Lomba na\u00a0V Edici\u00f3n de Meeting Point Lignum<\/a><\/strong><\/td>\n<\/tr>\n<tr>\n<td width=\"20\"><\/td>\n<td colspan=\"2\"><strong>Descripci\u00f3n do proxecto:\u00a0<\/strong><\/td>\n<\/tr>\n<tr>\n<td width=\"20\"><\/td>\n<td width=\"20\"><\/td>\n<td>\u00abDende o acceso cami\u00f1amos cara o interior do pi\u00f1eiral a trav\u00e9s dunha parcela larga e estreita. Constru\u00edmos ao final do recorrido, nunha \u00e1rea m\u00e1is ampla e menos densa. Respecto absoluto as \u00e1rbores. Non se tala ningunha. A arquitectura org\u00e1nica da cris\u00e1lida ad\u00e1ptase ao lugar, entre os pi\u00f1eiros, coas s\u00faas paredes inclinadas para librar ramas, para favorecer \u00e1ngulos de maior incidencia solar, para provocar zonas de sombra, para conquistar o espazo interior en di\u00e1logo co exterior.<\/p>\n<p>Tres volumes separados resolven o programa. Os dous principais conforman o espazo habitacional. O de maior volume para o d\u00eda, para as relaci\u00f3ns sociais. Ao seu lado o volume intermedio para a zona de noite, para o descanso, para o recollemento. Os dous volumes, con porta de acceso enfrontadas pero separadas, reforzan a comu\u00f1\u00f3n coa natureza e xeran espazos intersticiais que serven a situaci\u00f3ns distintas en funci\u00f3n da \u00e9poca do ano. Cada m\u00f3dulo \u00e9 funcionalmente aut\u00f3nomo, cada un co seu propio aseo. O terceiro volume, m\u00e1is pequeno e algo separado, dest\u00ednase a un almac\u00e9n de apeiros de mantemento.<\/p>\n<p><span style=\"font-family: inherit; font-size: inherit;\">A envolvente, formada por m\u00faltiples l\u00e1minas, conc\u00edbese como unha cebola \u00e1 que lle falta unha das s\u00faas capas, para xerar unha c\u00e1mara ventilada completa, con continuidade entre as fachadas e a cuberta. Na parte baixa leva unhas reixas para evitar a entrada de pequenos animais e na parte alta se colocaron unhas micro-chemineas de ventilaci\u00f3n que facilitan a aireaci\u00f3n. A maior parte das capas real\u00edzanse con taboleiros OSB colocados sobre unha estrutura espacial de bastidores e correas de madeira de con\u00edfera tratada en sales de cobre. Ao interior os acabados son de lasur branco ou transparente. Como illamento col\u00f3case unha capa de taboleiro illante de madeira. A carpinter\u00eda exterior tam\u00e9n \u00e9 toda de madeira, acabada ao interior con lasur branco e ao exterior en gris.\u00bb<\/span><\/p>\n<p>Mauro Lomba<\/td>\n<\/tr>\n<tr>\n<td width=\"20\"><\/td>\n<td colspan=\"2\"><b><b>Reportaxe fotogr\u00e1fica: <a href=\"http:\/\/adriancapelo.tumblr.com\/\" target=\"_blank\">Adri\u00e1n Capelo<\/a><\/b><\/b><b><b><br \/>\n<\/b><\/b><\/td>\n<\/tr>\n<tr>\n<td width=\"20\"><\/td>\n<td colspan=\"2\"><b><b>Planos: <a href=\"http:\/\/www.maurolomba.com\/\" target=\"_blank\">Mauro Lomba<\/a><\/b><\/b><b><b><br \/>\n<\/b><\/b><\/td>\n<\/tr>\n<\/tbody>\n<\/table>\n\n <\/p>\n","protected":false},"excerpt":{"rendered":"<p>Respecto absoluto as \u00e1rbores. Non se tala ningunha. A arquitectura org\u00e1nica da cris\u00e1lida ad\u00e1ptase ao lugar, entre os pi\u00f1eiros, coas s\u00faas paredes inclinadas para librar ramas, para favorecer \u00e1ngulos de maior incidencia solar, para provocar zonas de sombra, para conquistar o espazo interior en di\u00e1logo co exterior.<\/p>\n","protected":false},"author":11,"featured_media":14526,"comment_status":"open","ping_status":"open","sticky":false,"template":"","format":"standard","meta":{"jetpack_post_was_ever_published":false,"_jetpack_newsletter_access":"","_jetpack_dont_email_post_to_subs":true,"_jetpack_newsletter_tier_id":0,"_jetpack_memberships_contains_paywalled_content":false,"_jetpack_memberships_contains_paid_content":false,"footnotes":"","jetpack_publicize_message":"","jetpack_publicize_feature_enabled":true,"jetpack_social_post_already_shared":true,"jetpack_social_options":{"image_generator_settings":{"template":"highway","enabled":false},"version":2}},"categories":[115],"tags":[781,766,108],"ano":[],"arquitectos":[],"tipoloxia":[],"class_list":["post-14522","post","type-post","status-publish","format-standard","has-post-thumbnail","hentry","category-a-guarda","tag-781","tag-mauro-lomba","tag-vivenda","content-print"],"jetpack_publicize_connections":[],"yoast_head":"<!-- This site is optimized with the Yoast SEO plugin v24.1 - https:\/\/yoast.com\/wordpress\/plugins\/seo\/ -->\n<title>Casa Cris\u00e1lida | AG<\/title>\n<meta name=\"description\" content=\"Entre os pi\u00f1eiros, coas s\u00faas paredes inclinadas para librar ramas, para favorecer \u00e1ngulos de maior incidencia solar, para provocar zonas de sombra.\" \/>\n<meta name=\"robots\" content=\"index, follow, max-snippet:-1, max-image-preview:large, max-video-preview:-1\" \/>\n<link rel=\"canonical\" href=\"http:\/\/arquitecturadegalicia.eu\/blog\/casa-crisalida\/\" \/>\n<meta property=\"og:locale\" content=\"es_ES\" \/>\n<meta property=\"og:type\" content=\"article\" \/>\n<meta property=\"og:title\" content=\"Casa Cris\u00e1lida | AG\" \/>\n<meta property=\"og:description\" content=\"Entre os pi\u00f1eiros, coas s\u00faas paredes inclinadas para librar ramas, para favorecer \u00e1ngulos de maior incidencia solar, para provocar zonas de sombra.\" \/>\n<meta property=\"og:url\" content=\"http:\/\/arquitecturadegalicia.eu\/blog\/casa-crisalida\/\" \/>\n<meta property=\"og:site_name\" content=\"AG\" \/>\n<meta property=\"article:publisher\" content=\"https:\/\/www.facebook.com\/ArquitecturadeGalicia\/\" \/>\n<meta property=\"article:published_time\" content=\"2016-10-27T18:15:54+00:00\" \/>\n<meta property=\"article:modified_time\" content=\"2016-10-28T07:08:13+00:00\" \/>\n<meta property=\"og:image\" content=\"http:\/\/arquitecturadegalicia.eu\/blog\/wp-content\/uploads\/2016\/10\/Principal.jpg\" \/>\n\t<meta property=\"og:image:width\" content=\"620\" \/>\n\t<meta property=\"og:image:height\" content=\"310\" \/>\n\t<meta property=\"og:image:type\" content=\"image\/jpeg\" \/>\n<meta name=\"author\" content=\"Adri\u00e1n Capelo\" \/>\n<meta name=\"twitter:card\" content=\"summary_large_image\" \/>\n<meta name=\"twitter:creator\" content=\"@arquigaliciaeu\" \/>\n<meta name=\"twitter:site\" content=\"@arquigaliciaeu\" \/>\n<meta name=\"twitter:label1\" content=\"Escrito por\" \/>\n\t<meta name=\"twitter:data1\" content=\"Adri\u00e1n Capelo\" \/>\n\t<meta name=\"twitter:label2\" content=\"Tiempo de lectura\" \/>\n\t<meta name=\"twitter:data2\" content=\"2 minutos\" \/>\n<script type=\"application\/ld+json\" class=\"yoast-schema-graph\">{\"@context\":\"https:\/\/schema.org\",\"@graph\":[{\"@type\":\"Article\",\"@id\":\"http:\/\/arquitecturadegalicia.eu\/blog\/casa-crisalida\/#article\",\"isPartOf\":{\"@id\":\"http:\/\/arquitecturadegalicia.eu\/blog\/casa-crisalida\/\"},\"author\":{\"name\":\"Adri\u00e1n Capelo\",\"@id\":\"https:\/\/arquitecturadegalicia.eu\/blog\/#\/schema\/person\/02decbe073ba6ac287ee8b22fc7c953e\"},\"headline\":\"Casa Cris\u00e1lida\",\"datePublished\":\"2016-10-27T18:15:54+00:00\",\"dateModified\":\"2016-10-28T07:08:13+00:00\",\"mainEntityOfPage\":{\"@id\":\"http:\/\/arquitecturadegalicia.eu\/blog\/casa-crisalida\/\"},\"wordCount\":422,\"commentCount\":0,\"publisher\":{\"@id\":\"https:\/\/arquitecturadegalicia.eu\/blog\/#organization\"},\"image\":{\"@id\":\"http:\/\/arquitecturadegalicia.eu\/blog\/casa-crisalida\/#primaryimage\"},\"thumbnailUrl\":\"http:\/\/arquitecturadegalicia.eu\/blog\/wp-content\/uploads\/2016\/10\/Principal.jpg\",\"keywords\":[\"2015\",\"Mauro Lomba\",\"Vivenda\"],\"articleSection\":[\"A Guarda\"],\"inLanguage\":\"es\",\"potentialAction\":[{\"@type\":\"CommentAction\",\"name\":\"Comment\",\"target\":[\"http:\/\/arquitecturadegalicia.eu\/blog\/casa-crisalida\/#respond\"]}]},{\"@type\":\"WebPage\",\"@id\":\"http:\/\/arquitecturadegalicia.eu\/blog\/casa-crisalida\/\",\"url\":\"http:\/\/arquitecturadegalicia.eu\/blog\/casa-crisalida\/\",\"name\":\"Casa Cris\u00e1lida | AG\",\"isPartOf\":{\"@id\":\"https:\/\/arquitecturadegalicia.eu\/blog\/#website\"},\"primaryImageOfPage\":{\"@id\":\"http:\/\/arquitecturadegalicia.eu\/blog\/casa-crisalida\/#primaryimage\"},\"image\":{\"@id\":\"http:\/\/arquitecturadegalicia.eu\/blog\/casa-crisalida\/#primaryimage\"},\"thumbnailUrl\":\"http:\/\/arquitecturadegalicia.eu\/blog\/wp-content\/uploads\/2016\/10\/Principal.jpg\",\"datePublished\":\"2016-10-27T18:15:54+00:00\",\"dateModified\":\"2016-10-28T07:08:13+00:00\",\"description\":\"Entre os pi\u00f1eiros, coas s\u00faas paredes inclinadas para librar ramas, para favorecer \u00e1ngulos de maior incidencia solar, para provocar zonas de sombra.\",\"breadcrumb\":{\"@id\":\"http:\/\/arquitecturadegalicia.eu\/blog\/casa-crisalida\/#breadcrumb\"},\"inLanguage\":\"es\",\"potentialAction\":[{\"@type\":\"ReadAction\",\"target\":[\"http:\/\/arquitecturadegalicia.eu\/blog\/casa-crisalida\/\"]}]},{\"@type\":\"ImageObject\",\"inLanguage\":\"es\",\"@id\":\"http:\/\/arquitecturadegalicia.eu\/blog\/casa-crisalida\/#primaryimage\",\"url\":\"http:\/\/arquitecturadegalicia.eu\/blog\/wp-content\/uploads\/2016\/10\/Principal.jpg\",\"contentUrl\":\"http:\/\/arquitecturadegalicia.eu\/blog\/wp-content\/uploads\/2016\/10\/Principal.jpg\",\"width\":620,\"height\":310,\"caption\":\"Casa Cris\u00e1lida Mauro Lomba\"},{\"@type\":\"BreadcrumbList\",\"@id\":\"http:\/\/arquitecturadegalicia.eu\/blog\/casa-crisalida\/#breadcrumb\",\"itemListElement\":[{\"@type\":\"ListItem\",\"position\":1,\"name\":\"Portada\",\"item\":\"https:\/\/arquitecturadegalicia.eu\/blog\/\"},{\"@type\":\"ListItem\",\"position\":2,\"name\":\"Casa Cris\u00e1lida\"}]},{\"@type\":\"WebSite\",\"@id\":\"https:\/\/arquitecturadegalicia.eu\/blog\/#website\",\"url\":\"https:\/\/arquitecturadegalicia.eu\/blog\/\",\"name\":\"AG\",\"description\":\"Arquitectura de Galicia\",\"publisher\":{\"@id\":\"https:\/\/arquitecturadegalicia.eu\/blog\/#organization\"},\"potentialAction\":[{\"@type\":\"SearchAction\",\"target\":{\"@type\":\"EntryPoint\",\"urlTemplate\":\"https:\/\/arquitecturadegalicia.eu\/blog\/?s={search_term_string}\"},\"query-input\":{\"@type\":\"PropertyValueSpecification\",\"valueRequired\":true,\"valueName\":\"search_term_string\"}}],\"inLanguage\":\"es\"},{\"@type\":\"Organization\",\"@id\":\"https:\/\/arquitecturadegalicia.eu\/blog\/#organization\",\"name\":\"Arquitectura de Galicia\",\"url\":\"https:\/\/arquitecturadegalicia.eu\/blog\/\",\"logo\":{\"@type\":\"ImageObject\",\"inLanguage\":\"es\",\"@id\":\"https:\/\/arquitecturadegalicia.eu\/blog\/#\/schema\/logo\/image\/\",\"url\":\"https:\/\/arquitecturadegalicia.eu\/blog\/wp-content\/uploads\/2017\/01\/arquitecturacurrents2.png\",\"contentUrl\":\"https:\/\/arquitecturadegalicia.eu\/blog\/wp-content\/uploads\/2017\/01\/arquitecturacurrents2.png\",\"width\":840,\"height\":640,\"caption\":\"Arquitectura de Galicia\"},\"image\":{\"@id\":\"https:\/\/arquitecturadegalicia.eu\/blog\/#\/schema\/logo\/image\/\"},\"sameAs\":[\"https:\/\/www.facebook.com\/ArquitecturadeGalicia\/\",\"https:\/\/x.com\/arquigaliciaeu\",\"https:\/\/www.instagram.com\/arquigaliciaeu\/\"]},{\"@type\":\"Person\",\"@id\":\"https:\/\/arquitecturadegalicia.eu\/blog\/#\/schema\/person\/02decbe073ba6ac287ee8b22fc7c953e\",\"name\":\"Adri\u00e1n Capelo\",\"image\":{\"@type\":\"ImageObject\",\"inLanguage\":\"es\",\"@id\":\"https:\/\/arquitecturadegalicia.eu\/blog\/#\/schema\/person\/image\/\",\"url\":\"https:\/\/secure.gravatar.com\/avatar\/f106f10a14512409fee37ea940dd22e4?s=96&d=mm&r=g\",\"contentUrl\":\"https:\/\/secure.gravatar.com\/avatar\/f106f10a14512409fee37ea940dd22e4?s=96&d=mm&r=g\",\"caption\":\"Adri\u00e1n Capelo\"},\"description\":\"Pontevedra | Dese\u00f1o gr\u00e1fico, fotograf\u00eda e\u00a0edici\u00f3n de artigos | Estudiante de Arquitectura na ETSA de A Coru\u00f1a. Fai \u00e1s veces de fot\u00f3grafo, dese\u00f1ador gr\u00e1fico ou m\u00fasico | M\u00e1is informaci\u00f3n sobre Adri\u00e1n\",\"url\":\"http:\/\/arquitecturadegalicia.eu\/blog\/author\/adriancapelo\/\"}]}<\/script>\n<!-- \/ Yoast SEO plugin. -->","yoast_head_json":{"title":"Casa Cris\u00e1lida | AG","description":"Entre os pi\u00f1eiros, coas s\u00faas paredes inclinadas para librar ramas, para favorecer \u00e1ngulos de maior incidencia solar, para provocar zonas de sombra.","robots":{"index":"index","follow":"follow","max-snippet":"max-snippet:-1","max-image-preview":"max-image-preview:large","max-video-preview":"max-video-preview:-1"},"canonical":"http:\/\/arquitecturadegalicia.eu\/blog\/casa-crisalida\/","og_locale":"es_ES","og_type":"article","og_title":"Casa Cris\u00e1lida | AG","og_description":"Entre os pi\u00f1eiros, coas s\u00faas paredes inclinadas para librar ramas, para favorecer \u00e1ngulos de maior incidencia solar, para provocar zonas de sombra.","og_url":"http:\/\/arquitecturadegalicia.eu\/blog\/casa-crisalida\/","og_site_name":"AG","article_publisher":"https:\/\/www.facebook.com\/ArquitecturadeGalicia\/","article_published_time":"2016-10-27T18:15:54+00:00","article_modified_time":"2016-10-28T07:08:13+00:00","og_image":[{"width":620,"height":310,"url":"http:\/\/arquitecturadegalicia.eu\/blog\/wp-content\/uploads\/2016\/10\/Principal.jpg","type":"image\/jpeg"}],"author":"Adri\u00e1n Capelo","twitter_card":"summary_large_image","twitter_creator":"@arquigaliciaeu","twitter_site":"@arquigaliciaeu","twitter_misc":{"Escrito por":"Adri\u00e1n Capelo","Tiempo de lectura":"2 minutos"},"schema":{"@context":"https:\/\/schema.org","@graph":[{"@type":"Article","@id":"http:\/\/arquitecturadegalicia.eu\/blog\/casa-crisalida\/#article","isPartOf":{"@id":"http:\/\/arquitecturadegalicia.eu\/blog\/casa-crisalida\/"},"author":{"name":"Adri\u00e1n Capelo","@id":"https:\/\/arquitecturadegalicia.eu\/blog\/#\/schema\/person\/02decbe073ba6ac287ee8b22fc7c953e"},"headline":"Casa Cris\u00e1lida","datePublished":"2016-10-27T18:15:54+00:00","dateModified":"2016-10-28T07:08:13+00:00","mainEntityOfPage":{"@id":"http:\/\/arquitecturadegalicia.eu\/blog\/casa-crisalida\/"},"wordCount":422,"commentCount":0,"publisher":{"@id":"https:\/\/arquitecturadegalicia.eu\/blog\/#organization"},"image":{"@id":"http:\/\/arquitecturadegalicia.eu\/blog\/casa-crisalida\/#primaryimage"},"thumbnailUrl":"http:\/\/arquitecturadegalicia.eu\/blog\/wp-content\/uploads\/2016\/10\/Principal.jpg","keywords":["2015","Mauro Lomba","Vivenda"],"articleSection":["A Guarda"],"inLanguage":"es","potentialAction":[{"@type":"CommentAction","name":"Comment","target":["http:\/\/arquitecturadegalicia.eu\/blog\/casa-crisalida\/#respond"]}]},{"@type":"WebPage","@id":"http:\/\/arquitecturadegalicia.eu\/blog\/casa-crisalida\/","url":"http:\/\/arquitecturadegalicia.eu\/blog\/casa-crisalida\/","name":"Casa Cris\u00e1lida | AG","isPartOf":{"@id":"https:\/\/arquitecturadegalicia.eu\/blog\/#website"},"primaryImageOfPage":{"@id":"http:\/\/arquitecturadegalicia.eu\/blog\/casa-crisalida\/#primaryimage"},"image":{"@id":"http:\/\/arquitecturadegalicia.eu\/blog\/casa-crisalida\/#primaryimage"},"thumbnailUrl":"http:\/\/arquitecturadegalicia.eu\/blog\/wp-content\/uploads\/2016\/10\/Principal.jpg","datePublished":"2016-10-27T18:15:54+00:00","dateModified":"2016-10-28T07:08:13+00:00","description":"Entre os pi\u00f1eiros, coas s\u00faas paredes inclinadas para librar ramas, para favorecer \u00e1ngulos de maior incidencia solar, para provocar zonas de sombra.","breadcrumb":{"@id":"http:\/\/arquitecturadegalicia.eu\/blog\/casa-crisalida\/#breadcrumb"},"inLanguage":"es","potentialAction":[{"@type":"ReadAction","target":["http:\/\/arquitecturadegalicia.eu\/blog\/casa-crisalida\/"]}]},{"@type":"ImageObject","inLanguage":"es","@id":"http:\/\/arquitecturadegalicia.eu\/blog\/casa-crisalida\/#primaryimage","url":"http:\/\/arquitecturadegalicia.eu\/blog\/wp-content\/uploads\/2016\/10\/Principal.jpg","contentUrl":"http:\/\/arquitecturadegalicia.eu\/blog\/wp-content\/uploads\/2016\/10\/Principal.jpg","width":620,"height":310,"caption":"Casa Cris\u00e1lida Mauro Lomba"},{"@type":"BreadcrumbList","@id":"http:\/\/arquitecturadegalicia.eu\/blog\/casa-crisalida\/#breadcrumb","itemListElement":[{"@type":"ListItem","position":1,"name":"Portada","item":"https:\/\/arquitecturadegalicia.eu\/blog\/"},{"@type":"ListItem","position":2,"name":"Casa Cris\u00e1lida"}]},{"@type":"WebSite","@id":"https:\/\/arquitecturadegalicia.eu\/blog\/#website","url":"https:\/\/arquitecturadegalicia.eu\/blog\/","name":"AG","description":"Arquitectura de Galicia","publisher":{"@id":"https:\/\/arquitecturadegalicia.eu\/blog\/#organization"},"potentialAction":[{"@type":"SearchAction","target":{"@type":"EntryPoint","urlTemplate":"https:\/\/arquitecturadegalicia.eu\/blog\/?s={search_term_string}"},"query-input":{"@type":"PropertyValueSpecification","valueRequired":true,"valueName":"search_term_string"}}],"inLanguage":"es"},{"@type":"Organization","@id":"https:\/\/arquitecturadegalicia.eu\/blog\/#organization","name":"Arquitectura de Galicia","url":"https:\/\/arquitecturadegalicia.eu\/blog\/","logo":{"@type":"ImageObject","inLanguage":"es","@id":"https:\/\/arquitecturadegalicia.eu\/blog\/#\/schema\/logo\/image\/","url":"https:\/\/arquitecturadegalicia.eu\/blog\/wp-content\/uploads\/2017\/01\/arquitecturacurrents2.png","contentUrl":"https:\/\/arquitecturadegalicia.eu\/blog\/wp-content\/uploads\/2017\/01\/arquitecturacurrents2.png","width":840,"height":640,"caption":"Arquitectura de Galicia"},"image":{"@id":"https:\/\/arquitecturadegalicia.eu\/blog\/#\/schema\/logo\/image\/"},"sameAs":["https:\/\/www.facebook.com\/ArquitecturadeGalicia\/","https:\/\/x.com\/arquigaliciaeu","https:\/\/www.instagram.com\/arquigaliciaeu\/"]},{"@type":"Person","@id":"https:\/\/arquitecturadegalicia.eu\/blog\/#\/schema\/person\/02decbe073ba6ac287ee8b22fc7c953e","name":"Adri\u00e1n Capelo","image":{"@type":"ImageObject","inLanguage":"es","@id":"https:\/\/arquitecturadegalicia.eu\/blog\/#\/schema\/person\/image\/","url":"https:\/\/secure.gravatar.com\/avatar\/f106f10a14512409fee37ea940dd22e4?s=96&d=mm&r=g","contentUrl":"https:\/\/secure.gravatar.com\/avatar\/f106f10a14512409fee37ea940dd22e4?s=96&d=mm&r=g","caption":"Adri\u00e1n Capelo"},"description":"Pontevedra | Dese\u00f1o gr\u00e1fico, fotograf\u00eda e\u00a0edici\u00f3n de artigos | Estudiante de Arquitectura na ETSA de A Coru\u00f1a. Fai \u00e1s veces de fot\u00f3grafo, dese\u00f1ador gr\u00e1fico ou m\u00fasico | M\u00e1is informaci\u00f3n sobre Adri\u00e1n","url":"http:\/\/arquitecturadegalicia.eu\/blog\/author\/adriancapelo\/"}]}},"jetpack_featured_media_url":"http:\/\/arquitecturadegalicia.eu\/blog\/wp-content\/uploads\/2016\/10\/Principal.jpg","jetpack_shortlink":"https:\/\/wp.me\/p2NHs2-3Me","jetpack_sharing_enabled":true,"_links":{"self":[{"href":"http:\/\/arquitecturadegalicia.eu\/blog\/wp-json\/wp\/v2\/posts\/14522","targetHints":{"allow":["GET"]}}],"collection":[{"href":"http:\/\/arquitecturadegalicia.eu\/blog\/wp-json\/wp\/v2\/posts"}],"about":[{"href":"http:\/\/arquitecturadegalicia.eu\/blog\/wp-json\/wp\/v2\/types\/post"}],"author":[{"embeddable":true,"href":"http:\/\/arquitecturadegalicia.eu\/blog\/wp-json\/wp\/v2\/users\/11"}],"replies":[{"embeddable":true,"href":"http:\/\/arquitecturadegalicia.eu\/blog\/wp-json\/wp\/v2\/comments?post=14522"}],"version-history":[{"count":8,"href":"http:\/\/arquitecturadegalicia.eu\/blog\/wp-json\/wp\/v2\/posts\/14522\/revisions"}],"predecessor-version":[{"id":14611,"href":"http:\/\/arquitecturadegalicia.eu\/blog\/wp-json\/wp\/v2\/posts\/14522\/revisions\/14611"}],"wp:featuredmedia":[{"embeddable":true,"href":"http:\/\/arquitecturadegalicia.eu\/blog\/wp-json\/wp\/v2\/media\/14526"}],"wp:attachment":[{"href":"http:\/\/arquitecturadegalicia.eu\/blog\/wp-json\/wp\/v2\/media?parent=14522"}],"wp:term":[{"taxonomy":"category","embeddable":true,"href":"http:\/\/arquitecturadegalicia.eu\/blog\/wp-json\/wp\/v2\/categories?post=14522"},{"taxonomy":"post_tag","embeddable":true,"href":"http:\/\/arquitecturadegalicia.eu\/blog\/wp-json\/wp\/v2\/tags?post=14522"},{"taxonomy":"ano","embeddable":true,"href":"http:\/\/arquitecturadegalicia.eu\/blog\/wp-json\/wp\/v2\/ano?post=14522"},{"taxonomy":"arquitectos","embeddable":true,"href":"http:\/\/arquitecturadegalicia.eu\/blog\/wp-json\/wp\/v2\/arquitectos?post=14522"},{"taxonomy":"tipoloxia","embeddable":true,"href":"http:\/\/arquitecturadegalicia.eu\/blog\/wp-json\/wp\/v2\/tipoloxia?post=14522"}],"curies":[{"name":"wp","href":"https:\/\/api.w.org\/{rel}","templated":true}]}}