{"id":1605,"date":"2013-12-23T20:00:07","date_gmt":"2013-12-23T19:00:07","guid":{"rendered":"http:\/\/arquitecturadegalicia.eu\/blog\/?p=1605"},"modified":"2016-10-16T12:54:42","modified_gmt":"2016-10-16T10:54:42","slug":"campo-de-futbol-de-coiros","status":"publish","type":"post","link":"http:\/\/arquitecturadegalicia.eu\/blog\/campo-de-futbol-de-coiros\/","title":{"rendered":"Campo de f\u00fatbol en Coir\u00f3s"},"content":{"rendered":"<h6 style=\"text-align: right;\"><span style=\"color: #c0c0c0;\"><img fetchpriority=\"high\" decoding=\"async\" class=\"alignnone size-full wp-image-1606\" src=\"http:\/\/arquitecturadegalicia.eu\/blog\/wp-content\/uploads\/2012\/12\/SABIN-BLANCO_0_COIROS001_10.jpg\" alt=\"SABIN-BLANCO_0_COIROS001_10\" width=\"620\" height=\"393\" srcset=\"http:\/\/arquitecturadegalicia.eu\/blog\/wp-content\/uploads\/2012\/12\/SABIN-BLANCO_0_COIROS001_10.jpg 620w, http:\/\/arquitecturadegalicia.eu\/blog\/wp-content\/uploads\/2012\/12\/SABIN-BLANCO_0_COIROS001_10-300x190.jpg 300w\" sizes=\"(max-width: 620px) 100vw, 620px\" \/><br \/>\nSab\u00edn + Blanco<br \/>\n<\/span><\/h6>\n<table class=\"aligncenter\" border=\"0\" width=\"620\" cellspacing=\"0\" cellpadding=\"0\">\n<tbody>\n<tr>\n<td width=\"180\"><strong>Obra:<\/strong><\/td>\n<td>Campo de f\u00fatbol en Coir\u00f3s<\/td>\n<\/tr>\n<tr>\n<td><strong>Arquitecto:<\/strong><\/td>\n<td>Patricia Sab\u00edn + Enrique Blanco<\/td>\n<\/tr>\n<tr>\n<td><strong>Provincia:<\/strong><\/td>\n<td>A Coru\u00f1a<\/td>\n<\/tr>\n<tr>\n<td><strong>Localidade:<\/strong><\/td>\n<td>Lugar da Cortella, Coir\u00f3s<\/td>\n<\/tr>\n<tr>\n<td><strong>Ano:<\/strong><\/td>\n<td>2003 &#8211; 2004<\/td>\n<\/tr>\n<tr>\n<td><strong>Xeolocalizaci\u00f3n:<\/strong><\/td>\n<td><strong><a href=\"https:\/\/fusiontables.google.com\/embedviz?q=select+col6+from+1SDgapi_D5DlY376iYYP9rfBhe0o6WliHne9w0EmJ&amp;viz=MAP&amp;h=false&amp;lat=43.247567019316485&amp;lng=-8.155104755642009&amp;t=3&amp;z=18&amp;l=col6&amp;y=2&amp;tmplt=2&amp;hml=KML\" target=\"_blank\">43.247,-8.155<\/a><\/strong><\/td>\n<\/tr>\n<\/tbody>\n<\/table>\n<table class=\" aligncenter\" border=\"0\" width=\"620\" cellspacing=\"0\" cellpadding=\"0\">\n<tbody>\n<tr>\n<td colspan=\"3\"><strong>Outros Datos:<\/strong><\/td>\n<\/tr>\n<tr>\n<td width=\"20\"><\/td>\n<td colspan=\"2\"><strong>Premios:<\/strong><\/td>\n<\/tr>\n<tr>\n<td width=\"20\"><\/td>\n<td width=\"20\"><\/td>\n<td width=\"580\">Premio COAG XII | 2006<br \/>\nFinalista | Premio Saloni 2006<br \/>\n9\u00aa Muestra de Arquitectos Jovenes Espa\u00f1oles | 2006<\/td>\n<\/tr>\n<tr>\n<td width=\"20\"><\/td>\n<td colspan=\"2\"><strong>Publicaci\u00f3ns:<\/strong><\/td>\n<\/tr>\n<tr>\n<td width=\"20\"><\/td>\n<td width=\"20\"><\/td>\n<td>Arquitectura y deporte.\u00a0Cat\u00e1logos de Arquitectura N\u00ba 10 | Ed\u00a0Munilla-ler\u00eda\u00a02009<br \/>\nAvance dunha Continxencia | CGAC 2007<br \/>\nCat\u00e1logo dos XII Premios COAG | COAG 2007<br \/>\nArquitectura viva 100 | 2005<\/td>\n<\/tr>\n<tr>\n<td width=\"20\"><\/td>\n<td colspan=\"2\"><strong>Informaci\u00f3n na rede:<\/strong><\/td>\n<\/tr>\n<tr>\n<td width=\"20\"><\/td>\n<td width=\"20\"><\/td>\n<td><strong><a href=\"http:\/\/www.elcultural.es\/version_papel\/ARTE\/12927\/Fractura_en_un_campo_de_futbol\" target=\"_blank\">elcultural.es<\/a>\u00a0<\/strong>13|10|2005<br \/>\n<a href=\"http:\/\/www.saloni.com\/VI-premios-saloni-arquitectura.php\" target=\"_blank\"><strong>Publicaci\u00f3n\u00a0Premio Saloni<\/strong><\/a><\/td>\n<\/tr>\n<tr>\n<td width=\"20\"><\/td>\n<td colspan=\"2\"><strong>Descripci\u00f3n do proxecto:<\/strong><\/td>\n<\/tr>\n<tr>\n<td width=\"20\"><\/td>\n<td width=\"20\"><\/td>\n<td style=\"text-align: justify;\">\u00abEn este caso, el proyecto resulta de la adaptaci\u00f3n n\u00famero 13 de Campos de F\u00fatbol para la Diputaci\u00f3n de A Coru\u00f1a, tras haber resultado uno de los equipos ganadores del concurso de ideas convocado en 1997. Nos encontramos con una cimentaci\u00f3n existente, que era necesario conservar para abaratar, as\u00ed como dos niveles claramente diferenciados: el de p\u00fablico de juego y espectadores, y el privado de jugadores.<br \/>\nLos m\u00f3dulos a realizar: vestuarios, grader\u00edo, campo de hierba natural e iluminaci\u00f3n.Se opta por el uso de tres materiales: hormig\u00f3n, vidrio y acero galvanizado. El hormig\u00f3n, moldeable, permite ejecutar las costillas de la estructura, muros de cierre y jugar con formas. El vidrio, trasl\u00facido, fr\u00e1gil y elegante. El acero galvanizado, como revestimiento exterior. Fortaleza de acero y hormig\u00f3n frente a la fragilidad del vidrio. Perfecci\u00f3n de acero y vidrio frente a la tosquedad del hormig\u00f3n lavado.Un \u00fanico volumen, sobrio en apariencia y juguet\u00f3n con la luz, alberga vestuarios y grader\u00edo. Un paralelep\u00edpedo que al acercarse se transforma en movimiento en sus fachadas, dialogando as\u00ed con la naturaleza que lo rodea. Zonas de transici\u00f3n, exterior-interior-campo, para un acercamiento secuenciado y tranquilo, de disfrute y que ayude a evitar conflictos.El acceso p\u00fablico se resuelve con un peque\u00f1o volumen que se integra en el cierre, dando la bienvenida y resolviendo las necesidades propias del espectador en su nivel de uso.Todo ello, ligado a la necesidad, como en todas estas adaptaciones a la necesidad de m\u00ednimo coste.\u00bb<br \/>\nSab\u00edn + Blanco<\/td>\n<\/tr>\n<tr>\n<td width=\"20\"><\/td>\n<td colspan=\"2\"><b>Video:\u00a0<\/b><\/td>\n<\/tr>\n<tr>\n<td width=\"20\"><\/td>\n<td colspan=\"2\">\u00a0Miraxes (TVG)<\/td>\n<\/tr>\n<tr>\n<td width=\"20\"><\/td>\n<td colspan=\"2\"><strong>Planos:\u00a0<\/strong><\/td>\n<\/tr>\n<tr>\n<td width=\"20\"><\/td>\n<td colspan=\"2\">\u00a0<a href=\"http:\/\/www.saloni.com\/VI-premios-saloni-arquitectura.php\" target=\"_blank\">Publicaci\u00f3n\u00a0Premio Saloni<\/a><\/td>\n<\/tr>\n<\/tbody>\n<\/table>\n\n <\/p>\n","protected":false},"excerpt":{"rendered":"<p>\u00abUn \u00fanico volumen, sobrio en apariencia y juguet\u00f3n con la luz, alberga vestuarios y grader\u00edo. Un paralelep\u00edpedo que al acercarse se transforma en movimiento en sus fachadas, dialogando as\u00ed con la naturaleza que lo rodea\u00bb<br \/>\nSab\u00edn + Blanco<\/p>\n","protected":false},"author":2,"featured_media":1606,"comment_status":"open","ping_status":"open","sticky":false,"template":"","format":"standard","meta":{"jetpack_post_was_ever_published":false,"_jetpack_newsletter_access":"","_jetpack_dont_email_post_to_subs":true,"_jetpack_newsletter_tier_id":0,"_jetpack_memberships_contains_paywalled_content":false,"_jetpack_memberships_contains_paid_content":false,"footnotes":"","jetpack_publicize_message":"","jetpack_publicize_feature_enabled":true,"jetpack_social_post_already_shared":true,"jetpack_social_options":{"image_generator_settings":{"template":"highway","enabled":false},"version":2}},"categories":[223],"tags":[50,79,754,102],"ano":[],"arquitectos":[],"tipoloxia":[],"class_list":["post-1605","post","type-post","status-publish","format-standard","has-post-thumbnail","hentry","category-coiros","tag-50","tag-deportivo","tag-futbol","tag-sabinblanco","content-print"],"jetpack_publicize_connections":[],"yoast_head":"<!-- This site is optimized with the Yoast SEO plugin v24.1 - https:\/\/yoast.com\/wordpress\/plugins\/seo\/ -->\n<title>Campo de f\u00fatbol en Coir\u00f3s | AG<\/title>\n<meta name=\"robots\" content=\"index, follow, max-snippet:-1, max-image-preview:large, max-video-preview:-1\" \/>\n<link rel=\"canonical\" href=\"http:\/\/arquitecturadegalicia.eu\/blog\/campo-de-futbol-de-coiros\/\" \/>\n<meta property=\"og:locale\" content=\"es_ES\" \/>\n<meta property=\"og:type\" content=\"article\" \/>\n<meta property=\"og:title\" content=\"Campo de f\u00fatbol en Coir\u00f3s | AG\" \/>\n<meta property=\"og:description\" content=\"&quot;Un \u00fanico volumen, sobrio en apariencia y juguet\u00f3n con la luz, alberga vestuarios y grader\u00edo. Un paralelep\u00edpedo que al acercarse se transforma en movimiento en sus fachadas, dialogando as\u00ed con la naturaleza que lo rodea&quot; Sab\u00edn + Blanco\" \/>\n<meta property=\"og:url\" content=\"http:\/\/arquitecturadegalicia.eu\/blog\/campo-de-futbol-de-coiros\/\" \/>\n<meta property=\"og:site_name\" content=\"AG\" \/>\n<meta property=\"article:publisher\" content=\"https:\/\/www.facebook.com\/ArquitecturadeGalicia\/\" \/>\n<meta property=\"article:published_time\" content=\"2013-12-23T19:00:07+00:00\" \/>\n<meta property=\"article:modified_time\" content=\"2016-10-16T10:54:42+00:00\" \/>\n<meta property=\"og:image\" content=\"http:\/\/arquitecturadegalicia.eu\/blog\/wp-content\/uploads\/2012\/12\/SABIN-BLANCO_0_COIROS001_10.jpg\" \/>\n\t<meta property=\"og:image:width\" content=\"620\" \/>\n\t<meta property=\"og:image:height\" content=\"393\" \/>\n\t<meta property=\"og:image:type\" content=\"image\/jpeg\" \/>\n<meta name=\"author\" content=\"Rub\u00e9n Ulloa Montes\" \/>\n<meta name=\"twitter:card\" content=\"summary_large_image\" \/>\n<meta name=\"twitter:creator\" content=\"@johncloro\" \/>\n<meta name=\"twitter:site\" content=\"@arquigaliciaeu\" \/>\n<meta name=\"twitter:label1\" content=\"Escrito por\" \/>\n\t<meta name=\"twitter:data1\" content=\"Rub\u00e9n Ulloa Montes\" \/>\n\t<meta name=\"twitter:label2\" content=\"Tiempo de lectura\" \/>\n\t<meta name=\"twitter:data2\" content=\"2 minutos\" \/>\n<script type=\"application\/ld+json\" class=\"yoast-schema-graph\">{\"@context\":\"https:\/\/schema.org\",\"@graph\":[{\"@type\":\"Article\",\"@id\":\"http:\/\/arquitecturadegalicia.eu\/blog\/campo-de-futbol-de-coiros\/#article\",\"isPartOf\":{\"@id\":\"http:\/\/arquitecturadegalicia.eu\/blog\/campo-de-futbol-de-coiros\/\"},\"author\":{\"name\":\"Rub\u00e9n Ulloa Montes\",\"@id\":\"https:\/\/arquitecturadegalicia.eu\/blog\/#\/schema\/person\/25cb39b0990eede8939e86ceff6a933b\"},\"headline\":\"Campo de f\u00fatbol en Coir\u00f3s\",\"datePublished\":\"2013-12-23T19:00:07+00:00\",\"dateModified\":\"2016-10-16T10:54:42+00:00\",\"mainEntityOfPage\":{\"@id\":\"http:\/\/arquitecturadegalicia.eu\/blog\/campo-de-futbol-de-coiros\/\"},\"wordCount\":382,\"commentCount\":0,\"publisher\":{\"@id\":\"https:\/\/arquitecturadegalicia.eu\/blog\/#organization\"},\"image\":{\"@id\":\"http:\/\/arquitecturadegalicia.eu\/blog\/campo-de-futbol-de-coiros\/#primaryimage\"},\"thumbnailUrl\":\"http:\/\/arquitecturadegalicia.eu\/blog\/wp-content\/uploads\/2012\/12\/SABIN-BLANCO_0_COIROS001_10.jpg\",\"keywords\":[\"2004\",\"deportivo\",\"futbol\",\"Sabin+Blanco\"],\"articleSection\":[\"Coir\u00f3s\"],\"inLanguage\":\"es\",\"potentialAction\":[{\"@type\":\"CommentAction\",\"name\":\"Comment\",\"target\":[\"http:\/\/arquitecturadegalicia.eu\/blog\/campo-de-futbol-de-coiros\/#respond\"]}]},{\"@type\":\"WebPage\",\"@id\":\"http:\/\/arquitecturadegalicia.eu\/blog\/campo-de-futbol-de-coiros\/\",\"url\":\"http:\/\/arquitecturadegalicia.eu\/blog\/campo-de-futbol-de-coiros\/\",\"name\":\"Campo de f\u00fatbol en Coir\u00f3s | AG\",\"isPartOf\":{\"@id\":\"https:\/\/arquitecturadegalicia.eu\/blog\/#website\"},\"primaryImageOfPage\":{\"@id\":\"http:\/\/arquitecturadegalicia.eu\/blog\/campo-de-futbol-de-coiros\/#primaryimage\"},\"image\":{\"@id\":\"http:\/\/arquitecturadegalicia.eu\/blog\/campo-de-futbol-de-coiros\/#primaryimage\"},\"thumbnailUrl\":\"http:\/\/arquitecturadegalicia.eu\/blog\/wp-content\/uploads\/2012\/12\/SABIN-BLANCO_0_COIROS001_10.jpg\",\"datePublished\":\"2013-12-23T19:00:07+00:00\",\"dateModified\":\"2016-10-16T10:54:42+00:00\",\"breadcrumb\":{\"@id\":\"http:\/\/arquitecturadegalicia.eu\/blog\/campo-de-futbol-de-coiros\/#breadcrumb\"},\"inLanguage\":\"es\",\"potentialAction\":[{\"@type\":\"ReadAction\",\"target\":[\"http:\/\/arquitecturadegalicia.eu\/blog\/campo-de-futbol-de-coiros\/\"]}]},{\"@type\":\"ImageObject\",\"inLanguage\":\"es\",\"@id\":\"http:\/\/arquitecturadegalicia.eu\/blog\/campo-de-futbol-de-coiros\/#primaryimage\",\"url\":\"http:\/\/arquitecturadegalicia.eu\/blog\/wp-content\/uploads\/2012\/12\/SABIN-BLANCO_0_COIROS001_10.jpg\",\"contentUrl\":\"http:\/\/arquitecturadegalicia.eu\/blog\/wp-content\/uploads\/2012\/12\/SABIN-BLANCO_0_COIROS001_10.jpg\",\"width\":\"620\",\"height\":\"393\"},{\"@type\":\"BreadcrumbList\",\"@id\":\"http:\/\/arquitecturadegalicia.eu\/blog\/campo-de-futbol-de-coiros\/#breadcrumb\",\"itemListElement\":[{\"@type\":\"ListItem\",\"position\":1,\"name\":\"Portada\",\"item\":\"https:\/\/arquitecturadegalicia.eu\/blog\/\"},{\"@type\":\"ListItem\",\"position\":2,\"name\":\"Campo de f\u00fatbol en Coir\u00f3s\"}]},{\"@type\":\"WebSite\",\"@id\":\"https:\/\/arquitecturadegalicia.eu\/blog\/#website\",\"url\":\"https:\/\/arquitecturadegalicia.eu\/blog\/\",\"name\":\"AG\",\"description\":\"Arquitectura de Galicia\",\"publisher\":{\"@id\":\"https:\/\/arquitecturadegalicia.eu\/blog\/#organization\"},\"potentialAction\":[{\"@type\":\"SearchAction\",\"target\":{\"@type\":\"EntryPoint\",\"urlTemplate\":\"https:\/\/arquitecturadegalicia.eu\/blog\/?s={search_term_string}\"},\"query-input\":{\"@type\":\"PropertyValueSpecification\",\"valueRequired\":true,\"valueName\":\"search_term_string\"}}],\"inLanguage\":\"es\"},{\"@type\":\"Organization\",\"@id\":\"https:\/\/arquitecturadegalicia.eu\/blog\/#organization\",\"name\":\"Arquitectura de Galicia\",\"url\":\"https:\/\/arquitecturadegalicia.eu\/blog\/\",\"logo\":{\"@type\":\"ImageObject\",\"inLanguage\":\"es\",\"@id\":\"https:\/\/arquitecturadegalicia.eu\/blog\/#\/schema\/logo\/image\/\",\"url\":\"https:\/\/arquitecturadegalicia.eu\/blog\/wp-content\/uploads\/2017\/01\/arquitecturacurrents2.png\",\"contentUrl\":\"https:\/\/arquitecturadegalicia.eu\/blog\/wp-content\/uploads\/2017\/01\/arquitecturacurrents2.png\",\"width\":840,\"height\":640,\"caption\":\"Arquitectura de Galicia\"},\"image\":{\"@id\":\"https:\/\/arquitecturadegalicia.eu\/blog\/#\/schema\/logo\/image\/\"},\"sameAs\":[\"https:\/\/www.facebook.com\/ArquitecturadeGalicia\/\",\"https:\/\/x.com\/arquigaliciaeu\",\"https:\/\/www.instagram.com\/arquigaliciaeu\/\"]},{\"@type\":\"Person\",\"@id\":\"https:\/\/arquitecturadegalicia.eu\/blog\/#\/schema\/person\/25cb39b0990eede8939e86ceff6a933b\",\"name\":\"Rub\u00e9n Ulloa Montes\",\"image\":{\"@type\":\"ImageObject\",\"inLanguage\":\"es\",\"@id\":\"https:\/\/arquitecturadegalicia.eu\/blog\/#\/schema\/person\/image\/\",\"url\":\"https:\/\/secure.gravatar.com\/avatar\/ff68e679356737556f8604cded4a38fd?s=96&d=mm&r=g\",\"contentUrl\":\"https:\/\/secure.gravatar.com\/avatar\/ff68e679356737556f8604cded4a38fd?s=96&d=mm&r=g\",\"caption\":\"Rub\u00e9n Ulloa Montes\"},\"description\":\"A Coru\u00f1a | Fundador e coordinaci\u00f3n da p\u00e1xina web e redes sociais | Arquitecto e apasionado da tecnolox\u00eda, todo o que te\u00f1a que ver con isto se merece un post. Dime o que che gusta e che farei un blog. Fundador de ArquitecturadeGalicia e The Groyne, coordinador de\u00a0Andro4all e colaborador en Xombit do grupo Difoosion\",\"sameAs\":[\"https:\/\/x.com\/johncloro\"],\"url\":\"http:\/\/arquitecturadegalicia.eu\/blog\/author\/ruben\/\"}]}<\/script>\n<!-- \/ Yoast SEO plugin. -->","yoast_head_json":{"title":"Campo de f\u00fatbol en Coir\u00f3s | AG","robots":{"index":"index","follow":"follow","max-snippet":"max-snippet:-1","max-image-preview":"max-image-preview:large","max-video-preview":"max-video-preview:-1"},"canonical":"http:\/\/arquitecturadegalicia.eu\/blog\/campo-de-futbol-de-coiros\/","og_locale":"es_ES","og_type":"article","og_title":"Campo de f\u00fatbol en Coir\u00f3s | AG","og_description":"\"Un \u00fanico volumen, sobrio en apariencia y juguet\u00f3n con la luz, alberga vestuarios y grader\u00edo. Un paralelep\u00edpedo que al acercarse se transforma en movimiento en sus fachadas, dialogando as\u00ed con la naturaleza que lo rodea\" Sab\u00edn + Blanco","og_url":"http:\/\/arquitecturadegalicia.eu\/blog\/campo-de-futbol-de-coiros\/","og_site_name":"AG","article_publisher":"https:\/\/www.facebook.com\/ArquitecturadeGalicia\/","article_published_time":"2013-12-23T19:00:07+00:00","article_modified_time":"2016-10-16T10:54:42+00:00","og_image":[{"width":620,"height":393,"url":"http:\/\/arquitecturadegalicia.eu\/blog\/wp-content\/uploads\/2012\/12\/SABIN-BLANCO_0_COIROS001_10.jpg","type":"image\/jpeg"}],"author":"Rub\u00e9n Ulloa Montes","twitter_card":"summary_large_image","twitter_creator":"@johncloro","twitter_site":"@arquigaliciaeu","twitter_misc":{"Escrito por":"Rub\u00e9n Ulloa Montes","Tiempo de lectura":"2 minutos"},"schema":{"@context":"https:\/\/schema.org","@graph":[{"@type":"Article","@id":"http:\/\/arquitecturadegalicia.eu\/blog\/campo-de-futbol-de-coiros\/#article","isPartOf":{"@id":"http:\/\/arquitecturadegalicia.eu\/blog\/campo-de-futbol-de-coiros\/"},"author":{"name":"Rub\u00e9n Ulloa Montes","@id":"https:\/\/arquitecturadegalicia.eu\/blog\/#\/schema\/person\/25cb39b0990eede8939e86ceff6a933b"},"headline":"Campo de f\u00fatbol en Coir\u00f3s","datePublished":"2013-12-23T19:00:07+00:00","dateModified":"2016-10-16T10:54:42+00:00","mainEntityOfPage":{"@id":"http:\/\/arquitecturadegalicia.eu\/blog\/campo-de-futbol-de-coiros\/"},"wordCount":382,"commentCount":0,"publisher":{"@id":"https:\/\/arquitecturadegalicia.eu\/blog\/#organization"},"image":{"@id":"http:\/\/arquitecturadegalicia.eu\/blog\/campo-de-futbol-de-coiros\/#primaryimage"},"thumbnailUrl":"http:\/\/arquitecturadegalicia.eu\/blog\/wp-content\/uploads\/2012\/12\/SABIN-BLANCO_0_COIROS001_10.jpg","keywords":["2004","deportivo","futbol","Sabin+Blanco"],"articleSection":["Coir\u00f3s"],"inLanguage":"es","potentialAction":[{"@type":"CommentAction","name":"Comment","target":["http:\/\/arquitecturadegalicia.eu\/blog\/campo-de-futbol-de-coiros\/#respond"]}]},{"@type":"WebPage","@id":"http:\/\/arquitecturadegalicia.eu\/blog\/campo-de-futbol-de-coiros\/","url":"http:\/\/arquitecturadegalicia.eu\/blog\/campo-de-futbol-de-coiros\/","name":"Campo de f\u00fatbol en Coir\u00f3s | AG","isPartOf":{"@id":"https:\/\/arquitecturadegalicia.eu\/blog\/#website"},"primaryImageOfPage":{"@id":"http:\/\/arquitecturadegalicia.eu\/blog\/campo-de-futbol-de-coiros\/#primaryimage"},"image":{"@id":"http:\/\/arquitecturadegalicia.eu\/blog\/campo-de-futbol-de-coiros\/#primaryimage"},"thumbnailUrl":"http:\/\/arquitecturadegalicia.eu\/blog\/wp-content\/uploads\/2012\/12\/SABIN-BLANCO_0_COIROS001_10.jpg","datePublished":"2013-12-23T19:00:07+00:00","dateModified":"2016-10-16T10:54:42+00:00","breadcrumb":{"@id":"http:\/\/arquitecturadegalicia.eu\/blog\/campo-de-futbol-de-coiros\/#breadcrumb"},"inLanguage":"es","potentialAction":[{"@type":"ReadAction","target":["http:\/\/arquitecturadegalicia.eu\/blog\/campo-de-futbol-de-coiros\/"]}]},{"@type":"ImageObject","inLanguage":"es","@id":"http:\/\/arquitecturadegalicia.eu\/blog\/campo-de-futbol-de-coiros\/#primaryimage","url":"http:\/\/arquitecturadegalicia.eu\/blog\/wp-content\/uploads\/2012\/12\/SABIN-BLANCO_0_COIROS001_10.jpg","contentUrl":"http:\/\/arquitecturadegalicia.eu\/blog\/wp-content\/uploads\/2012\/12\/SABIN-BLANCO_0_COIROS001_10.jpg","width":"620","height":"393"},{"@type":"BreadcrumbList","@id":"http:\/\/arquitecturadegalicia.eu\/blog\/campo-de-futbol-de-coiros\/#breadcrumb","itemListElement":[{"@type":"ListItem","position":1,"name":"Portada","item":"https:\/\/arquitecturadegalicia.eu\/blog\/"},{"@type":"ListItem","position":2,"name":"Campo de f\u00fatbol en Coir\u00f3s"}]},{"@type":"WebSite","@id":"https:\/\/arquitecturadegalicia.eu\/blog\/#website","url":"https:\/\/arquitecturadegalicia.eu\/blog\/","name":"AG","description":"Arquitectura de Galicia","publisher":{"@id":"https:\/\/arquitecturadegalicia.eu\/blog\/#organization"},"potentialAction":[{"@type":"SearchAction","target":{"@type":"EntryPoint","urlTemplate":"https:\/\/arquitecturadegalicia.eu\/blog\/?s={search_term_string}"},"query-input":{"@type":"PropertyValueSpecification","valueRequired":true,"valueName":"search_term_string"}}],"inLanguage":"es"},{"@type":"Organization","@id":"https:\/\/arquitecturadegalicia.eu\/blog\/#organization","name":"Arquitectura de Galicia","url":"https:\/\/arquitecturadegalicia.eu\/blog\/","logo":{"@type":"ImageObject","inLanguage":"es","@id":"https:\/\/arquitecturadegalicia.eu\/blog\/#\/schema\/logo\/image\/","url":"https:\/\/arquitecturadegalicia.eu\/blog\/wp-content\/uploads\/2017\/01\/arquitecturacurrents2.png","contentUrl":"https:\/\/arquitecturadegalicia.eu\/blog\/wp-content\/uploads\/2017\/01\/arquitecturacurrents2.png","width":840,"height":640,"caption":"Arquitectura de Galicia"},"image":{"@id":"https:\/\/arquitecturadegalicia.eu\/blog\/#\/schema\/logo\/image\/"},"sameAs":["https:\/\/www.facebook.com\/ArquitecturadeGalicia\/","https:\/\/x.com\/arquigaliciaeu","https:\/\/www.instagram.com\/arquigaliciaeu\/"]},{"@type":"Person","@id":"https:\/\/arquitecturadegalicia.eu\/blog\/#\/schema\/person\/25cb39b0990eede8939e86ceff6a933b","name":"Rub\u00e9n Ulloa Montes","image":{"@type":"ImageObject","inLanguage":"es","@id":"https:\/\/arquitecturadegalicia.eu\/blog\/#\/schema\/person\/image\/","url":"https:\/\/secure.gravatar.com\/avatar\/ff68e679356737556f8604cded4a38fd?s=96&d=mm&r=g","contentUrl":"https:\/\/secure.gravatar.com\/avatar\/ff68e679356737556f8604cded4a38fd?s=96&d=mm&r=g","caption":"Rub\u00e9n Ulloa Montes"},"description":"A Coru\u00f1a | Fundador e coordinaci\u00f3n da p\u00e1xina web e redes sociais | Arquitecto e apasionado da tecnolox\u00eda, todo o que te\u00f1a que ver con isto se merece un post. Dime o que che gusta e che farei un blog. Fundador de ArquitecturadeGalicia e The Groyne, coordinador de\u00a0Andro4all e colaborador en Xombit do grupo Difoosion","sameAs":["https:\/\/x.com\/johncloro"],"url":"http:\/\/arquitecturadegalicia.eu\/blog\/author\/ruben\/"}]}},"jetpack_featured_media_url":"http:\/\/arquitecturadegalicia.eu\/blog\/wp-content\/uploads\/2012\/12\/SABIN-BLANCO_0_COIROS001_10.jpg","jetpack_shortlink":"https:\/\/wp.me\/p2NHs2-pT","jetpack_sharing_enabled":true,"_links":{"self":[{"href":"http:\/\/arquitecturadegalicia.eu\/blog\/wp-json\/wp\/v2\/posts\/1605","targetHints":{"allow":["GET"]}}],"collection":[{"href":"http:\/\/arquitecturadegalicia.eu\/blog\/wp-json\/wp\/v2\/posts"}],"about":[{"href":"http:\/\/arquitecturadegalicia.eu\/blog\/wp-json\/wp\/v2\/types\/post"}],"author":[{"embeddable":true,"href":"http:\/\/arquitecturadegalicia.eu\/blog\/wp-json\/wp\/v2\/users\/2"}],"replies":[{"embeddable":true,"href":"http:\/\/arquitecturadegalicia.eu\/blog\/wp-json\/wp\/v2\/comments?post=1605"}],"version-history":[{"count":30,"href":"http:\/\/arquitecturadegalicia.eu\/blog\/wp-json\/wp\/v2\/posts\/1605\/revisions"}],"predecessor-version":[{"id":14516,"href":"http:\/\/arquitecturadegalicia.eu\/blog\/wp-json\/wp\/v2\/posts\/1605\/revisions\/14516"}],"wp:featuredmedia":[{"embeddable":true,"href":"http:\/\/arquitecturadegalicia.eu\/blog\/wp-json\/wp\/v2\/media\/1606"}],"wp:attachment":[{"href":"http:\/\/arquitecturadegalicia.eu\/blog\/wp-json\/wp\/v2\/media?parent=1605"}],"wp:term":[{"taxonomy":"category","embeddable":true,"href":"http:\/\/arquitecturadegalicia.eu\/blog\/wp-json\/wp\/v2\/categories?post=1605"},{"taxonomy":"post_tag","embeddable":true,"href":"http:\/\/arquitecturadegalicia.eu\/blog\/wp-json\/wp\/v2\/tags?post=1605"},{"taxonomy":"ano","embeddable":true,"href":"http:\/\/arquitecturadegalicia.eu\/blog\/wp-json\/wp\/v2\/ano?post=1605"},{"taxonomy":"arquitectos","embeddable":true,"href":"http:\/\/arquitecturadegalicia.eu\/blog\/wp-json\/wp\/v2\/arquitectos?post=1605"},{"taxonomy":"tipoloxia","embeddable":true,"href":"http:\/\/arquitecturadegalicia.eu\/blog\/wp-json\/wp\/v2\/tipoloxia?post=1605"}],"curies":[{"name":"wp","href":"https:\/\/api.w.org\/{rel}","templated":true}]}}