{"id":2182,"date":"2013-01-15T20:00:05","date_gmt":"2013-01-15T19:00:05","guid":{"rendered":"http:\/\/arquitecturadegalicia.eu\/blog\/?p=2182"},"modified":"2014-04-01T22:06:08","modified_gmt":"2014-04-01T20:06:08","slug":"museo-do-mar-de-galicia","status":"publish","type":"post","link":"http:\/\/arquitecturadegalicia.eu\/blog\/museo-do-mar-de-galicia\/","title":{"rendered":"Museo do mar de Galicia"},"content":{"rendered":"<h6 style=\"text-align: right;\"><span style=\"color: #c0c0c0;\"><a style=\"font-size: 0.75em; text-align: right;\" href=\"http:\/\/arquitecturadegalicia.eu\/blog\/?author=11\" target=\"_blank\"><span style=\"color: #c0c0c0;\"><img fetchpriority=\"high\" decoding=\"async\" class=\"alignnone size-full wp-image-12196\" alt=\"Museo del Mar, Vigo | Museo del Mar, Vigo\" src=\"http:\/\/arquitecturadegalicia.eu\/blog\/wp-content\/uploads\/2013\/01\/AG_museo_mar_galicia_cesar_portela_aldo_rossi_vigo_00.jpg\" width=\"620\" height=\"403\" srcset=\"http:\/\/arquitecturadegalicia.eu\/blog\/wp-content\/uploads\/2013\/01\/AG_museo_mar_galicia_cesar_portela_aldo_rossi_vigo_00.jpg 620w, http:\/\/arquitecturadegalicia.eu\/blog\/wp-content\/uploads\/2013\/01\/AG_museo_mar_galicia_cesar_portela_aldo_rossi_vigo_00-300x195.jpg 300w\" sizes=\"(max-width: 620px) 100vw, 620px\" \/><br \/>\n<\/span><\/a><\/span><a href=\"http:\/\/thomasmayerarchive.de\/categories.php?cat_id=456&amp;l=english\" target=\"_blank\"><span style=\"color: #999999;\">Thomas Mayer<\/span><\/a><\/h6>\n<table class=\"aligncenter\" width=\"620\" border=\"0\" cellspacing=\"0\" cellpadding=\"0\">\n<tbody>\n<tr>\n<td width=\"180\"><strong>Obra:<\/strong><\/td>\n<td>Museo do mar de Galicia<\/td>\n<\/tr>\n<tr>\n<td><strong>Arquitecto:<\/strong><\/td>\n<td>C\u00e9sar Portela e Aldo Rossi<\/td>\n<\/tr>\n<tr>\n<td><strong>Provincia:<\/strong><\/td>\n<td>Pontevedra<\/td>\n<\/tr>\n<tr>\n<td><strong>Localidade:<\/strong><\/td>\n<td>Alcabre, Vigo<\/td>\n<\/tr>\n<tr>\n<td><strong>Ano:<\/strong><\/td>\n<td>1992 &#8211; 2002<\/td>\n<\/tr>\n<tr>\n<td><strong>Xeolocalizaci\u00f3n:<\/strong><\/td>\n<td><strong><a href=\"https:\/\/maps.google.com\/maps\/ms?ie=UTF8&amp;hl=es&amp;oe=UTF8&amp;t=h&amp;vpsrc=6&amp;msa=0&amp;msid=205584753861089304839.0004b3590a9baff01c53d&amp;start=0&amp;num=200&amp;ll=42.22553,-8.768667&amp;spn=0.005172,0.009645&amp;z=17&amp;iwloc=0004b36049af179eb94da\" target=\"_blank\">42.225,-8.768<\/a><\/strong><\/td>\n<\/tr>\n<\/tbody>\n<\/table>\n<table class=\" aligncenter\" width=\"620\" border=\"0\" cellspacing=\"0\" cellpadding=\"0\">\n<tbody>\n<tr>\n<td width=\"20\"><\/td>\n<td colspan=\"2\"><strong>Premios:<\/strong><\/td>\n<\/tr>\n<tr>\n<td width=\"20\"><\/td>\n<td width=\"20\"><\/td>\n<td width=\"580\">Premio | Philippe Rotthier Prize | 2005<br \/>\nFinalista | BEAU VII | 2002<\/td>\n<\/tr>\n<tr>\n<td width=\"20\"><\/td>\n<td colspan=\"2\"><strong>Publicaci\u00f3ns:<\/strong><\/td>\n<\/tr>\n<tr>\n<td width=\"20\"><\/td>\n<td width=\"20\"><\/td>\n<td>AGRASAR QUIROGA, F. | Gu\u00eda de Arquitectura de Vigo (1930-2000) | COAG, 2003.<br \/>\nRevista Arquitectura N\u00ba 298 | COAM,1998.<br \/>\nArs Nova Mediterr\u00e1nea 2\/00 | 2000.<br \/>\nRevista Obradoiro N\u00ba 22 | COAG, 1993.<br \/>\nRevista Obradoiro N\u00ba 30 | COAG,\u00a0 2003.<\/td>\n<\/tr>\n<tr>\n<td width=\"20\"><\/td>\n<td colspan=\"2\"><strong>Informaci\u00f3n na rede:<\/strong><\/td>\n<\/tr>\n<tr>\n<td width=\"20\"><\/td>\n<td width=\"20\"><\/td>\n<td><a href=\"http:\/\/museodomar.xunta.es\/es\" target=\"_blank\"><strong>museodomar.xunta.es<\/strong><\/a><a href=\"http:\/\/www.cesarportela.com\/index_ga.html\" target=\"_blank\"><strong><br \/>\ncesarportela.com<\/strong><\/a><br \/>\n<a href=\"http:\/\/thomasmayerarchive.de\/categories.php?cat_id=456&amp;l=english\" target=\"_blank\"><strong>thomasmayerarchive.de<\/strong><\/a><br \/>\n<a href=\"http:\/\/www.ardan.es\/ctgcos\/d10_ficha.php?obra=47&amp;id_idioma=es\" target=\"_blank\"><strong>ardan.es<\/strong><\/a><\/td>\n<\/tr>\n<tr>\n<td width=\"20\"><\/td>\n<td colspan=\"2\"><strong>Descripci\u00f3n do proxecto:<\/strong><\/td>\n<\/tr>\n<tr>\n<td width=\"20\"><\/td>\n<td width=\"20\"><\/td>\n<td style=\"text-align: justify;\">\u00abEI Museo del Mar de Galicia sirve de transici\u00f3n entre la tierra y el mar, y se configura como un cabo, mitad naturaleza, mitad artificio, en este paradigm\u00e1tico lugar del borde litoral, pr\u00f3ximo a la ciudad de Vigo, e incorpora la R\u00eda como una parte m\u00e1s del proyecto, sin duda la m\u00e1s importante. EI Museo del Mar de Galicia se concibe as\u00ed como un \u00fanico e inequ\u00edvoco \u00e1mbito espacial, con identidad propia, delimitado en parte por un muro perimetral y en parte por el propio mar, y lleno a su vez de espacios menores, dotados de fuerte arraigo y personalidad, en IOS que tienen cabida los m\u00e1s diversos usos que el programa muse\u00edstico contempla. A medida que estos espacios se recorren iremos encontrando secuencias ins\u00f3litas y sorprendentes, capaces de transportarnos a trav\u00e9s de jardines, edificios, patios, plazas, paseos, pasarelas, muelles&#8230;, desde la tierra firme hasta orilla mar. Y todo ello sin manifestar la menor disfunci\u00f3n O desequilibrio sino, por el contrario, logrando un continuo arm\u00f3nico donde los espacios p\u00fablicos y los privados se suceden los unos a los otros, se combinan y se funden como partes de un todo, en el que tiempo y espacio se ponen al servicio de la Cultura, sin perder nunca de vista la Naturaleza. La obra, en conjunto, es un escenario que se sabe incompleto sin la presencia de figurantes: los visitantes del museo, quienes, en sus desplazamientos a trav\u00e9s de los diferentes \u00e1mbitos, delimitados por fachadas y cubiertas \u00ado simplemente por muros y en sus aproximaciones o en sus alejamientos a los huecos en ellos practicados, completar\u00e1n el discurso expositivo del museo, con el disfrute del mar y el cielo que, tras ellos, se ofrecen en toda su inmensidad y belleza. Espect\u00e1culo \u00e9ste, reservado habitualmente a los hombres del mar o a los dioses.\u00bb<br \/>\nC\u00e9sar Portela<\/td>\n<\/tr>\n<tr>\n<td width=\"20\"><\/td>\n<td colspan=\"2\"><b>Reportaxe fotogr\u00e1fica:<b> <\/b><\/b><\/td>\n<\/tr>\n<\/tbody>\n<\/table>\n<p><br \/>\n <\/p>\n","protected":false},"excerpt":{"rendered":"<p>\u00abEI Museo del Mar de Galicia sirve de transici\u00f3n entre la tierra y el mar, y se configura como un cabo, mitad naturaleza, mitad artificio, en este paradigm\u00e1tico lugar del borde litoral, pr\u00f3ximo a la ciudad de Vigo, e incorpora la R\u00eda como una parte m\u00e1s del proyecto, sin duda la m\u00e1s importante\u00bb  C\u00e9sar Portela<\/p>\n","protected":false},"author":8,"featured_media":12196,"comment_status":"open","ping_status":"open","sticky":false,"template":"","format":"standard","meta":{"jetpack_post_was_ever_published":false,"_jetpack_newsletter_access":"","_jetpack_dont_email_post_to_subs":false,"_jetpack_newsletter_tier_id":0,"_jetpack_memberships_contains_paywalled_content":false,"_jetpack_memberships_contains_paid_content":false,"footnotes":"","jetpack_publicize_message":"","jetpack_publicize_feature_enabled":true,"jetpack_social_post_already_shared":false,"jetpack_social_options":{"image_generator_settings":{"template":"highway","enabled":false},"version":2}},"categories":[25],"tags":[48,205,147,94],"ano":[],"arquitectos":[],"tipoloxia":[],"class_list":["post-2182","post","type-post","status-publish","format-standard","has-post-thumbnail","hentry","category-vigo","tag-48","tag-aldo-rossi","tag-cesar-portela","tag-museo","content-print"],"jetpack_publicize_connections":[],"yoast_head":"<!-- This site is optimized with the Yoast SEO plugin v24.1 - https:\/\/yoast.com\/wordpress\/plugins\/seo\/ -->\n<title>Museo do mar de Galicia | AG<\/title>\n<meta name=\"robots\" content=\"index, follow, max-snippet:-1, max-image-preview:large, max-video-preview:-1\" \/>\n<link rel=\"canonical\" href=\"http:\/\/arquitecturadegalicia.eu\/blog\/museo-do-mar-de-galicia\/\" \/>\n<meta property=\"og:locale\" content=\"es_ES\" \/>\n<meta property=\"og:type\" content=\"article\" \/>\n<meta property=\"og:title\" content=\"Museo do mar de Galicia | AG\" \/>\n<meta property=\"og:description\" content=\"&quot;EI Museo del Mar de Galicia sirve de transici\u00f3n entre la tierra y el mar, y se configura como un cabo, mitad naturaleza, mitad artificio, en este paradigm\u00e1tico lugar del borde litoral, pr\u00f3ximo a la ciudad de Vigo, e incorpora la R\u00eda como una parte m\u00e1s del proyecto, sin duda la m\u00e1s importante&quot; C\u00e9sar Portela\" \/>\n<meta property=\"og:url\" content=\"http:\/\/arquitecturadegalicia.eu\/blog\/museo-do-mar-de-galicia\/\" \/>\n<meta property=\"og:site_name\" content=\"AG\" \/>\n<meta property=\"article:publisher\" content=\"https:\/\/www.facebook.com\/ArquitecturadeGalicia\/\" \/>\n<meta property=\"article:published_time\" content=\"2013-01-15T19:00:05+00:00\" \/>\n<meta property=\"article:modified_time\" content=\"2014-04-01T20:06:08+00:00\" \/>\n<meta property=\"og:image\" content=\"http:\/\/arquitecturadegalicia.eu\/blog\/wp-content\/uploads\/2013\/01\/AG_museo_mar_galicia_cesar_portela_aldo_rossi_vigo_00.jpg\" \/>\n\t<meta property=\"og:image:width\" content=\"620\" \/>\n\t<meta property=\"og:image:height\" content=\"403\" \/>\n\t<meta property=\"og:image:type\" content=\"image\/jpeg\" \/>\n<meta name=\"author\" content=\"Iago Valverde\" \/>\n<meta name=\"twitter:card\" content=\"summary_large_image\" \/>\n<meta name=\"twitter:creator\" content=\"@arquigaliciaeu\" \/>\n<meta name=\"twitter:site\" content=\"@arquigaliciaeu\" \/>\n<meta name=\"twitter:label1\" content=\"Escrito por\" \/>\n\t<meta name=\"twitter:data1\" content=\"Iago Valverde\" \/>\n\t<meta name=\"twitter:label2\" content=\"Tiempo de lectura\" \/>\n\t<meta name=\"twitter:data2\" content=\"2 minutos\" \/>\n<script type=\"application\/ld+json\" class=\"yoast-schema-graph\">{\"@context\":\"https:\/\/schema.org\",\"@graph\":[{\"@type\":\"Article\",\"@id\":\"http:\/\/arquitecturadegalicia.eu\/blog\/museo-do-mar-de-galicia\/#article\",\"isPartOf\":{\"@id\":\"http:\/\/arquitecturadegalicia.eu\/blog\/museo-do-mar-de-galicia\/\"},\"author\":{\"name\":\"Iago Valverde\",\"@id\":\"https:\/\/arquitecturadegalicia.eu\/blog\/#\/schema\/person\/a51297ea3eeddd32ccbd89a218e148f1\"},\"headline\":\"Museo do mar de Galicia\",\"datePublished\":\"2013-01-15T19:00:05+00:00\",\"dateModified\":\"2014-04-01T20:06:08+00:00\",\"mainEntityOfPage\":{\"@id\":\"http:\/\/arquitecturadegalicia.eu\/blog\/museo-do-mar-de-galicia\/\"},\"wordCount\":421,\"commentCount\":0,\"publisher\":{\"@id\":\"https:\/\/arquitecturadegalicia.eu\/blog\/#organization\"},\"image\":{\"@id\":\"http:\/\/arquitecturadegalicia.eu\/blog\/museo-do-mar-de-galicia\/#primaryimage\"},\"thumbnailUrl\":\"http:\/\/arquitecturadegalicia.eu\/blog\/wp-content\/uploads\/2013\/01\/AG_museo_mar_galicia_cesar_portela_aldo_rossi_vigo_00.jpg\",\"keywords\":[\"2002\",\"Aldo Rossi\",\"C\u00e9sar Portela\",\"museo\"],\"articleSection\":[\"Vigo\"],\"inLanguage\":\"es\",\"potentialAction\":[{\"@type\":\"CommentAction\",\"name\":\"Comment\",\"target\":[\"http:\/\/arquitecturadegalicia.eu\/blog\/museo-do-mar-de-galicia\/#respond\"]}]},{\"@type\":\"WebPage\",\"@id\":\"http:\/\/arquitecturadegalicia.eu\/blog\/museo-do-mar-de-galicia\/\",\"url\":\"http:\/\/arquitecturadegalicia.eu\/blog\/museo-do-mar-de-galicia\/\",\"name\":\"Museo do mar de Galicia | AG\",\"isPartOf\":{\"@id\":\"https:\/\/arquitecturadegalicia.eu\/blog\/#website\"},\"primaryImageOfPage\":{\"@id\":\"http:\/\/arquitecturadegalicia.eu\/blog\/museo-do-mar-de-galicia\/#primaryimage\"},\"image\":{\"@id\":\"http:\/\/arquitecturadegalicia.eu\/blog\/museo-do-mar-de-galicia\/#primaryimage\"},\"thumbnailUrl\":\"http:\/\/arquitecturadegalicia.eu\/blog\/wp-content\/uploads\/2013\/01\/AG_museo_mar_galicia_cesar_portela_aldo_rossi_vigo_00.jpg\",\"datePublished\":\"2013-01-15T19:00:05+00:00\",\"dateModified\":\"2014-04-01T20:06:08+00:00\",\"breadcrumb\":{\"@id\":\"http:\/\/arquitecturadegalicia.eu\/blog\/museo-do-mar-de-galicia\/#breadcrumb\"},\"inLanguage\":\"es\",\"potentialAction\":[{\"@type\":\"ReadAction\",\"target\":[\"http:\/\/arquitecturadegalicia.eu\/blog\/museo-do-mar-de-galicia\/\"]}]},{\"@type\":\"ImageObject\",\"inLanguage\":\"es\",\"@id\":\"http:\/\/arquitecturadegalicia.eu\/blog\/museo-do-mar-de-galicia\/#primaryimage\",\"url\":\"http:\/\/arquitecturadegalicia.eu\/blog\/wp-content\/uploads\/2013\/01\/AG_museo_mar_galicia_cesar_portela_aldo_rossi_vigo_00.jpg\",\"contentUrl\":\"http:\/\/arquitecturadegalicia.eu\/blog\/wp-content\/uploads\/2013\/01\/AG_museo_mar_galicia_cesar_portela_aldo_rossi_vigo_00.jpg\",\"width\":620,\"height\":403},{\"@type\":\"BreadcrumbList\",\"@id\":\"http:\/\/arquitecturadegalicia.eu\/blog\/museo-do-mar-de-galicia\/#breadcrumb\",\"itemListElement\":[{\"@type\":\"ListItem\",\"position\":1,\"name\":\"Portada\",\"item\":\"https:\/\/arquitecturadegalicia.eu\/blog\/\"},{\"@type\":\"ListItem\",\"position\":2,\"name\":\"Museo do mar de Galicia\"}]},{\"@type\":\"WebSite\",\"@id\":\"https:\/\/arquitecturadegalicia.eu\/blog\/#website\",\"url\":\"https:\/\/arquitecturadegalicia.eu\/blog\/\",\"name\":\"AG\",\"description\":\"Arquitectura de Galicia\",\"publisher\":{\"@id\":\"https:\/\/arquitecturadegalicia.eu\/blog\/#organization\"},\"potentialAction\":[{\"@type\":\"SearchAction\",\"target\":{\"@type\":\"EntryPoint\",\"urlTemplate\":\"https:\/\/arquitecturadegalicia.eu\/blog\/?s={search_term_string}\"},\"query-input\":{\"@type\":\"PropertyValueSpecification\",\"valueRequired\":true,\"valueName\":\"search_term_string\"}}],\"inLanguage\":\"es\"},{\"@type\":\"Organization\",\"@id\":\"https:\/\/arquitecturadegalicia.eu\/blog\/#organization\",\"name\":\"Arquitectura de Galicia\",\"url\":\"https:\/\/arquitecturadegalicia.eu\/blog\/\",\"logo\":{\"@type\":\"ImageObject\",\"inLanguage\":\"es\",\"@id\":\"https:\/\/arquitecturadegalicia.eu\/blog\/#\/schema\/logo\/image\/\",\"url\":\"https:\/\/arquitecturadegalicia.eu\/blog\/wp-content\/uploads\/2017\/01\/arquitecturacurrents2.png\",\"contentUrl\":\"https:\/\/arquitecturadegalicia.eu\/blog\/wp-content\/uploads\/2017\/01\/arquitecturacurrents2.png\",\"width\":840,\"height\":640,\"caption\":\"Arquitectura de Galicia\"},\"image\":{\"@id\":\"https:\/\/arquitecturadegalicia.eu\/blog\/#\/schema\/logo\/image\/\"},\"sameAs\":[\"https:\/\/www.facebook.com\/ArquitecturadeGalicia\/\",\"https:\/\/x.com\/arquigaliciaeu\",\"https:\/\/www.instagram.com\/arquigaliciaeu\/\"]},{\"@type\":\"Person\",\"@id\":\"https:\/\/arquitecturadegalicia.eu\/blog\/#\/schema\/person\/a51297ea3eeddd32ccbd89a218e148f1\",\"name\":\"Iago Valverde\",\"image\":{\"@type\":\"ImageObject\",\"inLanguage\":\"es\",\"@id\":\"https:\/\/arquitecturadegalicia.eu\/blog\/#\/schema\/person\/image\/\",\"url\":\"https:\/\/secure.gravatar.com\/avatar\/eb8a9f2f10ff79db5c78989d92f1e8b2?s=96&d=mm&r=g\",\"contentUrl\":\"https:\/\/secure.gravatar.com\/avatar\/eb8a9f2f10ff79db5c78989d92f1e8b2?s=96&d=mm&r=g\",\"caption\":\"Iago Valverde\"},\"description\":\"Nigr\u00e1n | Edici\u00f3n de artigos e xeolocalizaci\u00f3n | Arquitecto en formaci\u00f3n na ETSAC e cursando PFC. Interesado en urbanismo, arquitectura, pol\u00edtica, e todo aquilo que \u00e9 complexo e vital\",\"url\":\"http:\/\/arquitecturadegalicia.eu\/blog\/author\/iago-valverde\/\"}]}<\/script>\n<!-- \/ Yoast SEO plugin. -->","yoast_head_json":{"title":"Museo do mar de Galicia | AG","robots":{"index":"index","follow":"follow","max-snippet":"max-snippet:-1","max-image-preview":"max-image-preview:large","max-video-preview":"max-video-preview:-1"},"canonical":"http:\/\/arquitecturadegalicia.eu\/blog\/museo-do-mar-de-galicia\/","og_locale":"es_ES","og_type":"article","og_title":"Museo do mar de Galicia | AG","og_description":"\"EI Museo del Mar de Galicia sirve de transici\u00f3n entre la tierra y el mar, y se configura como un cabo, mitad naturaleza, mitad artificio, en este paradigm\u00e1tico lugar del borde litoral, pr\u00f3ximo a la ciudad de Vigo, e incorpora la R\u00eda como una parte m\u00e1s del proyecto, sin duda la m\u00e1s importante\" C\u00e9sar Portela","og_url":"http:\/\/arquitecturadegalicia.eu\/blog\/museo-do-mar-de-galicia\/","og_site_name":"AG","article_publisher":"https:\/\/www.facebook.com\/ArquitecturadeGalicia\/","article_published_time":"2013-01-15T19:00:05+00:00","article_modified_time":"2014-04-01T20:06:08+00:00","og_image":[{"width":620,"height":403,"url":"http:\/\/arquitecturadegalicia.eu\/blog\/wp-content\/uploads\/2013\/01\/AG_museo_mar_galicia_cesar_portela_aldo_rossi_vigo_00.jpg","type":"image\/jpeg"}],"author":"Iago Valverde","twitter_card":"summary_large_image","twitter_creator":"@arquigaliciaeu","twitter_site":"@arquigaliciaeu","twitter_misc":{"Escrito por":"Iago Valverde","Tiempo de lectura":"2 minutos"},"schema":{"@context":"https:\/\/schema.org","@graph":[{"@type":"Article","@id":"http:\/\/arquitecturadegalicia.eu\/blog\/museo-do-mar-de-galicia\/#article","isPartOf":{"@id":"http:\/\/arquitecturadegalicia.eu\/blog\/museo-do-mar-de-galicia\/"},"author":{"name":"Iago Valverde","@id":"https:\/\/arquitecturadegalicia.eu\/blog\/#\/schema\/person\/a51297ea3eeddd32ccbd89a218e148f1"},"headline":"Museo do mar de Galicia","datePublished":"2013-01-15T19:00:05+00:00","dateModified":"2014-04-01T20:06:08+00:00","mainEntityOfPage":{"@id":"http:\/\/arquitecturadegalicia.eu\/blog\/museo-do-mar-de-galicia\/"},"wordCount":421,"commentCount":0,"publisher":{"@id":"https:\/\/arquitecturadegalicia.eu\/blog\/#organization"},"image":{"@id":"http:\/\/arquitecturadegalicia.eu\/blog\/museo-do-mar-de-galicia\/#primaryimage"},"thumbnailUrl":"http:\/\/arquitecturadegalicia.eu\/blog\/wp-content\/uploads\/2013\/01\/AG_museo_mar_galicia_cesar_portela_aldo_rossi_vigo_00.jpg","keywords":["2002","Aldo Rossi","C\u00e9sar Portela","museo"],"articleSection":["Vigo"],"inLanguage":"es","potentialAction":[{"@type":"CommentAction","name":"Comment","target":["http:\/\/arquitecturadegalicia.eu\/blog\/museo-do-mar-de-galicia\/#respond"]}]},{"@type":"WebPage","@id":"http:\/\/arquitecturadegalicia.eu\/blog\/museo-do-mar-de-galicia\/","url":"http:\/\/arquitecturadegalicia.eu\/blog\/museo-do-mar-de-galicia\/","name":"Museo do mar de Galicia | AG","isPartOf":{"@id":"https:\/\/arquitecturadegalicia.eu\/blog\/#website"},"primaryImageOfPage":{"@id":"http:\/\/arquitecturadegalicia.eu\/blog\/museo-do-mar-de-galicia\/#primaryimage"},"image":{"@id":"http:\/\/arquitecturadegalicia.eu\/blog\/museo-do-mar-de-galicia\/#primaryimage"},"thumbnailUrl":"http:\/\/arquitecturadegalicia.eu\/blog\/wp-content\/uploads\/2013\/01\/AG_museo_mar_galicia_cesar_portela_aldo_rossi_vigo_00.jpg","datePublished":"2013-01-15T19:00:05+00:00","dateModified":"2014-04-01T20:06:08+00:00","breadcrumb":{"@id":"http:\/\/arquitecturadegalicia.eu\/blog\/museo-do-mar-de-galicia\/#breadcrumb"},"inLanguage":"es","potentialAction":[{"@type":"ReadAction","target":["http:\/\/arquitecturadegalicia.eu\/blog\/museo-do-mar-de-galicia\/"]}]},{"@type":"ImageObject","inLanguage":"es","@id":"http:\/\/arquitecturadegalicia.eu\/blog\/museo-do-mar-de-galicia\/#primaryimage","url":"http:\/\/arquitecturadegalicia.eu\/blog\/wp-content\/uploads\/2013\/01\/AG_museo_mar_galicia_cesar_portela_aldo_rossi_vigo_00.jpg","contentUrl":"http:\/\/arquitecturadegalicia.eu\/blog\/wp-content\/uploads\/2013\/01\/AG_museo_mar_galicia_cesar_portela_aldo_rossi_vigo_00.jpg","width":620,"height":403},{"@type":"BreadcrumbList","@id":"http:\/\/arquitecturadegalicia.eu\/blog\/museo-do-mar-de-galicia\/#breadcrumb","itemListElement":[{"@type":"ListItem","position":1,"name":"Portada","item":"https:\/\/arquitecturadegalicia.eu\/blog\/"},{"@type":"ListItem","position":2,"name":"Museo do mar de Galicia"}]},{"@type":"WebSite","@id":"https:\/\/arquitecturadegalicia.eu\/blog\/#website","url":"https:\/\/arquitecturadegalicia.eu\/blog\/","name":"AG","description":"Arquitectura de Galicia","publisher":{"@id":"https:\/\/arquitecturadegalicia.eu\/blog\/#organization"},"potentialAction":[{"@type":"SearchAction","target":{"@type":"EntryPoint","urlTemplate":"https:\/\/arquitecturadegalicia.eu\/blog\/?s={search_term_string}"},"query-input":{"@type":"PropertyValueSpecification","valueRequired":true,"valueName":"search_term_string"}}],"inLanguage":"es"},{"@type":"Organization","@id":"https:\/\/arquitecturadegalicia.eu\/blog\/#organization","name":"Arquitectura de Galicia","url":"https:\/\/arquitecturadegalicia.eu\/blog\/","logo":{"@type":"ImageObject","inLanguage":"es","@id":"https:\/\/arquitecturadegalicia.eu\/blog\/#\/schema\/logo\/image\/","url":"https:\/\/arquitecturadegalicia.eu\/blog\/wp-content\/uploads\/2017\/01\/arquitecturacurrents2.png","contentUrl":"https:\/\/arquitecturadegalicia.eu\/blog\/wp-content\/uploads\/2017\/01\/arquitecturacurrents2.png","width":840,"height":640,"caption":"Arquitectura de Galicia"},"image":{"@id":"https:\/\/arquitecturadegalicia.eu\/blog\/#\/schema\/logo\/image\/"},"sameAs":["https:\/\/www.facebook.com\/ArquitecturadeGalicia\/","https:\/\/x.com\/arquigaliciaeu","https:\/\/www.instagram.com\/arquigaliciaeu\/"]},{"@type":"Person","@id":"https:\/\/arquitecturadegalicia.eu\/blog\/#\/schema\/person\/a51297ea3eeddd32ccbd89a218e148f1","name":"Iago Valverde","image":{"@type":"ImageObject","inLanguage":"es","@id":"https:\/\/arquitecturadegalicia.eu\/blog\/#\/schema\/person\/image\/","url":"https:\/\/secure.gravatar.com\/avatar\/eb8a9f2f10ff79db5c78989d92f1e8b2?s=96&d=mm&r=g","contentUrl":"https:\/\/secure.gravatar.com\/avatar\/eb8a9f2f10ff79db5c78989d92f1e8b2?s=96&d=mm&r=g","caption":"Iago Valverde"},"description":"Nigr\u00e1n | Edici\u00f3n de artigos e xeolocalizaci\u00f3n | Arquitecto en formaci\u00f3n na ETSAC e cursando PFC. Interesado en urbanismo, arquitectura, pol\u00edtica, e todo aquilo que \u00e9 complexo e vital","url":"http:\/\/arquitecturadegalicia.eu\/blog\/author\/iago-valverde\/"}]}},"jetpack_featured_media_url":"http:\/\/arquitecturadegalicia.eu\/blog\/wp-content\/uploads\/2013\/01\/AG_museo_mar_galicia_cesar_portela_aldo_rossi_vigo_00.jpg","jetpack_shortlink":"https:\/\/wp.me\/p2NHs2-zc","jetpack_sharing_enabled":true,"_links":{"self":[{"href":"http:\/\/arquitecturadegalicia.eu\/blog\/wp-json\/wp\/v2\/posts\/2182","targetHints":{"allow":["GET"]}}],"collection":[{"href":"http:\/\/arquitecturadegalicia.eu\/blog\/wp-json\/wp\/v2\/posts"}],"about":[{"href":"http:\/\/arquitecturadegalicia.eu\/blog\/wp-json\/wp\/v2\/types\/post"}],"author":[{"embeddable":true,"href":"http:\/\/arquitecturadegalicia.eu\/blog\/wp-json\/wp\/v2\/users\/8"}],"replies":[{"embeddable":true,"href":"http:\/\/arquitecturadegalicia.eu\/blog\/wp-json\/wp\/v2\/comments?post=2182"}],"version-history":[{"count":19,"href":"http:\/\/arquitecturadegalicia.eu\/blog\/wp-json\/wp\/v2\/posts\/2182\/revisions"}],"predecessor-version":[{"id":9825,"href":"http:\/\/arquitecturadegalicia.eu\/blog\/wp-json\/wp\/v2\/posts\/2182\/revisions\/9825"}],"wp:featuredmedia":[{"embeddable":true,"href":"http:\/\/arquitecturadegalicia.eu\/blog\/wp-json\/wp\/v2\/media\/12196"}],"wp:attachment":[{"href":"http:\/\/arquitecturadegalicia.eu\/blog\/wp-json\/wp\/v2\/media?parent=2182"}],"wp:term":[{"taxonomy":"category","embeddable":true,"href":"http:\/\/arquitecturadegalicia.eu\/blog\/wp-json\/wp\/v2\/categories?post=2182"},{"taxonomy":"post_tag","embeddable":true,"href":"http:\/\/arquitecturadegalicia.eu\/blog\/wp-json\/wp\/v2\/tags?post=2182"},{"taxonomy":"ano","embeddable":true,"href":"http:\/\/arquitecturadegalicia.eu\/blog\/wp-json\/wp\/v2\/ano?post=2182"},{"taxonomy":"arquitectos","embeddable":true,"href":"http:\/\/arquitecturadegalicia.eu\/blog\/wp-json\/wp\/v2\/arquitectos?post=2182"},{"taxonomy":"tipoloxia","embeddable":true,"href":"http:\/\/arquitecturadegalicia.eu\/blog\/wp-json\/wp\/v2\/tipoloxia?post=2182"}],"curies":[{"name":"wp","href":"https:\/\/api.w.org\/{rel}","templated":true}]}}