{"id":2230,"date":"2013-01-17T19:30:48","date_gmt":"2013-01-17T18:30:48","guid":{"rendered":"http:\/\/arquitecturadegalicia.eu\/blog\/?p=2230"},"modified":"2013-06-23T19:20:17","modified_gmt":"2013-06-23T17:20:17","slug":"renovacion-do-parque-xardin-e-carballeira-de-caldas-de-reis","status":"publish","type":"post","link":"http:\/\/arquitecturadegalicia.eu\/blog\/renovacion-do-parque-xardin-e-carballeira-de-caldas-de-reis\/","title":{"rendered":"Renovaci\u00f3n do parque, xard\u00edn e carballeira de Caldas de Reis"},"content":{"rendered":"<p><a href=\"http:\/\/arquitecturadegalicia.eu\/blog\/?attachment_id=2231\" rel=\"attachment wp-att-2231\"><img fetchpriority=\"high\" decoding=\"async\" class=\"alignnone size-full wp-image-2231\" alt=\"gda20012_renovacian-de-carballeira_foto_22\" src=\"http:\/\/arquitecturadegalicia.eu\/blog\/wp-content\/uploads\/2013\/01\/gda20012_renovacian-de-carballeira_foto_22.jpg\" width=\"620\" height=\"304\" srcset=\"http:\/\/arquitecturadegalicia.eu\/blog\/wp-content\/uploads\/2013\/01\/gda20012_renovacian-de-carballeira_foto_22.jpg 620w, http:\/\/arquitecturadegalicia.eu\/blog\/wp-content\/uploads\/2013\/01\/gda20012_renovacian-de-carballeira_foto_22-300x147.jpg 300w\" sizes=\"(max-width: 620px) 100vw, 620px\" \/><\/a><\/p>\n<table width=\"620\" border=\"0\" cellspacing=\"0\" cellpadding=\"0\">\n<tbody>\n<tr>\n<td width=\"180\"><strong>Obra:<\/strong><\/td>\n<td>\u00a0Renvaci\u00f3n do parque, xard\u00edn e carballeira de Caldas de Reis<\/td>\n<\/tr>\n<tr>\n<td><strong>Arquitecto:<\/strong><\/td>\n<td>\u00a0Mart\u00edn Cerreda \u00c1lvarez e Natalia Lorenzo Mena<\/td>\n<\/tr>\n<tr>\n<td><strong>Provincia:<\/strong><\/td>\n<td>\u00a0Pontevedra<\/td>\n<\/tr>\n<tr>\n<td><strong>Localidade:<\/strong><\/td>\n<td>\u00a0Caldas de Reis<\/td>\n<\/tr>\n<tr>\n<td><strong>Ano:<\/strong><\/td>\n<td>\u00a02011<\/td>\n<\/tr>\n<tr>\n<td><strong>Xeolocalizaci\u00f3n:<\/strong><\/td>\n<td>\u00a0<strong><a href=\"https:\/\/maps.google.com\/maps\/ms?msid=205584753861089304839.0004b3590a9baff01c53d&amp;msa=0&amp;ll=42.627896,-8.593369&amp;spn=0.170508,0.363579&amp;iwloc=0004ce288e8dc8d403a96\">42.60,-8.64<\/a><\/strong><\/td>\n<\/tr>\n<\/tbody>\n<\/table>\n<table width=\"620\" border=\"0\" cellspacing=\"0\" cellpadding=\"0\">\n<tbody>\n<tr>\n<td colspan=\"3\"><strong>Outros Datos:<\/strong><\/td>\n<\/tr>\n<tr>\n<td width=\"20\"><\/td>\n<td colspan=\"2\"><strong>Premios:<\/strong><\/td>\n<\/tr>\n<tr>\n<td width=\"20\"><\/td>\n<td width=\"20\"><\/td>\n<td width=\"580\">\u00a0Premio Gran de Area 2012<\/p>\n<p>Arquia Pr\u00f3xima 2012 | Seleccionada<\/td>\n<\/tr>\n<tr>\n<td width=\"20\"><\/td>\n<td colspan=\"2\"><strong>Publicaci\u00f3ns:<\/strong><\/td>\n<\/tr>\n<tr>\n<td width=\"20\"><\/td>\n<td width=\"20\"><\/td>\n<td><\/td>\n<\/tr>\n<tr>\n<td width=\"20\"><\/td>\n<td colspan=\"2\"><strong>Informaci\u00f3n na rede:<\/strong><\/td>\n<\/tr>\n<tr>\n<td width=\"20\"><\/td>\n<td width=\"20\"><\/td>\n<td><strong><a href=\"http:\/\/fundacion.arquia.es\/proxima\/pub_realizacion_detalle.aspx?id=3560\" target=\"_blank\">arquia.es<\/a><\/strong><\/p>\n<p><a href=\"http:\/\/fundacion.arquia.es\/proxima\/catalogo2012\/3560\/\" target=\"_blank\"><strong>Catalogo arquia pr\u00f3xima 2012<\/strong><\/a><\/td>\n<\/tr>\n<tr>\n<td width=\"20\"><a href=\"http:\/\/fundacion.arquia.es\/proxima\/catalogo2012\/4109\/\">\u00a0<\/a><\/td>\n<td colspan=\"2\"><strong>Descripci\u00f3n do proxecto:<\/strong><\/td>\n<\/tr>\n<tr>\n<td width=\"20\"><\/td>\n<td width=\"20\"><\/td>\n<td>&nbsp;<\/td>\n<\/tr>\n<tr>\n<td width=\"20\"><\/td>\n<td colspan=\"2\"><b>Reportaxe fotogr\u00e1fica:\u00a0<\/b>H\u00e9ctor Santos-Diez<\/td>\n<\/tr>\n<tr>\n<td width=\"20\"><\/td>\n<td colspan=\"2\"><\/td>\n<\/tr>\n<tr>\n<td width=\"20\"><\/td>\n<td colspan=\"2\"><strong>Planos:<\/strong><\/td>\n<\/tr>\n<tr>\n<td width=\"20\"><\/td>\n<td colspan=\"2\"><img decoding=\"async\" title=\"gallery link=&quot;post&quot; ids=&quot;3405,3404,3403,3402,3401,3400&quot;\" alt=\"\" src=\"http:\/\/arquitecturadegalicia.eu\/blog\/wp-includes\/js\/tinymce\/plugins\/wpgallery\/img\/t.gif\" \/><\/td>\n<\/tr>\n<\/tbody>\n<\/table>\n<p>&nbsp;<\/p>\n","protected":false},"excerpt":{"rendered":"<p>Arquitecto:\tMart\u00edn Cerreda \u00c1lvarez e Natalia Lorenzo Mena<br \/>\nProvincia:\tPontevedra<br \/>\nLocalidade:\tCaldas de Reis<br \/>\nAno:\t        2011<\/p>\n","protected":false},"author":7,"featured_media":2231,"comment_status":"open","ping_status":"open","sticky":false,"template":"","format":"standard","meta":{"jetpack_post_was_ever_published":false,"_jetpack_newsletter_access":"","_jetpack_dont_email_post_to_subs":false,"_jetpack_newsletter_tier_id":0,"_jetpack_memberships_contains_paywalled_content":false,"_jetpack_memberships_contains_paid_content":false,"footnotes":"","jetpack_publicize_message":"","jetpack_publicize_feature_enabled":true,"jetpack_social_post_already_shared":false,"jetpack_social_options":{"image_generator_settings":{"template":"highway","enabled":false},"version":2}},"categories":[213],"tags":[56,214,100],"ano":[],"arquitectos":[],"tipoloxia":[],"class_list":["post-2230","post","type-post","status-publish","format-standard","has-post-thumbnail","hentry","category-caldas-de-reis","tag-56","tag-martin-cerreda-alvarez-e-natalia-lorenzo-mena","tag-remodelacion-urbana","content-print"],"jetpack_publicize_connections":[],"yoast_head":"<!-- This site is optimized with the Yoast SEO plugin v24.1 - https:\/\/yoast.com\/wordpress\/plugins\/seo\/ -->\n<title>Renovaci\u00f3n do parque, xard\u00edn e carballeira de Caldas de Reis | AG<\/title>\n<meta name=\"robots\" content=\"index, follow, max-snippet:-1, max-image-preview:large, max-video-preview:-1\" \/>\n<link rel=\"canonical\" href=\"http:\/\/arquitecturadegalicia.eu\/blog\/renovacion-do-parque-xardin-e-carballeira-de-caldas-de-reis\/\" \/>\n<meta property=\"og:locale\" content=\"es_ES\" \/>\n<meta property=\"og:type\" content=\"article\" \/>\n<meta property=\"og:title\" content=\"Renovaci\u00f3n do parque, xard\u00edn e carballeira de Caldas de Reis | AG\" \/>\n<meta property=\"og:description\" content=\"Arquitecto: Mart\u00edn Cerreda \u00c1lvarez e Natalia Lorenzo Mena Provincia: Pontevedra Localidade: Caldas de Reis Ano:     2011\" \/>\n<meta property=\"og:url\" content=\"http:\/\/arquitecturadegalicia.eu\/blog\/renovacion-do-parque-xardin-e-carballeira-de-caldas-de-reis\/\" \/>\n<meta property=\"og:site_name\" content=\"AG\" \/>\n<meta property=\"article:publisher\" content=\"https:\/\/www.facebook.com\/ArquitecturadeGalicia\/\" \/>\n<meta property=\"article:published_time\" content=\"2013-01-17T18:30:48+00:00\" \/>\n<meta property=\"article:modified_time\" content=\"2013-06-23T17:20:17+00:00\" \/>\n<meta property=\"og:image\" content=\"http:\/\/arquitecturadegalicia.eu\/blog\/wp-content\/uploads\/2013\/01\/gda20012_renovacian-de-carballeira_foto_22.jpg\" \/>\n\t<meta property=\"og:image:width\" content=\"620\" \/>\n\t<meta property=\"og:image:height\" content=\"304\" \/>\n\t<meta property=\"og:image:type\" content=\"image\/jpeg\" \/>\n<meta name=\"author\" content=\"Dario Vallina\" \/>\n<meta name=\"twitter:card\" content=\"summary_large_image\" \/>\n<meta name=\"twitter:creator\" content=\"@arquigaliciaeu\" \/>\n<meta name=\"twitter:site\" content=\"@arquigaliciaeu\" \/>\n<meta name=\"twitter:label1\" content=\"Escrito por\" \/>\n\t<meta name=\"twitter:data1\" content=\"Dario Vallina\" \/>\n<script type=\"application\/ld+json\" class=\"yoast-schema-graph\">{\"@context\":\"https:\/\/schema.org\",\"@graph\":[{\"@type\":\"Article\",\"@id\":\"http:\/\/arquitecturadegalicia.eu\/blog\/renovacion-do-parque-xardin-e-carballeira-de-caldas-de-reis\/#article\",\"isPartOf\":{\"@id\":\"http:\/\/arquitecturadegalicia.eu\/blog\/renovacion-do-parque-xardin-e-carballeira-de-caldas-de-reis\/\"},\"author\":{\"name\":\"Dario Vallina\",\"@id\":\"https:\/\/arquitecturadegalicia.eu\/blog\/#\/schema\/person\/abcb74b3399abffb9dabced36488ac35\"},\"headline\":\"Renovaci\u00f3n do parque, xard\u00edn e carballeira de Caldas de Reis\",\"datePublished\":\"2013-01-17T18:30:48+00:00\",\"dateModified\":\"2013-06-23T17:20:17+00:00\",\"mainEntityOfPage\":{\"@id\":\"http:\/\/arquitecturadegalicia.eu\/blog\/renovacion-do-parque-xardin-e-carballeira-de-caldas-de-reis\/\"},\"wordCount\":80,\"commentCount\":0,\"publisher\":{\"@id\":\"https:\/\/arquitecturadegalicia.eu\/blog\/#organization\"},\"image\":{\"@id\":\"http:\/\/arquitecturadegalicia.eu\/blog\/renovacion-do-parque-xardin-e-carballeira-de-caldas-de-reis\/#primaryimage\"},\"thumbnailUrl\":\"http:\/\/arquitecturadegalicia.eu\/blog\/wp-content\/uploads\/2013\/01\/gda20012_renovacian-de-carballeira_foto_22.jpg\",\"keywords\":[\"2011\",\"Mart\u00edn Cerreda \u00c1lvarez e Natalia Lorenzo Mena\",\"remodelaci\u00f3n urbana\"],\"articleSection\":[\"Caldas de Reis\"],\"inLanguage\":\"es\",\"potentialAction\":[{\"@type\":\"CommentAction\",\"name\":\"Comment\",\"target\":[\"http:\/\/arquitecturadegalicia.eu\/blog\/renovacion-do-parque-xardin-e-carballeira-de-caldas-de-reis\/#respond\"]}]},{\"@type\":\"WebPage\",\"@id\":\"http:\/\/arquitecturadegalicia.eu\/blog\/renovacion-do-parque-xardin-e-carballeira-de-caldas-de-reis\/\",\"url\":\"http:\/\/arquitecturadegalicia.eu\/blog\/renovacion-do-parque-xardin-e-carballeira-de-caldas-de-reis\/\",\"name\":\"Renovaci\u00f3n do parque, xard\u00edn e carballeira de Caldas de Reis | AG\",\"isPartOf\":{\"@id\":\"https:\/\/arquitecturadegalicia.eu\/blog\/#website\"},\"primaryImageOfPage\":{\"@id\":\"http:\/\/arquitecturadegalicia.eu\/blog\/renovacion-do-parque-xardin-e-carballeira-de-caldas-de-reis\/#primaryimage\"},\"image\":{\"@id\":\"http:\/\/arquitecturadegalicia.eu\/blog\/renovacion-do-parque-xardin-e-carballeira-de-caldas-de-reis\/#primaryimage\"},\"thumbnailUrl\":\"http:\/\/arquitecturadegalicia.eu\/blog\/wp-content\/uploads\/2013\/01\/gda20012_renovacian-de-carballeira_foto_22.jpg\",\"datePublished\":\"2013-01-17T18:30:48+00:00\",\"dateModified\":\"2013-06-23T17:20:17+00:00\",\"breadcrumb\":{\"@id\":\"http:\/\/arquitecturadegalicia.eu\/blog\/renovacion-do-parque-xardin-e-carballeira-de-caldas-de-reis\/#breadcrumb\"},\"inLanguage\":\"es\",\"potentialAction\":[{\"@type\":\"ReadAction\",\"target\":[\"http:\/\/arquitecturadegalicia.eu\/blog\/renovacion-do-parque-xardin-e-carballeira-de-caldas-de-reis\/\"]}]},{\"@type\":\"ImageObject\",\"inLanguage\":\"es\",\"@id\":\"http:\/\/arquitecturadegalicia.eu\/blog\/renovacion-do-parque-xardin-e-carballeira-de-caldas-de-reis\/#primaryimage\",\"url\":\"http:\/\/arquitecturadegalicia.eu\/blog\/wp-content\/uploads\/2013\/01\/gda20012_renovacian-de-carballeira_foto_22.jpg\",\"contentUrl\":\"http:\/\/arquitecturadegalicia.eu\/blog\/wp-content\/uploads\/2013\/01\/gda20012_renovacian-de-carballeira_foto_22.jpg\",\"width\":620,\"height\":304,\"caption\":\"Renovaci\u00f3n de Carballeira de\"},{\"@type\":\"BreadcrumbList\",\"@id\":\"http:\/\/arquitecturadegalicia.eu\/blog\/renovacion-do-parque-xardin-e-carballeira-de-caldas-de-reis\/#breadcrumb\",\"itemListElement\":[{\"@type\":\"ListItem\",\"position\":1,\"name\":\"Portada\",\"item\":\"https:\/\/arquitecturadegalicia.eu\/blog\/\"},{\"@type\":\"ListItem\",\"position\":2,\"name\":\"Renovaci\u00f3n do parque, xard\u00edn e carballeira de Caldas de Reis\"}]},{\"@type\":\"WebSite\",\"@id\":\"https:\/\/arquitecturadegalicia.eu\/blog\/#website\",\"url\":\"https:\/\/arquitecturadegalicia.eu\/blog\/\",\"name\":\"AG\",\"description\":\"Arquitectura de Galicia\",\"publisher\":{\"@id\":\"https:\/\/arquitecturadegalicia.eu\/blog\/#organization\"},\"potentialAction\":[{\"@type\":\"SearchAction\",\"target\":{\"@type\":\"EntryPoint\",\"urlTemplate\":\"https:\/\/arquitecturadegalicia.eu\/blog\/?s={search_term_string}\"},\"query-input\":{\"@type\":\"PropertyValueSpecification\",\"valueRequired\":true,\"valueName\":\"search_term_string\"}}],\"inLanguage\":\"es\"},{\"@type\":\"Organization\",\"@id\":\"https:\/\/arquitecturadegalicia.eu\/blog\/#organization\",\"name\":\"Arquitectura de Galicia\",\"url\":\"https:\/\/arquitecturadegalicia.eu\/blog\/\",\"logo\":{\"@type\":\"ImageObject\",\"inLanguage\":\"es\",\"@id\":\"https:\/\/arquitecturadegalicia.eu\/blog\/#\/schema\/logo\/image\/\",\"url\":\"https:\/\/arquitecturadegalicia.eu\/blog\/wp-content\/uploads\/2017\/01\/arquitecturacurrents2.png\",\"contentUrl\":\"https:\/\/arquitecturadegalicia.eu\/blog\/wp-content\/uploads\/2017\/01\/arquitecturacurrents2.png\",\"width\":840,\"height\":640,\"caption\":\"Arquitectura de Galicia\"},\"image\":{\"@id\":\"https:\/\/arquitecturadegalicia.eu\/blog\/#\/schema\/logo\/image\/\"},\"sameAs\":[\"https:\/\/www.facebook.com\/ArquitecturadeGalicia\/\",\"https:\/\/x.com\/arquigaliciaeu\",\"https:\/\/www.instagram.com\/arquigaliciaeu\/\"]},{\"@type\":\"Person\",\"@id\":\"https:\/\/arquitecturadegalicia.eu\/blog\/#\/schema\/person\/abcb74b3399abffb9dabced36488ac35\",\"name\":\"Dario Vallina\",\"image\":{\"@type\":\"ImageObject\",\"inLanguage\":\"es\",\"@id\":\"https:\/\/arquitecturadegalicia.eu\/blog\/#\/schema\/person\/image\/\",\"url\":\"https:\/\/secure.gravatar.com\/avatar\/a79e713b96510b29d405cacc448bf2e0?s=96&d=mm&r=g\",\"contentUrl\":\"https:\/\/secure.gravatar.com\/avatar\/a79e713b96510b29d405cacc448bf2e0?s=96&d=mm&r=g\",\"caption\":\"Dario Vallina\"},\"description\":\"Xix\u00f3n | Coordinaci\u00f3n e edici\u00f3n de artigos | La simplicidad es la mayor sofisticaci\u00f3n. Un caballo pintado a rayas no es una cebra. La imaginaci\u00f3n es m\u00e1s importante que la sabidur\u00eda. Si no puedo dibujarlo, es que no lo entiendo.\",\"url\":\"http:\/\/arquitecturadegalicia.eu\/blog\/author\/dariovallina\/\"}]}<\/script>\n<!-- \/ Yoast SEO plugin. -->","yoast_head_json":{"title":"Renovaci\u00f3n do parque, xard\u00edn e carballeira de Caldas de Reis | AG","robots":{"index":"index","follow":"follow","max-snippet":"max-snippet:-1","max-image-preview":"max-image-preview:large","max-video-preview":"max-video-preview:-1"},"canonical":"http:\/\/arquitecturadegalicia.eu\/blog\/renovacion-do-parque-xardin-e-carballeira-de-caldas-de-reis\/","og_locale":"es_ES","og_type":"article","og_title":"Renovaci\u00f3n do parque, xard\u00edn e carballeira de Caldas de Reis | AG","og_description":"Arquitecto: Mart\u00edn Cerreda \u00c1lvarez e Natalia Lorenzo Mena Provincia: Pontevedra Localidade: Caldas de Reis Ano:     2011","og_url":"http:\/\/arquitecturadegalicia.eu\/blog\/renovacion-do-parque-xardin-e-carballeira-de-caldas-de-reis\/","og_site_name":"AG","article_publisher":"https:\/\/www.facebook.com\/ArquitecturadeGalicia\/","article_published_time":"2013-01-17T18:30:48+00:00","article_modified_time":"2013-06-23T17:20:17+00:00","og_image":[{"width":620,"height":304,"url":"http:\/\/arquitecturadegalicia.eu\/blog\/wp-content\/uploads\/2013\/01\/gda20012_renovacian-de-carballeira_foto_22.jpg","type":"image\/jpeg"}],"author":"Dario Vallina","twitter_card":"summary_large_image","twitter_creator":"@arquigaliciaeu","twitter_site":"@arquigaliciaeu","twitter_misc":{"Escrito por":"Dario Vallina"},"schema":{"@context":"https:\/\/schema.org","@graph":[{"@type":"Article","@id":"http:\/\/arquitecturadegalicia.eu\/blog\/renovacion-do-parque-xardin-e-carballeira-de-caldas-de-reis\/#article","isPartOf":{"@id":"http:\/\/arquitecturadegalicia.eu\/blog\/renovacion-do-parque-xardin-e-carballeira-de-caldas-de-reis\/"},"author":{"name":"Dario Vallina","@id":"https:\/\/arquitecturadegalicia.eu\/blog\/#\/schema\/person\/abcb74b3399abffb9dabced36488ac35"},"headline":"Renovaci\u00f3n do parque, xard\u00edn e carballeira de Caldas de Reis","datePublished":"2013-01-17T18:30:48+00:00","dateModified":"2013-06-23T17:20:17+00:00","mainEntityOfPage":{"@id":"http:\/\/arquitecturadegalicia.eu\/blog\/renovacion-do-parque-xardin-e-carballeira-de-caldas-de-reis\/"},"wordCount":80,"commentCount":0,"publisher":{"@id":"https:\/\/arquitecturadegalicia.eu\/blog\/#organization"},"image":{"@id":"http:\/\/arquitecturadegalicia.eu\/blog\/renovacion-do-parque-xardin-e-carballeira-de-caldas-de-reis\/#primaryimage"},"thumbnailUrl":"http:\/\/arquitecturadegalicia.eu\/blog\/wp-content\/uploads\/2013\/01\/gda20012_renovacian-de-carballeira_foto_22.jpg","keywords":["2011","Mart\u00edn Cerreda \u00c1lvarez e Natalia Lorenzo Mena","remodelaci\u00f3n urbana"],"articleSection":["Caldas de Reis"],"inLanguage":"es","potentialAction":[{"@type":"CommentAction","name":"Comment","target":["http:\/\/arquitecturadegalicia.eu\/blog\/renovacion-do-parque-xardin-e-carballeira-de-caldas-de-reis\/#respond"]}]},{"@type":"WebPage","@id":"http:\/\/arquitecturadegalicia.eu\/blog\/renovacion-do-parque-xardin-e-carballeira-de-caldas-de-reis\/","url":"http:\/\/arquitecturadegalicia.eu\/blog\/renovacion-do-parque-xardin-e-carballeira-de-caldas-de-reis\/","name":"Renovaci\u00f3n do parque, xard\u00edn e carballeira de Caldas de Reis | AG","isPartOf":{"@id":"https:\/\/arquitecturadegalicia.eu\/blog\/#website"},"primaryImageOfPage":{"@id":"http:\/\/arquitecturadegalicia.eu\/blog\/renovacion-do-parque-xardin-e-carballeira-de-caldas-de-reis\/#primaryimage"},"image":{"@id":"http:\/\/arquitecturadegalicia.eu\/blog\/renovacion-do-parque-xardin-e-carballeira-de-caldas-de-reis\/#primaryimage"},"thumbnailUrl":"http:\/\/arquitecturadegalicia.eu\/blog\/wp-content\/uploads\/2013\/01\/gda20012_renovacian-de-carballeira_foto_22.jpg","datePublished":"2013-01-17T18:30:48+00:00","dateModified":"2013-06-23T17:20:17+00:00","breadcrumb":{"@id":"http:\/\/arquitecturadegalicia.eu\/blog\/renovacion-do-parque-xardin-e-carballeira-de-caldas-de-reis\/#breadcrumb"},"inLanguage":"es","potentialAction":[{"@type":"ReadAction","target":["http:\/\/arquitecturadegalicia.eu\/blog\/renovacion-do-parque-xardin-e-carballeira-de-caldas-de-reis\/"]}]},{"@type":"ImageObject","inLanguage":"es","@id":"http:\/\/arquitecturadegalicia.eu\/blog\/renovacion-do-parque-xardin-e-carballeira-de-caldas-de-reis\/#primaryimage","url":"http:\/\/arquitecturadegalicia.eu\/blog\/wp-content\/uploads\/2013\/01\/gda20012_renovacian-de-carballeira_foto_22.jpg","contentUrl":"http:\/\/arquitecturadegalicia.eu\/blog\/wp-content\/uploads\/2013\/01\/gda20012_renovacian-de-carballeira_foto_22.jpg","width":620,"height":304,"caption":"Renovaci\u00f3n de Carballeira de"},{"@type":"BreadcrumbList","@id":"http:\/\/arquitecturadegalicia.eu\/blog\/renovacion-do-parque-xardin-e-carballeira-de-caldas-de-reis\/#breadcrumb","itemListElement":[{"@type":"ListItem","position":1,"name":"Portada","item":"https:\/\/arquitecturadegalicia.eu\/blog\/"},{"@type":"ListItem","position":2,"name":"Renovaci\u00f3n do parque, xard\u00edn e carballeira de Caldas de Reis"}]},{"@type":"WebSite","@id":"https:\/\/arquitecturadegalicia.eu\/blog\/#website","url":"https:\/\/arquitecturadegalicia.eu\/blog\/","name":"AG","description":"Arquitectura de Galicia","publisher":{"@id":"https:\/\/arquitecturadegalicia.eu\/blog\/#organization"},"potentialAction":[{"@type":"SearchAction","target":{"@type":"EntryPoint","urlTemplate":"https:\/\/arquitecturadegalicia.eu\/blog\/?s={search_term_string}"},"query-input":{"@type":"PropertyValueSpecification","valueRequired":true,"valueName":"search_term_string"}}],"inLanguage":"es"},{"@type":"Organization","@id":"https:\/\/arquitecturadegalicia.eu\/blog\/#organization","name":"Arquitectura de Galicia","url":"https:\/\/arquitecturadegalicia.eu\/blog\/","logo":{"@type":"ImageObject","inLanguage":"es","@id":"https:\/\/arquitecturadegalicia.eu\/blog\/#\/schema\/logo\/image\/","url":"https:\/\/arquitecturadegalicia.eu\/blog\/wp-content\/uploads\/2017\/01\/arquitecturacurrents2.png","contentUrl":"https:\/\/arquitecturadegalicia.eu\/blog\/wp-content\/uploads\/2017\/01\/arquitecturacurrents2.png","width":840,"height":640,"caption":"Arquitectura de Galicia"},"image":{"@id":"https:\/\/arquitecturadegalicia.eu\/blog\/#\/schema\/logo\/image\/"},"sameAs":["https:\/\/www.facebook.com\/ArquitecturadeGalicia\/","https:\/\/x.com\/arquigaliciaeu","https:\/\/www.instagram.com\/arquigaliciaeu\/"]},{"@type":"Person","@id":"https:\/\/arquitecturadegalicia.eu\/blog\/#\/schema\/person\/abcb74b3399abffb9dabced36488ac35","name":"Dario Vallina","image":{"@type":"ImageObject","inLanguage":"es","@id":"https:\/\/arquitecturadegalicia.eu\/blog\/#\/schema\/person\/image\/","url":"https:\/\/secure.gravatar.com\/avatar\/a79e713b96510b29d405cacc448bf2e0?s=96&d=mm&r=g","contentUrl":"https:\/\/secure.gravatar.com\/avatar\/a79e713b96510b29d405cacc448bf2e0?s=96&d=mm&r=g","caption":"Dario Vallina"},"description":"Xix\u00f3n | Coordinaci\u00f3n e edici\u00f3n de artigos | La simplicidad es la mayor sofisticaci\u00f3n. Un caballo pintado a rayas no es una cebra. La imaginaci\u00f3n es m\u00e1s importante que la sabidur\u00eda. Si no puedo dibujarlo, es que no lo entiendo.","url":"http:\/\/arquitecturadegalicia.eu\/blog\/author\/dariovallina\/"}]}},"jetpack_featured_media_url":"http:\/\/arquitecturadegalicia.eu\/blog\/wp-content\/uploads\/2013\/01\/gda20012_renovacian-de-carballeira_foto_22.jpg","jetpack_shortlink":"https:\/\/wp.me\/p2NHs2-zY","jetpack_sharing_enabled":true,"_links":{"self":[{"href":"http:\/\/arquitecturadegalicia.eu\/blog\/wp-json\/wp\/v2\/posts\/2230","targetHints":{"allow":["GET"]}}],"collection":[{"href":"http:\/\/arquitecturadegalicia.eu\/blog\/wp-json\/wp\/v2\/posts"}],"about":[{"href":"http:\/\/arquitecturadegalicia.eu\/blog\/wp-json\/wp\/v2\/types\/post"}],"author":[{"embeddable":true,"href":"http:\/\/arquitecturadegalicia.eu\/blog\/wp-json\/wp\/v2\/users\/7"}],"replies":[{"embeddable":true,"href":"http:\/\/arquitecturadegalicia.eu\/blog\/wp-json\/wp\/v2\/comments?post=2230"}],"version-history":[{"count":10,"href":"http:\/\/arquitecturadegalicia.eu\/blog\/wp-json\/wp\/v2\/posts\/2230\/revisions"}],"predecessor-version":[{"id":7264,"href":"http:\/\/arquitecturadegalicia.eu\/blog\/wp-json\/wp\/v2\/posts\/2230\/revisions\/7264"}],"wp:featuredmedia":[{"embeddable":true,"href":"http:\/\/arquitecturadegalicia.eu\/blog\/wp-json\/wp\/v2\/media\/2231"}],"wp:attachment":[{"href":"http:\/\/arquitecturadegalicia.eu\/blog\/wp-json\/wp\/v2\/media?parent=2230"}],"wp:term":[{"taxonomy":"category","embeddable":true,"href":"http:\/\/arquitecturadegalicia.eu\/blog\/wp-json\/wp\/v2\/categories?post=2230"},{"taxonomy":"post_tag","embeddable":true,"href":"http:\/\/arquitecturadegalicia.eu\/blog\/wp-json\/wp\/v2\/tags?post=2230"},{"taxonomy":"ano","embeddable":true,"href":"http:\/\/arquitecturadegalicia.eu\/blog\/wp-json\/wp\/v2\/ano?post=2230"},{"taxonomy":"arquitectos","embeddable":true,"href":"http:\/\/arquitecturadegalicia.eu\/blog\/wp-json\/wp\/v2\/arquitectos?post=2230"},{"taxonomy":"tipoloxia","embeddable":true,"href":"http:\/\/arquitecturadegalicia.eu\/blog\/wp-json\/wp\/v2\/tipoloxia?post=2230"}],"curies":[{"name":"wp","href":"https:\/\/api.w.org\/{rel}","templated":true}]}}