{"id":5137,"date":"2013-04-01T20:00:41","date_gmt":"2013-04-01T18:00:41","guid":{"rendered":"http:\/\/arquitecturadegalicia.eu\/blog\/?p=5137"},"modified":"2013-04-01T22:35:18","modified_gmt":"2013-04-01T20:35:18","slug":"poboado-mineiro-do-fontao","status":"publish","type":"post","link":"http:\/\/arquitecturadegalicia.eu\/blog\/poboado-mineiro-do-fontao\/","title":{"rendered":"Poboado mineiro do Fontao"},"content":{"rendered":"<h6 style=\"text-align: right;\"><img fetchpriority=\"high\" decoding=\"async\" class=\"size-full wp-image-5153 aligncenter\" alt=\"poboado mineiro fontao | C\u00e9sar Cort  Joaqu\u00edn Basilio Bas\" src=\"http:\/\/arquitecturadegalicia.eu\/blog\/wp-content\/uploads\/2013\/04\/K03J0159fontao.jpg\" width=\"620\" height=\"235\" srcset=\"http:\/\/arquitecturadegalicia.eu\/blog\/wp-content\/uploads\/2013\/04\/K03J0159fontao.jpg 620w, http:\/\/arquitecturadegalicia.eu\/blog\/wp-content\/uploads\/2013\/04\/K03J0159fontao-300x113.jpg 300w\" sizes=\"(max-width: 620px) 100vw, 620px\" \/><span style=\"color: #999999;\">M. Marras. La Voz de Galicia<\/span><\/h6>\n<table width=\"620\" border=\"0\" cellspacing=\"0\" cellpadding=\"0\">\n<tbody>\n<tr>\n<td width=\"180\"><strong>Obra:<\/strong><\/td>\n<td>Poboado mineiro do Fontao<\/td>\n<\/tr>\n<tr>\n<td><strong>Arquitecto:<\/strong><\/td>\n<td>C\u00e9sar Cort G\u00f3mez Tortosa e Joaqu\u00edn Basilio Bas | IGVS<\/td>\n<\/tr>\n<tr>\n<td><strong>Provincia:<\/strong><\/td>\n<td>Pontevedra<\/td>\n<\/tr>\n<tr>\n<td><strong>Localidade:<\/strong><\/td>\n<td>Lugar do Fontao, Vila de Cruces<\/td>\n<\/tr>\n<tr>\n<td><strong>Ano:<\/strong><\/td>\n<td>1954 &#8211; 1958 | 2005<\/td>\n<\/tr>\n<tr>\n<td><strong>Xeolocalizaci\u00f3n:<\/strong><\/td>\n<td><a href=\"https:\/\/maps.google.com\/maps\/ms?ie=UTF8&amp;hl=es&amp;oe=UTF8&amp;msa=0&amp;msid=205584753861089304839.0004b3590a9baff01c53d&amp;num=200&amp;start=200&amp;ll=42.759916,-8.230112&amp;spn=0.009516,0.01929&amp;t=h&amp;z=16&amp;vpsrc=6&amp;iwloc=0004d856a244fbeb50f46\" target=\"_blank\"><strong>42.758, -8.230<\/strong><\/a><\/td>\n<\/tr>\n<\/tbody>\n<\/table>\n<table width=\"620\" border=\"0\" cellspacing=\"0\" cellpadding=\"0\">\n<tbody>\n<tr>\n<td colspan=\"3\"><strong>Outros Datos:<\/strong><\/td>\n<\/tr>\n<tr>\n<td width=\"20\"><\/td>\n<td colspan=\"2\"><strong>Premios:<\/strong><\/td>\n<\/tr>\n<tr>\n<td width=\"20\"><\/td>\n<td width=\"20\"><\/td>\n<td width=\"580\"><\/td>\n<\/tr>\n<tr>\n<td width=\"20\"><\/td>\n<td colspan=\"2\"><strong>Publicaci\u00f3ns:<\/strong><\/td>\n<\/tr>\n<tr>\n<td width=\"20\"><\/td>\n<td width=\"20\"><\/td>\n<td>GARC\u00cdA BRA\u00d1A, Celestino y AGRASAR Quiroga, Fernando, \u00abArquitectura Moderna en Asturias, Galicia, Castilla y Le\u00f3n\u00bb. (COAG 1998)<br \/>\nVVAA. \u00abLa vivienda moderna. Registro DOCOMOMO Ib\u00e9rico, 1925-1965\u00bb (DOCOMOMO 2009)<\/td>\n<\/tr>\n<tr>\n<td width=\"20\"><\/td>\n<td colspan=\"2\"><strong>Informaci\u00f3n na rede:<\/strong><\/td>\n<\/tr>\n<tr>\n<td width=\"20\"><\/td>\n<td width=\"20\"><\/td>\n<td><strong><a href=\"http:\/\/www.docomomoiberico.com\/index.php?option=com_k2&amp;view=item&amp;id=911:equipamientos-del-poblado-minero-de-fontao\" target=\"_blank\">docomomoiberico.com<br \/>\n<\/a><a href=\"http:\/\/www.k2c-arquitectas.com\/conc\/conc03.php\" target=\"_blank\">k2c-arquitectas.com<\/a><br \/>\n<a href=\"http:\/\/www.museodamineria.es\/museo\/index.html\" target=\"_blank\">museodamineria.es<br \/>\n<\/a><\/strong><strong><a href=\"http:\/\/85.91.64.21\/reproductor\/inicio.asp?canal=tele&amp;hora=15:24:00&amp;fecha=28\/02\/2009&amp;arquivo=1&amp;programa=MIRAXES&amp;id_programa=29&amp;corte=0&amp;mp4=0&amp;medio=\" target=\"_blank\">MIRAXES\u00a0<\/a>\u00a0<\/strong>\u00a028\/02\/2009 min 8:25<strong><br \/>\n<\/strong><\/td>\n<\/tr>\n<tr>\n<td width=\"20\"><\/td>\n<td colspan=\"2\"><strong>Descripci\u00f3n do proxecto:<\/strong><\/td>\n<\/tr>\n<tr>\n<td width=\"20\"><\/td>\n<td width=\"20\"><\/td>\n<td style=\"text-align: justify;\">O Fontao fue construido para acoger a los trabajadores de una mina de wolframio. La demanda de este mineral, esencial para la industria b\u00e9lica, se hab\u00eda incrementado notablemente a principios de la d\u00e9cada de los a\u00f1os cincuenta a causa de la Guerra de Corea y el impulso de la escalada armament\u00edstica internacional.<br \/>\nEl dise\u00f1o de un poblado, integrado por viviendas, edificios dotacionales y espacio p\u00fablico, constituyendo una peque\u00f1a ciudad, es una ocasi\u00f3n excepcional para poner en pr\u00e1ctica el ideario moderno, desarrollando aspectos funcionales y metodol\u00f3gicos con un alcance que otros encargos de la \u00e9poca no pod\u00edan ofrecer. Cort y Basilio Bas mostraron una inesperada solvencia en la aplicaci\u00f3n de lenguajes, metodolog\u00eda y urbanismo modernos, tan escasos en la Galicia de los primeros a\u00f1os cincuenta. La calidad de cada una de las piezas y de las relaciones establecidas entre ellas, en un coherente conjunto, hacen de O Fontao una las obras m\u00e1s singulares y valiosas del patrimonio moderno.<br \/>\nEl entorno rural en el que se enclava O Fontao, en las proximidades de Vila de Cruces, es uno de los datos de proyecto que los autores trataron con especial cuidado. Los equipamientos, la iglesia, el colegio o el cine, se resuelven como piezas singulares que acompa\u00f1an a ocho hileras de viviendas. Estas mantienen elementos en su dise\u00f1o que las identifican con el medio rural, como las escaleras exteriores o el perfil quebrado. La disposici\u00f3n compacta se aligera con la ubicaci\u00f3n de los edificios dotacionales, para mantener la pauta de ocupaci\u00f3n del territorio rural gallego, tradicionalmente fragmentada y dispersa.<br \/>\nLos ideales urbanos modernos del poblado de O Fontao se reflejan, esencialmente, en la generosidad y calidad del espacio p\u00fablico. Los diferentes edificios y agrupaciones de viviendas est\u00e1n vinculados a espacios, cuyo dise\u00f1o ambiciona m\u00e1s que los estrictos est\u00e1ndares dimensionales m\u00ednimos. Los \u00e1mbitos de estancia y circulaci\u00f3n exteriores articulan las piezas residenciales y dotacionales en un todo coherente, que desarrolla los valores de la concepci\u00f3n moderna de la ciudad .<br \/>\nEl dise\u00f1o de la urbanizaci\u00f3n respeta el car\u00e1cter rural del entorno y los edificios mantienen pautas de volumen y escala pr\u00f3ximos a la tradici\u00f3n, sin que la abstracci\u00f3n moderna y una funcionalidad deshumanizada prive a sus habitantes de un modo de habitar propio, de profundas ra\u00edces culturales.<br \/>\nFernando Agrasar<\/td>\n<\/tr>\n<tr>\n<td width=\"20\"><\/td>\n<td colspan=\"2\"><b>Video<\/b>: Inauguraci\u00f3n do poboado mineiro de Fontao (Jose Luis Leal Soto, 1958)<\/td>\n<\/tr>\n<tr>\n<td width=\"20\"><\/td>\n<td colspan=\"2\"><iframe src=\"http:\/\/www.dailymotion.com\/embed\/video\/xeebsi\" height=\"360\" width=\"620\" frameborder=\"0\"><\/iframe><\/td>\n<\/tr>\n<tr>\n<td width=\"20\"><\/td>\n<td colspan=\"2\"><strong>Planos:<\/strong><\/td>\n<\/tr>\n<tr>\n<td width=\"20\"><\/td>\n<td colspan=\"2\">\n\t\t<div id='gallery-51379' class='gallery carousel slide'> <div class='carousel-inner' data-interval='7000'><div class='item active'><img src='http:\/\/arquitecturadegalicia.eu\/blog\/wp-content\/uploads\/2013\/04\/0301.jpg' \/><span class='gallery-caption'><\/span><\/div><div class='item'><img src='http:\/\/arquitecturadegalicia.eu\/blog\/wp-content\/uploads\/2013\/04\/0305.jpg' \/><span class='gallery-caption'><\/span><\/div><div class='item'><img src='http:\/\/arquitecturadegalicia.eu\/blog\/wp-content\/uploads\/2013\/04\/0304.jpg' \/><span class='gallery-caption'><\/span><\/div><div class='item'><img src='http:\/\/arquitecturadegalicia.eu\/blog\/wp-content\/uploads\/2013\/04\/0302.jpg' \/><span class='gallery-caption'><\/span><\/div><div class='item'><img src='http:\/\/arquitecturadegalicia.eu\/blog\/wp-content\/uploads\/2013\/04\/0303.jpg' \/><span class='gallery-caption'><\/span><\/div> <\/div><div class=\"carousel-nav\"><ul><\/ul><\/div><a class=\"carousel-control left\" href=\"#gallery-51379\" data-slide=\"prev\"><i class=\"icon-chevron-left\"><\/i><\/a>\n        <a class=\"carousel-control right\" href=\"#gallery-51379\" data-slide=\"next\"><i class=\"icon-chevron-right\"><\/i><\/a><\/div><\/td>\n<\/tr>\n<\/tbody>\n<\/table>\n","protected":false},"excerpt":{"rendered":"<p>\u00abCort y Basilio Bas mostraron una inesperada solvencia en la aplicaci\u00f3n de lenguajes, metodolog\u00eda y urbanismo modernos, tan escasos en la Galicia de los primeros a\u00f1os cincuenta. La calidad de cada una de las piezas y de las relaciones establecidas entre ellas, en un coherente conjunto, hacen de O Fontao una las obras m\u00e1s singulares y valiosas del patrimonio moderno\u00bb   Fernando Agrasar<\/p>\n","protected":false},"author":8,"featured_media":5153,"comment_status":"open","ping_status":"open","sticky":false,"template":"","format":"standard","meta":{"jetpack_post_was_ever_published":false,"_jetpack_newsletter_access":"","_jetpack_dont_email_post_to_subs":false,"_jetpack_newsletter_tier_id":0,"_jetpack_memberships_contains_paywalled_content":false,"_jetpack_memberships_contains_paid_content":false,"footnotes":"","jetpack_publicize_message":"","jetpack_publicize_feature_enabled":true,"jetpack_social_post_already_shared":true,"jetpack_social_options":{"image_generator_settings":{"template":"highway","enabled":false},"version":2}},"categories":[428],"tags":[430,429,77,81,372,167,108],"ano":[],"arquitectos":[],"tipoloxia":[],"class_list":["post-5137","post","type-post","status-publish","format-standard","has-post-thumbnail","hentry","category-vila-de-cruces","tag-430","tag-cesar-cort-gomez","tag-colectiva","tag-educacion","tag-joaquin-basilio-bas","tag-relixioso","tag-vivenda","content-print"],"jetpack_publicize_connections":[],"yoast_head":"<!-- This site is optimized with the Yoast SEO plugin v24.1 - https:\/\/yoast.com\/wordpress\/plugins\/seo\/ -->\n<title>Poboado mineiro do Fontao | AG<\/title>\n<meta name=\"robots\" content=\"index, follow, max-snippet:-1, max-image-preview:large, max-video-preview:-1\" \/>\n<link rel=\"canonical\" href=\"http:\/\/arquitecturadegalicia.eu\/blog\/poboado-mineiro-do-fontao\/\" \/>\n<meta property=\"og:locale\" content=\"es_ES\" \/>\n<meta property=\"og:type\" content=\"article\" \/>\n<meta property=\"og:title\" content=\"Poboado mineiro do Fontao | AG\" \/>\n<meta property=\"og:description\" content=\"&quot;Cort y Basilio Bas mostraron una inesperada solvencia en la aplicaci\u00f3n de lenguajes, metodolog\u00eda y urbanismo modernos, tan escasos en la Galicia de los primeros a\u00f1os cincuenta. La calidad de cada una de las piezas y de las relaciones establecidas entre ellas, en un coherente conjunto, hacen de O Fontao una las obras m\u00e1s singulares y valiosas del patrimonio moderno&quot;  Fernando Agrasar\" \/>\n<meta property=\"og:url\" content=\"http:\/\/arquitecturadegalicia.eu\/blog\/poboado-mineiro-do-fontao\/\" \/>\n<meta property=\"og:site_name\" content=\"AG\" \/>\n<meta property=\"article:publisher\" content=\"https:\/\/www.facebook.com\/ArquitecturadeGalicia\/\" \/>\n<meta property=\"article:published_time\" content=\"2013-04-01T18:00:41+00:00\" \/>\n<meta property=\"article:modified_time\" content=\"2013-04-01T20:35:18+00:00\" \/>\n<meta property=\"og:image\" content=\"http:\/\/arquitecturadegalicia.eu\/blog\/wp-content\/uploads\/2013\/04\/K03J0159fontao.jpg\" \/>\n\t<meta property=\"og:image:width\" content=\"620\" \/>\n\t<meta property=\"og:image:height\" content=\"235\" \/>\n\t<meta property=\"og:image:type\" content=\"image\/jpeg\" \/>\n<meta name=\"author\" content=\"Iago Valverde\" \/>\n<meta name=\"twitter:card\" content=\"summary_large_image\" \/>\n<meta name=\"twitter:creator\" content=\"@arquigaliciaeu\" \/>\n<meta name=\"twitter:site\" content=\"@arquigaliciaeu\" \/>\n<meta name=\"twitter:label1\" content=\"Escrito por\" \/>\n\t<meta name=\"twitter:data1\" content=\"Iago Valverde\" \/>\n\t<meta name=\"twitter:label2\" content=\"Tiempo de lectura\" \/>\n\t<meta name=\"twitter:data2\" content=\"3 minutos\" \/>\n<script type=\"application\/ld+json\" class=\"yoast-schema-graph\">{\"@context\":\"https:\/\/schema.org\",\"@graph\":[{\"@type\":\"Article\",\"@id\":\"http:\/\/arquitecturadegalicia.eu\/blog\/poboado-mineiro-do-fontao\/#article\",\"isPartOf\":{\"@id\":\"http:\/\/arquitecturadegalicia.eu\/blog\/poboado-mineiro-do-fontao\/\"},\"author\":{\"name\":\"Iago Valverde\",\"@id\":\"https:\/\/arquitecturadegalicia.eu\/blog\/#\/schema\/person\/a51297ea3eeddd32ccbd89a218e148f1\"},\"headline\":\"Poboado mineiro do Fontao\",\"datePublished\":\"2013-04-01T18:00:41+00:00\",\"dateModified\":\"2013-04-01T20:35:18+00:00\",\"mainEntityOfPage\":{\"@id\":\"http:\/\/arquitecturadegalicia.eu\/blog\/poboado-mineiro-do-fontao\/\"},\"wordCount\":518,\"commentCount\":0,\"publisher\":{\"@id\":\"https:\/\/arquitecturadegalicia.eu\/blog\/#organization\"},\"image\":{\"@id\":\"http:\/\/arquitecturadegalicia.eu\/blog\/poboado-mineiro-do-fontao\/#primaryimage\"},\"thumbnailUrl\":\"http:\/\/arquitecturadegalicia.eu\/blog\/wp-content\/uploads\/2013\/04\/K03J0159fontao.jpg\",\"keywords\":[\"1958\",\"C\u00e9sar Cort G\u00f3mez\",\"colectiva\",\"educaci\u00f3n\",\"Joaqu\u00edn Basilio Bas\",\"relixioso\",\"Vivenda\"],\"articleSection\":[\"Vila de Cruces\"],\"inLanguage\":\"es\",\"potentialAction\":[{\"@type\":\"CommentAction\",\"name\":\"Comment\",\"target\":[\"http:\/\/arquitecturadegalicia.eu\/blog\/poboado-mineiro-do-fontao\/#respond\"]}]},{\"@type\":\"WebPage\",\"@id\":\"http:\/\/arquitecturadegalicia.eu\/blog\/poboado-mineiro-do-fontao\/\",\"url\":\"http:\/\/arquitecturadegalicia.eu\/blog\/poboado-mineiro-do-fontao\/\",\"name\":\"Poboado mineiro do Fontao | AG\",\"isPartOf\":{\"@id\":\"https:\/\/arquitecturadegalicia.eu\/blog\/#website\"},\"primaryImageOfPage\":{\"@id\":\"http:\/\/arquitecturadegalicia.eu\/blog\/poboado-mineiro-do-fontao\/#primaryimage\"},\"image\":{\"@id\":\"http:\/\/arquitecturadegalicia.eu\/blog\/poboado-mineiro-do-fontao\/#primaryimage\"},\"thumbnailUrl\":\"http:\/\/arquitecturadegalicia.eu\/blog\/wp-content\/uploads\/2013\/04\/K03J0159fontao.jpg\",\"datePublished\":\"2013-04-01T18:00:41+00:00\",\"dateModified\":\"2013-04-01T20:35:18+00:00\",\"breadcrumb\":{\"@id\":\"http:\/\/arquitecturadegalicia.eu\/blog\/poboado-mineiro-do-fontao\/#breadcrumb\"},\"inLanguage\":\"es\",\"potentialAction\":[{\"@type\":\"ReadAction\",\"target\":[\"http:\/\/arquitecturadegalicia.eu\/blog\/poboado-mineiro-do-fontao\/\"]}]},{\"@type\":\"ImageObject\",\"inLanguage\":\"es\",\"@id\":\"http:\/\/arquitecturadegalicia.eu\/blog\/poboado-mineiro-do-fontao\/#primaryimage\",\"url\":\"http:\/\/arquitecturadegalicia.eu\/blog\/wp-content\/uploads\/2013\/04\/K03J0159fontao.jpg\",\"contentUrl\":\"http:\/\/arquitecturadegalicia.eu\/blog\/wp-content\/uploads\/2013\/04\/K03J0159fontao.jpg\",\"width\":620,\"height\":235},{\"@type\":\"BreadcrumbList\",\"@id\":\"http:\/\/arquitecturadegalicia.eu\/blog\/poboado-mineiro-do-fontao\/#breadcrumb\",\"itemListElement\":[{\"@type\":\"ListItem\",\"position\":1,\"name\":\"Portada\",\"item\":\"https:\/\/arquitecturadegalicia.eu\/blog\/\"},{\"@type\":\"ListItem\",\"position\":2,\"name\":\"Poboado mineiro do Fontao\"}]},{\"@type\":\"WebSite\",\"@id\":\"https:\/\/arquitecturadegalicia.eu\/blog\/#website\",\"url\":\"https:\/\/arquitecturadegalicia.eu\/blog\/\",\"name\":\"AG\",\"description\":\"Arquitectura de Galicia\",\"publisher\":{\"@id\":\"https:\/\/arquitecturadegalicia.eu\/blog\/#organization\"},\"potentialAction\":[{\"@type\":\"SearchAction\",\"target\":{\"@type\":\"EntryPoint\",\"urlTemplate\":\"https:\/\/arquitecturadegalicia.eu\/blog\/?s={search_term_string}\"},\"query-input\":{\"@type\":\"PropertyValueSpecification\",\"valueRequired\":true,\"valueName\":\"search_term_string\"}}],\"inLanguage\":\"es\"},{\"@type\":\"Organization\",\"@id\":\"https:\/\/arquitecturadegalicia.eu\/blog\/#organization\",\"name\":\"Arquitectura de Galicia\",\"url\":\"https:\/\/arquitecturadegalicia.eu\/blog\/\",\"logo\":{\"@type\":\"ImageObject\",\"inLanguage\":\"es\",\"@id\":\"https:\/\/arquitecturadegalicia.eu\/blog\/#\/schema\/logo\/image\/\",\"url\":\"https:\/\/arquitecturadegalicia.eu\/blog\/wp-content\/uploads\/2017\/01\/arquitecturacurrents2.png\",\"contentUrl\":\"https:\/\/arquitecturadegalicia.eu\/blog\/wp-content\/uploads\/2017\/01\/arquitecturacurrents2.png\",\"width\":840,\"height\":640,\"caption\":\"Arquitectura de Galicia\"},\"image\":{\"@id\":\"https:\/\/arquitecturadegalicia.eu\/blog\/#\/schema\/logo\/image\/\"},\"sameAs\":[\"https:\/\/www.facebook.com\/ArquitecturadeGalicia\/\",\"https:\/\/x.com\/arquigaliciaeu\",\"https:\/\/www.instagram.com\/arquigaliciaeu\/\"]},{\"@type\":\"Person\",\"@id\":\"https:\/\/arquitecturadegalicia.eu\/blog\/#\/schema\/person\/a51297ea3eeddd32ccbd89a218e148f1\",\"name\":\"Iago Valverde\",\"image\":{\"@type\":\"ImageObject\",\"inLanguage\":\"es\",\"@id\":\"https:\/\/arquitecturadegalicia.eu\/blog\/#\/schema\/person\/image\/\",\"url\":\"https:\/\/secure.gravatar.com\/avatar\/eb8a9f2f10ff79db5c78989d92f1e8b2?s=96&d=mm&r=g\",\"contentUrl\":\"https:\/\/secure.gravatar.com\/avatar\/eb8a9f2f10ff79db5c78989d92f1e8b2?s=96&d=mm&r=g\",\"caption\":\"Iago Valverde\"},\"description\":\"Nigr\u00e1n | Edici\u00f3n de artigos e xeolocalizaci\u00f3n | Arquitecto en formaci\u00f3n na ETSAC e cursando PFC. Interesado en urbanismo, arquitectura, pol\u00edtica, e todo aquilo que \u00e9 complexo e vital\",\"url\":\"http:\/\/arquitecturadegalicia.eu\/blog\/author\/iago-valverde\/\"}]}<\/script>\n<!-- \/ Yoast SEO plugin. -->","yoast_head_json":{"title":"Poboado mineiro do Fontao | AG","robots":{"index":"index","follow":"follow","max-snippet":"max-snippet:-1","max-image-preview":"max-image-preview:large","max-video-preview":"max-video-preview:-1"},"canonical":"http:\/\/arquitecturadegalicia.eu\/blog\/poboado-mineiro-do-fontao\/","og_locale":"es_ES","og_type":"article","og_title":"Poboado mineiro do Fontao | AG","og_description":"\"Cort y Basilio Bas mostraron una inesperada solvencia en la aplicaci\u00f3n de lenguajes, metodolog\u00eda y urbanismo modernos, tan escasos en la Galicia de los primeros a\u00f1os cincuenta. La calidad de cada una de las piezas y de las relaciones establecidas entre ellas, en un coherente conjunto, hacen de O Fontao una las obras m\u00e1s singulares y valiosas del patrimonio moderno\"  Fernando Agrasar","og_url":"http:\/\/arquitecturadegalicia.eu\/blog\/poboado-mineiro-do-fontao\/","og_site_name":"AG","article_publisher":"https:\/\/www.facebook.com\/ArquitecturadeGalicia\/","article_published_time":"2013-04-01T18:00:41+00:00","article_modified_time":"2013-04-01T20:35:18+00:00","og_image":[{"width":620,"height":235,"url":"http:\/\/arquitecturadegalicia.eu\/blog\/wp-content\/uploads\/2013\/04\/K03J0159fontao.jpg","type":"image\/jpeg"}],"author":"Iago Valverde","twitter_card":"summary_large_image","twitter_creator":"@arquigaliciaeu","twitter_site":"@arquigaliciaeu","twitter_misc":{"Escrito por":"Iago Valverde","Tiempo de lectura":"3 minutos"},"schema":{"@context":"https:\/\/schema.org","@graph":[{"@type":"Article","@id":"http:\/\/arquitecturadegalicia.eu\/blog\/poboado-mineiro-do-fontao\/#article","isPartOf":{"@id":"http:\/\/arquitecturadegalicia.eu\/blog\/poboado-mineiro-do-fontao\/"},"author":{"name":"Iago Valverde","@id":"https:\/\/arquitecturadegalicia.eu\/blog\/#\/schema\/person\/a51297ea3eeddd32ccbd89a218e148f1"},"headline":"Poboado mineiro do Fontao","datePublished":"2013-04-01T18:00:41+00:00","dateModified":"2013-04-01T20:35:18+00:00","mainEntityOfPage":{"@id":"http:\/\/arquitecturadegalicia.eu\/blog\/poboado-mineiro-do-fontao\/"},"wordCount":518,"commentCount":0,"publisher":{"@id":"https:\/\/arquitecturadegalicia.eu\/blog\/#organization"},"image":{"@id":"http:\/\/arquitecturadegalicia.eu\/blog\/poboado-mineiro-do-fontao\/#primaryimage"},"thumbnailUrl":"http:\/\/arquitecturadegalicia.eu\/blog\/wp-content\/uploads\/2013\/04\/K03J0159fontao.jpg","keywords":["1958","C\u00e9sar Cort G\u00f3mez","colectiva","educaci\u00f3n","Joaqu\u00edn Basilio Bas","relixioso","Vivenda"],"articleSection":["Vila de Cruces"],"inLanguage":"es","potentialAction":[{"@type":"CommentAction","name":"Comment","target":["http:\/\/arquitecturadegalicia.eu\/blog\/poboado-mineiro-do-fontao\/#respond"]}]},{"@type":"WebPage","@id":"http:\/\/arquitecturadegalicia.eu\/blog\/poboado-mineiro-do-fontao\/","url":"http:\/\/arquitecturadegalicia.eu\/blog\/poboado-mineiro-do-fontao\/","name":"Poboado mineiro do Fontao | AG","isPartOf":{"@id":"https:\/\/arquitecturadegalicia.eu\/blog\/#website"},"primaryImageOfPage":{"@id":"http:\/\/arquitecturadegalicia.eu\/blog\/poboado-mineiro-do-fontao\/#primaryimage"},"image":{"@id":"http:\/\/arquitecturadegalicia.eu\/blog\/poboado-mineiro-do-fontao\/#primaryimage"},"thumbnailUrl":"http:\/\/arquitecturadegalicia.eu\/blog\/wp-content\/uploads\/2013\/04\/K03J0159fontao.jpg","datePublished":"2013-04-01T18:00:41+00:00","dateModified":"2013-04-01T20:35:18+00:00","breadcrumb":{"@id":"http:\/\/arquitecturadegalicia.eu\/blog\/poboado-mineiro-do-fontao\/#breadcrumb"},"inLanguage":"es","potentialAction":[{"@type":"ReadAction","target":["http:\/\/arquitecturadegalicia.eu\/blog\/poboado-mineiro-do-fontao\/"]}]},{"@type":"ImageObject","inLanguage":"es","@id":"http:\/\/arquitecturadegalicia.eu\/blog\/poboado-mineiro-do-fontao\/#primaryimage","url":"http:\/\/arquitecturadegalicia.eu\/blog\/wp-content\/uploads\/2013\/04\/K03J0159fontao.jpg","contentUrl":"http:\/\/arquitecturadegalicia.eu\/blog\/wp-content\/uploads\/2013\/04\/K03J0159fontao.jpg","width":620,"height":235},{"@type":"BreadcrumbList","@id":"http:\/\/arquitecturadegalicia.eu\/blog\/poboado-mineiro-do-fontao\/#breadcrumb","itemListElement":[{"@type":"ListItem","position":1,"name":"Portada","item":"https:\/\/arquitecturadegalicia.eu\/blog\/"},{"@type":"ListItem","position":2,"name":"Poboado mineiro do Fontao"}]},{"@type":"WebSite","@id":"https:\/\/arquitecturadegalicia.eu\/blog\/#website","url":"https:\/\/arquitecturadegalicia.eu\/blog\/","name":"AG","description":"Arquitectura de Galicia","publisher":{"@id":"https:\/\/arquitecturadegalicia.eu\/blog\/#organization"},"potentialAction":[{"@type":"SearchAction","target":{"@type":"EntryPoint","urlTemplate":"https:\/\/arquitecturadegalicia.eu\/blog\/?s={search_term_string}"},"query-input":{"@type":"PropertyValueSpecification","valueRequired":true,"valueName":"search_term_string"}}],"inLanguage":"es"},{"@type":"Organization","@id":"https:\/\/arquitecturadegalicia.eu\/blog\/#organization","name":"Arquitectura de Galicia","url":"https:\/\/arquitecturadegalicia.eu\/blog\/","logo":{"@type":"ImageObject","inLanguage":"es","@id":"https:\/\/arquitecturadegalicia.eu\/blog\/#\/schema\/logo\/image\/","url":"https:\/\/arquitecturadegalicia.eu\/blog\/wp-content\/uploads\/2017\/01\/arquitecturacurrents2.png","contentUrl":"https:\/\/arquitecturadegalicia.eu\/blog\/wp-content\/uploads\/2017\/01\/arquitecturacurrents2.png","width":840,"height":640,"caption":"Arquitectura de Galicia"},"image":{"@id":"https:\/\/arquitecturadegalicia.eu\/blog\/#\/schema\/logo\/image\/"},"sameAs":["https:\/\/www.facebook.com\/ArquitecturadeGalicia\/","https:\/\/x.com\/arquigaliciaeu","https:\/\/www.instagram.com\/arquigaliciaeu\/"]},{"@type":"Person","@id":"https:\/\/arquitecturadegalicia.eu\/blog\/#\/schema\/person\/a51297ea3eeddd32ccbd89a218e148f1","name":"Iago Valverde","image":{"@type":"ImageObject","inLanguage":"es","@id":"https:\/\/arquitecturadegalicia.eu\/blog\/#\/schema\/person\/image\/","url":"https:\/\/secure.gravatar.com\/avatar\/eb8a9f2f10ff79db5c78989d92f1e8b2?s=96&d=mm&r=g","contentUrl":"https:\/\/secure.gravatar.com\/avatar\/eb8a9f2f10ff79db5c78989d92f1e8b2?s=96&d=mm&r=g","caption":"Iago Valverde"},"description":"Nigr\u00e1n | Edici\u00f3n de artigos e xeolocalizaci\u00f3n | Arquitecto en formaci\u00f3n na ETSAC e cursando PFC. Interesado en urbanismo, arquitectura, pol\u00edtica, e todo aquilo que \u00e9 complexo e vital","url":"http:\/\/arquitecturadegalicia.eu\/blog\/author\/iago-valverde\/"}]}},"jetpack_featured_media_url":"http:\/\/arquitecturadegalicia.eu\/blog\/wp-content\/uploads\/2013\/04\/K03J0159fontao.jpg","jetpack_shortlink":"https:\/\/wp.me\/p2NHs2-1kR","jetpack_sharing_enabled":true,"_links":{"self":[{"href":"http:\/\/arquitecturadegalicia.eu\/blog\/wp-json\/wp\/v2\/posts\/5137","targetHints":{"allow":["GET"]}}],"collection":[{"href":"http:\/\/arquitecturadegalicia.eu\/blog\/wp-json\/wp\/v2\/posts"}],"about":[{"href":"http:\/\/arquitecturadegalicia.eu\/blog\/wp-json\/wp\/v2\/types\/post"}],"author":[{"embeddable":true,"href":"http:\/\/arquitecturadegalicia.eu\/blog\/wp-json\/wp\/v2\/users\/8"}],"replies":[{"embeddable":true,"href":"http:\/\/arquitecturadegalicia.eu\/blog\/wp-json\/wp\/v2\/comments?post=5137"}],"version-history":[{"count":19,"href":"http:\/\/arquitecturadegalicia.eu\/blog\/wp-json\/wp\/v2\/posts\/5137\/revisions"}],"predecessor-version":[{"id":5183,"href":"http:\/\/arquitecturadegalicia.eu\/blog\/wp-json\/wp\/v2\/posts\/5137\/revisions\/5183"}],"wp:featuredmedia":[{"embeddable":true,"href":"http:\/\/arquitecturadegalicia.eu\/blog\/wp-json\/wp\/v2\/media\/5153"}],"wp:attachment":[{"href":"http:\/\/arquitecturadegalicia.eu\/blog\/wp-json\/wp\/v2\/media?parent=5137"}],"wp:term":[{"taxonomy":"category","embeddable":true,"href":"http:\/\/arquitecturadegalicia.eu\/blog\/wp-json\/wp\/v2\/categories?post=5137"},{"taxonomy":"post_tag","embeddable":true,"href":"http:\/\/arquitecturadegalicia.eu\/blog\/wp-json\/wp\/v2\/tags?post=5137"},{"taxonomy":"ano","embeddable":true,"href":"http:\/\/arquitecturadegalicia.eu\/blog\/wp-json\/wp\/v2\/ano?post=5137"},{"taxonomy":"arquitectos","embeddable":true,"href":"http:\/\/arquitecturadegalicia.eu\/blog\/wp-json\/wp\/v2\/arquitectos?post=5137"},{"taxonomy":"tipoloxia","embeddable":true,"href":"http:\/\/arquitecturadegalicia.eu\/blog\/wp-json\/wp\/v2\/tipoloxia?post=5137"}],"curies":[{"name":"wp","href":"https:\/\/api.w.org\/{rel}","templated":true}]}}