{"id":614,"date":"2011-12-08T00:53:06","date_gmt":"2011-12-07T23:53:06","guid":{"rendered":"http:\/\/arquiteturagaliza.nixiweb.com\/?p=614"},"modified":"2021-03-14T14:36:34","modified_gmt":"2021-03-14T13:36:34","slug":"domus-museo-del-hombre","status":"publish","type":"post","link":"http:\/\/arquitecturadegalicia.eu\/blog\/domus-museo-del-hombre\/","title":{"rendered":"Domus (Casa do home)"},"content":{"rendered":"<h6 style=\"text-align: right;\"><span style=\"color: #999999;\"><a style=\"color: #999999;\" href=\"http:\/\/www.nuaa.es\/archivo\/arqui_2.asp?id=148&amp;nom=Portela,%20C%E9sar\" target=\"_blank\"><img fetchpriority=\"high\" decoding=\"async\" class=\"alignnone size-full wp-image-13791\" src=\"http:\/\/arquitecturadegalicia.eu\/blog\/wp-content\/uploads\/2011\/12\/AG_dumus_casa_home_cesar_portela_isozaki_corunha_00.jpg\" alt=\"AG_dumus_casa_home_cesar_portela_isozaki_corunha_00\" width=\"620\" height=\"622\" srcset=\"http:\/\/arquitecturadegalicia.eu\/blog\/wp-content\/uploads\/2011\/12\/AG_dumus_casa_home_cesar_portela_isozaki_corunha_00.jpg 620w, http:\/\/arquitecturadegalicia.eu\/blog\/wp-content\/uploads\/2011\/12\/AG_dumus_casa_home_cesar_portela_isozaki_corunha_00-110x110.jpg 110w\" sizes=\"(max-width: 620px) 100vw, 620px\" \/><br \/>\nHisao Suzuki<\/a><\/span><\/h6>\n<table class=\"aligncenter\" border=\"0\" width=\"620\" cellspacing=\"0\" cellpadding=\"0\">\n<tbody>\n<tr>\n<td width=\"180\"><strong>Obra:<\/strong><\/td>\n<td style=\"text-align: left;\">Domus (Casa do home)<\/td>\n<\/tr>\n<tr>\n<td><strong>Arquitecto:<\/strong><\/td>\n<td>C\u00e9sar Portela e Arata Isozaki<\/td>\n<\/tr>\n<tr>\n<td><strong>Provincia:<\/strong><\/td>\n<td>A Coru\u00f1a<\/td>\n<\/tr>\n<tr>\n<td><strong>Localidade:<\/strong><\/td>\n<td>Montealto, A Coru\u00f1a<\/td>\n<\/tr>\n<tr>\n<td><strong>Ano:<\/strong><\/td>\n<td>1993 &#8211; 1995<\/td>\n<\/tr>\n<tr>\n<td><strong>Xeolocalizaci\u00f3n:<\/strong><\/td>\n<td><a href=\"https:\/\/www.google.com\/fusiontables\/embedviz?q=select+col6+from+1SDgapi_D5DlY376iYYP9rfBhe0o6WliHne9w0EmJ&amp;viz=MAP&amp;h=false&amp;lat=43.37755568541073&amp;lng=-8.406512960578986&amp;t=3&amp;z=18&amp;l=col6&amp;y=2&amp;tmplt=2&amp;hml=KML\" target=\"_blank\"><strong>43.377807, -8.40626<\/strong><\/a><\/td>\n<\/tr>\n<\/tbody>\n<\/table>\n<table class=\" aligncenter\" border=\"0\" width=\"620\" cellspacing=\"0\" cellpadding=\"0\">\n<tbody>\n<tr>\n<td colspan=\"3\"><strong>Outros Datos:<\/strong><\/td>\n<\/tr>\n<tr>\n<td width=\"20\"><\/td>\n<td colspan=\"2\"><strong>Premios:<\/strong><\/td>\n<\/tr>\n<tr>\n<td width=\"20\"><\/td>\n<td width=\"20\"><\/td>\n<td width=\"580\">Ga\u00f1ador | Premio Internacional de Arquitectura en Pedra | 1998<br \/>\nGa\u00f1ador | Premio da Asociacion de Louseiros de Galicia | 1996<\/td>\n<\/tr>\n<tr>\n<td width=\"20\"><\/td>\n<td colspan=\"2\"><strong>Publicaci\u00f3ns:<\/strong><\/td>\n<\/tr>\n<tr>\n<td width=\"20\"><\/td>\n<td width=\"20\"><\/td>\n<td>\n<p id=\"yui_3_17_2_1_1439489203733_352\"><span id=\"yui_3_17_2_1_1439489203733_351\">Obradoiro N0 24 | 1995<br \/>\nArquitectura Viva No 43 | 1995<br \/>\nlsozaki &amp; Domus. Cubiertas y Mzov |\u00a0 1995<br \/>\n<\/span><\/p>\n<\/td>\n<\/tr>\n<tr>\n<td width=\"20\"><\/td>\n<td colspan=\"2\"><strong>Informaci\u00f3n na rede:<\/strong><\/td>\n<\/tr>\n<tr>\n<td width=\"20\"><\/td>\n<td width=\"20\"><\/td>\n<td><strong><a href=\"http:\/\/www.c\u00e9sarportela.com\/#\/edificio-domus\/\" target=\"_blank\">c\u00e9sarportela.com<\/a><br \/>\n<a href=\"http:\/\/www.isozaki.co.jp\/\" target=\"_blank\">isozaki.co.jp<\/a><br \/>\n<a href=\"http:\/\/es.wikiarquitectura.com\/index.php\/Domus_-_Museo_Interactivo_del_Hombre\" target=\"_blank\">wikiarquitectura.com<\/a><br \/>\n<\/strong><\/td>\n<\/tr>\n<tr>\n<td width=\"20\"><\/td>\n<td colspan=\"2\"><strong>Descripci\u00f3n do proxecto:<\/strong><\/td>\n<\/tr>\n<tr>\n<td width=\"20\"><\/td>\n<td width=\"20\"><\/td>\n<td style=\"text-align: justify;\">\u00abInsertar un edificio en un lugar no es s\u00f3lo dotarlo de una geometr\u00eda que le permita acoplarse con facilidad a la topograf\u00eda del terreno \u2013en este caso, a las formas m\u00e1s o menos caprichosas del macizo rocoso de la antigua cantera abandonada en que se asienta\u2013, es adem\u00e1s propiciar un feliz encuentro con el aire que lo rodea, con el agua del mar que casi ba\u00f1a sus cimientos, pero tambi\u00e9n con sus habitantes, con las necesidades que estos tienen, con sus deseos, con sus gustos, con sus costumbres, con su forma de sentir, disfrutar y organizar el espacio\u2026 Por ello, el encuentro del edificio con el macizo rocoso preexistente se conf\u00eda a una serie de espacios de diversa funcionalidad y variada configuraci\u00f3n formal, como son el baluarte, la plaza, la escalinata, las terrazas o bancales, los soportales, el jard\u00edn, el balc\u00f3n-mirador, la plazoleta emparrada y la explanada, todos ellos patrones o elementos de composici\u00f3n arquitect\u00f3nica de fuerte sabor tradicional, pero que han sido concebidos y resueltos con clara voluntad innovadora. El n\u00edtido perfil de cada uno, bien definido y diferenciado de los dem\u00e1s, no ha menguado su papel de elementos integrantes de un conjunto de mayor entidad y orden superior en el que se integran armoniosamente. Estos espacios diversos, de car\u00e1cter p\u00fablico y con una fuerte autonom\u00eda funcional y formal, se comportan como polos de un campo magn\u00e9tico cuyo centro lo constituye el volumen edificatorio y en cuyo entorno y a su abrigo se configuran y organizan.\u00bb<br \/>\nC\u00e9sar Portela<\/td>\n<\/tr>\n<tr>\n<td width=\"20\"><\/td>\n<td colspan=\"2\"><strong>Reportaxe fotogr\u00e1fica: <\/strong><\/td>\n<\/tr>\n<tr>\n<td width=\"20\"><\/td>\n<td colspan=\"2\">&#8211;<\/td>\n<\/tr>\n<tr>\n<td width=\"20\"><\/td>\n<td colspan=\"2\"><strong>Planos: <\/strong><\/td>\n<\/tr>\n<tr>\n<td width=\"20\"><\/td>\n<td colspan=\"2\"><strong><a href=\"http:\/\/es.wikiarquitectura.com\/index.php\/Domus_-_Museo_Interactivo_del_Hombre\" target=\"_blank\">wikiarquitectura.com<\/a><\/strong><\/td>\n<\/tr>\n<\/tbody>\n<\/table>\n <\/p>\n","protected":false},"excerpt":{"rendered":"<p>\u00abO encontro do edificio co macizo rochoso preexistente conf\u00edase a unha serie de espazos de diversa funcionalidade, como son o baluarte, a praza, a escalinata, os bancais&#8230;\u00bb<br \/>\nC\u00e9sar Portela<\/p>\n","protected":false},"author":2,"featured_media":13791,"comment_status":"open","ping_status":"open","sticky":false,"template":"","format":"standard","meta":{"jetpack_post_was_ever_published":false,"_jetpack_newsletter_access":"","_jetpack_dont_email_post_to_subs":false,"_jetpack_newsletter_tier_id":0,"_jetpack_memberships_contains_paywalled_content":false,"_jetpack_memberships_contains_paid_content":false,"footnotes":"","jetpack_publicize_message":"","jetpack_publicize_feature_enabled":true,"jetpack_social_post_already_shared":false,"jetpack_social_options":{"image_generator_settings":{"template":"highway","enabled":false},"version":2}},"categories":[28,837],"tags":[43,434,147,94],"ano":[],"arquitectos":[],"tipoloxia":[],"class_list":["post-614","post","type-post","status-publish","format-standard","has-post-thumbnail","hentry","category-a-coruna","category-principal","tag-43","tag-arata-isozaki","tag-cesar-portela","tag-museo","content-print"],"jetpack_publicize_connections":[],"yoast_head":"<!-- This site is optimized with the Yoast SEO plugin v24.1 - https:\/\/yoast.com\/wordpress\/plugins\/seo\/ -->\n<title>Domus (Casa do home) | AG<\/title>\n<meta name=\"robots\" content=\"index, follow, max-snippet:-1, max-image-preview:large, max-video-preview:-1\" \/>\n<link rel=\"canonical\" href=\"http:\/\/arquitecturadegalicia.eu\/blog\/domus-museo-del-hombre\/\" \/>\n<meta property=\"og:locale\" content=\"es_ES\" \/>\n<meta property=\"og:type\" content=\"article\" \/>\n<meta property=\"og:title\" content=\"Domus (Casa do home) | AG\" \/>\n<meta property=\"og:description\" content=\"&quot;O encontro do edificio co macizo rochoso preexistente conf\u00edase a unha serie de espazos de diversa funcionalidade, como son o baluarte, a praza, a escalinata, os bancais...&quot; C\u00e9sar Portela\" \/>\n<meta property=\"og:url\" content=\"http:\/\/arquitecturadegalicia.eu\/blog\/domus-museo-del-hombre\/\" \/>\n<meta property=\"og:site_name\" content=\"AG\" \/>\n<meta property=\"article:publisher\" content=\"https:\/\/www.facebook.com\/ArquitecturadeGalicia\/\" \/>\n<meta property=\"article:published_time\" content=\"2011-12-07T23:53:06+00:00\" \/>\n<meta property=\"article:modified_time\" content=\"2021-03-14T13:36:34+00:00\" \/>\n<meta property=\"og:image\" content=\"http:\/\/arquitecturadegalicia.eu\/blog\/wp-content\/uploads\/2011\/12\/AG_dumus_casa_home_cesar_portela_isozaki_corunha_00.jpg\" \/>\n\t<meta property=\"og:image:width\" content=\"620\" \/>\n\t<meta property=\"og:image:height\" content=\"622\" \/>\n\t<meta property=\"og:image:type\" content=\"image\/jpeg\" \/>\n<meta name=\"author\" content=\"Rub\u00e9n Ulloa Montes\" \/>\n<meta name=\"twitter:card\" content=\"summary_large_image\" \/>\n<meta name=\"twitter:creator\" content=\"@johncloro\" \/>\n<meta name=\"twitter:site\" content=\"@arquigaliciaeu\" \/>\n<meta name=\"twitter:label1\" content=\"Escrito por\" \/>\n\t<meta name=\"twitter:data1\" content=\"Rub\u00e9n Ulloa Montes\" \/>\n\t<meta name=\"twitter:label2\" content=\"Tiempo de lectura\" \/>\n\t<meta name=\"twitter:data2\" content=\"2 minutos\" \/>\n<script type=\"application\/ld+json\" class=\"yoast-schema-graph\">{\"@context\":\"https:\/\/schema.org\",\"@graph\":[{\"@type\":\"Article\",\"@id\":\"http:\/\/arquitecturadegalicia.eu\/blog\/domus-museo-del-hombre\/#article\",\"isPartOf\":{\"@id\":\"http:\/\/arquitecturadegalicia.eu\/blog\/domus-museo-del-hombre\/\"},\"author\":{\"name\":\"Rub\u00e9n Ulloa Montes\",\"@id\":\"https:\/\/arquitecturadegalicia.eu\/blog\/#\/schema\/person\/25cb39b0990eede8939e86ceff6a933b\"},\"headline\":\"Domus (Casa do home)\",\"datePublished\":\"2011-12-07T23:53:06+00:00\",\"dateModified\":\"2021-03-14T13:36:34+00:00\",\"mainEntityOfPage\":{\"@id\":\"http:\/\/arquitecturadegalicia.eu\/blog\/domus-museo-del-hombre\/\"},\"wordCount\":365,\"commentCount\":2,\"publisher\":{\"@id\":\"https:\/\/arquitecturadegalicia.eu\/blog\/#organization\"},\"image\":{\"@id\":\"http:\/\/arquitecturadegalicia.eu\/blog\/domus-museo-del-hombre\/#primaryimage\"},\"thumbnailUrl\":\"http:\/\/arquitecturadegalicia.eu\/blog\/wp-content\/uploads\/2011\/12\/AG_dumus_casa_home_cesar_portela_isozaki_corunha_00.jpg\",\"keywords\":[\"1995\",\"Arata Isozaki\",\"C\u00e9sar Portela\",\"museo\"],\"articleSection\":[\"A Coru\u00f1a\",\"principal\"],\"inLanguage\":\"es\",\"potentialAction\":[{\"@type\":\"CommentAction\",\"name\":\"Comment\",\"target\":[\"http:\/\/arquitecturadegalicia.eu\/blog\/domus-museo-del-hombre\/#respond\"]}]},{\"@type\":\"WebPage\",\"@id\":\"http:\/\/arquitecturadegalicia.eu\/blog\/domus-museo-del-hombre\/\",\"url\":\"http:\/\/arquitecturadegalicia.eu\/blog\/domus-museo-del-hombre\/\",\"name\":\"Domus (Casa do home) | AG\",\"isPartOf\":{\"@id\":\"https:\/\/arquitecturadegalicia.eu\/blog\/#website\"},\"primaryImageOfPage\":{\"@id\":\"http:\/\/arquitecturadegalicia.eu\/blog\/domus-museo-del-hombre\/#primaryimage\"},\"image\":{\"@id\":\"http:\/\/arquitecturadegalicia.eu\/blog\/domus-museo-del-hombre\/#primaryimage\"},\"thumbnailUrl\":\"http:\/\/arquitecturadegalicia.eu\/blog\/wp-content\/uploads\/2011\/12\/AG_dumus_casa_home_cesar_portela_isozaki_corunha_00.jpg\",\"datePublished\":\"2011-12-07T23:53:06+00:00\",\"dateModified\":\"2021-03-14T13:36:34+00:00\",\"breadcrumb\":{\"@id\":\"http:\/\/arquitecturadegalicia.eu\/blog\/domus-museo-del-hombre\/#breadcrumb\"},\"inLanguage\":\"es\",\"potentialAction\":[{\"@type\":\"ReadAction\",\"target\":[\"http:\/\/arquitecturadegalicia.eu\/blog\/domus-museo-del-hombre\/\"]}]},{\"@type\":\"ImageObject\",\"inLanguage\":\"es\",\"@id\":\"http:\/\/arquitecturadegalicia.eu\/blog\/domus-museo-del-hombre\/#primaryimage\",\"url\":\"http:\/\/arquitecturadegalicia.eu\/blog\/wp-content\/uploads\/2011\/12\/AG_dumus_casa_home_cesar_portela_isozaki_corunha_00.jpg\",\"contentUrl\":\"http:\/\/arquitecturadegalicia.eu\/blog\/wp-content\/uploads\/2011\/12\/AG_dumus_casa_home_cesar_portela_isozaki_corunha_00.jpg\",\"width\":620,\"height\":622},{\"@type\":\"BreadcrumbList\",\"@id\":\"http:\/\/arquitecturadegalicia.eu\/blog\/domus-museo-del-hombre\/#breadcrumb\",\"itemListElement\":[{\"@type\":\"ListItem\",\"position\":1,\"name\":\"Portada\",\"item\":\"https:\/\/arquitecturadegalicia.eu\/blog\/\"},{\"@type\":\"ListItem\",\"position\":2,\"name\":\"Domus (Casa do home)\"}]},{\"@type\":\"WebSite\",\"@id\":\"https:\/\/arquitecturadegalicia.eu\/blog\/#website\",\"url\":\"https:\/\/arquitecturadegalicia.eu\/blog\/\",\"name\":\"AG\",\"description\":\"Arquitectura de Galicia\",\"publisher\":{\"@id\":\"https:\/\/arquitecturadegalicia.eu\/blog\/#organization\"},\"potentialAction\":[{\"@type\":\"SearchAction\",\"target\":{\"@type\":\"EntryPoint\",\"urlTemplate\":\"https:\/\/arquitecturadegalicia.eu\/blog\/?s={search_term_string}\"},\"query-input\":{\"@type\":\"PropertyValueSpecification\",\"valueRequired\":true,\"valueName\":\"search_term_string\"}}],\"inLanguage\":\"es\"},{\"@type\":\"Organization\",\"@id\":\"https:\/\/arquitecturadegalicia.eu\/blog\/#organization\",\"name\":\"Arquitectura de Galicia\",\"url\":\"https:\/\/arquitecturadegalicia.eu\/blog\/\",\"logo\":{\"@type\":\"ImageObject\",\"inLanguage\":\"es\",\"@id\":\"https:\/\/arquitecturadegalicia.eu\/blog\/#\/schema\/logo\/image\/\",\"url\":\"https:\/\/arquitecturadegalicia.eu\/blog\/wp-content\/uploads\/2017\/01\/arquitecturacurrents2.png\",\"contentUrl\":\"https:\/\/arquitecturadegalicia.eu\/blog\/wp-content\/uploads\/2017\/01\/arquitecturacurrents2.png\",\"width\":840,\"height\":640,\"caption\":\"Arquitectura de Galicia\"},\"image\":{\"@id\":\"https:\/\/arquitecturadegalicia.eu\/blog\/#\/schema\/logo\/image\/\"},\"sameAs\":[\"https:\/\/www.facebook.com\/ArquitecturadeGalicia\/\",\"https:\/\/x.com\/arquigaliciaeu\",\"https:\/\/www.instagram.com\/arquigaliciaeu\/\"]},{\"@type\":\"Person\",\"@id\":\"https:\/\/arquitecturadegalicia.eu\/blog\/#\/schema\/person\/25cb39b0990eede8939e86ceff6a933b\",\"name\":\"Rub\u00e9n Ulloa Montes\",\"image\":{\"@type\":\"ImageObject\",\"inLanguage\":\"es\",\"@id\":\"https:\/\/arquitecturadegalicia.eu\/blog\/#\/schema\/person\/image\/\",\"url\":\"https:\/\/secure.gravatar.com\/avatar\/ff68e679356737556f8604cded4a38fd?s=96&d=mm&r=g\",\"contentUrl\":\"https:\/\/secure.gravatar.com\/avatar\/ff68e679356737556f8604cded4a38fd?s=96&d=mm&r=g\",\"caption\":\"Rub\u00e9n Ulloa Montes\"},\"description\":\"A Coru\u00f1a | Fundador e coordinaci\u00f3n da p\u00e1xina web e redes sociais | Arquitecto e apasionado da tecnolox\u00eda, todo o que te\u00f1a que ver con isto se merece un post. Dime o que che gusta e che farei un blog. Fundador de ArquitecturadeGalicia e The Groyne, coordinador de\u00a0Andro4all e colaborador en Xombit do grupo Difoosion\",\"sameAs\":[\"https:\/\/x.com\/johncloro\"],\"url\":\"http:\/\/arquitecturadegalicia.eu\/blog\/author\/ruben\/\"}]}<\/script>\n<!-- \/ Yoast SEO plugin. -->","yoast_head_json":{"title":"Domus (Casa do home) | AG","robots":{"index":"index","follow":"follow","max-snippet":"max-snippet:-1","max-image-preview":"max-image-preview:large","max-video-preview":"max-video-preview:-1"},"canonical":"http:\/\/arquitecturadegalicia.eu\/blog\/domus-museo-del-hombre\/","og_locale":"es_ES","og_type":"article","og_title":"Domus (Casa do home) | AG","og_description":"\"O encontro do edificio co macizo rochoso preexistente conf\u00edase a unha serie de espazos de diversa funcionalidade, como son o baluarte, a praza, a escalinata, os bancais...\" C\u00e9sar Portela","og_url":"http:\/\/arquitecturadegalicia.eu\/blog\/domus-museo-del-hombre\/","og_site_name":"AG","article_publisher":"https:\/\/www.facebook.com\/ArquitecturadeGalicia\/","article_published_time":"2011-12-07T23:53:06+00:00","article_modified_time":"2021-03-14T13:36:34+00:00","og_image":[{"width":620,"height":622,"url":"http:\/\/arquitecturadegalicia.eu\/blog\/wp-content\/uploads\/2011\/12\/AG_dumus_casa_home_cesar_portela_isozaki_corunha_00.jpg","type":"image\/jpeg"}],"author":"Rub\u00e9n Ulloa Montes","twitter_card":"summary_large_image","twitter_creator":"@johncloro","twitter_site":"@arquigaliciaeu","twitter_misc":{"Escrito por":"Rub\u00e9n Ulloa Montes","Tiempo de lectura":"2 minutos"},"schema":{"@context":"https:\/\/schema.org","@graph":[{"@type":"Article","@id":"http:\/\/arquitecturadegalicia.eu\/blog\/domus-museo-del-hombre\/#article","isPartOf":{"@id":"http:\/\/arquitecturadegalicia.eu\/blog\/domus-museo-del-hombre\/"},"author":{"name":"Rub\u00e9n Ulloa Montes","@id":"https:\/\/arquitecturadegalicia.eu\/blog\/#\/schema\/person\/25cb39b0990eede8939e86ceff6a933b"},"headline":"Domus (Casa do home)","datePublished":"2011-12-07T23:53:06+00:00","dateModified":"2021-03-14T13:36:34+00:00","mainEntityOfPage":{"@id":"http:\/\/arquitecturadegalicia.eu\/blog\/domus-museo-del-hombre\/"},"wordCount":365,"commentCount":2,"publisher":{"@id":"https:\/\/arquitecturadegalicia.eu\/blog\/#organization"},"image":{"@id":"http:\/\/arquitecturadegalicia.eu\/blog\/domus-museo-del-hombre\/#primaryimage"},"thumbnailUrl":"http:\/\/arquitecturadegalicia.eu\/blog\/wp-content\/uploads\/2011\/12\/AG_dumus_casa_home_cesar_portela_isozaki_corunha_00.jpg","keywords":["1995","Arata Isozaki","C\u00e9sar Portela","museo"],"articleSection":["A Coru\u00f1a","principal"],"inLanguage":"es","potentialAction":[{"@type":"CommentAction","name":"Comment","target":["http:\/\/arquitecturadegalicia.eu\/blog\/domus-museo-del-hombre\/#respond"]}]},{"@type":"WebPage","@id":"http:\/\/arquitecturadegalicia.eu\/blog\/domus-museo-del-hombre\/","url":"http:\/\/arquitecturadegalicia.eu\/blog\/domus-museo-del-hombre\/","name":"Domus (Casa do home) | AG","isPartOf":{"@id":"https:\/\/arquitecturadegalicia.eu\/blog\/#website"},"primaryImageOfPage":{"@id":"http:\/\/arquitecturadegalicia.eu\/blog\/domus-museo-del-hombre\/#primaryimage"},"image":{"@id":"http:\/\/arquitecturadegalicia.eu\/blog\/domus-museo-del-hombre\/#primaryimage"},"thumbnailUrl":"http:\/\/arquitecturadegalicia.eu\/blog\/wp-content\/uploads\/2011\/12\/AG_dumus_casa_home_cesar_portela_isozaki_corunha_00.jpg","datePublished":"2011-12-07T23:53:06+00:00","dateModified":"2021-03-14T13:36:34+00:00","breadcrumb":{"@id":"http:\/\/arquitecturadegalicia.eu\/blog\/domus-museo-del-hombre\/#breadcrumb"},"inLanguage":"es","potentialAction":[{"@type":"ReadAction","target":["http:\/\/arquitecturadegalicia.eu\/blog\/domus-museo-del-hombre\/"]}]},{"@type":"ImageObject","inLanguage":"es","@id":"http:\/\/arquitecturadegalicia.eu\/blog\/domus-museo-del-hombre\/#primaryimage","url":"http:\/\/arquitecturadegalicia.eu\/blog\/wp-content\/uploads\/2011\/12\/AG_dumus_casa_home_cesar_portela_isozaki_corunha_00.jpg","contentUrl":"http:\/\/arquitecturadegalicia.eu\/blog\/wp-content\/uploads\/2011\/12\/AG_dumus_casa_home_cesar_portela_isozaki_corunha_00.jpg","width":620,"height":622},{"@type":"BreadcrumbList","@id":"http:\/\/arquitecturadegalicia.eu\/blog\/domus-museo-del-hombre\/#breadcrumb","itemListElement":[{"@type":"ListItem","position":1,"name":"Portada","item":"https:\/\/arquitecturadegalicia.eu\/blog\/"},{"@type":"ListItem","position":2,"name":"Domus (Casa do home)"}]},{"@type":"WebSite","@id":"https:\/\/arquitecturadegalicia.eu\/blog\/#website","url":"https:\/\/arquitecturadegalicia.eu\/blog\/","name":"AG","description":"Arquitectura de Galicia","publisher":{"@id":"https:\/\/arquitecturadegalicia.eu\/blog\/#organization"},"potentialAction":[{"@type":"SearchAction","target":{"@type":"EntryPoint","urlTemplate":"https:\/\/arquitecturadegalicia.eu\/blog\/?s={search_term_string}"},"query-input":{"@type":"PropertyValueSpecification","valueRequired":true,"valueName":"search_term_string"}}],"inLanguage":"es"},{"@type":"Organization","@id":"https:\/\/arquitecturadegalicia.eu\/blog\/#organization","name":"Arquitectura de Galicia","url":"https:\/\/arquitecturadegalicia.eu\/blog\/","logo":{"@type":"ImageObject","inLanguage":"es","@id":"https:\/\/arquitecturadegalicia.eu\/blog\/#\/schema\/logo\/image\/","url":"https:\/\/arquitecturadegalicia.eu\/blog\/wp-content\/uploads\/2017\/01\/arquitecturacurrents2.png","contentUrl":"https:\/\/arquitecturadegalicia.eu\/blog\/wp-content\/uploads\/2017\/01\/arquitecturacurrents2.png","width":840,"height":640,"caption":"Arquitectura de Galicia"},"image":{"@id":"https:\/\/arquitecturadegalicia.eu\/blog\/#\/schema\/logo\/image\/"},"sameAs":["https:\/\/www.facebook.com\/ArquitecturadeGalicia\/","https:\/\/x.com\/arquigaliciaeu","https:\/\/www.instagram.com\/arquigaliciaeu\/"]},{"@type":"Person","@id":"https:\/\/arquitecturadegalicia.eu\/blog\/#\/schema\/person\/25cb39b0990eede8939e86ceff6a933b","name":"Rub\u00e9n Ulloa Montes","image":{"@type":"ImageObject","inLanguage":"es","@id":"https:\/\/arquitecturadegalicia.eu\/blog\/#\/schema\/person\/image\/","url":"https:\/\/secure.gravatar.com\/avatar\/ff68e679356737556f8604cded4a38fd?s=96&d=mm&r=g","contentUrl":"https:\/\/secure.gravatar.com\/avatar\/ff68e679356737556f8604cded4a38fd?s=96&d=mm&r=g","caption":"Rub\u00e9n Ulloa Montes"},"description":"A Coru\u00f1a | Fundador e coordinaci\u00f3n da p\u00e1xina web e redes sociais | Arquitecto e apasionado da tecnolox\u00eda, todo o que te\u00f1a que ver con isto se merece un post. Dime o que che gusta e che farei un blog. Fundador de ArquitecturadeGalicia e The Groyne, coordinador de\u00a0Andro4all e colaborador en Xombit do grupo Difoosion","sameAs":["https:\/\/x.com\/johncloro"],"url":"http:\/\/arquitecturadegalicia.eu\/blog\/author\/ruben\/"}]}},"jetpack_featured_media_url":"http:\/\/arquitecturadegalicia.eu\/blog\/wp-content\/uploads\/2011\/12\/AG_dumus_casa_home_cesar_portela_isozaki_corunha_00.jpg","jetpack_shortlink":"https:\/\/wp.me\/p2NHs2-9U","jetpack_sharing_enabled":true,"_links":{"self":[{"href":"http:\/\/arquitecturadegalicia.eu\/blog\/wp-json\/wp\/v2\/posts\/614","targetHints":{"allow":["GET"]}}],"collection":[{"href":"http:\/\/arquitecturadegalicia.eu\/blog\/wp-json\/wp\/v2\/posts"}],"about":[{"href":"http:\/\/arquitecturadegalicia.eu\/blog\/wp-json\/wp\/v2\/types\/post"}],"author":[{"embeddable":true,"href":"http:\/\/arquitecturadegalicia.eu\/blog\/wp-json\/wp\/v2\/users\/2"}],"replies":[{"embeddable":true,"href":"http:\/\/arquitecturadegalicia.eu\/blog\/wp-json\/wp\/v2\/comments?post=614"}],"version-history":[{"count":7,"href":"http:\/\/arquitecturadegalicia.eu\/blog\/wp-json\/wp\/v2\/posts\/614\/revisions"}],"predecessor-version":[{"id":13800,"href":"http:\/\/arquitecturadegalicia.eu\/blog\/wp-json\/wp\/v2\/posts\/614\/revisions\/13800"}],"wp:featuredmedia":[{"embeddable":true,"href":"http:\/\/arquitecturadegalicia.eu\/blog\/wp-json\/wp\/v2\/media\/13791"}],"wp:attachment":[{"href":"http:\/\/arquitecturadegalicia.eu\/blog\/wp-json\/wp\/v2\/media?parent=614"}],"wp:term":[{"taxonomy":"category","embeddable":true,"href":"http:\/\/arquitecturadegalicia.eu\/blog\/wp-json\/wp\/v2\/categories?post=614"},{"taxonomy":"post_tag","embeddable":true,"href":"http:\/\/arquitecturadegalicia.eu\/blog\/wp-json\/wp\/v2\/tags?post=614"},{"taxonomy":"ano","embeddable":true,"href":"http:\/\/arquitecturadegalicia.eu\/blog\/wp-json\/wp\/v2\/ano?post=614"},{"taxonomy":"arquitectos","embeddable":true,"href":"http:\/\/arquitecturadegalicia.eu\/blog\/wp-json\/wp\/v2\/arquitectos?post=614"},{"taxonomy":"tipoloxia","embeddable":true,"href":"http:\/\/arquitecturadegalicia.eu\/blog\/wp-json\/wp\/v2\/tipoloxia?post=614"}],"curies":[{"name":"wp","href":"https:\/\/api.w.org\/{rel}","templated":true}]}}