{"id":6903,"date":"2013-06-06T20:00:23","date_gmt":"2013-06-06T18:00:23","guid":{"rendered":"http:\/\/arquitecturadegalicia.eu\/blog\/?p=6903"},"modified":"2013-10-27T02:09:23","modified_gmt":"2013-10-27T01:09:23","slug":"abrir-vigo-ao-mar","status":"publish","type":"post","link":"http:\/\/arquitecturadegalicia.eu\/blog\/abrir-vigo-ao-mar\/","title":{"rendered":"Abrir Vigo ao mar"},"content":{"rendered":"<h6 style=\"text-align: right;\"><img fetchpriority=\"high\" decoding=\"async\" class=\"size-full wp-image-6910 aligncenter\" alt=\"abrir vigo mar | Guillermo Vazquez Consuegra \" src=\"http:\/\/arquitecturadegalicia.eu\/blog\/wp-content\/uploads\/2013\/06\/Paseo-Maritimo_1.jpg\" width=\"620\" height=\"302\" srcset=\"http:\/\/arquitecturadegalicia.eu\/blog\/wp-content\/uploads\/2013\/06\/Paseo-Maritimo_1.jpg 620w, http:\/\/arquitecturadegalicia.eu\/blog\/wp-content\/uploads\/2013\/06\/Paseo-Maritimo_1-300x146.jpg 300w\" sizes=\"(max-width: 620px) 100vw, 620px\" \/><br \/>\n<span style=\"color: #999999;\"><a href=\"http:\/\/www.ardan.es\/ctgcos\/d10_ficha.php?obra=56&amp;id_idioma=es\"><span style=\"color: #999999;\"><strong>ardan.es<\/strong><\/span><\/a><\/span><\/h6>\n<table width=\"620\" border=\"0\" cellspacing=\"0\" cellpadding=\"0\">\n<tbody>\n<tr>\n<td width=\"180\"><strong>Obra:<\/strong><\/td>\n<td>Abrir Vigo ao mar<\/td>\n<\/tr>\n<tr>\n<td><strong>Arquitecto:<\/strong><\/td>\n<td>Guillermo V\u00e1zquez Consuegra<\/td>\n<\/tr>\n<tr>\n<td><strong>Provincia:<\/strong><\/td>\n<td>Pontevedra<\/td>\n<\/tr>\n<tr>\n<td><strong>Localidade:<\/strong><\/td>\n<td>Vigo<\/td>\n<\/tr>\n<tr>\n<td><strong>Ano:<\/strong><\/td>\n<td>1995 &#8211; 2004<\/td>\n<\/tr>\n<tr>\n<td><strong>Xeolocalizaci\u00f3n:<\/strong><\/td>\n<td><a href=\"https:\/\/maps.google.es\/maps\/ms?ie=UTF8&amp;t=h&amp;source=embed&amp;hl=es&amp;oe=UTF8&amp;msa=0&amp;msid=205584753861089304839.0004b3590a9baff01c53d&amp;num=200&amp;start=200&amp;ll=42.241894,-8.722876&amp;spn=0.004797,0.009645&amp;z=17&amp;vpsrc=6&amp;iwloc=0004de45f6295444e2309\" target=\"_blank\"><strong>42.240,-8.724<\/strong><\/a><\/td>\n<\/tr>\n<\/tbody>\n<\/table>\n<table width=\"620\" border=\"0\" cellspacing=\"0\" cellpadding=\"0\">\n<tbody>\n<tr>\n<td colspan=\"3\"><strong>Outros Datos:<\/strong><\/td>\n<\/tr>\n<tr>\n<td width=\"20\"><\/td>\n<td colspan=\"2\"><strong>Premios:<\/strong><\/td>\n<\/tr>\n<tr>\n<td width=\"20\"><\/td>\n<td width=\"20\"><\/td>\n<td width=\"580\">Premio Nacional de la arquitectura espa\u00f1ola | <em>2005<\/em><\/td>\n<\/tr>\n<tr>\n<td width=\"20\"><\/td>\n<td colspan=\"2\"><strong>Publicaci\u00f3ns:<\/strong><\/td>\n<\/tr>\n<tr>\n<td width=\"20\"><\/td>\n<td width=\"20\"><\/td>\n<td>V\u00e1zquez Consuegra, Guillermo | <em>Frente mar\u00edtimo de Vigo<\/em> | <em>GG 2008<\/em>AGRASAR QUIROGA, F. \u00abGu\u00eda de Arquitectura de Vigo (1930-2000)\u201d. COAG, Vigo, 2003.<\/p>\n<p>Revista Obradoiro N\u00ba 30, COAG, Vigo, 2003.<\/p>\n<p>Paisajes de Arquitectura y Cr\u00edtica, N\u00ba 37, Madrid, 2002.<\/td>\n<\/tr>\n<tr>\n<td width=\"20\"><\/td>\n<td colspan=\"2\"><strong>Informaci\u00f3n na rede:<br \/>\n<\/strong><\/td>\n<\/tr>\n<tr>\n<td width=\"20\"><\/td>\n<td width=\"20\"><\/td>\n<td><a href=\"http:\/\/www.vazquezconsuegra.com\/Esp_Publicos.html\" target=\"_blank\"><strong>vazquezconsuegra.com<br \/>\n<\/strong><\/a><strong><\/strong><a href=\"http:\/\/www.ardan.es\/ctgcos\/d10_ficha.php?obra=56&amp;id_idioma=es\" target=\"_blank\"><strong>ardan.es<\/strong><\/a><strong><\/strong><strong><\/strong><strong><br \/>\n<a href=\"http:\/\/www.tvarquitectura.com\/tv\/frente-maritimo-de-vigo-vazquez-consuegra\" target=\"_blank\">tvarquitectura.com<\/a><br \/>\n<\/strong><\/td>\n<\/tr>\n<tr>\n<td width=\"20\"><\/td>\n<td colspan=\"2\"><strong>Descripci\u00f3n do proxecto: <\/strong><strong><br \/>\n<\/strong><\/td>\n<\/tr>\n<tr>\n<td width=\"20\"><\/td>\n<td width=\"20\"><\/td>\n<td style=\"text-align: justify;\">\u00ab<em>Se trata de un proyecto construido que se inicia all\u00e1 por 1995 y cuyo \u00faltimo episodio se ha finalizado en 2004.<\/em><br \/>\n<em> Hemos considerado que era oportuno y pertinente esperar a tener finalizada toda la operaci\u00f3n en lugar de presentarla parcialmente y de forma fragmentaria. Por ello se presenta este trabajo que se inici\u00f3 hace ahora ya diez a\u00f1os.<\/em><br \/>\n<em> Nuestra intervenci\u00f3n arranca de la Plaza de la Estrella y se extiende hasta la Plaza del Berb\u00e9s, antiguo puerto marinero de la ciudad. La Plaza de la Estrella era un espacio conformado por las traseras de cuatro edificios institucionales. La entrada del t\u00fanel de tr\u00e1fico rodado constituye el borde oriental de la Plaza, siendo el \u00fanico frente no construido. A fin de aminorar el impacto que supone la embocadura del t\u00fanel propusimos la construcci\u00f3n de una pieza en zig-zag, un grader\u00edo que se quiebra entre los \u00e1rboles y formaliza una terraza elevada en la que situamos una cafeter\u00eda-restaurante.<\/em><br \/>\n<em> En el encuentro entre los Jardines de Elduayen y el mar se propone un edificio que en forma de U se inicia con una larga rampa que asciende suavemente hasta alcanzar la cota de una plaza-mirador sobre la d\u00e1rsena de la Laxe. Un grader\u00edo se asoma al \u00e1rea portuaria buscando formalizar esa intensa relaci\u00f3n entre el mar y la ciudad. En su interior contiene la Estaci\u00f3n de R\u00eda, las oficinas de Turismo, una cafeter\u00eda y un restaurante, piezas organizadas en torno a un amplio espacio central, vest\u00edbulo com\u00fan iluminado cenitalmente por un gran lucernario que descansa sobre las gradas del edificio. Este edificio-puerta construido sobre el t\u00fanel de tr\u00e1fico rodado y el parking busca resolver en un \u00fanico gesto de forma unitaria y acudiendo a una volumetr\u00eda sencilla los diversos y numerosos temas planteados en este sector del Paseo<\/em>\u00bb Guillermo V\u00e1zquez Consuegra<\/td>\n<\/tr>\n<tr>\n<td width=\"20\"><\/td>\n<td colspan=\"2\"><b>Reportaxe fotogr\u00e1fica:<\/b><strong><\/strong><b><br \/>\n<\/b><\/td>\n<\/tr>\n<tr>\n<td width=\"20\"><\/td>\n<td colspan=\"2\"><\/td>\n<\/tr>\n<tr>\n<td width=\"20\"><\/td>\n<td colspan=\"2\"><strong>Planos:<\/strong><\/td>\n<\/tr>\n<tr>\n<td width=\"20\"><\/td>\n<td colspan=\"2\">[nggallery id=187]<\/td>\n<\/tr>\n<\/tbody>\n<\/table>\n","protected":false},"excerpt":{"rendered":"<p>Nuestra intervenci\u00f3n arranca de la Plaza de la Estrella y se extiende hasta la Plaza del Berb\u00e9s, antiguo puerto marinero de la ciudad. La Plaza de la Estrella era un espacio conformado por las traseras de cuatro edificios institucionales. La entrada del t\u00fanel de tr\u00e1fico rodado constituye el borde oriental de la Plaza, siendo el \u00fanico frente no construido.<\/p>\n","protected":false},"author":8,"featured_media":6910,"comment_status":"open","ping_status":"open","sticky":false,"template":"","format":"standard","meta":{"jetpack_post_was_ever_published":false,"_jetpack_newsletter_access":"","_jetpack_dont_email_post_to_subs":false,"_jetpack_newsletter_tier_id":0,"_jetpack_memberships_contains_paywalled_content":false,"_jetpack_memberships_contains_paid_content":false,"footnotes":"","jetpack_publicize_message":"","jetpack_publicize_feature_enabled":true,"jetpack_social_post_already_shared":true,"jetpack_social_options":{"image_generator_settings":{"template":"highway","enabled":false},"version":2}},"categories":[25],"tags":[50,61,542],"ano":[],"arquitectos":[],"tipoloxia":[],"class_list":["post-6903","post","type-post","status-publish","format-standard","has-post-thumbnail","hentry","category-vigo","tag-50","tag-actuacion-urbana","tag-guillermo-vazquez-consuegra","content-print"],"jetpack_publicize_connections":[],"yoast_head":"<!-- This site is optimized with the Yoast SEO plugin v24.1 - https:\/\/yoast.com\/wordpress\/plugins\/seo\/ -->\n<title>Abrir Vigo ao mar | AG<\/title>\n<meta name=\"robots\" content=\"index, follow, max-snippet:-1, max-image-preview:large, max-video-preview:-1\" \/>\n<link rel=\"canonical\" href=\"https:\/\/arquitecturadegalicia.eu\/blog\/abrir-vigo-ao-mar\/\" \/>\n<meta property=\"og:locale\" content=\"es_ES\" \/>\n<meta property=\"og:type\" content=\"article\" \/>\n<meta property=\"og:title\" content=\"Abrir Vigo ao mar | AG\" \/>\n<meta property=\"og:description\" content=\"Nuestra intervenci\u00f3n arranca de la Plaza de la Estrella y se extiende hasta la Plaza del Berb\u00e9s, antiguo puerto marinero de la ciudad. La Plaza de la Estrella era un espacio conformado por las traseras de cuatro edificios institucionales. La entrada del t\u00fanel de tr\u00e1fico rodado constituye el borde oriental de la Plaza, siendo el \u00fanico frente no construido.\" \/>\n<meta property=\"og:url\" content=\"https:\/\/arquitecturadegalicia.eu\/blog\/abrir-vigo-ao-mar\/\" \/>\n<meta property=\"og:site_name\" content=\"AG\" \/>\n<meta property=\"article:publisher\" content=\"https:\/\/www.facebook.com\/ArquitecturadeGalicia\/\" \/>\n<meta property=\"article:published_time\" content=\"2013-06-06T18:00:23+00:00\" \/>\n<meta property=\"article:modified_time\" content=\"2013-10-27T01:09:23+00:00\" \/>\n<meta property=\"og:image\" content=\"https:\/\/arquitecturadegalicia.eu\/blog\/wp-content\/uploads\/2013\/06\/Paseo-Maritimo_1.jpg\" \/>\n\t<meta property=\"og:image:width\" content=\"620\" \/>\n\t<meta property=\"og:image:height\" content=\"302\" \/>\n\t<meta property=\"og:image:type\" content=\"image\/jpeg\" \/>\n<meta name=\"author\" content=\"Iago Valverde\" \/>\n<meta name=\"twitter:card\" content=\"summary_large_image\" \/>\n<meta name=\"twitter:creator\" content=\"@arquigaliciaeu\" \/>\n<meta name=\"twitter:site\" content=\"@arquigaliciaeu\" \/>\n<meta name=\"twitter:label1\" content=\"Escrito por\" \/>\n\t<meta name=\"twitter:data1\" content=\"Iago Valverde\" \/>\n\t<meta name=\"twitter:label2\" content=\"Tiempo de lectura\" \/>\n\t<meta name=\"twitter:data2\" content=\"2 minutos\" \/>\n<script type=\"application\/ld+json\" class=\"yoast-schema-graph\">{\"@context\":\"https:\/\/schema.org\",\"@graph\":[{\"@type\":\"Article\",\"@id\":\"https:\/\/arquitecturadegalicia.eu\/blog\/abrir-vigo-ao-mar\/#article\",\"isPartOf\":{\"@id\":\"https:\/\/arquitecturadegalicia.eu\/blog\/abrir-vigo-ao-mar\/\"},\"author\":{\"name\":\"Iago Valverde\",\"@id\":\"https:\/\/arquitecturadegalicia.eu\/blog\/#\/schema\/person\/a51297ea3eeddd32ccbd89a218e148f1\"},\"headline\":\"Abrir Vigo ao mar\",\"datePublished\":\"2013-06-06T18:00:23+00:00\",\"dateModified\":\"2013-10-27T01:09:23+00:00\",\"mainEntityOfPage\":{\"@id\":\"https:\/\/arquitecturadegalicia.eu\/blog\/abrir-vigo-ao-mar\/\"},\"wordCount\":410,\"commentCount\":0,\"publisher\":{\"@id\":\"https:\/\/arquitecturadegalicia.eu\/blog\/#organization\"},\"image\":{\"@id\":\"https:\/\/arquitecturadegalicia.eu\/blog\/abrir-vigo-ao-mar\/#primaryimage\"},\"thumbnailUrl\":\"http:\/\/arquitecturadegalicia.eu\/blog\/wp-content\/uploads\/2013\/06\/Paseo-Maritimo_1.jpg\",\"keywords\":[\"2004\",\"actuaci\u00f3n urbana\",\"Guillermo V\u00e1zquez Consuegra\"],\"articleSection\":[\"Vigo\"],\"inLanguage\":\"es\",\"potentialAction\":[{\"@type\":\"CommentAction\",\"name\":\"Comment\",\"target\":[\"https:\/\/arquitecturadegalicia.eu\/blog\/abrir-vigo-ao-mar\/#respond\"]}]},{\"@type\":\"WebPage\",\"@id\":\"https:\/\/arquitecturadegalicia.eu\/blog\/abrir-vigo-ao-mar\/\",\"url\":\"https:\/\/arquitecturadegalicia.eu\/blog\/abrir-vigo-ao-mar\/\",\"name\":\"Abrir Vigo ao mar | AG\",\"isPartOf\":{\"@id\":\"https:\/\/arquitecturadegalicia.eu\/blog\/#website\"},\"primaryImageOfPage\":{\"@id\":\"https:\/\/arquitecturadegalicia.eu\/blog\/abrir-vigo-ao-mar\/#primaryimage\"},\"image\":{\"@id\":\"https:\/\/arquitecturadegalicia.eu\/blog\/abrir-vigo-ao-mar\/#primaryimage\"},\"thumbnailUrl\":\"http:\/\/arquitecturadegalicia.eu\/blog\/wp-content\/uploads\/2013\/06\/Paseo-Maritimo_1.jpg\",\"datePublished\":\"2013-06-06T18:00:23+00:00\",\"dateModified\":\"2013-10-27T01:09:23+00:00\",\"breadcrumb\":{\"@id\":\"https:\/\/arquitecturadegalicia.eu\/blog\/abrir-vigo-ao-mar\/#breadcrumb\"},\"inLanguage\":\"es\",\"potentialAction\":[{\"@type\":\"ReadAction\",\"target\":[\"https:\/\/arquitecturadegalicia.eu\/blog\/abrir-vigo-ao-mar\/\"]}]},{\"@type\":\"ImageObject\",\"inLanguage\":\"es\",\"@id\":\"https:\/\/arquitecturadegalicia.eu\/blog\/abrir-vigo-ao-mar\/#primaryimage\",\"url\":\"http:\/\/arquitecturadegalicia.eu\/blog\/wp-content\/uploads\/2013\/06\/Paseo-Maritimo_1.jpg\",\"contentUrl\":\"http:\/\/arquitecturadegalicia.eu\/blog\/wp-content\/uploads\/2013\/06\/Paseo-Maritimo_1.jpg\",\"width\":620,\"height\":302},{\"@type\":\"BreadcrumbList\",\"@id\":\"https:\/\/arquitecturadegalicia.eu\/blog\/abrir-vigo-ao-mar\/#breadcrumb\",\"itemListElement\":[{\"@type\":\"ListItem\",\"position\":1,\"name\":\"Portada\",\"item\":\"https:\/\/arquitecturadegalicia.eu\/blog\/\"},{\"@type\":\"ListItem\",\"position\":2,\"name\":\"Abrir Vigo ao mar\"}]},{\"@type\":\"WebSite\",\"@id\":\"https:\/\/arquitecturadegalicia.eu\/blog\/#website\",\"url\":\"https:\/\/arquitecturadegalicia.eu\/blog\/\",\"name\":\"AG\",\"description\":\"Arquitectura de Galicia\",\"publisher\":{\"@id\":\"https:\/\/arquitecturadegalicia.eu\/blog\/#organization\"},\"potentialAction\":[{\"@type\":\"SearchAction\",\"target\":{\"@type\":\"EntryPoint\",\"urlTemplate\":\"https:\/\/arquitecturadegalicia.eu\/blog\/?s={search_term_string}\"},\"query-input\":{\"@type\":\"PropertyValueSpecification\",\"valueRequired\":true,\"valueName\":\"search_term_string\"}}],\"inLanguage\":\"es\"},{\"@type\":\"Organization\",\"@id\":\"https:\/\/arquitecturadegalicia.eu\/blog\/#organization\",\"name\":\"Arquitectura de Galicia\",\"url\":\"https:\/\/arquitecturadegalicia.eu\/blog\/\",\"logo\":{\"@type\":\"ImageObject\",\"inLanguage\":\"es\",\"@id\":\"https:\/\/arquitecturadegalicia.eu\/blog\/#\/schema\/logo\/image\/\",\"url\":\"https:\/\/arquitecturadegalicia.eu\/blog\/wp-content\/uploads\/2017\/01\/arquitecturacurrents2.png\",\"contentUrl\":\"https:\/\/arquitecturadegalicia.eu\/blog\/wp-content\/uploads\/2017\/01\/arquitecturacurrents2.png\",\"width\":840,\"height\":640,\"caption\":\"Arquitectura de Galicia\"},\"image\":{\"@id\":\"https:\/\/arquitecturadegalicia.eu\/blog\/#\/schema\/logo\/image\/\"},\"sameAs\":[\"https:\/\/www.facebook.com\/ArquitecturadeGalicia\/\",\"https:\/\/x.com\/arquigaliciaeu\",\"https:\/\/www.instagram.com\/arquigaliciaeu\/\"]},{\"@type\":\"Person\",\"@id\":\"https:\/\/arquitecturadegalicia.eu\/blog\/#\/schema\/person\/a51297ea3eeddd32ccbd89a218e148f1\",\"name\":\"Iago Valverde\",\"image\":{\"@type\":\"ImageObject\",\"inLanguage\":\"es\",\"@id\":\"https:\/\/arquitecturadegalicia.eu\/blog\/#\/schema\/person\/image\/\",\"url\":\"https:\/\/secure.gravatar.com\/avatar\/eb8a9f2f10ff79db5c78989d92f1e8b2?s=96&d=mm&r=g\",\"contentUrl\":\"https:\/\/secure.gravatar.com\/avatar\/eb8a9f2f10ff79db5c78989d92f1e8b2?s=96&d=mm&r=g\",\"caption\":\"Iago Valverde\"},\"description\":\"Nigr\u00e1n | Edici\u00f3n de artigos e xeolocalizaci\u00f3n | Arquitecto en formaci\u00f3n na ETSAC e cursando PFC. Interesado en urbanismo, arquitectura, pol\u00edtica, e todo aquilo que \u00e9 complexo e vital\",\"url\":\"http:\/\/arquitecturadegalicia.eu\/blog\/author\/iago-valverde\/\"}]}<\/script>\n<!-- \/ Yoast SEO plugin. -->","yoast_head_json":{"title":"Abrir Vigo ao mar | AG","robots":{"index":"index","follow":"follow","max-snippet":"max-snippet:-1","max-image-preview":"max-image-preview:large","max-video-preview":"max-video-preview:-1"},"canonical":"https:\/\/arquitecturadegalicia.eu\/blog\/abrir-vigo-ao-mar\/","og_locale":"es_ES","og_type":"article","og_title":"Abrir Vigo ao mar | AG","og_description":"Nuestra intervenci\u00f3n arranca de la Plaza de la Estrella y se extiende hasta la Plaza del Berb\u00e9s, antiguo puerto marinero de la ciudad. La Plaza de la Estrella era un espacio conformado por las traseras de cuatro edificios institucionales. La entrada del t\u00fanel de tr\u00e1fico rodado constituye el borde oriental de la Plaza, siendo el \u00fanico frente no construido.","og_url":"https:\/\/arquitecturadegalicia.eu\/blog\/abrir-vigo-ao-mar\/","og_site_name":"AG","article_publisher":"https:\/\/www.facebook.com\/ArquitecturadeGalicia\/","article_published_time":"2013-06-06T18:00:23+00:00","article_modified_time":"2013-10-27T01:09:23+00:00","og_image":[{"width":620,"height":302,"url":"https:\/\/arquitecturadegalicia.eu\/blog\/wp-content\/uploads\/2013\/06\/Paseo-Maritimo_1.jpg","type":"image\/jpeg"}],"author":"Iago Valverde","twitter_card":"summary_large_image","twitter_creator":"@arquigaliciaeu","twitter_site":"@arquigaliciaeu","twitter_misc":{"Escrito por":"Iago Valverde","Tiempo de lectura":"2 minutos"},"schema":{"@context":"https:\/\/schema.org","@graph":[{"@type":"Article","@id":"https:\/\/arquitecturadegalicia.eu\/blog\/abrir-vigo-ao-mar\/#article","isPartOf":{"@id":"https:\/\/arquitecturadegalicia.eu\/blog\/abrir-vigo-ao-mar\/"},"author":{"name":"Iago Valverde","@id":"https:\/\/arquitecturadegalicia.eu\/blog\/#\/schema\/person\/a51297ea3eeddd32ccbd89a218e148f1"},"headline":"Abrir Vigo ao mar","datePublished":"2013-06-06T18:00:23+00:00","dateModified":"2013-10-27T01:09:23+00:00","mainEntityOfPage":{"@id":"https:\/\/arquitecturadegalicia.eu\/blog\/abrir-vigo-ao-mar\/"},"wordCount":410,"commentCount":0,"publisher":{"@id":"https:\/\/arquitecturadegalicia.eu\/blog\/#organization"},"image":{"@id":"https:\/\/arquitecturadegalicia.eu\/blog\/abrir-vigo-ao-mar\/#primaryimage"},"thumbnailUrl":"http:\/\/arquitecturadegalicia.eu\/blog\/wp-content\/uploads\/2013\/06\/Paseo-Maritimo_1.jpg","keywords":["2004","actuaci\u00f3n urbana","Guillermo V\u00e1zquez Consuegra"],"articleSection":["Vigo"],"inLanguage":"es","potentialAction":[{"@type":"CommentAction","name":"Comment","target":["https:\/\/arquitecturadegalicia.eu\/blog\/abrir-vigo-ao-mar\/#respond"]}]},{"@type":"WebPage","@id":"https:\/\/arquitecturadegalicia.eu\/blog\/abrir-vigo-ao-mar\/","url":"https:\/\/arquitecturadegalicia.eu\/blog\/abrir-vigo-ao-mar\/","name":"Abrir Vigo ao mar | AG","isPartOf":{"@id":"https:\/\/arquitecturadegalicia.eu\/blog\/#website"},"primaryImageOfPage":{"@id":"https:\/\/arquitecturadegalicia.eu\/blog\/abrir-vigo-ao-mar\/#primaryimage"},"image":{"@id":"https:\/\/arquitecturadegalicia.eu\/blog\/abrir-vigo-ao-mar\/#primaryimage"},"thumbnailUrl":"http:\/\/arquitecturadegalicia.eu\/blog\/wp-content\/uploads\/2013\/06\/Paseo-Maritimo_1.jpg","datePublished":"2013-06-06T18:00:23+00:00","dateModified":"2013-10-27T01:09:23+00:00","breadcrumb":{"@id":"https:\/\/arquitecturadegalicia.eu\/blog\/abrir-vigo-ao-mar\/#breadcrumb"},"inLanguage":"es","potentialAction":[{"@type":"ReadAction","target":["https:\/\/arquitecturadegalicia.eu\/blog\/abrir-vigo-ao-mar\/"]}]},{"@type":"ImageObject","inLanguage":"es","@id":"https:\/\/arquitecturadegalicia.eu\/blog\/abrir-vigo-ao-mar\/#primaryimage","url":"http:\/\/arquitecturadegalicia.eu\/blog\/wp-content\/uploads\/2013\/06\/Paseo-Maritimo_1.jpg","contentUrl":"http:\/\/arquitecturadegalicia.eu\/blog\/wp-content\/uploads\/2013\/06\/Paseo-Maritimo_1.jpg","width":620,"height":302},{"@type":"BreadcrumbList","@id":"https:\/\/arquitecturadegalicia.eu\/blog\/abrir-vigo-ao-mar\/#breadcrumb","itemListElement":[{"@type":"ListItem","position":1,"name":"Portada","item":"https:\/\/arquitecturadegalicia.eu\/blog\/"},{"@type":"ListItem","position":2,"name":"Abrir Vigo ao mar"}]},{"@type":"WebSite","@id":"https:\/\/arquitecturadegalicia.eu\/blog\/#website","url":"https:\/\/arquitecturadegalicia.eu\/blog\/","name":"AG","description":"Arquitectura de Galicia","publisher":{"@id":"https:\/\/arquitecturadegalicia.eu\/blog\/#organization"},"potentialAction":[{"@type":"SearchAction","target":{"@type":"EntryPoint","urlTemplate":"https:\/\/arquitecturadegalicia.eu\/blog\/?s={search_term_string}"},"query-input":{"@type":"PropertyValueSpecification","valueRequired":true,"valueName":"search_term_string"}}],"inLanguage":"es"},{"@type":"Organization","@id":"https:\/\/arquitecturadegalicia.eu\/blog\/#organization","name":"Arquitectura de Galicia","url":"https:\/\/arquitecturadegalicia.eu\/blog\/","logo":{"@type":"ImageObject","inLanguage":"es","@id":"https:\/\/arquitecturadegalicia.eu\/blog\/#\/schema\/logo\/image\/","url":"https:\/\/arquitecturadegalicia.eu\/blog\/wp-content\/uploads\/2017\/01\/arquitecturacurrents2.png","contentUrl":"https:\/\/arquitecturadegalicia.eu\/blog\/wp-content\/uploads\/2017\/01\/arquitecturacurrents2.png","width":840,"height":640,"caption":"Arquitectura de Galicia"},"image":{"@id":"https:\/\/arquitecturadegalicia.eu\/blog\/#\/schema\/logo\/image\/"},"sameAs":["https:\/\/www.facebook.com\/ArquitecturadeGalicia\/","https:\/\/x.com\/arquigaliciaeu","https:\/\/www.instagram.com\/arquigaliciaeu\/"]},{"@type":"Person","@id":"https:\/\/arquitecturadegalicia.eu\/blog\/#\/schema\/person\/a51297ea3eeddd32ccbd89a218e148f1","name":"Iago Valverde","image":{"@type":"ImageObject","inLanguage":"es","@id":"https:\/\/arquitecturadegalicia.eu\/blog\/#\/schema\/person\/image\/","url":"https:\/\/secure.gravatar.com\/avatar\/eb8a9f2f10ff79db5c78989d92f1e8b2?s=96&d=mm&r=g","contentUrl":"https:\/\/secure.gravatar.com\/avatar\/eb8a9f2f10ff79db5c78989d92f1e8b2?s=96&d=mm&r=g","caption":"Iago Valverde"},"description":"Nigr\u00e1n | Edici\u00f3n de artigos e xeolocalizaci\u00f3n | Arquitecto en formaci\u00f3n na ETSAC e cursando PFC. Interesado en urbanismo, arquitectura, pol\u00edtica, e todo aquilo que \u00e9 complexo e vital","url":"http:\/\/arquitecturadegalicia.eu\/blog\/author\/iago-valverde\/"}]}},"jetpack_featured_media_url":"http:\/\/arquitecturadegalicia.eu\/blog\/wp-content\/uploads\/2013\/06\/Paseo-Maritimo_1.jpg","jetpack_shortlink":"https:\/\/wp.me\/p2NHs2-1Nl","jetpack_sharing_enabled":true,"_links":{"self":[{"href":"http:\/\/arquitecturadegalicia.eu\/blog\/wp-json\/wp\/v2\/posts\/6903","targetHints":{"allow":["GET"]}}],"collection":[{"href":"http:\/\/arquitecturadegalicia.eu\/blog\/wp-json\/wp\/v2\/posts"}],"about":[{"href":"http:\/\/arquitecturadegalicia.eu\/blog\/wp-json\/wp\/v2\/types\/post"}],"author":[{"embeddable":true,"href":"http:\/\/arquitecturadegalicia.eu\/blog\/wp-json\/wp\/v2\/users\/8"}],"replies":[{"embeddable":true,"href":"http:\/\/arquitecturadegalicia.eu\/blog\/wp-json\/wp\/v2\/comments?post=6903"}],"version-history":[{"count":17,"href":"http:\/\/arquitecturadegalicia.eu\/blog\/wp-json\/wp\/v2\/posts\/6903\/revisions"}],"predecessor-version":[{"id":9842,"href":"http:\/\/arquitecturadegalicia.eu\/blog\/wp-json\/wp\/v2\/posts\/6903\/revisions\/9842"}],"wp:featuredmedia":[{"embeddable":true,"href":"http:\/\/arquitecturadegalicia.eu\/blog\/wp-json\/wp\/v2\/media\/6910"}],"wp:attachment":[{"href":"http:\/\/arquitecturadegalicia.eu\/blog\/wp-json\/wp\/v2\/media?parent=6903"}],"wp:term":[{"taxonomy":"category","embeddable":true,"href":"http:\/\/arquitecturadegalicia.eu\/blog\/wp-json\/wp\/v2\/categories?post=6903"},{"taxonomy":"post_tag","embeddable":true,"href":"http:\/\/arquitecturadegalicia.eu\/blog\/wp-json\/wp\/v2\/tags?post=6903"},{"taxonomy":"ano","embeddable":true,"href":"http:\/\/arquitecturadegalicia.eu\/blog\/wp-json\/wp\/v2\/ano?post=6903"},{"taxonomy":"arquitectos","embeddable":true,"href":"http:\/\/arquitecturadegalicia.eu\/blog\/wp-json\/wp\/v2\/arquitectos?post=6903"},{"taxonomy":"tipoloxia","embeddable":true,"href":"http:\/\/arquitecturadegalicia.eu\/blog\/wp-json\/wp\/v2\/tipoloxia?post=6903"}],"curies":[{"name":"wp","href":"https:\/\/api.w.org\/{rel}","templated":true}]}}