{"id":7322,"date":"2013-07-04T20:00:13","date_gmt":"2013-07-04T18:00:13","guid":{"rendered":"http:\/\/arquitecturadegalicia.eu\/blog\/?p=7322"},"modified":"2021-03-14T14:35:56","modified_gmt":"2021-03-14T13:35:56","slug":"museo-de-las-peregrinaciones-y-de-la-ciudad","status":"publish","type":"post","link":"http:\/\/arquitecturadegalicia.eu\/blog\/museo-de-las-peregrinaciones-y-de-la-ciudad\/","title":{"rendered":"Museo das Peregrinaci\u00f3ns e de Santiago"},"content":{"rendered":"<h6 style=\"text-align: right;\"><img fetchpriority=\"high\" decoding=\"async\" class=\"aligncenter size-full wp-image-11154\" alt=\"Museo das Peregrinaci\u00f3ns e de Santiago | Manuel Gallego Jorreto | Adri\u00e1n Capelo\" src=\"http:\/\/arquitecturadegalicia.eu\/blog\/wp-content\/uploads\/2013\/07\/Principal.jpg\" width=\"620\" height=\"620\" srcset=\"http:\/\/arquitecturadegalicia.eu\/blog\/wp-content\/uploads\/2013\/07\/Principal.jpg 620w, http:\/\/arquitecturadegalicia.eu\/blog\/wp-content\/uploads\/2013\/07\/Principal-300x300.jpg 300w\" sizes=\"(max-width: 620px) 100vw, 620px\" \/><\/h6>\n<p style=\"text-align: right;\"><span style=\"color: #c0c0c0;\"><strong><a style=\"font-size: 0.75em; text-align: right;\" href=\"http:\/\/arquitecturadegalicia.eu\/blog\/?author=11\" target=\"_blank\"><span style=\"color: #c0c0c0;\">Adri\u00e1n Capelo<\/span><\/a><\/strong> | <strong><a style=\"font-size: 0.75em; text-align: right;\" href=\"http:\/\/arquitecturadegalicia.eu\" target=\"_blank\"><span style=\"color: #c0c0c0;\">ArquitecturadeGalicia<\/span><\/a><\/strong><\/span><\/p>\n<table class=\"aligncenter\" width=\"620\" border=\"0\" cellspacing=\"0\" cellpadding=\"0\">\n<tbody>\n<tr>\n<td width=\"180\"><strong>Obra:<\/strong><\/td>\n<td>\u00a0Museo das Peregrinaci\u00f3ns e de Santiago<\/td>\n<\/tr>\n<tr>\n<td><strong>Arquitecto:<\/strong><\/td>\n<td>\u00a0Manuel Gallego Jorreto<\/td>\n<\/tr>\n<tr>\n<td><strong>Provincia:<\/strong><\/td>\n<td>\u00a0A Coru\u00f1a<\/td>\n<\/tr>\n<tr>\n<td><strong>Localidade:<\/strong><\/td>\n<td>\u00a0Praza de Prater\u00edas, Santiago de Compostela<\/td>\n<\/tr>\n<tr>\n<td><strong>Ano:<\/strong><\/td>\n<td>\u00a02013<\/td>\n<\/tr>\n<tr>\n<td><strong>Xeolocalizaci\u00f3n:<\/strong><\/td>\n<td>\u00a0<strong><a href=\"https:\/\/maps.google.com\/maps\/ms?ie=UTF8&amp;t=h&amp;vpsrc=6&amp;hl=es&amp;oe=UTF8&amp;msa=0&amp;msid=205584753861089304839.0004b3590a9baff01c53d&amp;num=200&amp;start=400&amp;ll=42.879669,-8.54426&amp;spn=0.000691,0.00142&amp;z=20&amp;iwloc=0004e0733f99391e19cd9\" target=\"_blank\">42.879,-8.544<\/a><\/strong><\/td>\n<\/tr>\n<\/tbody>\n<\/table>\n<table class=\" aligncenter\" width=\"620\" border=\"0\" cellspacing=\"0\" cellpadding=\"0\">\n<tbody>\n<tr>\n<td colspan=\"3\"><strong>Outros Datos:<\/strong><\/td>\n<\/tr>\n<tr>\n<td width=\"20\"><\/td>\n<td colspan=\"2\"><strong>Premios:<\/strong><\/td>\n<\/tr>\n<tr>\n<td width=\"20\"><\/td>\n<td width=\"20\"><\/td>\n<td width=\"580\">\u00a0XII Bienal Espa\u00f1ola de Arquitectura y Urbanismo | <em>Premiado<\/em><\/td>\n<\/tr>\n<tr>\n<td width=\"20\"><\/td>\n<td colspan=\"2\"><strong>Publicaci\u00f3ns:<\/strong><\/td>\n<\/tr>\n<tr>\n<td width=\"20\"><\/td>\n<td width=\"20\"><\/td>\n<td><a href=\"http:\/\/www.tectonica.es\/arquitectura\/interiores\/revestimientos\/museo_peregrinaciones.html\" target=\"_blank\"><strong> TECT\u00d3NICA 39 interiores: revestimientos<\/strong><\/a><\/td>\n<\/tr>\n<tr>\n<td width=\"20\"><\/td>\n<td colspan=\"2\"><strong>Informaci\u00f3n na rede:<\/strong><\/td>\n<\/tr>\n<tr>\n<td width=\"20\"><\/td>\n<td width=\"20\"><\/td>\n<td><strong><a href=\"http:\/\/www.bienalarquitectura.es\/index.php\/portfolio\/cam0081\/\" target=\"_blank\">bienalarquitectura.es<br \/>\n<\/a><\/strong><\/td>\n<\/tr>\n<tr>\n<td width=\"20\"><\/td>\n<td colspan=\"2\"><strong>Descripci\u00f3n do proxecto:<\/strong><\/td>\n<\/tr>\n<tr>\n<td width=\"20\"><\/td>\n<td width=\"20\"><\/td>\n<td style=\"text-align: justify;\">\u00ab<em>En el proyecto, objeto de concurso p\u00fablico, se impone la\u00a0condici\u00f3n de conservar el edificio. El mal estado de la estructura y su inadecuaci\u00f3n para uso\u00a0p\u00fablico oblig\u00f3 a demoler pilares y forjados.El Museo conserva la fachada existente, salvo en la parte\u00a0ampliada. Aqu\u00ed es ya otro edificio.La nueva fachada es ligera, construida por capas de vidrio,\u00a0creando un espacio protector. La capa exterior est\u00e1 formada\u00a0por una carpinter\u00eda realizada in situ con pletinas met\u00e1licas.\u00a0Constituye una piel tensa que vibra con los vierteaguas al\u00a0recorrer la estrecha R\u00faa Conga. Las otras capas est\u00e1n\u00a0construidas con carpinterlas comerciales. Sus grados de\u00a0opacidad le dan espesor cuando uno se detiene y mira\u00a0frontalmente. Vibra con el uso diverso de los espacios que\u00a0acoge.La ampliaci\u00f3n respeta lo b\u00e1sico y fundamental del viejo\u00a0edificio del Banco. Se aproxima a \u00e9l con delicadeza para\u00a0evitar contaminaciones mutuas y sin embargo se integra.El car\u00e1cter unitario del espacio expositivo, unido a la escasa\u00a0altura de las plantas primera y segunda, condujo a la\u00a0b\u00fasqueda de un espacio integrador y de relaci\u00f3n que facilita\u00a0la orientaci\u00f3n del visitante.El nuevo Museo no puede estar al margen de su ubicaci\u00f3n al\u00a0pie de la Catedral y bajo la torre Berenguela. Su presencia\u00a0debe influir en el edificio.<\/em><em>Por ello se ha pensado que el recorrido expositivo del Museo,\u00a0podr\u00eda de alg\u00fan modo continuar la itinerancia del Camino de\u00a0Santiago, y concluir asom\u00e1ndose a la cubierta para\u00a0contemplar la Catedral y la ciudad. Volviendo as\u00ed al mundo\u00a0real, despu\u00e9s de hacer un itinerario \u00a0fundamentalmente\u00a0virtual. Por eso la escalera asume un especial protagonismo.<\/em><em>Se trata de una actuaci\u00f3n con presupuesto limitado, que\u00a0aprovecha lo existente y es adem\u00e1s respetuosa con el\u00a0entorno. Pero el edificio cambia radicalmente, no solo en uso\u00a0y organizaci\u00f3n sino en su espacio y en su experiencia. Se\u00a0piensa en la intensidad como condici\u00f3n necesaria de la arquitectura<\/em>\u00abManuel Gallego Jorreto<\/td>\n<\/tr>\n<tr>\n<td width=\"20\"><\/td>\n<td colspan=\"2\"><b>Reportaxe fotogr\u00e1fica: <\/b><\/td>\n<\/tr>\n<tr>\n<td width=\"20\"><\/td>\n<td colspan=\"2\">\u00a0<b><b><b><a href=\"http:\/\/arquitecturadegalicia.eu\/blog\/?author=11\" target=\"_blank\">Adri\u00e1n Capelo<\/a>\u00a0|\u00a0<a href=\"http:\/\/arquitecturadegalicia.eu\" target=\"_blank\">ArquitecturadeGalicia<\/a>\u00a0|\u00a0<a href=\"http:\/\/www.flickr.com\/photos\/arquitecturagalicia\/sets\/72157639633780203\/\" target=\"_blank\">Reportaxe no noso Flickr<\/a><\/b><\/b><\/b><\/td>\n<\/tr>\n<tr>\n<td width=\"20\"><\/td>\n<td colspan=\"2\"><strong>Planos:<\/strong><\/td>\n<\/tr>\n<tr>\n<td width=\"20\"><\/td>\n<td colspan=\"2\"><a href=\"http:\/\/www.tectonica.es\/arquitectura\/interiores\/revestimientos\/museo_peregrinaciones.html\" target=\"_blank\"><strong>TECT\u00d3NICA 39 interiores: revestimientos<\/strong><\/a><\/td>\n<\/tr>\n<\/tbody>\n<\/table>\n\n <\/p>\n","protected":false},"excerpt":{"rendered":"<p>El Museo conserva la fachada existente, salvo en la parte ampliada. Aqu\u00ed es ya otro edificio. La nueva fachada es ligera, construida por capas de vidrio, creando un espacio protector. Constituye una piel tensa que vibra con los vierteaguas al recorrer la estrecha R\u00faa Conga. Sus grados de opacidad le dan espesor cuando uno se detiene y mira frontalmente. Vibra con el uso diverso de los espacios que acoge.<\/p>\n","protected":false},"author":7,"featured_media":11154,"comment_status":"open","ping_status":"open","sticky":false,"template":"","format":"standard","meta":{"jetpack_post_was_ever_published":false,"_jetpack_newsletter_access":"","_jetpack_dont_email_post_to_subs":false,"_jetpack_newsletter_tier_id":0,"_jetpack_memberships_contains_paywalled_content":false,"_jetpack_memberships_contains_paid_content":false,"footnotes":"","jetpack_publicize_message":"","jetpack_publicize_feature_enabled":true,"jetpack_social_post_already_shared":true,"jetpack_social_options":{"image_generator_settings":{"template":"highway","enabled":false},"version":2}},"categories":[837,22],"tags":[539,92,94,99],"ano":[],"arquitectos":[],"tipoloxia":[],"class_list":["post-7322","post","type-post","status-publish","format-standard","has-post-thumbnail","hentry","category-principal","category-santiago-de-compostela","tag-539","tag-manuelgallego","tag-museo","tag-rehabilitacion","content-print"],"jetpack_publicize_connections":[],"yoast_head":"<!-- This site is optimized with the Yoast SEO plugin v24.1 - https:\/\/yoast.com\/wordpress\/plugins\/seo\/ -->\n<title>Museo das Peregrinaci\u00f3ns e de Santiago | AG<\/title>\n<meta name=\"robots\" content=\"index, follow, max-snippet:-1, max-image-preview:large, max-video-preview:-1\" \/>\n<link rel=\"canonical\" href=\"https:\/\/arquitecturadegalicia.eu\/blog\/museo-de-las-peregrinaciones-y-de-la-ciudad\/\" \/>\n<meta property=\"og:locale\" content=\"es_ES\" \/>\n<meta property=\"og:type\" content=\"article\" \/>\n<meta property=\"og:title\" content=\"Museo das Peregrinaci\u00f3ns e de Santiago | AG\" \/>\n<meta property=\"og:description\" content=\"El Museo conserva la fachada existente, salvo en la parte ampliada. Aqu\u00ed es ya otro edificio. La nueva fachada es ligera, construida por capas de vidrio, creando un espacio protector. Constituye una piel tensa que vibra con los vierteaguas al recorrer la estrecha R\u00faa Conga. Sus grados de opacidad le dan espesor cuando uno se detiene y mira frontalmente. Vibra con el uso diverso de los espacios que acoge.\" \/>\n<meta property=\"og:url\" content=\"https:\/\/arquitecturadegalicia.eu\/blog\/museo-de-las-peregrinaciones-y-de-la-ciudad\/\" \/>\n<meta property=\"og:site_name\" content=\"AG\" \/>\n<meta property=\"article:publisher\" content=\"https:\/\/www.facebook.com\/ArquitecturadeGalicia\/\" \/>\n<meta property=\"article:published_time\" content=\"2013-07-04T18:00:13+00:00\" \/>\n<meta property=\"article:modified_time\" content=\"2021-03-14T13:35:56+00:00\" \/>\n<meta property=\"og:image\" content=\"https:\/\/arquitecturadegalicia.eu\/blog\/wp-content\/uploads\/2013\/07\/Principal.jpg\" \/>\n\t<meta property=\"og:image:width\" content=\"620\" \/>\n\t<meta property=\"og:image:height\" content=\"620\" \/>\n\t<meta property=\"og:image:type\" content=\"image\/jpeg\" \/>\n<meta name=\"author\" content=\"Dario Vallina\" \/>\n<meta name=\"twitter:card\" content=\"summary_large_image\" \/>\n<meta name=\"twitter:creator\" content=\"@arquigaliciaeu\" \/>\n<meta name=\"twitter:site\" content=\"@arquigaliciaeu\" \/>\n<meta name=\"twitter:label1\" content=\"Escrito por\" \/>\n\t<meta name=\"twitter:data1\" content=\"Dario Vallina\" \/>\n\t<meta name=\"twitter:label2\" content=\"Tiempo de lectura\" \/>\n\t<meta name=\"twitter:data2\" content=\"2 minutos\" \/>\n<script type=\"application\/ld+json\" class=\"yoast-schema-graph\">{\"@context\":\"https:\/\/schema.org\",\"@graph\":[{\"@type\":\"Article\",\"@id\":\"https:\/\/arquitecturadegalicia.eu\/blog\/museo-de-las-peregrinaciones-y-de-la-ciudad\/#article\",\"isPartOf\":{\"@id\":\"https:\/\/arquitecturadegalicia.eu\/blog\/museo-de-las-peregrinaciones-y-de-la-ciudad\/\"},\"author\":{\"name\":\"Dario Vallina\",\"@id\":\"https:\/\/arquitecturadegalicia.eu\/blog\/#\/schema\/person\/abcb74b3399abffb9dabced36488ac35\"},\"headline\":\"Museo das Peregrinaci\u00f3ns e de Santiago\",\"datePublished\":\"2013-07-04T18:00:13+00:00\",\"dateModified\":\"2021-03-14T13:35:56+00:00\",\"mainEntityOfPage\":{\"@id\":\"https:\/\/arquitecturadegalicia.eu\/blog\/museo-de-las-peregrinaciones-y-de-la-ciudad\/\"},\"wordCount\":445,\"commentCount\":0,\"publisher\":{\"@id\":\"https:\/\/arquitecturadegalicia.eu\/blog\/#organization\"},\"image\":{\"@id\":\"https:\/\/arquitecturadegalicia.eu\/blog\/museo-de-las-peregrinaciones-y-de-la-ciudad\/#primaryimage\"},\"thumbnailUrl\":\"http:\/\/arquitecturadegalicia.eu\/blog\/wp-content\/uploads\/2013\/07\/Principal.jpg\",\"keywords\":[\"2013\",\"Manuel Gallego\",\"museo\",\"rehabilitaci\u00f3n\"],\"articleSection\":[\"principal\",\"Santiago de Compostela\"],\"inLanguage\":\"es\",\"potentialAction\":[{\"@type\":\"CommentAction\",\"name\":\"Comment\",\"target\":[\"https:\/\/arquitecturadegalicia.eu\/blog\/museo-de-las-peregrinaciones-y-de-la-ciudad\/#respond\"]}]},{\"@type\":\"WebPage\",\"@id\":\"https:\/\/arquitecturadegalicia.eu\/blog\/museo-de-las-peregrinaciones-y-de-la-ciudad\/\",\"url\":\"https:\/\/arquitecturadegalicia.eu\/blog\/museo-de-las-peregrinaciones-y-de-la-ciudad\/\",\"name\":\"Museo das Peregrinaci\u00f3ns e de Santiago | AG\",\"isPartOf\":{\"@id\":\"https:\/\/arquitecturadegalicia.eu\/blog\/#website\"},\"primaryImageOfPage\":{\"@id\":\"https:\/\/arquitecturadegalicia.eu\/blog\/museo-de-las-peregrinaciones-y-de-la-ciudad\/#primaryimage\"},\"image\":{\"@id\":\"https:\/\/arquitecturadegalicia.eu\/blog\/museo-de-las-peregrinaciones-y-de-la-ciudad\/#primaryimage\"},\"thumbnailUrl\":\"http:\/\/arquitecturadegalicia.eu\/blog\/wp-content\/uploads\/2013\/07\/Principal.jpg\",\"datePublished\":\"2013-07-04T18:00:13+00:00\",\"dateModified\":\"2021-03-14T13:35:56+00:00\",\"breadcrumb\":{\"@id\":\"https:\/\/arquitecturadegalicia.eu\/blog\/museo-de-las-peregrinaciones-y-de-la-ciudad\/#breadcrumb\"},\"inLanguage\":\"es\",\"potentialAction\":[{\"@type\":\"ReadAction\",\"target\":[\"https:\/\/arquitecturadegalicia.eu\/blog\/museo-de-las-peregrinaciones-y-de-la-ciudad\/\"]}]},{\"@type\":\"ImageObject\",\"inLanguage\":\"es\",\"@id\":\"https:\/\/arquitecturadegalicia.eu\/blog\/museo-de-las-peregrinaciones-y-de-la-ciudad\/#primaryimage\",\"url\":\"http:\/\/arquitecturadegalicia.eu\/blog\/wp-content\/uploads\/2013\/07\/Principal.jpg\",\"contentUrl\":\"http:\/\/arquitecturadegalicia.eu\/blog\/wp-content\/uploads\/2013\/07\/Principal.jpg\",\"width\":620,\"height\":620,\"caption\":\"Museo das Peregrinaci\u00f3ns e de Santiago | Manuel Gallego Jorreto | Adri\u00e1n Capelo\"},{\"@type\":\"BreadcrumbList\",\"@id\":\"https:\/\/arquitecturadegalicia.eu\/blog\/museo-de-las-peregrinaciones-y-de-la-ciudad\/#breadcrumb\",\"itemListElement\":[{\"@type\":\"ListItem\",\"position\":1,\"name\":\"Portada\",\"item\":\"https:\/\/arquitecturadegalicia.eu\/blog\/\"},{\"@type\":\"ListItem\",\"position\":2,\"name\":\"Museo das Peregrinaci\u00f3ns e de Santiago\"}]},{\"@type\":\"WebSite\",\"@id\":\"https:\/\/arquitecturadegalicia.eu\/blog\/#website\",\"url\":\"https:\/\/arquitecturadegalicia.eu\/blog\/\",\"name\":\"AG\",\"description\":\"Arquitectura de Galicia\",\"publisher\":{\"@id\":\"https:\/\/arquitecturadegalicia.eu\/blog\/#organization\"},\"potentialAction\":[{\"@type\":\"SearchAction\",\"target\":{\"@type\":\"EntryPoint\",\"urlTemplate\":\"https:\/\/arquitecturadegalicia.eu\/blog\/?s={search_term_string}\"},\"query-input\":{\"@type\":\"PropertyValueSpecification\",\"valueRequired\":true,\"valueName\":\"search_term_string\"}}],\"inLanguage\":\"es\"},{\"@type\":\"Organization\",\"@id\":\"https:\/\/arquitecturadegalicia.eu\/blog\/#organization\",\"name\":\"Arquitectura de Galicia\",\"url\":\"https:\/\/arquitecturadegalicia.eu\/blog\/\",\"logo\":{\"@type\":\"ImageObject\",\"inLanguage\":\"es\",\"@id\":\"https:\/\/arquitecturadegalicia.eu\/blog\/#\/schema\/logo\/image\/\",\"url\":\"https:\/\/arquitecturadegalicia.eu\/blog\/wp-content\/uploads\/2017\/01\/arquitecturacurrents2.png\",\"contentUrl\":\"https:\/\/arquitecturadegalicia.eu\/blog\/wp-content\/uploads\/2017\/01\/arquitecturacurrents2.png\",\"width\":840,\"height\":640,\"caption\":\"Arquitectura de Galicia\"},\"image\":{\"@id\":\"https:\/\/arquitecturadegalicia.eu\/blog\/#\/schema\/logo\/image\/\"},\"sameAs\":[\"https:\/\/www.facebook.com\/ArquitecturadeGalicia\/\",\"https:\/\/x.com\/arquigaliciaeu\",\"https:\/\/www.instagram.com\/arquigaliciaeu\/\"]},{\"@type\":\"Person\",\"@id\":\"https:\/\/arquitecturadegalicia.eu\/blog\/#\/schema\/person\/abcb74b3399abffb9dabced36488ac35\",\"name\":\"Dario Vallina\",\"image\":{\"@type\":\"ImageObject\",\"inLanguage\":\"es\",\"@id\":\"https:\/\/arquitecturadegalicia.eu\/blog\/#\/schema\/person\/image\/\",\"url\":\"https:\/\/secure.gravatar.com\/avatar\/a79e713b96510b29d405cacc448bf2e0?s=96&d=mm&r=g\",\"contentUrl\":\"https:\/\/secure.gravatar.com\/avatar\/a79e713b96510b29d405cacc448bf2e0?s=96&d=mm&r=g\",\"caption\":\"Dario Vallina\"},\"description\":\"Xix\u00f3n | Coordinaci\u00f3n e edici\u00f3n de artigos | La simplicidad es la mayor sofisticaci\u00f3n. Un caballo pintado a rayas no es una cebra. La imaginaci\u00f3n es m\u00e1s importante que la sabidur\u00eda. Si no puedo dibujarlo, es que no lo entiendo.\",\"url\":\"http:\/\/arquitecturadegalicia.eu\/blog\/author\/dariovallina\/\"}]}<\/script>\n<!-- \/ Yoast SEO plugin. -->","yoast_head_json":{"title":"Museo das Peregrinaci\u00f3ns e de Santiago | AG","robots":{"index":"index","follow":"follow","max-snippet":"max-snippet:-1","max-image-preview":"max-image-preview:large","max-video-preview":"max-video-preview:-1"},"canonical":"https:\/\/arquitecturadegalicia.eu\/blog\/museo-de-las-peregrinaciones-y-de-la-ciudad\/","og_locale":"es_ES","og_type":"article","og_title":"Museo das Peregrinaci\u00f3ns e de Santiago | AG","og_description":"El Museo conserva la fachada existente, salvo en la parte ampliada. Aqu\u00ed es ya otro edificio. La nueva fachada es ligera, construida por capas de vidrio, creando un espacio protector. Constituye una piel tensa que vibra con los vierteaguas al recorrer la estrecha R\u00faa Conga. Sus grados de opacidad le dan espesor cuando uno se detiene y mira frontalmente. Vibra con el uso diverso de los espacios que acoge.","og_url":"https:\/\/arquitecturadegalicia.eu\/blog\/museo-de-las-peregrinaciones-y-de-la-ciudad\/","og_site_name":"AG","article_publisher":"https:\/\/www.facebook.com\/ArquitecturadeGalicia\/","article_published_time":"2013-07-04T18:00:13+00:00","article_modified_time":"2021-03-14T13:35:56+00:00","og_image":[{"width":620,"height":620,"url":"https:\/\/arquitecturadegalicia.eu\/blog\/wp-content\/uploads\/2013\/07\/Principal.jpg","type":"image\/jpeg"}],"author":"Dario Vallina","twitter_card":"summary_large_image","twitter_creator":"@arquigaliciaeu","twitter_site":"@arquigaliciaeu","twitter_misc":{"Escrito por":"Dario Vallina","Tiempo de lectura":"2 minutos"},"schema":{"@context":"https:\/\/schema.org","@graph":[{"@type":"Article","@id":"https:\/\/arquitecturadegalicia.eu\/blog\/museo-de-las-peregrinaciones-y-de-la-ciudad\/#article","isPartOf":{"@id":"https:\/\/arquitecturadegalicia.eu\/blog\/museo-de-las-peregrinaciones-y-de-la-ciudad\/"},"author":{"name":"Dario Vallina","@id":"https:\/\/arquitecturadegalicia.eu\/blog\/#\/schema\/person\/abcb74b3399abffb9dabced36488ac35"},"headline":"Museo das Peregrinaci\u00f3ns e de Santiago","datePublished":"2013-07-04T18:00:13+00:00","dateModified":"2021-03-14T13:35:56+00:00","mainEntityOfPage":{"@id":"https:\/\/arquitecturadegalicia.eu\/blog\/museo-de-las-peregrinaciones-y-de-la-ciudad\/"},"wordCount":445,"commentCount":0,"publisher":{"@id":"https:\/\/arquitecturadegalicia.eu\/blog\/#organization"},"image":{"@id":"https:\/\/arquitecturadegalicia.eu\/blog\/museo-de-las-peregrinaciones-y-de-la-ciudad\/#primaryimage"},"thumbnailUrl":"http:\/\/arquitecturadegalicia.eu\/blog\/wp-content\/uploads\/2013\/07\/Principal.jpg","keywords":["2013","Manuel Gallego","museo","rehabilitaci\u00f3n"],"articleSection":["principal","Santiago de Compostela"],"inLanguage":"es","potentialAction":[{"@type":"CommentAction","name":"Comment","target":["https:\/\/arquitecturadegalicia.eu\/blog\/museo-de-las-peregrinaciones-y-de-la-ciudad\/#respond"]}]},{"@type":"WebPage","@id":"https:\/\/arquitecturadegalicia.eu\/blog\/museo-de-las-peregrinaciones-y-de-la-ciudad\/","url":"https:\/\/arquitecturadegalicia.eu\/blog\/museo-de-las-peregrinaciones-y-de-la-ciudad\/","name":"Museo das Peregrinaci\u00f3ns e de Santiago | AG","isPartOf":{"@id":"https:\/\/arquitecturadegalicia.eu\/blog\/#website"},"primaryImageOfPage":{"@id":"https:\/\/arquitecturadegalicia.eu\/blog\/museo-de-las-peregrinaciones-y-de-la-ciudad\/#primaryimage"},"image":{"@id":"https:\/\/arquitecturadegalicia.eu\/blog\/museo-de-las-peregrinaciones-y-de-la-ciudad\/#primaryimage"},"thumbnailUrl":"http:\/\/arquitecturadegalicia.eu\/blog\/wp-content\/uploads\/2013\/07\/Principal.jpg","datePublished":"2013-07-04T18:00:13+00:00","dateModified":"2021-03-14T13:35:56+00:00","breadcrumb":{"@id":"https:\/\/arquitecturadegalicia.eu\/blog\/museo-de-las-peregrinaciones-y-de-la-ciudad\/#breadcrumb"},"inLanguage":"es","potentialAction":[{"@type":"ReadAction","target":["https:\/\/arquitecturadegalicia.eu\/blog\/museo-de-las-peregrinaciones-y-de-la-ciudad\/"]}]},{"@type":"ImageObject","inLanguage":"es","@id":"https:\/\/arquitecturadegalicia.eu\/blog\/museo-de-las-peregrinaciones-y-de-la-ciudad\/#primaryimage","url":"http:\/\/arquitecturadegalicia.eu\/blog\/wp-content\/uploads\/2013\/07\/Principal.jpg","contentUrl":"http:\/\/arquitecturadegalicia.eu\/blog\/wp-content\/uploads\/2013\/07\/Principal.jpg","width":620,"height":620,"caption":"Museo das Peregrinaci\u00f3ns e de Santiago | Manuel Gallego Jorreto | Adri\u00e1n Capelo"},{"@type":"BreadcrumbList","@id":"https:\/\/arquitecturadegalicia.eu\/blog\/museo-de-las-peregrinaciones-y-de-la-ciudad\/#breadcrumb","itemListElement":[{"@type":"ListItem","position":1,"name":"Portada","item":"https:\/\/arquitecturadegalicia.eu\/blog\/"},{"@type":"ListItem","position":2,"name":"Museo das Peregrinaci\u00f3ns e de Santiago"}]},{"@type":"WebSite","@id":"https:\/\/arquitecturadegalicia.eu\/blog\/#website","url":"https:\/\/arquitecturadegalicia.eu\/blog\/","name":"AG","description":"Arquitectura de Galicia","publisher":{"@id":"https:\/\/arquitecturadegalicia.eu\/blog\/#organization"},"potentialAction":[{"@type":"SearchAction","target":{"@type":"EntryPoint","urlTemplate":"https:\/\/arquitecturadegalicia.eu\/blog\/?s={search_term_string}"},"query-input":{"@type":"PropertyValueSpecification","valueRequired":true,"valueName":"search_term_string"}}],"inLanguage":"es"},{"@type":"Organization","@id":"https:\/\/arquitecturadegalicia.eu\/blog\/#organization","name":"Arquitectura de Galicia","url":"https:\/\/arquitecturadegalicia.eu\/blog\/","logo":{"@type":"ImageObject","inLanguage":"es","@id":"https:\/\/arquitecturadegalicia.eu\/blog\/#\/schema\/logo\/image\/","url":"https:\/\/arquitecturadegalicia.eu\/blog\/wp-content\/uploads\/2017\/01\/arquitecturacurrents2.png","contentUrl":"https:\/\/arquitecturadegalicia.eu\/blog\/wp-content\/uploads\/2017\/01\/arquitecturacurrents2.png","width":840,"height":640,"caption":"Arquitectura de Galicia"},"image":{"@id":"https:\/\/arquitecturadegalicia.eu\/blog\/#\/schema\/logo\/image\/"},"sameAs":["https:\/\/www.facebook.com\/ArquitecturadeGalicia\/","https:\/\/x.com\/arquigaliciaeu","https:\/\/www.instagram.com\/arquigaliciaeu\/"]},{"@type":"Person","@id":"https:\/\/arquitecturadegalicia.eu\/blog\/#\/schema\/person\/abcb74b3399abffb9dabced36488ac35","name":"Dario Vallina","image":{"@type":"ImageObject","inLanguage":"es","@id":"https:\/\/arquitecturadegalicia.eu\/blog\/#\/schema\/person\/image\/","url":"https:\/\/secure.gravatar.com\/avatar\/a79e713b96510b29d405cacc448bf2e0?s=96&d=mm&r=g","contentUrl":"https:\/\/secure.gravatar.com\/avatar\/a79e713b96510b29d405cacc448bf2e0?s=96&d=mm&r=g","caption":"Dario Vallina"},"description":"Xix\u00f3n | Coordinaci\u00f3n e edici\u00f3n de artigos | La simplicidad es la mayor sofisticaci\u00f3n. Un caballo pintado a rayas no es una cebra. La imaginaci\u00f3n es m\u00e1s importante que la sabidur\u00eda. Si no puedo dibujarlo, es que no lo entiendo.","url":"http:\/\/arquitecturadegalicia.eu\/blog\/author\/dariovallina\/"}]}},"jetpack_featured_media_url":"http:\/\/arquitecturadegalicia.eu\/blog\/wp-content\/uploads\/2013\/07\/Principal.jpg","jetpack_shortlink":"https:\/\/wp.me\/p2NHs2-1U6","jetpack_sharing_enabled":true,"_links":{"self":[{"href":"http:\/\/arquitecturadegalicia.eu\/blog\/wp-json\/wp\/v2\/posts\/7322","targetHints":{"allow":["GET"]}}],"collection":[{"href":"http:\/\/arquitecturadegalicia.eu\/blog\/wp-json\/wp\/v2\/posts"}],"about":[{"href":"http:\/\/arquitecturadegalicia.eu\/blog\/wp-json\/wp\/v2\/types\/post"}],"author":[{"embeddable":true,"href":"http:\/\/arquitecturadegalicia.eu\/blog\/wp-json\/wp\/v2\/users\/7"}],"replies":[{"embeddable":true,"href":"http:\/\/arquitecturadegalicia.eu\/blog\/wp-json\/wp\/v2\/comments?post=7322"}],"version-history":[{"count":17,"href":"http:\/\/arquitecturadegalicia.eu\/blog\/wp-json\/wp\/v2\/posts\/7322\/revisions"}],"predecessor-version":[{"id":14899,"href":"http:\/\/arquitecturadegalicia.eu\/blog\/wp-json\/wp\/v2\/posts\/7322\/revisions\/14899"}],"wp:featuredmedia":[{"embeddable":true,"href":"http:\/\/arquitecturadegalicia.eu\/blog\/wp-json\/wp\/v2\/media\/11154"}],"wp:attachment":[{"href":"http:\/\/arquitecturadegalicia.eu\/blog\/wp-json\/wp\/v2\/media?parent=7322"}],"wp:term":[{"taxonomy":"category","embeddable":true,"href":"http:\/\/arquitecturadegalicia.eu\/blog\/wp-json\/wp\/v2\/categories?post=7322"},{"taxonomy":"post_tag","embeddable":true,"href":"http:\/\/arquitecturadegalicia.eu\/blog\/wp-json\/wp\/v2\/tags?post=7322"},{"taxonomy":"ano","embeddable":true,"href":"http:\/\/arquitecturadegalicia.eu\/blog\/wp-json\/wp\/v2\/ano?post=7322"},{"taxonomy":"arquitectos","embeddable":true,"href":"http:\/\/arquitecturadegalicia.eu\/blog\/wp-json\/wp\/v2\/arquitectos?post=7322"},{"taxonomy":"tipoloxia","embeddable":true,"href":"http:\/\/arquitecturadegalicia.eu\/blog\/wp-json\/wp\/v2\/tipoloxia?post=7322"}],"curies":[{"name":"wp","href":"https:\/\/api.w.org\/{rel}","templated":true}]}}