{"id":7556,"date":"2013-07-15T12:00:19","date_gmt":"2013-07-15T10:00:19","guid":{"rendered":"http:\/\/arquitecturadegalicia.eu\/blog\/?p=7556"},"modified":"2013-07-25T14:22:46","modified_gmt":"2013-07-25T12:22:46","slug":"7556","status":"publish","type":"post","link":"http:\/\/arquitecturadegalicia.eu\/blog\/7556\/","title":{"rendered":"Edificio de viviendas calle Orz\u00e1n"},"content":{"rendered":"<p><img fetchpriority=\"high\" decoding=\"async\" class=\"aligncenter size-full wp-image-8062\" alt=\"AG | Edificio Orz\u00e1n\" src=\"http:\/\/arquitecturadegalicia.eu\/blog\/wp-content\/uploads\/2013\/07\/WP_001761.jpg\" width=\"620\" height=\"465\" srcset=\"http:\/\/arquitecturadegalicia.eu\/blog\/wp-content\/uploads\/2013\/07\/WP_001761.jpg 620w, http:\/\/arquitecturadegalicia.eu\/blog\/wp-content\/uploads\/2013\/07\/WP_001761-300x225.jpg 300w\" sizes=\"(max-width: 620px) 100vw, 620px\" \/><\/p>\n<table class=\"aligncenter\" width=\"620\" border=\"0\" cellspacing=\"0\" cellpadding=\"0\">\n<tbody>\n<tr>\n<td width=\"180\"><strong>Obra:<\/strong><\/td>\n<td>\u00a0Edificio de viviendas en la calle Orz\u00e1n.<\/td>\n<\/tr>\n<tr>\n<td><strong>Arquitecto:<\/strong><\/td>\n<td>\u00a0Arturo Franco Taboada.<\/td>\n<\/tr>\n<tr>\n<td><strong>Provincia:<\/strong><\/td>\n<td>\u00a0A Coru\u00f1a.<\/td>\n<\/tr>\n<tr>\n<td><strong>Localidade:<\/strong><\/td>\n<td>\u00a0A Coru\u00f1a.<\/td>\n<\/tr>\n<tr>\n<td><strong>Ano:<\/strong><\/td>\n<td>\u00a02000.<\/td>\n<\/tr>\n<tr>\n<td><strong>Xeolocalizaci\u00f3n:<\/strong><\/td>\n<td>\u00a0<strong><a href=\"https:\/\/maps.google.es\/maps?q=43.368863,-8.406434&amp;hl=gl&amp;num=1&amp;t=h&amp;z=20\" target=\"_blank\">42.368,-8.406<\/a><br \/>\n<\/strong><\/td>\n<\/tr>\n<\/tbody>\n<\/table>\n<table class=\" aligncenter\" width=\"620\" border=\"0\" cellspacing=\"0\" cellpadding=\"0\">\n<tbody>\n<tr>\n<td colspan=\"3\"><strong>Outros Datos:<\/strong><\/td>\n<\/tr>\n<tr>\n<td width=\"20\"><\/td>\n<td colspan=\"2\"><strong>Premios:<\/strong><\/td>\n<\/tr>\n<tr>\n<td width=\"20\"><\/td>\n<td width=\"20\"><\/td>\n<td width=\"580\">\u00a0<strong><a href=\"http:\/\/arquitecturadegalicia.eu\/blog\/?page_id=1933\" target=\"_blank\">IX Premio COAG<\/a><\/strong> |\u00a0<span style=\"line-height: 19px;\"><em>Menci\u00f3n Especial<\/em> | <em>Mejor edificio de vivienda colectiva 1998 &#8211; 2000<\/em><\/span><\/td>\n<\/tr>\n<tr>\n<td width=\"20\"><\/td>\n<td colspan=\"2\"><strong>Publicaci\u00f3ns:<\/strong><\/td>\n<\/tr>\n<tr>\n<td width=\"20\"><\/td>\n<td width=\"20\"><\/td>\n<td><\/td>\n<\/tr>\n<tr>\n<td width=\"20\"><\/td>\n<td colspan=\"2\"><strong>Informaci\u00f3n na rede:<\/strong><\/td>\n<\/tr>\n<tr>\n<td width=\"20\"><\/td>\n<td width=\"20\"><\/td>\n<td><a href=\"http:\/\/www.arturofranco.com\/index.html\" target=\"_blank\"><strong>Arturo Franco Taboada.<\/strong><\/a><\/td>\n<\/tr>\n<tr>\n<td width=\"20\"><\/td>\n<td colspan=\"2\"><strong>Descripci\u00f3n do proxecto:\u00a0<a href=\"http:\/\/www.arturofranco.com\/index.html\" target=\"_blank\"><strong><br \/>\n<\/strong><\/a><\/strong><\/td>\n<\/tr>\n<tr>\n<td width=\"20\"><\/td>\n<td width=\"20\"><\/td>\n<td>\n<p align=\"justify\">\u00ab<em>Hijo de la incertidumbre urban\u00edstica entre las dos fases de su construcci\u00f3n, fue planteado con una estructura de fachada que cerraba virtualmente su per\u00edmetro a la espera de ser completado y macizado tras la normativa urban\u00edstica definitiva. Cerrado en su compacidad neutra pretende\u00a0<a name=\"1\"><\/a>enfrentarse con dignidad a la importante volumetr\u00eda urbana colindante.<\/em><br \/>\n<em>El amplio espacio temporal entre las dos fases de construcci\u00f3n y la consiguiente evoluci\u00f3n del mercado inmobiliario, condicion\u00f3 sin duda la distribuci\u00f3pn y organizaci\u00f3n del n\u00famero de fincas, que son distintas en todas las plantas, y consecuencia directa de los sucesivos pasos del discurso urban\u00edstico.<\/em><br \/>\n<em>Partiendo de una trama modular muy ortogonalizado, el edificio fue concebido desde el principio sin concesiones ret\u00f3ricas y con un evidente racionalismo, que no renuncia a un punto idealista incluso l\u00edrico, que no tiene mucho que ver con la raz\u00f3n y se corona en una logia abierta en todo su per\u00edmetro que a la vez que arma el paralelep\u00edpedo en sus tres planos principales, circunvala y se ajusta al juego de planos retranqueados por la envolvente del bajocubierta.<\/em><br \/>\n<em id=\"__mceDel\" style=\"line-height: 19px;\"><em id=\"__mceDel\"><em id=\"__mceDel\"><em id=\"__mceDel\">El presente proyecto completa la edificabilidad que otorga el P.E.P.R.I. recientemente aprobado para esta zona de la Pescader\u00eda. El edificio construido inicialmente con cuatro plantas se proyecta ahora de seis plantas y bajocubierta\u00bb.\u00a0<\/em><\/em><\/em><\/em>Arturo Franco Taboada.<\/p>\n<\/td>\n<\/tr>\n<tr>\n<td width=\"20\"><\/td>\n<td colspan=\"2\"><b>Reportaxe fotogr\u00e1fica: <a href=\"http:\/\/arquitecturadegalicia.eu\/blog\/?author=10\" target=\"_blank\">Esteban Vigo<\/a><a href=\"http:\/\/www.arturofranco.com\/paginas\/obras\/orzan.html\" target=\"_blank\"><strong><br \/>\n<\/strong><\/a><\/b><\/td>\n<\/tr>\n<tr>\n<td width=\"20\"><\/td>\n<td colspan=\"2\">\u00a0<\/td>\n<\/tr>\n<tr>\n<td width=\"20\"><\/td>\n<td colspan=\"2\"><strong>Planos:\u00a0<b><a href=\"http:\/\/www.arturofranco.com\/paginas\/obras\/orzan.html\" target=\"_blank\"><strong>Arturo Franco Taboada<\/strong><\/a><\/b><\/strong><\/td>\n<\/tr>\n<tr>\n<td width=\"20\"><\/td>\n<td colspan=\"2\"><\/td>\n<\/tr>\n<\/tbody>\n<\/table>\n","protected":false},"excerpt":{"rendered":"<p>Hijo de la incertidumbre urban\u00edstica entre las dos fases de su construcci\u00f3n, fue planteado con una estructura de fachada que cerraba virtualmente su per\u00edmetro a la espera de ser completado y macizado tras la normativa urban\u00edstica definitiva. Cerrado en su compacidad neutra pretende enfrentarse con dignidad a la importante volumetr\u00eda urbana colindante<\/p>\n","protected":false},"author":10,"featured_media":8062,"comment_status":"open","ping_status":"open","sticky":false,"template":"","format":"standard","meta":{"jetpack_post_was_ever_published":false,"_jetpack_newsletter_access":"","_jetpack_dont_email_post_to_subs":false,"_jetpack_newsletter_tier_id":0,"_jetpack_memberships_contains_paywalled_content":false,"_jetpack_memberships_contains_paid_content":false,"footnotes":"","jetpack_publicize_message":"","jetpack_publicize_feature_enabled":true,"jetpack_social_post_already_shared":true,"jetpack_social_options":{"image_generator_settings":{"template":"highway","enabled":false},"version":2}},"categories":[3],"tags":[46,66,367,369],"ano":[],"arquitectos":[],"tipoloxia":[],"class_list":["post-7556","post","type-post","status-publish","format-standard","has-post-thumbnail","hentry","category-coruna","tag-46","tag-arturo-franco-taboada","tag-residencia","tag-vivenda-colectiva","content-print"],"jetpack_publicize_connections":[],"yoast_head":"<!-- This site is optimized with the Yoast SEO plugin v24.1 - https:\/\/yoast.com\/wordpress\/plugins\/seo\/ -->\n<title>Edificio de viviendas calle Orz\u00e1n | AG<\/title>\n<meta name=\"robots\" content=\"index, follow, max-snippet:-1, max-image-preview:large, max-video-preview:-1\" \/>\n<link rel=\"canonical\" href=\"http:\/\/arquitecturadegalicia.eu\/blog\/7556\/\" \/>\n<meta property=\"og:locale\" content=\"es_ES\" \/>\n<meta property=\"og:type\" content=\"article\" \/>\n<meta property=\"og:title\" content=\"Edificio de viviendas calle Orz\u00e1n | AG\" \/>\n<meta property=\"og:description\" content=\"Hijo de la incertidumbre urban\u00edstica entre las dos fases de su construcci\u00f3n, fue planteado con una estructura de fachada que cerraba virtualmente su per\u00edmetro a la espera de ser completado y macizado tras la normativa urban\u00edstica definitiva. Cerrado en su compacidad neutra pretende enfrentarse con dignidad a la importante volumetr\u00eda urbana colindante\" \/>\n<meta property=\"og:url\" content=\"http:\/\/arquitecturadegalicia.eu\/blog\/7556\/\" \/>\n<meta property=\"og:site_name\" content=\"AG\" \/>\n<meta property=\"article:publisher\" content=\"https:\/\/www.facebook.com\/ArquitecturadeGalicia\/\" \/>\n<meta property=\"article:published_time\" content=\"2013-07-15T10:00:19+00:00\" \/>\n<meta property=\"article:modified_time\" content=\"2013-07-25T12:22:46+00:00\" \/>\n<meta property=\"og:image\" content=\"http:\/\/arquitecturadegalicia.eu\/blog\/wp-content\/uploads\/2013\/07\/WP_001761.jpg\" \/>\n\t<meta property=\"og:image:width\" content=\"620\" \/>\n\t<meta property=\"og:image:height\" content=\"465\" \/>\n\t<meta property=\"og:image:type\" content=\"image\/jpeg\" \/>\n<meta name=\"author\" content=\"Esteban Vigo\" \/>\n<meta name=\"twitter:card\" content=\"summary_large_image\" \/>\n<meta name=\"twitter:creator\" content=\"@arquigaliciaeu\" \/>\n<meta name=\"twitter:site\" content=\"@arquigaliciaeu\" \/>\n<meta name=\"twitter:label1\" content=\"Escrito por\" \/>\n\t<meta name=\"twitter:data1\" content=\"Esteban Vigo\" \/>\n\t<meta name=\"twitter:label2\" content=\"Tiempo de lectura\" \/>\n\t<meta name=\"twitter:data2\" content=\"1 minuto\" \/>\n<script type=\"application\/ld+json\" class=\"yoast-schema-graph\">{\"@context\":\"https:\/\/schema.org\",\"@graph\":[{\"@type\":\"Article\",\"@id\":\"http:\/\/arquitecturadegalicia.eu\/blog\/7556\/#article\",\"isPartOf\":{\"@id\":\"http:\/\/arquitecturadegalicia.eu\/blog\/7556\/\"},\"author\":{\"name\":\"Esteban Vigo\",\"@id\":\"https:\/\/arquitecturadegalicia.eu\/blog\/#\/schema\/person\/e1402c805a08826192e3b9086c423f75\"},\"headline\":\"Edificio de viviendas calle Orz\u00e1n\",\"datePublished\":\"2013-07-15T10:00:19+00:00\",\"dateModified\":\"2013-07-25T12:22:46+00:00\",\"mainEntityOfPage\":{\"@id\":\"http:\/\/arquitecturadegalicia.eu\/blog\/7556\/\"},\"wordCount\":302,\"commentCount\":0,\"publisher\":{\"@id\":\"https:\/\/arquitecturadegalicia.eu\/blog\/#organization\"},\"image\":{\"@id\":\"http:\/\/arquitecturadegalicia.eu\/blog\/7556\/#primaryimage\"},\"thumbnailUrl\":\"http:\/\/arquitecturadegalicia.eu\/blog\/wp-content\/uploads\/2013\/07\/WP_001761.jpg\",\"keywords\":[\"2000\",\"Arturo Franco Taboada\",\"residencia\",\"vivenda colectiva\"],\"articleSection\":[\"A Coru\u00f1a\"],\"inLanguage\":\"es\",\"potentialAction\":[{\"@type\":\"CommentAction\",\"name\":\"Comment\",\"target\":[\"http:\/\/arquitecturadegalicia.eu\/blog\/7556\/#respond\"]}]},{\"@type\":\"WebPage\",\"@id\":\"http:\/\/arquitecturadegalicia.eu\/blog\/7556\/\",\"url\":\"http:\/\/arquitecturadegalicia.eu\/blog\/7556\/\",\"name\":\"Edificio de viviendas calle Orz\u00e1n | AG\",\"isPartOf\":{\"@id\":\"https:\/\/arquitecturadegalicia.eu\/blog\/#website\"},\"primaryImageOfPage\":{\"@id\":\"http:\/\/arquitecturadegalicia.eu\/blog\/7556\/#primaryimage\"},\"image\":{\"@id\":\"http:\/\/arquitecturadegalicia.eu\/blog\/7556\/#primaryimage\"},\"thumbnailUrl\":\"http:\/\/arquitecturadegalicia.eu\/blog\/wp-content\/uploads\/2013\/07\/WP_001761.jpg\",\"datePublished\":\"2013-07-15T10:00:19+00:00\",\"dateModified\":\"2013-07-25T12:22:46+00:00\",\"breadcrumb\":{\"@id\":\"http:\/\/arquitecturadegalicia.eu\/blog\/7556\/#breadcrumb\"},\"inLanguage\":\"es\",\"potentialAction\":[{\"@type\":\"ReadAction\",\"target\":[\"http:\/\/arquitecturadegalicia.eu\/blog\/7556\/\"]}]},{\"@type\":\"ImageObject\",\"inLanguage\":\"es\",\"@id\":\"http:\/\/arquitecturadegalicia.eu\/blog\/7556\/#primaryimage\",\"url\":\"http:\/\/arquitecturadegalicia.eu\/blog\/wp-content\/uploads\/2013\/07\/WP_001761.jpg\",\"contentUrl\":\"http:\/\/arquitecturadegalicia.eu\/blog\/wp-content\/uploads\/2013\/07\/WP_001761.jpg\",\"width\":620,\"height\":465,\"caption\":\"AG | Edificio Orz\u00e1n\"},{\"@type\":\"BreadcrumbList\",\"@id\":\"http:\/\/arquitecturadegalicia.eu\/blog\/7556\/#breadcrumb\",\"itemListElement\":[{\"@type\":\"ListItem\",\"position\":1,\"name\":\"Portada\",\"item\":\"https:\/\/arquitecturadegalicia.eu\/blog\/\"},{\"@type\":\"ListItem\",\"position\":2,\"name\":\"Edificio de viviendas calle Orz\u00e1n\"}]},{\"@type\":\"WebSite\",\"@id\":\"https:\/\/arquitecturadegalicia.eu\/blog\/#website\",\"url\":\"https:\/\/arquitecturadegalicia.eu\/blog\/\",\"name\":\"AG\",\"description\":\"Arquitectura de Galicia\",\"publisher\":{\"@id\":\"https:\/\/arquitecturadegalicia.eu\/blog\/#organization\"},\"potentialAction\":[{\"@type\":\"SearchAction\",\"target\":{\"@type\":\"EntryPoint\",\"urlTemplate\":\"https:\/\/arquitecturadegalicia.eu\/blog\/?s={search_term_string}\"},\"query-input\":{\"@type\":\"PropertyValueSpecification\",\"valueRequired\":true,\"valueName\":\"search_term_string\"}}],\"inLanguage\":\"es\"},{\"@type\":\"Organization\",\"@id\":\"https:\/\/arquitecturadegalicia.eu\/blog\/#organization\",\"name\":\"Arquitectura de Galicia\",\"url\":\"https:\/\/arquitecturadegalicia.eu\/blog\/\",\"logo\":{\"@type\":\"ImageObject\",\"inLanguage\":\"es\",\"@id\":\"https:\/\/arquitecturadegalicia.eu\/blog\/#\/schema\/logo\/image\/\",\"url\":\"https:\/\/arquitecturadegalicia.eu\/blog\/wp-content\/uploads\/2017\/01\/arquitecturacurrents2.png\",\"contentUrl\":\"https:\/\/arquitecturadegalicia.eu\/blog\/wp-content\/uploads\/2017\/01\/arquitecturacurrents2.png\",\"width\":840,\"height\":640,\"caption\":\"Arquitectura de Galicia\"},\"image\":{\"@id\":\"https:\/\/arquitecturadegalicia.eu\/blog\/#\/schema\/logo\/image\/\"},\"sameAs\":[\"https:\/\/www.facebook.com\/ArquitecturadeGalicia\/\",\"https:\/\/x.com\/arquigaliciaeu\",\"https:\/\/www.instagram.com\/arquigaliciaeu\/\"]},{\"@type\":\"Person\",\"@id\":\"https:\/\/arquitecturadegalicia.eu\/blog\/#\/schema\/person\/e1402c805a08826192e3b9086c423f75\",\"name\":\"Esteban Vigo\",\"image\":{\"@type\":\"ImageObject\",\"inLanguage\":\"es\",\"@id\":\"https:\/\/arquitecturadegalicia.eu\/blog\/#\/schema\/person\/image\/\",\"url\":\"https:\/\/secure.gravatar.com\/avatar\/5cee255b8510cde1f21ad6b1241b1680?s=96&d=mm&r=g\",\"contentUrl\":\"https:\/\/secure.gravatar.com\/avatar\/5cee255b8510cde1f21ad6b1241b1680?s=96&d=mm&r=g\",\"caption\":\"Esteban Vigo\"},\"description\":\"Pontevedra | Edici\u00f3n de artigos | Estudiante de Arquitectura na ETSA de A Coru\u00f1a e colaborador na revista Dot: Magazine (http:\/\/www.dotgalicia.com\/)\",\"url\":\"http:\/\/arquitecturadegalicia.eu\/blog\/author\/teblink\/\"}]}<\/script>\n<!-- \/ Yoast SEO plugin. -->","yoast_head_json":{"title":"Edificio de viviendas calle Orz\u00e1n | AG","robots":{"index":"index","follow":"follow","max-snippet":"max-snippet:-1","max-image-preview":"max-image-preview:large","max-video-preview":"max-video-preview:-1"},"canonical":"http:\/\/arquitecturadegalicia.eu\/blog\/7556\/","og_locale":"es_ES","og_type":"article","og_title":"Edificio de viviendas calle Orz\u00e1n | AG","og_description":"Hijo de la incertidumbre urban\u00edstica entre las dos fases de su construcci\u00f3n, fue planteado con una estructura de fachada que cerraba virtualmente su per\u00edmetro a la espera de ser completado y macizado tras la normativa urban\u00edstica definitiva. Cerrado en su compacidad neutra pretende enfrentarse con dignidad a la importante volumetr\u00eda urbana colindante","og_url":"http:\/\/arquitecturadegalicia.eu\/blog\/7556\/","og_site_name":"AG","article_publisher":"https:\/\/www.facebook.com\/ArquitecturadeGalicia\/","article_published_time":"2013-07-15T10:00:19+00:00","article_modified_time":"2013-07-25T12:22:46+00:00","og_image":[{"width":620,"height":465,"url":"http:\/\/arquitecturadegalicia.eu\/blog\/wp-content\/uploads\/2013\/07\/WP_001761.jpg","type":"image\/jpeg"}],"author":"Esteban Vigo","twitter_card":"summary_large_image","twitter_creator":"@arquigaliciaeu","twitter_site":"@arquigaliciaeu","twitter_misc":{"Escrito por":"Esteban Vigo","Tiempo de lectura":"1 minuto"},"schema":{"@context":"https:\/\/schema.org","@graph":[{"@type":"Article","@id":"http:\/\/arquitecturadegalicia.eu\/blog\/7556\/#article","isPartOf":{"@id":"http:\/\/arquitecturadegalicia.eu\/blog\/7556\/"},"author":{"name":"Esteban Vigo","@id":"https:\/\/arquitecturadegalicia.eu\/blog\/#\/schema\/person\/e1402c805a08826192e3b9086c423f75"},"headline":"Edificio de viviendas calle Orz\u00e1n","datePublished":"2013-07-15T10:00:19+00:00","dateModified":"2013-07-25T12:22:46+00:00","mainEntityOfPage":{"@id":"http:\/\/arquitecturadegalicia.eu\/blog\/7556\/"},"wordCount":302,"commentCount":0,"publisher":{"@id":"https:\/\/arquitecturadegalicia.eu\/blog\/#organization"},"image":{"@id":"http:\/\/arquitecturadegalicia.eu\/blog\/7556\/#primaryimage"},"thumbnailUrl":"http:\/\/arquitecturadegalicia.eu\/blog\/wp-content\/uploads\/2013\/07\/WP_001761.jpg","keywords":["2000","Arturo Franco Taboada","residencia","vivenda colectiva"],"articleSection":["A Coru\u00f1a"],"inLanguage":"es","potentialAction":[{"@type":"CommentAction","name":"Comment","target":["http:\/\/arquitecturadegalicia.eu\/blog\/7556\/#respond"]}]},{"@type":"WebPage","@id":"http:\/\/arquitecturadegalicia.eu\/blog\/7556\/","url":"http:\/\/arquitecturadegalicia.eu\/blog\/7556\/","name":"Edificio de viviendas calle Orz\u00e1n | AG","isPartOf":{"@id":"https:\/\/arquitecturadegalicia.eu\/blog\/#website"},"primaryImageOfPage":{"@id":"http:\/\/arquitecturadegalicia.eu\/blog\/7556\/#primaryimage"},"image":{"@id":"http:\/\/arquitecturadegalicia.eu\/blog\/7556\/#primaryimage"},"thumbnailUrl":"http:\/\/arquitecturadegalicia.eu\/blog\/wp-content\/uploads\/2013\/07\/WP_001761.jpg","datePublished":"2013-07-15T10:00:19+00:00","dateModified":"2013-07-25T12:22:46+00:00","breadcrumb":{"@id":"http:\/\/arquitecturadegalicia.eu\/blog\/7556\/#breadcrumb"},"inLanguage":"es","potentialAction":[{"@type":"ReadAction","target":["http:\/\/arquitecturadegalicia.eu\/blog\/7556\/"]}]},{"@type":"ImageObject","inLanguage":"es","@id":"http:\/\/arquitecturadegalicia.eu\/blog\/7556\/#primaryimage","url":"http:\/\/arquitecturadegalicia.eu\/blog\/wp-content\/uploads\/2013\/07\/WP_001761.jpg","contentUrl":"http:\/\/arquitecturadegalicia.eu\/blog\/wp-content\/uploads\/2013\/07\/WP_001761.jpg","width":620,"height":465,"caption":"AG | Edificio Orz\u00e1n"},{"@type":"BreadcrumbList","@id":"http:\/\/arquitecturadegalicia.eu\/blog\/7556\/#breadcrumb","itemListElement":[{"@type":"ListItem","position":1,"name":"Portada","item":"https:\/\/arquitecturadegalicia.eu\/blog\/"},{"@type":"ListItem","position":2,"name":"Edificio de viviendas calle Orz\u00e1n"}]},{"@type":"WebSite","@id":"https:\/\/arquitecturadegalicia.eu\/blog\/#website","url":"https:\/\/arquitecturadegalicia.eu\/blog\/","name":"AG","description":"Arquitectura de Galicia","publisher":{"@id":"https:\/\/arquitecturadegalicia.eu\/blog\/#organization"},"potentialAction":[{"@type":"SearchAction","target":{"@type":"EntryPoint","urlTemplate":"https:\/\/arquitecturadegalicia.eu\/blog\/?s={search_term_string}"},"query-input":{"@type":"PropertyValueSpecification","valueRequired":true,"valueName":"search_term_string"}}],"inLanguage":"es"},{"@type":"Organization","@id":"https:\/\/arquitecturadegalicia.eu\/blog\/#organization","name":"Arquitectura de Galicia","url":"https:\/\/arquitecturadegalicia.eu\/blog\/","logo":{"@type":"ImageObject","inLanguage":"es","@id":"https:\/\/arquitecturadegalicia.eu\/blog\/#\/schema\/logo\/image\/","url":"https:\/\/arquitecturadegalicia.eu\/blog\/wp-content\/uploads\/2017\/01\/arquitecturacurrents2.png","contentUrl":"https:\/\/arquitecturadegalicia.eu\/blog\/wp-content\/uploads\/2017\/01\/arquitecturacurrents2.png","width":840,"height":640,"caption":"Arquitectura de Galicia"},"image":{"@id":"https:\/\/arquitecturadegalicia.eu\/blog\/#\/schema\/logo\/image\/"},"sameAs":["https:\/\/www.facebook.com\/ArquitecturadeGalicia\/","https:\/\/x.com\/arquigaliciaeu","https:\/\/www.instagram.com\/arquigaliciaeu\/"]},{"@type":"Person","@id":"https:\/\/arquitecturadegalicia.eu\/blog\/#\/schema\/person\/e1402c805a08826192e3b9086c423f75","name":"Esteban Vigo","image":{"@type":"ImageObject","inLanguage":"es","@id":"https:\/\/arquitecturadegalicia.eu\/blog\/#\/schema\/person\/image\/","url":"https:\/\/secure.gravatar.com\/avatar\/5cee255b8510cde1f21ad6b1241b1680?s=96&d=mm&r=g","contentUrl":"https:\/\/secure.gravatar.com\/avatar\/5cee255b8510cde1f21ad6b1241b1680?s=96&d=mm&r=g","caption":"Esteban Vigo"},"description":"Pontevedra | Edici\u00f3n de artigos | Estudiante de Arquitectura na ETSA de A Coru\u00f1a e colaborador na revista Dot: Magazine (http:\/\/www.dotgalicia.com\/)","url":"http:\/\/arquitecturadegalicia.eu\/blog\/author\/teblink\/"}]}},"jetpack_featured_media_url":"http:\/\/arquitecturadegalicia.eu\/blog\/wp-content\/uploads\/2013\/07\/WP_001761.jpg","jetpack_shortlink":"https:\/\/wp.me\/s2NHs2-7556","jetpack_sharing_enabled":true,"_links":{"self":[{"href":"http:\/\/arquitecturadegalicia.eu\/blog\/wp-json\/wp\/v2\/posts\/7556","targetHints":{"allow":["GET"]}}],"collection":[{"href":"http:\/\/arquitecturadegalicia.eu\/blog\/wp-json\/wp\/v2\/posts"}],"about":[{"href":"http:\/\/arquitecturadegalicia.eu\/blog\/wp-json\/wp\/v2\/types\/post"}],"author":[{"embeddable":true,"href":"http:\/\/arquitecturadegalicia.eu\/blog\/wp-json\/wp\/v2\/users\/10"}],"replies":[{"embeddable":true,"href":"http:\/\/arquitecturadegalicia.eu\/blog\/wp-json\/wp\/v2\/comments?post=7556"}],"version-history":[{"count":15,"href":"http:\/\/arquitecturadegalicia.eu\/blog\/wp-json\/wp\/v2\/posts\/7556\/revisions"}],"predecessor-version":[{"id":7562,"href":"http:\/\/arquitecturadegalicia.eu\/blog\/wp-json\/wp\/v2\/posts\/7556\/revisions\/7562"}],"wp:featuredmedia":[{"embeddable":true,"href":"http:\/\/arquitecturadegalicia.eu\/blog\/wp-json\/wp\/v2\/media\/8062"}],"wp:attachment":[{"href":"http:\/\/arquitecturadegalicia.eu\/blog\/wp-json\/wp\/v2\/media?parent=7556"}],"wp:term":[{"taxonomy":"category","embeddable":true,"href":"http:\/\/arquitecturadegalicia.eu\/blog\/wp-json\/wp\/v2\/categories?post=7556"},{"taxonomy":"post_tag","embeddable":true,"href":"http:\/\/arquitecturadegalicia.eu\/blog\/wp-json\/wp\/v2\/tags?post=7556"},{"taxonomy":"ano","embeddable":true,"href":"http:\/\/arquitecturadegalicia.eu\/blog\/wp-json\/wp\/v2\/ano?post=7556"},{"taxonomy":"arquitectos","embeddable":true,"href":"http:\/\/arquitecturadegalicia.eu\/blog\/wp-json\/wp\/v2\/arquitectos?post=7556"},{"taxonomy":"tipoloxia","embeddable":true,"href":"http:\/\/arquitecturadegalicia.eu\/blog\/wp-json\/wp\/v2\/tipoloxia?post=7556"}],"curies":[{"name":"wp","href":"https:\/\/api.w.org\/{rel}","templated":true}]}}