{"id":8098,"date":"2013-08-05T12:00:40","date_gmt":"2013-08-05T10:00:40","guid":{"rendered":"http:\/\/arquitecturadegalicia.eu\/blog\/?p=8098"},"modified":"2013-07-25T22:28:52","modified_gmt":"2013-07-25T20:28:52","slug":"a-barberia-de-raul","status":"publish","type":"post","link":"http:\/\/arquitecturadegalicia.eu\/blog\/a-barberia-de-raul\/","title":{"rendered":"A barber\u00eda de Ra\u00fal"},"content":{"rendered":"<h6 style=\"text-align: right;\"><span style=\"color: #999999;\"><img fetchpriority=\"high\" decoding=\"async\" class=\"alignnone size-full wp-image-8099\" alt=\"barbera_raul_miguel camba constenla_ juan jos\u00e9 taboada castro_estrada\" src=\"http:\/\/arquitecturadegalicia.eu\/blog\/wp-content\/uploads\/2013\/07\/barberia3.jpg\" width=\"620\" height=\"532\" srcset=\"http:\/\/arquitecturadegalicia.eu\/blog\/wp-content\/uploads\/2013\/07\/barberia3.jpg 620w, http:\/\/arquitecturadegalicia.eu\/blog\/wp-content\/uploads\/2013\/07\/barberia3-300x257.jpg 300w\" sizes=\"(max-width: 620px) 100vw, 620px\" \/><br \/>\n<\/span><a href=\"http:\/\/www.as-built.es\/ademasfotobarberia4.html\" target=\"_blank\"> as-built.es<span style=\"font-family: 'arial';\"><br \/>\n<\/span><\/a><\/h6>\n<table class=\"aligncenter\" width=\"620\" border=\"0\" cellspacing=\"0\" cellpadding=\"0\">\n<tbody>\n<tr>\n<td width=\"180\"><strong>Obra:<\/strong><\/td>\n<td>A barber\u00eda de Ra\u00fal<\/td>\n<\/tr>\n<tr>\n<td><strong>Arquitecto:<\/strong><\/td>\n<td>Juan Taboada e Miguel Camba<\/td>\n<\/tr>\n<tr>\n<td><strong>Provincia:<\/strong><\/td>\n<td>Pontevedra<\/td>\n<\/tr>\n<tr>\n<td><strong>Localidade:<\/strong><\/td>\n<td>\n<p lang=\"es\">A Estrada<\/p>\n<\/td>\n<\/tr>\n<tr>\n<td><strong>Ano:<\/strong><\/td>\n<td>2011<\/td>\n<\/tr>\n<tr>\n<td><strong>Xeolocalizaci\u00f3n:<\/strong><\/td>\n<td><a href=\"https:\/\/maps.google.es\/maps\/ms?ie=UTF8&amp;t=h&amp;source=embed&amp;hl=es&amp;oe=UTF8&amp;msa=0&amp;msid=205584753861089304839.0004b3590a9baff01c53d&amp;start=400&amp;num=200&amp;ll=42.692506,-8.497678&amp;spn=0.00455,0.009645&amp;z=17&amp;vpsrc=6&amp;iwloc=0004e25ad0f837267f0e5\" target=\"_blank\"><strong>42.690,-8.498<\/strong><\/a><\/td>\n<\/tr>\n<\/tbody>\n<\/table>\n<table class=\" aligncenter\" width=\"620\" border=\"0\" cellspacing=\"0\" cellpadding=\"0\">\n<tbody>\n<tr>\n<td colspan=\"3\"><strong>Outros Datos:<\/strong><\/td>\n<\/tr>\n<tr>\n<td width=\"20\"><\/td>\n<td colspan=\"2\"><strong>Premios:<\/strong><\/td>\n<\/tr>\n<tr>\n<td width=\"20\"><\/td>\n<td width=\"20\"><\/td>\n<td width=\"580\">Finalista | Reforma interior | XV Premios COAG | 2012<br \/>\nPremios Gran de Area\u00a0 | 2012<\/td>\n<\/tr>\n<tr>\n<td width=\"20\"><\/td>\n<td colspan=\"2\"><strong>Publicaci\u00f3ns:<\/strong><\/td>\n<\/tr>\n<tr>\n<td width=\"20\"><\/td>\n<td width=\"20\"><\/td>\n<td><\/td>\n<\/tr>\n<tr>\n<td width=\"20\"><\/td>\n<td colspan=\"2\"><strong>Informaci\u00f3n na rede:<\/strong><\/td>\n<\/tr>\n<tr>\n<td width=\"20\"><\/td>\n<td width=\"20\"><\/td>\n<td><a href=\"http:\/\/fundacion.arquia.es\/proxima\/pub_realizacion_detalle.aspx?id=4452\" target=\"_blank\"><strong>fundacion.arquia.es<br \/>\n<\/strong><\/a><a href=\"http:\/\/www.cooperinthewindow.com\/#!__trabajos\/vstc58=barbe9\/vstc0=barberia-raul\" target=\"_blank\"><strong>cooperinthewindow.com<br \/>\n<\/strong><\/a><a href=\"http:\/\/www.farodevigo.es\/portada-deza-tabeiros-montes\/2012\/09\/20\/arquitectura-corte-pelo\/684725.html\" target=\"_blank\"><strong>farodevigo.es<\/strong><\/a> 2012|09|20<br \/>\n<a href=\"http:\/\/www.crtvg.es\/informativos\/a-barberia-de-raul-da-estrada-premio-de-arquitectura-430760\" target=\"_blank\"><strong>A Revista da tarde<\/strong><\/a> (Programa TVG) 2012|10|01<\/td>\n<\/tr>\n<tr>\n<td width=\"20\"><\/td>\n<td colspan=\"2\"><strong>Descripci\u00f3n do proxecto:<\/strong><\/td>\n<\/tr>\n<tr>\n<td width=\"20\"><\/td>\n<td width=\"20\"><\/td>\n<td style=\"text-align: justify;\">\n<div>\n<p>\u00abSe desarrolla el proyecto a partir de un local comercial en su d\u00eda destinado a ultramarinos familiar, ubicado en los bajos de un anodino edificio de viviendas, tanto o m\u00e1s que el entorno urbano en el que se inserta y cuya mayor bondad, estaba en el patio de parcela que el paso de los a\u00f1os y la \u00abpoli-actividad\u00bb de sus propietarios han ido caracterizando y definiendo.<\/p>\n<p>Aqu\u00ed, se nos encarga acondicionar el local como una peque\u00f1a barber\u00eda, por tanto de uso exclusivo para hombres, en la que \u00fanicamente trabajar\u00e1 su propietario, el cual pretend\u00eda de ella que fuese acogedora, \u00abmasculina (&#8230;.)\u00bb y donde a mayores de cortar el pelo se dar\u00eda la posibilidad de tomarse algo, conectarse a internet, leer el peri\u00f3dico&#8230; Todo en atenci\u00f3n al cliente pero tambi\u00e9n a uno mismo, el due\u00f1o y barbero, que entiende el lugar de trabajo casi como extensi\u00f3n de su propia casa&#8230; o tal vez la casa como extensi\u00f3n de su propio trabajo.<\/p>\n<p>Formalizamos estas \u00abideas\u00bb a partir de tres materiales: el ladrillo perforado pintado de blanco; la madera termotratada; y el vidrio. A mayores el terrazo existente en el suelo que pulimos y abrillantamos. Una materialidad de sobra reconocible, asumible, presente en el subconsciente.<\/p>\n<p>Conformamos con estos ingredientes un espacio, el principal, en el que se enfatiza la profundidad del local fijando la atenci\u00f3n en el acto de \u00abbarbear\u00bb y en un fragmento tomado del patio. Para ello trabajamos con la proporci\u00f3n del mismo y con la sucesi\u00f3n de unas \u00abcuadernas\u00bb de madera termotratada que en su \u00abir y venir\u00bb lo \u00abamueblan\u00bb todo, prolongan la barber\u00eda en el patio o el patio en la barber\u00eda y caracterizan sensorialemente el espacio. Su materialidad y su desarrollo hurgan en el imaginario colectivo&#8230;\u00bb<\/p>\n<p>Juan Taboada e Miguel Camba<\/p>\n<\/div>\n<\/td>\n<\/tr>\n<tr>\n<td width=\"20\"><\/td>\n<td colspan=\"2\"><b>Reportaxe fotogr\u00e1fica: <\/b><\/td>\n<\/tr>\n<tr>\n<td width=\"20\"><\/td>\n<td colspan=\"2\"><\/td>\n<\/tr>\n<tr>\n<td width=\"20\"><\/td>\n<td colspan=\"2\"><strong>Planos:<\/strong><\/td>\n<\/tr>\n<tr>\n<td width=\"20\"><\/td>\n<td colspan=\"2\">[nggallery id=264]<\/td>\n<\/tr>\n<\/tbody>\n<\/table>\n<p><!--[if gte mso 9]><xml>\n<w:WordDocument>\n<w:View>Normal<\/w:View>\n<w:Zoom>0<\/w:Zoom>\n<w:TrackMoves\/>\n<w:TrackFormatting\/>\n<w:HyphenationZone>21<\/w:HyphenationZone>\n<w:PunctuationKerning\/>\n<w:ValidateAgainstSchemas\/>\n<w:SaveIfXMLInvalid>false<\/w:SaveIfXMLInvalid>\n<w:IgnoreMixedContent>false<\/w:IgnoreMixedContent>\n<w:AlwaysShowPlaceholderText>false<\/w:AlwaysShowPlaceholderText>\n<w:DoNotPromoteQF\/>\n<w:LidThemeOther>ES<\/w:LidThemeOther>\n<w:LidThemeAsian>X-NONE<\/w:LidThemeAsian>\n<w:LidThemeComplexScript>X-NONE<\/w:LidThemeComplexScript>\n<w:Compatibility>\n<w:BreakWrappedTables\/>\n<w:SnapToGridInCell\/>\n<w:WrapTextWithPunct\/>\n<w:UseAsianBreakRules\/>\n<w:DontGrowAutofit\/>\n<w:SplitPgBreakAndParaMark\/>\n<w:DontVertAlignCellWithSp\/>\n<w:DontBreakConstrainedForcedTables\/>\n<w:DontVertAlignInTxbx\/>\n<w:Word11KerningPairs\/>\n<w:CachedColBalance\/>\n<\/w:Compatibility>\n<w:BrowserLevel>MicrosoftInternetExplorer4<\/w:BrowserLevel>\n<m:mathPr>\n<m:mathFont m:val=\"Cambria Math\"\/>\n<m:brkBin m:val=\"before\"\/>\n<m:brkBinSub m:val=\"&#45;-\"\/>\n<m:smallFrac m:val=\"off\"\/>\n<m:dispDef\/>\n<m:lMargin m:val=\"0\"\/>\n<m:rMargin m:val=\"0\"\/>\n<m:defJc m:val=\"centerGroup\"\/>\n<m:wrapIndent m:val=\"1440\"\/>\n<m:intLim m:val=\"subSup\"\/>\n<m:naryLim m:val=\"undOvr\"\/>\n<\/m:mathPr><\/w:WordDocument>\n<\/xml><![endif]--><\/p>\n<p><!--[if gte mso 9]><xml>\n<w:LatentStyles DefLockedState=\"false\" DefUnhideWhenUsed=\"true\" DefSemiHidden=\"true\" DefQFormat=\"false\" DefPriority=\"99\" LatentStyleCount=\"267\">\n<w:LsdException Locked=\"false\" Priority=\"0\" SemiHidden=\"false\" UnhideWhenUsed=\"false\" QFormat=\"true\" Name=\"Normal\"\/>\n<w:LsdException Locked=\"false\" Priority=\"9\" SemiHidden=\"false\" UnhideWhenUsed=\"false\" QFormat=\"true\" Name=\"heading 1\"\/>\n<w:LsdException Locked=\"false\" Priority=\"9\" QFormat=\"true\" Name=\"heading 2\"\/>\n<w:LsdException Locked=\"false\" Priority=\"9\" QFormat=\"true\" Name=\"heading 3\"\/>\n<w:LsdException Locked=\"false\" Priority=\"9\" QFormat=\"true\" Name=\"heading 4\"\/>\n<w:LsdException Locked=\"false\" Priority=\"9\" QFormat=\"true\" Name=\"heading 5\"\/>\n<w:LsdException Locked=\"false\" Priority=\"9\" QFormat=\"true\" Name=\"heading 6\"\/>\n<w:LsdException Locked=\"false\" Priority=\"9\" QFormat=\"true\" Name=\"heading 7\"\/>\n<w:LsdException Locked=\"false\" Priority=\"9\" QFormat=\"true\" Name=\"heading 8\"\/>\n<w:LsdException Locked=\"false\" Priority=\"9\" QFormat=\"true\" Name=\"heading 9\"\/>\n<w:LsdException Locked=\"false\" Priority=\"39\" Name=\"toc 1\"\/>\n<w:LsdException Locked=\"false\" Priority=\"39\" Name=\"toc 2\"\/>\n<w:LsdException Locked=\"false\" Priority=\"39\" Name=\"toc 3\"\/>\n<w:LsdException Locked=\"false\" Priority=\"39\" Name=\"toc 4\"\/>\n<w:LsdException Locked=\"false\" Priority=\"39\" Name=\"toc 5\"\/>\n<w:LsdException Locked=\"false\" Priority=\"39\" Name=\"toc 6\"\/>\n<w:LsdException Locked=\"false\" Priority=\"39\" Name=\"toc 7\"\/>\n<w:LsdException Locked=\"false\" Priority=\"39\" Name=\"toc 8\"\/>\n<w:LsdException Locked=\"false\" Priority=\"39\" Name=\"toc 9\"\/>\n<w:LsdException Locked=\"false\" Priority=\"35\" QFormat=\"true\" Name=\"caption\"\/>\n<w:LsdException Locked=\"false\" Priority=\"10\" SemiHidden=\"false\" UnhideWhenUsed=\"false\" QFormat=\"true\" Name=\"Title\"\/>\n<w:LsdException Locked=\"false\" Priority=\"1\" Name=\"Default Paragraph Font\"\/>\n<w:LsdException Locked=\"false\" Priority=\"11\" SemiHidden=\"false\" UnhideWhenUsed=\"false\" QFormat=\"true\" Name=\"Subtitle\"\/>\n<w:LsdException Locked=\"false\" Priority=\"22\" SemiHidden=\"false\" UnhideWhenUsed=\"false\" QFormat=\"true\" Name=\"Strong\"\/>\n<w:LsdException Locked=\"false\" Priority=\"20\" SemiHidden=\"false\" UnhideWhenUsed=\"false\" QFormat=\"true\" Name=\"Emphasis\"\/>\n<w:LsdException Locked=\"false\" Priority=\"59\" SemiHidden=\"false\" UnhideWhenUsed=\"false\" Name=\"Table Grid\"\/>\n<w:LsdException Locked=\"false\" UnhideWhenUsed=\"false\" Name=\"Placeholder Text\"\/>\n<w:LsdException Locked=\"false\" Priority=\"1\" SemiHidden=\"false\" UnhideWhenUsed=\"false\" QFormat=\"true\" Name=\"No Spacing\"\/>\n<w:LsdException Locked=\"false\" Priority=\"60\" SemiHidden=\"false\" UnhideWhenUsed=\"false\" Name=\"Light Shading\"\/>\n<w:LsdException Locked=\"false\" Priority=\"61\" SemiHidden=\"false\" UnhideWhenUsed=\"false\" Name=\"Light List\"\/>\n<w:LsdException Locked=\"false\" Priority=\"62\" SemiHidden=\"false\" UnhideWhenUsed=\"false\" Name=\"Light Grid\"\/>\n<w:LsdException Locked=\"false\" Priority=\"63\" SemiHidden=\"false\" UnhideWhenUsed=\"false\" Name=\"Medium Shading 1\"\/>\n<w:LsdException Locked=\"false\" Priority=\"64\" SemiHidden=\"false\" UnhideWhenUsed=\"false\" Name=\"Medium Shading 2\"\/>\n<w:LsdException Locked=\"false\" Priority=\"65\" SemiHidden=\"false\" UnhideWhenUsed=\"false\" Name=\"Medium List 1\"\/>\n<w:LsdException Locked=\"false\" Priority=\"66\" SemiHidden=\"false\" UnhideWhenUsed=\"false\" Name=\"Medium List 2\"\/>\n<w:LsdException Locked=\"false\" Priority=\"67\" SemiHidden=\"false\" UnhideWhenUsed=\"false\" Name=\"Medium Grid 1\"\/>\n<w:LsdException Locked=\"false\" Priority=\"68\" SemiHidden=\"false\" UnhideWhenUsed=\"false\" Name=\"Medium Grid 2\"\/>\n<w:LsdException Locked=\"false\" Priority=\"69\" SemiHidden=\"false\" UnhideWhenUsed=\"false\" Name=\"Medium Grid 3\"\/>\n<w:LsdException Locked=\"false\" Priority=\"70\" SemiHidden=\"false\" UnhideWhenUsed=\"false\" Name=\"Dark List\"\/>\n<w:LsdException Locked=\"false\" Priority=\"71\" SemiHidden=\"false\" UnhideWhenUsed=\"false\" Name=\"Colorful Shading\"\/>\n<w:LsdException Locked=\"false\" Priority=\"72\" SemiHidden=\"false\" UnhideWhenUsed=\"false\" Name=\"Colorful List\"\/>\n<w:LsdException Locked=\"false\" Priority=\"73\" SemiHidden=\"false\" UnhideWhenUsed=\"false\" Name=\"Colorful Grid\"\/>\n<w:LsdException Locked=\"false\" Priority=\"60\" SemiHidden=\"false\" UnhideWhenUsed=\"false\" Name=\"Light Shading Accent 1\"\/>\n<w:LsdException Locked=\"false\" Priority=\"61\" SemiHidden=\"false\" UnhideWhenUsed=\"false\" Name=\"Light List Accent 1\"\/>\n<w:LsdException Locked=\"false\" Priority=\"62\" SemiHidden=\"false\" UnhideWhenUsed=\"false\" Name=\"Light Grid Accent 1\"\/>\n<w:LsdException Locked=\"false\" Priority=\"63\" SemiHidden=\"false\" UnhideWhenUsed=\"false\" Name=\"Medium Shading 1 Accent 1\"\/>\n<w:LsdException Locked=\"false\" Priority=\"64\" SemiHidden=\"false\" UnhideWhenUsed=\"false\" Name=\"Medium Shading 2 Accent 1\"\/>\n<w:LsdException Locked=\"false\" Priority=\"65\" SemiHidden=\"false\" UnhideWhenUsed=\"false\" Name=\"Medium List 1 Accent 1\"\/>\n<w:LsdException Locked=\"false\" UnhideWhenUsed=\"false\" Name=\"Revision\"\/>\n<w:LsdException Locked=\"false\" Priority=\"34\" SemiHidden=\"false\" UnhideWhenUsed=\"false\" QFormat=\"true\" Name=\"List Paragraph\"\/>\n<w:LsdException Locked=\"false\" Priority=\"29\" SemiHidden=\"false\" UnhideWhenUsed=\"false\" QFormat=\"true\" Name=\"Quote\"\/>\n<w:LsdException Locked=\"false\" Priority=\"30\" SemiHidden=\"false\" UnhideWhenUsed=\"false\" QFormat=\"true\" Name=\"Intense Quote\"\/>\n<w:LsdException Locked=\"false\" Priority=\"66\" SemiHidden=\"false\" UnhideWhenUsed=\"false\" Name=\"Medium List 2 Accent 1\"\/>\n<w:LsdException Locked=\"false\" Priority=\"67\" SemiHidden=\"false\" UnhideWhenUsed=\"false\" Name=\"Medium Grid 1 Accent 1\"\/>\n<w:LsdException Locked=\"false\" Priority=\"68\" SemiHidden=\"false\" UnhideWhenUsed=\"false\" Name=\"Medium Grid 2 Accent 1\"\/>\n<w:LsdException Locked=\"false\" Priority=\"69\" SemiHidden=\"false\" UnhideWhenUsed=\"false\" Name=\"Medium Grid 3 Accent 1\"\/>\n<w:LsdException Locked=\"false\" Priority=\"70\" SemiHidden=\"false\" UnhideWhenUsed=\"false\" Name=\"Dark List Accent 1\"\/>\n<w:LsdException Locked=\"false\" Priority=\"71\" SemiHidden=\"false\" UnhideWhenUsed=\"false\" Name=\"Colorful Shading Accent 1\"\/>\n<w:LsdException Locked=\"false\" Priority=\"72\" SemiHidden=\"false\" UnhideWhenUsed=\"false\" Name=\"Colorful List Accent 1\"\/>\n<w:LsdException Locked=\"false\" Priority=\"73\" SemiHidden=\"false\" UnhideWhenUsed=\"false\" Name=\"Colorful Grid Accent 1\"\/>\n<w:LsdException Locked=\"false\" Priority=\"60\" SemiHidden=\"false\" UnhideWhenUsed=\"false\" Name=\"Light Shading Accent 2\"\/>\n<w:LsdException Locked=\"false\" Priority=\"61\" SemiHidden=\"false\" UnhideWhenUsed=\"false\" Name=\"Light List Accent 2\"\/>\n<w:LsdException Locked=\"false\" Priority=\"62\" SemiHidden=\"false\" UnhideWhenUsed=\"false\" Name=\"Light Grid Accent 2\"\/>\n<w:LsdException Locked=\"false\" Priority=\"63\" SemiHidden=\"false\" UnhideWhenUsed=\"false\" Name=\"Medium Shading 1 Accent 2\"\/>\n<w:LsdException Locked=\"false\" Priority=\"64\" SemiHidden=\"false\" UnhideWhenUsed=\"false\" Name=\"Medium Shading 2 Accent 2\"\/>\n<w:LsdException Locked=\"false\" Priority=\"65\" SemiHidden=\"false\" UnhideWhenUsed=\"false\" Name=\"Medium List 1 Accent 2\"\/>\n<w:LsdException Locked=\"false\" Priority=\"66\" SemiHidden=\"false\" UnhideWhenUsed=\"false\" Name=\"Medium List 2 Accent 2\"\/>\n<w:LsdException Locked=\"false\" Priority=\"67\" SemiHidden=\"false\" UnhideWhenUsed=\"false\" Name=\"Medium Grid 1 Accent 2\"\/>\n<w:LsdException Locked=\"false\" Priority=\"68\" SemiHidden=\"false\" UnhideWhenUsed=\"false\" Name=\"Medium Grid 2 Accent 2\"\/>\n<w:LsdException Locked=\"false\" Priority=\"69\" SemiHidden=\"false\" UnhideWhenUsed=\"false\" Name=\"Medium Grid 3 Accent 2\"\/>\n<w:LsdException Locked=\"false\" Priority=\"70\" SemiHidden=\"false\" UnhideWhenUsed=\"false\" Name=\"Dark List Accent 2\"\/>\n<w:LsdException Locked=\"false\" Priority=\"71\" SemiHidden=\"false\" UnhideWhenUsed=\"false\" Name=\"Colorful Shading Accent 2\"\/>\n<w:LsdException Locked=\"false\" Priority=\"72\" SemiHidden=\"false\" UnhideWhenUsed=\"false\" Name=\"Colorful List Accent 2\"\/>\n<w:LsdException Locked=\"false\" Priority=\"73\" SemiHidden=\"false\" UnhideWhenUsed=\"false\" Name=\"Colorful Grid Accent 2\"\/>\n<w:LsdException Locked=\"false\" Priority=\"60\" SemiHidden=\"false\" UnhideWhenUsed=\"false\" Name=\"Light Shading Accent 3\"\/>\n<w:LsdException Locked=\"false\" Priority=\"61\" SemiHidden=\"false\" UnhideWhenUsed=\"false\" Name=\"Light List Accent 3\"\/>\n<w:LsdException Locked=\"false\" Priority=\"62\" SemiHidden=\"false\" UnhideWhenUsed=\"false\" Name=\"Light Grid Accent 3\"\/>\n<w:LsdException Locked=\"false\" Priority=\"63\" SemiHidden=\"false\" UnhideWhenUsed=\"false\" Name=\"Medium Shading 1 Accent 3\"\/>\n<w:LsdException Locked=\"false\" Priority=\"64\" SemiHidden=\"false\" UnhideWhenUsed=\"false\" Name=\"Medium Shading 2 Accent 3\"\/>\n<w:LsdException Locked=\"false\" Priority=\"65\" SemiHidden=\"false\" UnhideWhenUsed=\"false\" Name=\"Medium List 1 Accent 3\"\/>\n<w:LsdException Locked=\"false\" Priority=\"66\" SemiHidden=\"false\" UnhideWhenUsed=\"false\" Name=\"Medium List 2 Accent 3\"\/>\n<w:LsdException Locked=\"false\" Priority=\"67\" SemiHidden=\"false\" UnhideWhenUsed=\"false\" Name=\"Medium Grid 1 Accent 3\"\/>\n<w:LsdException Locked=\"false\" Priority=\"68\" SemiHidden=\"false\" UnhideWhenUsed=\"false\" Name=\"Medium Grid 2 Accent 3\"\/>\n<w:LsdException Locked=\"false\" Priority=\"69\" SemiHidden=\"false\" UnhideWhenUsed=\"false\" Name=\"Medium Grid 3 Accent 3\"\/>\n<w:LsdException Locked=\"false\" Priority=\"70\" SemiHidden=\"false\" UnhideWhenUsed=\"false\" Name=\"Dark List Accent 3\"\/>\n<w:LsdException Locked=\"false\" Priority=\"71\" SemiHidden=\"false\" UnhideWhenUsed=\"false\" Name=\"Colorful Shading Accent 3\"\/>\n<w:LsdException Locked=\"false\" Priority=\"72\" SemiHidden=\"false\" UnhideWhenUsed=\"false\" Name=\"Colorful List Accent 3\"\/>\n<w:LsdException Locked=\"false\" Priority=\"73\" SemiHidden=\"false\" UnhideWhenUsed=\"false\" Name=\"Colorful Grid Accent 3\"\/>\n<w:LsdException Locked=\"false\" Priority=\"60\" SemiHidden=\"false\" UnhideWhenUsed=\"false\" Name=\"Light Shading Accent 4\"\/>\n<w:LsdException Locked=\"false\" Priority=\"61\" SemiHidden=\"false\" UnhideWhenUsed=\"false\" Name=\"Light List Accent 4\"\/>\n<w:LsdException Locked=\"false\" Priority=\"62\" SemiHidden=\"false\" UnhideWhenUsed=\"false\" Name=\"Light Grid Accent 4\"\/>\n<w:LsdException Locked=\"false\" Priority=\"63\" SemiHidden=\"false\" UnhideWhenUsed=\"false\" Name=\"Medium Shading 1 Accent 4\"\/>\n<w:LsdException Locked=\"false\" Priority=\"64\" SemiHidden=\"false\" UnhideWhenUsed=\"false\" Name=\"Medium Shading 2 Accent 4\"\/>\n<w:LsdException Locked=\"false\" Priority=\"65\" SemiHidden=\"false\" UnhideWhenUsed=\"false\" Name=\"Medium List 1 Accent 4\"\/>\n<w:LsdException Locked=\"false\" Priority=\"66\" SemiHidden=\"false\" UnhideWhenUsed=\"false\" Name=\"Medium List 2 Accent 4\"\/>\n<w:LsdException Locked=\"false\" Priority=\"67\" SemiHidden=\"false\" UnhideWhenUsed=\"false\" Name=\"Medium Grid 1 Accent 4\"\/>\n<w:LsdException Locked=\"false\" Priority=\"68\" SemiHidden=\"false\" UnhideWhenUsed=\"false\" Name=\"Medium Grid 2 Accent 4\"\/>\n<w:LsdException Locked=\"false\" Priority=\"69\" SemiHidden=\"false\" UnhideWhenUsed=\"false\" Name=\"Medium Grid 3 Accent 4\"\/>\n<w:LsdException Locked=\"false\" Priority=\"70\" SemiHidden=\"false\" UnhideWhenUsed=\"false\" Name=\"Dark List Accent 4\"\/>\n<w:LsdException Locked=\"false\" Priority=\"71\" SemiHidden=\"false\" UnhideWhenUsed=\"false\" Name=\"Colorful Shading Accent 4\"\/>\n<w:LsdException Locked=\"false\" Priority=\"72\" SemiHidden=\"false\" UnhideWhenUsed=\"false\" Name=\"Colorful List Accent 4\"\/>\n<w:LsdException Locked=\"false\" Priority=\"73\" SemiHidden=\"false\" UnhideWhenUsed=\"false\" Name=\"Colorful Grid Accent 4\"\/>\n<w:LsdException Locked=\"false\" Priority=\"60\" SemiHidden=\"false\" UnhideWhenUsed=\"false\" Name=\"Light Shading Accent 5\"\/>\n<w:LsdException Locked=\"false\" Priority=\"61\" SemiHidden=\"false\" UnhideWhenUsed=\"false\" Name=\"Light List Accent 5\"\/>\n<w:LsdException Locked=\"false\" Priority=\"62\" SemiHidden=\"false\" UnhideWhenUsed=\"false\" Name=\"Light Grid Accent 5\"\/>\n<w:LsdException Locked=\"false\" Priority=\"63\" SemiHidden=\"false\" UnhideWhenUsed=\"false\" Name=\"Medium Shading 1 Accent 5\"\/>\n<w:LsdException Locked=\"false\" Priority=\"64\" SemiHidden=\"false\" UnhideWhenUsed=\"false\" Name=\"Medium Shading 2 Accent 5\"\/>\n<w:LsdException Locked=\"false\" Priority=\"65\" SemiHidden=\"false\" UnhideWhenUsed=\"false\" Name=\"Medium List 1 Accent 5\"\/>\n<w:LsdException Locked=\"false\" Priority=\"66\" SemiHidden=\"false\" UnhideWhenUsed=\"false\" Name=\"Medium List 2 Accent 5\"\/>\n<w:LsdException Locked=\"false\" Priority=\"67\" SemiHidden=\"false\" UnhideWhenUsed=\"false\" Name=\"Medium Grid 1 Accent 5\"\/>\n<w:LsdException Locked=\"false\" Priority=\"68\" SemiHidden=\"false\" UnhideWhenUsed=\"false\" Name=\"Medium Grid 2 Accent 5\"\/>\n<w:LsdException Locked=\"false\" Priority=\"69\" SemiHidden=\"false\" UnhideWhenUsed=\"false\" Name=\"Medium Grid 3 Accent 5\"\/>\n<w:LsdException Locked=\"false\" Priority=\"70\" SemiHidden=\"false\" UnhideWhenUsed=\"false\" Name=\"Dark List Accent 5\"\/>\n<w:LsdException Locked=\"false\" Priority=\"71\" SemiHidden=\"false\" UnhideWhenUsed=\"false\" Name=\"Colorful Shading Accent 5\"\/>\n<w:LsdException Locked=\"false\" Priority=\"72\" SemiHidden=\"false\" UnhideWhenUsed=\"false\" Name=\"Colorful List Accent 5\"\/>\n<w:LsdException Locked=\"false\" Priority=\"73\" SemiHidden=\"false\" UnhideWhenUsed=\"false\" Name=\"Colorful Grid Accent 5\"\/>\n<w:LsdException Locked=\"false\" Priority=\"60\" SemiHidden=\"false\" UnhideWhenUsed=\"false\" Name=\"Light Shading Accent 6\"\/>\n<w:LsdException Locked=\"false\" Priority=\"61\" SemiHidden=\"false\" UnhideWhenUsed=\"false\" Name=\"Light List Accent 6\"\/>\n<w:LsdException Locked=\"false\" Priority=\"62\" SemiHidden=\"false\" UnhideWhenUsed=\"false\" Name=\"Light Grid Accent 6\"\/>\n<w:LsdException Locked=\"false\" Priority=\"63\" SemiHidden=\"false\" UnhideWhenUsed=\"false\" Name=\"Medium Shading 1 Accent 6\"\/>\n<w:LsdException Locked=\"false\" Priority=\"64\" SemiHidden=\"false\" UnhideWhenUsed=\"false\" Name=\"Medium Shading 2 Accent 6\"\/>\n<w:LsdException Locked=\"false\" Priority=\"65\" SemiHidden=\"false\" UnhideWhenUsed=\"false\" Name=\"Medium List 1 Accent 6\"\/>\n<w:LsdException Locked=\"false\" Priority=\"66\" SemiHidden=\"false\" UnhideWhenUsed=\"false\" Name=\"Medium List 2 Accent 6\"\/>\n<w:LsdException Locked=\"false\" Priority=\"67\" SemiHidden=\"false\" UnhideWhenUsed=\"false\" Name=\"Medium Grid 1 Accent 6\"\/>\n<w:LsdException Locked=\"false\" Priority=\"68\" SemiHidden=\"false\" UnhideWhenUsed=\"false\" Name=\"Medium Grid 2 Accent 6\"\/>\n<w:LsdException Locked=\"false\" Priority=\"69\" SemiHidden=\"false\" UnhideWhenUsed=\"false\" Name=\"Medium Grid 3 Accent 6\"\/>\n<w:LsdException Locked=\"false\" Priority=\"70\" SemiHidden=\"false\" UnhideWhenUsed=\"false\" Name=\"Dark List Accent 6\"\/>\n<w:LsdException Locked=\"false\" Priority=\"71\" SemiHidden=\"false\" UnhideWhenUsed=\"false\" Name=\"Colorful Shading Accent 6\"\/>\n<w:LsdException Locked=\"false\" Priority=\"72\" SemiHidden=\"false\" UnhideWhenUsed=\"false\" Name=\"Colorful List Accent 6\"\/>\n<w:LsdException Locked=\"false\" Priority=\"73\" SemiHidden=\"false\" UnhideWhenUsed=\"false\" Name=\"Colorful Grid Accent 6\"\/>\n<w:LsdException Locked=\"false\" Priority=\"19\" SemiHidden=\"false\" UnhideWhenUsed=\"false\" QFormat=\"true\" Name=\"Subtle Emphasis\"\/>\n<w:LsdException Locked=\"false\" Priority=\"21\" SemiHidden=\"false\" UnhideWhenUsed=\"false\" QFormat=\"true\" Name=\"Intense Emphasis\"\/>\n<w:LsdException Locked=\"false\" Priority=\"31\" SemiHidden=\"false\" UnhideWhenUsed=\"false\" QFormat=\"true\" Name=\"Subtle Reference\"\/>\n<w:LsdException Locked=\"false\" Priority=\"32\" SemiHidden=\"false\" UnhideWhenUsed=\"false\" QFormat=\"true\" Name=\"Intense Reference\"\/>\n<w:LsdException Locked=\"false\" Priority=\"33\" SemiHidden=\"false\" UnhideWhenUsed=\"false\" QFormat=\"true\" Name=\"Book Title\"\/>\n<w:LsdException Locked=\"false\" Priority=\"37\" Name=\"Bibliography\"\/>\n<w:LsdException Locked=\"false\" Priority=\"39\" QFormat=\"true\" Name=\"TOC Heading\"\/>\n<\/w:LatentStyles>\n<\/xml><![endif]--><!--[if gte mso 10]>\n\n\n\n<style>\n \/* Style Definitions *\/\ntable.MsoNormalTable\n{mso-style-name:\"Tabla normal\";\nmso-tstyle-rowband-size:0;\nmso-tstyle-colband-size:0;\nmso-style-noshow:yes;\nmso-style-priority:99;\nmso-style-qformat:yes;\nmso-style-parent:\"\";\nmso-padding-alt:0cm 5.4pt 0cm 5.4pt;\nmso-para-margin-top:0cm;\nmso-para-margin-right:0cm;\nmso-para-margin-bottom:10.0pt;\nmso-para-margin-left:0cm;\nline-height:115%;\nmso-pagination:widow-orphan;\nfont-size:11.0pt;\nfont-family:\"Calibri\",\"sans-serif\";\nmso-ascii-font-family:Calibri;\nmso-ascii-theme-font:minor-latin;\nmso-fareast-font-family:\"Times New Roman\";\nmso-fareast-theme-font:minor-fareast;\nmso-hansi-font-family:Calibri;\nmso-hansi-theme-font:minor-latin;}\n<\/style>\n\n<![endif]--><\/p>\n","protected":false},"excerpt":{"rendered":"<p>&#8216;Conformamos con estos ingredientes un espacio en el que se enfatiza la profundidad del local fijando la atenci\u00f3n en el acto de \u00abbarbear\u00bb y en un fragmento tomado del patio. Para ello trabajamos con la proporci\u00f3n del mismo y con la sucesi\u00f3n de unas \u00abcuadernas\u00bb de madera termotratada que en su \u00abir y venir\u00bb lo \u00abamueblan\u00bb todo, prolongan la barber\u00eda en el patio o el patio en la barber\u00eda y caracterizan sensorialemente el espacio&#8217; Juan Taboada e Miguel Camba<\/p>\n","protected":false},"author":8,"featured_media":8099,"comment_status":"open","ping_status":"open","sticky":false,"template":"","format":"standard","meta":{"jetpack_post_was_ever_published":false,"_jetpack_newsletter_access":"","_jetpack_dont_email_post_to_subs":false,"_jetpack_newsletter_tier_id":0,"_jetpack_memberships_contains_paywalled_content":false,"_jetpack_memberships_contains_paid_content":false,"footnotes":"","jetpack_publicize_message":"","jetpack_publicize_feature_enabled":true,"jetpack_social_post_already_shared":true,"jetpack_social_options":{"image_generator_settings":{"template":"highway","enabled":false},"version":2}},"categories":[400],"tags":[56,801,603,604],"ano":[],"arquitectos":[],"tipoloxia":[],"class_list":["post-8098","post","type-post","status-publish","format-standard","has-post-thumbnail","hentry","category-a-estrada","tag-56","tag-interiorismo","tag-juan-taboada","tag-miguel-camba","content-print"],"jetpack_publicize_connections":[],"yoast_head":"<!-- This site is optimized with the Yoast SEO plugin v24.1 - https:\/\/yoast.com\/wordpress\/plugins\/seo\/ -->\n<title>A barber\u00eda de Ra\u00fal | AG<\/title>\n<meta name=\"robots\" content=\"index, follow, max-snippet:-1, max-image-preview:large, max-video-preview:-1\" \/>\n<link rel=\"canonical\" href=\"http:\/\/arquitecturadegalicia.eu\/blog\/a-barberia-de-raul\/\" \/>\n<meta property=\"og:locale\" content=\"es_ES\" \/>\n<meta property=\"og:type\" content=\"article\" \/>\n<meta property=\"og:title\" content=\"A barber\u00eda de Ra\u00fal | AG\" \/>\n<meta property=\"og:description\" content=\"&#039;Conformamos con estos ingredientes un espacio en el que se enfatiza la profundidad del local fijando la atenci\u00f3n en el acto de &quot;barbear&quot; y en un fragmento tomado del patio. Para ello trabajamos con la proporci\u00f3n del mismo y con la sucesi\u00f3n de unas &quot;cuadernas&quot; de madera termotratada que en su &quot;ir y venir&quot; lo &quot;amueblan&quot; todo, prolongan la barber\u00eda en el patio o el patio en la barber\u00eda y caracterizan sensorialemente el espacio&#039; Juan Taboada e Miguel Camba\" \/>\n<meta property=\"og:url\" content=\"http:\/\/arquitecturadegalicia.eu\/blog\/a-barberia-de-raul\/\" \/>\n<meta property=\"og:site_name\" content=\"AG\" \/>\n<meta property=\"article:publisher\" content=\"https:\/\/www.facebook.com\/ArquitecturadeGalicia\/\" \/>\n<meta property=\"article:published_time\" content=\"2013-08-05T10:00:40+00:00\" \/>\n<meta property=\"article:modified_time\" content=\"2013-07-25T20:28:52+00:00\" \/>\n<meta property=\"og:image\" content=\"http:\/\/arquitecturadegalicia.eu\/blog\/wp-content\/uploads\/2013\/07\/barberia3.jpg\" \/>\n\t<meta property=\"og:image:width\" content=\"620\" \/>\n\t<meta property=\"og:image:height\" content=\"532\" \/>\n\t<meta property=\"og:image:type\" content=\"image\/jpeg\" \/>\n<meta name=\"author\" content=\"Iago Valverde\" \/>\n<meta name=\"twitter:card\" content=\"summary_large_image\" \/>\n<meta name=\"twitter:creator\" content=\"@arquigaliciaeu\" \/>\n<meta name=\"twitter:site\" content=\"@arquigaliciaeu\" \/>\n<meta name=\"twitter:label1\" content=\"Escrito por\" \/>\n\t<meta name=\"twitter:data1\" content=\"Iago Valverde\" \/>\n\t<meta name=\"twitter:label2\" content=\"Tiempo de lectura\" \/>\n\t<meta name=\"twitter:data2\" content=\"2 minutos\" \/>\n<script type=\"application\/ld+json\" class=\"yoast-schema-graph\">{\"@context\":\"https:\/\/schema.org\",\"@graph\":[{\"@type\":\"Article\",\"@id\":\"http:\/\/arquitecturadegalicia.eu\/blog\/a-barberia-de-raul\/#article\",\"isPartOf\":{\"@id\":\"http:\/\/arquitecturadegalicia.eu\/blog\/a-barberia-de-raul\/\"},\"author\":{\"name\":\"Iago Valverde\",\"@id\":\"https:\/\/arquitecturadegalicia.eu\/blog\/#\/schema\/person\/a51297ea3eeddd32ccbd89a218e148f1\"},\"headline\":\"A barber\u00eda de Ra\u00fal\",\"datePublished\":\"2013-08-05T10:00:40+00:00\",\"dateModified\":\"2013-07-25T20:28:52+00:00\",\"mainEntityOfPage\":{\"@id\":\"http:\/\/arquitecturadegalicia.eu\/blog\/a-barberia-de-raul\/\"},\"wordCount\":382,\"commentCount\":0,\"publisher\":{\"@id\":\"https:\/\/arquitecturadegalicia.eu\/blog\/#organization\"},\"image\":{\"@id\":\"http:\/\/arquitecturadegalicia.eu\/blog\/a-barberia-de-raul\/#primaryimage\"},\"thumbnailUrl\":\"http:\/\/arquitecturadegalicia.eu\/blog\/wp-content\/uploads\/2013\/07\/barberia3.jpg\",\"keywords\":[\"2011\",\"interiorismo\",\"Juan Taboada\",\"Miguel Camba\"],\"articleSection\":[\"A Estrada\"],\"inLanguage\":\"es\",\"potentialAction\":[{\"@type\":\"CommentAction\",\"name\":\"Comment\",\"target\":[\"http:\/\/arquitecturadegalicia.eu\/blog\/a-barberia-de-raul\/#respond\"]}]},{\"@type\":\"WebPage\",\"@id\":\"http:\/\/arquitecturadegalicia.eu\/blog\/a-barberia-de-raul\/\",\"url\":\"http:\/\/arquitecturadegalicia.eu\/blog\/a-barberia-de-raul\/\",\"name\":\"A barber\u00eda de Ra\u00fal | AG\",\"isPartOf\":{\"@id\":\"https:\/\/arquitecturadegalicia.eu\/blog\/#website\"},\"primaryImageOfPage\":{\"@id\":\"http:\/\/arquitecturadegalicia.eu\/blog\/a-barberia-de-raul\/#primaryimage\"},\"image\":{\"@id\":\"http:\/\/arquitecturadegalicia.eu\/blog\/a-barberia-de-raul\/#primaryimage\"},\"thumbnailUrl\":\"http:\/\/arquitecturadegalicia.eu\/blog\/wp-content\/uploads\/2013\/07\/barberia3.jpg\",\"datePublished\":\"2013-08-05T10:00:40+00:00\",\"dateModified\":\"2013-07-25T20:28:52+00:00\",\"breadcrumb\":{\"@id\":\"http:\/\/arquitecturadegalicia.eu\/blog\/a-barberia-de-raul\/#breadcrumb\"},\"inLanguage\":\"es\",\"potentialAction\":[{\"@type\":\"ReadAction\",\"target\":[\"http:\/\/arquitecturadegalicia.eu\/blog\/a-barberia-de-raul\/\"]}]},{\"@type\":\"ImageObject\",\"inLanguage\":\"es\",\"@id\":\"http:\/\/arquitecturadegalicia.eu\/blog\/a-barberia-de-raul\/#primaryimage\",\"url\":\"http:\/\/arquitecturadegalicia.eu\/blog\/wp-content\/uploads\/2013\/07\/barberia3.jpg\",\"contentUrl\":\"http:\/\/arquitecturadegalicia.eu\/blog\/wp-content\/uploads\/2013\/07\/barberia3.jpg\",\"width\":620,\"height\":532},{\"@type\":\"BreadcrumbList\",\"@id\":\"http:\/\/arquitecturadegalicia.eu\/blog\/a-barberia-de-raul\/#breadcrumb\",\"itemListElement\":[{\"@type\":\"ListItem\",\"position\":1,\"name\":\"Portada\",\"item\":\"https:\/\/arquitecturadegalicia.eu\/blog\/\"},{\"@type\":\"ListItem\",\"position\":2,\"name\":\"A barber\u00eda de Ra\u00fal\"}]},{\"@type\":\"WebSite\",\"@id\":\"https:\/\/arquitecturadegalicia.eu\/blog\/#website\",\"url\":\"https:\/\/arquitecturadegalicia.eu\/blog\/\",\"name\":\"AG\",\"description\":\"Arquitectura de Galicia\",\"publisher\":{\"@id\":\"https:\/\/arquitecturadegalicia.eu\/blog\/#organization\"},\"potentialAction\":[{\"@type\":\"SearchAction\",\"target\":{\"@type\":\"EntryPoint\",\"urlTemplate\":\"https:\/\/arquitecturadegalicia.eu\/blog\/?s={search_term_string}\"},\"query-input\":{\"@type\":\"PropertyValueSpecification\",\"valueRequired\":true,\"valueName\":\"search_term_string\"}}],\"inLanguage\":\"es\"},{\"@type\":\"Organization\",\"@id\":\"https:\/\/arquitecturadegalicia.eu\/blog\/#organization\",\"name\":\"Arquitectura de Galicia\",\"url\":\"https:\/\/arquitecturadegalicia.eu\/blog\/\",\"logo\":{\"@type\":\"ImageObject\",\"inLanguage\":\"es\",\"@id\":\"https:\/\/arquitecturadegalicia.eu\/blog\/#\/schema\/logo\/image\/\",\"url\":\"https:\/\/arquitecturadegalicia.eu\/blog\/wp-content\/uploads\/2017\/01\/arquitecturacurrents2.png\",\"contentUrl\":\"https:\/\/arquitecturadegalicia.eu\/blog\/wp-content\/uploads\/2017\/01\/arquitecturacurrents2.png\",\"width\":840,\"height\":640,\"caption\":\"Arquitectura de Galicia\"},\"image\":{\"@id\":\"https:\/\/arquitecturadegalicia.eu\/blog\/#\/schema\/logo\/image\/\"},\"sameAs\":[\"https:\/\/www.facebook.com\/ArquitecturadeGalicia\/\",\"https:\/\/x.com\/arquigaliciaeu\",\"https:\/\/www.instagram.com\/arquigaliciaeu\/\"]},{\"@type\":\"Person\",\"@id\":\"https:\/\/arquitecturadegalicia.eu\/blog\/#\/schema\/person\/a51297ea3eeddd32ccbd89a218e148f1\",\"name\":\"Iago Valverde\",\"image\":{\"@type\":\"ImageObject\",\"inLanguage\":\"es\",\"@id\":\"https:\/\/arquitecturadegalicia.eu\/blog\/#\/schema\/person\/image\/\",\"url\":\"https:\/\/secure.gravatar.com\/avatar\/eb8a9f2f10ff79db5c78989d92f1e8b2?s=96&d=mm&r=g\",\"contentUrl\":\"https:\/\/secure.gravatar.com\/avatar\/eb8a9f2f10ff79db5c78989d92f1e8b2?s=96&d=mm&r=g\",\"caption\":\"Iago Valverde\"},\"description\":\"Nigr\u00e1n | Edici\u00f3n de artigos e xeolocalizaci\u00f3n | Arquitecto en formaci\u00f3n na ETSAC e cursando PFC. Interesado en urbanismo, arquitectura, pol\u00edtica, e todo aquilo que \u00e9 complexo e vital\",\"url\":\"http:\/\/arquitecturadegalicia.eu\/blog\/author\/iago-valverde\/\"}]}<\/script>\n<!-- \/ Yoast SEO plugin. -->","yoast_head_json":{"title":"A barber\u00eda de Ra\u00fal | AG","robots":{"index":"index","follow":"follow","max-snippet":"max-snippet:-1","max-image-preview":"max-image-preview:large","max-video-preview":"max-video-preview:-1"},"canonical":"http:\/\/arquitecturadegalicia.eu\/blog\/a-barberia-de-raul\/","og_locale":"es_ES","og_type":"article","og_title":"A barber\u00eda de Ra\u00fal | AG","og_description":"'Conformamos con estos ingredientes un espacio en el que se enfatiza la profundidad del local fijando la atenci\u00f3n en el acto de \"barbear\" y en un fragmento tomado del patio. Para ello trabajamos con la proporci\u00f3n del mismo y con la sucesi\u00f3n de unas \"cuadernas\" de madera termotratada que en su \"ir y venir\" lo \"amueblan\" todo, prolongan la barber\u00eda en el patio o el patio en la barber\u00eda y caracterizan sensorialemente el espacio' Juan Taboada e Miguel Camba","og_url":"http:\/\/arquitecturadegalicia.eu\/blog\/a-barberia-de-raul\/","og_site_name":"AG","article_publisher":"https:\/\/www.facebook.com\/ArquitecturadeGalicia\/","article_published_time":"2013-08-05T10:00:40+00:00","article_modified_time":"2013-07-25T20:28:52+00:00","og_image":[{"width":620,"height":532,"url":"http:\/\/arquitecturadegalicia.eu\/blog\/wp-content\/uploads\/2013\/07\/barberia3.jpg","type":"image\/jpeg"}],"author":"Iago Valverde","twitter_card":"summary_large_image","twitter_creator":"@arquigaliciaeu","twitter_site":"@arquigaliciaeu","twitter_misc":{"Escrito por":"Iago Valverde","Tiempo de lectura":"2 minutos"},"schema":{"@context":"https:\/\/schema.org","@graph":[{"@type":"Article","@id":"http:\/\/arquitecturadegalicia.eu\/blog\/a-barberia-de-raul\/#article","isPartOf":{"@id":"http:\/\/arquitecturadegalicia.eu\/blog\/a-barberia-de-raul\/"},"author":{"name":"Iago Valverde","@id":"https:\/\/arquitecturadegalicia.eu\/blog\/#\/schema\/person\/a51297ea3eeddd32ccbd89a218e148f1"},"headline":"A barber\u00eda de Ra\u00fal","datePublished":"2013-08-05T10:00:40+00:00","dateModified":"2013-07-25T20:28:52+00:00","mainEntityOfPage":{"@id":"http:\/\/arquitecturadegalicia.eu\/blog\/a-barberia-de-raul\/"},"wordCount":382,"commentCount":0,"publisher":{"@id":"https:\/\/arquitecturadegalicia.eu\/blog\/#organization"},"image":{"@id":"http:\/\/arquitecturadegalicia.eu\/blog\/a-barberia-de-raul\/#primaryimage"},"thumbnailUrl":"http:\/\/arquitecturadegalicia.eu\/blog\/wp-content\/uploads\/2013\/07\/barberia3.jpg","keywords":["2011","interiorismo","Juan Taboada","Miguel Camba"],"articleSection":["A Estrada"],"inLanguage":"es","potentialAction":[{"@type":"CommentAction","name":"Comment","target":["http:\/\/arquitecturadegalicia.eu\/blog\/a-barberia-de-raul\/#respond"]}]},{"@type":"WebPage","@id":"http:\/\/arquitecturadegalicia.eu\/blog\/a-barberia-de-raul\/","url":"http:\/\/arquitecturadegalicia.eu\/blog\/a-barberia-de-raul\/","name":"A barber\u00eda de Ra\u00fal | AG","isPartOf":{"@id":"https:\/\/arquitecturadegalicia.eu\/blog\/#website"},"primaryImageOfPage":{"@id":"http:\/\/arquitecturadegalicia.eu\/blog\/a-barberia-de-raul\/#primaryimage"},"image":{"@id":"http:\/\/arquitecturadegalicia.eu\/blog\/a-barberia-de-raul\/#primaryimage"},"thumbnailUrl":"http:\/\/arquitecturadegalicia.eu\/blog\/wp-content\/uploads\/2013\/07\/barberia3.jpg","datePublished":"2013-08-05T10:00:40+00:00","dateModified":"2013-07-25T20:28:52+00:00","breadcrumb":{"@id":"http:\/\/arquitecturadegalicia.eu\/blog\/a-barberia-de-raul\/#breadcrumb"},"inLanguage":"es","potentialAction":[{"@type":"ReadAction","target":["http:\/\/arquitecturadegalicia.eu\/blog\/a-barberia-de-raul\/"]}]},{"@type":"ImageObject","inLanguage":"es","@id":"http:\/\/arquitecturadegalicia.eu\/blog\/a-barberia-de-raul\/#primaryimage","url":"http:\/\/arquitecturadegalicia.eu\/blog\/wp-content\/uploads\/2013\/07\/barberia3.jpg","contentUrl":"http:\/\/arquitecturadegalicia.eu\/blog\/wp-content\/uploads\/2013\/07\/barberia3.jpg","width":620,"height":532},{"@type":"BreadcrumbList","@id":"http:\/\/arquitecturadegalicia.eu\/blog\/a-barberia-de-raul\/#breadcrumb","itemListElement":[{"@type":"ListItem","position":1,"name":"Portada","item":"https:\/\/arquitecturadegalicia.eu\/blog\/"},{"@type":"ListItem","position":2,"name":"A barber\u00eda de Ra\u00fal"}]},{"@type":"WebSite","@id":"https:\/\/arquitecturadegalicia.eu\/blog\/#website","url":"https:\/\/arquitecturadegalicia.eu\/blog\/","name":"AG","description":"Arquitectura de Galicia","publisher":{"@id":"https:\/\/arquitecturadegalicia.eu\/blog\/#organization"},"potentialAction":[{"@type":"SearchAction","target":{"@type":"EntryPoint","urlTemplate":"https:\/\/arquitecturadegalicia.eu\/blog\/?s={search_term_string}"},"query-input":{"@type":"PropertyValueSpecification","valueRequired":true,"valueName":"search_term_string"}}],"inLanguage":"es"},{"@type":"Organization","@id":"https:\/\/arquitecturadegalicia.eu\/blog\/#organization","name":"Arquitectura de Galicia","url":"https:\/\/arquitecturadegalicia.eu\/blog\/","logo":{"@type":"ImageObject","inLanguage":"es","@id":"https:\/\/arquitecturadegalicia.eu\/blog\/#\/schema\/logo\/image\/","url":"https:\/\/arquitecturadegalicia.eu\/blog\/wp-content\/uploads\/2017\/01\/arquitecturacurrents2.png","contentUrl":"https:\/\/arquitecturadegalicia.eu\/blog\/wp-content\/uploads\/2017\/01\/arquitecturacurrents2.png","width":840,"height":640,"caption":"Arquitectura de Galicia"},"image":{"@id":"https:\/\/arquitecturadegalicia.eu\/blog\/#\/schema\/logo\/image\/"},"sameAs":["https:\/\/www.facebook.com\/ArquitecturadeGalicia\/","https:\/\/x.com\/arquigaliciaeu","https:\/\/www.instagram.com\/arquigaliciaeu\/"]},{"@type":"Person","@id":"https:\/\/arquitecturadegalicia.eu\/blog\/#\/schema\/person\/a51297ea3eeddd32ccbd89a218e148f1","name":"Iago Valverde","image":{"@type":"ImageObject","inLanguage":"es","@id":"https:\/\/arquitecturadegalicia.eu\/blog\/#\/schema\/person\/image\/","url":"https:\/\/secure.gravatar.com\/avatar\/eb8a9f2f10ff79db5c78989d92f1e8b2?s=96&d=mm&r=g","contentUrl":"https:\/\/secure.gravatar.com\/avatar\/eb8a9f2f10ff79db5c78989d92f1e8b2?s=96&d=mm&r=g","caption":"Iago Valverde"},"description":"Nigr\u00e1n | Edici\u00f3n de artigos e xeolocalizaci\u00f3n | Arquitecto en formaci\u00f3n na ETSAC e cursando PFC. Interesado en urbanismo, arquitectura, pol\u00edtica, e todo aquilo que \u00e9 complexo e vital","url":"http:\/\/arquitecturadegalicia.eu\/blog\/author\/iago-valverde\/"}]}},"jetpack_featured_media_url":"http:\/\/arquitecturadegalicia.eu\/blog\/wp-content\/uploads\/2013\/07\/barberia3.jpg","jetpack_shortlink":"https:\/\/wp.me\/p2NHs2-26C","jetpack_sharing_enabled":true,"_links":{"self":[{"href":"http:\/\/arquitecturadegalicia.eu\/blog\/wp-json\/wp\/v2\/posts\/8098","targetHints":{"allow":["GET"]}}],"collection":[{"href":"http:\/\/arquitecturadegalicia.eu\/blog\/wp-json\/wp\/v2\/posts"}],"about":[{"href":"http:\/\/arquitecturadegalicia.eu\/blog\/wp-json\/wp\/v2\/types\/post"}],"author":[{"embeddable":true,"href":"http:\/\/arquitecturadegalicia.eu\/blog\/wp-json\/wp\/v2\/users\/8"}],"replies":[{"embeddable":true,"href":"http:\/\/arquitecturadegalicia.eu\/blog\/wp-json\/wp\/v2\/comments?post=8098"}],"version-history":[{"count":7,"href":"http:\/\/arquitecturadegalicia.eu\/blog\/wp-json\/wp\/v2\/posts\/8098\/revisions"}],"predecessor-version":[{"id":8106,"href":"http:\/\/arquitecturadegalicia.eu\/blog\/wp-json\/wp\/v2\/posts\/8098\/revisions\/8106"}],"wp:featuredmedia":[{"embeddable":true,"href":"http:\/\/arquitecturadegalicia.eu\/blog\/wp-json\/wp\/v2\/media\/8099"}],"wp:attachment":[{"href":"http:\/\/arquitecturadegalicia.eu\/blog\/wp-json\/wp\/v2\/media?parent=8098"}],"wp:term":[{"taxonomy":"category","embeddable":true,"href":"http:\/\/arquitecturadegalicia.eu\/blog\/wp-json\/wp\/v2\/categories?post=8098"},{"taxonomy":"post_tag","embeddable":true,"href":"http:\/\/arquitecturadegalicia.eu\/blog\/wp-json\/wp\/v2\/tags?post=8098"},{"taxonomy":"ano","embeddable":true,"href":"http:\/\/arquitecturadegalicia.eu\/blog\/wp-json\/wp\/v2\/ano?post=8098"},{"taxonomy":"arquitectos","embeddable":true,"href":"http:\/\/arquitecturadegalicia.eu\/blog\/wp-json\/wp\/v2\/arquitectos?post=8098"},{"taxonomy":"tipoloxia","embeddable":true,"href":"http:\/\/arquitecturadegalicia.eu\/blog\/wp-json\/wp\/v2\/tipoloxia?post=8098"}],"curies":[{"name":"wp","href":"https:\/\/api.w.org\/{rel}","templated":true}]}}