{"id":8149,"date":"2013-08-08T20:00:02","date_gmt":"2013-08-08T18:00:02","guid":{"rendered":"http:\/\/arquitecturadegalicia.eu\/blog\/?p=8149"},"modified":"2013-10-27T02:26:15","modified_gmt":"2013-10-27T00:26:15","slug":"rehabilitacion-de-las-cocheras-del-pazo-de-quinones-de-leon","status":"publish","type":"post","link":"http:\/\/arquitecturadegalicia.eu\/blog\/rehabilitacion-de-las-cocheras-del-pazo-de-quinones-de-leon\/","title":{"rendered":"Rehabilitaci\u00f3n de las cocheras del Pazo de Qui\u00f1ones de Le\u00f3n"},"content":{"rendered":"<p><img fetchpriority=\"high\" decoding=\"async\" class=\"aligncenter size-full wp-image-8150\" alt=\"AG | Qui\u00f1ones\" src=\"http:\/\/arquitecturadegalicia.eu\/blog\/wp-content\/uploads\/2013\/07\/Qui\u00f1onez.jpg\" width=\"620\" height=\"446\" srcset=\"http:\/\/arquitecturadegalicia.eu\/blog\/wp-content\/uploads\/2013\/07\/Qui\u00f1onez.jpg 620w, http:\/\/arquitecturadegalicia.eu\/blog\/wp-content\/uploads\/2013\/07\/Qui\u00f1onez-300x215.jpg 300w\" sizes=\"(max-width: 620px) 100vw, 620px\" \/><\/p>\n<table class=\" aligncenter\" width=\"620\" border=\"0\" cellspacing=\"0\" cellpadding=\"0\">\n<tbody>\n<tr>\n<td width=\"180\"><strong>Obra:<\/strong><\/td>\n<td>\u00a0Rehabilitaci\u00f3n de las cocheras del Pazo de Qui\u00f1ones de Le\u00f3n<\/td>\n<\/tr>\n<tr>\n<td><strong>Arquitecto:<\/strong><\/td>\n<td>\u00a0Santiago Catal\u00e1n Tob\u00eda, Jos\u00e9 Arias Jord\u00e1n<\/td>\n<\/tr>\n<tr>\n<td><strong>Provincia:<\/strong><\/td>\n<td>\u00a0Pontevedra<\/td>\n<\/tr>\n<tr>\n<td><strong>Localidade:<\/strong><\/td>\n<td>\u00a0Vigo<\/td>\n<\/tr>\n<tr>\n<td><strong>Ano:<\/strong><\/td>\n<td>\u00a01998<\/td>\n<\/tr>\n<tr>\n<td><strong>Xeolocalizaci\u00f3n:<\/strong><\/td>\n<td>\u00a0<a href=\"https:\/\/maps.google.es\/maps\/ms?msid=205584753861089304839.0004b3590a9baff01c53d&amp;msa=0&amp;ll=42.213397,-8.72726&amp;spn=0.000795,0.001206\" target=\"_blank\"><strong>42.213,-8.827<\/strong><\/a><\/td>\n<\/tr>\n<\/tbody>\n<\/table>\n<table class=\" aligncenter\" width=\"620\" border=\"0\" cellspacing=\"0\" cellpadding=\"0\">\n<tbody>\n<tr>\n<td colspan=\"3\"><strong>Outros Datos:<\/strong><\/td>\n<\/tr>\n<tr>\n<td width=\"20\"><\/td>\n<td colspan=\"2\"><strong>Premios:<\/strong><\/td>\n<\/tr>\n<tr>\n<td width=\"20\"><\/td>\n<td width=\"20\"><\/td>\n<td width=\"580\">\u00a0Primer Premio en el concurso de Anteproyectos<\/td>\n<\/tr>\n<tr>\n<td width=\"20\"><\/td>\n<td colspan=\"2\"><strong>Publicaci\u00f3ns:<\/strong><\/td>\n<\/tr>\n<tr>\n<td width=\"20\"><\/td>\n<td width=\"20\"><\/td>\n<td>\u00a0AGRASAR QUIROGA, Fernando. \u00abGu\u00eda de Arquitectura de Vigo (1930 &#8211; 2000). COAG 2003.<\/p>\n<p>Revista Obradoiro N\u00ba 26. COAG, A Coru\u00f1a, 1997.<\/p>\n<p>Revista Obradoiro N\u00ba 29. COAG, A Coru\u00f1a, 2001.<\/td>\n<\/tr>\n<tr>\n<td width=\"20\"><\/td>\n<td colspan=\"2\"><strong>Informaci\u00f3n na rede:<\/strong><\/td>\n<\/tr>\n<tr>\n<td width=\"20\"><\/td>\n<td width=\"20\"><\/td>\n<td><strong><a href=\"lapaginaquesea.com\/jodervayarayaaddadeelacewebtio\" target=\"_blank\">\u00a0<strong><\/strong><\/a><strong><a href=\"http:\/\/www.ardan.es\/ctgcos\/pdf\/62.pdf\" target=\"_blank\">Rehabilitaci\u00f3n cocheras Pazo de Qui\u00f1ones de Le\u00f3n | Ardan.es<\/a>\u00a0<\/strong><a href=\"http:\/\/www.conarquitectura.com\/ca2\/content\/ca2\/pdf%20desc\/CA%202%207.pdf\" target=\"_blank\"><strong>| Conarquitectura.com<\/strong><\/a><\/strong><\/td>\n<\/tr>\n<tr>\n<td width=\"20\"><\/td>\n<td colspan=\"2\"><strong>Descripci\u00f3n do proxecto:\u00a0<\/strong><\/td>\n<\/tr>\n<tr>\n<td width=\"20\"><\/td>\n<td width=\"20\"><\/td>\n<td><em>\u00abEl conjunto arquitect\u00f3nico est\u00e1 formado por dos sencillos edificios de una planta con cubierta a dos aguas, de marcada influencia anglosajona y vocaci\u00f3n de construcci\u00f3n campestre, resueltos en ladrillo cara vista, y una extra\u00f1a torre que tenia la dudosa misi\u00f3n de rematar \u0093pl\u00e1sticamente\u0094 el conjunto, adem\u00e1s de albergar un pozo y un dep\u00f3sito de agua. Esta torre estaba realizada con ladrillo cara vista en su z\u00f3calo y un lienzo superior pintado y rematado con falsas almenas que intentaban no desentonar con las dos torres originales del Pazo, ya que las tres eran visibles desde el gran patio central de acceso al recinto. Esta zona donde se ubica la torre (dedicada a las antiguas cocinas) tambi\u00e9n se encontraba en un estado de abandono tras el inicio hace a\u00f1os de una remodelaci\u00f3n nunca finalizada.\u00a0<\/em><em>La intervenci\u00f3n ha tenido como objeto la rehabilitaci\u00f3n integral del conjunto recuperando exteriormente el agradable aspecto original del edificio de ladrillo y modificando la torpe imagen de la torre convirti\u00e9ndola en una rotunda pieza de granito muy neutra que act\u00faa como elemento articulador, como charnela dentro del conjunto arquitect\u00f3nico, aprovechando para situar en su interior el ascensor que servir\u00e1 para eliminar barreras arquitect\u00f3nicas. Adem\u00e1s la propuesta de intervenci\u00f3n pretend\u00eda ordenar el jard\u00edn del patio interior y tratar los muros y taludes que bordean y limitan los edificios para dar continuidad al jard\u00edn del Pazo e introducirlo en lo posible dentro de los nuevos espacios proyectados\u00bb.<\/em><\/td>\n<\/tr>\n<tr>\n<td width=\"20\"><\/td>\n<td colspan=\"2\"><b>Reportaxe fotogr\u00e1fica:\u00a0<strong><strong><a href=\"http:\/\/www.ardan.es\/ctgcos\/pdf\/62.pdf\" target=\"_blank\"><strong>Rehabilitaci\u00f3n cocheras Pazo de Qui\u00f1ones de Le\u00f3n | Ardan.es<\/strong><\/a><\/strong><\/strong><\/b><\/td>\n<\/tr>\n<tr>\n<td width=\"20\"><\/td>\n<td colspan=\"2\"><\/td>\n<\/tr>\n<tr>\n<td width=\"20\"><\/td>\n<td colspan=\"2\"><strong>Planos:\u00a0<strong><a href=\"http:\/\/www.ardan.es\/ctgcos\/pdf\/62.pdf\" target=\"_blank\"><strong>Rehabilitaci\u00f3n cocheras Pazo de Qui\u00f1ones de Le\u00f3n | Ardan.es<\/strong><\/a><\/strong><\/strong><\/td>\n<\/tr>\n<tr>\n<td width=\"20\"><\/td>\n<td colspan=\"2\"><\/td>\n<\/tr>\n<\/tbody>\n<\/table>\n<p style=\"text-align: center;\">\n","protected":false},"excerpt":{"rendered":"<p>\u00abLa intervenci\u00f3n ha tenido como objeto la rehabilitaci\u00f3n integral del conjunto recuperando exteriormente el agradable aspecto original del edificio de ladrillo y modificando la torpe imagen de la torre convirti\u00e9ndola en una rotunda pieza de granito muy neutra que act\u00faa como elemento articulador, como charnela dentro del conjunto arquitect\u00f3nico, aprovechando para situar en su interior el ascensor que servir\u00e1 para eliminar barreras arquitect\u00f3nicas\u00bb.<\/p>\n","protected":false},"author":10,"featured_media":8150,"comment_status":"open","ping_status":"open","sticky":false,"template":"","format":"standard","meta":{"jetpack_post_was_ever_published":false,"_jetpack_newsletter_access":"","_jetpack_dont_email_post_to_subs":false,"_jetpack_newsletter_tier_id":0,"_jetpack_memberships_contains_paywalled_content":false,"_jetpack_memberships_contains_paid_content":false,"footnotes":"","jetpack_publicize_message":"","jetpack_publicize_feature_enabled":true,"jetpack_social_post_already_shared":true,"jetpack_social_options":{"image_generator_settings":{"template":"highway","enabled":false},"version":2}},"categories":[25],"tags":[253,609,99,548],"ano":[],"arquitectos":[],"tipoloxia":[],"class_list":["post-8149","post","type-post","status-publish","format-standard","has-post-thumbnail","hentry","category-vigo","tag-253","tag-jose-arias-jordan","tag-rehabilitacion","tag-santiago-catalan-tobia","content-print"],"jetpack_publicize_connections":[],"yoast_head":"<!-- This site is optimized with the Yoast SEO plugin v24.1 - https:\/\/yoast.com\/wordpress\/plugins\/seo\/ -->\n<title>Rehabilitaci\u00f3n de las cocheras del Pazo de Qui\u00f1ones de Le\u00f3n | AG<\/title>\n<meta name=\"robots\" content=\"index, follow, max-snippet:-1, max-image-preview:large, max-video-preview:-1\" \/>\n<link rel=\"canonical\" href=\"http:\/\/arquitecturadegalicia.eu\/blog\/rehabilitacion-de-las-cocheras-del-pazo-de-quinones-de-leon\/\" \/>\n<meta property=\"og:locale\" content=\"es_ES\" \/>\n<meta property=\"og:type\" content=\"article\" \/>\n<meta property=\"og:title\" content=\"Rehabilitaci\u00f3n de las cocheras del Pazo de Qui\u00f1ones de Le\u00f3n | AG\" \/>\n<meta property=\"og:description\" content=\"&quot;La intervenci\u00f3n ha tenido como objeto la rehabilitaci\u00f3n integral del conjunto recuperando exteriormente el agradable aspecto original del edificio de ladrillo y modificando la torpe imagen de la torre convirti\u00e9ndola en una rotunda pieza de granito muy neutra que act\u00faa como elemento articulador, como charnela dentro del conjunto arquitect\u00f3nico, aprovechando para situar en su interior el ascensor que servir\u00e1 para eliminar barreras arquitect\u00f3nicas&quot;.\" \/>\n<meta property=\"og:url\" content=\"http:\/\/arquitecturadegalicia.eu\/blog\/rehabilitacion-de-las-cocheras-del-pazo-de-quinones-de-leon\/\" \/>\n<meta property=\"og:site_name\" content=\"AG\" \/>\n<meta property=\"article:publisher\" content=\"https:\/\/www.facebook.com\/ArquitecturadeGalicia\/\" \/>\n<meta property=\"article:published_time\" content=\"2013-08-08T18:00:02+00:00\" \/>\n<meta property=\"article:modified_time\" content=\"2013-10-27T00:26:15+00:00\" \/>\n<meta property=\"og:image\" content=\"http:\/\/arquitecturadegalicia.eu\/blog\/wp-content\/uploads\/2013\/07\/Qui\u00f1onez.jpg\" \/>\n\t<meta property=\"og:image:width\" content=\"620\" \/>\n\t<meta property=\"og:image:height\" content=\"446\" \/>\n\t<meta property=\"og:image:type\" content=\"image\/jpeg\" \/>\n<meta name=\"author\" content=\"Esteban Vigo\" \/>\n<meta name=\"twitter:card\" content=\"summary_large_image\" \/>\n<meta name=\"twitter:creator\" content=\"@arquigaliciaeu\" \/>\n<meta name=\"twitter:site\" content=\"@arquigaliciaeu\" \/>\n<meta name=\"twitter:label1\" content=\"Escrito por\" \/>\n\t<meta name=\"twitter:data1\" content=\"Esteban Vigo\" \/>\n\t<meta name=\"twitter:label2\" content=\"Tiempo de lectura\" \/>\n\t<meta name=\"twitter:data2\" content=\"2 minutos\" \/>\n<script type=\"application\/ld+json\" class=\"yoast-schema-graph\">{\"@context\":\"https:\/\/schema.org\",\"@graph\":[{\"@type\":\"Article\",\"@id\":\"http:\/\/arquitecturadegalicia.eu\/blog\/rehabilitacion-de-las-cocheras-del-pazo-de-quinones-de-leon\/#article\",\"isPartOf\":{\"@id\":\"http:\/\/arquitecturadegalicia.eu\/blog\/rehabilitacion-de-las-cocheras-del-pazo-de-quinones-de-leon\/\"},\"author\":{\"name\":\"Esteban Vigo\",\"@id\":\"https:\/\/arquitecturadegalicia.eu\/blog\/#\/schema\/person\/e1402c805a08826192e3b9086c423f75\"},\"headline\":\"Rehabilitaci\u00f3n de las cocheras del Pazo de Qui\u00f1ones de Le\u00f3n\",\"datePublished\":\"2013-08-08T18:00:02+00:00\",\"dateModified\":\"2013-10-27T00:26:15+00:00\",\"mainEntityOfPage\":{\"@id\":\"http:\/\/arquitecturadegalicia.eu\/blog\/rehabilitacion-de-las-cocheras-del-pazo-de-quinones-de-leon\/\"},\"wordCount\":392,\"commentCount\":0,\"publisher\":{\"@id\":\"https:\/\/arquitecturadegalicia.eu\/blog\/#organization\"},\"image\":{\"@id\":\"http:\/\/arquitecturadegalicia.eu\/blog\/rehabilitacion-de-las-cocheras-del-pazo-de-quinones-de-leon\/#primaryimage\"},\"thumbnailUrl\":\"http:\/\/arquitecturadegalicia.eu\/blog\/wp-content\/uploads\/2013\/07\/Qui\u00f1onez.jpg\",\"keywords\":[\"1998\",\"Jos\u00e9 Arias Jord\u00e1n\",\"rehabilitaci\u00f3n\",\"Santiago Catal\u00e1n Tob\u00eda\"],\"articleSection\":[\"Vigo\"],\"inLanguage\":\"es\",\"potentialAction\":[{\"@type\":\"CommentAction\",\"name\":\"Comment\",\"target\":[\"http:\/\/arquitecturadegalicia.eu\/blog\/rehabilitacion-de-las-cocheras-del-pazo-de-quinones-de-leon\/#respond\"]}]},{\"@type\":\"WebPage\",\"@id\":\"http:\/\/arquitecturadegalicia.eu\/blog\/rehabilitacion-de-las-cocheras-del-pazo-de-quinones-de-leon\/\",\"url\":\"http:\/\/arquitecturadegalicia.eu\/blog\/rehabilitacion-de-las-cocheras-del-pazo-de-quinones-de-leon\/\",\"name\":\"Rehabilitaci\u00f3n de las cocheras del Pazo de Qui\u00f1ones de Le\u00f3n | AG\",\"isPartOf\":{\"@id\":\"https:\/\/arquitecturadegalicia.eu\/blog\/#website\"},\"primaryImageOfPage\":{\"@id\":\"http:\/\/arquitecturadegalicia.eu\/blog\/rehabilitacion-de-las-cocheras-del-pazo-de-quinones-de-leon\/#primaryimage\"},\"image\":{\"@id\":\"http:\/\/arquitecturadegalicia.eu\/blog\/rehabilitacion-de-las-cocheras-del-pazo-de-quinones-de-leon\/#primaryimage\"},\"thumbnailUrl\":\"http:\/\/arquitecturadegalicia.eu\/blog\/wp-content\/uploads\/2013\/07\/Qui\u00f1onez.jpg\",\"datePublished\":\"2013-08-08T18:00:02+00:00\",\"dateModified\":\"2013-10-27T00:26:15+00:00\",\"breadcrumb\":{\"@id\":\"http:\/\/arquitecturadegalicia.eu\/blog\/rehabilitacion-de-las-cocheras-del-pazo-de-quinones-de-leon\/#breadcrumb\"},\"inLanguage\":\"es\",\"potentialAction\":[{\"@type\":\"ReadAction\",\"target\":[\"http:\/\/arquitecturadegalicia.eu\/blog\/rehabilitacion-de-las-cocheras-del-pazo-de-quinones-de-leon\/\"]}]},{\"@type\":\"ImageObject\",\"inLanguage\":\"es\",\"@id\":\"http:\/\/arquitecturadegalicia.eu\/blog\/rehabilitacion-de-las-cocheras-del-pazo-de-quinones-de-leon\/#primaryimage\",\"url\":\"http:\/\/arquitecturadegalicia.eu\/blog\/wp-content\/uploads\/2013\/07\/Qui\u00f1onez.jpg\",\"contentUrl\":\"http:\/\/arquitecturadegalicia.eu\/blog\/wp-content\/uploads\/2013\/07\/Qui\u00f1onez.jpg\",\"width\":620,\"height\":446,\"caption\":\"AG | Qui\u00f1ones\"},{\"@type\":\"BreadcrumbList\",\"@id\":\"http:\/\/arquitecturadegalicia.eu\/blog\/rehabilitacion-de-las-cocheras-del-pazo-de-quinones-de-leon\/#breadcrumb\",\"itemListElement\":[{\"@type\":\"ListItem\",\"position\":1,\"name\":\"Portada\",\"item\":\"https:\/\/arquitecturadegalicia.eu\/blog\/\"},{\"@type\":\"ListItem\",\"position\":2,\"name\":\"Rehabilitaci\u00f3n de las cocheras del Pazo de Qui\u00f1ones de Le\u00f3n\"}]},{\"@type\":\"WebSite\",\"@id\":\"https:\/\/arquitecturadegalicia.eu\/blog\/#website\",\"url\":\"https:\/\/arquitecturadegalicia.eu\/blog\/\",\"name\":\"AG\",\"description\":\"Arquitectura de Galicia\",\"publisher\":{\"@id\":\"https:\/\/arquitecturadegalicia.eu\/blog\/#organization\"},\"potentialAction\":[{\"@type\":\"SearchAction\",\"target\":{\"@type\":\"EntryPoint\",\"urlTemplate\":\"https:\/\/arquitecturadegalicia.eu\/blog\/?s={search_term_string}\"},\"query-input\":{\"@type\":\"PropertyValueSpecification\",\"valueRequired\":true,\"valueName\":\"search_term_string\"}}],\"inLanguage\":\"es\"},{\"@type\":\"Organization\",\"@id\":\"https:\/\/arquitecturadegalicia.eu\/blog\/#organization\",\"name\":\"Arquitectura de Galicia\",\"url\":\"https:\/\/arquitecturadegalicia.eu\/blog\/\",\"logo\":{\"@type\":\"ImageObject\",\"inLanguage\":\"es\",\"@id\":\"https:\/\/arquitecturadegalicia.eu\/blog\/#\/schema\/logo\/image\/\",\"url\":\"https:\/\/arquitecturadegalicia.eu\/blog\/wp-content\/uploads\/2017\/01\/arquitecturacurrents2.png\",\"contentUrl\":\"https:\/\/arquitecturadegalicia.eu\/blog\/wp-content\/uploads\/2017\/01\/arquitecturacurrents2.png\",\"width\":840,\"height\":640,\"caption\":\"Arquitectura de Galicia\"},\"image\":{\"@id\":\"https:\/\/arquitecturadegalicia.eu\/blog\/#\/schema\/logo\/image\/\"},\"sameAs\":[\"https:\/\/www.facebook.com\/ArquitecturadeGalicia\/\",\"https:\/\/x.com\/arquigaliciaeu\",\"https:\/\/www.instagram.com\/arquigaliciaeu\/\"]},{\"@type\":\"Person\",\"@id\":\"https:\/\/arquitecturadegalicia.eu\/blog\/#\/schema\/person\/e1402c805a08826192e3b9086c423f75\",\"name\":\"Esteban Vigo\",\"image\":{\"@type\":\"ImageObject\",\"inLanguage\":\"es\",\"@id\":\"https:\/\/arquitecturadegalicia.eu\/blog\/#\/schema\/person\/image\/\",\"url\":\"https:\/\/secure.gravatar.com\/avatar\/5cee255b8510cde1f21ad6b1241b1680?s=96&d=mm&r=g\",\"contentUrl\":\"https:\/\/secure.gravatar.com\/avatar\/5cee255b8510cde1f21ad6b1241b1680?s=96&d=mm&r=g\",\"caption\":\"Esteban Vigo\"},\"description\":\"Pontevedra | Edici\u00f3n de artigos | Estudiante de Arquitectura na ETSA de A Coru\u00f1a e colaborador na revista Dot: Magazine (http:\/\/www.dotgalicia.com\/)\",\"url\":\"http:\/\/arquitecturadegalicia.eu\/blog\/author\/teblink\/\"}]}<\/script>\n<!-- \/ Yoast SEO plugin. -->","yoast_head_json":{"title":"Rehabilitaci\u00f3n de las cocheras del Pazo de Qui\u00f1ones de Le\u00f3n | AG","robots":{"index":"index","follow":"follow","max-snippet":"max-snippet:-1","max-image-preview":"max-image-preview:large","max-video-preview":"max-video-preview:-1"},"canonical":"http:\/\/arquitecturadegalicia.eu\/blog\/rehabilitacion-de-las-cocheras-del-pazo-de-quinones-de-leon\/","og_locale":"es_ES","og_type":"article","og_title":"Rehabilitaci\u00f3n de las cocheras del Pazo de Qui\u00f1ones de Le\u00f3n | AG","og_description":"\"La intervenci\u00f3n ha tenido como objeto la rehabilitaci\u00f3n integral del conjunto recuperando exteriormente el agradable aspecto original del edificio de ladrillo y modificando la torpe imagen de la torre convirti\u00e9ndola en una rotunda pieza de granito muy neutra que act\u00faa como elemento articulador, como charnela dentro del conjunto arquitect\u00f3nico, aprovechando para situar en su interior el ascensor que servir\u00e1 para eliminar barreras arquitect\u00f3nicas\".","og_url":"http:\/\/arquitecturadegalicia.eu\/blog\/rehabilitacion-de-las-cocheras-del-pazo-de-quinones-de-leon\/","og_site_name":"AG","article_publisher":"https:\/\/www.facebook.com\/ArquitecturadeGalicia\/","article_published_time":"2013-08-08T18:00:02+00:00","article_modified_time":"2013-10-27T00:26:15+00:00","og_image":[{"width":620,"height":446,"url":"http:\/\/arquitecturadegalicia.eu\/blog\/wp-content\/uploads\/2013\/07\/Qui\u00f1onez.jpg","type":"image\/jpeg"}],"author":"Esteban Vigo","twitter_card":"summary_large_image","twitter_creator":"@arquigaliciaeu","twitter_site":"@arquigaliciaeu","twitter_misc":{"Escrito por":"Esteban Vigo","Tiempo de lectura":"2 minutos"},"schema":{"@context":"https:\/\/schema.org","@graph":[{"@type":"Article","@id":"http:\/\/arquitecturadegalicia.eu\/blog\/rehabilitacion-de-las-cocheras-del-pazo-de-quinones-de-leon\/#article","isPartOf":{"@id":"http:\/\/arquitecturadegalicia.eu\/blog\/rehabilitacion-de-las-cocheras-del-pazo-de-quinones-de-leon\/"},"author":{"name":"Esteban Vigo","@id":"https:\/\/arquitecturadegalicia.eu\/blog\/#\/schema\/person\/e1402c805a08826192e3b9086c423f75"},"headline":"Rehabilitaci\u00f3n de las cocheras del Pazo de Qui\u00f1ones de Le\u00f3n","datePublished":"2013-08-08T18:00:02+00:00","dateModified":"2013-10-27T00:26:15+00:00","mainEntityOfPage":{"@id":"http:\/\/arquitecturadegalicia.eu\/blog\/rehabilitacion-de-las-cocheras-del-pazo-de-quinones-de-leon\/"},"wordCount":392,"commentCount":0,"publisher":{"@id":"https:\/\/arquitecturadegalicia.eu\/blog\/#organization"},"image":{"@id":"http:\/\/arquitecturadegalicia.eu\/blog\/rehabilitacion-de-las-cocheras-del-pazo-de-quinones-de-leon\/#primaryimage"},"thumbnailUrl":"http:\/\/arquitecturadegalicia.eu\/blog\/wp-content\/uploads\/2013\/07\/Qui\u00f1onez.jpg","keywords":["1998","Jos\u00e9 Arias Jord\u00e1n","rehabilitaci\u00f3n","Santiago Catal\u00e1n Tob\u00eda"],"articleSection":["Vigo"],"inLanguage":"es","potentialAction":[{"@type":"CommentAction","name":"Comment","target":["http:\/\/arquitecturadegalicia.eu\/blog\/rehabilitacion-de-las-cocheras-del-pazo-de-quinones-de-leon\/#respond"]}]},{"@type":"WebPage","@id":"http:\/\/arquitecturadegalicia.eu\/blog\/rehabilitacion-de-las-cocheras-del-pazo-de-quinones-de-leon\/","url":"http:\/\/arquitecturadegalicia.eu\/blog\/rehabilitacion-de-las-cocheras-del-pazo-de-quinones-de-leon\/","name":"Rehabilitaci\u00f3n de las cocheras del Pazo de Qui\u00f1ones de Le\u00f3n | AG","isPartOf":{"@id":"https:\/\/arquitecturadegalicia.eu\/blog\/#website"},"primaryImageOfPage":{"@id":"http:\/\/arquitecturadegalicia.eu\/blog\/rehabilitacion-de-las-cocheras-del-pazo-de-quinones-de-leon\/#primaryimage"},"image":{"@id":"http:\/\/arquitecturadegalicia.eu\/blog\/rehabilitacion-de-las-cocheras-del-pazo-de-quinones-de-leon\/#primaryimage"},"thumbnailUrl":"http:\/\/arquitecturadegalicia.eu\/blog\/wp-content\/uploads\/2013\/07\/Qui\u00f1onez.jpg","datePublished":"2013-08-08T18:00:02+00:00","dateModified":"2013-10-27T00:26:15+00:00","breadcrumb":{"@id":"http:\/\/arquitecturadegalicia.eu\/blog\/rehabilitacion-de-las-cocheras-del-pazo-de-quinones-de-leon\/#breadcrumb"},"inLanguage":"es","potentialAction":[{"@type":"ReadAction","target":["http:\/\/arquitecturadegalicia.eu\/blog\/rehabilitacion-de-las-cocheras-del-pazo-de-quinones-de-leon\/"]}]},{"@type":"ImageObject","inLanguage":"es","@id":"http:\/\/arquitecturadegalicia.eu\/blog\/rehabilitacion-de-las-cocheras-del-pazo-de-quinones-de-leon\/#primaryimage","url":"http:\/\/arquitecturadegalicia.eu\/blog\/wp-content\/uploads\/2013\/07\/Qui\u00f1onez.jpg","contentUrl":"http:\/\/arquitecturadegalicia.eu\/blog\/wp-content\/uploads\/2013\/07\/Qui\u00f1onez.jpg","width":620,"height":446,"caption":"AG | Qui\u00f1ones"},{"@type":"BreadcrumbList","@id":"http:\/\/arquitecturadegalicia.eu\/blog\/rehabilitacion-de-las-cocheras-del-pazo-de-quinones-de-leon\/#breadcrumb","itemListElement":[{"@type":"ListItem","position":1,"name":"Portada","item":"https:\/\/arquitecturadegalicia.eu\/blog\/"},{"@type":"ListItem","position":2,"name":"Rehabilitaci\u00f3n de las cocheras del Pazo de Qui\u00f1ones de Le\u00f3n"}]},{"@type":"WebSite","@id":"https:\/\/arquitecturadegalicia.eu\/blog\/#website","url":"https:\/\/arquitecturadegalicia.eu\/blog\/","name":"AG","description":"Arquitectura de Galicia","publisher":{"@id":"https:\/\/arquitecturadegalicia.eu\/blog\/#organization"},"potentialAction":[{"@type":"SearchAction","target":{"@type":"EntryPoint","urlTemplate":"https:\/\/arquitecturadegalicia.eu\/blog\/?s={search_term_string}"},"query-input":{"@type":"PropertyValueSpecification","valueRequired":true,"valueName":"search_term_string"}}],"inLanguage":"es"},{"@type":"Organization","@id":"https:\/\/arquitecturadegalicia.eu\/blog\/#organization","name":"Arquitectura de Galicia","url":"https:\/\/arquitecturadegalicia.eu\/blog\/","logo":{"@type":"ImageObject","inLanguage":"es","@id":"https:\/\/arquitecturadegalicia.eu\/blog\/#\/schema\/logo\/image\/","url":"https:\/\/arquitecturadegalicia.eu\/blog\/wp-content\/uploads\/2017\/01\/arquitecturacurrents2.png","contentUrl":"https:\/\/arquitecturadegalicia.eu\/blog\/wp-content\/uploads\/2017\/01\/arquitecturacurrents2.png","width":840,"height":640,"caption":"Arquitectura de Galicia"},"image":{"@id":"https:\/\/arquitecturadegalicia.eu\/blog\/#\/schema\/logo\/image\/"},"sameAs":["https:\/\/www.facebook.com\/ArquitecturadeGalicia\/","https:\/\/x.com\/arquigaliciaeu","https:\/\/www.instagram.com\/arquigaliciaeu\/"]},{"@type":"Person","@id":"https:\/\/arquitecturadegalicia.eu\/blog\/#\/schema\/person\/e1402c805a08826192e3b9086c423f75","name":"Esteban Vigo","image":{"@type":"ImageObject","inLanguage":"es","@id":"https:\/\/arquitecturadegalicia.eu\/blog\/#\/schema\/person\/image\/","url":"https:\/\/secure.gravatar.com\/avatar\/5cee255b8510cde1f21ad6b1241b1680?s=96&d=mm&r=g","contentUrl":"https:\/\/secure.gravatar.com\/avatar\/5cee255b8510cde1f21ad6b1241b1680?s=96&d=mm&r=g","caption":"Esteban Vigo"},"description":"Pontevedra | Edici\u00f3n de artigos | Estudiante de Arquitectura na ETSA de A Coru\u00f1a e colaborador na revista Dot: Magazine (http:\/\/www.dotgalicia.com\/)","url":"http:\/\/arquitecturadegalicia.eu\/blog\/author\/teblink\/"}]}},"jetpack_featured_media_url":"http:\/\/arquitecturadegalicia.eu\/blog\/wp-content\/uploads\/2013\/07\/Qui\u00f1onez.jpg","jetpack_shortlink":"https:\/\/wp.me\/p2NHs2-27r","jetpack_sharing_enabled":true,"_links":{"self":[{"href":"http:\/\/arquitecturadegalicia.eu\/blog\/wp-json\/wp\/v2\/posts\/8149","targetHints":{"allow":["GET"]}}],"collection":[{"href":"http:\/\/arquitecturadegalicia.eu\/blog\/wp-json\/wp\/v2\/posts"}],"about":[{"href":"http:\/\/arquitecturadegalicia.eu\/blog\/wp-json\/wp\/v2\/types\/post"}],"author":[{"embeddable":true,"href":"http:\/\/arquitecturadegalicia.eu\/blog\/wp-json\/wp\/v2\/users\/10"}],"replies":[{"embeddable":true,"href":"http:\/\/arquitecturadegalicia.eu\/blog\/wp-json\/wp\/v2\/comments?post=8149"}],"version-history":[{"count":6,"href":"http:\/\/arquitecturadegalicia.eu\/blog\/wp-json\/wp\/v2\/posts\/8149\/revisions"}],"predecessor-version":[{"id":8156,"href":"http:\/\/arquitecturadegalicia.eu\/blog\/wp-json\/wp\/v2\/posts\/8149\/revisions\/8156"}],"wp:featuredmedia":[{"embeddable":true,"href":"http:\/\/arquitecturadegalicia.eu\/blog\/wp-json\/wp\/v2\/media\/8150"}],"wp:attachment":[{"href":"http:\/\/arquitecturadegalicia.eu\/blog\/wp-json\/wp\/v2\/media?parent=8149"}],"wp:term":[{"taxonomy":"category","embeddable":true,"href":"http:\/\/arquitecturadegalicia.eu\/blog\/wp-json\/wp\/v2\/categories?post=8149"},{"taxonomy":"post_tag","embeddable":true,"href":"http:\/\/arquitecturadegalicia.eu\/blog\/wp-json\/wp\/v2\/tags?post=8149"},{"taxonomy":"ano","embeddable":true,"href":"http:\/\/arquitecturadegalicia.eu\/blog\/wp-json\/wp\/v2\/ano?post=8149"},{"taxonomy":"arquitectos","embeddable":true,"href":"http:\/\/arquitecturadegalicia.eu\/blog\/wp-json\/wp\/v2\/arquitectos?post=8149"},{"taxonomy":"tipoloxia","embeddable":true,"href":"http:\/\/arquitecturadegalicia.eu\/blog\/wp-json\/wp\/v2\/tipoloxia?post=8149"}],"curies":[{"name":"wp","href":"https:\/\/api.w.org\/{rel}","templated":true}]}}