{"id":8761,"date":"2013-08-31T20:00:12","date_gmt":"2013-08-31T18:00:12","guid":{"rendered":"http:\/\/arquitecturadegalicia.eu\/blog\/?p=8761"},"modified":"2013-08-27T15:11:12","modified_gmt":"2013-08-27T13:11:12","slug":"centro-de-calculo-e-servizos-de-caixa-galicia","status":"publish","type":"post","link":"http:\/\/arquitecturadegalicia.eu\/blog\/centro-de-calculo-e-servizos-de-caixa-galicia\/","title":{"rendered":"Centro de C\u00e1lculo e Servizos de Caixa Galicia"},"content":{"rendered":"<h6 style=\"text-align: right;\"><img fetchpriority=\"high\" decoding=\"async\" class=\"alignnone size-full wp-image-8763\" alt=\"servizos_caixa_galicia_fernandez_albalat_pocomaco_corunha\" src=\"http:\/\/arquitecturadegalicia.eu\/blog\/wp-content\/uploads\/2013\/08\/servizos_caixa_galicia_fernandez_albalat_pocomaco_corunha.jpg\" width=\"620\" height=\"375\" srcset=\"http:\/\/arquitecturadegalicia.eu\/blog\/wp-content\/uploads\/2013\/08\/servizos_caixa_galicia_fernandez_albalat_pocomaco_corunha.jpg 620w, http:\/\/arquitecturadegalicia.eu\/blog\/wp-content\/uploads\/2013\/08\/servizos_caixa_galicia_fernandez_albalat_pocomaco_corunha-300x181.jpg 300w\" sizes=\"(max-width: 620px) 100vw, 620px\" \/><br \/>\n<span style=\"color: #999999;\"> <a href=\"http:\/\/www.archxx-sudoe.es\/ficha.jsp?id=940&amp;tipo=v&amp;elto=14&amp;np=0&amp;buscando=true&amp;repetir=true&amp;miniatura=false&amp;campo=ccaa\" target=\"_blank\"><span style=\"color: #999999;\">archxx-sudoe.es<\/span><\/a><\/span><\/h6>\n<table class=\"aligncenter\" width=\"620\" border=\"0\" cellspacing=\"0\" cellpadding=\"0\">\n<tbody>\n<tr>\n<td width=\"180\"><strong>Obra:<\/strong><\/td>\n<td>Centro de C\u00e1lculo e Servizos de Caixa Galicia<\/td>\n<\/tr>\n<tr>\n<td><strong>Arquitecto:<\/strong><\/td>\n<td>Andr\u00e9s Fern\u00e1ndez-Albalat Lois<\/td>\n<\/tr>\n<tr>\n<td><strong>Provincia:<\/strong><\/td>\n<td>A Coru\u00f1a<\/td>\n<\/tr>\n<tr>\n<td><strong>Localidade:<\/strong><\/td>\n<td>Pol\u00edgono de PoCoMaCo, A Coru\u00f1a<\/td>\n<\/tr>\n<tr>\n<td><strong>Ano:<\/strong><\/td>\n<td>1975 &#8211; 1983<\/td>\n<\/tr>\n<tr>\n<td><strong>Xeolocalizaci\u00f3n:<\/strong><\/td>\n<td><a href=\"https:\/\/www.google.es\/maps\/ms?ie=UTF8&amp;hl=es&amp;oe=UTF8&amp;msa=0&amp;msid=205584753861089304839.0004b3590a9baff01c53d&amp;start=400&amp;num=200&amp;t=h&amp;vpsrc=6&amp;dg=feature&amp;ll=43.329734,-8.432613&amp;spn=0.001667,0.002411&amp;z=19&amp;iwloc=0004ded2bf9644a82d6cc\" target=\"_blank\"><strong>43.329,-8.433<\/strong><\/a><\/td>\n<\/tr>\n<\/tbody>\n<\/table>\n<table class=\" aligncenter\" width=\"620\" border=\"0\" cellspacing=\"0\" cellpadding=\"0\">\n<tbody>\n<tr>\n<td colspan=\"3\"><strong>Outros Datos:<\/strong><\/td>\n<\/tr>\n<tr>\n<td width=\"20\"><\/td>\n<td colspan=\"2\"><strong>Premios:<\/strong><\/td>\n<\/tr>\n<tr>\n<td width=\"20\"><\/td>\n<td width=\"20\"><\/td>\n<td width=\"580\"><\/td>\n<\/tr>\n<tr>\n<td width=\"20\"><\/td>\n<td colspan=\"2\"><strong>Publicaci\u00f3ns:<\/strong><\/td>\n<\/tr>\n<tr>\n<td width=\"20\"><\/td>\n<td width=\"20\"><\/td>\n<td><a href=\"http:\/\/es.scribd.com\/doc\/56585738\/4\/ANDRES-FERNANDEZ-ALBALAT\" target=\"_blank\"><strong>Andr\u00e9s Fern\u00e1ndez-Albalat. Arqutiectura y Oficio<\/strong><\/a> | Documentos de Arquitectura 4 | 2008<br \/>\nAA.VV. | Arquitectos (do racionalismo \u00e1 modernidade) | Nova Galicia Edici\u00f3ns, 2002<\/td>\n<\/tr>\n<tr>\n<td width=\"20\"><\/td>\n<td colspan=\"2\"><strong>Informaci\u00f3n na rede:<\/strong><\/td>\n<\/tr>\n<tr>\n<td width=\"20\"><\/td>\n<td width=\"20\"><\/td>\n<td><a href=\"http:\/\/www.turgalicia.es\/ficha-recurso?langId=es_ES&amp;cod_rec=34241&amp;ctre=46&amp;volverFicha=true\" target=\"_blank\"><strong>turgalicia.es<br \/>\n<\/strong><\/a><\/td>\n<\/tr>\n<tr>\n<td width=\"20\"><\/td>\n<td style=\"text-align: justify;\" colspan=\"2\"><strong>Descripci\u00f3n do proxecto:<\/strong><\/td>\n<\/tr>\n<tr>\n<td width=\"20\"><\/td>\n<td width=\"20\"><\/td>\n<td style=\"text-align: justify;\">\u00abUn Centro de C\u00e1lculo hecho para Caixa Galicia, se inici\u00f3 en 1979 y el segundo edificio se hizo en 1983. Se llev\u00f3 a cabo en dos etapas. El centro de c\u00e1lculo es el elemento generador, un cuerpo muy compacto cerrado, de planta cuadrada, cerramientos exteriores con paneles de poli\u00e9ster reforzado con fibra de vidrio de doble capa, poliestireno intermedio; al interior, murete de hormig\u00f3n muy armado.Zona basamental y placas de hormig\u00f3n armado.La planta del centro de c\u00e1lculo mide treinta por treinta metros, un espacio de unos mil metros cuadrados donde est\u00e1n todos los ordenadores.<\/p>\n<p>Adosado lleva una sucursal de Caixa Galicia y otro volumen con todas las dependencias sirvientes al centro de c\u00e1lculo, se acristal\u00f3 la cubierta y fachada, con la naturaleza que \u201centra\u201d por todas partes; lugar de posible desahogo y descanso para los que trabajan en los ordenadores, en espacio totalmente cerrado.Tiene planta baja, s\u00f3tano con las instalaciones, bastante complicadas y planta alta. En la planta de s\u00f3tano se hizo una c\u00e1mara bufa en todo el per\u00edmetro para proteger de filtraciones.<\/p>\n<p>Se cuidaron las instalaciones porque, adem\u00e1s de las habituales, en este edificio son muy importantes el equipo de continuidad y la climatizaci\u00f3n.Todo el edificio es de hormig\u00f3n visto, poli\u00e9ster reforzado con fibra de vidrio y mucho cristal. Con el cristal tuve algunos problemas en la cubierta, ya que todas las placas se pon\u00edan superpuestas solapando bordes con una junta el\u00e1stica intermedia. Sucedi\u00f3 que empez\u00f3 a entrar agua, ya que la capilaridad hac\u00eda que se metiera cuesta arriba en el material el\u00e1stico y hubo que sellarlo, porque vidrio contra vidrio tampoco se pod\u00eda colocar. Me gusta poner g\u00e1rgolas en las bajantes de manera que el agua entra por la bajante pero, si se atasca, sale por la g\u00e1rgola; es como un rebosadero que avisa y funciona bien. En la sala de ordenadores, suelo t\u00e9cnico para instalaciones. Sistemas de detecci\u00f3n y extinci\u00f3n de incendios en tres cotas: bajo suelo t\u00e9cnico, en zona habitable y sobre falso techo; detecci\u00f3n, alarma y extinci\u00f3n\u00bb<br \/>\nAndr\u00e9s Fern\u00e1ndez-Albalat<\/td>\n<\/tr>\n<tr>\n<td width=\"20\"><\/td>\n<td colspan=\"2\"><b>Reportaxe fotogr\u00e1fica:<\/b><\/td>\n<\/tr>\n<tr>\n<td width=\"20\"><\/td>\n<td colspan=\"2\"><\/td>\n<\/tr>\n<tr>\n<td width=\"20\"><\/td>\n<td colspan=\"2\"><strong>Planos:<\/strong><\/td>\n<\/tr>\n<tr>\n<td width=\"20\"><\/td>\n<td colspan=\"2\"><\/td>\n<\/tr>\n<\/tbody>\n<\/table>\n<p>&nbsp;<\/p>\n","protected":false},"excerpt":{"rendered":"<p>\u00abSe acristal\u00f3 la cubierta y fachada, con la naturaleza que \u201centra\u201d por todas partes; lugar de posible desahogo y descanso para los que trabajan en los ordenadores, en espacio totalmente cerrado\u00bb<br \/>\nAndr\u00e9s Fern\u00e1ndez-Albalat<\/p>\n","protected":false},"author":8,"featured_media":8763,"comment_status":"open","ping_status":"open","sticky":false,"template":"","format":"standard","meta":{"jetpack_post_was_ever_published":false,"_jetpack_newsletter_access":"","_jetpack_dont_email_post_to_subs":false,"_jetpack_newsletter_tier_id":0,"_jetpack_memberships_contains_paywalled_content":false,"_jetpack_memberships_contains_paid_content":false,"footnotes":"","jetpack_publicize_message":"","jetpack_publicize_feature_enabled":true,"jetpack_social_post_already_shared":true,"jetpack_social_options":{"image_generator_settings":{"template":"highway","enabled":false},"version":2}},"categories":[28],"tags":[493,258,96],"ano":[],"arquitectos":[],"tipoloxia":[],"class_list":["post-8761","post","type-post","status-publish","format-standard","has-post-thumbnail","hentry","category-a-coruna","tag-493","tag-fernandez-albalat-lois","tag-oficinas","content-print"],"jetpack_publicize_connections":[],"yoast_head":"<!-- This site is optimized with the Yoast SEO plugin v24.1 - https:\/\/yoast.com\/wordpress\/plugins\/seo\/ -->\n<title>Centro de C\u00e1lculo e Servizos de Caixa Galicia  | AG<\/title>\n<meta name=\"robots\" content=\"index, follow, max-snippet:-1, max-image-preview:large, max-video-preview:-1\" \/>\n<link rel=\"canonical\" href=\"http:\/\/arquitecturadegalicia.eu\/blog\/centro-de-calculo-e-servizos-de-caixa-galicia\/\" \/>\n<meta property=\"og:locale\" content=\"es_ES\" \/>\n<meta property=\"og:type\" content=\"article\" \/>\n<meta property=\"og:title\" content=\"Centro de C\u00e1lculo e Servizos de Caixa Galicia  | AG\" \/>\n<meta property=\"og:description\" content=\"&quot;Se acristal\u00f3 la cubierta y fachada, con la naturaleza que \u201centra\u201d por todas partes; lugar de posible desahogo y descanso para los que trabajan en los ordenadores, en espacio totalmente cerrado&quot;  Andr\u00e9s Fern\u00e1ndez-Albalat\" \/>\n<meta property=\"og:url\" content=\"http:\/\/arquitecturadegalicia.eu\/blog\/centro-de-calculo-e-servizos-de-caixa-galicia\/\" \/>\n<meta property=\"og:site_name\" content=\"AG\" \/>\n<meta property=\"article:publisher\" content=\"https:\/\/www.facebook.com\/ArquitecturadeGalicia\/\" \/>\n<meta property=\"article:published_time\" content=\"2013-08-31T18:00:12+00:00\" \/>\n<meta property=\"article:modified_time\" content=\"2013-08-27T13:11:12+00:00\" \/>\n<meta property=\"og:image\" content=\"http:\/\/arquitecturadegalicia.eu\/blog\/wp-content\/uploads\/2013\/08\/servizos_caixa_galicia_fernandez_albalat_pocomaco_corunha.jpg\" \/>\n\t<meta property=\"og:image:width\" content=\"620\" \/>\n\t<meta property=\"og:image:height\" content=\"375\" \/>\n\t<meta property=\"og:image:type\" content=\"image\/jpeg\" \/>\n<meta name=\"author\" content=\"Iago Valverde\" \/>\n<meta name=\"twitter:card\" content=\"summary_large_image\" \/>\n<meta name=\"twitter:creator\" content=\"@arquigaliciaeu\" \/>\n<meta name=\"twitter:site\" content=\"@arquigaliciaeu\" \/>\n<meta name=\"twitter:label1\" content=\"Escrito por\" \/>\n\t<meta name=\"twitter:data1\" content=\"Iago Valverde\" \/>\n\t<meta name=\"twitter:label2\" content=\"Tiempo de lectura\" \/>\n\t<meta name=\"twitter:data2\" content=\"2 minutos\" \/>\n<script type=\"application\/ld+json\" class=\"yoast-schema-graph\">{\"@context\":\"https:\/\/schema.org\",\"@graph\":[{\"@type\":\"Article\",\"@id\":\"http:\/\/arquitecturadegalicia.eu\/blog\/centro-de-calculo-e-servizos-de-caixa-galicia\/#article\",\"isPartOf\":{\"@id\":\"http:\/\/arquitecturadegalicia.eu\/blog\/centro-de-calculo-e-servizos-de-caixa-galicia\/\"},\"author\":{\"name\":\"Iago Valverde\",\"@id\":\"https:\/\/arquitecturadegalicia.eu\/blog\/#\/schema\/person\/a51297ea3eeddd32ccbd89a218e148f1\"},\"headline\":\"Centro de C\u00e1lculo e Servizos de Caixa Galicia\",\"datePublished\":\"2013-08-31T18:00:12+00:00\",\"dateModified\":\"2013-08-27T13:11:12+00:00\",\"mainEntityOfPage\":{\"@id\":\"http:\/\/arquitecturadegalicia.eu\/blog\/centro-de-calculo-e-servizos-de-caixa-galicia\/\"},\"wordCount\":451,\"commentCount\":0,\"publisher\":{\"@id\":\"https:\/\/arquitecturadegalicia.eu\/blog\/#organization\"},\"image\":{\"@id\":\"http:\/\/arquitecturadegalicia.eu\/blog\/centro-de-calculo-e-servizos-de-caixa-galicia\/#primaryimage\"},\"thumbnailUrl\":\"http:\/\/arquitecturadegalicia.eu\/blog\/wp-content\/uploads\/2013\/08\/servizos_caixa_galicia_fernandez_albalat_pocomaco_corunha.jpg\",\"keywords\":[\"1983\",\"Andr\u00e9s Fern\u00e1ndez-Albalat Lois\",\"oficinas\"],\"articleSection\":[\"A Coru\u00f1a\"],\"inLanguage\":\"es\",\"potentialAction\":[{\"@type\":\"CommentAction\",\"name\":\"Comment\",\"target\":[\"http:\/\/arquitecturadegalicia.eu\/blog\/centro-de-calculo-e-servizos-de-caixa-galicia\/#respond\"]}]},{\"@type\":\"WebPage\",\"@id\":\"http:\/\/arquitecturadegalicia.eu\/blog\/centro-de-calculo-e-servizos-de-caixa-galicia\/\",\"url\":\"http:\/\/arquitecturadegalicia.eu\/blog\/centro-de-calculo-e-servizos-de-caixa-galicia\/\",\"name\":\"Centro de C\u00e1lculo e Servizos de Caixa Galicia | AG\",\"isPartOf\":{\"@id\":\"https:\/\/arquitecturadegalicia.eu\/blog\/#website\"},\"primaryImageOfPage\":{\"@id\":\"http:\/\/arquitecturadegalicia.eu\/blog\/centro-de-calculo-e-servizos-de-caixa-galicia\/#primaryimage\"},\"image\":{\"@id\":\"http:\/\/arquitecturadegalicia.eu\/blog\/centro-de-calculo-e-servizos-de-caixa-galicia\/#primaryimage\"},\"thumbnailUrl\":\"http:\/\/arquitecturadegalicia.eu\/blog\/wp-content\/uploads\/2013\/08\/servizos_caixa_galicia_fernandez_albalat_pocomaco_corunha.jpg\",\"datePublished\":\"2013-08-31T18:00:12+00:00\",\"dateModified\":\"2013-08-27T13:11:12+00:00\",\"breadcrumb\":{\"@id\":\"http:\/\/arquitecturadegalicia.eu\/blog\/centro-de-calculo-e-servizos-de-caixa-galicia\/#breadcrumb\"},\"inLanguage\":\"es\",\"potentialAction\":[{\"@type\":\"ReadAction\",\"target\":[\"http:\/\/arquitecturadegalicia.eu\/blog\/centro-de-calculo-e-servizos-de-caixa-galicia\/\"]}]},{\"@type\":\"ImageObject\",\"inLanguage\":\"es\",\"@id\":\"http:\/\/arquitecturadegalicia.eu\/blog\/centro-de-calculo-e-servizos-de-caixa-galicia\/#primaryimage\",\"url\":\"http:\/\/arquitecturadegalicia.eu\/blog\/wp-content\/uploads\/2013\/08\/servizos_caixa_galicia_fernandez_albalat_pocomaco_corunha.jpg\",\"contentUrl\":\"http:\/\/arquitecturadegalicia.eu\/blog\/wp-content\/uploads\/2013\/08\/servizos_caixa_galicia_fernandez_albalat_pocomaco_corunha.jpg\",\"width\":620,\"height\":375},{\"@type\":\"BreadcrumbList\",\"@id\":\"http:\/\/arquitecturadegalicia.eu\/blog\/centro-de-calculo-e-servizos-de-caixa-galicia\/#breadcrumb\",\"itemListElement\":[{\"@type\":\"ListItem\",\"position\":1,\"name\":\"Portada\",\"item\":\"https:\/\/arquitecturadegalicia.eu\/blog\/\"},{\"@type\":\"ListItem\",\"position\":2,\"name\":\"Centro de C\u00e1lculo e Servizos de Caixa Galicia\"}]},{\"@type\":\"WebSite\",\"@id\":\"https:\/\/arquitecturadegalicia.eu\/blog\/#website\",\"url\":\"https:\/\/arquitecturadegalicia.eu\/blog\/\",\"name\":\"AG\",\"description\":\"Arquitectura de Galicia\",\"publisher\":{\"@id\":\"https:\/\/arquitecturadegalicia.eu\/blog\/#organization\"},\"potentialAction\":[{\"@type\":\"SearchAction\",\"target\":{\"@type\":\"EntryPoint\",\"urlTemplate\":\"https:\/\/arquitecturadegalicia.eu\/blog\/?s={search_term_string}\"},\"query-input\":{\"@type\":\"PropertyValueSpecification\",\"valueRequired\":true,\"valueName\":\"search_term_string\"}}],\"inLanguage\":\"es\"},{\"@type\":\"Organization\",\"@id\":\"https:\/\/arquitecturadegalicia.eu\/blog\/#organization\",\"name\":\"Arquitectura de Galicia\",\"url\":\"https:\/\/arquitecturadegalicia.eu\/blog\/\",\"logo\":{\"@type\":\"ImageObject\",\"inLanguage\":\"es\",\"@id\":\"https:\/\/arquitecturadegalicia.eu\/blog\/#\/schema\/logo\/image\/\",\"url\":\"https:\/\/arquitecturadegalicia.eu\/blog\/wp-content\/uploads\/2017\/01\/arquitecturacurrents2.png\",\"contentUrl\":\"https:\/\/arquitecturadegalicia.eu\/blog\/wp-content\/uploads\/2017\/01\/arquitecturacurrents2.png\",\"width\":840,\"height\":640,\"caption\":\"Arquitectura de Galicia\"},\"image\":{\"@id\":\"https:\/\/arquitecturadegalicia.eu\/blog\/#\/schema\/logo\/image\/\"},\"sameAs\":[\"https:\/\/www.facebook.com\/ArquitecturadeGalicia\/\",\"https:\/\/x.com\/arquigaliciaeu\",\"https:\/\/www.instagram.com\/arquigaliciaeu\/\"]},{\"@type\":\"Person\",\"@id\":\"https:\/\/arquitecturadegalicia.eu\/blog\/#\/schema\/person\/a51297ea3eeddd32ccbd89a218e148f1\",\"name\":\"Iago Valverde\",\"image\":{\"@type\":\"ImageObject\",\"inLanguage\":\"es\",\"@id\":\"https:\/\/arquitecturadegalicia.eu\/blog\/#\/schema\/person\/image\/\",\"url\":\"https:\/\/secure.gravatar.com\/avatar\/eb8a9f2f10ff79db5c78989d92f1e8b2?s=96&d=mm&r=g\",\"contentUrl\":\"https:\/\/secure.gravatar.com\/avatar\/eb8a9f2f10ff79db5c78989d92f1e8b2?s=96&d=mm&r=g\",\"caption\":\"Iago Valverde\"},\"description\":\"Nigr\u00e1n | Edici\u00f3n de artigos e xeolocalizaci\u00f3n | Arquitecto en formaci\u00f3n na ETSAC e cursando PFC. Interesado en urbanismo, arquitectura, pol\u00edtica, e todo aquilo que \u00e9 complexo e vital\",\"url\":\"http:\/\/arquitecturadegalicia.eu\/blog\/author\/iago-valverde\/\"}]}<\/script>\n<!-- \/ Yoast SEO plugin. -->","yoast_head_json":{"title":"Centro de C\u00e1lculo e Servizos de Caixa Galicia  | AG","robots":{"index":"index","follow":"follow","max-snippet":"max-snippet:-1","max-image-preview":"max-image-preview:large","max-video-preview":"max-video-preview:-1"},"canonical":"http:\/\/arquitecturadegalicia.eu\/blog\/centro-de-calculo-e-servizos-de-caixa-galicia\/","og_locale":"es_ES","og_type":"article","og_title":"Centro de C\u00e1lculo e Servizos de Caixa Galicia  | AG","og_description":"\"Se acristal\u00f3 la cubierta y fachada, con la naturaleza que \u201centra\u201d por todas partes; lugar de posible desahogo y descanso para los que trabajan en los ordenadores, en espacio totalmente cerrado\"  Andr\u00e9s Fern\u00e1ndez-Albalat","og_url":"http:\/\/arquitecturadegalicia.eu\/blog\/centro-de-calculo-e-servizos-de-caixa-galicia\/","og_site_name":"AG","article_publisher":"https:\/\/www.facebook.com\/ArquitecturadeGalicia\/","article_published_time":"2013-08-31T18:00:12+00:00","article_modified_time":"2013-08-27T13:11:12+00:00","og_image":[{"width":620,"height":375,"url":"http:\/\/arquitecturadegalicia.eu\/blog\/wp-content\/uploads\/2013\/08\/servizos_caixa_galicia_fernandez_albalat_pocomaco_corunha.jpg","type":"image\/jpeg"}],"author":"Iago Valverde","twitter_card":"summary_large_image","twitter_creator":"@arquigaliciaeu","twitter_site":"@arquigaliciaeu","twitter_misc":{"Escrito por":"Iago Valverde","Tiempo de lectura":"2 minutos"},"schema":{"@context":"https:\/\/schema.org","@graph":[{"@type":"Article","@id":"http:\/\/arquitecturadegalicia.eu\/blog\/centro-de-calculo-e-servizos-de-caixa-galicia\/#article","isPartOf":{"@id":"http:\/\/arquitecturadegalicia.eu\/blog\/centro-de-calculo-e-servizos-de-caixa-galicia\/"},"author":{"name":"Iago Valverde","@id":"https:\/\/arquitecturadegalicia.eu\/blog\/#\/schema\/person\/a51297ea3eeddd32ccbd89a218e148f1"},"headline":"Centro de C\u00e1lculo e Servizos de Caixa Galicia","datePublished":"2013-08-31T18:00:12+00:00","dateModified":"2013-08-27T13:11:12+00:00","mainEntityOfPage":{"@id":"http:\/\/arquitecturadegalicia.eu\/blog\/centro-de-calculo-e-servizos-de-caixa-galicia\/"},"wordCount":451,"commentCount":0,"publisher":{"@id":"https:\/\/arquitecturadegalicia.eu\/blog\/#organization"},"image":{"@id":"http:\/\/arquitecturadegalicia.eu\/blog\/centro-de-calculo-e-servizos-de-caixa-galicia\/#primaryimage"},"thumbnailUrl":"http:\/\/arquitecturadegalicia.eu\/blog\/wp-content\/uploads\/2013\/08\/servizos_caixa_galicia_fernandez_albalat_pocomaco_corunha.jpg","keywords":["1983","Andr\u00e9s Fern\u00e1ndez-Albalat Lois","oficinas"],"articleSection":["A Coru\u00f1a"],"inLanguage":"es","potentialAction":[{"@type":"CommentAction","name":"Comment","target":["http:\/\/arquitecturadegalicia.eu\/blog\/centro-de-calculo-e-servizos-de-caixa-galicia\/#respond"]}]},{"@type":"WebPage","@id":"http:\/\/arquitecturadegalicia.eu\/blog\/centro-de-calculo-e-servizos-de-caixa-galicia\/","url":"http:\/\/arquitecturadegalicia.eu\/blog\/centro-de-calculo-e-servizos-de-caixa-galicia\/","name":"Centro de C\u00e1lculo e Servizos de Caixa Galicia | AG","isPartOf":{"@id":"https:\/\/arquitecturadegalicia.eu\/blog\/#website"},"primaryImageOfPage":{"@id":"http:\/\/arquitecturadegalicia.eu\/blog\/centro-de-calculo-e-servizos-de-caixa-galicia\/#primaryimage"},"image":{"@id":"http:\/\/arquitecturadegalicia.eu\/blog\/centro-de-calculo-e-servizos-de-caixa-galicia\/#primaryimage"},"thumbnailUrl":"http:\/\/arquitecturadegalicia.eu\/blog\/wp-content\/uploads\/2013\/08\/servizos_caixa_galicia_fernandez_albalat_pocomaco_corunha.jpg","datePublished":"2013-08-31T18:00:12+00:00","dateModified":"2013-08-27T13:11:12+00:00","breadcrumb":{"@id":"http:\/\/arquitecturadegalicia.eu\/blog\/centro-de-calculo-e-servizos-de-caixa-galicia\/#breadcrumb"},"inLanguage":"es","potentialAction":[{"@type":"ReadAction","target":["http:\/\/arquitecturadegalicia.eu\/blog\/centro-de-calculo-e-servizos-de-caixa-galicia\/"]}]},{"@type":"ImageObject","inLanguage":"es","@id":"http:\/\/arquitecturadegalicia.eu\/blog\/centro-de-calculo-e-servizos-de-caixa-galicia\/#primaryimage","url":"http:\/\/arquitecturadegalicia.eu\/blog\/wp-content\/uploads\/2013\/08\/servizos_caixa_galicia_fernandez_albalat_pocomaco_corunha.jpg","contentUrl":"http:\/\/arquitecturadegalicia.eu\/blog\/wp-content\/uploads\/2013\/08\/servizos_caixa_galicia_fernandez_albalat_pocomaco_corunha.jpg","width":620,"height":375},{"@type":"BreadcrumbList","@id":"http:\/\/arquitecturadegalicia.eu\/blog\/centro-de-calculo-e-servizos-de-caixa-galicia\/#breadcrumb","itemListElement":[{"@type":"ListItem","position":1,"name":"Portada","item":"https:\/\/arquitecturadegalicia.eu\/blog\/"},{"@type":"ListItem","position":2,"name":"Centro de C\u00e1lculo e Servizos de Caixa Galicia"}]},{"@type":"WebSite","@id":"https:\/\/arquitecturadegalicia.eu\/blog\/#website","url":"https:\/\/arquitecturadegalicia.eu\/blog\/","name":"AG","description":"Arquitectura de Galicia","publisher":{"@id":"https:\/\/arquitecturadegalicia.eu\/blog\/#organization"},"potentialAction":[{"@type":"SearchAction","target":{"@type":"EntryPoint","urlTemplate":"https:\/\/arquitecturadegalicia.eu\/blog\/?s={search_term_string}"},"query-input":{"@type":"PropertyValueSpecification","valueRequired":true,"valueName":"search_term_string"}}],"inLanguage":"es"},{"@type":"Organization","@id":"https:\/\/arquitecturadegalicia.eu\/blog\/#organization","name":"Arquitectura de Galicia","url":"https:\/\/arquitecturadegalicia.eu\/blog\/","logo":{"@type":"ImageObject","inLanguage":"es","@id":"https:\/\/arquitecturadegalicia.eu\/blog\/#\/schema\/logo\/image\/","url":"https:\/\/arquitecturadegalicia.eu\/blog\/wp-content\/uploads\/2017\/01\/arquitecturacurrents2.png","contentUrl":"https:\/\/arquitecturadegalicia.eu\/blog\/wp-content\/uploads\/2017\/01\/arquitecturacurrents2.png","width":840,"height":640,"caption":"Arquitectura de Galicia"},"image":{"@id":"https:\/\/arquitecturadegalicia.eu\/blog\/#\/schema\/logo\/image\/"},"sameAs":["https:\/\/www.facebook.com\/ArquitecturadeGalicia\/","https:\/\/x.com\/arquigaliciaeu","https:\/\/www.instagram.com\/arquigaliciaeu\/"]},{"@type":"Person","@id":"https:\/\/arquitecturadegalicia.eu\/blog\/#\/schema\/person\/a51297ea3eeddd32ccbd89a218e148f1","name":"Iago Valverde","image":{"@type":"ImageObject","inLanguage":"es","@id":"https:\/\/arquitecturadegalicia.eu\/blog\/#\/schema\/person\/image\/","url":"https:\/\/secure.gravatar.com\/avatar\/eb8a9f2f10ff79db5c78989d92f1e8b2?s=96&d=mm&r=g","contentUrl":"https:\/\/secure.gravatar.com\/avatar\/eb8a9f2f10ff79db5c78989d92f1e8b2?s=96&d=mm&r=g","caption":"Iago Valverde"},"description":"Nigr\u00e1n | Edici\u00f3n de artigos e xeolocalizaci\u00f3n | Arquitecto en formaci\u00f3n na ETSAC e cursando PFC. Interesado en urbanismo, arquitectura, pol\u00edtica, e todo aquilo que \u00e9 complexo e vital","url":"http:\/\/arquitecturadegalicia.eu\/blog\/author\/iago-valverde\/"}]}},"jetpack_featured_media_url":"http:\/\/arquitecturadegalicia.eu\/blog\/wp-content\/uploads\/2013\/08\/servizos_caixa_galicia_fernandez_albalat_pocomaco_corunha.jpg","jetpack_shortlink":"https:\/\/wp.me\/p2NHs2-2hj","jetpack_sharing_enabled":true,"_links":{"self":[{"href":"http:\/\/arquitecturadegalicia.eu\/blog\/wp-json\/wp\/v2\/posts\/8761","targetHints":{"allow":["GET"]}}],"collection":[{"href":"http:\/\/arquitecturadegalicia.eu\/blog\/wp-json\/wp\/v2\/posts"}],"about":[{"href":"http:\/\/arquitecturadegalicia.eu\/blog\/wp-json\/wp\/v2\/types\/post"}],"author":[{"embeddable":true,"href":"http:\/\/arquitecturadegalicia.eu\/blog\/wp-json\/wp\/v2\/users\/8"}],"replies":[{"embeddable":true,"href":"http:\/\/arquitecturadegalicia.eu\/blog\/wp-json\/wp\/v2\/comments?post=8761"}],"version-history":[{"count":7,"href":"http:\/\/arquitecturadegalicia.eu\/blog\/wp-json\/wp\/v2\/posts\/8761\/revisions"}],"predecessor-version":[{"id":8767,"href":"http:\/\/arquitecturadegalicia.eu\/blog\/wp-json\/wp\/v2\/posts\/8761\/revisions\/8767"}],"wp:featuredmedia":[{"embeddable":true,"href":"http:\/\/arquitecturadegalicia.eu\/blog\/wp-json\/wp\/v2\/media\/8763"}],"wp:attachment":[{"href":"http:\/\/arquitecturadegalicia.eu\/blog\/wp-json\/wp\/v2\/media?parent=8761"}],"wp:term":[{"taxonomy":"category","embeddable":true,"href":"http:\/\/arquitecturadegalicia.eu\/blog\/wp-json\/wp\/v2\/categories?post=8761"},{"taxonomy":"post_tag","embeddable":true,"href":"http:\/\/arquitecturadegalicia.eu\/blog\/wp-json\/wp\/v2\/tags?post=8761"},{"taxonomy":"ano","embeddable":true,"href":"http:\/\/arquitecturadegalicia.eu\/blog\/wp-json\/wp\/v2\/ano?post=8761"},{"taxonomy":"arquitectos","embeddable":true,"href":"http:\/\/arquitecturadegalicia.eu\/blog\/wp-json\/wp\/v2\/arquitectos?post=8761"},{"taxonomy":"tipoloxia","embeddable":true,"href":"http:\/\/arquitecturadegalicia.eu\/blog\/wp-json\/wp\/v2\/tipoloxia?post=8761"}],"curies":[{"name":"wp","href":"https:\/\/api.w.org\/{rel}","templated":true}]}}