{"id":9411,"date":"2013-10-28T20:00:19","date_gmt":"2013-10-28T19:00:19","guid":{"rendered":"http:\/\/arquitecturadegalicia.eu\/blog\/?p=9411"},"modified":"2013-10-25T11:09:14","modified_gmt":"2013-10-25T09:09:14","slug":"escola-de-artes-e-oficios-de-lugo","status":"publish","type":"post","link":"http:\/\/arquitecturadegalicia.eu\/blog\/escola-de-artes-e-oficios-de-lugo\/","title":{"rendered":"Escola de Artes e Oficios de Lugo"},"content":{"rendered":"<p><img fetchpriority=\"high\" decoding=\"async\" class=\"aligncenter size-full wp-image-9414\" alt=\"AG | Ram\u00f3n Falc\u00f3n\" src=\"http:\/\/arquitecturadegalicia.eu\/blog\/wp-content\/uploads\/2013\/10\/7\u00ba.jpg\" width=\"620\" height=\"620\" srcset=\"http:\/\/arquitecturadegalicia.eu\/blog\/wp-content\/uploads\/2013\/10\/7\u00ba.jpg 620w, http:\/\/arquitecturadegalicia.eu\/blog\/wp-content\/uploads\/2013\/10\/7\u00ba-300x300.jpg 300w\" sizes=\"(max-width: 620px) 100vw, 620px\" \/><\/p>\n<p style=\"text-align: right;\"><a style=\"font-size: 0.75em; text-align: right;\"><span style=\"color: #c0c0c0;\">Jose Reigosa<\/span><\/a><\/p>\n<table class=\"aligncenter\" width=\"620\" border=\"0\" cellspacing=\"0\" cellpadding=\"0\">\n<tbody>\n<tr>\n<td width=\"180\"><strong>Obra:<\/strong><\/td>\n<td>\u00a0Escola de Artes e Oficios. Escola Ram\u00f3n Falc\u00f3n.<\/td>\n<\/tr>\n<tr>\n<td><strong>Arquitecto:<\/strong><\/td>\n<td>\u00a0Manuel Manzano-Mon\u00eds y Mancebo y Manuel Manzano-Mon\u00eds.<\/td>\n<\/tr>\n<tr>\n<td><strong>Provincia:<\/strong><\/td>\n<td>\u00a0Lugo<\/td>\n<\/tr>\n<tr>\n<td><strong>Localidade:<\/strong><\/td>\n<td>\u00a0Lugo<\/td>\n<\/tr>\n<tr>\n<td><strong>Ano:<\/strong><\/td>\n<td>\u00a01970 &#8211; 75<\/td>\n<\/tr>\n<tr>\n<td><strong>Xeolocalizaci\u00f3n:<\/strong><\/td>\n<td>\u00a0<a href=\"https:\/\/maps.google.es\/maps\/ms?ie=UTF8&amp;hl=es&amp;oe=UTF8&amp;msa=0&amp;msid=205584753861089304839.0004b3590a9baff01c53d&amp;num=200&amp;start=400&amp;ll=42.998906,-7.542602&amp;spn=0.002555,0.004128&amp;t=h&amp;z=19&amp;vpsrc=6&amp;iwloc=0004e7de78bee26962bd8\" target=\"_blank\"><strong>43.998,-7.542<\/strong><\/a><\/td>\n<\/tr>\n<\/tbody>\n<\/table>\n<table class=\" aligncenter\" width=\"620\" border=\"0\" cellspacing=\"0\" cellpadding=\"0\">\n<tbody>\n<tr>\n<td colspan=\"3\"><strong>Outros Datos:<\/strong><\/td>\n<\/tr>\n<tr>\n<td width=\"20\"><\/td>\n<td colspan=\"2\"><strong>Premios:<\/strong><\/td>\n<\/tr>\n<tr>\n<td width=\"20\"><\/td>\n<td width=\"20\"><\/td>\n<td width=\"580\"><\/td>\n<\/tr>\n<tr>\n<td width=\"20\"><\/td>\n<td colspan=\"2\"><strong>Publicaci\u00f3ns:<\/strong><\/td>\n<\/tr>\n<tr>\n<td width=\"20\"><\/td>\n<td width=\"20\"><\/td>\n<td>\u00a0Gu\u00eda de Arquitectura de Lugo | <em>COAG Lugo<\/em> | <em>2011<\/em><\/td>\n<\/tr>\n<tr>\n<td width=\"20\"><\/td>\n<td colspan=\"2\"><strong>Informaci\u00f3n na rede:<\/strong><\/td>\n<\/tr>\n<tr>\n<td width=\"20\"><\/td>\n<td width=\"20\"><\/td>\n<td><strong>\u00a0<a href=\"http:\/\/www.escoladeartelugo.com\/es\/\" target=\"_blank\">Escola de Arte Ram\u00f3n Falc\u00f3n<\/a><a href=\"http:\/\/elprogreso.galiciae.com\/nova\/234054.html#\" target=\"_blank\"><br \/>\n<\/a><\/strong><strong>\u00a0<a href=\"http:\/\/kicolopez.blogspot.com.es\/2012\/06\/grupo-de-trabajo-sketchup-y-vray-en.html\" target=\"_blank\">KicoL\u00f3pez.Blogspot<\/a><\/strong><\/td>\n<\/tr>\n<tr>\n<td width=\"20\"><\/td>\n<td colspan=\"2\"><strong>Descripci\u00f3n do proxecto:<\/strong><\/td>\n<\/tr>\n<tr>\n<td width=\"20\"><\/td>\n<td width=\"20\"><\/td>\n<td><em>\u201cEste edificio, relativamente pouco co\u00f1ecdo, pasa por ser un dos m\u00e1is interesantes da arquitectura constru\u00edda en Lugo durante o \u00faltimo terzo do s\u00e9culo XX. Foi inaugurado polos Reis en 1976, sendo director xeral de Belas Artes o lucense D. Ram\u00f3n Falc\u00f3n, que tam\u00e9n xestionar\u00e1 os fondos necesarios para levar adiante a \u201coperaci\u00f3n limpeza\u201d da muralla, que permitiu eliminar as vivendas arrimadas ao monumento romano. O proxecto redactado polo arquitecto do Ministerio de Educaci\u00f3n Manzano-Mon\u00eds foi elixido entre outras cinco propostas de edificios para usos similares. O proxecto bas\u00e9ase na definici\u00f3n individual de cada aula con superficies variables e cubertas a unha auga, todas enlazadas por unha zona cuberta aberta ao xard\u00edn interior. As aulas distrib\u00faense en d\u00faas reas enfrontadas que se moven segundo as necesidades de accesos e o desexo de dotar de interese espacial o xard\u00edn interior. A cercan\u00eda de cada unha das pezas e a amplitude dos cubertos fai que o edificio se peche sobre si mesmo para protexerse do clima. O coidado nos detalles \u00e9 outra das s\u00faas caracter\u00edsticas, entre as que hai que salientar o lousado de cuberta e os muros de laxes coa arqutiectura popular da contorna. A estructura met\u00e1lica est\u00e1 revestida con madeira e deixa percibir a s\u00faa funcionalidade. A volumetr\u00eda e proporci\u00f3n de ocos en cada peza var\u00eda segundo o uso, chegando a construir pezas totalmente transparentes\u201d.<\/em> Gu\u00eda de Arquitectura de Lugo.<\/td>\n<\/tr>\n<tr>\n<td width=\"20\"><\/td>\n<td colspan=\"2\"><b>Reportaxe fotogr\u00e1fica: <\/b><\/td>\n<\/tr>\n<tr>\n<td width=\"20\"><\/td>\n<td colspan=\"2\"><\/td>\n<\/tr>\n<tr>\n<td width=\"20\"><\/td>\n<td colspan=\"2\"><strong>Planos:<\/strong><\/td>\n<\/tr>\n<tr>\n<td width=\"20\"><\/td>\n<td colspan=\"2\"><\/td>\n<\/tr>\n<\/tbody>\n<\/table>\n","protected":false},"excerpt":{"rendered":"<p>O proxecto redactado polo arquitecto do Ministerio de Educaci\u00f3n Manzano-Mon\u00eds foi elixido entre outras cinco propostas de edificios para usos similares. O proxecto bas\u00e9ase na definici\u00f3n individual de cada aula con superficies variables e cubertas a unha auga, todas enlazadas por unha zona cuberta aberta ao xard\u00edn interior. As aulas distrib\u00faense en d\u00faas reas enfrontadas que se moven segundo as necesidades de accesos e o desexo de dotar de interese espacial o xard\u00edn interior. A cercan\u00eda de cada unha das pezas e a amplitude dos cubertos fai que o edificio se peche sobre si mesmo para protexerse do clima<\/p>\n","protected":false},"author":10,"featured_media":9414,"comment_status":"open","ping_status":"open","sticky":false,"template":"","format":"standard","meta":{"jetpack_post_was_ever_published":false,"_jetpack_newsletter_access":"","_jetpack_dont_email_post_to_subs":false,"_jetpack_newsletter_tier_id":0,"_jetpack_memberships_contains_paywalled_content":false,"_jetpack_memberships_contains_paid_content":false,"footnotes":"","jetpack_publicize_message":"","jetpack_publicize_feature_enabled":true,"jetpack_social_post_already_shared":true,"jetpack_social_options":{"image_generator_settings":{"template":"highway","enabled":false},"version":2}},"categories":[10],"tags":[444,81,661,660],"ano":[],"arquitectos":[],"tipoloxia":[],"class_list":["post-9411","post","type-post","status-publish","format-standard","has-post-thumbnail","hentry","category-lugo-lugo","tag-444","tag-educacion","tag-manuel-manzano-monis","tag-manuel-manzano-monis-y-mancebo","content-print"],"jetpack_publicize_connections":[],"yoast_head":"<!-- This site is optimized with the Yoast SEO plugin v24.1 - https:\/\/yoast.com\/wordpress\/plugins\/seo\/ -->\n<title>Escola de Artes e Oficios de Lugo | AG<\/title>\n<meta name=\"robots\" content=\"index, follow, max-snippet:-1, max-image-preview:large, max-video-preview:-1\" \/>\n<link rel=\"canonical\" href=\"http:\/\/arquitecturadegalicia.eu\/blog\/escola-de-artes-e-oficios-de-lugo\/\" \/>\n<meta property=\"og:locale\" content=\"es_ES\" \/>\n<meta property=\"og:type\" content=\"article\" \/>\n<meta property=\"og:title\" content=\"Escola de Artes e Oficios de Lugo | AG\" \/>\n<meta property=\"og:description\" content=\"O proxecto redactado polo arquitecto do Ministerio de Educaci\u00f3n Manzano-Mon\u00eds foi elixido entre outras cinco propostas de edificios para usos similares. O proxecto bas\u00e9ase na definici\u00f3n individual de cada aula con superficies variables e cubertas a unha auga, todas enlazadas por unha zona cuberta aberta ao xard\u00edn interior. As aulas distrib\u00faense en d\u00faas reas enfrontadas que se moven segundo as necesidades de accesos e o desexo de dotar de interese espacial o xard\u00edn interior. A cercan\u00eda de cada unha das pezas e a amplitude dos cubertos fai que o edificio se peche sobre si mesmo para protexerse do clima\" \/>\n<meta property=\"og:url\" content=\"http:\/\/arquitecturadegalicia.eu\/blog\/escola-de-artes-e-oficios-de-lugo\/\" \/>\n<meta property=\"og:site_name\" content=\"AG\" \/>\n<meta property=\"article:publisher\" content=\"https:\/\/www.facebook.com\/ArquitecturadeGalicia\/\" \/>\n<meta property=\"article:published_time\" content=\"2013-10-28T19:00:19+00:00\" \/>\n<meta property=\"article:modified_time\" content=\"2013-10-25T09:09:14+00:00\" \/>\n<meta property=\"og:image\" content=\"http:\/\/arquitecturadegalicia.eu\/blog\/wp-content\/uploads\/2013\/10\/7\u00ba.jpg\" \/>\n\t<meta property=\"og:image:width\" content=\"620\" \/>\n\t<meta property=\"og:image:height\" content=\"620\" \/>\n\t<meta property=\"og:image:type\" content=\"image\/jpeg\" \/>\n<meta name=\"author\" content=\"Esteban Vigo\" \/>\n<meta name=\"twitter:card\" content=\"summary_large_image\" \/>\n<meta name=\"twitter:creator\" content=\"@arquigaliciaeu\" \/>\n<meta name=\"twitter:site\" content=\"@arquigaliciaeu\" \/>\n<meta name=\"twitter:label1\" content=\"Escrito por\" \/>\n\t<meta name=\"twitter:data1\" content=\"Esteban Vigo\" \/>\n\t<meta name=\"twitter:label2\" content=\"Tiempo de lectura\" \/>\n\t<meta name=\"twitter:data2\" content=\"2 minutos\" \/>\n<script type=\"application\/ld+json\" class=\"yoast-schema-graph\">{\"@context\":\"https:\/\/schema.org\",\"@graph\":[{\"@type\":\"Article\",\"@id\":\"http:\/\/arquitecturadegalicia.eu\/blog\/escola-de-artes-e-oficios-de-lugo\/#article\",\"isPartOf\":{\"@id\":\"http:\/\/arquitecturadegalicia.eu\/blog\/escola-de-artes-e-oficios-de-lugo\/\"},\"author\":{\"name\":\"Esteban Vigo\",\"@id\":\"https:\/\/arquitecturadegalicia.eu\/blog\/#\/schema\/person\/e1402c805a08826192e3b9086c423f75\"},\"headline\":\"Escola de Artes e Oficios de Lugo\",\"datePublished\":\"2013-10-28T19:00:19+00:00\",\"dateModified\":\"2013-10-25T09:09:14+00:00\",\"mainEntityOfPage\":{\"@id\":\"http:\/\/arquitecturadegalicia.eu\/blog\/escola-de-artes-e-oficios-de-lugo\/\"},\"wordCount\":326,\"commentCount\":0,\"publisher\":{\"@id\":\"https:\/\/arquitecturadegalicia.eu\/blog\/#organization\"},\"image\":{\"@id\":\"http:\/\/arquitecturadegalicia.eu\/blog\/escola-de-artes-e-oficios-de-lugo\/#primaryimage\"},\"thumbnailUrl\":\"http:\/\/arquitecturadegalicia.eu\/blog\/wp-content\/uploads\/2013\/10\/7\u00ba.jpg\",\"keywords\":[\"1970\",\"educaci\u00f3n\",\"Manuel Manzano-Mon\u00eds\",\"Manuel Manzano-Mon\u00eds y Mancebo\"],\"articleSection\":[\"Lugo\"],\"inLanguage\":\"es\",\"potentialAction\":[{\"@type\":\"CommentAction\",\"name\":\"Comment\",\"target\":[\"http:\/\/arquitecturadegalicia.eu\/blog\/escola-de-artes-e-oficios-de-lugo\/#respond\"]}]},{\"@type\":\"WebPage\",\"@id\":\"http:\/\/arquitecturadegalicia.eu\/blog\/escola-de-artes-e-oficios-de-lugo\/\",\"url\":\"http:\/\/arquitecturadegalicia.eu\/blog\/escola-de-artes-e-oficios-de-lugo\/\",\"name\":\"Escola de Artes e Oficios de Lugo | AG\",\"isPartOf\":{\"@id\":\"https:\/\/arquitecturadegalicia.eu\/blog\/#website\"},\"primaryImageOfPage\":{\"@id\":\"http:\/\/arquitecturadegalicia.eu\/blog\/escola-de-artes-e-oficios-de-lugo\/#primaryimage\"},\"image\":{\"@id\":\"http:\/\/arquitecturadegalicia.eu\/blog\/escola-de-artes-e-oficios-de-lugo\/#primaryimage\"},\"thumbnailUrl\":\"http:\/\/arquitecturadegalicia.eu\/blog\/wp-content\/uploads\/2013\/10\/7\u00ba.jpg\",\"datePublished\":\"2013-10-28T19:00:19+00:00\",\"dateModified\":\"2013-10-25T09:09:14+00:00\",\"breadcrumb\":{\"@id\":\"http:\/\/arquitecturadegalicia.eu\/blog\/escola-de-artes-e-oficios-de-lugo\/#breadcrumb\"},\"inLanguage\":\"es\",\"potentialAction\":[{\"@type\":\"ReadAction\",\"target\":[\"http:\/\/arquitecturadegalicia.eu\/blog\/escola-de-artes-e-oficios-de-lugo\/\"]}]},{\"@type\":\"ImageObject\",\"inLanguage\":\"es\",\"@id\":\"http:\/\/arquitecturadegalicia.eu\/blog\/escola-de-artes-e-oficios-de-lugo\/#primaryimage\",\"url\":\"http:\/\/arquitecturadegalicia.eu\/blog\/wp-content\/uploads\/2013\/10\/7\u00ba.jpg\",\"contentUrl\":\"http:\/\/arquitecturadegalicia.eu\/blog\/wp-content\/uploads\/2013\/10\/7\u00ba.jpg\",\"width\":620,\"height\":620,\"caption\":\"AG | Ram\u00f3n Falc\u00f3n\"},{\"@type\":\"BreadcrumbList\",\"@id\":\"http:\/\/arquitecturadegalicia.eu\/blog\/escola-de-artes-e-oficios-de-lugo\/#breadcrumb\",\"itemListElement\":[{\"@type\":\"ListItem\",\"position\":1,\"name\":\"Portada\",\"item\":\"https:\/\/arquitecturadegalicia.eu\/blog\/\"},{\"@type\":\"ListItem\",\"position\":2,\"name\":\"Escola de Artes e Oficios de Lugo\"}]},{\"@type\":\"WebSite\",\"@id\":\"https:\/\/arquitecturadegalicia.eu\/blog\/#website\",\"url\":\"https:\/\/arquitecturadegalicia.eu\/blog\/\",\"name\":\"AG\",\"description\":\"Arquitectura de Galicia\",\"publisher\":{\"@id\":\"https:\/\/arquitecturadegalicia.eu\/blog\/#organization\"},\"potentialAction\":[{\"@type\":\"SearchAction\",\"target\":{\"@type\":\"EntryPoint\",\"urlTemplate\":\"https:\/\/arquitecturadegalicia.eu\/blog\/?s={search_term_string}\"},\"query-input\":{\"@type\":\"PropertyValueSpecification\",\"valueRequired\":true,\"valueName\":\"search_term_string\"}}],\"inLanguage\":\"es\"},{\"@type\":\"Organization\",\"@id\":\"https:\/\/arquitecturadegalicia.eu\/blog\/#organization\",\"name\":\"Arquitectura de Galicia\",\"url\":\"https:\/\/arquitecturadegalicia.eu\/blog\/\",\"logo\":{\"@type\":\"ImageObject\",\"inLanguage\":\"es\",\"@id\":\"https:\/\/arquitecturadegalicia.eu\/blog\/#\/schema\/logo\/image\/\",\"url\":\"https:\/\/arquitecturadegalicia.eu\/blog\/wp-content\/uploads\/2017\/01\/arquitecturacurrents2.png\",\"contentUrl\":\"https:\/\/arquitecturadegalicia.eu\/blog\/wp-content\/uploads\/2017\/01\/arquitecturacurrents2.png\",\"width\":840,\"height\":640,\"caption\":\"Arquitectura de Galicia\"},\"image\":{\"@id\":\"https:\/\/arquitecturadegalicia.eu\/blog\/#\/schema\/logo\/image\/\"},\"sameAs\":[\"https:\/\/www.facebook.com\/ArquitecturadeGalicia\/\",\"https:\/\/x.com\/arquigaliciaeu\",\"https:\/\/www.instagram.com\/arquigaliciaeu\/\"]},{\"@type\":\"Person\",\"@id\":\"https:\/\/arquitecturadegalicia.eu\/blog\/#\/schema\/person\/e1402c805a08826192e3b9086c423f75\",\"name\":\"Esteban Vigo\",\"image\":{\"@type\":\"ImageObject\",\"inLanguage\":\"es\",\"@id\":\"https:\/\/arquitecturadegalicia.eu\/blog\/#\/schema\/person\/image\/\",\"url\":\"https:\/\/secure.gravatar.com\/avatar\/5cee255b8510cde1f21ad6b1241b1680?s=96&d=mm&r=g\",\"contentUrl\":\"https:\/\/secure.gravatar.com\/avatar\/5cee255b8510cde1f21ad6b1241b1680?s=96&d=mm&r=g\",\"caption\":\"Esteban Vigo\"},\"description\":\"Pontevedra | Edici\u00f3n de artigos | Estudiante de Arquitectura na ETSA de A Coru\u00f1a e colaborador na revista Dot: Magazine (http:\/\/www.dotgalicia.com\/)\",\"url\":\"http:\/\/arquitecturadegalicia.eu\/blog\/author\/teblink\/\"}]}<\/script>\n<!-- \/ Yoast SEO plugin. -->","yoast_head_json":{"title":"Escola de Artes e Oficios de Lugo | AG","robots":{"index":"index","follow":"follow","max-snippet":"max-snippet:-1","max-image-preview":"max-image-preview:large","max-video-preview":"max-video-preview:-1"},"canonical":"http:\/\/arquitecturadegalicia.eu\/blog\/escola-de-artes-e-oficios-de-lugo\/","og_locale":"es_ES","og_type":"article","og_title":"Escola de Artes e Oficios de Lugo | AG","og_description":"O proxecto redactado polo arquitecto do Ministerio de Educaci\u00f3n Manzano-Mon\u00eds foi elixido entre outras cinco propostas de edificios para usos similares. O proxecto bas\u00e9ase na definici\u00f3n individual de cada aula con superficies variables e cubertas a unha auga, todas enlazadas por unha zona cuberta aberta ao xard\u00edn interior. As aulas distrib\u00faense en d\u00faas reas enfrontadas que se moven segundo as necesidades de accesos e o desexo de dotar de interese espacial o xard\u00edn interior. A cercan\u00eda de cada unha das pezas e a amplitude dos cubertos fai que o edificio se peche sobre si mesmo para protexerse do clima","og_url":"http:\/\/arquitecturadegalicia.eu\/blog\/escola-de-artes-e-oficios-de-lugo\/","og_site_name":"AG","article_publisher":"https:\/\/www.facebook.com\/ArquitecturadeGalicia\/","article_published_time":"2013-10-28T19:00:19+00:00","article_modified_time":"2013-10-25T09:09:14+00:00","og_image":[{"width":620,"height":620,"url":"http:\/\/arquitecturadegalicia.eu\/blog\/wp-content\/uploads\/2013\/10\/7\u00ba.jpg","type":"image\/jpeg"}],"author":"Esteban Vigo","twitter_card":"summary_large_image","twitter_creator":"@arquigaliciaeu","twitter_site":"@arquigaliciaeu","twitter_misc":{"Escrito por":"Esteban Vigo","Tiempo de lectura":"2 minutos"},"schema":{"@context":"https:\/\/schema.org","@graph":[{"@type":"Article","@id":"http:\/\/arquitecturadegalicia.eu\/blog\/escola-de-artes-e-oficios-de-lugo\/#article","isPartOf":{"@id":"http:\/\/arquitecturadegalicia.eu\/blog\/escola-de-artes-e-oficios-de-lugo\/"},"author":{"name":"Esteban Vigo","@id":"https:\/\/arquitecturadegalicia.eu\/blog\/#\/schema\/person\/e1402c805a08826192e3b9086c423f75"},"headline":"Escola de Artes e Oficios de Lugo","datePublished":"2013-10-28T19:00:19+00:00","dateModified":"2013-10-25T09:09:14+00:00","mainEntityOfPage":{"@id":"http:\/\/arquitecturadegalicia.eu\/blog\/escola-de-artes-e-oficios-de-lugo\/"},"wordCount":326,"commentCount":0,"publisher":{"@id":"https:\/\/arquitecturadegalicia.eu\/blog\/#organization"},"image":{"@id":"http:\/\/arquitecturadegalicia.eu\/blog\/escola-de-artes-e-oficios-de-lugo\/#primaryimage"},"thumbnailUrl":"http:\/\/arquitecturadegalicia.eu\/blog\/wp-content\/uploads\/2013\/10\/7\u00ba.jpg","keywords":["1970","educaci\u00f3n","Manuel Manzano-Mon\u00eds","Manuel Manzano-Mon\u00eds y Mancebo"],"articleSection":["Lugo"],"inLanguage":"es","potentialAction":[{"@type":"CommentAction","name":"Comment","target":["http:\/\/arquitecturadegalicia.eu\/blog\/escola-de-artes-e-oficios-de-lugo\/#respond"]}]},{"@type":"WebPage","@id":"http:\/\/arquitecturadegalicia.eu\/blog\/escola-de-artes-e-oficios-de-lugo\/","url":"http:\/\/arquitecturadegalicia.eu\/blog\/escola-de-artes-e-oficios-de-lugo\/","name":"Escola de Artes e Oficios de Lugo | AG","isPartOf":{"@id":"https:\/\/arquitecturadegalicia.eu\/blog\/#website"},"primaryImageOfPage":{"@id":"http:\/\/arquitecturadegalicia.eu\/blog\/escola-de-artes-e-oficios-de-lugo\/#primaryimage"},"image":{"@id":"http:\/\/arquitecturadegalicia.eu\/blog\/escola-de-artes-e-oficios-de-lugo\/#primaryimage"},"thumbnailUrl":"http:\/\/arquitecturadegalicia.eu\/blog\/wp-content\/uploads\/2013\/10\/7\u00ba.jpg","datePublished":"2013-10-28T19:00:19+00:00","dateModified":"2013-10-25T09:09:14+00:00","breadcrumb":{"@id":"http:\/\/arquitecturadegalicia.eu\/blog\/escola-de-artes-e-oficios-de-lugo\/#breadcrumb"},"inLanguage":"es","potentialAction":[{"@type":"ReadAction","target":["http:\/\/arquitecturadegalicia.eu\/blog\/escola-de-artes-e-oficios-de-lugo\/"]}]},{"@type":"ImageObject","inLanguage":"es","@id":"http:\/\/arquitecturadegalicia.eu\/blog\/escola-de-artes-e-oficios-de-lugo\/#primaryimage","url":"http:\/\/arquitecturadegalicia.eu\/blog\/wp-content\/uploads\/2013\/10\/7\u00ba.jpg","contentUrl":"http:\/\/arquitecturadegalicia.eu\/blog\/wp-content\/uploads\/2013\/10\/7\u00ba.jpg","width":620,"height":620,"caption":"AG | Ram\u00f3n Falc\u00f3n"},{"@type":"BreadcrumbList","@id":"http:\/\/arquitecturadegalicia.eu\/blog\/escola-de-artes-e-oficios-de-lugo\/#breadcrumb","itemListElement":[{"@type":"ListItem","position":1,"name":"Portada","item":"https:\/\/arquitecturadegalicia.eu\/blog\/"},{"@type":"ListItem","position":2,"name":"Escola de Artes e Oficios de Lugo"}]},{"@type":"WebSite","@id":"https:\/\/arquitecturadegalicia.eu\/blog\/#website","url":"https:\/\/arquitecturadegalicia.eu\/blog\/","name":"AG","description":"Arquitectura de Galicia","publisher":{"@id":"https:\/\/arquitecturadegalicia.eu\/blog\/#organization"},"potentialAction":[{"@type":"SearchAction","target":{"@type":"EntryPoint","urlTemplate":"https:\/\/arquitecturadegalicia.eu\/blog\/?s={search_term_string}"},"query-input":{"@type":"PropertyValueSpecification","valueRequired":true,"valueName":"search_term_string"}}],"inLanguage":"es"},{"@type":"Organization","@id":"https:\/\/arquitecturadegalicia.eu\/blog\/#organization","name":"Arquitectura de Galicia","url":"https:\/\/arquitecturadegalicia.eu\/blog\/","logo":{"@type":"ImageObject","inLanguage":"es","@id":"https:\/\/arquitecturadegalicia.eu\/blog\/#\/schema\/logo\/image\/","url":"https:\/\/arquitecturadegalicia.eu\/blog\/wp-content\/uploads\/2017\/01\/arquitecturacurrents2.png","contentUrl":"https:\/\/arquitecturadegalicia.eu\/blog\/wp-content\/uploads\/2017\/01\/arquitecturacurrents2.png","width":840,"height":640,"caption":"Arquitectura de Galicia"},"image":{"@id":"https:\/\/arquitecturadegalicia.eu\/blog\/#\/schema\/logo\/image\/"},"sameAs":["https:\/\/www.facebook.com\/ArquitecturadeGalicia\/","https:\/\/x.com\/arquigaliciaeu","https:\/\/www.instagram.com\/arquigaliciaeu\/"]},{"@type":"Person","@id":"https:\/\/arquitecturadegalicia.eu\/blog\/#\/schema\/person\/e1402c805a08826192e3b9086c423f75","name":"Esteban Vigo","image":{"@type":"ImageObject","inLanguage":"es","@id":"https:\/\/arquitecturadegalicia.eu\/blog\/#\/schema\/person\/image\/","url":"https:\/\/secure.gravatar.com\/avatar\/5cee255b8510cde1f21ad6b1241b1680?s=96&d=mm&r=g","contentUrl":"https:\/\/secure.gravatar.com\/avatar\/5cee255b8510cde1f21ad6b1241b1680?s=96&d=mm&r=g","caption":"Esteban Vigo"},"description":"Pontevedra | Edici\u00f3n de artigos | Estudiante de Arquitectura na ETSA de A Coru\u00f1a e colaborador na revista Dot: Magazine (http:\/\/www.dotgalicia.com\/)","url":"http:\/\/arquitecturadegalicia.eu\/blog\/author\/teblink\/"}]}},"jetpack_featured_media_url":"http:\/\/arquitecturadegalicia.eu\/blog\/wp-content\/uploads\/2013\/10\/7\u00ba.jpg","jetpack_shortlink":"https:\/\/wp.me\/p2NHs2-2rN","jetpack_sharing_enabled":true,"_links":{"self":[{"href":"http:\/\/arquitecturadegalicia.eu\/blog\/wp-json\/wp\/v2\/posts\/9411","targetHints":{"allow":["GET"]}}],"collection":[{"href":"http:\/\/arquitecturadegalicia.eu\/blog\/wp-json\/wp\/v2\/posts"}],"about":[{"href":"http:\/\/arquitecturadegalicia.eu\/blog\/wp-json\/wp\/v2\/types\/post"}],"author":[{"embeddable":true,"href":"http:\/\/arquitecturadegalicia.eu\/blog\/wp-json\/wp\/v2\/users\/10"}],"replies":[{"embeddable":true,"href":"http:\/\/arquitecturadegalicia.eu\/blog\/wp-json\/wp\/v2\/comments?post=9411"}],"version-history":[{"count":15,"href":"http:\/\/arquitecturadegalicia.eu\/blog\/wp-json\/wp\/v2\/posts\/9411\/revisions"}],"predecessor-version":[{"id":9813,"href":"http:\/\/arquitecturadegalicia.eu\/blog\/wp-json\/wp\/v2\/posts\/9411\/revisions\/9813"}],"wp:featuredmedia":[{"embeddable":true,"href":"http:\/\/arquitecturadegalicia.eu\/blog\/wp-json\/wp\/v2\/media\/9414"}],"wp:attachment":[{"href":"http:\/\/arquitecturadegalicia.eu\/blog\/wp-json\/wp\/v2\/media?parent=9411"}],"wp:term":[{"taxonomy":"category","embeddable":true,"href":"http:\/\/arquitecturadegalicia.eu\/blog\/wp-json\/wp\/v2\/categories?post=9411"},{"taxonomy":"post_tag","embeddable":true,"href":"http:\/\/arquitecturadegalicia.eu\/blog\/wp-json\/wp\/v2\/tags?post=9411"},{"taxonomy":"ano","embeddable":true,"href":"http:\/\/arquitecturadegalicia.eu\/blog\/wp-json\/wp\/v2\/ano?post=9411"},{"taxonomy":"arquitectos","embeddable":true,"href":"http:\/\/arquitecturadegalicia.eu\/blog\/wp-json\/wp\/v2\/arquitectos?post=9411"},{"taxonomy":"tipoloxia","embeddable":true,"href":"http:\/\/arquitecturadegalicia.eu\/blog\/wp-json\/wp\/v2\/tipoloxia?post=9411"}],"curies":[{"name":"wp","href":"https:\/\/api.w.org\/{rel}","templated":true}]}}