{"id":9678,"date":"2013-10-15T20:00:58","date_gmt":"2013-10-15T18:00:58","guid":{"rendered":"http:\/\/arquitecturadegalicia.eu\/blog\/?p=9678"},"modified":"2013-10-14T15:44:54","modified_gmt":"2013-10-14T13:44:54","slug":"edificio-area-cientifica-do-parque-tecnoloxico-da-udc","status":"publish","type":"post","link":"http:\/\/arquitecturadegalicia.eu\/blog\/edificio-area-cientifica-do-parque-tecnoloxico-da-udc\/","title":{"rendered":"Edificio \u00c1rea Cient\u00edfica do Parque Tecnol\u00f3xico da UDC"},"content":{"rendered":"<p><img fetchpriority=\"high\" decoding=\"async\" class=\"aligncenter size-full wp-image-9680\" alt=\"EDIFICIO AREA CIENTIFICA DO PARQUE TECNOLOXICO DA UDC | CESAR PORTELA FERNANDEZ-JARDON y CESAREO PADRON CONDE | A CORU\u00d1A\" src=\"http:\/\/arquitecturadegalicia.eu\/blog\/wp-content\/uploads\/2013\/10\/01.jpg\" width=\"620\" height=\"407\" srcset=\"http:\/\/arquitecturadegalicia.eu\/blog\/wp-content\/uploads\/2013\/10\/01.jpg 620w, http:\/\/arquitecturadegalicia.eu\/blog\/wp-content\/uploads\/2013\/10\/01-300x196.jpg 300w\" sizes=\"(max-width: 620px) 100vw, 620px\" \/><\/p>\n<p style=\"text-align: right;\"><a style=\"font-size: 0.75em; text-align: right;\"><span style=\"color: #c0c0c0;\">Manuel Gonzalez Vicente<\/span><\/a><\/p>\n<table class=\"aligncenter\" width=\"620\" border=\"0\" cellspacing=\"0\" cellpadding=\"0\">\n<tbody>\n<tr>\n<td width=\"180\"><strong>Obra:<\/strong><\/td>\n<td>Edificio \u00c1rea Cient\u00edfica do Parque Tecnol\u00f3xico da UDC<\/td>\n<\/tr>\n<tr>\n<td><strong>Arquitecto:<\/strong><\/td>\n<td>C\u00e9sar Portela Fernandez | Cesareo Padr\u00f3n Conde<\/td>\n<\/tr>\n<tr>\n<td><strong>Provincia:<\/strong><\/td>\n<td>A Coru\u00f1a<\/td>\n<\/tr>\n<tr>\n<td><strong>Localidade:<\/strong><\/td>\n<td>A Coru\u00f1a<\/td>\n<\/tr>\n<tr>\n<td><strong>Ano:<\/strong><\/td>\n<td>2011<\/td>\n<\/tr>\n<tr>\n<td><strong>Xeolocalizaci\u00f3n:<\/strong><\/td>\n<td><strong><a href=\"https:\/\/maps.google.com\/maps\/ms?ie=UTF8&amp;t=h&amp;vpsrc=6&amp;hl=es&amp;oe=UTF8&amp;msa=0&amp;msid=205584753861089304839.0004b3590a9baff01c53d&amp;num=200&amp;start=400&amp;ll=43.333049,-8.40903&amp;spn=0.001271,0.002064&amp;z=20&amp;iwloc=0004e8b37280b8d0d8185\" target=\"_blank\">43.333,-8.409<\/a><\/strong><\/td>\n<\/tr>\n<\/tbody>\n<\/table>\n<table class=\" aligncenter\" width=\"620\" border=\"0\" cellspacing=\"0\" cellpadding=\"0\">\n<tbody>\n<tr>\n<td colspan=\"3\"><strong>Outros Datos:<\/strong><\/td>\n<\/tr>\n<tr>\n<td width=\"20\"><\/td>\n<td colspan=\"2\"><strong>Premios:<\/strong><\/td>\n<\/tr>\n<tr>\n<td width=\"20\"><\/td>\n<td width=\"20\"><\/td>\n<td width=\"580\"><\/td>\n<\/tr>\n<tr>\n<td width=\"20\"><\/td>\n<td colspan=\"2\"><strong>Publicaci\u00f3ns:<\/strong><\/td>\n<\/tr>\n<tr>\n<td width=\"20\"><\/td>\n<td width=\"20\"><\/td>\n<td><\/td>\n<\/tr>\n<tr>\n<td width=\"20\"><\/td>\n<td colspan=\"2\"><strong>Informaci\u00f3n na rede:<\/strong><\/td>\n<\/tr>\n<tr>\n<td width=\"20\"><\/td>\n<td width=\"20\"><\/td>\n<td><strong><a href=\"http:\/\/www.plataformaarquitectura.cl\/2011\/12\/05\/edificio-area-cientifica-del-parque-tecnologico-cesar-portela-fernandez-jardon-cesareo-padron-conde\/\" target=\"_blank\">plataformaarquitectura.cl<br \/>\n<\/a><a href=\"http:\/\/www.kalzip.com\/kalzip\/es\/projects\/proj_searchresult.aspx?action=country&amp;value=4&amp;languageID=2\" target=\"_blank\">kalzip.com<br \/>\n<\/a><a href=\"http:\/\/forum.skyscraperpage.com\/showthread.php?p=5501782\" target=\"_blank\">forum.skyscraperpage.com<br \/>\n<\/a><a href=\"http:\/\/217.16.144.75\/proxima\/pub_realizacion_detalle.aspx?id=3893\" target=\"_blank\">proxima<\/a><\/strong><\/td>\n<\/tr>\n<tr>\n<td width=\"20\"><\/td>\n<td colspan=\"2\"><strong>Descripci\u00f3n do proxecto:<\/strong><\/td>\n<\/tr>\n<tr>\n<td width=\"20\"><\/td>\n<td width=\"20\"><\/td>\n<td><em>\u00abEl conjunto:<\/em><br \/>\n<em>Premisa del proyecto es la de desarrollar un programa de actuaci\u00f3n general, de todo el conjunto, que sin embargo se debe materializar de manera modular seg\u00fan la disposici\u00f3n de fases presupuestarias.<\/em><br \/>\n<em>Adem\u00e1s de resolver los problemas de espacio docente e investigaci\u00f3n que actualmente reclaman las ingenier\u00edas a las que da servicio, se pretende que sirva para realizar una conexi\u00f3n racional, norte-sur, entre la cota del Parque Tecnol\u00f3gico con la cota de las citadas ingenier\u00edas y por ende del resto del Campus.<\/em><br \/>\n<em>Hay cierto sentido jer\u00e1rquico en estas conexiones. Por ejemplo la que se produce entre la I. de Inform\u00e1tica y la I. de Caminos tiene m\u00e1s trascendencia ya que pretende en un futuro, alargarse por el Campus hasta alcanzar el apeadero de cercan\u00edas de tren, en el extremo norte del \u00e1mbito universitario, mientras que las otras transversales comunican con puntos menos estrat\u00e9gicos. Esta matriz geom\u00e9trica elemental con particiones transversales arm\u00f3 los primeros esquemas y estableci\u00f3 una l\u00f3gica a la modulaci\u00f3n exigida en el conjunto.<\/em><br \/>\n<em>Tambi\u00e9n es determinante en la idea general, la conexi\u00f3n longitudinal, este-oeste, de un m\u00f3dulo con el siguiente y de los extremos con el edificio Centro C\u00edvico por un lado y futura \u00e1rea residencial universitaria por otro, (imagen 04).<\/em><br \/>\n<em>A nivel de acceso, el \u201ccosido\u201d entre las distintas piezas que intervienen en el conjunto se realiza disponiendo una gran plaza de piedra granito a la cota aproximada de acceso a las Ingenier\u00edas y el Citeec, con islas y per\u00edmetro vegetado, de tal forma que se produzca una transici\u00f3n lo m\u00e1s natural posible con la vegetaci\u00f3n natural que cubre el talud y que envuelve el edificio.<\/em><br \/>\n<em>Bajo esta plaza se dispone un aparcamiento subterr\u00e1neo, con entradas y salidas en los extremos de la actuaci\u00f3n, que volver\u00e1 a satisfacer las necesidades de aparcamiento que tiene la zona pero con la ventaja de haber suprimido de la visi\u00f3n peatonal de acceso a los edificios la playa de veh\u00edculos que all\u00ed se concentraba.<\/em><br \/>\n<em>Proyecto_descripci\u00f3n volum\u00e9trica del edificio:<\/em><br \/>\n<em>El edificio que se presenta es el primero de los cinco m\u00f3dulos, que con igual o distinto programa, pero con la misma idea proyectual de conjunto, componen el esquema general anteriormente descrito.<\/em><br \/>\n<em>Fundamentalmente se pretende resolver las necesidades de nuevos espacios docentes para los alumnos de Ingenier\u00eda de Inform\u00e1tica y Caminos.<\/em><br \/>\n<em>Adem\u00e1s, en fases futuras se prev\u00e9 centralizar equipamientos entre los que la restauraci\u00f3n y cafeter\u00eda estar\u00edan en el primer lugar, sin excluir otros como administraci\u00f3n, oficinas, guarder\u00eda de ni\u00f1os para trabajadores del campus etc.<\/em><br \/>\n<em>La respuesta dada a este programa se compone de dos cuerpos paralelep\u00edpedos ensamblados en uno de sus testeros creando un espacio vestibular de entrada y recorridos verticales mediante la escalera principal y el ascensor.<\/em><br \/>\n<em>El primero de los cuerpos rectangulares alberga los usos destinados fundamentalmente a I. de Caminos e incorpora en un lateral el corredor principal, paralelo a la fachada principal, que desemboca en el vest\u00edbulo antes citado y que formar\u00e1 la r\u00f3tula de uni\u00f3n al m\u00f3dulo contiguo cuando se construya, (eje este-oeste).<\/em><br \/>\n<em>Destaca el volum\u00e9tricamente la pieza maciza de hormig\u00f3n armado visto, que aloja las aulas, y que vuela m\u00e1s de dos metros y medio sobre la planta primera inferior.<\/em><br \/>\n<em>La segunda pieza, rectangular tambi\u00e9n, en posici\u00f3n ligeramente girada respeto a la anterior alberga las instalaciones de I. de Inform\u00e1tica, y en su uni\u00f3n en el vest\u00edbulo se encuentran tambi\u00e9n los n\u00facleos de servicios.<\/em><br \/>\n<em>Exteriormente resulta, un volumen formado por dos piezas entre las que media una grieta que lleva la luz natural al interior.<\/em><br \/>\n<em>Dos pasarelas espacialmente minimalistas, facilitan la conexi\u00f3n de los m\u00f3dulos en la mitad de su trazado.<\/em><br \/>\n<em>El saliente del vest\u00edbulo producir\u00e1 cuando se ensamble con el futuro m\u00f3dulo una continuidad del vac\u00edo de la grieta y por lo tanto una descompresi\u00f3n de ese espacio, que no se cierra.<\/em><br \/>\n<em>Las enfilaciones visuales hacia el exterior lo enriquecen.Proyecto_caracter\u00edstica de polivalencia:<br \/>\nFue condici\u00f3n del concurso previo y del encargo posterior, dotar de polivalencia el edificio, de tal forma que pueda acoger en un futuro reconversiones interiores espaciales sin por ello perder la esencia proyectual del mismo.<br \/>\nEsto se llev\u00f3 a cabo de diversas maneras.<br \/>\nEstructuralmente, mediante una soluci\u00f3n de grandes luces entre elementos estructurales, (10 y 11 metros), llevando los pilares a los bordes de las plantas con el fin de conseguir liberar totalmente el interior.<br \/>\nEl sistema de forjado de hormig\u00f3n armado elegido, tipo Basenet, reticular, con acabado continuo tanto inferior como superiormente, permite la consecuci\u00f3n del tales vanos estructurales, adem\u00e1s de otras cualidades como la de facilitar las posteriores labores de encuentro de la tabiquer\u00eda con \u00e9l mismo.<br \/>\nLa tabiquer\u00eda elegida es de junta seca, mediante placas de cart\u00f3n-yeso con aislamiento interior, para facilitar su montaje y desmontaje en caso de ser necesario.<br \/>\nSe opt\u00f3 tambi\u00e9n por disponer en toda la planta de un solado de losetas de terrazo, material muy resistente para este tipo de usos, de manera continua, de tal forma que la tabiquer\u00eda \u201cnace\u201d siempre sobre dicho pavimento y facilita as\u00ed labores de redistribuci\u00f3n.<br \/>\nPor \u00faltimo, exteriormente, la polivalencia demandada, se consigue disponiendo una piel continua de aluminio perforada, Kalzip, que soportar\u00e1 perfectamente el cambio en distribuciones futuras sin alterar la imagen del mismo.<br \/>\n<\/em><em id=\"__mceDel\" style=\"line-height: 19px;\"><em id=\"__mceDel\">La perforaci\u00f3n en dicha piel es adem\u00e1s, un tamiz visual y de soleamiento, muy efectivo para la radiaci\u00f3n m\u00e1s molesta en los meses de verano en las caras sur y suroeste.\u00bb \u00a0C\u00e9sar Portela Fernandez | Cesareo Padr\u00f3n Conde<\/em><\/em><\/td>\n<\/tr>\n<tr>\n<td width=\"20\"><\/td>\n<td colspan=\"2\"><b>Reportaxe fotogr\u00e1fica<\/b> Manuel Gonzalez Vicente<\/td>\n<\/tr>\n<tr>\n<td width=\"20\"><\/td>\n<td colspan=\"2\"><strong><\/strong><\/td>\n<\/tr>\n<tr>\n<td width=\"20\"><\/td>\n<td colspan=\"2\"><strong>Planos:<\/strong><\/td>\n<\/tr>\n<tr>\n<td width=\"20\"><\/td>\n<td colspan=\"2\"><\/td>\n<\/tr>\n<\/tbody>\n<\/table>\n","protected":false},"excerpt":{"rendered":"<p>Premisa del proyecto es la de desarrollar un programa de actuaci\u00f3n general, de todo el conjunto, que sin embargo se debe materializar de manera modular seg\u00fan la disposici\u00f3n de fases presupuestarias.<br \/>\nAdem\u00e1s de resolver los problemas de espacio docente e investigaci\u00f3n que actualmente reclaman las ingenier\u00edas a las que da servicio, se pretende que sirva para realizar una conexi\u00f3n racional, norte-sur, entre la cota del Parque Tecnol\u00f3gico con la cota de las citadas ingenier\u00edas y por ende del resto del Campus.<\/p>\n","protected":false},"author":7,"featured_media":9680,"comment_status":"open","ping_status":"open","sticky":false,"template":"","format":"standard","meta":{"jetpack_post_was_ever_published":false,"_jetpack_newsletter_access":"","_jetpack_dont_email_post_to_subs":false,"_jetpack_newsletter_tier_id":0,"_jetpack_memberships_contains_paywalled_content":false,"_jetpack_memberships_contains_paid_content":false,"footnotes":"","jetpack_publicize_message":"","jetpack_publicize_feature_enabled":true,"jetpack_social_post_already_shared":true,"jetpack_social_options":{"image_generator_settings":{"template":"highway","enabled":false},"version":2}},"categories":[28],"tags":[56,147,670,257,96],"ano":[],"arquitectos":[],"tipoloxia":[],"class_list":["post-9678","post","type-post","status-publish","format-standard","has-post-thumbnail","hentry","category-a-coruna","tag-56","tag-cesar-portela","tag-cesareo-padron-conde","tag-facultade","tag-oficinas","content-print"],"jetpack_publicize_connections":[],"yoast_head":"<!-- This site is optimized with the Yoast SEO plugin v24.1 - https:\/\/yoast.com\/wordpress\/plugins\/seo\/ -->\n<title>Edificio \u00c1rea Cient\u00edfica do Parque Tecnol\u00f3xico da UDC | AG<\/title>\n<meta name=\"robots\" content=\"index, follow, max-snippet:-1, max-image-preview:large, max-video-preview:-1\" \/>\n<link rel=\"canonical\" href=\"http:\/\/arquitecturadegalicia.eu\/blog\/edificio-area-cientifica-do-parque-tecnoloxico-da-udc\/\" \/>\n<meta property=\"og:locale\" content=\"es_ES\" \/>\n<meta property=\"og:type\" content=\"article\" \/>\n<meta property=\"og:title\" content=\"Edificio \u00c1rea Cient\u00edfica do Parque Tecnol\u00f3xico da UDC | AG\" \/>\n<meta property=\"og:description\" content=\"Premisa del proyecto es la de desarrollar un programa de actuaci\u00f3n general, de todo el conjunto, que sin embargo se debe materializar de manera modular seg\u00fan la disposici\u00f3n de fases presupuestarias. Adem\u00e1s de resolver los problemas de espacio docente e investigaci\u00f3n que actualmente reclaman las ingenier\u00edas a las que da servicio, se pretende que sirva para realizar una conexi\u00f3n racional, norte-sur, entre la cota del Parque Tecnol\u00f3gico con la cota de las citadas ingenier\u00edas y por ende del resto del Campus.\" \/>\n<meta property=\"og:url\" content=\"http:\/\/arquitecturadegalicia.eu\/blog\/edificio-area-cientifica-do-parque-tecnoloxico-da-udc\/\" \/>\n<meta property=\"og:site_name\" content=\"AG\" \/>\n<meta property=\"article:publisher\" content=\"https:\/\/www.facebook.com\/ArquitecturadeGalicia\/\" \/>\n<meta property=\"article:published_time\" content=\"2013-10-15T18:00:58+00:00\" \/>\n<meta property=\"article:modified_time\" content=\"2013-10-14T13:44:54+00:00\" \/>\n<meta property=\"og:image\" content=\"http:\/\/arquitecturadegalicia.eu\/blog\/wp-content\/uploads\/2013\/10\/01.jpg\" \/>\n\t<meta property=\"og:image:width\" content=\"620\" \/>\n\t<meta property=\"og:image:height\" content=\"407\" \/>\n\t<meta property=\"og:image:type\" content=\"image\/jpeg\" \/>\n<meta name=\"author\" content=\"Dario Vallina\" \/>\n<meta name=\"twitter:card\" content=\"summary_large_image\" \/>\n<meta name=\"twitter:creator\" content=\"@arquigaliciaeu\" \/>\n<meta name=\"twitter:site\" content=\"@arquigaliciaeu\" \/>\n<meta name=\"twitter:label1\" content=\"Escrito por\" \/>\n\t<meta name=\"twitter:data1\" content=\"Dario Vallina\" \/>\n\t<meta name=\"twitter:label2\" content=\"Tiempo de lectura\" \/>\n\t<meta name=\"twitter:data2\" content=\"5 minutos\" \/>\n<script type=\"application\/ld+json\" class=\"yoast-schema-graph\">{\"@context\":\"https:\/\/schema.org\",\"@graph\":[{\"@type\":\"Article\",\"@id\":\"http:\/\/arquitecturadegalicia.eu\/blog\/edificio-area-cientifica-do-parque-tecnoloxico-da-udc\/#article\",\"isPartOf\":{\"@id\":\"http:\/\/arquitecturadegalicia.eu\/blog\/edificio-area-cientifica-do-parque-tecnoloxico-da-udc\/\"},\"author\":{\"name\":\"Dario Vallina\",\"@id\":\"https:\/\/arquitecturadegalicia.eu\/blog\/#\/schema\/person\/abcb74b3399abffb9dabced36488ac35\"},\"headline\":\"Edificio \u00c1rea Cient\u00edfica do Parque Tecnol\u00f3xico da UDC\",\"datePublished\":\"2013-10-15T18:00:58+00:00\",\"dateModified\":\"2013-10-14T13:44:54+00:00\",\"mainEntityOfPage\":{\"@id\":\"http:\/\/arquitecturadegalicia.eu\/blog\/edificio-area-cientifica-do-parque-tecnoloxico-da-udc\/\"},\"wordCount\":1049,\"commentCount\":0,\"publisher\":{\"@id\":\"https:\/\/arquitecturadegalicia.eu\/blog\/#organization\"},\"image\":{\"@id\":\"http:\/\/arquitecturadegalicia.eu\/blog\/edificio-area-cientifica-do-parque-tecnoloxico-da-udc\/#primaryimage\"},\"thumbnailUrl\":\"http:\/\/arquitecturadegalicia.eu\/blog\/wp-content\/uploads\/2013\/10\/01.jpg\",\"keywords\":[\"2011\",\"C\u00e9sar Portela\",\"Cesareo Padr\u00f3n Conde\",\"facultade\",\"oficinas\"],\"articleSection\":[\"A Coru\u00f1a\"],\"inLanguage\":\"es\",\"potentialAction\":[{\"@type\":\"CommentAction\",\"name\":\"Comment\",\"target\":[\"http:\/\/arquitecturadegalicia.eu\/blog\/edificio-area-cientifica-do-parque-tecnoloxico-da-udc\/#respond\"]}]},{\"@type\":\"WebPage\",\"@id\":\"http:\/\/arquitecturadegalicia.eu\/blog\/edificio-area-cientifica-do-parque-tecnoloxico-da-udc\/\",\"url\":\"http:\/\/arquitecturadegalicia.eu\/blog\/edificio-area-cientifica-do-parque-tecnoloxico-da-udc\/\",\"name\":\"Edificio \u00c1rea Cient\u00edfica do Parque Tecnol\u00f3xico da UDC | AG\",\"isPartOf\":{\"@id\":\"https:\/\/arquitecturadegalicia.eu\/blog\/#website\"},\"primaryImageOfPage\":{\"@id\":\"http:\/\/arquitecturadegalicia.eu\/blog\/edificio-area-cientifica-do-parque-tecnoloxico-da-udc\/#primaryimage\"},\"image\":{\"@id\":\"http:\/\/arquitecturadegalicia.eu\/blog\/edificio-area-cientifica-do-parque-tecnoloxico-da-udc\/#primaryimage\"},\"thumbnailUrl\":\"http:\/\/arquitecturadegalicia.eu\/blog\/wp-content\/uploads\/2013\/10\/01.jpg\",\"datePublished\":\"2013-10-15T18:00:58+00:00\",\"dateModified\":\"2013-10-14T13:44:54+00:00\",\"breadcrumb\":{\"@id\":\"http:\/\/arquitecturadegalicia.eu\/blog\/edificio-area-cientifica-do-parque-tecnoloxico-da-udc\/#breadcrumb\"},\"inLanguage\":\"es\",\"potentialAction\":[{\"@type\":\"ReadAction\",\"target\":[\"http:\/\/arquitecturadegalicia.eu\/blog\/edificio-area-cientifica-do-parque-tecnoloxico-da-udc\/\"]}]},{\"@type\":\"ImageObject\",\"inLanguage\":\"es\",\"@id\":\"http:\/\/arquitecturadegalicia.eu\/blog\/edificio-area-cientifica-do-parque-tecnoloxico-da-udc\/#primaryimage\",\"url\":\"http:\/\/arquitecturadegalicia.eu\/blog\/wp-content\/uploads\/2013\/10\/01.jpg\",\"contentUrl\":\"http:\/\/arquitecturadegalicia.eu\/blog\/wp-content\/uploads\/2013\/10\/01.jpg\",\"width\":620,\"height\":407,\"caption\":\"EDIFICIO AREA CIENTIFICA DO PARQUE TECNOLOXICO DA UDC | CESAR PORTELA FERNANDEZ-JARDON y CESAREO PADRON CONDE | A CORU\u00d1A\"},{\"@type\":\"BreadcrumbList\",\"@id\":\"http:\/\/arquitecturadegalicia.eu\/blog\/edificio-area-cientifica-do-parque-tecnoloxico-da-udc\/#breadcrumb\",\"itemListElement\":[{\"@type\":\"ListItem\",\"position\":1,\"name\":\"Portada\",\"item\":\"https:\/\/arquitecturadegalicia.eu\/blog\/\"},{\"@type\":\"ListItem\",\"position\":2,\"name\":\"Edificio \u00c1rea Cient\u00edfica do Parque Tecnol\u00f3xico da UDC\"}]},{\"@type\":\"WebSite\",\"@id\":\"https:\/\/arquitecturadegalicia.eu\/blog\/#website\",\"url\":\"https:\/\/arquitecturadegalicia.eu\/blog\/\",\"name\":\"AG\",\"description\":\"Arquitectura de Galicia\",\"publisher\":{\"@id\":\"https:\/\/arquitecturadegalicia.eu\/blog\/#organization\"},\"potentialAction\":[{\"@type\":\"SearchAction\",\"target\":{\"@type\":\"EntryPoint\",\"urlTemplate\":\"https:\/\/arquitecturadegalicia.eu\/blog\/?s={search_term_string}\"},\"query-input\":{\"@type\":\"PropertyValueSpecification\",\"valueRequired\":true,\"valueName\":\"search_term_string\"}}],\"inLanguage\":\"es\"},{\"@type\":\"Organization\",\"@id\":\"https:\/\/arquitecturadegalicia.eu\/blog\/#organization\",\"name\":\"Arquitectura de Galicia\",\"url\":\"https:\/\/arquitecturadegalicia.eu\/blog\/\",\"logo\":{\"@type\":\"ImageObject\",\"inLanguage\":\"es\",\"@id\":\"https:\/\/arquitecturadegalicia.eu\/blog\/#\/schema\/logo\/image\/\",\"url\":\"https:\/\/arquitecturadegalicia.eu\/blog\/wp-content\/uploads\/2017\/01\/arquitecturacurrents2.png\",\"contentUrl\":\"https:\/\/arquitecturadegalicia.eu\/blog\/wp-content\/uploads\/2017\/01\/arquitecturacurrents2.png\",\"width\":840,\"height\":640,\"caption\":\"Arquitectura de Galicia\"},\"image\":{\"@id\":\"https:\/\/arquitecturadegalicia.eu\/blog\/#\/schema\/logo\/image\/\"},\"sameAs\":[\"https:\/\/www.facebook.com\/ArquitecturadeGalicia\/\",\"https:\/\/x.com\/arquigaliciaeu\",\"https:\/\/www.instagram.com\/arquigaliciaeu\/\"]},{\"@type\":\"Person\",\"@id\":\"https:\/\/arquitecturadegalicia.eu\/blog\/#\/schema\/person\/abcb74b3399abffb9dabced36488ac35\",\"name\":\"Dario Vallina\",\"image\":{\"@type\":\"ImageObject\",\"inLanguage\":\"es\",\"@id\":\"https:\/\/arquitecturadegalicia.eu\/blog\/#\/schema\/person\/image\/\",\"url\":\"https:\/\/secure.gravatar.com\/avatar\/a79e713b96510b29d405cacc448bf2e0?s=96&d=mm&r=g\",\"contentUrl\":\"https:\/\/secure.gravatar.com\/avatar\/a79e713b96510b29d405cacc448bf2e0?s=96&d=mm&r=g\",\"caption\":\"Dario Vallina\"},\"description\":\"Xix\u00f3n | Coordinaci\u00f3n e edici\u00f3n de artigos | La simplicidad es la mayor sofisticaci\u00f3n. Un caballo pintado a rayas no es una cebra. La imaginaci\u00f3n es m\u00e1s importante que la sabidur\u00eda. Si no puedo dibujarlo, es que no lo entiendo.\",\"url\":\"http:\/\/arquitecturadegalicia.eu\/blog\/author\/dariovallina\/\"}]}<\/script>\n<!-- \/ Yoast SEO plugin. -->","yoast_head_json":{"title":"Edificio \u00c1rea Cient\u00edfica do Parque Tecnol\u00f3xico da UDC | AG","robots":{"index":"index","follow":"follow","max-snippet":"max-snippet:-1","max-image-preview":"max-image-preview:large","max-video-preview":"max-video-preview:-1"},"canonical":"http:\/\/arquitecturadegalicia.eu\/blog\/edificio-area-cientifica-do-parque-tecnoloxico-da-udc\/","og_locale":"es_ES","og_type":"article","og_title":"Edificio \u00c1rea Cient\u00edfica do Parque Tecnol\u00f3xico da UDC | AG","og_description":"Premisa del proyecto es la de desarrollar un programa de actuaci\u00f3n general, de todo el conjunto, que sin embargo se debe materializar de manera modular seg\u00fan la disposici\u00f3n de fases presupuestarias. Adem\u00e1s de resolver los problemas de espacio docente e investigaci\u00f3n que actualmente reclaman las ingenier\u00edas a las que da servicio, se pretende que sirva para realizar una conexi\u00f3n racional, norte-sur, entre la cota del Parque Tecnol\u00f3gico con la cota de las citadas ingenier\u00edas y por ende del resto del Campus.","og_url":"http:\/\/arquitecturadegalicia.eu\/blog\/edificio-area-cientifica-do-parque-tecnoloxico-da-udc\/","og_site_name":"AG","article_publisher":"https:\/\/www.facebook.com\/ArquitecturadeGalicia\/","article_published_time":"2013-10-15T18:00:58+00:00","article_modified_time":"2013-10-14T13:44:54+00:00","og_image":[{"width":620,"height":407,"url":"http:\/\/arquitecturadegalicia.eu\/blog\/wp-content\/uploads\/2013\/10\/01.jpg","type":"image\/jpeg"}],"author":"Dario Vallina","twitter_card":"summary_large_image","twitter_creator":"@arquigaliciaeu","twitter_site":"@arquigaliciaeu","twitter_misc":{"Escrito por":"Dario Vallina","Tiempo de lectura":"5 minutos"},"schema":{"@context":"https:\/\/schema.org","@graph":[{"@type":"Article","@id":"http:\/\/arquitecturadegalicia.eu\/blog\/edificio-area-cientifica-do-parque-tecnoloxico-da-udc\/#article","isPartOf":{"@id":"http:\/\/arquitecturadegalicia.eu\/blog\/edificio-area-cientifica-do-parque-tecnoloxico-da-udc\/"},"author":{"name":"Dario Vallina","@id":"https:\/\/arquitecturadegalicia.eu\/blog\/#\/schema\/person\/abcb74b3399abffb9dabced36488ac35"},"headline":"Edificio \u00c1rea Cient\u00edfica do Parque Tecnol\u00f3xico da UDC","datePublished":"2013-10-15T18:00:58+00:00","dateModified":"2013-10-14T13:44:54+00:00","mainEntityOfPage":{"@id":"http:\/\/arquitecturadegalicia.eu\/blog\/edificio-area-cientifica-do-parque-tecnoloxico-da-udc\/"},"wordCount":1049,"commentCount":0,"publisher":{"@id":"https:\/\/arquitecturadegalicia.eu\/blog\/#organization"},"image":{"@id":"http:\/\/arquitecturadegalicia.eu\/blog\/edificio-area-cientifica-do-parque-tecnoloxico-da-udc\/#primaryimage"},"thumbnailUrl":"http:\/\/arquitecturadegalicia.eu\/blog\/wp-content\/uploads\/2013\/10\/01.jpg","keywords":["2011","C\u00e9sar Portela","Cesareo Padr\u00f3n Conde","facultade","oficinas"],"articleSection":["A Coru\u00f1a"],"inLanguage":"es","potentialAction":[{"@type":"CommentAction","name":"Comment","target":["http:\/\/arquitecturadegalicia.eu\/blog\/edificio-area-cientifica-do-parque-tecnoloxico-da-udc\/#respond"]}]},{"@type":"WebPage","@id":"http:\/\/arquitecturadegalicia.eu\/blog\/edificio-area-cientifica-do-parque-tecnoloxico-da-udc\/","url":"http:\/\/arquitecturadegalicia.eu\/blog\/edificio-area-cientifica-do-parque-tecnoloxico-da-udc\/","name":"Edificio \u00c1rea Cient\u00edfica do Parque Tecnol\u00f3xico da UDC | AG","isPartOf":{"@id":"https:\/\/arquitecturadegalicia.eu\/blog\/#website"},"primaryImageOfPage":{"@id":"http:\/\/arquitecturadegalicia.eu\/blog\/edificio-area-cientifica-do-parque-tecnoloxico-da-udc\/#primaryimage"},"image":{"@id":"http:\/\/arquitecturadegalicia.eu\/blog\/edificio-area-cientifica-do-parque-tecnoloxico-da-udc\/#primaryimage"},"thumbnailUrl":"http:\/\/arquitecturadegalicia.eu\/blog\/wp-content\/uploads\/2013\/10\/01.jpg","datePublished":"2013-10-15T18:00:58+00:00","dateModified":"2013-10-14T13:44:54+00:00","breadcrumb":{"@id":"http:\/\/arquitecturadegalicia.eu\/blog\/edificio-area-cientifica-do-parque-tecnoloxico-da-udc\/#breadcrumb"},"inLanguage":"es","potentialAction":[{"@type":"ReadAction","target":["http:\/\/arquitecturadegalicia.eu\/blog\/edificio-area-cientifica-do-parque-tecnoloxico-da-udc\/"]}]},{"@type":"ImageObject","inLanguage":"es","@id":"http:\/\/arquitecturadegalicia.eu\/blog\/edificio-area-cientifica-do-parque-tecnoloxico-da-udc\/#primaryimage","url":"http:\/\/arquitecturadegalicia.eu\/blog\/wp-content\/uploads\/2013\/10\/01.jpg","contentUrl":"http:\/\/arquitecturadegalicia.eu\/blog\/wp-content\/uploads\/2013\/10\/01.jpg","width":620,"height":407,"caption":"EDIFICIO AREA CIENTIFICA DO PARQUE TECNOLOXICO DA UDC | CESAR PORTELA FERNANDEZ-JARDON y CESAREO PADRON CONDE | A CORU\u00d1A"},{"@type":"BreadcrumbList","@id":"http:\/\/arquitecturadegalicia.eu\/blog\/edificio-area-cientifica-do-parque-tecnoloxico-da-udc\/#breadcrumb","itemListElement":[{"@type":"ListItem","position":1,"name":"Portada","item":"https:\/\/arquitecturadegalicia.eu\/blog\/"},{"@type":"ListItem","position":2,"name":"Edificio \u00c1rea Cient\u00edfica do Parque Tecnol\u00f3xico da UDC"}]},{"@type":"WebSite","@id":"https:\/\/arquitecturadegalicia.eu\/blog\/#website","url":"https:\/\/arquitecturadegalicia.eu\/blog\/","name":"AG","description":"Arquitectura de Galicia","publisher":{"@id":"https:\/\/arquitecturadegalicia.eu\/blog\/#organization"},"potentialAction":[{"@type":"SearchAction","target":{"@type":"EntryPoint","urlTemplate":"https:\/\/arquitecturadegalicia.eu\/blog\/?s={search_term_string}"},"query-input":{"@type":"PropertyValueSpecification","valueRequired":true,"valueName":"search_term_string"}}],"inLanguage":"es"},{"@type":"Organization","@id":"https:\/\/arquitecturadegalicia.eu\/blog\/#organization","name":"Arquitectura de Galicia","url":"https:\/\/arquitecturadegalicia.eu\/blog\/","logo":{"@type":"ImageObject","inLanguage":"es","@id":"https:\/\/arquitecturadegalicia.eu\/blog\/#\/schema\/logo\/image\/","url":"https:\/\/arquitecturadegalicia.eu\/blog\/wp-content\/uploads\/2017\/01\/arquitecturacurrents2.png","contentUrl":"https:\/\/arquitecturadegalicia.eu\/blog\/wp-content\/uploads\/2017\/01\/arquitecturacurrents2.png","width":840,"height":640,"caption":"Arquitectura de Galicia"},"image":{"@id":"https:\/\/arquitecturadegalicia.eu\/blog\/#\/schema\/logo\/image\/"},"sameAs":["https:\/\/www.facebook.com\/ArquitecturadeGalicia\/","https:\/\/x.com\/arquigaliciaeu","https:\/\/www.instagram.com\/arquigaliciaeu\/"]},{"@type":"Person","@id":"https:\/\/arquitecturadegalicia.eu\/blog\/#\/schema\/person\/abcb74b3399abffb9dabced36488ac35","name":"Dario Vallina","image":{"@type":"ImageObject","inLanguage":"es","@id":"https:\/\/arquitecturadegalicia.eu\/blog\/#\/schema\/person\/image\/","url":"https:\/\/secure.gravatar.com\/avatar\/a79e713b96510b29d405cacc448bf2e0?s=96&d=mm&r=g","contentUrl":"https:\/\/secure.gravatar.com\/avatar\/a79e713b96510b29d405cacc448bf2e0?s=96&d=mm&r=g","caption":"Dario Vallina"},"description":"Xix\u00f3n | Coordinaci\u00f3n e edici\u00f3n de artigos | La simplicidad es la mayor sofisticaci\u00f3n. Un caballo pintado a rayas no es una cebra. La imaginaci\u00f3n es m\u00e1s importante que la sabidur\u00eda. Si no puedo dibujarlo, es que no lo entiendo.","url":"http:\/\/arquitecturadegalicia.eu\/blog\/author\/dariovallina\/"}]}},"jetpack_featured_media_url":"http:\/\/arquitecturadegalicia.eu\/blog\/wp-content\/uploads\/2013\/10\/01.jpg","jetpack_shortlink":"https:\/\/wp.me\/p2NHs2-2w6","jetpack_sharing_enabled":true,"_links":{"self":[{"href":"http:\/\/arquitecturadegalicia.eu\/blog\/wp-json\/wp\/v2\/posts\/9678","targetHints":{"allow":["GET"]}}],"collection":[{"href":"http:\/\/arquitecturadegalicia.eu\/blog\/wp-json\/wp\/v2\/posts"}],"about":[{"href":"http:\/\/arquitecturadegalicia.eu\/blog\/wp-json\/wp\/v2\/types\/post"}],"author":[{"embeddable":true,"href":"http:\/\/arquitecturadegalicia.eu\/blog\/wp-json\/wp\/v2\/users\/7"}],"replies":[{"embeddable":true,"href":"http:\/\/arquitecturadegalicia.eu\/blog\/wp-json\/wp\/v2\/comments?post=9678"}],"version-history":[{"count":5,"href":"http:\/\/arquitecturadegalicia.eu\/blog\/wp-json\/wp\/v2\/posts\/9678\/revisions"}],"predecessor-version":[{"id":9684,"href":"http:\/\/arquitecturadegalicia.eu\/blog\/wp-json\/wp\/v2\/posts\/9678\/revisions\/9684"}],"wp:featuredmedia":[{"embeddable":true,"href":"http:\/\/arquitecturadegalicia.eu\/blog\/wp-json\/wp\/v2\/media\/9680"}],"wp:attachment":[{"href":"http:\/\/arquitecturadegalicia.eu\/blog\/wp-json\/wp\/v2\/media?parent=9678"}],"wp:term":[{"taxonomy":"category","embeddable":true,"href":"http:\/\/arquitecturadegalicia.eu\/blog\/wp-json\/wp\/v2\/categories?post=9678"},{"taxonomy":"post_tag","embeddable":true,"href":"http:\/\/arquitecturadegalicia.eu\/blog\/wp-json\/wp\/v2\/tags?post=9678"},{"taxonomy":"ano","embeddable":true,"href":"http:\/\/arquitecturadegalicia.eu\/blog\/wp-json\/wp\/v2\/ano?post=9678"},{"taxonomy":"arquitectos","embeddable":true,"href":"http:\/\/arquitecturadegalicia.eu\/blog\/wp-json\/wp\/v2\/arquitectos?post=9678"},{"taxonomy":"tipoloxia","embeddable":true,"href":"http:\/\/arquitecturadegalicia.eu\/blog\/wp-json\/wp\/v2\/tipoloxia?post=9678"}],"curies":[{"name":"wp","href":"https:\/\/api.w.org\/{rel}","templated":true}]}}