{"id":9917,"date":"2013-11-07T20:00:32","date_gmt":"2013-11-07T19:00:32","guid":{"rendered":"http:\/\/arquitecturadegalicia.eu\/blog\/?p=9917"},"modified":"2013-11-07T11:57:37","modified_gmt":"2013-11-07T10:57:37","slug":"vivenda-eficiente-en-monteporreiro","status":"publish","type":"post","link":"http:\/\/arquitecturadegalicia.eu\/blog\/vivenda-eficiente-en-monteporreiro\/","title":{"rendered":"Vivenda eficiente en Monteporreiro"},"content":{"rendered":"<h6 style=\"text-align: right;\"><span style=\"color: #c0c0c0;\"><img fetchpriority=\"high\" decoding=\"async\" class=\"alignnone size-full wp-image-9926\" alt=\"RODRIGUEZ + PINTOS\" src=\"http:\/\/arquitecturadegalicia.eu\/blog\/wp-content\/uploads\/2013\/11\/AG_vivenda_moteporreiro_Rodr\u00edguez_Pintos_pontevedra_00.jpg\" width=\"620\" height=\"413\" srcset=\"http:\/\/arquitecturadegalicia.eu\/blog\/wp-content\/uploads\/2013\/11\/AG_vivenda_moteporreiro_Rodr\u00edguez_Pintos_pontevedra_00.jpg 620w, http:\/\/arquitecturadegalicia.eu\/blog\/wp-content\/uploads\/2013\/11\/AG_vivenda_moteporreiro_Rodr\u00edguez_Pintos_pontevedra_00-300x199.jpg 300w\" sizes=\"(max-width: 620px) 100vw, 620px\" \/><br \/>\n<span style=\"color: #999999;\"><a href=\"http:\/\/www.santos-diez.com\/\" target=\"_blank\"><span style=\"color: #999999;\">Santos-D\u00edez<\/span><\/a>\u00a0|\u00a0<a href=\"http:\/\/www.bisimages.com\/\" target=\"_blank\"><span style=\"color: #999999;\">BISimages<\/span><\/a><\/span><br \/>\n<\/span><\/h6>\n<table class=\"aligncenter\" width=\"620\" border=\"0\" cellspacing=\"0\" cellpadding=\"0\">\n<tbody>\n<tr>\n<td width=\"180\"><strong>Obra:<\/strong><\/td>\n<td>Vivenda eficiente en Monteporreiro<\/td>\n<\/tr>\n<tr>\n<td><strong>Arquitecto:<\/strong><\/td>\n<td>Rodr\u00edguez + Pintos Arquitectos<\/td>\n<\/tr>\n<tr>\n<td><strong>Provincia:<\/strong><\/td>\n<td>Pontevedra<\/td>\n<\/tr>\n<tr>\n<td><strong>Localidade:<\/strong><\/td>\n<td>Monteporreiro,\u00a0Pontevedra<\/td>\n<\/tr>\n<tr>\n<td><strong>Ano:<\/strong><\/td>\n<td>2011<\/td>\n<\/tr>\n<tr>\n<td><strong>Xeolocalizaci\u00f3n:<\/strong><\/td>\n<td><a href=\"https:\/\/maps.google.com\/maps\/ms?ie=UTF8&amp;hl=es&amp;oe=UTF8&amp;t=h&amp;vpsrc=6&amp;msa=0&amp;msid=205584753861089304839.0004b3590a9baff01c53d&amp;start=400&amp;num=200&amp;ll=42.445889,-8.627239&amp;spn=0.002577,0.004823&amp;z=18&amp;iwloc=0004ea194a54a638df80a\" target=\"_blank\"><strong>42.445,-8.627<br \/>\n<\/strong><\/a><\/td>\n<\/tr>\n<\/tbody>\n<\/table>\n<table class=\" aligncenter\" width=\"620\" border=\"0\" cellspacing=\"0\" cellpadding=\"0\">\n<tbody>\n<tr>\n<td colspan=\"3\"><strong>Outros Datos:<\/strong><\/td>\n<\/tr>\n<tr>\n<td width=\"20\"><\/td>\n<td colspan=\"2\"><strong>Premios:<\/strong><\/td>\n<\/tr>\n<tr>\n<td width=\"20\"><\/td>\n<td width=\"20\"><\/td>\n<td width=\"580\">Premios Gran de Area 2011<\/td>\n<\/tr>\n<tr>\n<td width=\"20\"><\/td>\n<td colspan=\"2\"><strong>Publicaci\u00f3ns:<\/strong><\/td>\n<\/tr>\n<tr>\n<td width=\"20\"><\/td>\n<td width=\"20\"><\/td>\n<td>Detail Green\u00a0|\u00a0N\u00ba 2 2011<\/td>\n<\/tr>\n<tr>\n<td width=\"20\"><\/td>\n<td colspan=\"2\"><strong>Informaci\u00f3n na rede:<\/strong><\/td>\n<\/tr>\n<tr>\n<td width=\"20\"><\/td>\n<td width=\"20\"><\/td>\n<td><a href=\"http:\/\/www.rodriguez-pintos.coag.es\/\" target=\"_blank\"><strong>rodriguez-pintos.coag.es<br \/>\n<\/strong><\/a><a href=\"http:\/\/santos-diez.com\/fotografo\/wp-content\/plugins\/dm-albums\/dm-albums.php?currdir=\/wp-content\/uploads\/dm-albums\/info@santos-diez.com\/monteporreiro\/\" target=\"_blank\"><strong>santos-diez.com<\/strong><\/a><\/td>\n<\/tr>\n<tr>\n<td width=\"20\"><a href=\"http:\/\/santos-diez.com\/fotografo\/wp-content\/plugins\/dm-albums\/dm-albums.php?currdir=\/wp-content\/uploads\/dm-albums\/info@santos-diez.com\/monteporreiro\/\" target=\"_blank\"><strong>\u00a0<\/strong><\/a><\/td>\n<td colspan=\"2\"><strong>Descripci\u00f3n do proxecto:<\/strong><\/td>\n<\/tr>\n<tr>\n<td width=\"20\"><\/td>\n<td width=\"20\"><\/td>\n<td style=\"text-align: justify;\">\u00abEsta vivenda aprov\u00e9itase do soleamento, vistas e accesos m\u00e1is favor\u00e1beis nunha volumetr\u00eda de pezas compactas e non fragmentadas nin dispersas. Hai d\u00faas ali\u00f1aci\u00f3ns diferentes, para abrirse ao sur, \u00e1s vistas,e para xerar recollemento ao nord\u00e9s.Artic\u00falase en d\u00faas zonas, a do acceso, m\u00e1is \u00edntima e formal, que pola s\u00faa ordenaci\u00f3n, elevaci\u00f3n, soleamento e reserva do tr\u00e1fico, \u00e9 a do aproveitamento do exterior. E a outra posterior m\u00e1is flexible. No soto, a piscina abr\u00edndose ao sur cun patio ingl\u00e9s, garantindo soleamento e privacidade.<\/p>\n<p>As enerx\u00edas renov\u00e1beis e os criterios bioclim\u00e1ticos buscan a optimizaci\u00f3n con un sistema de funcionamento \u00edntegro de baixa temperatura. Para a piscina climatizada preveuse un sistema de quentamento, acondicionamento e tratamento do aire, temperatura e humidade. Un sistema de recuperaci\u00f3n de enerx\u00eda que permite reciclar o 50% da xerada na evaporaci\u00f3n.\u00bb<\/p>\n<p>Rodr\u00edguez + Pintos<\/td>\n<\/tr>\n<tr>\n<td width=\"20\"><\/td>\n<td colspan=\"2\"><b><b><b>Reportaxe fotogr\u00e1fica<\/b>: <\/b><\/b><a href=\"http:\/\/arquitecturadegalicia.eu\/blog\/?author=##\" target=\"_blank\"><br \/>\n<\/a><\/td>\n<\/tr>\n<tr>\n<td width=\"20\"><\/td>\n<td colspan=\"2\"><\/td>\n<\/tr>\n<tr>\n<td width=\"20\"><\/td>\n<td colspan=\"2\"><strong>Planos:<\/strong><\/td>\n<\/tr>\n<tr>\n<td width=\"20\"><\/td>\n<td colspan=\"2\"><\/td>\n<\/tr>\n<\/tbody>\n<\/table>\n","protected":false},"excerpt":{"rendered":"<p>\u00abEsta vivenda aprov\u00e9itase do soleamento, vistas e accesos m\u00e1is favor\u00e1beis nunha volumetr\u00eda de pezas compactas e non fragmentadas nin dispersas. Hai d\u00faas ali\u00f1aci\u00f3ns diferentes, para abrirse ao sur, \u00e1s vistas, para xerar recollemento ao nord\u00e9s.\u00bb Rodr\u00edguez + Pintos<\/p>\n","protected":false},"author":8,"featured_media":9926,"comment_status":"open","ping_status":"open","sticky":false,"template":"","format":"standard","meta":{"jetpack_post_was_ever_published":false,"_jetpack_newsletter_access":"","_jetpack_dont_email_post_to_subs":false,"_jetpack_newsletter_tier_id":0,"_jetpack_memberships_contains_paywalled_content":false,"_jetpack_memberships_contains_paid_content":false,"footnotes":"","jetpack_publicize_message":"","jetpack_publicize_feature_enabled":true,"jetpack_social_post_already_shared":true,"jetpack_social_options":{"image_generator_settings":{"template":"highway","enabled":false},"version":2}},"categories":[20],"tags":[56,681,105,108],"ano":[],"arquitectos":[],"tipoloxia":[],"class_list":["post-9917","post","type-post","status-publish","format-standard","has-post-thumbnail","hentry","category-pontevedra-pontevedra","tag-56","tag-rodriguez-pintos","tag-unifamiliar","tag-vivenda","content-print"],"jetpack_publicize_connections":[],"yoast_head":"<!-- This site is optimized with the Yoast SEO plugin v24.1 - https:\/\/yoast.com\/wordpress\/plugins\/seo\/ -->\n<title>Vivenda eficiente en Monteporreiro | AG<\/title>\n<meta name=\"robots\" content=\"index, follow, max-snippet:-1, max-image-preview:large, max-video-preview:-1\" \/>\n<link rel=\"canonical\" href=\"http:\/\/arquitecturadegalicia.eu\/blog\/vivenda-eficiente-en-monteporreiro\/\" \/>\n<meta property=\"og:locale\" content=\"es_ES\" \/>\n<meta property=\"og:type\" content=\"article\" \/>\n<meta property=\"og:title\" content=\"Vivenda eficiente en Monteporreiro | AG\" \/>\n<meta property=\"og:description\" content=\"&quot;Esta vivenda aprov\u00e9itase do soleamento, vistas e accesos m\u00e1is favor\u00e1beis nunha volumetr\u00eda de pezas compactas e non fragmentadas nin dispersas. Hai d\u00faas ali\u00f1aci\u00f3ns diferentes, para abrirse ao sur, \u00e1s vistas, para xerar recollemento ao nord\u00e9s.&quot; Rodr\u00edguez + Pintos\" \/>\n<meta property=\"og:url\" content=\"http:\/\/arquitecturadegalicia.eu\/blog\/vivenda-eficiente-en-monteporreiro\/\" \/>\n<meta property=\"og:site_name\" content=\"AG\" \/>\n<meta property=\"article:publisher\" content=\"https:\/\/www.facebook.com\/ArquitecturadeGalicia\/\" \/>\n<meta property=\"article:published_time\" content=\"2013-11-07T19:00:32+00:00\" \/>\n<meta property=\"article:modified_time\" content=\"2013-11-07T10:57:37+00:00\" \/>\n<meta property=\"og:image\" content=\"http:\/\/arquitecturadegalicia.eu\/blog\/wp-content\/uploads\/2013\/11\/AG_vivenda_moteporreiro_Rodr\u00edguez_Pintos_pontevedra_00.jpg\" \/>\n\t<meta property=\"og:image:width\" content=\"620\" \/>\n\t<meta property=\"og:image:height\" content=\"413\" \/>\n\t<meta property=\"og:image:type\" content=\"image\/jpeg\" \/>\n<meta name=\"author\" content=\"Iago Valverde\" \/>\n<meta name=\"twitter:card\" content=\"summary_large_image\" \/>\n<meta name=\"twitter:creator\" content=\"@arquigaliciaeu\" \/>\n<meta name=\"twitter:site\" content=\"@arquigaliciaeu\" \/>\n<meta name=\"twitter:label1\" content=\"Escrito por\" \/>\n\t<meta name=\"twitter:data1\" content=\"Iago Valverde\" \/>\n\t<meta name=\"twitter:label2\" content=\"Tiempo de lectura\" \/>\n\t<meta name=\"twitter:data2\" content=\"1 minuto\" \/>\n<script type=\"application\/ld+json\" class=\"yoast-schema-graph\">{\"@context\":\"https:\/\/schema.org\",\"@graph\":[{\"@type\":\"Article\",\"@id\":\"http:\/\/arquitecturadegalicia.eu\/blog\/vivenda-eficiente-en-monteporreiro\/#article\",\"isPartOf\":{\"@id\":\"http:\/\/arquitecturadegalicia.eu\/blog\/vivenda-eficiente-en-monteporreiro\/\"},\"author\":{\"name\":\"Iago Valverde\",\"@id\":\"http:\/\/arquitecturadegalicia.eu\/blog\/#\/schema\/person\/a51297ea3eeddd32ccbd89a218e148f1\"},\"headline\":\"Vivenda eficiente en Monteporreiro\",\"datePublished\":\"2013-11-07T19:00:32+00:00\",\"dateModified\":\"2013-11-07T10:57:37+00:00\",\"mainEntityOfPage\":{\"@id\":\"http:\/\/arquitecturadegalicia.eu\/blog\/vivenda-eficiente-en-monteporreiro\/\"},\"wordCount\":215,\"commentCount\":0,\"publisher\":{\"@id\":\"http:\/\/arquitecturadegalicia.eu\/blog\/#organization\"},\"image\":{\"@id\":\"http:\/\/arquitecturadegalicia.eu\/blog\/vivenda-eficiente-en-monteporreiro\/#primaryimage\"},\"thumbnailUrl\":\"http:\/\/arquitecturadegalicia.eu\/blog\/wp-content\/uploads\/2013\/11\/AG_vivenda_moteporreiro_Rodr\u00edguez_Pintos_pontevedra_00.jpg\",\"keywords\":[\"2011\",\"Rodr\u00edguez + Pintos\",\"unifamiliar\",\"Vivenda\"],\"articleSection\":[\"Pontevedra\"],\"inLanguage\":\"es\",\"potentialAction\":[{\"@type\":\"CommentAction\",\"name\":\"Comment\",\"target\":[\"http:\/\/arquitecturadegalicia.eu\/blog\/vivenda-eficiente-en-monteporreiro\/#respond\"]}]},{\"@type\":\"WebPage\",\"@id\":\"http:\/\/arquitecturadegalicia.eu\/blog\/vivenda-eficiente-en-monteporreiro\/\",\"url\":\"http:\/\/arquitecturadegalicia.eu\/blog\/vivenda-eficiente-en-monteporreiro\/\",\"name\":\"Vivenda eficiente en Monteporreiro | AG\",\"isPartOf\":{\"@id\":\"http:\/\/arquitecturadegalicia.eu\/blog\/#website\"},\"primaryImageOfPage\":{\"@id\":\"http:\/\/arquitecturadegalicia.eu\/blog\/vivenda-eficiente-en-monteporreiro\/#primaryimage\"},\"image\":{\"@id\":\"http:\/\/arquitecturadegalicia.eu\/blog\/vivenda-eficiente-en-monteporreiro\/#primaryimage\"},\"thumbnailUrl\":\"http:\/\/arquitecturadegalicia.eu\/blog\/wp-content\/uploads\/2013\/11\/AG_vivenda_moteporreiro_Rodr\u00edguez_Pintos_pontevedra_00.jpg\",\"datePublished\":\"2013-11-07T19:00:32+00:00\",\"dateModified\":\"2013-11-07T10:57:37+00:00\",\"breadcrumb\":{\"@id\":\"http:\/\/arquitecturadegalicia.eu\/blog\/vivenda-eficiente-en-monteporreiro\/#breadcrumb\"},\"inLanguage\":\"es\",\"potentialAction\":[{\"@type\":\"ReadAction\",\"target\":[\"http:\/\/arquitecturadegalicia.eu\/blog\/vivenda-eficiente-en-monteporreiro\/\"]}]},{\"@type\":\"ImageObject\",\"inLanguage\":\"es\",\"@id\":\"http:\/\/arquitecturadegalicia.eu\/blog\/vivenda-eficiente-en-monteporreiro\/#primaryimage\",\"url\":\"http:\/\/arquitecturadegalicia.eu\/blog\/wp-content\/uploads\/2013\/11\/AG_vivenda_moteporreiro_Rodr\u00edguez_Pintos_pontevedra_00.jpg\",\"contentUrl\":\"http:\/\/arquitecturadegalicia.eu\/blog\/wp-content\/uploads\/2013\/11\/AG_vivenda_moteporreiro_Rodr\u00edguez_Pintos_pontevedra_00.jpg\",\"width\":620,\"height\":413},{\"@type\":\"BreadcrumbList\",\"@id\":\"http:\/\/arquitecturadegalicia.eu\/blog\/vivenda-eficiente-en-monteporreiro\/#breadcrumb\",\"itemListElement\":[{\"@type\":\"ListItem\",\"position\":1,\"name\":\"Portada\",\"item\":\"https:\/\/arquitecturadegalicia.eu\/blog\/\"},{\"@type\":\"ListItem\",\"position\":2,\"name\":\"Vivenda eficiente en Monteporreiro\"}]},{\"@type\":\"WebSite\",\"@id\":\"http:\/\/arquitecturadegalicia.eu\/blog\/#website\",\"url\":\"http:\/\/arquitecturadegalicia.eu\/blog\/\",\"name\":\"AG\",\"description\":\"Arquitectura de Galicia\",\"publisher\":{\"@id\":\"http:\/\/arquitecturadegalicia.eu\/blog\/#organization\"},\"potentialAction\":[{\"@type\":\"SearchAction\",\"target\":{\"@type\":\"EntryPoint\",\"urlTemplate\":\"http:\/\/arquitecturadegalicia.eu\/blog\/?s={search_term_string}\"},\"query-input\":{\"@type\":\"PropertyValueSpecification\",\"valueRequired\":true,\"valueName\":\"search_term_string\"}}],\"inLanguage\":\"es\"},{\"@type\":\"Organization\",\"@id\":\"http:\/\/arquitecturadegalicia.eu\/blog\/#organization\",\"name\":\"Arquitectura de Galicia\",\"url\":\"http:\/\/arquitecturadegalicia.eu\/blog\/\",\"logo\":{\"@type\":\"ImageObject\",\"inLanguage\":\"es\",\"@id\":\"http:\/\/arquitecturadegalicia.eu\/blog\/#\/schema\/logo\/image\/\",\"url\":\"https:\/\/arquitecturadegalicia.eu\/blog\/wp-content\/uploads\/2017\/01\/arquitecturacurrents2.png\",\"contentUrl\":\"https:\/\/arquitecturadegalicia.eu\/blog\/wp-content\/uploads\/2017\/01\/arquitecturacurrents2.png\",\"width\":840,\"height\":640,\"caption\":\"Arquitectura de Galicia\"},\"image\":{\"@id\":\"http:\/\/arquitecturadegalicia.eu\/blog\/#\/schema\/logo\/image\/\"},\"sameAs\":[\"https:\/\/www.facebook.com\/ArquitecturadeGalicia\/\",\"https:\/\/x.com\/arquigaliciaeu\",\"https:\/\/www.instagram.com\/arquigaliciaeu\/\"]},{\"@type\":\"Person\",\"@id\":\"http:\/\/arquitecturadegalicia.eu\/blog\/#\/schema\/person\/a51297ea3eeddd32ccbd89a218e148f1\",\"name\":\"Iago Valverde\",\"image\":{\"@type\":\"ImageObject\",\"inLanguage\":\"es\",\"@id\":\"http:\/\/arquitecturadegalicia.eu\/blog\/#\/schema\/person\/image\/\",\"url\":\"https:\/\/secure.gravatar.com\/avatar\/eb8a9f2f10ff79db5c78989d92f1e8b2?s=96&d=mm&r=g\",\"contentUrl\":\"https:\/\/secure.gravatar.com\/avatar\/eb8a9f2f10ff79db5c78989d92f1e8b2?s=96&d=mm&r=g\",\"caption\":\"Iago Valverde\"},\"description\":\"Nigr\u00e1n | Edici\u00f3n de artigos e xeolocalizaci\u00f3n | Arquitecto en formaci\u00f3n na ETSAC e cursando PFC. Interesado en urbanismo, arquitectura, pol\u00edtica, e todo aquilo que \u00e9 complexo e vital\",\"url\":\"http:\/\/arquitecturadegalicia.eu\/blog\/author\/iago-valverde\/\"}]}<\/script>\n<!-- \/ Yoast SEO plugin. -->","yoast_head_json":{"title":"Vivenda eficiente en Monteporreiro | AG","robots":{"index":"index","follow":"follow","max-snippet":"max-snippet:-1","max-image-preview":"max-image-preview:large","max-video-preview":"max-video-preview:-1"},"canonical":"http:\/\/arquitecturadegalicia.eu\/blog\/vivenda-eficiente-en-monteporreiro\/","og_locale":"es_ES","og_type":"article","og_title":"Vivenda eficiente en Monteporreiro | AG","og_description":"\"Esta vivenda aprov\u00e9itase do soleamento, vistas e accesos m\u00e1is favor\u00e1beis nunha volumetr\u00eda de pezas compactas e non fragmentadas nin dispersas. Hai d\u00faas ali\u00f1aci\u00f3ns diferentes, para abrirse ao sur, \u00e1s vistas, para xerar recollemento ao nord\u00e9s.\" Rodr\u00edguez + Pintos","og_url":"http:\/\/arquitecturadegalicia.eu\/blog\/vivenda-eficiente-en-monteporreiro\/","og_site_name":"AG","article_publisher":"https:\/\/www.facebook.com\/ArquitecturadeGalicia\/","article_published_time":"2013-11-07T19:00:32+00:00","article_modified_time":"2013-11-07T10:57:37+00:00","og_image":[{"width":620,"height":413,"url":"http:\/\/arquitecturadegalicia.eu\/blog\/wp-content\/uploads\/2013\/11\/AG_vivenda_moteporreiro_Rodr\u00edguez_Pintos_pontevedra_00.jpg","type":"image\/jpeg"}],"author":"Iago Valverde","twitter_card":"summary_large_image","twitter_creator":"@arquigaliciaeu","twitter_site":"@arquigaliciaeu","twitter_misc":{"Escrito por":"Iago Valverde","Tiempo de lectura":"1 minuto"},"schema":{"@context":"https:\/\/schema.org","@graph":[{"@type":"Article","@id":"http:\/\/arquitecturadegalicia.eu\/blog\/vivenda-eficiente-en-monteporreiro\/#article","isPartOf":{"@id":"http:\/\/arquitecturadegalicia.eu\/blog\/vivenda-eficiente-en-monteporreiro\/"},"author":{"name":"Iago Valverde","@id":"http:\/\/arquitecturadegalicia.eu\/blog\/#\/schema\/person\/a51297ea3eeddd32ccbd89a218e148f1"},"headline":"Vivenda eficiente en Monteporreiro","datePublished":"2013-11-07T19:00:32+00:00","dateModified":"2013-11-07T10:57:37+00:00","mainEntityOfPage":{"@id":"http:\/\/arquitecturadegalicia.eu\/blog\/vivenda-eficiente-en-monteporreiro\/"},"wordCount":215,"commentCount":0,"publisher":{"@id":"http:\/\/arquitecturadegalicia.eu\/blog\/#organization"},"image":{"@id":"http:\/\/arquitecturadegalicia.eu\/blog\/vivenda-eficiente-en-monteporreiro\/#primaryimage"},"thumbnailUrl":"http:\/\/arquitecturadegalicia.eu\/blog\/wp-content\/uploads\/2013\/11\/AG_vivenda_moteporreiro_Rodr\u00edguez_Pintos_pontevedra_00.jpg","keywords":["2011","Rodr\u00edguez + Pintos","unifamiliar","Vivenda"],"articleSection":["Pontevedra"],"inLanguage":"es","potentialAction":[{"@type":"CommentAction","name":"Comment","target":["http:\/\/arquitecturadegalicia.eu\/blog\/vivenda-eficiente-en-monteporreiro\/#respond"]}]},{"@type":"WebPage","@id":"http:\/\/arquitecturadegalicia.eu\/blog\/vivenda-eficiente-en-monteporreiro\/","url":"http:\/\/arquitecturadegalicia.eu\/blog\/vivenda-eficiente-en-monteporreiro\/","name":"Vivenda eficiente en Monteporreiro | AG","isPartOf":{"@id":"http:\/\/arquitecturadegalicia.eu\/blog\/#website"},"primaryImageOfPage":{"@id":"http:\/\/arquitecturadegalicia.eu\/blog\/vivenda-eficiente-en-monteporreiro\/#primaryimage"},"image":{"@id":"http:\/\/arquitecturadegalicia.eu\/blog\/vivenda-eficiente-en-monteporreiro\/#primaryimage"},"thumbnailUrl":"http:\/\/arquitecturadegalicia.eu\/blog\/wp-content\/uploads\/2013\/11\/AG_vivenda_moteporreiro_Rodr\u00edguez_Pintos_pontevedra_00.jpg","datePublished":"2013-11-07T19:00:32+00:00","dateModified":"2013-11-07T10:57:37+00:00","breadcrumb":{"@id":"http:\/\/arquitecturadegalicia.eu\/blog\/vivenda-eficiente-en-monteporreiro\/#breadcrumb"},"inLanguage":"es","potentialAction":[{"@type":"ReadAction","target":["http:\/\/arquitecturadegalicia.eu\/blog\/vivenda-eficiente-en-monteporreiro\/"]}]},{"@type":"ImageObject","inLanguage":"es","@id":"http:\/\/arquitecturadegalicia.eu\/blog\/vivenda-eficiente-en-monteporreiro\/#primaryimage","url":"http:\/\/arquitecturadegalicia.eu\/blog\/wp-content\/uploads\/2013\/11\/AG_vivenda_moteporreiro_Rodr\u00edguez_Pintos_pontevedra_00.jpg","contentUrl":"http:\/\/arquitecturadegalicia.eu\/blog\/wp-content\/uploads\/2013\/11\/AG_vivenda_moteporreiro_Rodr\u00edguez_Pintos_pontevedra_00.jpg","width":620,"height":413},{"@type":"BreadcrumbList","@id":"http:\/\/arquitecturadegalicia.eu\/blog\/vivenda-eficiente-en-monteporreiro\/#breadcrumb","itemListElement":[{"@type":"ListItem","position":1,"name":"Portada","item":"https:\/\/arquitecturadegalicia.eu\/blog\/"},{"@type":"ListItem","position":2,"name":"Vivenda eficiente en Monteporreiro"}]},{"@type":"WebSite","@id":"http:\/\/arquitecturadegalicia.eu\/blog\/#website","url":"http:\/\/arquitecturadegalicia.eu\/blog\/","name":"AG","description":"Arquitectura de Galicia","publisher":{"@id":"http:\/\/arquitecturadegalicia.eu\/blog\/#organization"},"potentialAction":[{"@type":"SearchAction","target":{"@type":"EntryPoint","urlTemplate":"http:\/\/arquitecturadegalicia.eu\/blog\/?s={search_term_string}"},"query-input":{"@type":"PropertyValueSpecification","valueRequired":true,"valueName":"search_term_string"}}],"inLanguage":"es"},{"@type":"Organization","@id":"http:\/\/arquitecturadegalicia.eu\/blog\/#organization","name":"Arquitectura de Galicia","url":"http:\/\/arquitecturadegalicia.eu\/blog\/","logo":{"@type":"ImageObject","inLanguage":"es","@id":"http:\/\/arquitecturadegalicia.eu\/blog\/#\/schema\/logo\/image\/","url":"https:\/\/arquitecturadegalicia.eu\/blog\/wp-content\/uploads\/2017\/01\/arquitecturacurrents2.png","contentUrl":"https:\/\/arquitecturadegalicia.eu\/blog\/wp-content\/uploads\/2017\/01\/arquitecturacurrents2.png","width":840,"height":640,"caption":"Arquitectura de Galicia"},"image":{"@id":"http:\/\/arquitecturadegalicia.eu\/blog\/#\/schema\/logo\/image\/"},"sameAs":["https:\/\/www.facebook.com\/ArquitecturadeGalicia\/","https:\/\/x.com\/arquigaliciaeu","https:\/\/www.instagram.com\/arquigaliciaeu\/"]},{"@type":"Person","@id":"http:\/\/arquitecturadegalicia.eu\/blog\/#\/schema\/person\/a51297ea3eeddd32ccbd89a218e148f1","name":"Iago Valverde","image":{"@type":"ImageObject","inLanguage":"es","@id":"http:\/\/arquitecturadegalicia.eu\/blog\/#\/schema\/person\/image\/","url":"https:\/\/secure.gravatar.com\/avatar\/eb8a9f2f10ff79db5c78989d92f1e8b2?s=96&d=mm&r=g","contentUrl":"https:\/\/secure.gravatar.com\/avatar\/eb8a9f2f10ff79db5c78989d92f1e8b2?s=96&d=mm&r=g","caption":"Iago Valverde"},"description":"Nigr\u00e1n | Edici\u00f3n de artigos e xeolocalizaci\u00f3n | Arquitecto en formaci\u00f3n na ETSAC e cursando PFC. Interesado en urbanismo, arquitectura, pol\u00edtica, e todo aquilo que \u00e9 complexo e vital","url":"http:\/\/arquitecturadegalicia.eu\/blog\/author\/iago-valverde\/"}]}},"jetpack_featured_media_url":"http:\/\/arquitecturadegalicia.eu\/blog\/wp-content\/uploads\/2013\/11\/AG_vivenda_moteporreiro_Rodr\u00edguez_Pintos_pontevedra_00.jpg","jetpack_shortlink":"https:\/\/wp.me\/p2NHs2-2zX","jetpack_sharing_enabled":true,"_links":{"self":[{"href":"http:\/\/arquitecturadegalicia.eu\/blog\/wp-json\/wp\/v2\/posts\/9917","targetHints":{"allow":["GET"]}}],"collection":[{"href":"http:\/\/arquitecturadegalicia.eu\/blog\/wp-json\/wp\/v2\/posts"}],"about":[{"href":"http:\/\/arquitecturadegalicia.eu\/blog\/wp-json\/wp\/v2\/types\/post"}],"author":[{"embeddable":true,"href":"http:\/\/arquitecturadegalicia.eu\/blog\/wp-json\/wp\/v2\/users\/8"}],"replies":[{"embeddable":true,"href":"http:\/\/arquitecturadegalicia.eu\/blog\/wp-json\/wp\/v2\/comments?post=9917"}],"version-history":[{"count":14,"href":"http:\/\/arquitecturadegalicia.eu\/blog\/wp-json\/wp\/v2\/posts\/9917\/revisions"}],"predecessor-version":[{"id":9992,"href":"http:\/\/arquitecturadegalicia.eu\/blog\/wp-json\/wp\/v2\/posts\/9917\/revisions\/9992"}],"wp:featuredmedia":[{"embeddable":true,"href":"http:\/\/arquitecturadegalicia.eu\/blog\/wp-json\/wp\/v2\/media\/9926"}],"wp:attachment":[{"href":"http:\/\/arquitecturadegalicia.eu\/blog\/wp-json\/wp\/v2\/media?parent=9917"}],"wp:term":[{"taxonomy":"category","embeddable":true,"href":"http:\/\/arquitecturadegalicia.eu\/blog\/wp-json\/wp\/v2\/categories?post=9917"},{"taxonomy":"post_tag","embeddable":true,"href":"http:\/\/arquitecturadegalicia.eu\/blog\/wp-json\/wp\/v2\/tags?post=9917"},{"taxonomy":"ano","embeddable":true,"href":"http:\/\/arquitecturadegalicia.eu\/blog\/wp-json\/wp\/v2\/ano?post=9917"},{"taxonomy":"arquitectos","embeddable":true,"href":"http:\/\/arquitecturadegalicia.eu\/blog\/wp-json\/wp\/v2\/arquitectos?post=9917"},{"taxonomy":"tipoloxia","embeddable":true,"href":"http:\/\/arquitecturadegalicia.eu\/blog\/wp-json\/wp\/v2\/tipoloxia?post=9917"}],"curies":[{"name":"wp","href":"https:\/\/api.w.org\/{rel}","templated":true}]}}