{"id":9954,"date":"2013-11-10T20:00:55","date_gmt":"2013-11-10T19:00:55","guid":{"rendered":"http:\/\/arquitecturadegalicia.eu\/blog\/?p=9954"},"modified":"2013-11-11T16:45:33","modified_gmt":"2013-11-11T15:45:33","slug":"xardin-botanico-de-montealegre","status":"publish","type":"post","link":"http:\/\/arquitecturadegalicia.eu\/blog\/xardin-botanico-de-montealegre\/","title":{"rendered":"Xard\u00edn Bot\u00e1nico de Montealegre"},"content":{"rendered":"<h6 style=\"text-align: right;\"><span style=\"color: #c0c0c0;\"><img fetchpriority=\"high\" decoding=\"async\" class=\"alignnone size-full wp-image-9955\" alt=\"AG_paque_botanico_montealegre_ourense_jose_crespi_2011\" src=\"http:\/\/arquitecturadegalicia.eu\/blog\/wp-content\/uploads\/2013\/11\/AG_paque_botanico_montealegre_ourense_jose_crespi_2011.jpg\" width=\"620\" height=\"413\" srcset=\"http:\/\/arquitecturadegalicia.eu\/blog\/wp-content\/uploads\/2013\/11\/AG_paque_botanico_montealegre_ourense_jose_crespi_2011.jpg 620w, http:\/\/arquitecturadegalicia.eu\/blog\/wp-content\/uploads\/2013\/11\/AG_paque_botanico_montealegre_ourense_jose_crespi_2011-300x199.jpg 300w\" sizes=\"(max-width: 620px) 100vw, 620px\" \/><br \/>\nJos\u00e9 Cesp\u00ed<br \/>\n<\/span><\/h6>\n<table class=\"aligncenter\" width=\"620\" border=\"0\" cellspacing=\"0\" cellpadding=\"0\">\n<tbody>\n<tr>\n<td width=\"180\"><strong>Obra:<\/strong><\/td>\n<td>Xard\u00edn Bot\u00e1nico de Montealegre<\/td>\n<\/tr>\n<tr>\n<td><strong>Arquitecto:<\/strong><\/td>\n<td>Jos\u00e9 Cesp\u00ed (Coordinador)<\/td>\n<\/tr>\n<tr>\n<td><strong>Provincia:<\/strong><\/td>\n<td>Ourense<\/td>\n<\/tr>\n<tr>\n<td><strong>Localidade:<\/strong><\/td>\n<td>Montealegre, Ourense<\/td>\n<\/tr>\n<tr>\n<td><strong>Ano:<\/strong><\/td>\n<td>2011<\/td>\n<\/tr>\n<tr>\n<td><strong>Xeolocalizaci\u00f3n:<\/strong><\/td>\n<td><strong><a href=\"https:\/\/maps.google.com\/maps\/ms?ie=UTF8&amp;hl=es&amp;oe=UTF8&amp;t=h&amp;vpsrc=6&amp;msa=0&amp;msid=205584753861089304839.0004b3590a9baff01c53d&amp;start=400&amp;num=200&amp;ll=42.335152,-7.849571&amp;spn=0.003651,0.004823&amp;z=18&amp;iwloc=0004ea430e7ac5f11d331\" target=\"_blank\">42.334,-7.848<\/a><a href=\"https:\/\/maps.google.com\/maps\/ms?ie=UTF8&amp;hl=es&amp;oe=UTF8&amp;t=h&amp;vpsrc=6&amp;msa=0&amp;msid=205584753861089304839.0004b3590a9baff01c53d&amp;start=400&amp;num=200&amp;ll=42.445889,-8.627239&amp;spn=0.002577,0.004823&amp;z=18&amp;iwloc=0004ea194a54a638df80a\" target=\"_blank\"><br \/>\n<\/a><\/strong><\/td>\n<\/tr>\n<\/tbody>\n<\/table>\n<table class=\" aligncenter\" width=\"620\" border=\"0\" cellspacing=\"0\" cellpadding=\"0\">\n<tbody>\n<tr>\n<td colspan=\"3\"><strong>Outros Datos:<\/strong><\/td>\n<\/tr>\n<tr>\n<td width=\"20\"><\/td>\n<td colspan=\"2\"><strong>Premios:<\/strong><\/td>\n<\/tr>\n<tr>\n<td width=\"20\"><\/td>\n<td width=\"20\"><\/td>\n<td width=\"580\"><\/td>\n<\/tr>\n<tr>\n<td width=\"20\"><\/td>\n<td colspan=\"2\"><strong>Publicaci\u00f3ns:<\/strong><\/td>\n<\/tr>\n<tr>\n<td width=\"20\"><\/td>\n<td width=\"20\"><\/td>\n<td><\/td>\n<\/tr>\n<tr>\n<td width=\"20\"><\/td>\n<td colspan=\"2\"><strong>Informaci\u00f3n na rede:<\/strong><\/td>\n<\/tr>\n<tr>\n<td width=\"20\"><\/td>\n<td width=\"20\"><\/td>\n<td><a href=\"http:\/\/www.paarpaisaje.com\/index.php\/es\/proyectos_on\/montealegre\/\" target=\"_blank\"><strong>paarpaisaje.com<br \/>\n<\/strong><\/a><strong><a href=\"http:\/\/ocio.farodevigo.es\/planes\/noticias\/nws-20808-el-jardin-botanico-montealegre-convierte-mayor-parque-noroeste-peninsular.html\" target=\"_blank\">farodevigo.es<\/a><\/strong>\u00a011|06|2011<br \/>\n<strong><a href=\"http:\/\/www.laregion.es\/galeria\/1177\/30500\" target=\"_blank\">laregion.es<\/a>\u00a0<\/strong>galer\u00eda<\/td>\n<\/tr>\n<tr>\n<td width=\"20\"><a href=\"http:\/\/www.laregion.es\/galeria\/1177\/30500\" target=\"_blank\"><strong>\u00a0<\/strong><\/a><\/td>\n<td colspan=\"2\"><strong>Descripci\u00f3n do proxecto:<\/strong><\/td>\n<\/tr>\n<tr>\n<td width=\"20\"><\/td>\n<td width=\"20\"><\/td>\n<td style=\"text-align: justify;\">\u00abEl proyecto de jard\u00edn bot\u00e1nico supon\u00eda la ordenaci\u00f3n de un espacio degradado por un largo periodo de abandono, que sin embargo se manten\u00eda como portador de un gran valor territorial expresado principalmente a trav\u00e9s de la celebraci\u00f3n de los magostos en la cumbre del monte.<br \/>\nEl edificio para Centro de Interpretaci\u00f3n e Investigaci\u00f3n se ubica pr\u00f3ximo al acceso principal. El conjunto arquitect\u00f3nico se ha concebido como una serie de bloques independientes rematados con cubierta vegetal que se enlazan entre s\u00ed por medio de un patio central. El patio articula los espacios y los diferentes niveles por medio de un elevador que asciende hasta la cubierta y conecta con un itinerario accesible que lleva hasta la cumbre del monte. La disposici\u00f3n irregular de los vol\u00famenes, su forma prism\u00e1tica y el tratamiento de las fachadas de hormig\u00f3n y acero corten forman una composici\u00f3n escalonada que incorpora los relictos de la antigua explotaci\u00f3n minera integr\u00e1ndolos en la secuencia de edificios, invernadero, auditorio y \u00e1reas de aparcamiento que ascienden por la cantera.<br \/>\nAparte del Centro de Interpretaci\u00f3n, que fue de nueva creaci\u00f3n, se integraron activamente las estructuras industriales preexistentes d\u00e1ndoles un nuevo uso y aport\u00e1ndoles un nuevo soporte.<br \/>\nUno de los espacios horadados en la roca para extracci\u00f3n fue colonizado por vegetaci\u00f3n y suciedad. Para regenerar este espacio, se limpi\u00f3 y adecu\u00f3, dando lugar a un espacio acotado y reducido, para acondicionarlo como auditorio al aire libre con un pavimento distintivo y un peque\u00f1o escenario rematado con chapa de acero corten\u00bbJos\u00e9 Cesp\u00ed<\/td>\n<\/tr>\n<tr>\n<td width=\"20\"><\/td>\n<td colspan=\"2\"><b><b><b>Reportaxe fotogr\u00e1fica<\/b>: <\/b><\/b><a href=\"http:\/\/arquitecturadegalicia.eu\/blog\/?author=##\" target=\"_blank\"><br \/>\n<\/a><\/td>\n<\/tr>\n<tr>\n<td width=\"20\"><\/td>\n<td colspan=\"2\"><\/td>\n<\/tr>\n<tr>\n<td width=\"20\"><\/td>\n<td colspan=\"2\"><strong>Planos:<\/strong><\/td>\n<\/tr>\n<tr>\n<td width=\"20\"><\/td>\n<td colspan=\"2\">[nggallery id=354]<\/td>\n<\/tr>\n<\/tbody>\n<\/table>\n","protected":false},"excerpt":{"rendered":"<p>\u00abEl proyecto de jard\u00edn bot\u00e1nico supon\u00eda la ordenaci\u00f3n de un espacio degradado por un largo periodo de abandono, que sin embargo se manten\u00eda como portador de un gran valor territorial expresado principalmente a trav\u00e9s de la celebraci\u00f3n de los magostos en la cumbre del monte\u00bb Jos\u00e9 Cesp\u00ed<\/p>\n","protected":false},"author":8,"featured_media":9955,"comment_status":"open","ping_status":"open","sticky":false,"template":"","format":"standard","meta":{"jetpack_post_was_ever_published":false,"_jetpack_newsletter_access":"","_jetpack_dont_email_post_to_subs":false,"_jetpack_newsletter_tier_id":0,"_jetpack_memberships_contains_paywalled_content":false,"_jetpack_memberships_contains_paid_content":false,"footnotes":"","jetpack_publicize_message":"","jetpack_publicize_feature_enabled":true,"jetpack_social_post_already_shared":true,"jetpack_social_options":{"image_generator_settings":{"template":"highway","enabled":false},"version":2}},"categories":[14],"tags":[56,61,682],"ano":[],"arquitectos":[],"tipoloxia":[],"class_list":["post-9954","post","type-post","status-publish","format-standard","has-post-thumbnail","hentry","category-ourense-ourense","tag-56","tag-actuacion-urbana","tag-jose-cespi","content-print"],"jetpack_publicize_connections":[],"yoast_head":"<!-- This site is optimized with the Yoast SEO plugin v24.1 - https:\/\/yoast.com\/wordpress\/plugins\/seo\/ -->\n<title>Xard\u00edn Bot\u00e1nico de Montealegre | AG<\/title>\n<meta name=\"robots\" content=\"index, follow, max-snippet:-1, max-image-preview:large, max-video-preview:-1\" \/>\n<link rel=\"canonical\" href=\"http:\/\/arquitecturadegalicia.eu\/blog\/xardin-botanico-de-montealegre\/\" \/>\n<meta property=\"og:locale\" content=\"es_ES\" \/>\n<meta property=\"og:type\" content=\"article\" \/>\n<meta property=\"og:title\" content=\"Xard\u00edn Bot\u00e1nico de Montealegre | AG\" \/>\n<meta property=\"og:description\" content=\"&quot;El proyecto de jard\u00edn bot\u00e1nico supon\u00eda la ordenaci\u00f3n de un espacio degradado por un largo periodo de abandono, que sin embargo se manten\u00eda como portador de un gran valor territorial expresado principalmente a trav\u00e9s de la celebraci\u00f3n de los magostos en la cumbre del monte&quot; Jos\u00e9 Cesp\u00ed\" \/>\n<meta property=\"og:url\" content=\"http:\/\/arquitecturadegalicia.eu\/blog\/xardin-botanico-de-montealegre\/\" \/>\n<meta property=\"og:site_name\" content=\"AG\" \/>\n<meta property=\"article:publisher\" content=\"https:\/\/www.facebook.com\/ArquitecturadeGalicia\/\" \/>\n<meta property=\"article:published_time\" content=\"2013-11-10T19:00:55+00:00\" \/>\n<meta property=\"article:modified_time\" content=\"2013-11-11T15:45:33+00:00\" \/>\n<meta property=\"og:image\" content=\"http:\/\/arquitecturadegalicia.eu\/blog\/wp-content\/uploads\/2013\/11\/AG_paque_botanico_montealegre_ourense_jose_crespi_2011.jpg\" \/>\n\t<meta property=\"og:image:width\" content=\"620\" \/>\n\t<meta property=\"og:image:height\" content=\"413\" \/>\n\t<meta property=\"og:image:type\" content=\"image\/jpeg\" \/>\n<meta name=\"author\" content=\"Iago Valverde\" \/>\n<meta name=\"twitter:card\" content=\"summary_large_image\" \/>\n<meta name=\"twitter:creator\" content=\"@arquigaliciaeu\" \/>\n<meta name=\"twitter:site\" content=\"@arquigaliciaeu\" \/>\n<meta name=\"twitter:label1\" content=\"Escrito por\" \/>\n\t<meta name=\"twitter:data1\" content=\"Iago Valverde\" \/>\n\t<meta name=\"twitter:label2\" content=\"Tiempo de lectura\" \/>\n\t<meta name=\"twitter:data2\" content=\"2 minutos\" \/>\n<script type=\"application\/ld+json\" class=\"yoast-schema-graph\">{\"@context\":\"https:\/\/schema.org\",\"@graph\":[{\"@type\":\"Article\",\"@id\":\"http:\/\/arquitecturadegalicia.eu\/blog\/xardin-botanico-de-montealegre\/#article\",\"isPartOf\":{\"@id\":\"http:\/\/arquitecturadegalicia.eu\/blog\/xardin-botanico-de-montealegre\/\"},\"author\":{\"name\":\"Iago Valverde\",\"@id\":\"https:\/\/arquitecturadegalicia.eu\/blog\/#\/schema\/person\/a51297ea3eeddd32ccbd89a218e148f1\"},\"headline\":\"Xard\u00edn Bot\u00e1nico de Montealegre\",\"datePublished\":\"2013-11-10T19:00:55+00:00\",\"dateModified\":\"2013-11-11T15:45:33+00:00\",\"mainEntityOfPage\":{\"@id\":\"http:\/\/arquitecturadegalicia.eu\/blog\/xardin-botanico-de-montealegre\/\"},\"wordCount\":329,\"commentCount\":0,\"publisher\":{\"@id\":\"https:\/\/arquitecturadegalicia.eu\/blog\/#organization\"},\"image\":{\"@id\":\"http:\/\/arquitecturadegalicia.eu\/blog\/xardin-botanico-de-montealegre\/#primaryimage\"},\"thumbnailUrl\":\"http:\/\/arquitecturadegalicia.eu\/blog\/wp-content\/uploads\/2013\/11\/AG_paque_botanico_montealegre_ourense_jose_crespi_2011.jpg\",\"keywords\":[\"2011\",\"actuaci\u00f3n urbana\",\"Jos\u00e9 Cesp\u00ed\"],\"articleSection\":[\"Ourense\"],\"inLanguage\":\"es\",\"potentialAction\":[{\"@type\":\"CommentAction\",\"name\":\"Comment\",\"target\":[\"http:\/\/arquitecturadegalicia.eu\/blog\/xardin-botanico-de-montealegre\/#respond\"]}]},{\"@type\":\"WebPage\",\"@id\":\"http:\/\/arquitecturadegalicia.eu\/blog\/xardin-botanico-de-montealegre\/\",\"url\":\"http:\/\/arquitecturadegalicia.eu\/blog\/xardin-botanico-de-montealegre\/\",\"name\":\"Xard\u00edn Bot\u00e1nico de Montealegre | AG\",\"isPartOf\":{\"@id\":\"https:\/\/arquitecturadegalicia.eu\/blog\/#website\"},\"primaryImageOfPage\":{\"@id\":\"http:\/\/arquitecturadegalicia.eu\/blog\/xardin-botanico-de-montealegre\/#primaryimage\"},\"image\":{\"@id\":\"http:\/\/arquitecturadegalicia.eu\/blog\/xardin-botanico-de-montealegre\/#primaryimage\"},\"thumbnailUrl\":\"http:\/\/arquitecturadegalicia.eu\/blog\/wp-content\/uploads\/2013\/11\/AG_paque_botanico_montealegre_ourense_jose_crespi_2011.jpg\",\"datePublished\":\"2013-11-10T19:00:55+00:00\",\"dateModified\":\"2013-11-11T15:45:33+00:00\",\"breadcrumb\":{\"@id\":\"http:\/\/arquitecturadegalicia.eu\/blog\/xardin-botanico-de-montealegre\/#breadcrumb\"},\"inLanguage\":\"es\",\"potentialAction\":[{\"@type\":\"ReadAction\",\"target\":[\"http:\/\/arquitecturadegalicia.eu\/blog\/xardin-botanico-de-montealegre\/\"]}]},{\"@type\":\"ImageObject\",\"inLanguage\":\"es\",\"@id\":\"http:\/\/arquitecturadegalicia.eu\/blog\/xardin-botanico-de-montealegre\/#primaryimage\",\"url\":\"http:\/\/arquitecturadegalicia.eu\/blog\/wp-content\/uploads\/2013\/11\/AG_paque_botanico_montealegre_ourense_jose_crespi_2011.jpg\",\"contentUrl\":\"http:\/\/arquitecturadegalicia.eu\/blog\/wp-content\/uploads\/2013\/11\/AG_paque_botanico_montealegre_ourense_jose_crespi_2011.jpg\",\"width\":620,\"height\":413},{\"@type\":\"BreadcrumbList\",\"@id\":\"http:\/\/arquitecturadegalicia.eu\/blog\/xardin-botanico-de-montealegre\/#breadcrumb\",\"itemListElement\":[{\"@type\":\"ListItem\",\"position\":1,\"name\":\"Portada\",\"item\":\"https:\/\/arquitecturadegalicia.eu\/blog\/\"},{\"@type\":\"ListItem\",\"position\":2,\"name\":\"Xard\u00edn Bot\u00e1nico de Montealegre\"}]},{\"@type\":\"WebSite\",\"@id\":\"https:\/\/arquitecturadegalicia.eu\/blog\/#website\",\"url\":\"https:\/\/arquitecturadegalicia.eu\/blog\/\",\"name\":\"AG\",\"description\":\"Arquitectura de Galicia\",\"publisher\":{\"@id\":\"https:\/\/arquitecturadegalicia.eu\/blog\/#organization\"},\"potentialAction\":[{\"@type\":\"SearchAction\",\"target\":{\"@type\":\"EntryPoint\",\"urlTemplate\":\"https:\/\/arquitecturadegalicia.eu\/blog\/?s={search_term_string}\"},\"query-input\":{\"@type\":\"PropertyValueSpecification\",\"valueRequired\":true,\"valueName\":\"search_term_string\"}}],\"inLanguage\":\"es\"},{\"@type\":\"Organization\",\"@id\":\"https:\/\/arquitecturadegalicia.eu\/blog\/#organization\",\"name\":\"Arquitectura de Galicia\",\"url\":\"https:\/\/arquitecturadegalicia.eu\/blog\/\",\"logo\":{\"@type\":\"ImageObject\",\"inLanguage\":\"es\",\"@id\":\"https:\/\/arquitecturadegalicia.eu\/blog\/#\/schema\/logo\/image\/\",\"url\":\"https:\/\/arquitecturadegalicia.eu\/blog\/wp-content\/uploads\/2017\/01\/arquitecturacurrents2.png\",\"contentUrl\":\"https:\/\/arquitecturadegalicia.eu\/blog\/wp-content\/uploads\/2017\/01\/arquitecturacurrents2.png\",\"width\":840,\"height\":640,\"caption\":\"Arquitectura de Galicia\"},\"image\":{\"@id\":\"https:\/\/arquitecturadegalicia.eu\/blog\/#\/schema\/logo\/image\/\"},\"sameAs\":[\"https:\/\/www.facebook.com\/ArquitecturadeGalicia\/\",\"https:\/\/x.com\/arquigaliciaeu\",\"https:\/\/www.instagram.com\/arquigaliciaeu\/\"]},{\"@type\":\"Person\",\"@id\":\"https:\/\/arquitecturadegalicia.eu\/blog\/#\/schema\/person\/a51297ea3eeddd32ccbd89a218e148f1\",\"name\":\"Iago Valverde\",\"image\":{\"@type\":\"ImageObject\",\"inLanguage\":\"es\",\"@id\":\"https:\/\/arquitecturadegalicia.eu\/blog\/#\/schema\/person\/image\/\",\"url\":\"https:\/\/secure.gravatar.com\/avatar\/eb8a9f2f10ff79db5c78989d92f1e8b2?s=96&d=mm&r=g\",\"contentUrl\":\"https:\/\/secure.gravatar.com\/avatar\/eb8a9f2f10ff79db5c78989d92f1e8b2?s=96&d=mm&r=g\",\"caption\":\"Iago Valverde\"},\"description\":\"Nigr\u00e1n | Edici\u00f3n de artigos e xeolocalizaci\u00f3n | Arquitecto en formaci\u00f3n na ETSAC e cursando PFC. Interesado en urbanismo, arquitectura, pol\u00edtica, e todo aquilo que \u00e9 complexo e vital\",\"url\":\"http:\/\/arquitecturadegalicia.eu\/blog\/author\/iago-valverde\/\"}]}<\/script>\n<!-- \/ Yoast SEO plugin. -->","yoast_head_json":{"title":"Xard\u00edn Bot\u00e1nico de Montealegre | AG","robots":{"index":"index","follow":"follow","max-snippet":"max-snippet:-1","max-image-preview":"max-image-preview:large","max-video-preview":"max-video-preview:-1"},"canonical":"http:\/\/arquitecturadegalicia.eu\/blog\/xardin-botanico-de-montealegre\/","og_locale":"es_ES","og_type":"article","og_title":"Xard\u00edn Bot\u00e1nico de Montealegre | AG","og_description":"\"El proyecto de jard\u00edn bot\u00e1nico supon\u00eda la ordenaci\u00f3n de un espacio degradado por un largo periodo de abandono, que sin embargo se manten\u00eda como portador de un gran valor territorial expresado principalmente a trav\u00e9s de la celebraci\u00f3n de los magostos en la cumbre del monte\" Jos\u00e9 Cesp\u00ed","og_url":"http:\/\/arquitecturadegalicia.eu\/blog\/xardin-botanico-de-montealegre\/","og_site_name":"AG","article_publisher":"https:\/\/www.facebook.com\/ArquitecturadeGalicia\/","article_published_time":"2013-11-10T19:00:55+00:00","article_modified_time":"2013-11-11T15:45:33+00:00","og_image":[{"width":620,"height":413,"url":"http:\/\/arquitecturadegalicia.eu\/blog\/wp-content\/uploads\/2013\/11\/AG_paque_botanico_montealegre_ourense_jose_crespi_2011.jpg","type":"image\/jpeg"}],"author":"Iago Valverde","twitter_card":"summary_large_image","twitter_creator":"@arquigaliciaeu","twitter_site":"@arquigaliciaeu","twitter_misc":{"Escrito por":"Iago Valverde","Tiempo de lectura":"2 minutos"},"schema":{"@context":"https:\/\/schema.org","@graph":[{"@type":"Article","@id":"http:\/\/arquitecturadegalicia.eu\/blog\/xardin-botanico-de-montealegre\/#article","isPartOf":{"@id":"http:\/\/arquitecturadegalicia.eu\/blog\/xardin-botanico-de-montealegre\/"},"author":{"name":"Iago Valverde","@id":"https:\/\/arquitecturadegalicia.eu\/blog\/#\/schema\/person\/a51297ea3eeddd32ccbd89a218e148f1"},"headline":"Xard\u00edn Bot\u00e1nico de Montealegre","datePublished":"2013-11-10T19:00:55+00:00","dateModified":"2013-11-11T15:45:33+00:00","mainEntityOfPage":{"@id":"http:\/\/arquitecturadegalicia.eu\/blog\/xardin-botanico-de-montealegre\/"},"wordCount":329,"commentCount":0,"publisher":{"@id":"https:\/\/arquitecturadegalicia.eu\/blog\/#organization"},"image":{"@id":"http:\/\/arquitecturadegalicia.eu\/blog\/xardin-botanico-de-montealegre\/#primaryimage"},"thumbnailUrl":"http:\/\/arquitecturadegalicia.eu\/blog\/wp-content\/uploads\/2013\/11\/AG_paque_botanico_montealegre_ourense_jose_crespi_2011.jpg","keywords":["2011","actuaci\u00f3n urbana","Jos\u00e9 Cesp\u00ed"],"articleSection":["Ourense"],"inLanguage":"es","potentialAction":[{"@type":"CommentAction","name":"Comment","target":["http:\/\/arquitecturadegalicia.eu\/blog\/xardin-botanico-de-montealegre\/#respond"]}]},{"@type":"WebPage","@id":"http:\/\/arquitecturadegalicia.eu\/blog\/xardin-botanico-de-montealegre\/","url":"http:\/\/arquitecturadegalicia.eu\/blog\/xardin-botanico-de-montealegre\/","name":"Xard\u00edn Bot\u00e1nico de Montealegre | AG","isPartOf":{"@id":"https:\/\/arquitecturadegalicia.eu\/blog\/#website"},"primaryImageOfPage":{"@id":"http:\/\/arquitecturadegalicia.eu\/blog\/xardin-botanico-de-montealegre\/#primaryimage"},"image":{"@id":"http:\/\/arquitecturadegalicia.eu\/blog\/xardin-botanico-de-montealegre\/#primaryimage"},"thumbnailUrl":"http:\/\/arquitecturadegalicia.eu\/blog\/wp-content\/uploads\/2013\/11\/AG_paque_botanico_montealegre_ourense_jose_crespi_2011.jpg","datePublished":"2013-11-10T19:00:55+00:00","dateModified":"2013-11-11T15:45:33+00:00","breadcrumb":{"@id":"http:\/\/arquitecturadegalicia.eu\/blog\/xardin-botanico-de-montealegre\/#breadcrumb"},"inLanguage":"es","potentialAction":[{"@type":"ReadAction","target":["http:\/\/arquitecturadegalicia.eu\/blog\/xardin-botanico-de-montealegre\/"]}]},{"@type":"ImageObject","inLanguage":"es","@id":"http:\/\/arquitecturadegalicia.eu\/blog\/xardin-botanico-de-montealegre\/#primaryimage","url":"http:\/\/arquitecturadegalicia.eu\/blog\/wp-content\/uploads\/2013\/11\/AG_paque_botanico_montealegre_ourense_jose_crespi_2011.jpg","contentUrl":"http:\/\/arquitecturadegalicia.eu\/blog\/wp-content\/uploads\/2013\/11\/AG_paque_botanico_montealegre_ourense_jose_crespi_2011.jpg","width":620,"height":413},{"@type":"BreadcrumbList","@id":"http:\/\/arquitecturadegalicia.eu\/blog\/xardin-botanico-de-montealegre\/#breadcrumb","itemListElement":[{"@type":"ListItem","position":1,"name":"Portada","item":"https:\/\/arquitecturadegalicia.eu\/blog\/"},{"@type":"ListItem","position":2,"name":"Xard\u00edn Bot\u00e1nico de Montealegre"}]},{"@type":"WebSite","@id":"https:\/\/arquitecturadegalicia.eu\/blog\/#website","url":"https:\/\/arquitecturadegalicia.eu\/blog\/","name":"AG","description":"Arquitectura de Galicia","publisher":{"@id":"https:\/\/arquitecturadegalicia.eu\/blog\/#organization"},"potentialAction":[{"@type":"SearchAction","target":{"@type":"EntryPoint","urlTemplate":"https:\/\/arquitecturadegalicia.eu\/blog\/?s={search_term_string}"},"query-input":{"@type":"PropertyValueSpecification","valueRequired":true,"valueName":"search_term_string"}}],"inLanguage":"es"},{"@type":"Organization","@id":"https:\/\/arquitecturadegalicia.eu\/blog\/#organization","name":"Arquitectura de Galicia","url":"https:\/\/arquitecturadegalicia.eu\/blog\/","logo":{"@type":"ImageObject","inLanguage":"es","@id":"https:\/\/arquitecturadegalicia.eu\/blog\/#\/schema\/logo\/image\/","url":"https:\/\/arquitecturadegalicia.eu\/blog\/wp-content\/uploads\/2017\/01\/arquitecturacurrents2.png","contentUrl":"https:\/\/arquitecturadegalicia.eu\/blog\/wp-content\/uploads\/2017\/01\/arquitecturacurrents2.png","width":840,"height":640,"caption":"Arquitectura de Galicia"},"image":{"@id":"https:\/\/arquitecturadegalicia.eu\/blog\/#\/schema\/logo\/image\/"},"sameAs":["https:\/\/www.facebook.com\/ArquitecturadeGalicia\/","https:\/\/x.com\/arquigaliciaeu","https:\/\/www.instagram.com\/arquigaliciaeu\/"]},{"@type":"Person","@id":"https:\/\/arquitecturadegalicia.eu\/blog\/#\/schema\/person\/a51297ea3eeddd32ccbd89a218e148f1","name":"Iago Valverde","image":{"@type":"ImageObject","inLanguage":"es","@id":"https:\/\/arquitecturadegalicia.eu\/blog\/#\/schema\/person\/image\/","url":"https:\/\/secure.gravatar.com\/avatar\/eb8a9f2f10ff79db5c78989d92f1e8b2?s=96&d=mm&r=g","contentUrl":"https:\/\/secure.gravatar.com\/avatar\/eb8a9f2f10ff79db5c78989d92f1e8b2?s=96&d=mm&r=g","caption":"Iago Valverde"},"description":"Nigr\u00e1n | Edici\u00f3n de artigos e xeolocalizaci\u00f3n | Arquitecto en formaci\u00f3n na ETSAC e cursando PFC. Interesado en urbanismo, arquitectura, pol\u00edtica, e todo aquilo que \u00e9 complexo e vital","url":"http:\/\/arquitecturadegalicia.eu\/blog\/author\/iago-valverde\/"}]}},"jetpack_featured_media_url":"http:\/\/arquitecturadegalicia.eu\/blog\/wp-content\/uploads\/2013\/11\/AG_paque_botanico_montealegre_ourense_jose_crespi_2011.jpg","jetpack_shortlink":"https:\/\/wp.me\/p2NHs2-2Ay","jetpack_sharing_enabled":true,"_links":{"self":[{"href":"http:\/\/arquitecturadegalicia.eu\/blog\/wp-json\/wp\/v2\/posts\/9954","targetHints":{"allow":["GET"]}}],"collection":[{"href":"http:\/\/arquitecturadegalicia.eu\/blog\/wp-json\/wp\/v2\/posts"}],"about":[{"href":"http:\/\/arquitecturadegalicia.eu\/blog\/wp-json\/wp\/v2\/types\/post"}],"author":[{"embeddable":true,"href":"http:\/\/arquitecturadegalicia.eu\/blog\/wp-json\/wp\/v2\/users\/8"}],"replies":[{"embeddable":true,"href":"http:\/\/arquitecturadegalicia.eu\/blog\/wp-json\/wp\/v2\/comments?post=9954"}],"version-history":[{"count":11,"href":"http:\/\/arquitecturadegalicia.eu\/blog\/wp-json\/wp\/v2\/posts\/9954\/revisions"}],"predecessor-version":[{"id":10027,"href":"http:\/\/arquitecturadegalicia.eu\/blog\/wp-json\/wp\/v2\/posts\/9954\/revisions\/10027"}],"wp:featuredmedia":[{"embeddable":true,"href":"http:\/\/arquitecturadegalicia.eu\/blog\/wp-json\/wp\/v2\/media\/9955"}],"wp:attachment":[{"href":"http:\/\/arquitecturadegalicia.eu\/blog\/wp-json\/wp\/v2\/media?parent=9954"}],"wp:term":[{"taxonomy":"category","embeddable":true,"href":"http:\/\/arquitecturadegalicia.eu\/blog\/wp-json\/wp\/v2\/categories?post=9954"},{"taxonomy":"post_tag","embeddable":true,"href":"http:\/\/arquitecturadegalicia.eu\/blog\/wp-json\/wp\/v2\/tags?post=9954"},{"taxonomy":"ano","embeddable":true,"href":"http:\/\/arquitecturadegalicia.eu\/blog\/wp-json\/wp\/v2\/ano?post=9954"},{"taxonomy":"arquitectos","embeddable":true,"href":"http:\/\/arquitecturadegalicia.eu\/blog\/wp-json\/wp\/v2\/arquitectos?post=9954"},{"taxonomy":"tipoloxia","embeddable":true,"href":"http:\/\/arquitecturadegalicia.eu\/blog\/wp-json\/wp\/v2\/tipoloxia?post=9954"}],"curies":[{"name":"wp","href":"https:\/\/api.w.org\/{rel}","templated":true}]}}