{"id":10092,"date":"2013-11-19T20:00:51","date_gmt":"2013-11-19T19:00:51","guid":{"rendered":"http:\/\/arquitecturadegalicia.eu\/blog\/?p=10092"},"modified":"2013-11-15T19:55:49","modified_gmt":"2013-11-15T18:55:49","slug":"centro-de-dia-residencial-de-cesantes","status":"publish","type":"post","link":"https:\/\/arquitecturadegalicia.eu\/blog\/centro-de-dia-residencial-de-cesantes\/","title":{"rendered":"Centro de D\u00eda Residencial de Cesantes"},"content":{"rendered":"<h6 style=\"text-align: right;\"><span style=\"color: #c0c0c0;\"><img fetchpriority=\"high\" decoding=\"async\" class=\"alignnone size-full wp-image-10093\" alt=\"AG_angeles_Santos_Vazquez_Carlos_Martinez_Centro_Dia_Residencial_Redondela_00\" src=\"http:\/\/arquitecturadegalicia.eu\/blog\/wp-content\/uploads\/2013\/11\/AG_angeles_Santos_Vazquez_Carlos_Martinez_Centro_Dia_Residencial_Redondela_00.jpg\" width=\"620\" height=\"326\" srcset=\"https:\/\/arquitecturadegalicia.eu\/blog\/wp-content\/uploads\/2013\/11\/AG_angeles_Santos_Vazquez_Carlos_Martinez_Centro_Dia_Residencial_Redondela_00.jpg 620w, https:\/\/arquitecturadegalicia.eu\/blog\/wp-content\/uploads\/2013\/11\/AG_angeles_Santos_Vazquez_Carlos_Martinez_Centro_Dia_Residencial_Redondela_00-300x157.jpg 300w\" sizes=\"(max-width: 620px) 100vw, 620px\" \/><br \/>\n<span style=\"color: #999999;\"><a href=\"http:\/\/www.santos-diez.com\/\" target=\"_blank\"><span style=\"color: #999999;\">Santos-D\u00edez<\/span><\/a>\u00a0|\u00a0<a href=\"http:\/\/www.bisimages.com\/\" target=\"_blank\"><span style=\"color: #999999;\">BISimages<\/span><\/a><\/span><br \/>\n<\/span><\/h6>\n<table class=\"aligncenter\" width=\"620\" border=\"0\" cellspacing=\"0\" cellpadding=\"0\">\n<tbody>\n<tr>\n<td width=\"180\"><strong>Obra:<\/strong><\/td>\n<td>Centro de D\u00eda Residencial de Redondela<\/td>\n<\/tr>\n<tr>\n<td><strong>Arquitecto:<\/strong><\/td>\n<td>\u00c1ngeles Santos V\u00e1zquez<span style=\"line-height: 19px;\">\u00a0e\u00a0Carlos Mart\u00ednez Gonz\u00e1lez<\/span><\/td>\n<\/tr>\n<tr>\n<td><strong>Provincia:<\/strong><\/td>\n<td>Pontevedra<\/td>\n<\/tr>\n<tr>\n<td><strong>Localidade:<\/strong><\/td>\n<td>Cesantes, Redondela<\/td>\n<\/tr>\n<tr>\n<td><strong>Ano:<\/strong><\/td>\n<td>2008 &#8211; 2012<\/td>\n<\/tr>\n<tr>\n<td><strong>Xeolocalizaci\u00f3n:<\/strong><\/td>\n<td><a href=\"https:\/\/maps.google.es\/maps\/ms?ie=UTF8&amp;hl=es&amp;oe=UTF8&amp;msa=0&amp;msid=205584753861089304839.0004b3590a9baff01c53d&amp;num=200&amp;start=400&amp;ll=42.293336,-8.615623&amp;spn=0.001292,0.002411&amp;t=h&amp;z=19&amp;vpsrc=6&amp;iwloc=0004eb3b5e9cb351f8c29\" target=\"_blank\"><strong>42.293,-8.615<br \/>\n<\/strong><\/a><\/td>\n<\/tr>\n<\/tbody>\n<\/table>\n<table class=\" aligncenter\" width=\"620\" border=\"0\" cellspacing=\"0\" cellpadding=\"0\">\n<tbody>\n<tr>\n<td colspan=\"3\"><strong>Outros Datos:<\/strong><\/td>\n<\/tr>\n<tr>\n<td width=\"20\"><\/td>\n<td colspan=\"2\"><strong>Premios:<\/strong><\/td>\n<\/tr>\n<tr>\n<td width=\"20\"><\/td>\n<td width=\"20\"><\/td>\n<td width=\"580\">XIV edici\u00f3n premios Gran de Area\u00a0| 2013<strong><strong><br \/>\n<\/strong><\/strong><\/td>\n<\/tr>\n<tr>\n<td width=\"20\"><\/td>\n<td colspan=\"2\"><strong>Publicaci\u00f3ns:<\/strong><\/td>\n<\/tr>\n<tr>\n<td width=\"20\"><\/td>\n<td width=\"20\"><\/td>\n<td><\/td>\n<\/tr>\n<tr>\n<td width=\"20\"><\/td>\n<td colspan=\"2\"><strong>Informaci\u00f3n na rede:<\/strong><\/td>\n<\/tr>\n<tr>\n<td width=\"20\"><\/td>\n<td width=\"20\"><\/td>\n<td><a href=\"http:\/\/santos-diez.com\/?p=633\" target=\"_blank\"><strong>santos-diez.com<\/strong><\/a><\/td>\n<\/tr>\n<tr>\n<td width=\"20\"><a href=\"http:\/\/santos-diez.com\/?p=633\" target=\"_blank\">\u00a0<\/a><\/td>\n<td colspan=\"2\"><strong>Descripci\u00f3n do proxecto:<\/strong><\/td>\n<\/tr>\n<tr>\n<td width=\"20\"><\/td>\n<td width=\"20\"><\/td>\n<td style=\"text-align: justify;\">\u00abEl Centro de D\u00eda Residencial de Redondela es un desarrollo del Prototipo de Centro de D\u00eda Residencial definido anteriormente para la Red P\u00fablica Gallega de equipamientos y servicios asistenciales de la Xunta de Galicia.<br \/>\nLa adaptaci\u00f3n del Prototipo a las caracter\u00edsticas de la ubicaci\u00f3n oblig\u00f3 a una revisi\u00f3n de la disposici\u00f3n de los diferentes bloques que lo conformaban.\u00a0La circulaci\u00f3n entre estos elementos da lugar al deambulatorio interior que tiene su continuidad en el deambulatorio exterior.\u00a0La planta superior acoge la zona de residencia, espacio de estar-comedor y enfermer\u00eda, independiente de las actividades que se desarrollan en el Centro de D\u00eda.La terraza de esta planta permite a los residentes con mayores dificultades poder disponer de un espacio exterior importante.\u00a0Las habitaciones se organizan en dos bloques separados por los espacios comunes lo que posibilita una diferenciaci\u00f3n seg\u00fan las necesidades y el grado de dependencia de los residentes.\u00a0La configuraci\u00f3n de la habitaci\u00f3n|ba\u00f1o, dentro de sus limitaciones de superficie, se define buscando facilitar la movilidad de los usuarios\u00bb\u00a0\u00c1ngeles Santos e\u00a0Carlos Mart\u00ednez<\/td>\n<\/tr>\n<tr>\n<td width=\"20\"><\/td>\n<td colspan=\"2\"><b><b><b>Reportaxe fotogr\u00e1fica<\/b>: <\/b><\/b><a href=\"http:\/\/arquitecturadegalicia.eu\/blog\/?author=##\" target=\"_blank\"><br \/>\n<\/a><\/td>\n<\/tr>\n<tr>\n<td width=\"20\"><\/td>\n<td colspan=\"2\"><\/td>\n<\/tr>\n<tr>\n<td width=\"20\"><\/td>\n<td colspan=\"2\"><strong>Planos:<\/strong><\/td>\n<\/tr>\n<tr>\n<td width=\"20\"><\/td>\n<td colspan=\"2\"><\/td>\n<\/tr>\n<\/tbody>\n<\/table>\n","protected":false},"excerpt":{"rendered":"<p>\u00abLa adaptaci\u00f3n del Prototipo a las caracter\u00edsticas de la ubicaci\u00f3n oblig\u00f3 a una revisi\u00f3n de la disposici\u00f3n de los diferentes bloques que lo conformaban. Las habitaciones se organizan en dos bloques separados por los espacios comunes lo que posibilita una diferenciaci\u00f3n seg\u00fan las necesidades y el grado de dependencia de los residentes\u00bb \u00c1ngeles Santos e Carlos Mart\u00ednez<\/p>\n","protected":false},"author":8,"featured_media":10093,"comment_status":"open","ping_status":"open","sticky":false,"template":"","format":"standard","meta":{"jetpack_post_was_ever_published":false,"_jetpack_newsletter_access":"","_jetpack_dont_email_post_to_subs":false,"_jetpack_newsletter_tier_id":0,"_jetpack_memberships_contains_paywalled_content":false,"_jetpack_memberships_contains_paid_content":false,"footnotes":"","jetpack_publicize_message":"","jetpack_publicize_feature_enabled":true,"jetpack_social_post_already_shared":true,"jetpack_social_options":{"image_generator_settings":{"template":"highway","enabled":false},"version":2}},"categories":[198],"tags":[57,178,177,550],"ano":[],"arquitectos":[],"tipoloxia":[],"class_list":["post-10092","post","type-post","status-publish","format-standard","has-post-thumbnail","hentry","category-redondela","tag-57","tag-angeles-santos","tag-carlos-martinez","tag-centro-de-dia","content-print"],"jetpack_publicize_connections":[],"yoast_head":"<!-- This site is optimized with the Yoast SEO plugin v24.1 - https:\/\/yoast.com\/wordpress\/plugins\/seo\/ -->\n<title>Centro de D\u00eda Residencial de Cesantes | AG<\/title>\n<meta name=\"robots\" content=\"index, follow, max-snippet:-1, max-image-preview:large, max-video-preview:-1\" \/>\n<link rel=\"canonical\" href=\"https:\/\/arquitecturadegalicia.eu\/blog\/centro-de-dia-residencial-de-cesantes\/\" \/>\n<meta property=\"og:locale\" content=\"es_ES\" \/>\n<meta property=\"og:type\" content=\"article\" \/>\n<meta property=\"og:title\" content=\"Centro de D\u00eda Residencial de Cesantes | AG\" \/>\n<meta property=\"og:description\" content=\"&quot;La adaptaci\u00f3n del Prototipo a las caracter\u00edsticas de la ubicaci\u00f3n oblig\u00f3 a una revisi\u00f3n de la disposici\u00f3n de los diferentes bloques que lo conformaban. Las habitaciones se organizan en dos bloques separados por los espacios comunes lo que posibilita una diferenciaci\u00f3n seg\u00fan las necesidades y el grado de dependencia de los residentes&quot; \u00c1ngeles Santos e Carlos Mart\u00ednez\" \/>\n<meta property=\"og:url\" content=\"https:\/\/arquitecturadegalicia.eu\/blog\/centro-de-dia-residencial-de-cesantes\/\" \/>\n<meta property=\"og:site_name\" content=\"AG\" \/>\n<meta property=\"article:publisher\" content=\"https:\/\/www.facebook.com\/ArquitecturadeGalicia\/\" \/>\n<meta property=\"article:published_time\" content=\"2013-11-19T19:00:51+00:00\" \/>\n<meta property=\"article:modified_time\" content=\"2013-11-15T18:55:49+00:00\" \/>\n<meta property=\"og:image\" content=\"https:\/\/arquitecturadegalicia.eu\/blog\/wp-content\/uploads\/2013\/11\/AG_angeles_Santos_Vazquez_Carlos_Martinez_Centro_Dia_Residencial_Redondela_00.jpg\" \/>\n\t<meta property=\"og:image:width\" content=\"620\" \/>\n\t<meta property=\"og:image:height\" content=\"326\" \/>\n\t<meta property=\"og:image:type\" content=\"image\/jpeg\" \/>\n<meta name=\"author\" content=\"Iago Valverde\" \/>\n<meta name=\"twitter:card\" content=\"summary_large_image\" \/>\n<meta name=\"twitter:creator\" content=\"@arquigaliciaeu\" \/>\n<meta name=\"twitter:site\" content=\"@arquigaliciaeu\" \/>\n<meta name=\"twitter:label1\" content=\"Escrito por\" \/>\n\t<meta name=\"twitter:data1\" content=\"Iago Valverde\" \/>\n\t<meta name=\"twitter:label2\" content=\"Tiempo de lectura\" \/>\n\t<meta name=\"twitter:data2\" content=\"1 minuto\" \/>\n<script type=\"application\/ld+json\" class=\"yoast-schema-graph\">{\"@context\":\"https:\/\/schema.org\",\"@graph\":[{\"@type\":\"Article\",\"@id\":\"https:\/\/arquitecturadegalicia.eu\/blog\/centro-de-dia-residencial-de-cesantes\/#article\",\"isPartOf\":{\"@id\":\"https:\/\/arquitecturadegalicia.eu\/blog\/centro-de-dia-residencial-de-cesantes\/\"},\"author\":{\"name\":\"Iago Valverde\",\"@id\":\"https:\/\/arquitecturadegalicia.eu\/blog\/#\/schema\/person\/a51297ea3eeddd32ccbd89a218e148f1\"},\"headline\":\"Centro de D\u00eda Residencial de Cesantes\",\"datePublished\":\"2013-11-19T19:00:51+00:00\",\"dateModified\":\"2013-11-15T18:55:49+00:00\",\"mainEntityOfPage\":{\"@id\":\"https:\/\/arquitecturadegalicia.eu\/blog\/centro-de-dia-residencial-de-cesantes\/\"},\"wordCount\":256,\"commentCount\":0,\"publisher\":{\"@id\":\"https:\/\/arquitecturadegalicia.eu\/blog\/#organization\"},\"image\":{\"@id\":\"https:\/\/arquitecturadegalicia.eu\/blog\/centro-de-dia-residencial-de-cesantes\/#primaryimage\"},\"thumbnailUrl\":\"https:\/\/arquitecturadegalicia.eu\/blog\/wp-content\/uploads\/2013\/11\/AG_angeles_Santos_Vazquez_Carlos_Martinez_Centro_Dia_Residencial_Redondela_00.jpg\",\"keywords\":[\"2012\",\"\u00c1ngeles Santos\",\"Carlos Mart\u00ednez\",\"centro de dia\"],\"articleSection\":[\"Redondela\"],\"inLanguage\":\"es\",\"potentialAction\":[{\"@type\":\"CommentAction\",\"name\":\"Comment\",\"target\":[\"https:\/\/arquitecturadegalicia.eu\/blog\/centro-de-dia-residencial-de-cesantes\/#respond\"]}]},{\"@type\":\"WebPage\",\"@id\":\"https:\/\/arquitecturadegalicia.eu\/blog\/centro-de-dia-residencial-de-cesantes\/\",\"url\":\"https:\/\/arquitecturadegalicia.eu\/blog\/centro-de-dia-residencial-de-cesantes\/\",\"name\":\"Centro de D\u00eda Residencial de Cesantes | AG\",\"isPartOf\":{\"@id\":\"https:\/\/arquitecturadegalicia.eu\/blog\/#website\"},\"primaryImageOfPage\":{\"@id\":\"https:\/\/arquitecturadegalicia.eu\/blog\/centro-de-dia-residencial-de-cesantes\/#primaryimage\"},\"image\":{\"@id\":\"https:\/\/arquitecturadegalicia.eu\/blog\/centro-de-dia-residencial-de-cesantes\/#primaryimage\"},\"thumbnailUrl\":\"https:\/\/arquitecturadegalicia.eu\/blog\/wp-content\/uploads\/2013\/11\/AG_angeles_Santos_Vazquez_Carlos_Martinez_Centro_Dia_Residencial_Redondela_00.jpg\",\"datePublished\":\"2013-11-19T19:00:51+00:00\",\"dateModified\":\"2013-11-15T18:55:49+00:00\",\"breadcrumb\":{\"@id\":\"https:\/\/arquitecturadegalicia.eu\/blog\/centro-de-dia-residencial-de-cesantes\/#breadcrumb\"},\"inLanguage\":\"es\",\"potentialAction\":[{\"@type\":\"ReadAction\",\"target\":[\"https:\/\/arquitecturadegalicia.eu\/blog\/centro-de-dia-residencial-de-cesantes\/\"]}]},{\"@type\":\"ImageObject\",\"inLanguage\":\"es\",\"@id\":\"https:\/\/arquitecturadegalicia.eu\/blog\/centro-de-dia-residencial-de-cesantes\/#primaryimage\",\"url\":\"https:\/\/arquitecturadegalicia.eu\/blog\/wp-content\/uploads\/2013\/11\/AG_angeles_Santos_Vazquez_Carlos_Martinez_Centro_Dia_Residencial_Redondela_00.jpg\",\"contentUrl\":\"https:\/\/arquitecturadegalicia.eu\/blog\/wp-content\/uploads\/2013\/11\/AG_angeles_Santos_Vazquez_Carlos_Martinez_Centro_Dia_Residencial_Redondela_00.jpg\",\"width\":620,\"height\":326},{\"@type\":\"BreadcrumbList\",\"@id\":\"https:\/\/arquitecturadegalicia.eu\/blog\/centro-de-dia-residencial-de-cesantes\/#breadcrumb\",\"itemListElement\":[{\"@type\":\"ListItem\",\"position\":1,\"name\":\"Portada\",\"item\":\"https:\/\/arquitecturadegalicia.eu\/blog\/\"},{\"@type\":\"ListItem\",\"position\":2,\"name\":\"Centro de D\u00eda Residencial de Cesantes\"}]},{\"@type\":\"WebSite\",\"@id\":\"https:\/\/arquitecturadegalicia.eu\/blog\/#website\",\"url\":\"https:\/\/arquitecturadegalicia.eu\/blog\/\",\"name\":\"AG\",\"description\":\"Arquitectura de Galicia\",\"publisher\":{\"@id\":\"https:\/\/arquitecturadegalicia.eu\/blog\/#organization\"},\"potentialAction\":[{\"@type\":\"SearchAction\",\"target\":{\"@type\":\"EntryPoint\",\"urlTemplate\":\"https:\/\/arquitecturadegalicia.eu\/blog\/?s={search_term_string}\"},\"query-input\":{\"@type\":\"PropertyValueSpecification\",\"valueRequired\":true,\"valueName\":\"search_term_string\"}}],\"inLanguage\":\"es\"},{\"@type\":\"Organization\",\"@id\":\"https:\/\/arquitecturadegalicia.eu\/blog\/#organization\",\"name\":\"Arquitectura de Galicia\",\"url\":\"https:\/\/arquitecturadegalicia.eu\/blog\/\",\"logo\":{\"@type\":\"ImageObject\",\"inLanguage\":\"es\",\"@id\":\"https:\/\/arquitecturadegalicia.eu\/blog\/#\/schema\/logo\/image\/\",\"url\":\"https:\/\/arquitecturadegalicia.eu\/blog\/wp-content\/uploads\/2017\/01\/arquitecturacurrents2.png\",\"contentUrl\":\"https:\/\/arquitecturadegalicia.eu\/blog\/wp-content\/uploads\/2017\/01\/arquitecturacurrents2.png\",\"width\":840,\"height\":640,\"caption\":\"Arquitectura de Galicia\"},\"image\":{\"@id\":\"https:\/\/arquitecturadegalicia.eu\/blog\/#\/schema\/logo\/image\/\"},\"sameAs\":[\"https:\/\/www.facebook.com\/ArquitecturadeGalicia\/\",\"https:\/\/x.com\/arquigaliciaeu\",\"https:\/\/www.instagram.com\/arquigaliciaeu\/\"]},{\"@type\":\"Person\",\"@id\":\"https:\/\/arquitecturadegalicia.eu\/blog\/#\/schema\/person\/a51297ea3eeddd32ccbd89a218e148f1\",\"name\":\"Iago Valverde\",\"image\":{\"@type\":\"ImageObject\",\"inLanguage\":\"es\",\"@id\":\"https:\/\/arquitecturadegalicia.eu\/blog\/#\/schema\/person\/image\/\",\"url\":\"https:\/\/secure.gravatar.com\/avatar\/eb8a9f2f10ff79db5c78989d92f1e8b2?s=96&d=mm&r=g\",\"contentUrl\":\"https:\/\/secure.gravatar.com\/avatar\/eb8a9f2f10ff79db5c78989d92f1e8b2?s=96&d=mm&r=g\",\"caption\":\"Iago Valverde\"},\"description\":\"Nigr\u00e1n | Edici\u00f3n de artigos e xeolocalizaci\u00f3n | Arquitecto en formaci\u00f3n na ETSAC e cursando PFC. Interesado en urbanismo, arquitectura, pol\u00edtica, e todo aquilo que \u00e9 complexo e vital\",\"url\":\"https:\/\/arquitecturadegalicia.eu\/blog\/author\/iago-valverde\/\"}]}<\/script>\n<!-- \/ Yoast SEO plugin. -->","yoast_head_json":{"title":"Centro de D\u00eda Residencial de Cesantes | AG","robots":{"index":"index","follow":"follow","max-snippet":"max-snippet:-1","max-image-preview":"max-image-preview:large","max-video-preview":"max-video-preview:-1"},"canonical":"https:\/\/arquitecturadegalicia.eu\/blog\/centro-de-dia-residencial-de-cesantes\/","og_locale":"es_ES","og_type":"article","og_title":"Centro de D\u00eda Residencial de Cesantes | AG","og_description":"\"La adaptaci\u00f3n del Prototipo a las caracter\u00edsticas de la ubicaci\u00f3n oblig\u00f3 a una revisi\u00f3n de la disposici\u00f3n de los diferentes bloques que lo conformaban. Las habitaciones se organizan en dos bloques separados por los espacios comunes lo que posibilita una diferenciaci\u00f3n seg\u00fan las necesidades y el grado de dependencia de los residentes\" \u00c1ngeles Santos e Carlos Mart\u00ednez","og_url":"https:\/\/arquitecturadegalicia.eu\/blog\/centro-de-dia-residencial-de-cesantes\/","og_site_name":"AG","article_publisher":"https:\/\/www.facebook.com\/ArquitecturadeGalicia\/","article_published_time":"2013-11-19T19:00:51+00:00","article_modified_time":"2013-11-15T18:55:49+00:00","og_image":[{"width":620,"height":326,"url":"https:\/\/arquitecturadegalicia.eu\/blog\/wp-content\/uploads\/2013\/11\/AG_angeles_Santos_Vazquez_Carlos_Martinez_Centro_Dia_Residencial_Redondela_00.jpg","type":"image\/jpeg"}],"author":"Iago Valverde","twitter_card":"summary_large_image","twitter_creator":"@arquigaliciaeu","twitter_site":"@arquigaliciaeu","twitter_misc":{"Escrito por":"Iago Valverde","Tiempo de lectura":"1 minuto"},"schema":{"@context":"https:\/\/schema.org","@graph":[{"@type":"Article","@id":"https:\/\/arquitecturadegalicia.eu\/blog\/centro-de-dia-residencial-de-cesantes\/#article","isPartOf":{"@id":"https:\/\/arquitecturadegalicia.eu\/blog\/centro-de-dia-residencial-de-cesantes\/"},"author":{"name":"Iago Valverde","@id":"https:\/\/arquitecturadegalicia.eu\/blog\/#\/schema\/person\/a51297ea3eeddd32ccbd89a218e148f1"},"headline":"Centro de D\u00eda Residencial de Cesantes","datePublished":"2013-11-19T19:00:51+00:00","dateModified":"2013-11-15T18:55:49+00:00","mainEntityOfPage":{"@id":"https:\/\/arquitecturadegalicia.eu\/blog\/centro-de-dia-residencial-de-cesantes\/"},"wordCount":256,"commentCount":0,"publisher":{"@id":"https:\/\/arquitecturadegalicia.eu\/blog\/#organization"},"image":{"@id":"https:\/\/arquitecturadegalicia.eu\/blog\/centro-de-dia-residencial-de-cesantes\/#primaryimage"},"thumbnailUrl":"https:\/\/arquitecturadegalicia.eu\/blog\/wp-content\/uploads\/2013\/11\/AG_angeles_Santos_Vazquez_Carlos_Martinez_Centro_Dia_Residencial_Redondela_00.jpg","keywords":["2012","\u00c1ngeles Santos","Carlos Mart\u00ednez","centro de dia"],"articleSection":["Redondela"],"inLanguage":"es","potentialAction":[{"@type":"CommentAction","name":"Comment","target":["https:\/\/arquitecturadegalicia.eu\/blog\/centro-de-dia-residencial-de-cesantes\/#respond"]}]},{"@type":"WebPage","@id":"https:\/\/arquitecturadegalicia.eu\/blog\/centro-de-dia-residencial-de-cesantes\/","url":"https:\/\/arquitecturadegalicia.eu\/blog\/centro-de-dia-residencial-de-cesantes\/","name":"Centro de D\u00eda Residencial de Cesantes | AG","isPartOf":{"@id":"https:\/\/arquitecturadegalicia.eu\/blog\/#website"},"primaryImageOfPage":{"@id":"https:\/\/arquitecturadegalicia.eu\/blog\/centro-de-dia-residencial-de-cesantes\/#primaryimage"},"image":{"@id":"https:\/\/arquitecturadegalicia.eu\/blog\/centro-de-dia-residencial-de-cesantes\/#primaryimage"},"thumbnailUrl":"https:\/\/arquitecturadegalicia.eu\/blog\/wp-content\/uploads\/2013\/11\/AG_angeles_Santos_Vazquez_Carlos_Martinez_Centro_Dia_Residencial_Redondela_00.jpg","datePublished":"2013-11-19T19:00:51+00:00","dateModified":"2013-11-15T18:55:49+00:00","breadcrumb":{"@id":"https:\/\/arquitecturadegalicia.eu\/blog\/centro-de-dia-residencial-de-cesantes\/#breadcrumb"},"inLanguage":"es","potentialAction":[{"@type":"ReadAction","target":["https:\/\/arquitecturadegalicia.eu\/blog\/centro-de-dia-residencial-de-cesantes\/"]}]},{"@type":"ImageObject","inLanguage":"es","@id":"https:\/\/arquitecturadegalicia.eu\/blog\/centro-de-dia-residencial-de-cesantes\/#primaryimage","url":"https:\/\/arquitecturadegalicia.eu\/blog\/wp-content\/uploads\/2013\/11\/AG_angeles_Santos_Vazquez_Carlos_Martinez_Centro_Dia_Residencial_Redondela_00.jpg","contentUrl":"https:\/\/arquitecturadegalicia.eu\/blog\/wp-content\/uploads\/2013\/11\/AG_angeles_Santos_Vazquez_Carlos_Martinez_Centro_Dia_Residencial_Redondela_00.jpg","width":620,"height":326},{"@type":"BreadcrumbList","@id":"https:\/\/arquitecturadegalicia.eu\/blog\/centro-de-dia-residencial-de-cesantes\/#breadcrumb","itemListElement":[{"@type":"ListItem","position":1,"name":"Portada","item":"https:\/\/arquitecturadegalicia.eu\/blog\/"},{"@type":"ListItem","position":2,"name":"Centro de D\u00eda Residencial de Cesantes"}]},{"@type":"WebSite","@id":"https:\/\/arquitecturadegalicia.eu\/blog\/#website","url":"https:\/\/arquitecturadegalicia.eu\/blog\/","name":"AG","description":"Arquitectura de Galicia","publisher":{"@id":"https:\/\/arquitecturadegalicia.eu\/blog\/#organization"},"potentialAction":[{"@type":"SearchAction","target":{"@type":"EntryPoint","urlTemplate":"https:\/\/arquitecturadegalicia.eu\/blog\/?s={search_term_string}"},"query-input":{"@type":"PropertyValueSpecification","valueRequired":true,"valueName":"search_term_string"}}],"inLanguage":"es"},{"@type":"Organization","@id":"https:\/\/arquitecturadegalicia.eu\/blog\/#organization","name":"Arquitectura de Galicia","url":"https:\/\/arquitecturadegalicia.eu\/blog\/","logo":{"@type":"ImageObject","inLanguage":"es","@id":"https:\/\/arquitecturadegalicia.eu\/blog\/#\/schema\/logo\/image\/","url":"https:\/\/arquitecturadegalicia.eu\/blog\/wp-content\/uploads\/2017\/01\/arquitecturacurrents2.png","contentUrl":"https:\/\/arquitecturadegalicia.eu\/blog\/wp-content\/uploads\/2017\/01\/arquitecturacurrents2.png","width":840,"height":640,"caption":"Arquitectura de Galicia"},"image":{"@id":"https:\/\/arquitecturadegalicia.eu\/blog\/#\/schema\/logo\/image\/"},"sameAs":["https:\/\/www.facebook.com\/ArquitecturadeGalicia\/","https:\/\/x.com\/arquigaliciaeu","https:\/\/www.instagram.com\/arquigaliciaeu\/"]},{"@type":"Person","@id":"https:\/\/arquitecturadegalicia.eu\/blog\/#\/schema\/person\/a51297ea3eeddd32ccbd89a218e148f1","name":"Iago Valverde","image":{"@type":"ImageObject","inLanguage":"es","@id":"https:\/\/arquitecturadegalicia.eu\/blog\/#\/schema\/person\/image\/","url":"https:\/\/secure.gravatar.com\/avatar\/eb8a9f2f10ff79db5c78989d92f1e8b2?s=96&d=mm&r=g","contentUrl":"https:\/\/secure.gravatar.com\/avatar\/eb8a9f2f10ff79db5c78989d92f1e8b2?s=96&d=mm&r=g","caption":"Iago Valverde"},"description":"Nigr\u00e1n | Edici\u00f3n de artigos e xeolocalizaci\u00f3n | Arquitecto en formaci\u00f3n na ETSAC e cursando PFC. Interesado en urbanismo, arquitectura, pol\u00edtica, e todo aquilo que \u00e9 complexo e vital","url":"https:\/\/arquitecturadegalicia.eu\/blog\/author\/iago-valverde\/"}]}},"jetpack_featured_media_url":"https:\/\/arquitecturadegalicia.eu\/blog\/wp-content\/uploads\/2013\/11\/AG_angeles_Santos_Vazquez_Carlos_Martinez_Centro_Dia_Residencial_Redondela_00.jpg","jetpack_shortlink":"https:\/\/wp.me\/p2NHs2-2CM","jetpack_sharing_enabled":true,"_links":{"self":[{"href":"https:\/\/arquitecturadegalicia.eu\/blog\/wp-json\/wp\/v2\/posts\/10092","targetHints":{"allow":["GET"]}}],"collection":[{"href":"https:\/\/arquitecturadegalicia.eu\/blog\/wp-json\/wp\/v2\/posts"}],"about":[{"href":"https:\/\/arquitecturadegalicia.eu\/blog\/wp-json\/wp\/v2\/types\/post"}],"author":[{"embeddable":true,"href":"https:\/\/arquitecturadegalicia.eu\/blog\/wp-json\/wp\/v2\/users\/8"}],"replies":[{"embeddable":true,"href":"https:\/\/arquitecturadegalicia.eu\/blog\/wp-json\/wp\/v2\/comments?post=10092"}],"version-history":[{"count":4,"href":"https:\/\/arquitecturadegalicia.eu\/blog\/wp-json\/wp\/v2\/posts\/10092\/revisions"}],"predecessor-version":[{"id":10096,"href":"https:\/\/arquitecturadegalicia.eu\/blog\/wp-json\/wp\/v2\/posts\/10092\/revisions\/10096"}],"wp:featuredmedia":[{"embeddable":true,"href":"https:\/\/arquitecturadegalicia.eu\/blog\/wp-json\/wp\/v2\/media\/10093"}],"wp:attachment":[{"href":"https:\/\/arquitecturadegalicia.eu\/blog\/wp-json\/wp\/v2\/media?parent=10092"}],"wp:term":[{"taxonomy":"category","embeddable":true,"href":"https:\/\/arquitecturadegalicia.eu\/blog\/wp-json\/wp\/v2\/categories?post=10092"},{"taxonomy":"post_tag","embeddable":true,"href":"https:\/\/arquitecturadegalicia.eu\/blog\/wp-json\/wp\/v2\/tags?post=10092"},{"taxonomy":"ano","embeddable":true,"href":"https:\/\/arquitecturadegalicia.eu\/blog\/wp-json\/wp\/v2\/ano?post=10092"},{"taxonomy":"arquitectos","embeddable":true,"href":"https:\/\/arquitecturadegalicia.eu\/blog\/wp-json\/wp\/v2\/arquitectos?post=10092"},{"taxonomy":"tipoloxia","embeddable":true,"href":"https:\/\/arquitecturadegalicia.eu\/blog\/wp-json\/wp\/v2\/tipoloxia?post=10092"}],"curies":[{"name":"wp","href":"https:\/\/api.w.org\/{rel}","templated":true}]}}