{"id":10906,"date":"2014-01-31T12:00:36","date_gmt":"2014-01-31T11:00:36","guid":{"rendered":"http:\/\/arquitecturadegalicia.eu\/blog\/?p=10906"},"modified":"2014-01-19T10:41:06","modified_gmt":"2014-01-19T09:41:06","slug":"centro-parroquial-san-antonio-de-padua","status":"publish","type":"post","link":"https:\/\/arquitecturadegalicia.eu\/blog\/centro-parroquial-san-antonio-de-padua\/","title":{"rendered":"Centro Parroquial San Antonio de Padua"},"content":{"rendered":"<h6 style=\"text-align: right;\"><span style=\"color: #999999;\"><img fetchpriority=\"high\" decoding=\"async\" class=\"alignnone size-full wp-image-10910\" alt=\"AG_igrexa_centro_parroquial_san_antonio_padua_fontinhas_iago_seara_compostela_00\" src=\"http:\/\/arquitecturadegalicia.eu\/blog\/wp-content\/uploads\/2014\/01\/AG_igrexa_centro_parroquial_san_antonio_padua_fontinhas_iago_seara_compostela_00.jpg\" width=\"620\" height=\"366\" srcset=\"https:\/\/arquitecturadegalicia.eu\/blog\/wp-content\/uploads\/2014\/01\/AG_igrexa_centro_parroquial_san_antonio_padua_fontinhas_iago_seara_compostela_00.jpg 620w, https:\/\/arquitecturadegalicia.eu\/blog\/wp-content\/uploads\/2014\/01\/AG_igrexa_centro_parroquial_san_antonio_padua_fontinhas_iago_seara_compostela_00-300x177.jpg 300w\" sizes=\"(max-width: 620px) 100vw, 620px\" \/><br \/>\n<\/span><span style=\"color: #999999;\">Iago Seara<\/span><span style=\"color: #999999;\"><br \/>\n<\/span><\/h6>\n<table class=\"aligncenter\" width=\"620\" border=\"0\" cellspacing=\"0\" cellpadding=\"0\">\n<tbody>\n<tr>\n<td width=\"180\"><strong>Obra:<\/strong><\/td>\n<td>Centro Parroquial San Antonio de Padua<\/td>\n<\/tr>\n<tr>\n<td><strong>Arquitecto:<\/strong><\/td>\n<td>Iago Seara<\/td>\n<\/tr>\n<tr>\n<td><strong>Provincia:<\/strong><\/td>\n<td>A Coru\u00f1a<\/td>\n<\/tr>\n<tr>\n<td><strong>Localidade:<\/strong><\/td>\n<td>As Fonti\u00f1as, Santiago de Compostela<\/td>\n<\/tr>\n<tr>\n<td><strong>Ano:<\/strong><\/td>\n<td>1994 &#8211; 2007<\/td>\n<\/tr>\n<tr>\n<td><strong>Xeolocalizaci\u00f3n:<\/strong><\/td>\n<td><a href=\"https:\/\/maps.google.com\/maps\/ms?ie=UTF8&amp;hl=es&amp;oe=UTF8&amp;msa=0&amp;msid=205584753861089304839.0004b3590a9baff01c53d&amp;num=200&amp;start=600&amp;ll=42.886837,-8.522269&amp;spn=0.00511,0.009645&amp;t=h&amp;z=17&amp;vpsrc=6&amp;iwloc=0004eec1a0e5ef1cc978b\" target=\"_blank\"><strong>42.885,-8.523<\/strong><\/a><\/td>\n<\/tr>\n<\/tbody>\n<\/table>\n<table class=\" aligncenter\" width=\"620\" border=\"0\" cellspacing=\"0\" cellpadding=\"0\">\n<tbody>\n<tr>\n<td colspan=\"3\"><strong>Outros Datos:<\/strong><\/td>\n<\/tr>\n<tr>\n<td width=\"20\"><\/td>\n<td colspan=\"2\"><strong>Premios:<\/strong><\/td>\n<\/tr>\n<tr>\n<td width=\"20\"><\/td>\n<td width=\"20\"><\/td>\n<td width=\"580\"><\/td>\n<\/tr>\n<tr>\n<td width=\"20\"><\/td>\n<td colspan=\"2\"><strong>Publicaci\u00f3ns:<\/strong><\/td>\n<\/tr>\n<tr>\n<td width=\"20\"><\/td>\n<td width=\"20\"><\/td>\n<td>Santos-Mera | Gu\u00eda de Arquitectura Contempor\u00e1nea de Galicia | 2013<\/td>\n<\/tr>\n<tr>\n<td width=\"20\"><\/td>\n<td colspan=\"2\"><strong>Informaci\u00f3n na rede:<\/strong><\/td>\n<\/tr>\n<tr>\n<td width=\"20\"><\/td>\n<td width=\"20\"><\/td>\n<td><strong><a href=\"http:\/\/www.arquitecturareligiosa.es\/index.php\/AR\/article\/view\/23\" target=\"_blank\">arquitecturareligiosa.es<br \/>\n<\/a><\/strong><strong><a href=\"http:\/\/www.santiagoturismo.com\/arquitecturas-de-autor\/465\" target=\"_blank\">santiagoturismo.com<\/a><\/strong><\/td>\n<\/tr>\n<tr>\n<td width=\"20\"><a href=\"http:\/\/www.revistaaproin.com\/hemeroteca_78\/premio_nexoted.php\" target=\"_blank\">\u00a0<\/a><\/td>\n<td colspan=\"2\"><strong>Descripci\u00f3n do proxecto:<\/strong><\/td>\n<\/tr>\n<tr>\n<td width=\"20\"><\/td>\n<td width=\"20\"><\/td>\n<td style=\"text-align: justify;\">\u00abDesde el principio establecimos una idea muy clara. En Fonti\u00f1as, un barrio nuevo de Santiago de\u00a0Compostela en forma de cuadr\u00edcula \u2014uno de los ensanches t\u00edpicos de los a\u00f1os ochenta\u2014 hab\u00eda un lugar previsto para un equipamiento. Y ah\u00ed, en el extremo del barrio, sobre un z\u00f3calo, se puso el equipamiento, en este caso una iglesia parroquial dedicada a San Antonio de Padua. El z\u00f3calo era un muro de piedra tosca \u2014granito gallego\u2014 sin labrar. Y sobre ese z\u00f3calo se ten\u00eda que poner el templo. Se tom\u00f3 la decisi\u00f3n de que el z\u00f3calo fuese un atrio, un territorio sagrado, y conectar desde ah\u00ed los elementos a los que habitualmente se accede desde los atrios: el baptisterio y la nave. Y como el terreno estaba en pendiente y no podr\u00eda ser vaciado, bajo el z\u00f3calo se dispuso una cripta. Este fue, b\u00e1sicamente, el planteamiento inicial.<br \/>\nPor otro lado, ten\u00edamos muy presente el compromiso con el lenguaje de la contemporaneidad, pero desde el punto de vista de la reinterpretaci\u00f3n de ese tesoro espiritual que citaba expresamente la constituci\u00f3n vaticana\u00bb<br \/>\n<em id=\"__mceDel\">Iago Seara<\/em><\/td>\n<\/tr>\n<tr>\n<td width=\"20\"><\/td>\n<td colspan=\"2\"><b><b><b>Reportaxe fotogr\u00e1fica<\/b>: <\/b><\/b><a href=\"http:\/\/arquitecturadegalicia.eu\/blog\/?author=##\" target=\"_blank\"><br \/>\n<\/a><\/td>\n<\/tr>\n<tr>\n<td width=\"20\"><\/td>\n<td colspan=\"2\"><\/td>\n<\/tr>\n<tr>\n<td width=\"20\"><\/td>\n<td colspan=\"2\"><strong>Planos:<\/strong><\/td>\n<\/tr>\n<tr>\n<td width=\"20\"><\/td>\n<td colspan=\"2\">[nggallery id=432]<\/td>\n<\/tr>\n<\/tbody>\n<\/table>\n","protected":false},"excerpt":{"rendered":"<p>\u00abEl z\u00f3calo fuese un atrio, un territorio sagrado, y conectar desde ah\u00ed los elementos a los que habitualmente se accede desde los atrios: el baptisterio y la nave\u00bb Iago Seara<\/p>\n","protected":false},"author":8,"featured_media":10910,"comment_status":"open","ping_status":"open","sticky":false,"template":"","format":"standard","meta":{"jetpack_post_was_ever_published":false,"_jetpack_newsletter_access":"","_jetpack_dont_email_post_to_subs":false,"_jetpack_newsletter_tier_id":0,"_jetpack_memberships_contains_paywalled_content":false,"_jetpack_memberships_contains_paid_content":false,"footnotes":"","jetpack_publicize_message":"","jetpack_publicize_feature_enabled":true,"jetpack_social_post_already_shared":true,"jetpack_social_options":{"image_generator_settings":{"template":"highway","enabled":false},"version":2}},"categories":[22],"tags":[52,466,167],"ano":[],"arquitectos":[],"tipoloxia":[],"class_list":["post-10906","post","type-post","status-publish","format-standard","has-post-thumbnail","hentry","category-santiago-de-compostela","tag-52","tag-iago-seara","tag-relixioso","content-print"],"jetpack_publicize_connections":[],"yoast_head":"<!-- This site is optimized with the Yoast SEO plugin v24.1 - https:\/\/yoast.com\/wordpress\/plugins\/seo\/ -->\n<title>Centro Parroquial San Antonio de Padua | AG<\/title>\n<meta name=\"robots\" content=\"index, follow, max-snippet:-1, max-image-preview:large, max-video-preview:-1\" \/>\n<link rel=\"canonical\" href=\"http:\/\/arquitecturadegalicia.eu\/blog\/centro-parroquial-san-antonio-de-padua\/\" \/>\n<meta property=\"og:locale\" content=\"es_ES\" \/>\n<meta property=\"og:type\" content=\"article\" \/>\n<meta property=\"og:title\" content=\"Centro Parroquial San Antonio de Padua | AG\" \/>\n<meta property=\"og:description\" content=\"&quot;El z\u00f3calo fuese un atrio, un territorio sagrado, y conectar desde ah\u00ed los elementos a los que habitualmente se accede desde los atrios: el baptisterio y la nave&quot; Iago Seara\" \/>\n<meta property=\"og:url\" content=\"http:\/\/arquitecturadegalicia.eu\/blog\/centro-parroquial-san-antonio-de-padua\/\" \/>\n<meta property=\"og:site_name\" content=\"AG\" \/>\n<meta property=\"article:publisher\" content=\"https:\/\/www.facebook.com\/ArquitecturadeGalicia\/\" \/>\n<meta property=\"article:published_time\" content=\"2014-01-31T11:00:36+00:00\" \/>\n<meta property=\"article:modified_time\" content=\"2014-01-19T09:41:06+00:00\" \/>\n<meta property=\"og:image\" content=\"http:\/\/arquitecturadegalicia.eu\/blog\/wp-content\/uploads\/2014\/01\/AG_igrexa_centro_parroquial_san_antonio_padua_fontinhas_iago_seara_compostela_00.jpg\" \/>\n\t<meta property=\"og:image:width\" content=\"620\" \/>\n\t<meta property=\"og:image:height\" content=\"366\" \/>\n\t<meta property=\"og:image:type\" content=\"image\/jpeg\" \/>\n<meta name=\"author\" content=\"Iago Valverde\" \/>\n<meta name=\"twitter:card\" content=\"summary_large_image\" \/>\n<meta name=\"twitter:creator\" content=\"@arquigaliciaeu\" \/>\n<meta name=\"twitter:site\" content=\"@arquigaliciaeu\" \/>\n<meta name=\"twitter:label1\" content=\"Escrito por\" \/>\n\t<meta name=\"twitter:data1\" content=\"Iago Valverde\" \/>\n\t<meta name=\"twitter:label2\" content=\"Tiempo de lectura\" \/>\n\t<meta name=\"twitter:data2\" content=\"1 minuto\" \/>\n<script type=\"application\/ld+json\" class=\"yoast-schema-graph\">{\"@context\":\"https:\/\/schema.org\",\"@graph\":[{\"@type\":\"Article\",\"@id\":\"http:\/\/arquitecturadegalicia.eu\/blog\/centro-parroquial-san-antonio-de-padua\/#article\",\"isPartOf\":{\"@id\":\"http:\/\/arquitecturadegalicia.eu\/blog\/centro-parroquial-san-antonio-de-padua\/\"},\"author\":{\"name\":\"Iago Valverde\",\"@id\":\"https:\/\/arquitecturadegalicia.eu\/blog\/#\/schema\/person\/a51297ea3eeddd32ccbd89a218e148f1\"},\"headline\":\"Centro Parroquial San Antonio de Padua\",\"datePublished\":\"2014-01-31T11:00:36+00:00\",\"dateModified\":\"2014-01-19T09:41:06+00:00\",\"mainEntityOfPage\":{\"@id\":\"http:\/\/arquitecturadegalicia.eu\/blog\/centro-parroquial-san-antonio-de-padua\/\"},\"wordCount\":262,\"commentCount\":0,\"publisher\":{\"@id\":\"https:\/\/arquitecturadegalicia.eu\/blog\/#organization\"},\"image\":{\"@id\":\"http:\/\/arquitecturadegalicia.eu\/blog\/centro-parroquial-san-antonio-de-padua\/#primaryimage\"},\"thumbnailUrl\":\"https:\/\/arquitecturadegalicia.eu\/blog\/wp-content\/uploads\/2014\/01\/AG_igrexa_centro_parroquial_san_antonio_padua_fontinhas_iago_seara_compostela_00.jpg\",\"keywords\":[\"2007\",\"Iago Seara\",\"relixioso\"],\"articleSection\":[\"Santiago de Compostela\"],\"inLanguage\":\"es\",\"potentialAction\":[{\"@type\":\"CommentAction\",\"name\":\"Comment\",\"target\":[\"http:\/\/arquitecturadegalicia.eu\/blog\/centro-parroquial-san-antonio-de-padua\/#respond\"]}]},{\"@type\":\"WebPage\",\"@id\":\"http:\/\/arquitecturadegalicia.eu\/blog\/centro-parroquial-san-antonio-de-padua\/\",\"url\":\"http:\/\/arquitecturadegalicia.eu\/blog\/centro-parroquial-san-antonio-de-padua\/\",\"name\":\"Centro Parroquial San Antonio de Padua | AG\",\"isPartOf\":{\"@id\":\"https:\/\/arquitecturadegalicia.eu\/blog\/#website\"},\"primaryImageOfPage\":{\"@id\":\"http:\/\/arquitecturadegalicia.eu\/blog\/centro-parroquial-san-antonio-de-padua\/#primaryimage\"},\"image\":{\"@id\":\"http:\/\/arquitecturadegalicia.eu\/blog\/centro-parroquial-san-antonio-de-padua\/#primaryimage\"},\"thumbnailUrl\":\"https:\/\/arquitecturadegalicia.eu\/blog\/wp-content\/uploads\/2014\/01\/AG_igrexa_centro_parroquial_san_antonio_padua_fontinhas_iago_seara_compostela_00.jpg\",\"datePublished\":\"2014-01-31T11:00:36+00:00\",\"dateModified\":\"2014-01-19T09:41:06+00:00\",\"breadcrumb\":{\"@id\":\"http:\/\/arquitecturadegalicia.eu\/blog\/centro-parroquial-san-antonio-de-padua\/#breadcrumb\"},\"inLanguage\":\"es\",\"potentialAction\":[{\"@type\":\"ReadAction\",\"target\":[\"http:\/\/arquitecturadegalicia.eu\/blog\/centro-parroquial-san-antonio-de-padua\/\"]}]},{\"@type\":\"ImageObject\",\"inLanguage\":\"es\",\"@id\":\"http:\/\/arquitecturadegalicia.eu\/blog\/centro-parroquial-san-antonio-de-padua\/#primaryimage\",\"url\":\"https:\/\/arquitecturadegalicia.eu\/blog\/wp-content\/uploads\/2014\/01\/AG_igrexa_centro_parroquial_san_antonio_padua_fontinhas_iago_seara_compostela_00.jpg\",\"contentUrl\":\"https:\/\/arquitecturadegalicia.eu\/blog\/wp-content\/uploads\/2014\/01\/AG_igrexa_centro_parroquial_san_antonio_padua_fontinhas_iago_seara_compostela_00.jpg\",\"width\":620,\"height\":366},{\"@type\":\"BreadcrumbList\",\"@id\":\"http:\/\/arquitecturadegalicia.eu\/blog\/centro-parroquial-san-antonio-de-padua\/#breadcrumb\",\"itemListElement\":[{\"@type\":\"ListItem\",\"position\":1,\"name\":\"Portada\",\"item\":\"https:\/\/arquitecturadegalicia.eu\/blog\/\"},{\"@type\":\"ListItem\",\"position\":2,\"name\":\"Centro Parroquial San Antonio de Padua\"}]},{\"@type\":\"WebSite\",\"@id\":\"https:\/\/arquitecturadegalicia.eu\/blog\/#website\",\"url\":\"https:\/\/arquitecturadegalicia.eu\/blog\/\",\"name\":\"AG\",\"description\":\"Arquitectura de Galicia\",\"publisher\":{\"@id\":\"https:\/\/arquitecturadegalicia.eu\/blog\/#organization\"},\"potentialAction\":[{\"@type\":\"SearchAction\",\"target\":{\"@type\":\"EntryPoint\",\"urlTemplate\":\"https:\/\/arquitecturadegalicia.eu\/blog\/?s={search_term_string}\"},\"query-input\":{\"@type\":\"PropertyValueSpecification\",\"valueRequired\":true,\"valueName\":\"search_term_string\"}}],\"inLanguage\":\"es\"},{\"@type\":\"Organization\",\"@id\":\"https:\/\/arquitecturadegalicia.eu\/blog\/#organization\",\"name\":\"Arquitectura de Galicia\",\"url\":\"https:\/\/arquitecturadegalicia.eu\/blog\/\",\"logo\":{\"@type\":\"ImageObject\",\"inLanguage\":\"es\",\"@id\":\"https:\/\/arquitecturadegalicia.eu\/blog\/#\/schema\/logo\/image\/\",\"url\":\"https:\/\/arquitecturadegalicia.eu\/blog\/wp-content\/uploads\/2017\/01\/arquitecturacurrents2.png\",\"contentUrl\":\"https:\/\/arquitecturadegalicia.eu\/blog\/wp-content\/uploads\/2017\/01\/arquitecturacurrents2.png\",\"width\":840,\"height\":640,\"caption\":\"Arquitectura de Galicia\"},\"image\":{\"@id\":\"https:\/\/arquitecturadegalicia.eu\/blog\/#\/schema\/logo\/image\/\"},\"sameAs\":[\"https:\/\/www.facebook.com\/ArquitecturadeGalicia\/\",\"https:\/\/x.com\/arquigaliciaeu\",\"https:\/\/www.instagram.com\/arquigaliciaeu\/\"]},{\"@type\":\"Person\",\"@id\":\"https:\/\/arquitecturadegalicia.eu\/blog\/#\/schema\/person\/a51297ea3eeddd32ccbd89a218e148f1\",\"name\":\"Iago Valverde\",\"image\":{\"@type\":\"ImageObject\",\"inLanguage\":\"es\",\"@id\":\"https:\/\/arquitecturadegalicia.eu\/blog\/#\/schema\/person\/image\/\",\"url\":\"https:\/\/secure.gravatar.com\/avatar\/eb8a9f2f10ff79db5c78989d92f1e8b2?s=96&d=mm&r=g\",\"contentUrl\":\"https:\/\/secure.gravatar.com\/avatar\/eb8a9f2f10ff79db5c78989d92f1e8b2?s=96&d=mm&r=g\",\"caption\":\"Iago Valverde\"},\"description\":\"Nigr\u00e1n | Edici\u00f3n de artigos e xeolocalizaci\u00f3n | Arquitecto en formaci\u00f3n na ETSAC e cursando PFC. Interesado en urbanismo, arquitectura, pol\u00edtica, e todo aquilo que \u00e9 complexo e vital\",\"url\":\"https:\/\/arquitecturadegalicia.eu\/blog\/author\/iago-valverde\/\"}]}<\/script>\n<!-- \/ Yoast SEO plugin. -->","yoast_head_json":{"title":"Centro Parroquial San Antonio de Padua | AG","robots":{"index":"index","follow":"follow","max-snippet":"max-snippet:-1","max-image-preview":"max-image-preview:large","max-video-preview":"max-video-preview:-1"},"canonical":"http:\/\/arquitecturadegalicia.eu\/blog\/centro-parroquial-san-antonio-de-padua\/","og_locale":"es_ES","og_type":"article","og_title":"Centro Parroquial San Antonio de Padua | AG","og_description":"\"El z\u00f3calo fuese un atrio, un territorio sagrado, y conectar desde ah\u00ed los elementos a los que habitualmente se accede desde los atrios: el baptisterio y la nave\" Iago Seara","og_url":"http:\/\/arquitecturadegalicia.eu\/blog\/centro-parroquial-san-antonio-de-padua\/","og_site_name":"AG","article_publisher":"https:\/\/www.facebook.com\/ArquitecturadeGalicia\/","article_published_time":"2014-01-31T11:00:36+00:00","article_modified_time":"2014-01-19T09:41:06+00:00","og_image":[{"width":620,"height":366,"url":"http:\/\/arquitecturadegalicia.eu\/blog\/wp-content\/uploads\/2014\/01\/AG_igrexa_centro_parroquial_san_antonio_padua_fontinhas_iago_seara_compostela_00.jpg","type":"image\/jpeg"}],"author":"Iago Valverde","twitter_card":"summary_large_image","twitter_creator":"@arquigaliciaeu","twitter_site":"@arquigaliciaeu","twitter_misc":{"Escrito por":"Iago Valverde","Tiempo de lectura":"1 minuto"},"schema":{"@context":"https:\/\/schema.org","@graph":[{"@type":"Article","@id":"http:\/\/arquitecturadegalicia.eu\/blog\/centro-parroquial-san-antonio-de-padua\/#article","isPartOf":{"@id":"http:\/\/arquitecturadegalicia.eu\/blog\/centro-parroquial-san-antonio-de-padua\/"},"author":{"name":"Iago Valverde","@id":"https:\/\/arquitecturadegalicia.eu\/blog\/#\/schema\/person\/a51297ea3eeddd32ccbd89a218e148f1"},"headline":"Centro Parroquial San Antonio de Padua","datePublished":"2014-01-31T11:00:36+00:00","dateModified":"2014-01-19T09:41:06+00:00","mainEntityOfPage":{"@id":"http:\/\/arquitecturadegalicia.eu\/blog\/centro-parroquial-san-antonio-de-padua\/"},"wordCount":262,"commentCount":0,"publisher":{"@id":"https:\/\/arquitecturadegalicia.eu\/blog\/#organization"},"image":{"@id":"http:\/\/arquitecturadegalicia.eu\/blog\/centro-parroquial-san-antonio-de-padua\/#primaryimage"},"thumbnailUrl":"https:\/\/arquitecturadegalicia.eu\/blog\/wp-content\/uploads\/2014\/01\/AG_igrexa_centro_parroquial_san_antonio_padua_fontinhas_iago_seara_compostela_00.jpg","keywords":["2007","Iago Seara","relixioso"],"articleSection":["Santiago de Compostela"],"inLanguage":"es","potentialAction":[{"@type":"CommentAction","name":"Comment","target":["http:\/\/arquitecturadegalicia.eu\/blog\/centro-parroquial-san-antonio-de-padua\/#respond"]}]},{"@type":"WebPage","@id":"http:\/\/arquitecturadegalicia.eu\/blog\/centro-parroquial-san-antonio-de-padua\/","url":"http:\/\/arquitecturadegalicia.eu\/blog\/centro-parroquial-san-antonio-de-padua\/","name":"Centro Parroquial San Antonio de Padua | AG","isPartOf":{"@id":"https:\/\/arquitecturadegalicia.eu\/blog\/#website"},"primaryImageOfPage":{"@id":"http:\/\/arquitecturadegalicia.eu\/blog\/centro-parroquial-san-antonio-de-padua\/#primaryimage"},"image":{"@id":"http:\/\/arquitecturadegalicia.eu\/blog\/centro-parroquial-san-antonio-de-padua\/#primaryimage"},"thumbnailUrl":"https:\/\/arquitecturadegalicia.eu\/blog\/wp-content\/uploads\/2014\/01\/AG_igrexa_centro_parroquial_san_antonio_padua_fontinhas_iago_seara_compostela_00.jpg","datePublished":"2014-01-31T11:00:36+00:00","dateModified":"2014-01-19T09:41:06+00:00","breadcrumb":{"@id":"http:\/\/arquitecturadegalicia.eu\/blog\/centro-parroquial-san-antonio-de-padua\/#breadcrumb"},"inLanguage":"es","potentialAction":[{"@type":"ReadAction","target":["http:\/\/arquitecturadegalicia.eu\/blog\/centro-parroquial-san-antonio-de-padua\/"]}]},{"@type":"ImageObject","inLanguage":"es","@id":"http:\/\/arquitecturadegalicia.eu\/blog\/centro-parroquial-san-antonio-de-padua\/#primaryimage","url":"https:\/\/arquitecturadegalicia.eu\/blog\/wp-content\/uploads\/2014\/01\/AG_igrexa_centro_parroquial_san_antonio_padua_fontinhas_iago_seara_compostela_00.jpg","contentUrl":"https:\/\/arquitecturadegalicia.eu\/blog\/wp-content\/uploads\/2014\/01\/AG_igrexa_centro_parroquial_san_antonio_padua_fontinhas_iago_seara_compostela_00.jpg","width":620,"height":366},{"@type":"BreadcrumbList","@id":"http:\/\/arquitecturadegalicia.eu\/blog\/centro-parroquial-san-antonio-de-padua\/#breadcrumb","itemListElement":[{"@type":"ListItem","position":1,"name":"Portada","item":"https:\/\/arquitecturadegalicia.eu\/blog\/"},{"@type":"ListItem","position":2,"name":"Centro Parroquial San Antonio de Padua"}]},{"@type":"WebSite","@id":"https:\/\/arquitecturadegalicia.eu\/blog\/#website","url":"https:\/\/arquitecturadegalicia.eu\/blog\/","name":"AG","description":"Arquitectura de Galicia","publisher":{"@id":"https:\/\/arquitecturadegalicia.eu\/blog\/#organization"},"potentialAction":[{"@type":"SearchAction","target":{"@type":"EntryPoint","urlTemplate":"https:\/\/arquitecturadegalicia.eu\/blog\/?s={search_term_string}"},"query-input":{"@type":"PropertyValueSpecification","valueRequired":true,"valueName":"search_term_string"}}],"inLanguage":"es"},{"@type":"Organization","@id":"https:\/\/arquitecturadegalicia.eu\/blog\/#organization","name":"Arquitectura de Galicia","url":"https:\/\/arquitecturadegalicia.eu\/blog\/","logo":{"@type":"ImageObject","inLanguage":"es","@id":"https:\/\/arquitecturadegalicia.eu\/blog\/#\/schema\/logo\/image\/","url":"https:\/\/arquitecturadegalicia.eu\/blog\/wp-content\/uploads\/2017\/01\/arquitecturacurrents2.png","contentUrl":"https:\/\/arquitecturadegalicia.eu\/blog\/wp-content\/uploads\/2017\/01\/arquitecturacurrents2.png","width":840,"height":640,"caption":"Arquitectura de Galicia"},"image":{"@id":"https:\/\/arquitecturadegalicia.eu\/blog\/#\/schema\/logo\/image\/"},"sameAs":["https:\/\/www.facebook.com\/ArquitecturadeGalicia\/","https:\/\/x.com\/arquigaliciaeu","https:\/\/www.instagram.com\/arquigaliciaeu\/"]},{"@type":"Person","@id":"https:\/\/arquitecturadegalicia.eu\/blog\/#\/schema\/person\/a51297ea3eeddd32ccbd89a218e148f1","name":"Iago Valverde","image":{"@type":"ImageObject","inLanguage":"es","@id":"https:\/\/arquitecturadegalicia.eu\/blog\/#\/schema\/person\/image\/","url":"https:\/\/secure.gravatar.com\/avatar\/eb8a9f2f10ff79db5c78989d92f1e8b2?s=96&d=mm&r=g","contentUrl":"https:\/\/secure.gravatar.com\/avatar\/eb8a9f2f10ff79db5c78989d92f1e8b2?s=96&d=mm&r=g","caption":"Iago Valverde"},"description":"Nigr\u00e1n | Edici\u00f3n de artigos e xeolocalizaci\u00f3n | Arquitecto en formaci\u00f3n na ETSAC e cursando PFC. Interesado en urbanismo, arquitectura, pol\u00edtica, e todo aquilo que \u00e9 complexo e vital","url":"https:\/\/arquitecturadegalicia.eu\/blog\/author\/iago-valverde\/"}]}},"jetpack_featured_media_url":"https:\/\/arquitecturadegalicia.eu\/blog\/wp-content\/uploads\/2014\/01\/AG_igrexa_centro_parroquial_san_antonio_padua_fontinhas_iago_seara_compostela_00.jpg","jetpack_shortlink":"https:\/\/wp.me\/p2NHs2-2PU","jetpack_sharing_enabled":true,"_links":{"self":[{"href":"https:\/\/arquitecturadegalicia.eu\/blog\/wp-json\/wp\/v2\/posts\/10906","targetHints":{"allow":["GET"]}}],"collection":[{"href":"https:\/\/arquitecturadegalicia.eu\/blog\/wp-json\/wp\/v2\/posts"}],"about":[{"href":"https:\/\/arquitecturadegalicia.eu\/blog\/wp-json\/wp\/v2\/types\/post"}],"author":[{"embeddable":true,"href":"https:\/\/arquitecturadegalicia.eu\/blog\/wp-json\/wp\/v2\/users\/8"}],"replies":[{"embeddable":true,"href":"https:\/\/arquitecturadegalicia.eu\/blog\/wp-json\/wp\/v2\/comments?post=10906"}],"version-history":[{"count":12,"href":"https:\/\/arquitecturadegalicia.eu\/blog\/wp-json\/wp\/v2\/posts\/10906\/revisions"}],"predecessor-version":[{"id":10924,"href":"https:\/\/arquitecturadegalicia.eu\/blog\/wp-json\/wp\/v2\/posts\/10906\/revisions\/10924"}],"wp:featuredmedia":[{"embeddable":true,"href":"https:\/\/arquitecturadegalicia.eu\/blog\/wp-json\/wp\/v2\/media\/10910"}],"wp:attachment":[{"href":"https:\/\/arquitecturadegalicia.eu\/blog\/wp-json\/wp\/v2\/media?parent=10906"}],"wp:term":[{"taxonomy":"category","embeddable":true,"href":"https:\/\/arquitecturadegalicia.eu\/blog\/wp-json\/wp\/v2\/categories?post=10906"},{"taxonomy":"post_tag","embeddable":true,"href":"https:\/\/arquitecturadegalicia.eu\/blog\/wp-json\/wp\/v2\/tags?post=10906"},{"taxonomy":"ano","embeddable":true,"href":"https:\/\/arquitecturadegalicia.eu\/blog\/wp-json\/wp\/v2\/ano?post=10906"},{"taxonomy":"arquitectos","embeddable":true,"href":"https:\/\/arquitecturadegalicia.eu\/blog\/wp-json\/wp\/v2\/arquitectos?post=10906"},{"taxonomy":"tipoloxia","embeddable":true,"href":"https:\/\/arquitecturadegalicia.eu\/blog\/wp-json\/wp\/v2\/tipoloxia?post=10906"}],"curies":[{"name":"wp","href":"https:\/\/api.w.org\/{rel}","templated":true}]}}