{"id":10963,"date":"2014-02-05T12:00:22","date_gmt":"2014-02-05T11:00:22","guid":{"rendered":"http:\/\/arquitecturadegalicia.eu\/blog\/?p=10963"},"modified":"2014-01-19T10:59:15","modified_gmt":"2014-01-19T09:59:15","slug":"vivendas-na-praza-de-compostela","status":"publish","type":"post","link":"https:\/\/arquitecturadegalicia.eu\/blog\/vivendas-na-praza-de-compostela\/","title":{"rendered":"Vivendas na Praza de Compostela"},"content":{"rendered":"<h6 style=\"text-align: right;\"><span style=\"color: #999999;\"><img fetchpriority=\"high\" decoding=\"async\" class=\"alignnone size-full wp-image-10965\" alt=\"AG_vivendas_praza_compostela_xose_bar_boo_vigo_00\" src=\"http:\/\/arquitecturadegalicia.eu\/blog\/wp-content\/uploads\/2014\/01\/AG_vivendas_praza_compostela_xose_bar_boo_vigo_00.jpg\" width=\"620\" height=\"702\" srcset=\"https:\/\/arquitecturadegalicia.eu\/blog\/wp-content\/uploads\/2014\/01\/AG_vivendas_praza_compostela_xose_bar_boo_vigo_00.jpg 620w, https:\/\/arquitecturadegalicia.eu\/blog\/wp-content\/uploads\/2014\/01\/AG_vivendas_praza_compostela_xose_bar_boo_vigo_00-264x300.jpg 264w\" sizes=\"(max-width: 620px) 100vw, 620px\" \/><br \/>\n<\/span><a href=\"http:\/\/www.archxx-sudoe.es\/ficha.jsp?id=911&amp;tipo=v&amp;elto=65&amp;np=0&amp;buscando=true&amp;repetir=true&amp;miniatura=false&amp;campo=ccaa\" target=\"_blank\"><span style=\"color: #999999;\">archxx-sudoe.es<\/span><span style=\"color: #999999;\"><br \/>\n<\/span><\/a><\/h6>\n<table class=\"aligncenter\" width=\"620\" border=\"0\" cellspacing=\"0\" cellpadding=\"0\">\n<tbody>\n<tr>\n<td width=\"180\"><strong>Obra:<\/strong><\/td>\n<td>Vivendas na Praza de Compostela<\/td>\n<\/tr>\n<tr>\n<td><strong>Arquitecto:<\/strong><\/td>\n<td>Xos\u00e9 Bar B\u00f3o<\/td>\n<\/tr>\n<tr>\n<td><strong>Provincia:<\/strong><\/td>\n<td>Pontevedra<\/td>\n<\/tr>\n<tr>\n<td><strong>Localidade:<\/strong><\/td>\n<td>Praza de Compostela, Vigo<\/td>\n<\/tr>\n<tr>\n<td><strong>Ano:<\/strong><\/td>\n<td>1963<\/td>\n<\/tr>\n<tr>\n<td><strong>Xeolocalizaci\u00f3n:<\/strong><\/td>\n<td><a href=\"mailto:?subject=Vivendas%20na%20Praza%20de%20Compostela&amp;body=Vivendas%20na%20Praza%20de%20Compostela%0Ahttps%3A%2F%2Fmaps.google.com%2Fmaps%2Fms%3Fie%3DUTF8%26hl%3Des%26oe%3DUTF8%26t%3Dh%26vpsrc%3D6%26msa%3D0%26msid%3D205584753861089304839.0004b3590a9baff01c53d%26start%3D600%26num%3D200%26ll%3D42.240604%2C-8.722184%26spn%3D0.002581%2C0.004823%26z%3D18%26iwloc%3D0004eeec9a3edebf78ea2\" target=\"_blank\"><strong>42.238,-8.722<\/strong><\/a><\/td>\n<\/tr>\n<\/tbody>\n<\/table>\n<table class=\" aligncenter\" width=\"620\" border=\"0\" cellspacing=\"0\" cellpadding=\"0\">\n<tbody>\n<tr>\n<td colspan=\"3\"><strong>Outros Datos:<\/strong><\/td>\n<\/tr>\n<tr>\n<td width=\"20\"><\/td>\n<td colspan=\"2\"><strong>Premios:<\/strong><\/td>\n<\/tr>\n<tr>\n<td width=\"20\"><\/td>\n<td width=\"20\"><\/td>\n<td width=\"580\"><\/td>\n<\/tr>\n<tr>\n<td width=\"20\"><\/td>\n<td colspan=\"2\"><strong>Publicaci\u00f3ns:<\/strong><\/td>\n<\/tr>\n<tr>\n<td width=\"20\"><\/td>\n<td width=\"20\"><\/td>\n<td>AGRASAR QUIROGA, Fernando | Gu\u00eda de Arquitectura de Vigo. 1930 \u2013 2000 | COAG 2003<br \/>\nGARRIDO, Fen\u00e9s, Alicia | La Obra de Xos\u00e9 Bar B\u00f3o | Fundaci\u00f3n Pedro Barri\u00e9 de la Maza, 2000<br \/>\nVV\u00a0AA \u00a0| Xos\u00e9 Bar B\u00f3o, arquitecto | COAG 1996<br \/>\nObradoiro 17 | COAG 1990<br \/>\n<strong><a href=\"http:\/\/ruc.udc.es\/dspace\/handle\/2183\/5123\" target=\"_blank\">Xan Ca<\/a><a href=\"http:\/\/ruc.udc.es\/dspace\/handle\/2183\/5123\" target=\"_blank\">sabella |\u00a0Intenci\u00f3s na arquitectura de Xos\u00e9 Bar Boo<\/a><\/strong> |\u00a0Bolet\u00edn Acad\u00e9mico. UDC 1986<br \/>\n<a href=\"http:\/\/ruc.udc.es\/dspace\/handle\/2183\/5139\" target=\"_blank\"><strong>Xos\u00e9 Bar Boo |\u00a0Notas al art\u00edculo \u00abIntenci\u00f3s na arquitectura de Xos\u00e9 Bar Boo\u00bb<\/strong><\/a>|\u00a0Bolet\u00edn Acad\u00e9mico. UDC 1987<\/td>\n<\/tr>\n<tr>\n<td width=\"20\"><\/td>\n<td colspan=\"2\"><strong>Informaci\u00f3n na rede:<\/strong><\/td>\n<\/tr>\n<tr>\n<td width=\"20\"><\/td>\n<td width=\"20\"><\/td>\n<td><strong><a href=\"http:\/\/www.docomomoiberico.com\/index.php?option=com_k2&amp;view=item&amp;id=1081:edificio-plaza-de-compostela&amp;lang=pt\" target=\"_blank\">docomomoiberico.com<\/a><\/strong><\/td>\n<\/tr>\n<tr>\n<td width=\"20\"><a href=\"http:\/\/www.revistaaproin.com\/hemeroteca_78\/premio_nexoted.php\" target=\"_blank\">\u00a0<\/a><\/td>\n<td colspan=\"2\"><strong>Descripci\u00f3n do proxecto:<\/strong><\/td>\n<\/tr>\n<tr>\n<td width=\"20\"><\/td>\n<td width=\"20\"><\/td>\n<td style=\"text-align: justify;\">\u00abSobre una parcela con frente a los jardines de la Alameda, Bar B\u00f3o levant\u00f3 este edificio de viviendas, concentrando la expresividad tanto en la fachada como en el escalonamiento de las plantas superiores. A partir de una escalera central cuyos muros perimetrales sirven de estructura junto con los muros medianeros, Bar B\u00f3o organiza unas ampl\u00edsimas viviendas que ocupan la totalidad de la planta. A fin de adecuarse a la normativa urban\u00edstica, las plantas superiores se organizan en escalonamientos sucesivos dando lugar a un conjunto de viviendas singulares, alguna en d\u00faplex, para tratar de obtener la m\u00e1xima eficacia arquitect\u00f3nica de los diferentes tama\u00f1os de las plantas. En toda la obra se suceden las pormenorizadas soluciones constructivas, explorando materiales y formas a las que tan aficionado era su autor: escaleras, jardineras, esquinas, en todas ellas el ingenio constructivo se hace patente. En la fachada se acent\u00faa el dramatismo con vol\u00famenes p\u00e9treos, organizados alternativa y sim\u00e9tricamente, oponi\u00e9ndose a la superficie plana y ligera del pa\u00f1o central acristalado\u00bb<br \/>\nCelestino Garc\u00eda Bra\u00f1a<\/td>\n<\/tr>\n<tr>\n<td width=\"20\"><\/td>\n<td colspan=\"2\"><b><b><b>Reportaxe fotogr\u00e1fica<\/b>: <\/b><\/b><a href=\"http:\/\/arquitecturadegalicia.eu\/blog\/?author=##\" target=\"_blank\"><br \/>\n<\/a><\/td>\n<\/tr>\n<tr>\n<td width=\"20\"><\/td>\n<td colspan=\"2\"><\/td>\n<\/tr>\n<tr>\n<td width=\"20\"><\/td>\n<td colspan=\"2\"><strong>Planos:<\/strong><\/td>\n<\/tr>\n<tr>\n<td width=\"20\"><\/td>\n<td colspan=\"2\">[nggallery id=435]<\/td>\n<\/tr>\n<\/tbody>\n<\/table>\n","protected":false},"excerpt":{"rendered":"<p>\u00abConcentrando la expresividad tanto en la fachada como en el escalonamiento de las plantas superiores. A partir de una escalera central cuyos muros perimetrales sirven de estructura junto con los muros medianeros, Bar B\u00f3o organiza unas ampl\u00edsimas viviendas que ocupan la totalidad de la planta\u00bb Celestino Garc\u00eda Bra\u00f1a<\/p>\n","protected":false},"author":8,"featured_media":10965,"comment_status":"open","ping_status":"open","sticky":false,"template":"","format":"standard","meta":{"jetpack_post_was_ever_published":false,"_jetpack_newsletter_access":"","_jetpack_dont_email_post_to_subs":false,"_jetpack_newsletter_tier_id":0,"_jetpack_memberships_contains_paywalled_content":false,"_jetpack_memberships_contains_paid_content":false,"footnotes":"","jetpack_publicize_message":"","jetpack_publicize_feature_enabled":true,"jetpack_social_post_already_shared":true,"jetpack_social_options":{"image_generator_settings":{"template":"highway","enabled":false},"version":2}},"categories":[25],"tags":[328,77,108,230],"ano":[],"arquitectos":[],"tipoloxia":[],"class_list":["post-10963","post","type-post","status-publish","format-standard","has-post-thumbnail","hentry","category-vigo","tag-328","tag-colectiva","tag-vivenda","tag-xose-bar-boo","content-print"],"jetpack_publicize_connections":[],"yoast_head":"<!-- This site is optimized with the Yoast SEO plugin v24.1 - https:\/\/yoast.com\/wordpress\/plugins\/seo\/ -->\n<title>Vivendas na Praza de Compostela | AG<\/title>\n<meta name=\"robots\" content=\"index, follow, max-snippet:-1, max-image-preview:large, max-video-preview:-1\" \/>\n<link rel=\"canonical\" href=\"http:\/\/arquitecturadegalicia.eu\/blog\/vivendas-na-praza-de-compostela\/\" \/>\n<meta property=\"og:locale\" content=\"es_ES\" \/>\n<meta property=\"og:type\" content=\"article\" \/>\n<meta property=\"og:title\" content=\"Vivendas na Praza de Compostela | AG\" \/>\n<meta property=\"og:description\" content=\"&quot;Concentrando la expresividad tanto en la fachada como en el escalonamiento de las plantas superiores. A partir de una escalera central cuyos muros perimetrales sirven de estructura junto con los muros medianeros, Bar B\u00f3o organiza unas ampl\u00edsimas viviendas que ocupan la totalidad de la planta&quot; Celestino Garc\u00eda Bra\u00f1a\" \/>\n<meta property=\"og:url\" content=\"http:\/\/arquitecturadegalicia.eu\/blog\/vivendas-na-praza-de-compostela\/\" \/>\n<meta property=\"og:site_name\" content=\"AG\" \/>\n<meta property=\"article:publisher\" content=\"https:\/\/www.facebook.com\/ArquitecturadeGalicia\/\" \/>\n<meta property=\"article:published_time\" content=\"2014-02-05T11:00:22+00:00\" \/>\n<meta property=\"article:modified_time\" content=\"2014-01-19T09:59:15+00:00\" \/>\n<meta property=\"og:image\" content=\"http:\/\/arquitecturadegalicia.eu\/blog\/wp-content\/uploads\/2014\/01\/AG_vivendas_praza_compostela_xose_bar_boo_vigo_00.jpg\" \/>\n\t<meta property=\"og:image:width\" content=\"620\" \/>\n\t<meta property=\"og:image:height\" content=\"702\" \/>\n\t<meta property=\"og:image:type\" content=\"image\/jpeg\" \/>\n<meta name=\"author\" content=\"Iago Valverde\" \/>\n<meta name=\"twitter:card\" content=\"summary_large_image\" \/>\n<meta name=\"twitter:creator\" content=\"@arquigaliciaeu\" \/>\n<meta name=\"twitter:site\" content=\"@arquigaliciaeu\" \/>\n<meta name=\"twitter:label1\" content=\"Escrito por\" \/>\n\t<meta name=\"twitter:data1\" content=\"Iago Valverde\" \/>\n\t<meta name=\"twitter:label2\" content=\"Tiempo de lectura\" \/>\n\t<meta name=\"twitter:data2\" content=\"2 minutos\" \/>\n<script type=\"application\/ld+json\" class=\"yoast-schema-graph\">{\"@context\":\"https:\/\/schema.org\",\"@graph\":[{\"@type\":\"Article\",\"@id\":\"http:\/\/arquitecturadegalicia.eu\/blog\/vivendas-na-praza-de-compostela\/#article\",\"isPartOf\":{\"@id\":\"http:\/\/arquitecturadegalicia.eu\/blog\/vivendas-na-praza-de-compostela\/\"},\"author\":{\"name\":\"Iago Valverde\",\"@id\":\"https:\/\/arquitecturadegalicia.eu\/blog\/#\/schema\/person\/a51297ea3eeddd32ccbd89a218e148f1\"},\"headline\":\"Vivendas na Praza de Compostela\",\"datePublished\":\"2014-02-05T11:00:22+00:00\",\"dateModified\":\"2014-01-19T09:59:15+00:00\",\"mainEntityOfPage\":{\"@id\":\"http:\/\/arquitecturadegalicia.eu\/blog\/vivendas-na-praza-de-compostela\/\"},\"wordCount\":307,\"commentCount\":0,\"publisher\":{\"@id\":\"https:\/\/arquitecturadegalicia.eu\/blog\/#organization\"},\"image\":{\"@id\":\"http:\/\/arquitecturadegalicia.eu\/blog\/vivendas-na-praza-de-compostela\/#primaryimage\"},\"thumbnailUrl\":\"https:\/\/arquitecturadegalicia.eu\/blog\/wp-content\/uploads\/2014\/01\/AG_vivendas_praza_compostela_xose_bar_boo_vigo_00.jpg\",\"keywords\":[\"1963\",\"colectiva\",\"Vivenda\",\"Xos\u00e9 Bar Boo\"],\"articleSection\":[\"Vigo\"],\"inLanguage\":\"es\",\"potentialAction\":[{\"@type\":\"CommentAction\",\"name\":\"Comment\",\"target\":[\"http:\/\/arquitecturadegalicia.eu\/blog\/vivendas-na-praza-de-compostela\/#respond\"]}]},{\"@type\":\"WebPage\",\"@id\":\"http:\/\/arquitecturadegalicia.eu\/blog\/vivendas-na-praza-de-compostela\/\",\"url\":\"http:\/\/arquitecturadegalicia.eu\/blog\/vivendas-na-praza-de-compostela\/\",\"name\":\"Vivendas na Praza de Compostela | AG\",\"isPartOf\":{\"@id\":\"https:\/\/arquitecturadegalicia.eu\/blog\/#website\"},\"primaryImageOfPage\":{\"@id\":\"http:\/\/arquitecturadegalicia.eu\/blog\/vivendas-na-praza-de-compostela\/#primaryimage\"},\"image\":{\"@id\":\"http:\/\/arquitecturadegalicia.eu\/blog\/vivendas-na-praza-de-compostela\/#primaryimage\"},\"thumbnailUrl\":\"https:\/\/arquitecturadegalicia.eu\/blog\/wp-content\/uploads\/2014\/01\/AG_vivendas_praza_compostela_xose_bar_boo_vigo_00.jpg\",\"datePublished\":\"2014-02-05T11:00:22+00:00\",\"dateModified\":\"2014-01-19T09:59:15+00:00\",\"breadcrumb\":{\"@id\":\"http:\/\/arquitecturadegalicia.eu\/blog\/vivendas-na-praza-de-compostela\/#breadcrumb\"},\"inLanguage\":\"es\",\"potentialAction\":[{\"@type\":\"ReadAction\",\"target\":[\"http:\/\/arquitecturadegalicia.eu\/blog\/vivendas-na-praza-de-compostela\/\"]}]},{\"@type\":\"ImageObject\",\"inLanguage\":\"es\",\"@id\":\"http:\/\/arquitecturadegalicia.eu\/blog\/vivendas-na-praza-de-compostela\/#primaryimage\",\"url\":\"https:\/\/arquitecturadegalicia.eu\/blog\/wp-content\/uploads\/2014\/01\/AG_vivendas_praza_compostela_xose_bar_boo_vigo_00.jpg\",\"contentUrl\":\"https:\/\/arquitecturadegalicia.eu\/blog\/wp-content\/uploads\/2014\/01\/AG_vivendas_praza_compostela_xose_bar_boo_vigo_00.jpg\",\"width\":620,\"height\":702},{\"@type\":\"BreadcrumbList\",\"@id\":\"http:\/\/arquitecturadegalicia.eu\/blog\/vivendas-na-praza-de-compostela\/#breadcrumb\",\"itemListElement\":[{\"@type\":\"ListItem\",\"position\":1,\"name\":\"Portada\",\"item\":\"https:\/\/arquitecturadegalicia.eu\/blog\/\"},{\"@type\":\"ListItem\",\"position\":2,\"name\":\"Vivendas na Praza de Compostela\"}]},{\"@type\":\"WebSite\",\"@id\":\"https:\/\/arquitecturadegalicia.eu\/blog\/#website\",\"url\":\"https:\/\/arquitecturadegalicia.eu\/blog\/\",\"name\":\"AG\",\"description\":\"Arquitectura de Galicia\",\"publisher\":{\"@id\":\"https:\/\/arquitecturadegalicia.eu\/blog\/#organization\"},\"potentialAction\":[{\"@type\":\"SearchAction\",\"target\":{\"@type\":\"EntryPoint\",\"urlTemplate\":\"https:\/\/arquitecturadegalicia.eu\/blog\/?s={search_term_string}\"},\"query-input\":{\"@type\":\"PropertyValueSpecification\",\"valueRequired\":true,\"valueName\":\"search_term_string\"}}],\"inLanguage\":\"es\"},{\"@type\":\"Organization\",\"@id\":\"https:\/\/arquitecturadegalicia.eu\/blog\/#organization\",\"name\":\"Arquitectura de Galicia\",\"url\":\"https:\/\/arquitecturadegalicia.eu\/blog\/\",\"logo\":{\"@type\":\"ImageObject\",\"inLanguage\":\"es\",\"@id\":\"https:\/\/arquitecturadegalicia.eu\/blog\/#\/schema\/logo\/image\/\",\"url\":\"https:\/\/arquitecturadegalicia.eu\/blog\/wp-content\/uploads\/2017\/01\/arquitecturacurrents2.png\",\"contentUrl\":\"https:\/\/arquitecturadegalicia.eu\/blog\/wp-content\/uploads\/2017\/01\/arquitecturacurrents2.png\",\"width\":840,\"height\":640,\"caption\":\"Arquitectura de Galicia\"},\"image\":{\"@id\":\"https:\/\/arquitecturadegalicia.eu\/blog\/#\/schema\/logo\/image\/\"},\"sameAs\":[\"https:\/\/www.facebook.com\/ArquitecturadeGalicia\/\",\"https:\/\/x.com\/arquigaliciaeu\",\"https:\/\/www.instagram.com\/arquigaliciaeu\/\"]},{\"@type\":\"Person\",\"@id\":\"https:\/\/arquitecturadegalicia.eu\/blog\/#\/schema\/person\/a51297ea3eeddd32ccbd89a218e148f1\",\"name\":\"Iago Valverde\",\"image\":{\"@type\":\"ImageObject\",\"inLanguage\":\"es\",\"@id\":\"https:\/\/arquitecturadegalicia.eu\/blog\/#\/schema\/person\/image\/\",\"url\":\"https:\/\/secure.gravatar.com\/avatar\/eb8a9f2f10ff79db5c78989d92f1e8b2?s=96&d=mm&r=g\",\"contentUrl\":\"https:\/\/secure.gravatar.com\/avatar\/eb8a9f2f10ff79db5c78989d92f1e8b2?s=96&d=mm&r=g\",\"caption\":\"Iago Valverde\"},\"description\":\"Nigr\u00e1n | Edici\u00f3n de artigos e xeolocalizaci\u00f3n | Arquitecto en formaci\u00f3n na ETSAC e cursando PFC. Interesado en urbanismo, arquitectura, pol\u00edtica, e todo aquilo que \u00e9 complexo e vital\",\"url\":\"https:\/\/arquitecturadegalicia.eu\/blog\/author\/iago-valverde\/\"}]}<\/script>\n<!-- \/ Yoast SEO plugin. -->","yoast_head_json":{"title":"Vivendas na Praza de Compostela | AG","robots":{"index":"index","follow":"follow","max-snippet":"max-snippet:-1","max-image-preview":"max-image-preview:large","max-video-preview":"max-video-preview:-1"},"canonical":"http:\/\/arquitecturadegalicia.eu\/blog\/vivendas-na-praza-de-compostela\/","og_locale":"es_ES","og_type":"article","og_title":"Vivendas na Praza de Compostela | AG","og_description":"\"Concentrando la expresividad tanto en la fachada como en el escalonamiento de las plantas superiores. A partir de una escalera central cuyos muros perimetrales sirven de estructura junto con los muros medianeros, Bar B\u00f3o organiza unas ampl\u00edsimas viviendas que ocupan la totalidad de la planta\" Celestino Garc\u00eda Bra\u00f1a","og_url":"http:\/\/arquitecturadegalicia.eu\/blog\/vivendas-na-praza-de-compostela\/","og_site_name":"AG","article_publisher":"https:\/\/www.facebook.com\/ArquitecturadeGalicia\/","article_published_time":"2014-02-05T11:00:22+00:00","article_modified_time":"2014-01-19T09:59:15+00:00","og_image":[{"width":620,"height":702,"url":"http:\/\/arquitecturadegalicia.eu\/blog\/wp-content\/uploads\/2014\/01\/AG_vivendas_praza_compostela_xose_bar_boo_vigo_00.jpg","type":"image\/jpeg"}],"author":"Iago Valverde","twitter_card":"summary_large_image","twitter_creator":"@arquigaliciaeu","twitter_site":"@arquigaliciaeu","twitter_misc":{"Escrito por":"Iago Valverde","Tiempo de lectura":"2 minutos"},"schema":{"@context":"https:\/\/schema.org","@graph":[{"@type":"Article","@id":"http:\/\/arquitecturadegalicia.eu\/blog\/vivendas-na-praza-de-compostela\/#article","isPartOf":{"@id":"http:\/\/arquitecturadegalicia.eu\/blog\/vivendas-na-praza-de-compostela\/"},"author":{"name":"Iago Valverde","@id":"https:\/\/arquitecturadegalicia.eu\/blog\/#\/schema\/person\/a51297ea3eeddd32ccbd89a218e148f1"},"headline":"Vivendas na Praza de Compostela","datePublished":"2014-02-05T11:00:22+00:00","dateModified":"2014-01-19T09:59:15+00:00","mainEntityOfPage":{"@id":"http:\/\/arquitecturadegalicia.eu\/blog\/vivendas-na-praza-de-compostela\/"},"wordCount":307,"commentCount":0,"publisher":{"@id":"https:\/\/arquitecturadegalicia.eu\/blog\/#organization"},"image":{"@id":"http:\/\/arquitecturadegalicia.eu\/blog\/vivendas-na-praza-de-compostela\/#primaryimage"},"thumbnailUrl":"https:\/\/arquitecturadegalicia.eu\/blog\/wp-content\/uploads\/2014\/01\/AG_vivendas_praza_compostela_xose_bar_boo_vigo_00.jpg","keywords":["1963","colectiva","Vivenda","Xos\u00e9 Bar Boo"],"articleSection":["Vigo"],"inLanguage":"es","potentialAction":[{"@type":"CommentAction","name":"Comment","target":["http:\/\/arquitecturadegalicia.eu\/blog\/vivendas-na-praza-de-compostela\/#respond"]}]},{"@type":"WebPage","@id":"http:\/\/arquitecturadegalicia.eu\/blog\/vivendas-na-praza-de-compostela\/","url":"http:\/\/arquitecturadegalicia.eu\/blog\/vivendas-na-praza-de-compostela\/","name":"Vivendas na Praza de Compostela | AG","isPartOf":{"@id":"https:\/\/arquitecturadegalicia.eu\/blog\/#website"},"primaryImageOfPage":{"@id":"http:\/\/arquitecturadegalicia.eu\/blog\/vivendas-na-praza-de-compostela\/#primaryimage"},"image":{"@id":"http:\/\/arquitecturadegalicia.eu\/blog\/vivendas-na-praza-de-compostela\/#primaryimage"},"thumbnailUrl":"https:\/\/arquitecturadegalicia.eu\/blog\/wp-content\/uploads\/2014\/01\/AG_vivendas_praza_compostela_xose_bar_boo_vigo_00.jpg","datePublished":"2014-02-05T11:00:22+00:00","dateModified":"2014-01-19T09:59:15+00:00","breadcrumb":{"@id":"http:\/\/arquitecturadegalicia.eu\/blog\/vivendas-na-praza-de-compostela\/#breadcrumb"},"inLanguage":"es","potentialAction":[{"@type":"ReadAction","target":["http:\/\/arquitecturadegalicia.eu\/blog\/vivendas-na-praza-de-compostela\/"]}]},{"@type":"ImageObject","inLanguage":"es","@id":"http:\/\/arquitecturadegalicia.eu\/blog\/vivendas-na-praza-de-compostela\/#primaryimage","url":"https:\/\/arquitecturadegalicia.eu\/blog\/wp-content\/uploads\/2014\/01\/AG_vivendas_praza_compostela_xose_bar_boo_vigo_00.jpg","contentUrl":"https:\/\/arquitecturadegalicia.eu\/blog\/wp-content\/uploads\/2014\/01\/AG_vivendas_praza_compostela_xose_bar_boo_vigo_00.jpg","width":620,"height":702},{"@type":"BreadcrumbList","@id":"http:\/\/arquitecturadegalicia.eu\/blog\/vivendas-na-praza-de-compostela\/#breadcrumb","itemListElement":[{"@type":"ListItem","position":1,"name":"Portada","item":"https:\/\/arquitecturadegalicia.eu\/blog\/"},{"@type":"ListItem","position":2,"name":"Vivendas na Praza de Compostela"}]},{"@type":"WebSite","@id":"https:\/\/arquitecturadegalicia.eu\/blog\/#website","url":"https:\/\/arquitecturadegalicia.eu\/blog\/","name":"AG","description":"Arquitectura de Galicia","publisher":{"@id":"https:\/\/arquitecturadegalicia.eu\/blog\/#organization"},"potentialAction":[{"@type":"SearchAction","target":{"@type":"EntryPoint","urlTemplate":"https:\/\/arquitecturadegalicia.eu\/blog\/?s={search_term_string}"},"query-input":{"@type":"PropertyValueSpecification","valueRequired":true,"valueName":"search_term_string"}}],"inLanguage":"es"},{"@type":"Organization","@id":"https:\/\/arquitecturadegalicia.eu\/blog\/#organization","name":"Arquitectura de Galicia","url":"https:\/\/arquitecturadegalicia.eu\/blog\/","logo":{"@type":"ImageObject","inLanguage":"es","@id":"https:\/\/arquitecturadegalicia.eu\/blog\/#\/schema\/logo\/image\/","url":"https:\/\/arquitecturadegalicia.eu\/blog\/wp-content\/uploads\/2017\/01\/arquitecturacurrents2.png","contentUrl":"https:\/\/arquitecturadegalicia.eu\/blog\/wp-content\/uploads\/2017\/01\/arquitecturacurrents2.png","width":840,"height":640,"caption":"Arquitectura de Galicia"},"image":{"@id":"https:\/\/arquitecturadegalicia.eu\/blog\/#\/schema\/logo\/image\/"},"sameAs":["https:\/\/www.facebook.com\/ArquitecturadeGalicia\/","https:\/\/x.com\/arquigaliciaeu","https:\/\/www.instagram.com\/arquigaliciaeu\/"]},{"@type":"Person","@id":"https:\/\/arquitecturadegalicia.eu\/blog\/#\/schema\/person\/a51297ea3eeddd32ccbd89a218e148f1","name":"Iago Valverde","image":{"@type":"ImageObject","inLanguage":"es","@id":"https:\/\/arquitecturadegalicia.eu\/blog\/#\/schema\/person\/image\/","url":"https:\/\/secure.gravatar.com\/avatar\/eb8a9f2f10ff79db5c78989d92f1e8b2?s=96&d=mm&r=g","contentUrl":"https:\/\/secure.gravatar.com\/avatar\/eb8a9f2f10ff79db5c78989d92f1e8b2?s=96&d=mm&r=g","caption":"Iago Valverde"},"description":"Nigr\u00e1n | Edici\u00f3n de artigos e xeolocalizaci\u00f3n | Arquitecto en formaci\u00f3n na ETSAC e cursando PFC. Interesado en urbanismo, arquitectura, pol\u00edtica, e todo aquilo que \u00e9 complexo e vital","url":"https:\/\/arquitecturadegalicia.eu\/blog\/author\/iago-valverde\/"}]}},"jetpack_featured_media_url":"https:\/\/arquitecturadegalicia.eu\/blog\/wp-content\/uploads\/2014\/01\/AG_vivendas_praza_compostela_xose_bar_boo_vigo_00.jpg","jetpack_shortlink":"https:\/\/wp.me\/p2NHs2-2QP","jetpack_sharing_enabled":true,"_links":{"self":[{"href":"https:\/\/arquitecturadegalicia.eu\/blog\/wp-json\/wp\/v2\/posts\/10963","targetHints":{"allow":["GET"]}}],"collection":[{"href":"https:\/\/arquitecturadegalicia.eu\/blog\/wp-json\/wp\/v2\/posts"}],"about":[{"href":"https:\/\/arquitecturadegalicia.eu\/blog\/wp-json\/wp\/v2\/types\/post"}],"author":[{"embeddable":true,"href":"https:\/\/arquitecturadegalicia.eu\/blog\/wp-json\/wp\/v2\/users\/8"}],"replies":[{"embeddable":true,"href":"https:\/\/arquitecturadegalicia.eu\/blog\/wp-json\/wp\/v2\/comments?post=10963"}],"version-history":[{"count":8,"href":"https:\/\/arquitecturadegalicia.eu\/blog\/wp-json\/wp\/v2\/posts\/10963\/revisions"}],"predecessor-version":[{"id":10971,"href":"https:\/\/arquitecturadegalicia.eu\/blog\/wp-json\/wp\/v2\/posts\/10963\/revisions\/10971"}],"wp:featuredmedia":[{"embeddable":true,"href":"https:\/\/arquitecturadegalicia.eu\/blog\/wp-json\/wp\/v2\/media\/10965"}],"wp:attachment":[{"href":"https:\/\/arquitecturadegalicia.eu\/blog\/wp-json\/wp\/v2\/media?parent=10963"}],"wp:term":[{"taxonomy":"category","embeddable":true,"href":"https:\/\/arquitecturadegalicia.eu\/blog\/wp-json\/wp\/v2\/categories?post=10963"},{"taxonomy":"post_tag","embeddable":true,"href":"https:\/\/arquitecturadegalicia.eu\/blog\/wp-json\/wp\/v2\/tags?post=10963"},{"taxonomy":"ano","embeddable":true,"href":"https:\/\/arquitecturadegalicia.eu\/blog\/wp-json\/wp\/v2\/ano?post=10963"},{"taxonomy":"arquitectos","embeddable":true,"href":"https:\/\/arquitecturadegalicia.eu\/blog\/wp-json\/wp\/v2\/arquitectos?post=10963"},{"taxonomy":"tipoloxia","embeddable":true,"href":"https:\/\/arquitecturadegalicia.eu\/blog\/wp-json\/wp\/v2\/tipoloxia?post=10963"}],"curies":[{"name":"wp","href":"https:\/\/api.w.org\/{rel}","templated":true}]}}