{"id":10993,"date":"2014-02-10T12:00:33","date_gmt":"2014-02-10T11:00:33","guid":{"rendered":"http:\/\/arquitecturadegalicia.eu\/blog\/?p=10993"},"modified":"2014-01-19T11:01:17","modified_gmt":"2014-01-19T10:01:17","slug":"espazo-publico-e-edificios-dotacionais-en-lugo","status":"publish","type":"post","link":"https:\/\/arquitecturadegalicia.eu\/blog\/espazo-publico-e-edificios-dotacionais-en-lugo\/","title":{"rendered":"Espazo p\u00fablico e edificios dotacionais en Lugo"},"content":{"rendered":"<h6 style=\"text-align: right;\"><span style=\"color: #999999;\"><img fetchpriority=\"high\" decoding=\"async\" class=\"alignnone size-full wp-image-10997\" alt=\"AG_praza_dotacional_creus_carrasco_lugo_00\" src=\"http:\/\/arquitecturadegalicia.eu\/blog\/wp-content\/uploads\/2014\/01\/AG_praza_dotacional_creus_carrasco_lugo_00.jpg\" width=\"620\" height=\"420\" srcset=\"https:\/\/arquitecturadegalicia.eu\/blog\/wp-content\/uploads\/2014\/01\/AG_praza_dotacional_creus_carrasco_lugo_00.jpg 620w, https:\/\/arquitecturadegalicia.eu\/blog\/wp-content\/uploads\/2014\/01\/AG_praza_dotacional_creus_carrasco_lugo_00-300x203.jpg 300w\" sizes=\"(max-width: 620px) 100vw, 620px\" \/><br \/>\nCreuseCarrasco<\/span><\/h6>\n<table class=\"aligncenter\" width=\"620\" border=\"0\" cellspacing=\"0\" cellpadding=\"0\">\n<tbody>\n<tr>\n<td width=\"180\"><strong>Obra:<\/strong><\/td>\n<td>Espazo p\u00fablico e edificios dotacionais\u00a0en Lugo<\/td>\n<\/tr>\n<tr>\n<td><strong>Arquitecto:<\/strong><\/td>\n<td>CreuseCarrasco +\u00a0Coira L\u00f3pez e Linares Regueira<\/td>\n<\/tr>\n<tr>\n<td><strong>Provincia:<\/strong><\/td>\n<td>Lugo<\/td>\n<\/tr>\n<tr>\n<td><strong>Localidade:<\/strong><\/td>\n<td>Lugo<\/td>\n<\/tr>\n<tr>\n<td><strong>Ano:<\/strong><\/td>\n<td>1994 &#8211; 2000<\/td>\n<\/tr>\n<tr>\n<td><strong>Xeolocalizaci\u00f3n:<\/strong><\/td>\n<td><a href=\"https:\/\/maps.google.com\/maps\/ms?ie=UTF8&amp;hl=es&amp;oe=UTF8&amp;t=h&amp;vpsrc=6&amp;msa=0&amp;msid=205584753861089304839.0004b3590a9baff01c53d&amp;start=600&amp;num=200&amp;ll=43.017426,-7.570264&amp;spn=0.001803,0.002411&amp;z=19&amp;iwloc=0004eefe663d23ebb7ed5\" target=\"_blank\"><strong>43.017,-7.570<\/strong><\/a><\/td>\n<\/tr>\n<\/tbody>\n<\/table>\n<table class=\" aligncenter\" width=\"620\" border=\"0\" cellspacing=\"0\" cellpadding=\"0\">\n<tbody>\n<tr>\n<td colspan=\"3\"><strong>Outros Datos:<\/strong><\/td>\n<\/tr>\n<tr>\n<td width=\"20\"><\/td>\n<td colspan=\"2\"><strong>Premios:<\/strong><\/td>\n<\/tr>\n<tr>\n<td width=\"20\"><\/td>\n<td width=\"20\"><\/td>\n<td width=\"580\">Premio. Espazos p\u00fablicos |\u00a0IX Premios COAG | 2000<\/td>\n<\/tr>\n<tr>\n<td width=\"20\"><\/td>\n<td colspan=\"2\"><strong>Publicaci\u00f3ns:<\/strong><\/td>\n<\/tr>\n<tr>\n<td width=\"20\"><\/td>\n<td width=\"20\"><\/td>\n<td>Obradoiro N\u00ba 29 | COAG 2000<br \/>\nArtistas gallegos. Arquitectos. Cara ao novo milenio | Nova Galicia Edici\u00f3ns, 2005<\/td>\n<\/tr>\n<tr>\n<td width=\"20\"><\/td>\n<td colspan=\"2\"><strong>Informaci\u00f3n na rede:<\/strong><\/td>\n<\/tr>\n<tr>\n<td width=\"20\"><\/td>\n<td width=\"20\"><\/td>\n<td><a href=\"http:\/\/www.creusecarrasco.es\/\" target=\"_blank\"><strong>creusecarrasco.es<\/strong><\/a><\/td>\n<\/tr>\n<tr>\n<td width=\"20\"><a href=\"http:\/\/www.revistaaproin.com\/hemeroteca_78\/premio_nexoted.php\" target=\"_blank\">\u00a0<\/a><\/td>\n<td colspan=\"2\"><strong>Descripci\u00f3n do proxecto:<\/strong><\/td>\n<\/tr>\n<tr>\n<td width=\"20\"><\/td>\n<td width=\"20\"><\/td>\n<td style=\"text-align: justify;\">\u00abEl proyecto se localiza en un \u00e1rea l\u00edmite de la ciudad, con una gran presencia de substrato rural, sobre la que se ha asentado la poblaci\u00f3n a medida que se han ido construyendo viviendas de protecci\u00f3n oficial.<\/p>\n<div>El terreno, muy degradado, sin capa vegetal debido a la acumulaci\u00f3n de escombro y movimientos de tierra, presentaba como \u00fanicos elementos de inter\u00e9s algunos casta\u00f1os y un manantial muy frecuentado por los vecinos.<br \/>\nSe interviene mediante una urbanizaci\u00f3n general, que resuelve los l\u00edmites y problemas del entorno planteando el soporte b\u00e1sico del espacio p\u00fablico, y mediante peque\u00f1as actuaciones que proponen nuevos usos complementarios en elementos edificados. De esta manera el espacio se complejiza y sirve de reclamo de los diferentes grupos sociales. La idea principal del proyecto es la de un recinto exterior con espacios interiores construidos, todos ellos con car\u00e1cter p\u00fablico y con diferentes posibilidades de uso.<\/div>\n<div>Los l\u00edmites se construyen como filtros entre el viario y la plaza, o tambi\u00e9n como puntos de vista sobre ella.<\/div>\n<div>Una cubierta continua se apoya en cubos de hormig\u00f3n de diferente uso: descanso, quiosco o almac\u00e9n de jardineros.<\/div>\n<div>Una nueva fuente para el manantial situada entre la plaza y la zona verde; bancos-alcorque para tulipaneros que se repiten siguiendo las juntas del pavimento y una escalera-grada que resuelve el encuentro entre el espacio central y la nueva calle.<\/div>\n<div>La forma del elemento edificado principal responde a las actividades que puede albergar tanto su piel como su interior. Se ofrece como plataforma elevada a la plaza (escenario) y en su interior alberga una sala de exposiciones y conferencias. La fachada es un fondo de escena, pantalla de proyecci\u00f3n y luminaria. Sus grietas son l\u00e1mparas de luz, natural y artificial. Las diferentes entradas y las distintas posibilidades de recorrer y compartimentar el edificio est\u00e1n relacionadas con su flexibilidad de\u00a0uso.<br \/>\nEntre los bancos-alcorque se ha construido una peque\u00f1a cafeter\u00eda, cuya transparencia est\u00e1 en funci\u00f3n de los espacios a los que sirve: la calle y la plaza. Es un recinto p\u00fablico dentro y en el l\u00edmite de otros.\u00bb<br \/>\nCreuseCarrasco<\/div>\n<\/td>\n<\/tr>\n<tr>\n<td width=\"20\"><\/td>\n<td colspan=\"2\"><b><b><b>Reportaxe fotogr\u00e1fica<\/b>: <\/b><\/b><a href=\"http:\/\/arquitecturadegalicia.eu\/blog\/?author=##\" target=\"_blank\"><br \/>\n<\/a><\/td>\n<\/tr>\n<tr>\n<td width=\"20\"><\/td>\n<td colspan=\"2\"><\/td>\n<\/tr>\n<tr>\n<td width=\"20\"><\/td>\n<td colspan=\"2\"><strong>Planos:<\/strong><\/td>\n<\/tr>\n<tr>\n<td width=\"20\"><\/td>\n<td colspan=\"2\">[nggallery id=437]<\/td>\n<\/tr>\n<\/tbody>\n<\/table>\n","protected":false},"excerpt":{"rendered":"<p>\u00abUna urbanizaci\u00f3n general, que resuelve los l\u00edmites y problemas del entorno planteando el soporte b\u00e1sico del espacio p\u00fablico, y mediante peque\u00f1as actuaciones que proponen nuevos usos complementarios en elementos edificados\u00bb<br \/>\nCreuseCarrasco<\/p>\n","protected":false},"author":8,"featured_media":10997,"comment_status":"open","ping_status":"open","sticky":false,"template":"","format":"standard","meta":{"jetpack_post_was_ever_published":false,"_jetpack_newsletter_access":"","_jetpack_dont_email_post_to_subs":false,"_jetpack_newsletter_tier_id":0,"_jetpack_memberships_contains_paywalled_content":false,"_jetpack_memberships_contains_paid_content":false,"footnotes":"","jetpack_publicize_message":"","jetpack_publicize_feature_enabled":true,"jetpack_social_post_already_shared":true,"jetpack_social_options":{"image_generator_settings":{"template":"highway","enabled":false},"version":2}},"categories":[10],"tags":[46,61,78],"ano":[],"arquitectos":[],"tipoloxia":[],"class_list":["post-10993","post","type-post","status-publish","format-standard","has-post-thumbnail","hentry","category-lugo-lugo","tag-46","tag-actuacion-urbana","tag-creusecarrasco","content-print"],"jetpack_publicize_connections":[],"yoast_head":"<!-- This site is optimized with the Yoast SEO plugin v24.1 - https:\/\/yoast.com\/wordpress\/plugins\/seo\/ -->\n<title>Espazo p\u00fablico e edificios dotacionais en Lugo | AG<\/title>\n<meta name=\"robots\" content=\"index, follow, max-snippet:-1, max-image-preview:large, max-video-preview:-1\" \/>\n<link rel=\"canonical\" href=\"https:\/\/arquitecturadegalicia.eu\/blog\/espazo-publico-e-edificios-dotacionais-en-lugo\/\" \/>\n<meta property=\"og:locale\" content=\"es_ES\" \/>\n<meta property=\"og:type\" content=\"article\" \/>\n<meta property=\"og:title\" content=\"Espazo p\u00fablico e edificios dotacionais en Lugo | AG\" \/>\n<meta property=\"og:description\" content=\"&quot;Una urbanizaci\u00f3n general, que resuelve los l\u00edmites y problemas del entorno planteando el soporte b\u00e1sico del espacio p\u00fablico, y mediante peque\u00f1as actuaciones que proponen nuevos usos complementarios en elementos edificados&quot;  CreuseCarrasco\" \/>\n<meta property=\"og:url\" content=\"https:\/\/arquitecturadegalicia.eu\/blog\/espazo-publico-e-edificios-dotacionais-en-lugo\/\" \/>\n<meta property=\"og:site_name\" content=\"AG\" \/>\n<meta property=\"article:publisher\" content=\"https:\/\/www.facebook.com\/ArquitecturadeGalicia\/\" \/>\n<meta property=\"article:published_time\" content=\"2014-02-10T11:00:33+00:00\" \/>\n<meta property=\"article:modified_time\" content=\"2014-01-19T10:01:17+00:00\" \/>\n<meta property=\"og:image\" content=\"https:\/\/arquitecturadegalicia.eu\/blog\/wp-content\/uploads\/2014\/01\/AG_praza_dotacional_creus_carrasco_lugo_00.jpg\" \/>\n\t<meta property=\"og:image:width\" content=\"620\" \/>\n\t<meta property=\"og:image:height\" content=\"420\" \/>\n\t<meta property=\"og:image:type\" content=\"image\/jpeg\" \/>\n<meta name=\"author\" content=\"Iago Valverde\" \/>\n<meta name=\"twitter:card\" content=\"summary_large_image\" \/>\n<meta name=\"twitter:creator\" content=\"@arquigaliciaeu\" \/>\n<meta name=\"twitter:site\" content=\"@arquigaliciaeu\" \/>\n<meta name=\"twitter:label1\" content=\"Escrito por\" \/>\n\t<meta name=\"twitter:data1\" content=\"Iago Valverde\" \/>\n\t<meta name=\"twitter:label2\" content=\"Tiempo de lectura\" \/>\n\t<meta name=\"twitter:data2\" content=\"2 minutos\" \/>\n<script type=\"application\/ld+json\" class=\"yoast-schema-graph\">{\"@context\":\"https:\/\/schema.org\",\"@graph\":[{\"@type\":\"Article\",\"@id\":\"https:\/\/arquitecturadegalicia.eu\/blog\/espazo-publico-e-edificios-dotacionais-en-lugo\/#article\",\"isPartOf\":{\"@id\":\"https:\/\/arquitecturadegalicia.eu\/blog\/espazo-publico-e-edificios-dotacionais-en-lugo\/\"},\"author\":{\"name\":\"Iago Valverde\",\"@id\":\"https:\/\/arquitecturadegalicia.eu\/blog\/#\/schema\/person\/a51297ea3eeddd32ccbd89a218e148f1\"},\"headline\":\"Espazo p\u00fablico e edificios dotacionais en Lugo\",\"datePublished\":\"2014-02-10T11:00:33+00:00\",\"dateModified\":\"2014-01-19T10:01:17+00:00\",\"mainEntityOfPage\":{\"@id\":\"https:\/\/arquitecturadegalicia.eu\/blog\/espazo-publico-e-edificios-dotacionais-en-lugo\/\"},\"wordCount\":443,\"commentCount\":0,\"publisher\":{\"@id\":\"https:\/\/arquitecturadegalicia.eu\/blog\/#organization\"},\"image\":{\"@id\":\"https:\/\/arquitecturadegalicia.eu\/blog\/espazo-publico-e-edificios-dotacionais-en-lugo\/#primaryimage\"},\"thumbnailUrl\":\"https:\/\/arquitecturadegalicia.eu\/blog\/wp-content\/uploads\/2014\/01\/AG_praza_dotacional_creus_carrasco_lugo_00.jpg\",\"keywords\":[\"2000\",\"actuaci\u00f3n urbana\",\"CreuseCarrasco\"],\"articleSection\":[\"Lugo\"],\"inLanguage\":\"es\",\"potentialAction\":[{\"@type\":\"CommentAction\",\"name\":\"Comment\",\"target\":[\"https:\/\/arquitecturadegalicia.eu\/blog\/espazo-publico-e-edificios-dotacionais-en-lugo\/#respond\"]}]},{\"@type\":\"WebPage\",\"@id\":\"https:\/\/arquitecturadegalicia.eu\/blog\/espazo-publico-e-edificios-dotacionais-en-lugo\/\",\"url\":\"https:\/\/arquitecturadegalicia.eu\/blog\/espazo-publico-e-edificios-dotacionais-en-lugo\/\",\"name\":\"Espazo p\u00fablico e edificios dotacionais en Lugo | AG\",\"isPartOf\":{\"@id\":\"https:\/\/arquitecturadegalicia.eu\/blog\/#website\"},\"primaryImageOfPage\":{\"@id\":\"https:\/\/arquitecturadegalicia.eu\/blog\/espazo-publico-e-edificios-dotacionais-en-lugo\/#primaryimage\"},\"image\":{\"@id\":\"https:\/\/arquitecturadegalicia.eu\/blog\/espazo-publico-e-edificios-dotacionais-en-lugo\/#primaryimage\"},\"thumbnailUrl\":\"https:\/\/arquitecturadegalicia.eu\/blog\/wp-content\/uploads\/2014\/01\/AG_praza_dotacional_creus_carrasco_lugo_00.jpg\",\"datePublished\":\"2014-02-10T11:00:33+00:00\",\"dateModified\":\"2014-01-19T10:01:17+00:00\",\"breadcrumb\":{\"@id\":\"https:\/\/arquitecturadegalicia.eu\/blog\/espazo-publico-e-edificios-dotacionais-en-lugo\/#breadcrumb\"},\"inLanguage\":\"es\",\"potentialAction\":[{\"@type\":\"ReadAction\",\"target\":[\"https:\/\/arquitecturadegalicia.eu\/blog\/espazo-publico-e-edificios-dotacionais-en-lugo\/\"]}]},{\"@type\":\"ImageObject\",\"inLanguage\":\"es\",\"@id\":\"https:\/\/arquitecturadegalicia.eu\/blog\/espazo-publico-e-edificios-dotacionais-en-lugo\/#primaryimage\",\"url\":\"https:\/\/arquitecturadegalicia.eu\/blog\/wp-content\/uploads\/2014\/01\/AG_praza_dotacional_creus_carrasco_lugo_00.jpg\",\"contentUrl\":\"https:\/\/arquitecturadegalicia.eu\/blog\/wp-content\/uploads\/2014\/01\/AG_praza_dotacional_creus_carrasco_lugo_00.jpg\",\"width\":620,\"height\":420},{\"@type\":\"BreadcrumbList\",\"@id\":\"https:\/\/arquitecturadegalicia.eu\/blog\/espazo-publico-e-edificios-dotacionais-en-lugo\/#breadcrumb\",\"itemListElement\":[{\"@type\":\"ListItem\",\"position\":1,\"name\":\"Portada\",\"item\":\"https:\/\/arquitecturadegalicia.eu\/blog\/\"},{\"@type\":\"ListItem\",\"position\":2,\"name\":\"Espazo p\u00fablico e edificios dotacionais en Lugo\"}]},{\"@type\":\"WebSite\",\"@id\":\"https:\/\/arquitecturadegalicia.eu\/blog\/#website\",\"url\":\"https:\/\/arquitecturadegalicia.eu\/blog\/\",\"name\":\"AG\",\"description\":\"Arquitectura de Galicia\",\"publisher\":{\"@id\":\"https:\/\/arquitecturadegalicia.eu\/blog\/#organization\"},\"potentialAction\":[{\"@type\":\"SearchAction\",\"target\":{\"@type\":\"EntryPoint\",\"urlTemplate\":\"https:\/\/arquitecturadegalicia.eu\/blog\/?s={search_term_string}\"},\"query-input\":{\"@type\":\"PropertyValueSpecification\",\"valueRequired\":true,\"valueName\":\"search_term_string\"}}],\"inLanguage\":\"es\"},{\"@type\":\"Organization\",\"@id\":\"https:\/\/arquitecturadegalicia.eu\/blog\/#organization\",\"name\":\"Arquitectura de Galicia\",\"url\":\"https:\/\/arquitecturadegalicia.eu\/blog\/\",\"logo\":{\"@type\":\"ImageObject\",\"inLanguage\":\"es\",\"@id\":\"https:\/\/arquitecturadegalicia.eu\/blog\/#\/schema\/logo\/image\/\",\"url\":\"https:\/\/arquitecturadegalicia.eu\/blog\/wp-content\/uploads\/2017\/01\/arquitecturacurrents2.png\",\"contentUrl\":\"https:\/\/arquitecturadegalicia.eu\/blog\/wp-content\/uploads\/2017\/01\/arquitecturacurrents2.png\",\"width\":840,\"height\":640,\"caption\":\"Arquitectura de Galicia\"},\"image\":{\"@id\":\"https:\/\/arquitecturadegalicia.eu\/blog\/#\/schema\/logo\/image\/\"},\"sameAs\":[\"https:\/\/www.facebook.com\/ArquitecturadeGalicia\/\",\"https:\/\/x.com\/arquigaliciaeu\",\"https:\/\/www.instagram.com\/arquigaliciaeu\/\"]},{\"@type\":\"Person\",\"@id\":\"https:\/\/arquitecturadegalicia.eu\/blog\/#\/schema\/person\/a51297ea3eeddd32ccbd89a218e148f1\",\"name\":\"Iago Valverde\",\"image\":{\"@type\":\"ImageObject\",\"inLanguage\":\"es\",\"@id\":\"https:\/\/arquitecturadegalicia.eu\/blog\/#\/schema\/person\/image\/\",\"url\":\"https:\/\/secure.gravatar.com\/avatar\/eb8a9f2f10ff79db5c78989d92f1e8b2?s=96&d=mm&r=g\",\"contentUrl\":\"https:\/\/secure.gravatar.com\/avatar\/eb8a9f2f10ff79db5c78989d92f1e8b2?s=96&d=mm&r=g\",\"caption\":\"Iago Valverde\"},\"description\":\"Nigr\u00e1n | Edici\u00f3n de artigos e xeolocalizaci\u00f3n | Arquitecto en formaci\u00f3n na ETSAC e cursando PFC. Interesado en urbanismo, arquitectura, pol\u00edtica, e todo aquilo que \u00e9 complexo e vital\",\"url\":\"https:\/\/arquitecturadegalicia.eu\/blog\/author\/iago-valverde\/\"}]}<\/script>\n<!-- \/ Yoast SEO plugin. -->","yoast_head_json":{"title":"Espazo p\u00fablico e edificios dotacionais en Lugo | AG","robots":{"index":"index","follow":"follow","max-snippet":"max-snippet:-1","max-image-preview":"max-image-preview:large","max-video-preview":"max-video-preview:-1"},"canonical":"https:\/\/arquitecturadegalicia.eu\/blog\/espazo-publico-e-edificios-dotacionais-en-lugo\/","og_locale":"es_ES","og_type":"article","og_title":"Espazo p\u00fablico e edificios dotacionais en Lugo | AG","og_description":"\"Una urbanizaci\u00f3n general, que resuelve los l\u00edmites y problemas del entorno planteando el soporte b\u00e1sico del espacio p\u00fablico, y mediante peque\u00f1as actuaciones que proponen nuevos usos complementarios en elementos edificados\"  CreuseCarrasco","og_url":"https:\/\/arquitecturadegalicia.eu\/blog\/espazo-publico-e-edificios-dotacionais-en-lugo\/","og_site_name":"AG","article_publisher":"https:\/\/www.facebook.com\/ArquitecturadeGalicia\/","article_published_time":"2014-02-10T11:00:33+00:00","article_modified_time":"2014-01-19T10:01:17+00:00","og_image":[{"width":620,"height":420,"url":"https:\/\/arquitecturadegalicia.eu\/blog\/wp-content\/uploads\/2014\/01\/AG_praza_dotacional_creus_carrasco_lugo_00.jpg","type":"image\/jpeg"}],"author":"Iago Valverde","twitter_card":"summary_large_image","twitter_creator":"@arquigaliciaeu","twitter_site":"@arquigaliciaeu","twitter_misc":{"Escrito por":"Iago Valverde","Tiempo de lectura":"2 minutos"},"schema":{"@context":"https:\/\/schema.org","@graph":[{"@type":"Article","@id":"https:\/\/arquitecturadegalicia.eu\/blog\/espazo-publico-e-edificios-dotacionais-en-lugo\/#article","isPartOf":{"@id":"https:\/\/arquitecturadegalicia.eu\/blog\/espazo-publico-e-edificios-dotacionais-en-lugo\/"},"author":{"name":"Iago Valverde","@id":"https:\/\/arquitecturadegalicia.eu\/blog\/#\/schema\/person\/a51297ea3eeddd32ccbd89a218e148f1"},"headline":"Espazo p\u00fablico e edificios dotacionais en Lugo","datePublished":"2014-02-10T11:00:33+00:00","dateModified":"2014-01-19T10:01:17+00:00","mainEntityOfPage":{"@id":"https:\/\/arquitecturadegalicia.eu\/blog\/espazo-publico-e-edificios-dotacionais-en-lugo\/"},"wordCount":443,"commentCount":0,"publisher":{"@id":"https:\/\/arquitecturadegalicia.eu\/blog\/#organization"},"image":{"@id":"https:\/\/arquitecturadegalicia.eu\/blog\/espazo-publico-e-edificios-dotacionais-en-lugo\/#primaryimage"},"thumbnailUrl":"https:\/\/arquitecturadegalicia.eu\/blog\/wp-content\/uploads\/2014\/01\/AG_praza_dotacional_creus_carrasco_lugo_00.jpg","keywords":["2000","actuaci\u00f3n urbana","CreuseCarrasco"],"articleSection":["Lugo"],"inLanguage":"es","potentialAction":[{"@type":"CommentAction","name":"Comment","target":["https:\/\/arquitecturadegalicia.eu\/blog\/espazo-publico-e-edificios-dotacionais-en-lugo\/#respond"]}]},{"@type":"WebPage","@id":"https:\/\/arquitecturadegalicia.eu\/blog\/espazo-publico-e-edificios-dotacionais-en-lugo\/","url":"https:\/\/arquitecturadegalicia.eu\/blog\/espazo-publico-e-edificios-dotacionais-en-lugo\/","name":"Espazo p\u00fablico e edificios dotacionais en Lugo | AG","isPartOf":{"@id":"https:\/\/arquitecturadegalicia.eu\/blog\/#website"},"primaryImageOfPage":{"@id":"https:\/\/arquitecturadegalicia.eu\/blog\/espazo-publico-e-edificios-dotacionais-en-lugo\/#primaryimage"},"image":{"@id":"https:\/\/arquitecturadegalicia.eu\/blog\/espazo-publico-e-edificios-dotacionais-en-lugo\/#primaryimage"},"thumbnailUrl":"https:\/\/arquitecturadegalicia.eu\/blog\/wp-content\/uploads\/2014\/01\/AG_praza_dotacional_creus_carrasco_lugo_00.jpg","datePublished":"2014-02-10T11:00:33+00:00","dateModified":"2014-01-19T10:01:17+00:00","breadcrumb":{"@id":"https:\/\/arquitecturadegalicia.eu\/blog\/espazo-publico-e-edificios-dotacionais-en-lugo\/#breadcrumb"},"inLanguage":"es","potentialAction":[{"@type":"ReadAction","target":["https:\/\/arquitecturadegalicia.eu\/blog\/espazo-publico-e-edificios-dotacionais-en-lugo\/"]}]},{"@type":"ImageObject","inLanguage":"es","@id":"https:\/\/arquitecturadegalicia.eu\/blog\/espazo-publico-e-edificios-dotacionais-en-lugo\/#primaryimage","url":"https:\/\/arquitecturadegalicia.eu\/blog\/wp-content\/uploads\/2014\/01\/AG_praza_dotacional_creus_carrasco_lugo_00.jpg","contentUrl":"https:\/\/arquitecturadegalicia.eu\/blog\/wp-content\/uploads\/2014\/01\/AG_praza_dotacional_creus_carrasco_lugo_00.jpg","width":620,"height":420},{"@type":"BreadcrumbList","@id":"https:\/\/arquitecturadegalicia.eu\/blog\/espazo-publico-e-edificios-dotacionais-en-lugo\/#breadcrumb","itemListElement":[{"@type":"ListItem","position":1,"name":"Portada","item":"https:\/\/arquitecturadegalicia.eu\/blog\/"},{"@type":"ListItem","position":2,"name":"Espazo p\u00fablico e edificios dotacionais en Lugo"}]},{"@type":"WebSite","@id":"https:\/\/arquitecturadegalicia.eu\/blog\/#website","url":"https:\/\/arquitecturadegalicia.eu\/blog\/","name":"AG","description":"Arquitectura de Galicia","publisher":{"@id":"https:\/\/arquitecturadegalicia.eu\/blog\/#organization"},"potentialAction":[{"@type":"SearchAction","target":{"@type":"EntryPoint","urlTemplate":"https:\/\/arquitecturadegalicia.eu\/blog\/?s={search_term_string}"},"query-input":{"@type":"PropertyValueSpecification","valueRequired":true,"valueName":"search_term_string"}}],"inLanguage":"es"},{"@type":"Organization","@id":"https:\/\/arquitecturadegalicia.eu\/blog\/#organization","name":"Arquitectura de Galicia","url":"https:\/\/arquitecturadegalicia.eu\/blog\/","logo":{"@type":"ImageObject","inLanguage":"es","@id":"https:\/\/arquitecturadegalicia.eu\/blog\/#\/schema\/logo\/image\/","url":"https:\/\/arquitecturadegalicia.eu\/blog\/wp-content\/uploads\/2017\/01\/arquitecturacurrents2.png","contentUrl":"https:\/\/arquitecturadegalicia.eu\/blog\/wp-content\/uploads\/2017\/01\/arquitecturacurrents2.png","width":840,"height":640,"caption":"Arquitectura de Galicia"},"image":{"@id":"https:\/\/arquitecturadegalicia.eu\/blog\/#\/schema\/logo\/image\/"},"sameAs":["https:\/\/www.facebook.com\/ArquitecturadeGalicia\/","https:\/\/x.com\/arquigaliciaeu","https:\/\/www.instagram.com\/arquigaliciaeu\/"]},{"@type":"Person","@id":"https:\/\/arquitecturadegalicia.eu\/blog\/#\/schema\/person\/a51297ea3eeddd32ccbd89a218e148f1","name":"Iago Valverde","image":{"@type":"ImageObject","inLanguage":"es","@id":"https:\/\/arquitecturadegalicia.eu\/blog\/#\/schema\/person\/image\/","url":"https:\/\/secure.gravatar.com\/avatar\/eb8a9f2f10ff79db5c78989d92f1e8b2?s=96&d=mm&r=g","contentUrl":"https:\/\/secure.gravatar.com\/avatar\/eb8a9f2f10ff79db5c78989d92f1e8b2?s=96&d=mm&r=g","caption":"Iago Valverde"},"description":"Nigr\u00e1n | Edici\u00f3n de artigos e xeolocalizaci\u00f3n | Arquitecto en formaci\u00f3n na ETSAC e cursando PFC. Interesado en urbanismo, arquitectura, pol\u00edtica, e todo aquilo que \u00e9 complexo e vital","url":"https:\/\/arquitecturadegalicia.eu\/blog\/author\/iago-valverde\/"}]}},"jetpack_featured_media_url":"https:\/\/arquitecturadegalicia.eu\/blog\/wp-content\/uploads\/2014\/01\/AG_praza_dotacional_creus_carrasco_lugo_00.jpg","jetpack_shortlink":"https:\/\/wp.me\/p2NHs2-2Rj","jetpack_sharing_enabled":true,"_links":{"self":[{"href":"https:\/\/arquitecturadegalicia.eu\/blog\/wp-json\/wp\/v2\/posts\/10993","targetHints":{"allow":["GET"]}}],"collection":[{"href":"https:\/\/arquitecturadegalicia.eu\/blog\/wp-json\/wp\/v2\/posts"}],"about":[{"href":"https:\/\/arquitecturadegalicia.eu\/blog\/wp-json\/wp\/v2\/types\/post"}],"author":[{"embeddable":true,"href":"https:\/\/arquitecturadegalicia.eu\/blog\/wp-json\/wp\/v2\/users\/8"}],"replies":[{"embeddable":true,"href":"https:\/\/arquitecturadegalicia.eu\/blog\/wp-json\/wp\/v2\/comments?post=10993"}],"version-history":[{"count":10,"href":"https:\/\/arquitecturadegalicia.eu\/blog\/wp-json\/wp\/v2\/posts\/10993\/revisions"}],"predecessor-version":[{"id":11319,"href":"https:\/\/arquitecturadegalicia.eu\/blog\/wp-json\/wp\/v2\/posts\/10993\/revisions\/11319"}],"wp:featuredmedia":[{"embeddable":true,"href":"https:\/\/arquitecturadegalicia.eu\/blog\/wp-json\/wp\/v2\/media\/10997"}],"wp:attachment":[{"href":"https:\/\/arquitecturadegalicia.eu\/blog\/wp-json\/wp\/v2\/media?parent=10993"}],"wp:term":[{"taxonomy":"category","embeddable":true,"href":"https:\/\/arquitecturadegalicia.eu\/blog\/wp-json\/wp\/v2\/categories?post=10993"},{"taxonomy":"post_tag","embeddable":true,"href":"https:\/\/arquitecturadegalicia.eu\/blog\/wp-json\/wp\/v2\/tags?post=10993"},{"taxonomy":"ano","embeddable":true,"href":"https:\/\/arquitecturadegalicia.eu\/blog\/wp-json\/wp\/v2\/ano?post=10993"},{"taxonomy":"arquitectos","embeddable":true,"href":"https:\/\/arquitecturadegalicia.eu\/blog\/wp-json\/wp\/v2\/arquitectos?post=10993"},{"taxonomy":"tipoloxia","embeddable":true,"href":"https:\/\/arquitecturadegalicia.eu\/blog\/wp-json\/wp\/v2\/tipoloxia?post=10993"}],"curies":[{"name":"wp","href":"https:\/\/api.w.org\/{rel}","templated":true}]}}