{"id":13377,"date":"2015-03-09T12:00:09","date_gmt":"2015-03-09T11:00:09","guid":{"rendered":"http:\/\/arquitecturadegalicia.eu\/blog\/?p=13377"},"modified":"2015-03-14T21:02:52","modified_gmt":"2015-03-14T20:02:52","slug":"centro-social-e-de-lecer-biosaludable","status":"publish","type":"post","link":"https:\/\/arquitecturadegalicia.eu\/blog\/centro-social-e-de-lecer-biosaludable\/","title":{"rendered":"Centro Social e de lecer Biosaludable en Oleiros"},"content":{"rendered":"<h6 style=\"text-align: right;\"><span style=\"color: #999999;\"><strong><a style=\"color: #999999;\" href=\"http:\/\/www.santos-diez.com\/\" target=\"_blank\"><img fetchpriority=\"high\" decoding=\"async\" class=\"alignnone size-full wp-image-13387\" src=\"http:\/\/arquitecturadegalicia.eu\/blog\/wp-content\/uploads\/2015\/03\/AG_centro_social_oleiros_ribeira_carlos_seoane_00.jpg\" alt=\"AG_centro_social_oleiros_ribeira_carlos_seoane_00\" width=\"620\" height=\"620\" srcset=\"https:\/\/arquitecturadegalicia.eu\/blog\/wp-content\/uploads\/2015\/03\/AG_centro_social_oleiros_ribeira_carlos_seoane_00.jpg 620w, https:\/\/arquitecturadegalicia.eu\/blog\/wp-content\/uploads\/2015\/03\/AG_centro_social_oleiros_ribeira_carlos_seoane_00-110x110.jpg 110w\" sizes=\"(max-width: 620px) 100vw, 620px\" \/><\/a><\/strong><\/span><\/h6>\n<h6 style=\"text-align: right;\"><span style=\"color: #808080;\"><strong><a style=\"color: #808080;\" href=\"http:\/\/www.santos-diez.com\/\" target=\"_blank\">Santos-D\u00edez<\/a>\u00a0|\u00a0<a style=\"color: #808080;\" href=\"http:\/\/www.bisimages.com\/\" target=\"_blank\">BISimages<\/a><\/strong><\/span><\/h6>\n<table class=\"aligncenter\" border=\"0\" width=\"620\" cellspacing=\"0\" cellpadding=\"0\">\n<tbody>\n<tr>\n<td width=\"180\"><strong>Obra:<\/strong><\/td>\n<td style=\"text-align: left;\">Centro Social e de lecer Biosaludable\u00a0en Oleiros<\/td>\n<\/tr>\n<tr>\n<td><strong>Arquitecto:<\/strong><\/td>\n<td>Carlos Seoane<\/td>\n<\/tr>\n<tr>\n<td><strong>Provincia:<\/strong><\/td>\n<td>A Coru\u00f1a<\/td>\n<\/tr>\n<tr>\n<td><strong>Localidade:<\/strong><\/td>\n<td>Oleiros, <span id=\"TabContainerDatosProxecto_TabPanelDatosProxecto_LabelDatosProxectoPromotor\">Ribeira<\/span><\/td>\n<\/tr>\n<tr>\n<td><strong>Ano:<\/strong><\/td>\n<td>2013 &#8211; 2014<\/td>\n<\/tr>\n<tr>\n<td><strong>Xeolocalizaci\u00f3n:<\/strong><\/td>\n<td><a href=\"https:\/\/www.google.com\/fusiontables\/embedviz?q=select+col6+from+1SDgapi_D5DlY376iYYP9rfBhe0o6WliHne9w0EmJ&amp;viz=MAP&amp;h=false&amp;lat=42.60338312955581&amp;lng=-9.006311350069494&amp;t=3&amp;z=17&amp;l=col6&amp;y=2&amp;tmplt=2&amp;hml=KML\" target=\"_blank\"><strong>42.603429, -9.006216<\/strong><\/a><\/td>\n<\/tr>\n<\/tbody>\n<\/table>\n<table class=\" aligncenter\" border=\"0\" width=\"620\" cellspacing=\"0\" cellpadding=\"0\">\n<tbody>\n<tr>\n<td colspan=\"3\"><strong>Outros Datos:<\/strong><\/td>\n<\/tr>\n<tr>\n<td width=\"20\"><\/td>\n<td colspan=\"2\"><strong>Premios:<\/strong><\/td>\n<\/tr>\n<tr>\n<td width=\"20\"><\/td>\n<td width=\"20\"><\/td>\n<td width=\"580\">Ga\u00f1ador| Premios COAG | 2015<br \/>\nSeleccionado | Premios FAD | 2015<\/td>\n<\/tr>\n<tr>\n<td width=\"20\"><\/td>\n<td colspan=\"2\"><strong>Publicaci\u00f3ns:<\/strong><\/td>\n<\/tr>\n<tr>\n<td width=\"20\"><\/td>\n<td width=\"20\"><\/td>\n<td><\/td>\n<\/tr>\n<tr>\n<td width=\"20\"><\/td>\n<td colspan=\"2\"><strong>Informaci\u00f3n na rede:<\/strong><\/td>\n<\/tr>\n<tr>\n<td width=\"20\"><\/td>\n<td width=\"20\"><\/td>\n<td><a href=\"http:\/\/www.cseoane.com\/\" target=\"_blank\"><strong><strong>cseoane.com<\/strong><\/strong><\/a><a href=\"http:\/\/www.coag.es\/premiosCOAG\/candidaturas\/portada.aspx\" target=\"_blank\"><strong><br \/>\ncoag.es<\/strong><\/a><br \/>\n<a href=\"http:\/\/galicianorteacoruna.es\/?p=5421\" target=\"_blank\"><strong>galicianorteacoruna.es<\/strong><\/a><\/td>\n<\/tr>\n<tr>\n<td width=\"20\"><\/td>\n<td colspan=\"2\"><strong>Descripci\u00f3n do proxecto:<\/strong><\/td>\n<\/tr>\n<tr>\n<td width=\"20\"><\/td>\n<td width=\"20\"><\/td>\n<td style=\"text-align: justify;\">\u00abEl proyecto del Centro Social de Riveira, nace como respuesta a una propuesta inicial de un edificio de dos plantas sobre una parcela pr\u00f3xima a una iglesia rom\u00e1nica en el n\u00facleo rural de Oleiros, Ribeira. Un lugar marcado por el car\u00e1cter de las edificaciones pr\u00f3ximas y por el paisaje natural que lo rodea. Un entorno definido por la omnipresencia del granito y un paisaje agr\u00edcola construido durante siglos.<br \/>\nLa propuesta hace hincapi\u00e9 en intentar lograr un espacio p\u00fablico en un n\u00facleo rural. El proyecto se preocupa ante todo por generar en su propia organizaci\u00f3n un espacio de relaci\u00f3n y lograr distintos tipos de espacios p\u00fablicos en cuanto a su car\u00e1cter y escala. La definici\u00f3n de lo p\u00fablico es realmente el protagonista del proyecto, sobre todo en un n\u00facleo rural donde los \u00fanicos espacios p\u00fablicos son los caminos. Como resultado de esa preocupaci\u00f3n, el espacio no construido alcanza la misma importancia que el edificio en s\u00ed mismo. En aras de esa estrategia, el proyecto fragmenta el programa en dos vol\u00famenes, para entre ambos lograr escala de espacio p\u00fablico en una parcel a que en su origen es rural dominada por el car\u00e1cter agr\u00edcola del entorno.<br \/>\nEl centro social pretende a su vez un edificio que pueda acoger usos distintos y cambiantes durante la vida del edificio. Para ello el volumen longitudinal se especializa en un espacio de oficinas para distintas asociaciones, mientras que el volumen situado sobre el borde corto seresuelve como un espacio multiusos divisible mediante unos paneles correderos en varios espacios menores, que logran acotarlo en espacios distintos que puedan funcionar como aulas de tama\u00f1o variable seg\u00fan las distintas necesidades.<br \/>\nDentro de un entendimiento como un edificio de funci\u00f3n cambiable con el tiempo, se ha dise\u00f1ado todo el mobiliario de modo que fuera apilable y f\u00e1cilmente almacenable para poder adecuarse a los distintos usos del volumen social \u2013 conferencias, aulas, talleres, exposiciones- sin por ello tener que modificar su estructura b\u00e1sica. Un edificio que resuelve su funcionamiento de modo que simplemente corriendo uno o dos paneles y utilizando distinto mobiliario pueda funcionar de modos muy diversos<br \/>\nEn cuanto a su materializaci\u00f3n se ha realizado un gran esfuerzo para no tener que utilizar pieles o elementos de revestimiento.Constructivamente el edificio se resuelve con materiales nobles con una vocaci\u00f3n subrayada de autenticidad, eliminando cualquier rastro de acabado o cubrici\u00f3n. Hormig\u00f3n, acero, madera y granito son los \u00fanicos materiales utilizados y se muestran en el proyecto con la m\u00e1xima simplicidad. El proyecto en definitiva pretende generar distintos espacios p\u00fablicos pero manteniendo el car\u00e1cter del lugar\u00bb<br \/>\nCarlos Seoane<\/td>\n<\/tr>\n<tr>\n<td width=\"20\"><\/td>\n<td colspan=\"2\"><strong>Reportaxe fotogr\u00e1fica: <\/strong><\/td>\n<\/tr>\n<tr>\n<td width=\"20\"><\/td>\n<td colspan=\"2\">&#8211;<\/td>\n<\/tr>\n<tr>\n<td width=\"20\"><\/td>\n<td colspan=\"2\"><strong>Planos: <\/strong><\/td>\n<\/tr>\n<tr>\n<td width=\"20\"><\/td>\n<td colspan=\"2\"><a href=\"http:\/\/www.coag.es\/premiosCOAG\/candidaturas\/portada.aspx\" target=\"_blank\"><strong>coag.es<\/strong><\/a><\/td>\n<\/tr>\n<\/tbody>\n<\/table>\n <\/p>\n","protected":false},"excerpt":{"rendered":"<p>\u00abLa propuesta hace hincapi\u00e9 en intentar lograr un espacio p\u00fablico en un n\u00facleo rural. El proyecto se preocupa ante todo por generar en su propia organizaci\u00f3n un espacio de relaci\u00f3n y lograr distintos tipos de espacios p\u00fablicos en cuanto a su car\u00e1cter y escala\u00bb<br \/>\nCarlos Seoane<\/p>\n","protected":false},"author":8,"featured_media":13387,"comment_status":"open","ping_status":"open","sticky":false,"template":"","format":"standard","meta":{"jetpack_post_was_ever_published":false,"_jetpack_newsletter_access":"","_jetpack_dont_email_post_to_subs":false,"_jetpack_newsletter_tier_id":0,"_jetpack_memberships_contains_paywalled_content":false,"_jetpack_memberships_contains_paid_content":false,"footnotes":"","jetpack_publicize_message":"","jetpack_publicize_feature_enabled":true,"jetpack_social_post_already_shared":true,"jetpack_social_options":{"image_generator_settings":{"template":"highway","enabled":false},"version":2}},"categories":[465],"tags":[759,71,212],"ano":[],"arquitectos":[],"tipoloxia":[],"class_list":["post-13377","post","type-post","status-publish","format-standard","has-post-thumbnail","hentry","category-ribeira","tag-759","tag-carlosseoane","tag-centro-social","content-print"],"jetpack_publicize_connections":[],"yoast_head":"<!-- This site is optimized with the Yoast SEO plugin v24.1 - https:\/\/yoast.com\/wordpress\/plugins\/seo\/ -->\n<title>Centro Social e de lecer Biosaludable en Oleiros | AG<\/title>\n<meta name=\"robots\" content=\"index, follow, max-snippet:-1, max-image-preview:large, max-video-preview:-1\" \/>\n<link rel=\"canonical\" href=\"https:\/\/arquitecturadegalicia.eu\/blog\/centro-social-e-de-lecer-biosaludable\/\" \/>\n<meta property=\"og:locale\" content=\"es_ES\" \/>\n<meta property=\"og:type\" content=\"article\" \/>\n<meta property=\"og:title\" content=\"Centro Social e de lecer Biosaludable en Oleiros | AG\" \/>\n<meta property=\"og:description\" content=\"&quot;La propuesta hace hincapi\u00e9 en intentar lograr un espacio p\u00fablico en un n\u00facleo rural. El proyecto se preocupa ante todo por generar en su propia organizaci\u00f3n un espacio de relaci\u00f3n y lograr distintos tipos de espacios p\u00fablicos en cuanto a su car\u00e1cter y escala&quot; Carlos Seoane\" \/>\n<meta property=\"og:url\" content=\"https:\/\/arquitecturadegalicia.eu\/blog\/centro-social-e-de-lecer-biosaludable\/\" \/>\n<meta property=\"og:site_name\" content=\"AG\" \/>\n<meta property=\"article:publisher\" content=\"https:\/\/www.facebook.com\/ArquitecturadeGalicia\/\" \/>\n<meta property=\"article:published_time\" content=\"2015-03-09T11:00:09+00:00\" \/>\n<meta property=\"article:modified_time\" content=\"2015-03-14T20:02:52+00:00\" \/>\n<meta property=\"og:image\" content=\"https:\/\/arquitecturadegalicia.eu\/blog\/wp-content\/uploads\/2015\/03\/AG_centro_social_oleiros_ribeira_carlos_seoane_00.jpg\" \/>\n\t<meta property=\"og:image:width\" content=\"620\" \/>\n\t<meta property=\"og:image:height\" content=\"620\" \/>\n\t<meta property=\"og:image:type\" content=\"image\/jpeg\" \/>\n<meta name=\"author\" content=\"Iago Valverde\" \/>\n<meta name=\"twitter:card\" content=\"summary_large_image\" \/>\n<meta name=\"twitter:creator\" content=\"@arquigaliciaeu\" \/>\n<meta name=\"twitter:site\" content=\"@arquigaliciaeu\" \/>\n<meta name=\"twitter:label1\" content=\"Escrito por\" \/>\n\t<meta name=\"twitter:data1\" content=\"Iago Valverde\" \/>\n\t<meta name=\"twitter:label2\" content=\"Tiempo de lectura\" \/>\n\t<meta name=\"twitter:data2\" content=\"3 minutos\" \/>\n<script type=\"application\/ld+json\" class=\"yoast-schema-graph\">{\"@context\":\"https:\/\/schema.org\",\"@graph\":[{\"@type\":\"Article\",\"@id\":\"https:\/\/arquitecturadegalicia.eu\/blog\/centro-social-e-de-lecer-biosaludable\/#article\",\"isPartOf\":{\"@id\":\"https:\/\/arquitecturadegalicia.eu\/blog\/centro-social-e-de-lecer-biosaludable\/\"},\"author\":{\"name\":\"Iago Valverde\",\"@id\":\"https:\/\/arquitecturadegalicia.eu\/blog\/#\/schema\/person\/a51297ea3eeddd32ccbd89a218e148f1\"},\"headline\":\"Centro Social e de lecer Biosaludable en Oleiros\",\"datePublished\":\"2015-03-09T11:00:09+00:00\",\"dateModified\":\"2015-03-14T20:02:52+00:00\",\"mainEntityOfPage\":{\"@id\":\"https:\/\/arquitecturadegalicia.eu\/blog\/centro-social-e-de-lecer-biosaludable\/\"},\"wordCount\":535,\"commentCount\":2,\"publisher\":{\"@id\":\"https:\/\/arquitecturadegalicia.eu\/blog\/#organization\"},\"image\":{\"@id\":\"https:\/\/arquitecturadegalicia.eu\/blog\/centro-social-e-de-lecer-biosaludable\/#primaryimage\"},\"thumbnailUrl\":\"https:\/\/arquitecturadegalicia.eu\/blog\/wp-content\/uploads\/2015\/03\/AG_centro_social_oleiros_ribeira_carlos_seoane_00.jpg\",\"keywords\":[\"2014\",\"Carlos Seoane\",\"Centro social\"],\"articleSection\":[\"Ribeira\"],\"inLanguage\":\"es\",\"potentialAction\":[{\"@type\":\"CommentAction\",\"name\":\"Comment\",\"target\":[\"https:\/\/arquitecturadegalicia.eu\/blog\/centro-social-e-de-lecer-biosaludable\/#respond\"]}]},{\"@type\":\"WebPage\",\"@id\":\"https:\/\/arquitecturadegalicia.eu\/blog\/centro-social-e-de-lecer-biosaludable\/\",\"url\":\"https:\/\/arquitecturadegalicia.eu\/blog\/centro-social-e-de-lecer-biosaludable\/\",\"name\":\"Centro Social e de lecer Biosaludable en Oleiros | AG\",\"isPartOf\":{\"@id\":\"https:\/\/arquitecturadegalicia.eu\/blog\/#website\"},\"primaryImageOfPage\":{\"@id\":\"https:\/\/arquitecturadegalicia.eu\/blog\/centro-social-e-de-lecer-biosaludable\/#primaryimage\"},\"image\":{\"@id\":\"https:\/\/arquitecturadegalicia.eu\/blog\/centro-social-e-de-lecer-biosaludable\/#primaryimage\"},\"thumbnailUrl\":\"https:\/\/arquitecturadegalicia.eu\/blog\/wp-content\/uploads\/2015\/03\/AG_centro_social_oleiros_ribeira_carlos_seoane_00.jpg\",\"datePublished\":\"2015-03-09T11:00:09+00:00\",\"dateModified\":\"2015-03-14T20:02:52+00:00\",\"breadcrumb\":{\"@id\":\"https:\/\/arquitecturadegalicia.eu\/blog\/centro-social-e-de-lecer-biosaludable\/#breadcrumb\"},\"inLanguage\":\"es\",\"potentialAction\":[{\"@type\":\"ReadAction\",\"target\":[\"https:\/\/arquitecturadegalicia.eu\/blog\/centro-social-e-de-lecer-biosaludable\/\"]}]},{\"@type\":\"ImageObject\",\"inLanguage\":\"es\",\"@id\":\"https:\/\/arquitecturadegalicia.eu\/blog\/centro-social-e-de-lecer-biosaludable\/#primaryimage\",\"url\":\"https:\/\/arquitecturadegalicia.eu\/blog\/wp-content\/uploads\/2015\/03\/AG_centro_social_oleiros_ribeira_carlos_seoane_00.jpg\",\"contentUrl\":\"https:\/\/arquitecturadegalicia.eu\/blog\/wp-content\/uploads\/2015\/03\/AG_centro_social_oleiros_ribeira_carlos_seoane_00.jpg\",\"width\":620,\"height\":620},{\"@type\":\"BreadcrumbList\",\"@id\":\"https:\/\/arquitecturadegalicia.eu\/blog\/centro-social-e-de-lecer-biosaludable\/#breadcrumb\",\"itemListElement\":[{\"@type\":\"ListItem\",\"position\":1,\"name\":\"Portada\",\"item\":\"https:\/\/arquitecturadegalicia.eu\/blog\/\"},{\"@type\":\"ListItem\",\"position\":2,\"name\":\"Centro Social e de lecer Biosaludable en Oleiros\"}]},{\"@type\":\"WebSite\",\"@id\":\"https:\/\/arquitecturadegalicia.eu\/blog\/#website\",\"url\":\"https:\/\/arquitecturadegalicia.eu\/blog\/\",\"name\":\"AG\",\"description\":\"Arquitectura de Galicia\",\"publisher\":{\"@id\":\"https:\/\/arquitecturadegalicia.eu\/blog\/#organization\"},\"potentialAction\":[{\"@type\":\"SearchAction\",\"target\":{\"@type\":\"EntryPoint\",\"urlTemplate\":\"https:\/\/arquitecturadegalicia.eu\/blog\/?s={search_term_string}\"},\"query-input\":{\"@type\":\"PropertyValueSpecification\",\"valueRequired\":true,\"valueName\":\"search_term_string\"}}],\"inLanguage\":\"es\"},{\"@type\":\"Organization\",\"@id\":\"https:\/\/arquitecturadegalicia.eu\/blog\/#organization\",\"name\":\"Arquitectura de Galicia\",\"url\":\"https:\/\/arquitecturadegalicia.eu\/blog\/\",\"logo\":{\"@type\":\"ImageObject\",\"inLanguage\":\"es\",\"@id\":\"https:\/\/arquitecturadegalicia.eu\/blog\/#\/schema\/logo\/image\/\",\"url\":\"https:\/\/arquitecturadegalicia.eu\/blog\/wp-content\/uploads\/2017\/01\/arquitecturacurrents2.png\",\"contentUrl\":\"https:\/\/arquitecturadegalicia.eu\/blog\/wp-content\/uploads\/2017\/01\/arquitecturacurrents2.png\",\"width\":840,\"height\":640,\"caption\":\"Arquitectura de Galicia\"},\"image\":{\"@id\":\"https:\/\/arquitecturadegalicia.eu\/blog\/#\/schema\/logo\/image\/\"},\"sameAs\":[\"https:\/\/www.facebook.com\/ArquitecturadeGalicia\/\",\"https:\/\/x.com\/arquigaliciaeu\",\"https:\/\/www.instagram.com\/arquigaliciaeu\/\"]},{\"@type\":\"Person\",\"@id\":\"https:\/\/arquitecturadegalicia.eu\/blog\/#\/schema\/person\/a51297ea3eeddd32ccbd89a218e148f1\",\"name\":\"Iago Valverde\",\"image\":{\"@type\":\"ImageObject\",\"inLanguage\":\"es\",\"@id\":\"https:\/\/arquitecturadegalicia.eu\/blog\/#\/schema\/person\/image\/\",\"url\":\"https:\/\/secure.gravatar.com\/avatar\/eb8a9f2f10ff79db5c78989d92f1e8b2?s=96&d=mm&r=g\",\"contentUrl\":\"https:\/\/secure.gravatar.com\/avatar\/eb8a9f2f10ff79db5c78989d92f1e8b2?s=96&d=mm&r=g\",\"caption\":\"Iago Valverde\"},\"description\":\"Nigr\u00e1n | Edici\u00f3n de artigos e xeolocalizaci\u00f3n | Arquitecto en formaci\u00f3n na ETSAC e cursando PFC. Interesado en urbanismo, arquitectura, pol\u00edtica, e todo aquilo que \u00e9 complexo e vital\",\"url\":\"https:\/\/arquitecturadegalicia.eu\/blog\/author\/iago-valverde\/\"}]}<\/script>\n<!-- \/ Yoast SEO plugin. -->","yoast_head_json":{"title":"Centro Social e de lecer Biosaludable en Oleiros | AG","robots":{"index":"index","follow":"follow","max-snippet":"max-snippet:-1","max-image-preview":"max-image-preview:large","max-video-preview":"max-video-preview:-1"},"canonical":"https:\/\/arquitecturadegalicia.eu\/blog\/centro-social-e-de-lecer-biosaludable\/","og_locale":"es_ES","og_type":"article","og_title":"Centro Social e de lecer Biosaludable en Oleiros | AG","og_description":"\"La propuesta hace hincapi\u00e9 en intentar lograr un espacio p\u00fablico en un n\u00facleo rural. El proyecto se preocupa ante todo por generar en su propia organizaci\u00f3n un espacio de relaci\u00f3n y lograr distintos tipos de espacios p\u00fablicos en cuanto a su car\u00e1cter y escala\" Carlos Seoane","og_url":"https:\/\/arquitecturadegalicia.eu\/blog\/centro-social-e-de-lecer-biosaludable\/","og_site_name":"AG","article_publisher":"https:\/\/www.facebook.com\/ArquitecturadeGalicia\/","article_published_time":"2015-03-09T11:00:09+00:00","article_modified_time":"2015-03-14T20:02:52+00:00","og_image":[{"width":620,"height":620,"url":"https:\/\/arquitecturadegalicia.eu\/blog\/wp-content\/uploads\/2015\/03\/AG_centro_social_oleiros_ribeira_carlos_seoane_00.jpg","type":"image\/jpeg"}],"author":"Iago Valverde","twitter_card":"summary_large_image","twitter_creator":"@arquigaliciaeu","twitter_site":"@arquigaliciaeu","twitter_misc":{"Escrito por":"Iago Valverde","Tiempo de lectura":"3 minutos"},"schema":{"@context":"https:\/\/schema.org","@graph":[{"@type":"Article","@id":"https:\/\/arquitecturadegalicia.eu\/blog\/centro-social-e-de-lecer-biosaludable\/#article","isPartOf":{"@id":"https:\/\/arquitecturadegalicia.eu\/blog\/centro-social-e-de-lecer-biosaludable\/"},"author":{"name":"Iago Valverde","@id":"https:\/\/arquitecturadegalicia.eu\/blog\/#\/schema\/person\/a51297ea3eeddd32ccbd89a218e148f1"},"headline":"Centro Social e de lecer Biosaludable en Oleiros","datePublished":"2015-03-09T11:00:09+00:00","dateModified":"2015-03-14T20:02:52+00:00","mainEntityOfPage":{"@id":"https:\/\/arquitecturadegalicia.eu\/blog\/centro-social-e-de-lecer-biosaludable\/"},"wordCount":535,"commentCount":2,"publisher":{"@id":"https:\/\/arquitecturadegalicia.eu\/blog\/#organization"},"image":{"@id":"https:\/\/arquitecturadegalicia.eu\/blog\/centro-social-e-de-lecer-biosaludable\/#primaryimage"},"thumbnailUrl":"https:\/\/arquitecturadegalicia.eu\/blog\/wp-content\/uploads\/2015\/03\/AG_centro_social_oleiros_ribeira_carlos_seoane_00.jpg","keywords":["2014","Carlos Seoane","Centro social"],"articleSection":["Ribeira"],"inLanguage":"es","potentialAction":[{"@type":"CommentAction","name":"Comment","target":["https:\/\/arquitecturadegalicia.eu\/blog\/centro-social-e-de-lecer-biosaludable\/#respond"]}]},{"@type":"WebPage","@id":"https:\/\/arquitecturadegalicia.eu\/blog\/centro-social-e-de-lecer-biosaludable\/","url":"https:\/\/arquitecturadegalicia.eu\/blog\/centro-social-e-de-lecer-biosaludable\/","name":"Centro Social e de lecer Biosaludable en Oleiros | AG","isPartOf":{"@id":"https:\/\/arquitecturadegalicia.eu\/blog\/#website"},"primaryImageOfPage":{"@id":"https:\/\/arquitecturadegalicia.eu\/blog\/centro-social-e-de-lecer-biosaludable\/#primaryimage"},"image":{"@id":"https:\/\/arquitecturadegalicia.eu\/blog\/centro-social-e-de-lecer-biosaludable\/#primaryimage"},"thumbnailUrl":"https:\/\/arquitecturadegalicia.eu\/blog\/wp-content\/uploads\/2015\/03\/AG_centro_social_oleiros_ribeira_carlos_seoane_00.jpg","datePublished":"2015-03-09T11:00:09+00:00","dateModified":"2015-03-14T20:02:52+00:00","breadcrumb":{"@id":"https:\/\/arquitecturadegalicia.eu\/blog\/centro-social-e-de-lecer-biosaludable\/#breadcrumb"},"inLanguage":"es","potentialAction":[{"@type":"ReadAction","target":["https:\/\/arquitecturadegalicia.eu\/blog\/centro-social-e-de-lecer-biosaludable\/"]}]},{"@type":"ImageObject","inLanguage":"es","@id":"https:\/\/arquitecturadegalicia.eu\/blog\/centro-social-e-de-lecer-biosaludable\/#primaryimage","url":"https:\/\/arquitecturadegalicia.eu\/blog\/wp-content\/uploads\/2015\/03\/AG_centro_social_oleiros_ribeira_carlos_seoane_00.jpg","contentUrl":"https:\/\/arquitecturadegalicia.eu\/blog\/wp-content\/uploads\/2015\/03\/AG_centro_social_oleiros_ribeira_carlos_seoane_00.jpg","width":620,"height":620},{"@type":"BreadcrumbList","@id":"https:\/\/arquitecturadegalicia.eu\/blog\/centro-social-e-de-lecer-biosaludable\/#breadcrumb","itemListElement":[{"@type":"ListItem","position":1,"name":"Portada","item":"https:\/\/arquitecturadegalicia.eu\/blog\/"},{"@type":"ListItem","position":2,"name":"Centro Social e de lecer Biosaludable en Oleiros"}]},{"@type":"WebSite","@id":"https:\/\/arquitecturadegalicia.eu\/blog\/#website","url":"https:\/\/arquitecturadegalicia.eu\/blog\/","name":"AG","description":"Arquitectura de Galicia","publisher":{"@id":"https:\/\/arquitecturadegalicia.eu\/blog\/#organization"},"potentialAction":[{"@type":"SearchAction","target":{"@type":"EntryPoint","urlTemplate":"https:\/\/arquitecturadegalicia.eu\/blog\/?s={search_term_string}"},"query-input":{"@type":"PropertyValueSpecification","valueRequired":true,"valueName":"search_term_string"}}],"inLanguage":"es"},{"@type":"Organization","@id":"https:\/\/arquitecturadegalicia.eu\/blog\/#organization","name":"Arquitectura de Galicia","url":"https:\/\/arquitecturadegalicia.eu\/blog\/","logo":{"@type":"ImageObject","inLanguage":"es","@id":"https:\/\/arquitecturadegalicia.eu\/blog\/#\/schema\/logo\/image\/","url":"https:\/\/arquitecturadegalicia.eu\/blog\/wp-content\/uploads\/2017\/01\/arquitecturacurrents2.png","contentUrl":"https:\/\/arquitecturadegalicia.eu\/blog\/wp-content\/uploads\/2017\/01\/arquitecturacurrents2.png","width":840,"height":640,"caption":"Arquitectura de Galicia"},"image":{"@id":"https:\/\/arquitecturadegalicia.eu\/blog\/#\/schema\/logo\/image\/"},"sameAs":["https:\/\/www.facebook.com\/ArquitecturadeGalicia\/","https:\/\/x.com\/arquigaliciaeu","https:\/\/www.instagram.com\/arquigaliciaeu\/"]},{"@type":"Person","@id":"https:\/\/arquitecturadegalicia.eu\/blog\/#\/schema\/person\/a51297ea3eeddd32ccbd89a218e148f1","name":"Iago Valverde","image":{"@type":"ImageObject","inLanguage":"es","@id":"https:\/\/arquitecturadegalicia.eu\/blog\/#\/schema\/person\/image\/","url":"https:\/\/secure.gravatar.com\/avatar\/eb8a9f2f10ff79db5c78989d92f1e8b2?s=96&d=mm&r=g","contentUrl":"https:\/\/secure.gravatar.com\/avatar\/eb8a9f2f10ff79db5c78989d92f1e8b2?s=96&d=mm&r=g","caption":"Iago Valverde"},"description":"Nigr\u00e1n | Edici\u00f3n de artigos e xeolocalizaci\u00f3n | Arquitecto en formaci\u00f3n na ETSAC e cursando PFC. Interesado en urbanismo, arquitectura, pol\u00edtica, e todo aquilo que \u00e9 complexo e vital","url":"https:\/\/arquitecturadegalicia.eu\/blog\/author\/iago-valverde\/"}]}},"jetpack_featured_media_url":"https:\/\/arquitecturadegalicia.eu\/blog\/wp-content\/uploads\/2015\/03\/AG_centro_social_oleiros_ribeira_carlos_seoane_00.jpg","jetpack_shortlink":"https:\/\/wp.me\/p2NHs2-3tL","jetpack_sharing_enabled":true,"_links":{"self":[{"href":"https:\/\/arquitecturadegalicia.eu\/blog\/wp-json\/wp\/v2\/posts\/13377","targetHints":{"allow":["GET"]}}],"collection":[{"href":"https:\/\/arquitecturadegalicia.eu\/blog\/wp-json\/wp\/v2\/posts"}],"about":[{"href":"https:\/\/arquitecturadegalicia.eu\/blog\/wp-json\/wp\/v2\/types\/post"}],"author":[{"embeddable":true,"href":"https:\/\/arquitecturadegalicia.eu\/blog\/wp-json\/wp\/v2\/users\/8"}],"replies":[{"embeddable":true,"href":"https:\/\/arquitecturadegalicia.eu\/blog\/wp-json\/wp\/v2\/comments?post=13377"}],"version-history":[{"count":6,"href":"https:\/\/arquitecturadegalicia.eu\/blog\/wp-json\/wp\/v2\/posts\/13377\/revisions"}],"predecessor-version":[{"id":13400,"href":"https:\/\/arquitecturadegalicia.eu\/blog\/wp-json\/wp\/v2\/posts\/13377\/revisions\/13400"}],"wp:featuredmedia":[{"embeddable":true,"href":"https:\/\/arquitecturadegalicia.eu\/blog\/wp-json\/wp\/v2\/media\/13387"}],"wp:attachment":[{"href":"https:\/\/arquitecturadegalicia.eu\/blog\/wp-json\/wp\/v2\/media?parent=13377"}],"wp:term":[{"taxonomy":"category","embeddable":true,"href":"https:\/\/arquitecturadegalicia.eu\/blog\/wp-json\/wp\/v2\/categories?post=13377"},{"taxonomy":"post_tag","embeddable":true,"href":"https:\/\/arquitecturadegalicia.eu\/blog\/wp-json\/wp\/v2\/tags?post=13377"},{"taxonomy":"ano","embeddable":true,"href":"https:\/\/arquitecturadegalicia.eu\/blog\/wp-json\/wp\/v2\/ano?post=13377"},{"taxonomy":"arquitectos","embeddable":true,"href":"https:\/\/arquitecturadegalicia.eu\/blog\/wp-json\/wp\/v2\/arquitectos?post=13377"},{"taxonomy":"tipoloxia","embeddable":true,"href":"https:\/\/arquitecturadegalicia.eu\/blog\/wp-json\/wp\/v2\/tipoloxia?post=13377"}],"curies":[{"name":"wp","href":"https:\/\/api.w.org\/{rel}","templated":true}]}}