{"id":13507,"date":"2015-04-20T20:00:07","date_gmt":"2015-04-20T18:00:07","guid":{"rendered":"http:\/\/arquitecturadegalicia.eu\/blog\/?p=13507"},"modified":"2015-04-20T14:46:16","modified_gmt":"2015-04-20T12:46:16","slug":"praza-do-curro","status":"publish","type":"post","link":"https:\/\/arquitecturadegalicia.eu\/blog\/praza-do-curro\/","title":{"rendered":"Praza do Curro"},"content":{"rendered":"<h6 style=\"text-align: right;\"><a href=\"http:\/\/santos-diez.com\/\" target=\"_blank\"><img fetchpriority=\"high\" decoding=\"async\" class=\"alignnone size-full wp-image-13509\" src=\"http:\/\/arquitecturadegalicia.eu\/blog\/wp-content\/uploads\/2015\/04\/AG_praza_curro_noia_salgado_linhares_00.jpg\" alt=\"AG_praza_curro_noia_salgado_linhares_00\" width=\"620\" height=\"465\" \/><br \/>\n<span style=\"color: #999999;\">Santos-D\u00edez<\/span><\/a><span style=\"color: #999999;\"> | <a style=\"color: #999999;\" href=\"http:\/\/www.bisimages.com\/\" target=\"_blank\">BISimages<\/a><\/span><\/h6>\n<table class=\"aligncenter\" border=\"0\" width=\"620\" cellspacing=\"0\" cellpadding=\"0\">\n<tbody>\n<tr>\n<td width=\"180\"><strong>Obra:<\/strong><\/td>\n<td style=\"text-align: left;\">Praza do Curro<\/td>\n<\/tr>\n<tr>\n<td><strong>Arquitecto:<\/strong><\/td>\n<td>Salgado e Li\u00f1ares arquitectos<\/td>\n<\/tr>\n<tr>\n<td><strong>Provincia:<\/strong><\/td>\n<td>A Coru\u00f1a<\/td>\n<\/tr>\n<tr>\n<td><strong>Localidade:<\/strong><\/td>\n<td>Noia<\/td>\n<\/tr>\n<tr>\n<td><strong>Ano:<\/strong><\/td>\n<td>2013 &#8211; 2014<\/td>\n<\/tr>\n<tr>\n<td><strong>Xeolocalizaci\u00f3n:<\/strong><\/td>\n<td><a href=\"https:\/\/www.google.com\/fusiontables\/embedviz?q=select+col6+from+1SDgapi_D5DlY376iYYP9rfBhe0o6WliHne9w0EmJ&amp;viz=MAP&amp;h=false&amp;lat=42.78243620497812&amp;lng=-8.88800581594512&amp;t=3&amp;z=19&amp;l=col6&amp;y=2&amp;tmplt=2&amp;hml=KML\" target=\"_blank\"><strong>42.782575, \u00a0-8.887895<\/strong><\/a><\/td>\n<\/tr>\n<\/tbody>\n<\/table>\n<table class=\" aligncenter\" border=\"0\" width=\"620\" cellspacing=\"0\" cellpadding=\"0\">\n<tbody>\n<tr>\n<td colspan=\"3\"><strong>Outros Datos:<\/strong><\/td>\n<\/tr>\n<tr>\n<td width=\"20\"><\/td>\n<td colspan=\"2\"><strong>Premios:<\/strong><\/td>\n<\/tr>\n<tr>\n<td width=\"20\"><\/td>\n<td width=\"20\"><\/td>\n<td width=\"580\"><\/td>\n<\/tr>\n<tr>\n<td width=\"20\"><\/td>\n<td colspan=\"2\"><strong>Publicaci\u00f3ns:<\/strong><\/td>\n<\/tr>\n<tr>\n<td width=\"20\"><\/td>\n<td width=\"20\"><\/td>\n<td><\/td>\n<\/tr>\n<tr>\n<td width=\"20\"><\/td>\n<td colspan=\"2\"><strong>Informaci\u00f3n na rede:<\/strong><\/td>\n<\/tr>\n<tr>\n<td width=\"20\"><\/td>\n<td width=\"20\"><\/td>\n<td><strong><a href=\"http:\/\/salgadoeli\u00f1ares.com\/categoria\/5#proxecto_39\" target=\"_blank\">salgadoeli\u00f1ares.com<\/a><a href=\"http:\/\/tectonicablog.com\/?p=89528\" target=\"_blank\"><br \/>\ntectonicablog.com<\/a><br \/>\n<a href=\"http:\/\/veredes.es\/blog\/gl\/reformulacion-de-un-espacio-publico-de-calle-a-plaza-pavimentacion-de-la-praza-do-curro-salgadolinares\/\" target=\"_blank\">veredes.es<\/a><br \/>\n<\/strong><\/td>\n<\/tr>\n<tr>\n<td width=\"20\"><\/td>\n<td colspan=\"2\"><strong>Descripci\u00f3n do proxecto:<\/strong><\/td>\n<\/tr>\n<tr>\n<td width=\"20\"><\/td>\n<td width=\"20\"><\/td>\n<td style=\"text-align: justify;\">\u00abA Praza do Curro foi tradicionalmente o principal espazo p\u00fablico de actividade \u00f3 aire libre do casco hist\u00f3rico de Noia. Esta actividade, manifesta no mercado de cada xoves e domingo, dotouna dun vigor excepcional, incapaz con todo de conter o constante e acusado deterioro \u00f3 que se veu sometida a praza nestes \u00faltimos corenta anos.<br \/>\nPor un lado, novos e insolentes edificios, todos eles f\u00f3ra de escala, ve\u00f1en a substituir a gran parte do caser\u00edo tradicional, por outro, o espazo ocupouse con todo tipo de inconexos pavimentos, por \u00faltimo, os coches colonizaron o espacio, que se converteu as m\u00e1is das veces en simple aparcamento. \u00c9 dicir, o \u00e1mbito desembocou nun conxunto de inconexos retais que sobrevive.<br \/>\nAs\u00ed as cousas, xa no inicio do proxecto entendemos que a nosa intervenci\u00f3n non podr\u00eda ser neutra, \u00e9 dicir, deber\u00eda realizarse coa debida contundencia, co fin de impo\u00f1erse \u00e1 vulgaridade das fachadas. Por fortuna, cont\u00e1bamos coa magn\u00edfica proporci\u00f3n do espazo.<br \/>\nPart\u00edamos dun bo n\u00famero de lousas de granito a reutilizar, se ben moi escaso para facelo extensivo a todo o \u00e1mbito. E do problema da escasez xurdeu la soluci\u00f3n: un pavimento de pedra-formig\u00f3n lavado que adem\u00e1is de recoller a dualidade arquitect\u00f3nica do ambiente presentase unha personalidade suficiente como para impo\u00f1erse \u00f3l deterioro das fachadas.<br \/>\nE o proceso foi como sigue:<br \/>\n1. Serramos en sentido lonxitudinal as grosas lousas de pedra, co fin de obter d\u00faas caras de traballo que permitisen un correcto encontro co formig\u00f3n. Esto derivou nun sinf\u00edn de dobres e sim\u00e9tricas pedras, \u00e9 dicir, derivou na individualizaci\u00f3n de cada par de pedras, e na introducci\u00f3n no conxunto dunha benvida e sorprendente figuraci\u00f3n. Asimesmo, dito proceso permitiunos reutilizar grandes lousas de casqueiros e pezas sobrantes de taller, cortadas ben con m\u00e1quina de disco \u2013de ancho m\u00e1ximo 1,20m-, ben con m\u00e1quina de f\u00edo \u2013 sen limitaci\u00f3n de dimensi\u00f3n.<br \/>\n2. Optamos por un formig\u00f3n realizado en obra con cemento branco e \u00e1rido escollido, de diferentes tama\u00f1os e cores, negro ou branco: catro tons distintos de formig\u00f3n e diferentes texturas segundo a intensidade do lavado.<br \/>\n3. Fixemos coincidir as xuntas de construcci\u00f3n coas xuntas de retracci\u00f3n, de tal forma que o formigonado alterno evitase o corte posterior del hormig\u00f3n. 4. Reservamos para certos \u00e1mbitos un pavimento de losas de granito sen xunta, a hueso, en franca contradici\u00f3n co resto do pavimento.<br \/>\n5. Definimos unha nova escalinata de acceso \u00f3 Coliseo Noela.<br \/>\n6. Integramos no pavimento, nas s\u00faas li\u00f1as de forza, as recollidas de pluviais, con encofrados realizados ben con poliestireno, ben con madeira, que remitisen \u00e1 secci\u00f3n dos pelda\u00f1os do Coliseo.<br \/>\n7. Acoutamos un espacio para carga e descarga, na entrada desde a Carreiri\u00f1a, que libera tres cuartos da superficie para uso exclusivo do peat\u00f3n, es dicir, das persoas.<br \/>\nO proceso de obra durou doce meses e organizouse en d\u00faas fases, a segunda delas realizada por administraci\u00f3n, con empregados do Concello. Unha experiencia estupenda que repetir\u00edamos con gusto.<br \/>\nE \u00f3 fondo, as magn\u00edficas laudas de Santa Mar\u00eda Nova, que como o Macguffin de Hitchcock sobrevoan a trama.\u00bb<br \/>\nSalgado e Li\u00f1ares arquitectos<\/td>\n<\/tr>\n<tr>\n<td width=\"20\"><\/td>\n<td colspan=\"2\"><strong>Reportaxe fotogr\u00e1fica: <\/strong><\/td>\n<\/tr>\n<tr>\n<td width=\"20\"><\/td>\n<td colspan=\"2\">&#8211;<\/td>\n<\/tr>\n<tr>\n<td width=\"20\"><\/td>\n<td colspan=\"2\"><strong>Planos: <\/strong><\/td>\n<\/tr>\n<tr>\n<td width=\"20\"><\/td>\n<td colspan=\"2\">Salgado e Li\u00f1ares arquitectos<\/td>\n<\/tr>\n<\/tbody>\n<\/table>\n <\/p>\n","protected":false},"excerpt":{"rendered":"<p>\u00bb A nosa intervenci\u00f3n non podr\u00eda ser neutra, \u00e9 dicir, deber\u00eda realizarse coa debida contundencia, co fin de impo\u00f1erse \u00e1 vulgaridade das fachadas. Por fortuna, cont\u00e1bamos coa magn\u00edfica proporci\u00f3n do espazo\u00bb Salgado e Li\u00f1ares arquitectos<\/p>\n","protected":false},"author":8,"featured_media":13509,"comment_status":"open","ping_status":"open","sticky":false,"template":"","format":"standard","meta":{"jetpack_post_was_ever_published":false,"_jetpack_newsletter_access":"","_jetpack_dont_email_post_to_subs":false,"_jetpack_newsletter_tier_id":0,"_jetpack_memberships_contains_paywalled_content":false,"_jetpack_memberships_contains_paid_content":false,"footnotes":"","jetpack_publicize_message":"","jetpack_publicize_feature_enabled":true,"jetpack_social_post_already_shared":true,"jetpack_social_options":{"image_generator_settings":{"template":"highway","enabled":false},"version":2}},"categories":[498],"tags":[759,100,103],"ano":[],"arquitectos":[],"tipoloxia":[],"class_list":["post-13507","post","type-post","status-publish","format-standard","has-post-thumbnail","hentry","category-noia","tag-759","tag-remodelacion-urbana","tag-salgadoelinares","content-print"],"jetpack_publicize_connections":[],"yoast_head":"<!-- This site is optimized with the Yoast SEO plugin v24.1 - https:\/\/yoast.com\/wordpress\/plugins\/seo\/ -->\n<title>Praza do Curro | AG<\/title>\n<meta name=\"robots\" content=\"index, follow, max-snippet:-1, max-image-preview:large, max-video-preview:-1\" \/>\n<link rel=\"canonical\" href=\"https:\/\/arquitecturadegalicia.eu\/blog\/praza-do-curro\/\" \/>\n<meta property=\"og:locale\" content=\"es_ES\" \/>\n<meta property=\"og:type\" content=\"article\" \/>\n<meta property=\"og:title\" content=\"Praza do Curro | AG\" \/>\n<meta property=\"og:description\" content=\"&quot; A nosa intervenci\u00f3n non podr\u00eda ser neutra, \u00e9 dicir, deber\u00eda realizarse coa debida contundencia, co fin de impo\u00f1erse \u00e1 vulgaridade das fachadas. Por fortuna, cont\u00e1bamos coa magn\u00edfica proporci\u00f3n do espazo&quot; Salgado e Li\u00f1ares arquitectos\" \/>\n<meta property=\"og:url\" content=\"https:\/\/arquitecturadegalicia.eu\/blog\/praza-do-curro\/\" \/>\n<meta property=\"og:site_name\" content=\"AG\" \/>\n<meta property=\"article:publisher\" content=\"https:\/\/www.facebook.com\/ArquitecturadeGalicia\/\" \/>\n<meta property=\"article:published_time\" content=\"2015-04-20T18:00:07+00:00\" \/>\n<meta property=\"article:modified_time\" content=\"2015-04-20T12:46:16+00:00\" \/>\n<meta property=\"og:image\" content=\"https:\/\/arquitecturadegalicia.eu\/blog\/wp-content\/uploads\/2015\/04\/AG_praza_curro_noia_salgado_linhares_00.jpg\" \/>\n\t<meta property=\"og:image:width\" content=\"620\" \/>\n\t<meta property=\"og:image:height\" content=\"465\" \/>\n\t<meta property=\"og:image:type\" content=\"image\/jpeg\" \/>\n<meta name=\"author\" content=\"Iago Valverde\" \/>\n<meta name=\"twitter:card\" content=\"summary_large_image\" \/>\n<meta name=\"twitter:creator\" content=\"@arquigaliciaeu\" \/>\n<meta name=\"twitter:site\" content=\"@arquigaliciaeu\" \/>\n<meta name=\"twitter:label1\" content=\"Escrito por\" \/>\n\t<meta name=\"twitter:data1\" content=\"Iago Valverde\" \/>\n\t<meta name=\"twitter:label2\" content=\"Tiempo de lectura\" \/>\n\t<meta name=\"twitter:data2\" content=\"3 minutos\" \/>\n<script type=\"application\/ld+json\" class=\"yoast-schema-graph\">{\"@context\":\"https:\/\/schema.org\",\"@graph\":[{\"@type\":\"Article\",\"@id\":\"https:\/\/arquitecturadegalicia.eu\/blog\/praza-do-curro\/#article\",\"isPartOf\":{\"@id\":\"https:\/\/arquitecturadegalicia.eu\/blog\/praza-do-curro\/\"},\"author\":{\"name\":\"Iago Valverde\",\"@id\":\"https:\/\/arquitecturadegalicia.eu\/blog\/#\/schema\/person\/a51297ea3eeddd32ccbd89a218e148f1\"},\"headline\":\"Praza do Curro\",\"datePublished\":\"2015-04-20T18:00:07+00:00\",\"dateModified\":\"2015-04-20T12:46:16+00:00\",\"mainEntityOfPage\":{\"@id\":\"https:\/\/arquitecturadegalicia.eu\/blog\/praza-do-curro\/\"},\"wordCount\":605,\"commentCount\":0,\"publisher\":{\"@id\":\"https:\/\/arquitecturadegalicia.eu\/blog\/#organization\"},\"image\":{\"@id\":\"https:\/\/arquitecturadegalicia.eu\/blog\/praza-do-curro\/#primaryimage\"},\"thumbnailUrl\":\"https:\/\/arquitecturadegalicia.eu\/blog\/wp-content\/uploads\/2015\/04\/AG_praza_curro_noia_salgado_linhares_00.jpg\",\"keywords\":[\"2014\",\"remodelaci\u00f3n urbana\",\"SalgadoeLi\u00f1ares\"],\"articleSection\":[\"Noia\"],\"inLanguage\":\"es\",\"potentialAction\":[{\"@type\":\"CommentAction\",\"name\":\"Comment\",\"target\":[\"https:\/\/arquitecturadegalicia.eu\/blog\/praza-do-curro\/#respond\"]}]},{\"@type\":\"WebPage\",\"@id\":\"https:\/\/arquitecturadegalicia.eu\/blog\/praza-do-curro\/\",\"url\":\"https:\/\/arquitecturadegalicia.eu\/blog\/praza-do-curro\/\",\"name\":\"Praza do Curro | AG\",\"isPartOf\":{\"@id\":\"https:\/\/arquitecturadegalicia.eu\/blog\/#website\"},\"primaryImageOfPage\":{\"@id\":\"https:\/\/arquitecturadegalicia.eu\/blog\/praza-do-curro\/#primaryimage\"},\"image\":{\"@id\":\"https:\/\/arquitecturadegalicia.eu\/blog\/praza-do-curro\/#primaryimage\"},\"thumbnailUrl\":\"https:\/\/arquitecturadegalicia.eu\/blog\/wp-content\/uploads\/2015\/04\/AG_praza_curro_noia_salgado_linhares_00.jpg\",\"datePublished\":\"2015-04-20T18:00:07+00:00\",\"dateModified\":\"2015-04-20T12:46:16+00:00\",\"breadcrumb\":{\"@id\":\"https:\/\/arquitecturadegalicia.eu\/blog\/praza-do-curro\/#breadcrumb\"},\"inLanguage\":\"es\",\"potentialAction\":[{\"@type\":\"ReadAction\",\"target\":[\"https:\/\/arquitecturadegalicia.eu\/blog\/praza-do-curro\/\"]}]},{\"@type\":\"ImageObject\",\"inLanguage\":\"es\",\"@id\":\"https:\/\/arquitecturadegalicia.eu\/blog\/praza-do-curro\/#primaryimage\",\"url\":\"https:\/\/arquitecturadegalicia.eu\/blog\/wp-content\/uploads\/2015\/04\/AG_praza_curro_noia_salgado_linhares_00.jpg\",\"contentUrl\":\"https:\/\/arquitecturadegalicia.eu\/blog\/wp-content\/uploads\/2015\/04\/AG_praza_curro_noia_salgado_linhares_00.jpg\",\"width\":620,\"height\":465},{\"@type\":\"BreadcrumbList\",\"@id\":\"https:\/\/arquitecturadegalicia.eu\/blog\/praza-do-curro\/#breadcrumb\",\"itemListElement\":[{\"@type\":\"ListItem\",\"position\":1,\"name\":\"Portada\",\"item\":\"https:\/\/arquitecturadegalicia.eu\/blog\/\"},{\"@type\":\"ListItem\",\"position\":2,\"name\":\"Praza do Curro\"}]},{\"@type\":\"WebSite\",\"@id\":\"https:\/\/arquitecturadegalicia.eu\/blog\/#website\",\"url\":\"https:\/\/arquitecturadegalicia.eu\/blog\/\",\"name\":\"AG\",\"description\":\"Arquitectura de Galicia\",\"publisher\":{\"@id\":\"https:\/\/arquitecturadegalicia.eu\/blog\/#organization\"},\"potentialAction\":[{\"@type\":\"SearchAction\",\"target\":{\"@type\":\"EntryPoint\",\"urlTemplate\":\"https:\/\/arquitecturadegalicia.eu\/blog\/?s={search_term_string}\"},\"query-input\":{\"@type\":\"PropertyValueSpecification\",\"valueRequired\":true,\"valueName\":\"search_term_string\"}}],\"inLanguage\":\"es\"},{\"@type\":\"Organization\",\"@id\":\"https:\/\/arquitecturadegalicia.eu\/blog\/#organization\",\"name\":\"Arquitectura de Galicia\",\"url\":\"https:\/\/arquitecturadegalicia.eu\/blog\/\",\"logo\":{\"@type\":\"ImageObject\",\"inLanguage\":\"es\",\"@id\":\"https:\/\/arquitecturadegalicia.eu\/blog\/#\/schema\/logo\/image\/\",\"url\":\"https:\/\/arquitecturadegalicia.eu\/blog\/wp-content\/uploads\/2017\/01\/arquitecturacurrents2.png\",\"contentUrl\":\"https:\/\/arquitecturadegalicia.eu\/blog\/wp-content\/uploads\/2017\/01\/arquitecturacurrents2.png\",\"width\":840,\"height\":640,\"caption\":\"Arquitectura de Galicia\"},\"image\":{\"@id\":\"https:\/\/arquitecturadegalicia.eu\/blog\/#\/schema\/logo\/image\/\"},\"sameAs\":[\"https:\/\/www.facebook.com\/ArquitecturadeGalicia\/\",\"https:\/\/x.com\/arquigaliciaeu\",\"https:\/\/www.instagram.com\/arquigaliciaeu\/\"]},{\"@type\":\"Person\",\"@id\":\"https:\/\/arquitecturadegalicia.eu\/blog\/#\/schema\/person\/a51297ea3eeddd32ccbd89a218e148f1\",\"name\":\"Iago Valverde\",\"image\":{\"@type\":\"ImageObject\",\"inLanguage\":\"es\",\"@id\":\"https:\/\/arquitecturadegalicia.eu\/blog\/#\/schema\/person\/image\/\",\"url\":\"https:\/\/secure.gravatar.com\/avatar\/eb8a9f2f10ff79db5c78989d92f1e8b2?s=96&d=mm&r=g\",\"contentUrl\":\"https:\/\/secure.gravatar.com\/avatar\/eb8a9f2f10ff79db5c78989d92f1e8b2?s=96&d=mm&r=g\",\"caption\":\"Iago Valverde\"},\"description\":\"Nigr\u00e1n | Edici\u00f3n de artigos e xeolocalizaci\u00f3n | Arquitecto en formaci\u00f3n na ETSAC e cursando PFC. Interesado en urbanismo, arquitectura, pol\u00edtica, e todo aquilo que \u00e9 complexo e vital\",\"url\":\"https:\/\/arquitecturadegalicia.eu\/blog\/author\/iago-valverde\/\"}]}<\/script>\n<!-- \/ Yoast SEO plugin. -->","yoast_head_json":{"title":"Praza do Curro | AG","robots":{"index":"index","follow":"follow","max-snippet":"max-snippet:-1","max-image-preview":"max-image-preview:large","max-video-preview":"max-video-preview:-1"},"canonical":"https:\/\/arquitecturadegalicia.eu\/blog\/praza-do-curro\/","og_locale":"es_ES","og_type":"article","og_title":"Praza do Curro | AG","og_description":"\" A nosa intervenci\u00f3n non podr\u00eda ser neutra, \u00e9 dicir, deber\u00eda realizarse coa debida contundencia, co fin de impo\u00f1erse \u00e1 vulgaridade das fachadas. Por fortuna, cont\u00e1bamos coa magn\u00edfica proporci\u00f3n do espazo\" Salgado e Li\u00f1ares arquitectos","og_url":"https:\/\/arquitecturadegalicia.eu\/blog\/praza-do-curro\/","og_site_name":"AG","article_publisher":"https:\/\/www.facebook.com\/ArquitecturadeGalicia\/","article_published_time":"2015-04-20T18:00:07+00:00","article_modified_time":"2015-04-20T12:46:16+00:00","og_image":[{"width":620,"height":465,"url":"https:\/\/arquitecturadegalicia.eu\/blog\/wp-content\/uploads\/2015\/04\/AG_praza_curro_noia_salgado_linhares_00.jpg","type":"image\/jpeg"}],"author":"Iago Valverde","twitter_card":"summary_large_image","twitter_creator":"@arquigaliciaeu","twitter_site":"@arquigaliciaeu","twitter_misc":{"Escrito por":"Iago Valverde","Tiempo de lectura":"3 minutos"},"schema":{"@context":"https:\/\/schema.org","@graph":[{"@type":"Article","@id":"https:\/\/arquitecturadegalicia.eu\/blog\/praza-do-curro\/#article","isPartOf":{"@id":"https:\/\/arquitecturadegalicia.eu\/blog\/praza-do-curro\/"},"author":{"name":"Iago Valverde","@id":"https:\/\/arquitecturadegalicia.eu\/blog\/#\/schema\/person\/a51297ea3eeddd32ccbd89a218e148f1"},"headline":"Praza do Curro","datePublished":"2015-04-20T18:00:07+00:00","dateModified":"2015-04-20T12:46:16+00:00","mainEntityOfPage":{"@id":"https:\/\/arquitecturadegalicia.eu\/blog\/praza-do-curro\/"},"wordCount":605,"commentCount":0,"publisher":{"@id":"https:\/\/arquitecturadegalicia.eu\/blog\/#organization"},"image":{"@id":"https:\/\/arquitecturadegalicia.eu\/blog\/praza-do-curro\/#primaryimage"},"thumbnailUrl":"https:\/\/arquitecturadegalicia.eu\/blog\/wp-content\/uploads\/2015\/04\/AG_praza_curro_noia_salgado_linhares_00.jpg","keywords":["2014","remodelaci\u00f3n urbana","SalgadoeLi\u00f1ares"],"articleSection":["Noia"],"inLanguage":"es","potentialAction":[{"@type":"CommentAction","name":"Comment","target":["https:\/\/arquitecturadegalicia.eu\/blog\/praza-do-curro\/#respond"]}]},{"@type":"WebPage","@id":"https:\/\/arquitecturadegalicia.eu\/blog\/praza-do-curro\/","url":"https:\/\/arquitecturadegalicia.eu\/blog\/praza-do-curro\/","name":"Praza do Curro | AG","isPartOf":{"@id":"https:\/\/arquitecturadegalicia.eu\/blog\/#website"},"primaryImageOfPage":{"@id":"https:\/\/arquitecturadegalicia.eu\/blog\/praza-do-curro\/#primaryimage"},"image":{"@id":"https:\/\/arquitecturadegalicia.eu\/blog\/praza-do-curro\/#primaryimage"},"thumbnailUrl":"https:\/\/arquitecturadegalicia.eu\/blog\/wp-content\/uploads\/2015\/04\/AG_praza_curro_noia_salgado_linhares_00.jpg","datePublished":"2015-04-20T18:00:07+00:00","dateModified":"2015-04-20T12:46:16+00:00","breadcrumb":{"@id":"https:\/\/arquitecturadegalicia.eu\/blog\/praza-do-curro\/#breadcrumb"},"inLanguage":"es","potentialAction":[{"@type":"ReadAction","target":["https:\/\/arquitecturadegalicia.eu\/blog\/praza-do-curro\/"]}]},{"@type":"ImageObject","inLanguage":"es","@id":"https:\/\/arquitecturadegalicia.eu\/blog\/praza-do-curro\/#primaryimage","url":"https:\/\/arquitecturadegalicia.eu\/blog\/wp-content\/uploads\/2015\/04\/AG_praza_curro_noia_salgado_linhares_00.jpg","contentUrl":"https:\/\/arquitecturadegalicia.eu\/blog\/wp-content\/uploads\/2015\/04\/AG_praza_curro_noia_salgado_linhares_00.jpg","width":620,"height":465},{"@type":"BreadcrumbList","@id":"https:\/\/arquitecturadegalicia.eu\/blog\/praza-do-curro\/#breadcrumb","itemListElement":[{"@type":"ListItem","position":1,"name":"Portada","item":"https:\/\/arquitecturadegalicia.eu\/blog\/"},{"@type":"ListItem","position":2,"name":"Praza do Curro"}]},{"@type":"WebSite","@id":"https:\/\/arquitecturadegalicia.eu\/blog\/#website","url":"https:\/\/arquitecturadegalicia.eu\/blog\/","name":"AG","description":"Arquitectura de Galicia","publisher":{"@id":"https:\/\/arquitecturadegalicia.eu\/blog\/#organization"},"potentialAction":[{"@type":"SearchAction","target":{"@type":"EntryPoint","urlTemplate":"https:\/\/arquitecturadegalicia.eu\/blog\/?s={search_term_string}"},"query-input":{"@type":"PropertyValueSpecification","valueRequired":true,"valueName":"search_term_string"}}],"inLanguage":"es"},{"@type":"Organization","@id":"https:\/\/arquitecturadegalicia.eu\/blog\/#organization","name":"Arquitectura de Galicia","url":"https:\/\/arquitecturadegalicia.eu\/blog\/","logo":{"@type":"ImageObject","inLanguage":"es","@id":"https:\/\/arquitecturadegalicia.eu\/blog\/#\/schema\/logo\/image\/","url":"https:\/\/arquitecturadegalicia.eu\/blog\/wp-content\/uploads\/2017\/01\/arquitecturacurrents2.png","contentUrl":"https:\/\/arquitecturadegalicia.eu\/blog\/wp-content\/uploads\/2017\/01\/arquitecturacurrents2.png","width":840,"height":640,"caption":"Arquitectura de Galicia"},"image":{"@id":"https:\/\/arquitecturadegalicia.eu\/blog\/#\/schema\/logo\/image\/"},"sameAs":["https:\/\/www.facebook.com\/ArquitecturadeGalicia\/","https:\/\/x.com\/arquigaliciaeu","https:\/\/www.instagram.com\/arquigaliciaeu\/"]},{"@type":"Person","@id":"https:\/\/arquitecturadegalicia.eu\/blog\/#\/schema\/person\/a51297ea3eeddd32ccbd89a218e148f1","name":"Iago Valverde","image":{"@type":"ImageObject","inLanguage":"es","@id":"https:\/\/arquitecturadegalicia.eu\/blog\/#\/schema\/person\/image\/","url":"https:\/\/secure.gravatar.com\/avatar\/eb8a9f2f10ff79db5c78989d92f1e8b2?s=96&d=mm&r=g","contentUrl":"https:\/\/secure.gravatar.com\/avatar\/eb8a9f2f10ff79db5c78989d92f1e8b2?s=96&d=mm&r=g","caption":"Iago Valverde"},"description":"Nigr\u00e1n | Edici\u00f3n de artigos e xeolocalizaci\u00f3n | Arquitecto en formaci\u00f3n na ETSAC e cursando PFC. Interesado en urbanismo, arquitectura, pol\u00edtica, e todo aquilo que \u00e9 complexo e vital","url":"https:\/\/arquitecturadegalicia.eu\/blog\/author\/iago-valverde\/"}]}},"jetpack_featured_media_url":"https:\/\/arquitecturadegalicia.eu\/blog\/wp-content\/uploads\/2015\/04\/AG_praza_curro_noia_salgado_linhares_00.jpg","jetpack_shortlink":"https:\/\/wp.me\/p2NHs2-3vR","jetpack_sharing_enabled":true,"_links":{"self":[{"href":"https:\/\/arquitecturadegalicia.eu\/blog\/wp-json\/wp\/v2\/posts\/13507","targetHints":{"allow":["GET"]}}],"collection":[{"href":"https:\/\/arquitecturadegalicia.eu\/blog\/wp-json\/wp\/v2\/posts"}],"about":[{"href":"https:\/\/arquitecturadegalicia.eu\/blog\/wp-json\/wp\/v2\/types\/post"}],"author":[{"embeddable":true,"href":"https:\/\/arquitecturadegalicia.eu\/blog\/wp-json\/wp\/v2\/users\/8"}],"replies":[{"embeddable":true,"href":"https:\/\/arquitecturadegalicia.eu\/blog\/wp-json\/wp\/v2\/comments?post=13507"}],"version-history":[{"count":3,"href":"https:\/\/arquitecturadegalicia.eu\/blog\/wp-json\/wp\/v2\/posts\/13507\/revisions"}],"predecessor-version":[{"id":13520,"href":"https:\/\/arquitecturadegalicia.eu\/blog\/wp-json\/wp\/v2\/posts\/13507\/revisions\/13520"}],"wp:featuredmedia":[{"embeddable":true,"href":"https:\/\/arquitecturadegalicia.eu\/blog\/wp-json\/wp\/v2\/media\/13509"}],"wp:attachment":[{"href":"https:\/\/arquitecturadegalicia.eu\/blog\/wp-json\/wp\/v2\/media?parent=13507"}],"wp:term":[{"taxonomy":"category","embeddable":true,"href":"https:\/\/arquitecturadegalicia.eu\/blog\/wp-json\/wp\/v2\/categories?post=13507"},{"taxonomy":"post_tag","embeddable":true,"href":"https:\/\/arquitecturadegalicia.eu\/blog\/wp-json\/wp\/v2\/tags?post=13507"},{"taxonomy":"ano","embeddable":true,"href":"https:\/\/arquitecturadegalicia.eu\/blog\/wp-json\/wp\/v2\/ano?post=13507"},{"taxonomy":"arquitectos","embeddable":true,"href":"https:\/\/arquitecturadegalicia.eu\/blog\/wp-json\/wp\/v2\/arquitectos?post=13507"},{"taxonomy":"tipoloxia","embeddable":true,"href":"https:\/\/arquitecturadegalicia.eu\/blog\/wp-json\/wp\/v2\/tipoloxia?post=13507"}],"curies":[{"name":"wp","href":"https:\/\/api.w.org\/{rel}","templated":true}]}}