{"id":13630,"date":"2015-06-01T12:00:08","date_gmt":"2015-06-01T10:00:08","guid":{"rendered":"http:\/\/arquitecturadegalicia.eu\/blog\/?p=13630"},"modified":"2015-05-31T13:50:32","modified_gmt":"2015-05-31T11:50:32","slug":"cooperativa-de-vivendas-galeras-entrerrios","status":"publish","type":"post","link":"https:\/\/arquitecturadegalicia.eu\/blog\/cooperativa-de-vivendas-galeras-entrerrios\/","title":{"rendered":"Cooperativa de Vivendas Galeras Entrerr\u00edos"},"content":{"rendered":"<h6 style=\"text-align: right;\"><span style=\"color: #999999;\"><img fetchpriority=\"high\" decoding=\"async\" class=\"alignnone size-full wp-image-13631\" src=\"http:\/\/arquitecturadegalicia.eu\/blog\/wp-content\/uploads\/2015\/05\/AG_vivendas_galeras_entrerios_carbajo_barrios_compostela_00.jpg\" alt=\"AG_vivendas_galeras_entrerios_carbajo_barrios_compostela_00\" width=\"620\" height=\"344\" \/><\/span><a href=\"http:\/\/www.santos-diez.com\/\" target=\"_blank\"><br \/>\n<span style=\"color: #999999;\">Santos-D\u00edez<\/span><\/a><span style=\"color: #999999;\"> | <a style=\"color: #999999;\" href=\"http:\/\/www.bisimages.com\/\" target=\"_blank\">BISimages<\/a><\/span><\/h6>\n<table class=\"aligncenter\" border=\"0\" width=\"620\" cellspacing=\"0\" cellpadding=\"0\">\n<tbody>\n<tr>\n<td width=\"180\"><strong>Obra:<\/strong><\/td>\n<td style=\"text-align: left;\">Cooperativa de Vivendas Galeras Entrerr\u00edos<\/td>\n<\/tr>\n<tr>\n<td><strong>Arquitecto:<\/strong><\/td>\n<td>Carbajo Barrios Arquitectos | Manuel Carbajo e Celso Barrios<\/td>\n<\/tr>\n<tr>\n<td><strong>Provincia:<\/strong><\/td>\n<td>A Coru\u00f1a<\/td>\n<\/tr>\n<tr>\n<td><strong>Localidade:<\/strong><\/td>\n<td>Santiago de Compostela<\/td>\n<\/tr>\n<tr>\n<td><strong>Ano:<\/strong><\/td>\n<td>2012 &#8211; 2015<\/td>\n<\/tr>\n<tr>\n<td><strong>Xeolocalizaci\u00f3n:<\/strong><\/td>\n<td><a href=\"https:\/\/www.google.com\/fusiontables\/embedviz?q=select+col6+from+1SDgapi_D5DlY376iYYP9rfBhe0o6WliHne9w0EmJ&amp;viz=MAP&amp;h=false&amp;lat=42.88304460622574&amp;lng=-8.547469749834129&amp;t=3&amp;z=18&amp;l=col6&amp;y=2&amp;tmplt=2&amp;hml=KML\" target=\"_blank\"><strong>42.883238, \u00a0-8.547419<\/strong><\/a><\/td>\n<\/tr>\n<\/tbody>\n<\/table>\n<table class=\" aligncenter\" border=\"0\" width=\"620\" cellspacing=\"0\" cellpadding=\"0\">\n<tbody>\n<tr>\n<td colspan=\"3\"><strong>Outros Datos:<\/strong><\/td>\n<\/tr>\n<tr>\n<td width=\"20\"><\/td>\n<td colspan=\"2\"><strong>Premios:<\/strong><\/td>\n<\/tr>\n<tr>\n<td width=\"20\"><\/td>\n<td width=\"20\"><\/td>\n<td width=\"580\">Seleccionado | Premio FAD | 2015<\/td>\n<\/tr>\n<tr>\n<td width=\"20\"><\/td>\n<td colspan=\"2\"><strong>Publicaci\u00f3ns:<\/strong><\/td>\n<\/tr>\n<tr>\n<td width=\"20\"><\/td>\n<td width=\"20\"><\/td>\n<td><\/td>\n<\/tr>\n<tr>\n<td width=\"20\"><\/td>\n<td colspan=\"2\"><strong>Informaci\u00f3n na rede:<\/strong><\/td>\n<\/tr>\n<tr>\n<td width=\"20\"><\/td>\n<td width=\"20\"><\/td>\n<td><strong><strong><a href=\"http:\/\/carbajobarrios.com\/\" target=\"_blank\">carbajobarrios.com<\/a><br \/>\n<a href=\"http:\/\/www.grupoarial.es\/ge\/proyecto.php\" target=\"_blank\">grupoarial.es<\/a><\/strong><\/strong><\/td>\n<\/tr>\n<tr>\n<td width=\"20\"><\/td>\n<td colspan=\"2\"><strong>Descripci\u00f3n do proxecto:<\/strong><\/td>\n<\/tr>\n<tr>\n<td width=\"20\"><\/td>\n<td width=\"20\"><\/td>\n<td style=\"text-align: justify;\">\u00abO \u00e1mbito de actuaci\u00f3n ocupa unha posici\u00f3n de borde do antigo recinto amurallado da cidade hist\u00f3rica de Santiago, caracterizado pola proximidade de elementos de especial relevancia na cidade, tanto p\u00fablicos como privados. Espazos libres como a Praza da Quintana e a Praza do Obradoiro, ou a recentemente trazada Avenida de Xoan XXIII. Fitos edificatorios como o Pazo de Fonseca, o Hospital Real (Hostal dos Reis Cat\u00f3licos), o Pazo de Raxoi ou a Facultade de Medicina. E, eminentemente, as construci\u00f3ns relixiosas que determinaron a historia da cidade, a Catedral, e os Conventos de San Francisco, San Mart\u00ed\u00f1o Pinario e San Paio.<br \/>\nRespectando a normativa volum\u00e9trica da parcela, proponse cubertas planas que en continuidade dos espazos baixo cuberta potencie a linealidade do conxunto, evitando soluci\u00f3ns conflitivas nos posibles testeiros resultantes dunha configuraci\u00f3n de cuberta inclinada. Adicionalmente, co retranqueo provocado polo cumprimento do g\u00e1libo de cuberta, a edificaci\u00f3n vaise descompondo e reducindo o seu volume ao chegar \u00e1 m\u00e1xima cota.<br \/>\nO uso previsto, residencial de vivenda colectiva, debido aos tama\u00f1os actuais das unidades de vivenda e as s\u00faas elevadas demandas de iluminaci\u00f3n e ventilaci\u00f3n natural, require de elementos de maior transparencia formalizados en galer\u00edas e ocos de maior formato, o que contrasta coa opacidade e reducidos ocos propio dos elementos singulares da cidade hist\u00f3rica.<br \/>\nProponse a total apertura dos espazos de fachada cara ao exterior, co consecuente aproveitamento da luz natural e das vistas que a situaci\u00f3n da edificaci\u00f3n posibilita, matizada por un elemento exterior en brise soleil que ao mesmo tempo que contrib\u00fae a un mellor control solar e a matizar a relaci\u00f3n visual do interior das vivendas coa s\u00faa contorna inmediata, achega un maior peso ao conxunto, p\u00f3ndoo en relaci\u00f3n \u00e1s soluci\u00f3ns \u00abmurarias\u00bb habituais na trama onde o edificio se atopa. A celos\u00eda, de ata un metro de profundidade, componse de elementos horizontais de formig\u00f3n armado visto e pantallas verticais acabadas con pezas macizas de granito silvestre abuxardada nas plantas tipo e acabado con morteiro de cal graxa en \u00faltimas plantas e baixo cuberta.<br \/>\nAdicionalmente prevese a cuberta da edificaci\u00f3n como unha fachada m\u00e1is da edificaci\u00f3n, en relaci\u00f3n coa cidade hist\u00f3rica a maior cota, utilizando materiais de acabado en continuidade coa mesma, e minimizando a presenza das instalaci\u00f3ns xerais do edificio, reduc\u00edndoas exclusivamente aos obrigados elementos de ventilaci\u00f3n do conxunto.<br \/>\nNo que respecta \u00e1 organizaci\u00f3n interna da edificaci\u00f3n, proponse un soportal na fachada este que conduce aos distintos portais en que se organiza a edificaci\u00f3n. Este elemento serve de filtro na relaci\u00f3n p\u00fablico-privado, albergando tam\u00e9n un paso transversal peonil que posibilita a relaci\u00f3n directa entre o futuro Centro de Sa\u00fade e o cami\u00f1o de acceso cara a r\u00faa Galeras xunto \u00e1 Tesourer\u00eda Xeral da Seguridade Social. A diferenza de fondos edificatorios entre as plantas soto e sobre a rasante, xunto coa obrigatoria situaci\u00f3n de vivendas na planta baixa, posibilita a aparici\u00f3n de pequenos espazos libres privados nesta planta, orientados ao oeste. Estas vivendas, en raz\u00f3n \u00e1 ordenanza volum\u00e9trica, que permite a existencia dun z\u00f3calo que aflora cara ao oeste da parcela albergando as plantas destinadas a garaxe, sit\u00faanse nunha cota superior \u00e1 rasante da v\u00eda p\u00fablica, ata chegar a unha altura de 3,50 metros nas inmediaci\u00f3ns da R\u00faa Entrerr\u00edos\u00bb<br \/>\nCarbajo Barrios Arquitectos<\/td>\n<\/tr>\n<tr>\n<td width=\"20\"><\/td>\n<td colspan=\"2\"><strong>Reportaxe fotogr\u00e1fica: <\/strong><\/td>\n<\/tr>\n<tr>\n<td width=\"20\"><\/td>\n<td colspan=\"2\">&#8211;<\/td>\n<\/tr>\n<tr>\n<td width=\"20\"><\/td>\n<td colspan=\"2\"><strong>Planos: <\/strong><\/td>\n<\/tr>\n<tr>\n<td width=\"20\"><\/td>\n<td colspan=\"2\"><a href=\"http:\/\/www.grupoarial.es\/ge\/proyecto.php\" target=\"_blank\">grupoarial.es<\/a><\/td>\n<\/tr>\n<\/tbody>\n<\/table>\n <\/p>\n","protected":false},"excerpt":{"rendered":"<p>\u00abProponse a total apertura dos espazos de fachada cara ao exterior, co consecuente aproveitamento da luz natural e das vistas que a situaci\u00f3n da edificaci\u00f3n posibilita, matizada por un elemento exterior en brise soleil\u00bb  Carbajo Barrios Arquitectos<\/p>\n","protected":false},"author":8,"featured_media":13631,"comment_status":"open","ping_status":"open","sticky":false,"template":"","format":"standard","meta":{"jetpack_post_was_ever_published":false,"_jetpack_newsletter_access":"","_jetpack_dont_email_post_to_subs":false,"_jetpack_newsletter_tier_id":0,"_jetpack_memberships_contains_paywalled_content":false,"_jetpack_memberships_contains_paid_content":false,"footnotes":"","jetpack_publicize_message":"","jetpack_publicize_feature_enabled":true,"jetpack_social_post_already_shared":true,"jetpack_social_options":{"image_generator_settings":{"template":"highway","enabled":false},"version":2}},"categories":[22],"tags":[781,597,77,108],"ano":[],"arquitectos":[],"tipoloxia":[],"class_list":["post-13630","post","type-post","status-publish","format-standard","has-post-thumbnail","hentry","category-santiago-de-compostela","tag-781","tag-carbajo-barrios-arquitectos","tag-colectiva","tag-vivenda","content-print"],"jetpack_publicize_connections":[],"yoast_head":"<!-- This site is optimized with the Yoast SEO plugin v24.1 - https:\/\/yoast.com\/wordpress\/plugins\/seo\/ -->\n<title>Cooperativa de Vivendas Galeras Entrerr\u00edos | AG<\/title>\n<meta name=\"robots\" content=\"index, follow, max-snippet:-1, max-image-preview:large, max-video-preview:-1\" \/>\n<link rel=\"canonical\" href=\"http:\/\/arquitecturadegalicia.eu\/blog\/cooperativa-de-vivendas-galeras-entrerrios\/\" \/>\n<meta property=\"og:locale\" content=\"es_ES\" \/>\n<meta property=\"og:type\" content=\"article\" \/>\n<meta property=\"og:title\" content=\"Cooperativa de Vivendas Galeras Entrerr\u00edos | AG\" \/>\n<meta property=\"og:description\" content=\"&quot;Proponse a total apertura dos espazos de fachada cara ao exterior, co consecuente aproveitamento da luz natural e das vistas que a situaci\u00f3n da edificaci\u00f3n posibilita, matizada por un elemento exterior en brise soleil&quot; Carbajo Barrios Arquitectos\" \/>\n<meta property=\"og:url\" content=\"http:\/\/arquitecturadegalicia.eu\/blog\/cooperativa-de-vivendas-galeras-entrerrios\/\" \/>\n<meta property=\"og:site_name\" content=\"AG\" \/>\n<meta property=\"article:publisher\" content=\"https:\/\/www.facebook.com\/ArquitecturadeGalicia\/\" \/>\n<meta property=\"article:published_time\" content=\"2015-06-01T10:00:08+00:00\" \/>\n<meta property=\"article:modified_time\" content=\"2015-05-31T11:50:32+00:00\" \/>\n<meta property=\"og:image\" content=\"http:\/\/arquitecturadegalicia.eu\/blog\/wp-content\/uploads\/2015\/05\/AG_vivendas_galeras_entrerios_carbajo_barrios_compostela_00.jpg\" \/>\n\t<meta property=\"og:image:width\" content=\"620\" \/>\n\t<meta property=\"og:image:height\" content=\"344\" \/>\n\t<meta property=\"og:image:type\" content=\"image\/jpeg\" \/>\n<meta name=\"author\" content=\"Iago Valverde\" \/>\n<meta name=\"twitter:card\" content=\"summary_large_image\" \/>\n<meta name=\"twitter:creator\" content=\"@arquigaliciaeu\" \/>\n<meta name=\"twitter:site\" content=\"@arquigaliciaeu\" \/>\n<meta name=\"twitter:label1\" content=\"Escrito por\" \/>\n\t<meta name=\"twitter:data1\" content=\"Iago Valverde\" \/>\n\t<meta name=\"twitter:label2\" content=\"Tiempo de lectura\" \/>\n\t<meta name=\"twitter:data2\" content=\"3 minutos\" \/>\n<script type=\"application\/ld+json\" class=\"yoast-schema-graph\">{\"@context\":\"https:\/\/schema.org\",\"@graph\":[{\"@type\":\"Article\",\"@id\":\"http:\/\/arquitecturadegalicia.eu\/blog\/cooperativa-de-vivendas-galeras-entrerrios\/#article\",\"isPartOf\":{\"@id\":\"http:\/\/arquitecturadegalicia.eu\/blog\/cooperativa-de-vivendas-galeras-entrerrios\/\"},\"author\":{\"name\":\"Iago Valverde\",\"@id\":\"https:\/\/arquitecturadegalicia.eu\/blog\/#\/schema\/person\/a51297ea3eeddd32ccbd89a218e148f1\"},\"headline\":\"Cooperativa de Vivendas Galeras Entrerr\u00edos\",\"datePublished\":\"2015-06-01T10:00:08+00:00\",\"dateModified\":\"2015-05-31T11:50:32+00:00\",\"mainEntityOfPage\":{\"@id\":\"http:\/\/arquitecturadegalicia.eu\/blog\/cooperativa-de-vivendas-galeras-entrerrios\/\"},\"wordCount\":657,\"commentCount\":0,\"publisher\":{\"@id\":\"https:\/\/arquitecturadegalicia.eu\/blog\/#organization\"},\"image\":{\"@id\":\"http:\/\/arquitecturadegalicia.eu\/blog\/cooperativa-de-vivendas-galeras-entrerrios\/#primaryimage\"},\"thumbnailUrl\":\"https:\/\/arquitecturadegalicia.eu\/blog\/wp-content\/uploads\/2015\/05\/AG_vivendas_galeras_entrerios_carbajo_barrios_compostela_00.jpg\",\"keywords\":[\"2015\",\"Carbajo Barrios Arquitectos\",\"colectiva\",\"Vivenda\"],\"articleSection\":[\"Santiago de Compostela\"],\"inLanguage\":\"es\",\"potentialAction\":[{\"@type\":\"CommentAction\",\"name\":\"Comment\",\"target\":[\"http:\/\/arquitecturadegalicia.eu\/blog\/cooperativa-de-vivendas-galeras-entrerrios\/#respond\"]}]},{\"@type\":\"WebPage\",\"@id\":\"http:\/\/arquitecturadegalicia.eu\/blog\/cooperativa-de-vivendas-galeras-entrerrios\/\",\"url\":\"http:\/\/arquitecturadegalicia.eu\/blog\/cooperativa-de-vivendas-galeras-entrerrios\/\",\"name\":\"Cooperativa de Vivendas Galeras Entrerr\u00edos | AG\",\"isPartOf\":{\"@id\":\"https:\/\/arquitecturadegalicia.eu\/blog\/#website\"},\"primaryImageOfPage\":{\"@id\":\"http:\/\/arquitecturadegalicia.eu\/blog\/cooperativa-de-vivendas-galeras-entrerrios\/#primaryimage\"},\"image\":{\"@id\":\"http:\/\/arquitecturadegalicia.eu\/blog\/cooperativa-de-vivendas-galeras-entrerrios\/#primaryimage\"},\"thumbnailUrl\":\"https:\/\/arquitecturadegalicia.eu\/blog\/wp-content\/uploads\/2015\/05\/AG_vivendas_galeras_entrerios_carbajo_barrios_compostela_00.jpg\",\"datePublished\":\"2015-06-01T10:00:08+00:00\",\"dateModified\":\"2015-05-31T11:50:32+00:00\",\"breadcrumb\":{\"@id\":\"http:\/\/arquitecturadegalicia.eu\/blog\/cooperativa-de-vivendas-galeras-entrerrios\/#breadcrumb\"},\"inLanguage\":\"es\",\"potentialAction\":[{\"@type\":\"ReadAction\",\"target\":[\"http:\/\/arquitecturadegalicia.eu\/blog\/cooperativa-de-vivendas-galeras-entrerrios\/\"]}]},{\"@type\":\"ImageObject\",\"inLanguage\":\"es\",\"@id\":\"http:\/\/arquitecturadegalicia.eu\/blog\/cooperativa-de-vivendas-galeras-entrerrios\/#primaryimage\",\"url\":\"https:\/\/arquitecturadegalicia.eu\/blog\/wp-content\/uploads\/2015\/05\/AG_vivendas_galeras_entrerios_carbajo_barrios_compostela_00.jpg\",\"contentUrl\":\"https:\/\/arquitecturadegalicia.eu\/blog\/wp-content\/uploads\/2015\/05\/AG_vivendas_galeras_entrerios_carbajo_barrios_compostela_00.jpg\",\"width\":620,\"height\":344},{\"@type\":\"BreadcrumbList\",\"@id\":\"http:\/\/arquitecturadegalicia.eu\/blog\/cooperativa-de-vivendas-galeras-entrerrios\/#breadcrumb\",\"itemListElement\":[{\"@type\":\"ListItem\",\"position\":1,\"name\":\"Portada\",\"item\":\"https:\/\/arquitecturadegalicia.eu\/blog\/\"},{\"@type\":\"ListItem\",\"position\":2,\"name\":\"Cooperativa de Vivendas Galeras Entrerr\u00edos\"}]},{\"@type\":\"WebSite\",\"@id\":\"https:\/\/arquitecturadegalicia.eu\/blog\/#website\",\"url\":\"https:\/\/arquitecturadegalicia.eu\/blog\/\",\"name\":\"AG\",\"description\":\"Arquitectura de Galicia\",\"publisher\":{\"@id\":\"https:\/\/arquitecturadegalicia.eu\/blog\/#organization\"},\"potentialAction\":[{\"@type\":\"SearchAction\",\"target\":{\"@type\":\"EntryPoint\",\"urlTemplate\":\"https:\/\/arquitecturadegalicia.eu\/blog\/?s={search_term_string}\"},\"query-input\":{\"@type\":\"PropertyValueSpecification\",\"valueRequired\":true,\"valueName\":\"search_term_string\"}}],\"inLanguage\":\"es\"},{\"@type\":\"Organization\",\"@id\":\"https:\/\/arquitecturadegalicia.eu\/blog\/#organization\",\"name\":\"Arquitectura de Galicia\",\"url\":\"https:\/\/arquitecturadegalicia.eu\/blog\/\",\"logo\":{\"@type\":\"ImageObject\",\"inLanguage\":\"es\",\"@id\":\"https:\/\/arquitecturadegalicia.eu\/blog\/#\/schema\/logo\/image\/\",\"url\":\"https:\/\/arquitecturadegalicia.eu\/blog\/wp-content\/uploads\/2017\/01\/arquitecturacurrents2.png\",\"contentUrl\":\"https:\/\/arquitecturadegalicia.eu\/blog\/wp-content\/uploads\/2017\/01\/arquitecturacurrents2.png\",\"width\":840,\"height\":640,\"caption\":\"Arquitectura de Galicia\"},\"image\":{\"@id\":\"https:\/\/arquitecturadegalicia.eu\/blog\/#\/schema\/logo\/image\/\"},\"sameAs\":[\"https:\/\/www.facebook.com\/ArquitecturadeGalicia\/\",\"https:\/\/x.com\/arquigaliciaeu\",\"https:\/\/www.instagram.com\/arquigaliciaeu\/\"]},{\"@type\":\"Person\",\"@id\":\"https:\/\/arquitecturadegalicia.eu\/blog\/#\/schema\/person\/a51297ea3eeddd32ccbd89a218e148f1\",\"name\":\"Iago Valverde\",\"image\":{\"@type\":\"ImageObject\",\"inLanguage\":\"es\",\"@id\":\"https:\/\/arquitecturadegalicia.eu\/blog\/#\/schema\/person\/image\/\",\"url\":\"https:\/\/secure.gravatar.com\/avatar\/eb8a9f2f10ff79db5c78989d92f1e8b2?s=96&d=mm&r=g\",\"contentUrl\":\"https:\/\/secure.gravatar.com\/avatar\/eb8a9f2f10ff79db5c78989d92f1e8b2?s=96&d=mm&r=g\",\"caption\":\"Iago Valverde\"},\"description\":\"Nigr\u00e1n | Edici\u00f3n de artigos e xeolocalizaci\u00f3n | Arquitecto en formaci\u00f3n na ETSAC e cursando PFC. Interesado en urbanismo, arquitectura, pol\u00edtica, e todo aquilo que \u00e9 complexo e vital\",\"url\":\"https:\/\/arquitecturadegalicia.eu\/blog\/author\/iago-valverde\/\"}]}<\/script>\n<!-- \/ Yoast SEO plugin. -->","yoast_head_json":{"title":"Cooperativa de Vivendas Galeras Entrerr\u00edos | AG","robots":{"index":"index","follow":"follow","max-snippet":"max-snippet:-1","max-image-preview":"max-image-preview:large","max-video-preview":"max-video-preview:-1"},"canonical":"http:\/\/arquitecturadegalicia.eu\/blog\/cooperativa-de-vivendas-galeras-entrerrios\/","og_locale":"es_ES","og_type":"article","og_title":"Cooperativa de Vivendas Galeras Entrerr\u00edos | AG","og_description":"\"Proponse a total apertura dos espazos de fachada cara ao exterior, co consecuente aproveitamento da luz natural e das vistas que a situaci\u00f3n da edificaci\u00f3n posibilita, matizada por un elemento exterior en brise soleil\" Carbajo Barrios Arquitectos","og_url":"http:\/\/arquitecturadegalicia.eu\/blog\/cooperativa-de-vivendas-galeras-entrerrios\/","og_site_name":"AG","article_publisher":"https:\/\/www.facebook.com\/ArquitecturadeGalicia\/","article_published_time":"2015-06-01T10:00:08+00:00","article_modified_time":"2015-05-31T11:50:32+00:00","og_image":[{"width":620,"height":344,"url":"http:\/\/arquitecturadegalicia.eu\/blog\/wp-content\/uploads\/2015\/05\/AG_vivendas_galeras_entrerios_carbajo_barrios_compostela_00.jpg","type":"image\/jpeg"}],"author":"Iago Valverde","twitter_card":"summary_large_image","twitter_creator":"@arquigaliciaeu","twitter_site":"@arquigaliciaeu","twitter_misc":{"Escrito por":"Iago Valverde","Tiempo de lectura":"3 minutos"},"schema":{"@context":"https:\/\/schema.org","@graph":[{"@type":"Article","@id":"http:\/\/arquitecturadegalicia.eu\/blog\/cooperativa-de-vivendas-galeras-entrerrios\/#article","isPartOf":{"@id":"http:\/\/arquitecturadegalicia.eu\/blog\/cooperativa-de-vivendas-galeras-entrerrios\/"},"author":{"name":"Iago Valverde","@id":"https:\/\/arquitecturadegalicia.eu\/blog\/#\/schema\/person\/a51297ea3eeddd32ccbd89a218e148f1"},"headline":"Cooperativa de Vivendas Galeras Entrerr\u00edos","datePublished":"2015-06-01T10:00:08+00:00","dateModified":"2015-05-31T11:50:32+00:00","mainEntityOfPage":{"@id":"http:\/\/arquitecturadegalicia.eu\/blog\/cooperativa-de-vivendas-galeras-entrerrios\/"},"wordCount":657,"commentCount":0,"publisher":{"@id":"https:\/\/arquitecturadegalicia.eu\/blog\/#organization"},"image":{"@id":"http:\/\/arquitecturadegalicia.eu\/blog\/cooperativa-de-vivendas-galeras-entrerrios\/#primaryimage"},"thumbnailUrl":"https:\/\/arquitecturadegalicia.eu\/blog\/wp-content\/uploads\/2015\/05\/AG_vivendas_galeras_entrerios_carbajo_barrios_compostela_00.jpg","keywords":["2015","Carbajo Barrios Arquitectos","colectiva","Vivenda"],"articleSection":["Santiago de Compostela"],"inLanguage":"es","potentialAction":[{"@type":"CommentAction","name":"Comment","target":["http:\/\/arquitecturadegalicia.eu\/blog\/cooperativa-de-vivendas-galeras-entrerrios\/#respond"]}]},{"@type":"WebPage","@id":"http:\/\/arquitecturadegalicia.eu\/blog\/cooperativa-de-vivendas-galeras-entrerrios\/","url":"http:\/\/arquitecturadegalicia.eu\/blog\/cooperativa-de-vivendas-galeras-entrerrios\/","name":"Cooperativa de Vivendas Galeras Entrerr\u00edos | AG","isPartOf":{"@id":"https:\/\/arquitecturadegalicia.eu\/blog\/#website"},"primaryImageOfPage":{"@id":"http:\/\/arquitecturadegalicia.eu\/blog\/cooperativa-de-vivendas-galeras-entrerrios\/#primaryimage"},"image":{"@id":"http:\/\/arquitecturadegalicia.eu\/blog\/cooperativa-de-vivendas-galeras-entrerrios\/#primaryimage"},"thumbnailUrl":"https:\/\/arquitecturadegalicia.eu\/blog\/wp-content\/uploads\/2015\/05\/AG_vivendas_galeras_entrerios_carbajo_barrios_compostela_00.jpg","datePublished":"2015-06-01T10:00:08+00:00","dateModified":"2015-05-31T11:50:32+00:00","breadcrumb":{"@id":"http:\/\/arquitecturadegalicia.eu\/blog\/cooperativa-de-vivendas-galeras-entrerrios\/#breadcrumb"},"inLanguage":"es","potentialAction":[{"@type":"ReadAction","target":["http:\/\/arquitecturadegalicia.eu\/blog\/cooperativa-de-vivendas-galeras-entrerrios\/"]}]},{"@type":"ImageObject","inLanguage":"es","@id":"http:\/\/arquitecturadegalicia.eu\/blog\/cooperativa-de-vivendas-galeras-entrerrios\/#primaryimage","url":"https:\/\/arquitecturadegalicia.eu\/blog\/wp-content\/uploads\/2015\/05\/AG_vivendas_galeras_entrerios_carbajo_barrios_compostela_00.jpg","contentUrl":"https:\/\/arquitecturadegalicia.eu\/blog\/wp-content\/uploads\/2015\/05\/AG_vivendas_galeras_entrerios_carbajo_barrios_compostela_00.jpg","width":620,"height":344},{"@type":"BreadcrumbList","@id":"http:\/\/arquitecturadegalicia.eu\/blog\/cooperativa-de-vivendas-galeras-entrerrios\/#breadcrumb","itemListElement":[{"@type":"ListItem","position":1,"name":"Portada","item":"https:\/\/arquitecturadegalicia.eu\/blog\/"},{"@type":"ListItem","position":2,"name":"Cooperativa de Vivendas Galeras Entrerr\u00edos"}]},{"@type":"WebSite","@id":"https:\/\/arquitecturadegalicia.eu\/blog\/#website","url":"https:\/\/arquitecturadegalicia.eu\/blog\/","name":"AG","description":"Arquitectura de Galicia","publisher":{"@id":"https:\/\/arquitecturadegalicia.eu\/blog\/#organization"},"potentialAction":[{"@type":"SearchAction","target":{"@type":"EntryPoint","urlTemplate":"https:\/\/arquitecturadegalicia.eu\/blog\/?s={search_term_string}"},"query-input":{"@type":"PropertyValueSpecification","valueRequired":true,"valueName":"search_term_string"}}],"inLanguage":"es"},{"@type":"Organization","@id":"https:\/\/arquitecturadegalicia.eu\/blog\/#organization","name":"Arquitectura de Galicia","url":"https:\/\/arquitecturadegalicia.eu\/blog\/","logo":{"@type":"ImageObject","inLanguage":"es","@id":"https:\/\/arquitecturadegalicia.eu\/blog\/#\/schema\/logo\/image\/","url":"https:\/\/arquitecturadegalicia.eu\/blog\/wp-content\/uploads\/2017\/01\/arquitecturacurrents2.png","contentUrl":"https:\/\/arquitecturadegalicia.eu\/blog\/wp-content\/uploads\/2017\/01\/arquitecturacurrents2.png","width":840,"height":640,"caption":"Arquitectura de Galicia"},"image":{"@id":"https:\/\/arquitecturadegalicia.eu\/blog\/#\/schema\/logo\/image\/"},"sameAs":["https:\/\/www.facebook.com\/ArquitecturadeGalicia\/","https:\/\/x.com\/arquigaliciaeu","https:\/\/www.instagram.com\/arquigaliciaeu\/"]},{"@type":"Person","@id":"https:\/\/arquitecturadegalicia.eu\/blog\/#\/schema\/person\/a51297ea3eeddd32ccbd89a218e148f1","name":"Iago Valverde","image":{"@type":"ImageObject","inLanguage":"es","@id":"https:\/\/arquitecturadegalicia.eu\/blog\/#\/schema\/person\/image\/","url":"https:\/\/secure.gravatar.com\/avatar\/eb8a9f2f10ff79db5c78989d92f1e8b2?s=96&d=mm&r=g","contentUrl":"https:\/\/secure.gravatar.com\/avatar\/eb8a9f2f10ff79db5c78989d92f1e8b2?s=96&d=mm&r=g","caption":"Iago Valverde"},"description":"Nigr\u00e1n | Edici\u00f3n de artigos e xeolocalizaci\u00f3n | Arquitecto en formaci\u00f3n na ETSAC e cursando PFC. Interesado en urbanismo, arquitectura, pol\u00edtica, e todo aquilo que \u00e9 complexo e vital","url":"https:\/\/arquitecturadegalicia.eu\/blog\/author\/iago-valverde\/"}]}},"jetpack_featured_media_url":"https:\/\/arquitecturadegalicia.eu\/blog\/wp-content\/uploads\/2015\/05\/AG_vivendas_galeras_entrerios_carbajo_barrios_compostela_00.jpg","jetpack_shortlink":"https:\/\/wp.me\/p2NHs2-3xQ","jetpack_sharing_enabled":true,"_links":{"self":[{"href":"https:\/\/arquitecturadegalicia.eu\/blog\/wp-json\/wp\/v2\/posts\/13630","targetHints":{"allow":["GET"]}}],"collection":[{"href":"https:\/\/arquitecturadegalicia.eu\/blog\/wp-json\/wp\/v2\/posts"}],"about":[{"href":"https:\/\/arquitecturadegalicia.eu\/blog\/wp-json\/wp\/v2\/types\/post"}],"author":[{"embeddable":true,"href":"https:\/\/arquitecturadegalicia.eu\/blog\/wp-json\/wp\/v2\/users\/8"}],"replies":[{"embeddable":true,"href":"https:\/\/arquitecturadegalicia.eu\/blog\/wp-json\/wp\/v2\/comments?post=13630"}],"version-history":[{"count":3,"href":"https:\/\/arquitecturadegalicia.eu\/blog\/wp-json\/wp\/v2\/posts\/13630\/revisions"}],"predecessor-version":[{"id":13635,"href":"https:\/\/arquitecturadegalicia.eu\/blog\/wp-json\/wp\/v2\/posts\/13630\/revisions\/13635"}],"wp:featuredmedia":[{"embeddable":true,"href":"https:\/\/arquitecturadegalicia.eu\/blog\/wp-json\/wp\/v2\/media\/13631"}],"wp:attachment":[{"href":"https:\/\/arquitecturadegalicia.eu\/blog\/wp-json\/wp\/v2\/media?parent=13630"}],"wp:term":[{"taxonomy":"category","embeddable":true,"href":"https:\/\/arquitecturadegalicia.eu\/blog\/wp-json\/wp\/v2\/categories?post=13630"},{"taxonomy":"post_tag","embeddable":true,"href":"https:\/\/arquitecturadegalicia.eu\/blog\/wp-json\/wp\/v2\/tags?post=13630"},{"taxonomy":"ano","embeddable":true,"href":"https:\/\/arquitecturadegalicia.eu\/blog\/wp-json\/wp\/v2\/ano?post=13630"},{"taxonomy":"arquitectos","embeddable":true,"href":"https:\/\/arquitecturadegalicia.eu\/blog\/wp-json\/wp\/v2\/arquitectos?post=13630"},{"taxonomy":"tipoloxia","embeddable":true,"href":"https:\/\/arquitecturadegalicia.eu\/blog\/wp-json\/wp\/v2\/tipoloxia?post=13630"}],"curies":[{"name":"wp","href":"https:\/\/api.w.org\/{rel}","templated":true}]}}