{"id":13847,"date":"2015-09-21T12:00:24","date_gmt":"2015-09-21T10:00:24","guid":{"rendered":"http:\/\/arquitecturadegalicia.eu\/blog\/?p=13847"},"modified":"2015-09-12T18:28:55","modified_gmt":"2015-09-12T16:28:55","slug":"duas-prazas-en-vilanova-dos-infantes","status":"publish","type":"post","link":"https:\/\/arquitecturadegalicia.eu\/blog\/duas-prazas-en-vilanova-dos-infantes\/","title":{"rendered":"D\u00faas prazas en Vilanova dos Infantes"},"content":{"rendered":"<h6 style=\"text-align: right;\"><span style=\"color: #999999;\"><img fetchpriority=\"high\" decoding=\"async\" class=\"alignnone size-full wp-image-13848\" src=\"http:\/\/arquitecturadegalicia.eu\/blog\/wp-content\/uploads\/2015\/09\/AG_duas_prazas_vilanova_infantes_gonzalez-cebrian_tello_celanova_00.jpg\" alt=\"AG_duas_prazas_vilanova_infantes_gonzalez-cebrian_tello_celanova_00\" width=\"620\" height=\"620\" srcset=\"https:\/\/arquitecturadegalicia.eu\/blog\/wp-content\/uploads\/2015\/09\/AG_duas_prazas_vilanova_infantes_gonzalez-cebrian_tello_celanova_00.jpg 620w, https:\/\/arquitecturadegalicia.eu\/blog\/wp-content\/uploads\/2015\/09\/AG_duas_prazas_vilanova_infantes_gonzalez-cebrian_tello_celanova_00-110x110.jpg 110w\" sizes=\"(max-width: 620px) 100vw, 620px\" \/><br \/>\nGonz\u00e1lez-Cebri\u00e1n Tello<\/span><\/h6>\n<table class=\"aligncenter\" border=\"0\" width=\"620\" cellspacing=\"0\" cellpadding=\"0\">\n<tbody>\n<tr>\n<td width=\"180\"><strong>Obra:<\/strong><\/td>\n<td style=\"text-align: left;\">Praza do balc\u00f3n e do recreo en Vilanova dos Infantes<\/td>\n<\/tr>\n<tr>\n<td><strong>Arquitecto:<\/strong><\/td>\n<td>Jos\u00e9 Gonz\u00e1lez-Cebri\u00e1n Tello<\/td>\n<\/tr>\n<tr>\n<td><strong>Provincia:<\/strong><\/td>\n<td>Ourense<\/td>\n<\/tr>\n<tr>\n<td><strong>Localidade:<\/strong><\/td>\n<td>Vilanova dos Infantes, Celanova<\/td>\n<\/tr>\n<tr>\n<td><strong>Ano:<\/strong><\/td>\n<td>2000 &#8211; 2001<\/td>\n<\/tr>\n<tr>\n<td><strong>Xeolocalizaci\u00f3n:<\/strong><\/td>\n<td><strong><a href=\"https:\/\/www.google.com\/fusiontables\/embedviz?q=select+col6+from+1SDgapi_D5DlY376iYYP9rfBhe0o6WliHne9w0EmJ&amp;viz=MAP&amp;h=false&amp;lat=42.16561148618671&amp;lng=-7.955205812837669&amp;t=3&amp;z=19&amp;l=col6&amp;y=2&amp;tmplt=2&amp;hml=KML\" target=\"_blank\">42.165833, \u00a0-7.955226<\/a><\/strong><\/td>\n<\/tr>\n<\/tbody>\n<\/table>\n<table class=\" aligncenter\" border=\"0\" width=\"620\" cellspacing=\"0\" cellpadding=\"0\">\n<tbody>\n<tr>\n<td colspan=\"3\"><strong>Outros Datos:<\/strong><\/td>\n<\/tr>\n<tr>\n<td width=\"20\"><\/td>\n<td colspan=\"2\"><strong>Premios:<\/strong><\/td>\n<\/tr>\n<tr>\n<td width=\"20\"><\/td>\n<td width=\"20\"><\/td>\n<td width=\"580\">Ga\u00f1ador | Premio COAG. Espazos P\u00fablicos | 2002<\/td>\n<\/tr>\n<tr>\n<td width=\"20\"><\/td>\n<td colspan=\"2\"><strong>Publicaci\u00f3ns:<\/strong><\/td>\n<\/tr>\n<tr>\n<td width=\"20\"><\/td>\n<td width=\"20\"><\/td>\n<td>Raigame: Revista de Arte No 34 | 2011<br \/>\nObradoiro No 31 | 2005<\/td>\n<\/tr>\n<tr>\n<td width=\"20\"><\/td>\n<td colspan=\"2\"><strong>Informaci\u00f3n na rede:<\/strong><\/td>\n<\/tr>\n<tr>\n<td width=\"20\"><\/td>\n<td width=\"20\"><\/td>\n<td>&#8211;<\/td>\n<\/tr>\n<tr>\n<td width=\"20\"><\/td>\n<td colspan=\"2\"><strong>Descripci\u00f3n do proxecto:<\/strong><\/td>\n<\/tr>\n<tr>\n<td width=\"20\"><\/td>\n<td width=\"20\"><\/td>\n<td style=\"text-align: justify;\">\u00abO proxecto que se presenta pretende ser elemental no seu contido e respectuoso coa realidade existente (pendentes, edificaci\u00f3ns e referencias urbanas) perseguindo a recualificaci\u00f3n ambiental do n\u00facleo mediante a utilizaci\u00f3n de materiais propios (granito, madeira, vexetaci\u00f3n) utilizados nas s\u00faas dimensi\u00f3ns e caracter\u00edsticas, con extrema preocupaci\u00f3n pola escala do nucleo e a s\u00faa asimilaci\u00f3n pola poboaci\u00f3n residente no pequeno n\u00facleo hist\u00f3rico de base rural como \u00e9 Vilanova dos Infantes\u00bb<br \/>\nGonz\u00e1lez-Cebri\u00e1n Tello<\/td>\n<\/tr>\n<tr>\n<td width=\"20\"><\/td>\n<td colspan=\"2\"><strong>Reportaxe fotogr\u00e1fica: <\/strong><\/td>\n<\/tr>\n<tr>\n<td width=\"20\"><\/td>\n<td colspan=\"2\">&#8211;<\/td>\n<\/tr>\n<tr>\n<td width=\"20\"><\/td>\n<td colspan=\"2\"><strong>Planos: <\/strong><\/td>\n<\/tr>\n<tr>\n<td width=\"20\"><\/td>\n<td colspan=\"2\">&#8211;<\/td>\n<\/tr>\n<\/tbody>\n<\/table>\n<p>&nbsp;<\/p>\n","protected":false},"excerpt":{"rendered":"<p>\u00abO proxecto que se presenta pretende ser elemental no seu contido e respectuoso coa realidade existente perseguindo a recualificaci\u00f3n ambiental do n\u00facleo\u00bb<br \/>\n Gonz\u00e1lez-Cebri\u00e1n Tello<\/p>\n","protected":false},"author":8,"featured_media":13848,"comment_status":"open","ping_status":"open","sticky":false,"template":"","format":"standard","meta":{"jetpack_post_was_ever_published":false,"_jetpack_newsletter_access":"","_jetpack_dont_email_post_to_subs":false,"_jetpack_newsletter_tier_id":0,"_jetpack_memberships_contains_paywalled_content":false,"_jetpack_memberships_contains_paid_content":false,"footnotes":"","jetpack_publicize_message":"","jetpack_publicize_feature_enabled":true,"jetpack_social_post_already_shared":true,"jetpack_social_options":{"image_generator_settings":{"template":"highway","enabled":false},"version":2}},"categories":[792],"tags":[47,793,100],"ano":[],"arquitectos":[],"tipoloxia":[],"class_list":["post-13847","post","type-post","status-publish","format-standard","has-post-thumbnail","hentry","category-celanova","tag-47","tag-gonzalez-cebrian-tello","tag-remodelacion-urbana","content-print"],"jetpack_publicize_connections":[],"yoast_head":"<!-- This site is optimized with the Yoast SEO plugin v24.1 - https:\/\/yoast.com\/wordpress\/plugins\/seo\/ -->\n<title>D\u00faas prazas en Vilanova dos Infantes | AG<\/title>\n<meta name=\"robots\" content=\"index, follow, max-snippet:-1, max-image-preview:large, max-video-preview:-1\" \/>\n<link rel=\"canonical\" href=\"http:\/\/arquitecturadegalicia.eu\/blog\/duas-prazas-en-vilanova-dos-infantes\/\" \/>\n<meta property=\"og:locale\" content=\"es_ES\" \/>\n<meta property=\"og:type\" content=\"article\" \/>\n<meta property=\"og:title\" content=\"D\u00faas prazas en Vilanova dos Infantes | AG\" \/>\n<meta property=\"og:description\" content=\"&quot;O proxecto que se presenta pretende ser elemental no seu contido e respectuoso coa realidade existente perseguindo a recualificaci\u00f3n ambiental do n\u00facleo&quot;  Gonz\u00e1lez-Cebri\u00e1n Tello\" \/>\n<meta property=\"og:url\" content=\"http:\/\/arquitecturadegalicia.eu\/blog\/duas-prazas-en-vilanova-dos-infantes\/\" \/>\n<meta property=\"og:site_name\" content=\"AG\" \/>\n<meta property=\"article:publisher\" content=\"https:\/\/www.facebook.com\/ArquitecturadeGalicia\/\" \/>\n<meta property=\"article:published_time\" content=\"2015-09-21T10:00:24+00:00\" \/>\n<meta property=\"article:modified_time\" content=\"2015-09-12T16:28:55+00:00\" \/>\n<meta property=\"og:image\" content=\"http:\/\/arquitecturadegalicia.eu\/blog\/wp-content\/uploads\/2015\/09\/AG_duas_prazas_vilanova_infantes_gonzalez-cebrian_tello_celanova_00.jpg\" \/>\n\t<meta property=\"og:image:width\" content=\"620\" \/>\n\t<meta property=\"og:image:height\" content=\"620\" \/>\n\t<meta property=\"og:image:type\" content=\"image\/jpeg\" \/>\n<meta name=\"author\" content=\"Iago Valverde\" \/>\n<meta name=\"twitter:card\" content=\"summary_large_image\" \/>\n<meta name=\"twitter:creator\" content=\"@arquigaliciaeu\" \/>\n<meta name=\"twitter:site\" content=\"@arquigaliciaeu\" \/>\n<meta name=\"twitter:label1\" content=\"Escrito por\" \/>\n\t<meta name=\"twitter:data1\" content=\"Iago Valverde\" \/>\n\t<meta name=\"twitter:label2\" content=\"Tiempo de lectura\" \/>\n\t<meta name=\"twitter:data2\" content=\"1 minuto\" \/>\n<script type=\"application\/ld+json\" class=\"yoast-schema-graph\">{\"@context\":\"https:\/\/schema.org\",\"@graph\":[{\"@type\":\"Article\",\"@id\":\"http:\/\/arquitecturadegalicia.eu\/blog\/duas-prazas-en-vilanova-dos-infantes\/#article\",\"isPartOf\":{\"@id\":\"http:\/\/arquitecturadegalicia.eu\/blog\/duas-prazas-en-vilanova-dos-infantes\/\"},\"author\":{\"name\":\"Iago Valverde\",\"@id\":\"https:\/\/arquitecturadegalicia.eu\/blog\/#\/schema\/person\/a51297ea3eeddd32ccbd89a218e148f1\"},\"headline\":\"D\u00faas prazas en Vilanova dos Infantes\",\"datePublished\":\"2015-09-21T10:00:24+00:00\",\"dateModified\":\"2015-09-12T16:28:55+00:00\",\"mainEntityOfPage\":{\"@id\":\"http:\/\/arquitecturadegalicia.eu\/blog\/duas-prazas-en-vilanova-dos-infantes\/\"},\"wordCount\":161,\"commentCount\":0,\"publisher\":{\"@id\":\"https:\/\/arquitecturadegalicia.eu\/blog\/#organization\"},\"image\":{\"@id\":\"http:\/\/arquitecturadegalicia.eu\/blog\/duas-prazas-en-vilanova-dos-infantes\/#primaryimage\"},\"thumbnailUrl\":\"https:\/\/arquitecturadegalicia.eu\/blog\/wp-content\/uploads\/2015\/09\/AG_duas_prazas_vilanova_infantes_gonzalez-cebrian_tello_celanova_00.jpg\",\"keywords\":[\"2001\",\"Gonz\u00e1lez-Cebri\u00e1n Tello\",\"remodelaci\u00f3n urbana\"],\"articleSection\":[\"Celanova\"],\"inLanguage\":\"es\",\"potentialAction\":[{\"@type\":\"CommentAction\",\"name\":\"Comment\",\"target\":[\"http:\/\/arquitecturadegalicia.eu\/blog\/duas-prazas-en-vilanova-dos-infantes\/#respond\"]}]},{\"@type\":\"WebPage\",\"@id\":\"http:\/\/arquitecturadegalicia.eu\/blog\/duas-prazas-en-vilanova-dos-infantes\/\",\"url\":\"http:\/\/arquitecturadegalicia.eu\/blog\/duas-prazas-en-vilanova-dos-infantes\/\",\"name\":\"D\u00faas prazas en Vilanova dos Infantes | AG\",\"isPartOf\":{\"@id\":\"https:\/\/arquitecturadegalicia.eu\/blog\/#website\"},\"primaryImageOfPage\":{\"@id\":\"http:\/\/arquitecturadegalicia.eu\/blog\/duas-prazas-en-vilanova-dos-infantes\/#primaryimage\"},\"image\":{\"@id\":\"http:\/\/arquitecturadegalicia.eu\/blog\/duas-prazas-en-vilanova-dos-infantes\/#primaryimage\"},\"thumbnailUrl\":\"https:\/\/arquitecturadegalicia.eu\/blog\/wp-content\/uploads\/2015\/09\/AG_duas_prazas_vilanova_infantes_gonzalez-cebrian_tello_celanova_00.jpg\",\"datePublished\":\"2015-09-21T10:00:24+00:00\",\"dateModified\":\"2015-09-12T16:28:55+00:00\",\"breadcrumb\":{\"@id\":\"http:\/\/arquitecturadegalicia.eu\/blog\/duas-prazas-en-vilanova-dos-infantes\/#breadcrumb\"},\"inLanguage\":\"es\",\"potentialAction\":[{\"@type\":\"ReadAction\",\"target\":[\"http:\/\/arquitecturadegalicia.eu\/blog\/duas-prazas-en-vilanova-dos-infantes\/\"]}]},{\"@type\":\"ImageObject\",\"inLanguage\":\"es\",\"@id\":\"http:\/\/arquitecturadegalicia.eu\/blog\/duas-prazas-en-vilanova-dos-infantes\/#primaryimage\",\"url\":\"https:\/\/arquitecturadegalicia.eu\/blog\/wp-content\/uploads\/2015\/09\/AG_duas_prazas_vilanova_infantes_gonzalez-cebrian_tello_celanova_00.jpg\",\"contentUrl\":\"https:\/\/arquitecturadegalicia.eu\/blog\/wp-content\/uploads\/2015\/09\/AG_duas_prazas_vilanova_infantes_gonzalez-cebrian_tello_celanova_00.jpg\",\"width\":620,\"height\":620},{\"@type\":\"BreadcrumbList\",\"@id\":\"http:\/\/arquitecturadegalicia.eu\/blog\/duas-prazas-en-vilanova-dos-infantes\/#breadcrumb\",\"itemListElement\":[{\"@type\":\"ListItem\",\"position\":1,\"name\":\"Portada\",\"item\":\"https:\/\/arquitecturadegalicia.eu\/blog\/\"},{\"@type\":\"ListItem\",\"position\":2,\"name\":\"D\u00faas prazas en Vilanova dos Infantes\"}]},{\"@type\":\"WebSite\",\"@id\":\"https:\/\/arquitecturadegalicia.eu\/blog\/#website\",\"url\":\"https:\/\/arquitecturadegalicia.eu\/blog\/\",\"name\":\"AG\",\"description\":\"Arquitectura de Galicia\",\"publisher\":{\"@id\":\"https:\/\/arquitecturadegalicia.eu\/blog\/#organization\"},\"potentialAction\":[{\"@type\":\"SearchAction\",\"target\":{\"@type\":\"EntryPoint\",\"urlTemplate\":\"https:\/\/arquitecturadegalicia.eu\/blog\/?s={search_term_string}\"},\"query-input\":{\"@type\":\"PropertyValueSpecification\",\"valueRequired\":true,\"valueName\":\"search_term_string\"}}],\"inLanguage\":\"es\"},{\"@type\":\"Organization\",\"@id\":\"https:\/\/arquitecturadegalicia.eu\/blog\/#organization\",\"name\":\"Arquitectura de Galicia\",\"url\":\"https:\/\/arquitecturadegalicia.eu\/blog\/\",\"logo\":{\"@type\":\"ImageObject\",\"inLanguage\":\"es\",\"@id\":\"https:\/\/arquitecturadegalicia.eu\/blog\/#\/schema\/logo\/image\/\",\"url\":\"https:\/\/arquitecturadegalicia.eu\/blog\/wp-content\/uploads\/2017\/01\/arquitecturacurrents2.png\",\"contentUrl\":\"https:\/\/arquitecturadegalicia.eu\/blog\/wp-content\/uploads\/2017\/01\/arquitecturacurrents2.png\",\"width\":840,\"height\":640,\"caption\":\"Arquitectura de Galicia\"},\"image\":{\"@id\":\"https:\/\/arquitecturadegalicia.eu\/blog\/#\/schema\/logo\/image\/\"},\"sameAs\":[\"https:\/\/www.facebook.com\/ArquitecturadeGalicia\/\",\"https:\/\/x.com\/arquigaliciaeu\",\"https:\/\/www.instagram.com\/arquigaliciaeu\/\"]},{\"@type\":\"Person\",\"@id\":\"https:\/\/arquitecturadegalicia.eu\/blog\/#\/schema\/person\/a51297ea3eeddd32ccbd89a218e148f1\",\"name\":\"Iago Valverde\",\"image\":{\"@type\":\"ImageObject\",\"inLanguage\":\"es\",\"@id\":\"https:\/\/arquitecturadegalicia.eu\/blog\/#\/schema\/person\/image\/\",\"url\":\"https:\/\/secure.gravatar.com\/avatar\/eb8a9f2f10ff79db5c78989d92f1e8b2?s=96&d=mm&r=g\",\"contentUrl\":\"https:\/\/secure.gravatar.com\/avatar\/eb8a9f2f10ff79db5c78989d92f1e8b2?s=96&d=mm&r=g\",\"caption\":\"Iago Valverde\"},\"description\":\"Nigr\u00e1n | Edici\u00f3n de artigos e xeolocalizaci\u00f3n | Arquitecto en formaci\u00f3n na ETSAC e cursando PFC. Interesado en urbanismo, arquitectura, pol\u00edtica, e todo aquilo que \u00e9 complexo e vital\",\"url\":\"https:\/\/arquitecturadegalicia.eu\/blog\/author\/iago-valverde\/\"}]}<\/script>\n<!-- \/ Yoast SEO plugin. -->","yoast_head_json":{"title":"D\u00faas prazas en Vilanova dos Infantes | AG","robots":{"index":"index","follow":"follow","max-snippet":"max-snippet:-1","max-image-preview":"max-image-preview:large","max-video-preview":"max-video-preview:-1"},"canonical":"http:\/\/arquitecturadegalicia.eu\/blog\/duas-prazas-en-vilanova-dos-infantes\/","og_locale":"es_ES","og_type":"article","og_title":"D\u00faas prazas en Vilanova dos Infantes | AG","og_description":"\"O proxecto que se presenta pretende ser elemental no seu contido e respectuoso coa realidade existente perseguindo a recualificaci\u00f3n ambiental do n\u00facleo\"  Gonz\u00e1lez-Cebri\u00e1n Tello","og_url":"http:\/\/arquitecturadegalicia.eu\/blog\/duas-prazas-en-vilanova-dos-infantes\/","og_site_name":"AG","article_publisher":"https:\/\/www.facebook.com\/ArquitecturadeGalicia\/","article_published_time":"2015-09-21T10:00:24+00:00","article_modified_time":"2015-09-12T16:28:55+00:00","og_image":[{"width":620,"height":620,"url":"http:\/\/arquitecturadegalicia.eu\/blog\/wp-content\/uploads\/2015\/09\/AG_duas_prazas_vilanova_infantes_gonzalez-cebrian_tello_celanova_00.jpg","type":"image\/jpeg"}],"author":"Iago Valverde","twitter_card":"summary_large_image","twitter_creator":"@arquigaliciaeu","twitter_site":"@arquigaliciaeu","twitter_misc":{"Escrito por":"Iago Valverde","Tiempo de lectura":"1 minuto"},"schema":{"@context":"https:\/\/schema.org","@graph":[{"@type":"Article","@id":"http:\/\/arquitecturadegalicia.eu\/blog\/duas-prazas-en-vilanova-dos-infantes\/#article","isPartOf":{"@id":"http:\/\/arquitecturadegalicia.eu\/blog\/duas-prazas-en-vilanova-dos-infantes\/"},"author":{"name":"Iago Valverde","@id":"https:\/\/arquitecturadegalicia.eu\/blog\/#\/schema\/person\/a51297ea3eeddd32ccbd89a218e148f1"},"headline":"D\u00faas prazas en Vilanova dos Infantes","datePublished":"2015-09-21T10:00:24+00:00","dateModified":"2015-09-12T16:28:55+00:00","mainEntityOfPage":{"@id":"http:\/\/arquitecturadegalicia.eu\/blog\/duas-prazas-en-vilanova-dos-infantes\/"},"wordCount":161,"commentCount":0,"publisher":{"@id":"https:\/\/arquitecturadegalicia.eu\/blog\/#organization"},"image":{"@id":"http:\/\/arquitecturadegalicia.eu\/blog\/duas-prazas-en-vilanova-dos-infantes\/#primaryimage"},"thumbnailUrl":"https:\/\/arquitecturadegalicia.eu\/blog\/wp-content\/uploads\/2015\/09\/AG_duas_prazas_vilanova_infantes_gonzalez-cebrian_tello_celanova_00.jpg","keywords":["2001","Gonz\u00e1lez-Cebri\u00e1n Tello","remodelaci\u00f3n urbana"],"articleSection":["Celanova"],"inLanguage":"es","potentialAction":[{"@type":"CommentAction","name":"Comment","target":["http:\/\/arquitecturadegalicia.eu\/blog\/duas-prazas-en-vilanova-dos-infantes\/#respond"]}]},{"@type":"WebPage","@id":"http:\/\/arquitecturadegalicia.eu\/blog\/duas-prazas-en-vilanova-dos-infantes\/","url":"http:\/\/arquitecturadegalicia.eu\/blog\/duas-prazas-en-vilanova-dos-infantes\/","name":"D\u00faas prazas en Vilanova dos Infantes | AG","isPartOf":{"@id":"https:\/\/arquitecturadegalicia.eu\/blog\/#website"},"primaryImageOfPage":{"@id":"http:\/\/arquitecturadegalicia.eu\/blog\/duas-prazas-en-vilanova-dos-infantes\/#primaryimage"},"image":{"@id":"http:\/\/arquitecturadegalicia.eu\/blog\/duas-prazas-en-vilanova-dos-infantes\/#primaryimage"},"thumbnailUrl":"https:\/\/arquitecturadegalicia.eu\/blog\/wp-content\/uploads\/2015\/09\/AG_duas_prazas_vilanova_infantes_gonzalez-cebrian_tello_celanova_00.jpg","datePublished":"2015-09-21T10:00:24+00:00","dateModified":"2015-09-12T16:28:55+00:00","breadcrumb":{"@id":"http:\/\/arquitecturadegalicia.eu\/blog\/duas-prazas-en-vilanova-dos-infantes\/#breadcrumb"},"inLanguage":"es","potentialAction":[{"@type":"ReadAction","target":["http:\/\/arquitecturadegalicia.eu\/blog\/duas-prazas-en-vilanova-dos-infantes\/"]}]},{"@type":"ImageObject","inLanguage":"es","@id":"http:\/\/arquitecturadegalicia.eu\/blog\/duas-prazas-en-vilanova-dos-infantes\/#primaryimage","url":"https:\/\/arquitecturadegalicia.eu\/blog\/wp-content\/uploads\/2015\/09\/AG_duas_prazas_vilanova_infantes_gonzalez-cebrian_tello_celanova_00.jpg","contentUrl":"https:\/\/arquitecturadegalicia.eu\/blog\/wp-content\/uploads\/2015\/09\/AG_duas_prazas_vilanova_infantes_gonzalez-cebrian_tello_celanova_00.jpg","width":620,"height":620},{"@type":"BreadcrumbList","@id":"http:\/\/arquitecturadegalicia.eu\/blog\/duas-prazas-en-vilanova-dos-infantes\/#breadcrumb","itemListElement":[{"@type":"ListItem","position":1,"name":"Portada","item":"https:\/\/arquitecturadegalicia.eu\/blog\/"},{"@type":"ListItem","position":2,"name":"D\u00faas prazas en Vilanova dos Infantes"}]},{"@type":"WebSite","@id":"https:\/\/arquitecturadegalicia.eu\/blog\/#website","url":"https:\/\/arquitecturadegalicia.eu\/blog\/","name":"AG","description":"Arquitectura de Galicia","publisher":{"@id":"https:\/\/arquitecturadegalicia.eu\/blog\/#organization"},"potentialAction":[{"@type":"SearchAction","target":{"@type":"EntryPoint","urlTemplate":"https:\/\/arquitecturadegalicia.eu\/blog\/?s={search_term_string}"},"query-input":{"@type":"PropertyValueSpecification","valueRequired":true,"valueName":"search_term_string"}}],"inLanguage":"es"},{"@type":"Organization","@id":"https:\/\/arquitecturadegalicia.eu\/blog\/#organization","name":"Arquitectura de Galicia","url":"https:\/\/arquitecturadegalicia.eu\/blog\/","logo":{"@type":"ImageObject","inLanguage":"es","@id":"https:\/\/arquitecturadegalicia.eu\/blog\/#\/schema\/logo\/image\/","url":"https:\/\/arquitecturadegalicia.eu\/blog\/wp-content\/uploads\/2017\/01\/arquitecturacurrents2.png","contentUrl":"https:\/\/arquitecturadegalicia.eu\/blog\/wp-content\/uploads\/2017\/01\/arquitecturacurrents2.png","width":840,"height":640,"caption":"Arquitectura de Galicia"},"image":{"@id":"https:\/\/arquitecturadegalicia.eu\/blog\/#\/schema\/logo\/image\/"},"sameAs":["https:\/\/www.facebook.com\/ArquitecturadeGalicia\/","https:\/\/x.com\/arquigaliciaeu","https:\/\/www.instagram.com\/arquigaliciaeu\/"]},{"@type":"Person","@id":"https:\/\/arquitecturadegalicia.eu\/blog\/#\/schema\/person\/a51297ea3eeddd32ccbd89a218e148f1","name":"Iago Valverde","image":{"@type":"ImageObject","inLanguage":"es","@id":"https:\/\/arquitecturadegalicia.eu\/blog\/#\/schema\/person\/image\/","url":"https:\/\/secure.gravatar.com\/avatar\/eb8a9f2f10ff79db5c78989d92f1e8b2?s=96&d=mm&r=g","contentUrl":"https:\/\/secure.gravatar.com\/avatar\/eb8a9f2f10ff79db5c78989d92f1e8b2?s=96&d=mm&r=g","caption":"Iago Valverde"},"description":"Nigr\u00e1n | Edici\u00f3n de artigos e xeolocalizaci\u00f3n | Arquitecto en formaci\u00f3n na ETSAC e cursando PFC. Interesado en urbanismo, arquitectura, pol\u00edtica, e todo aquilo que \u00e9 complexo e vital","url":"https:\/\/arquitecturadegalicia.eu\/blog\/author\/iago-valverde\/"}]}},"jetpack_featured_media_url":"https:\/\/arquitecturadegalicia.eu\/blog\/wp-content\/uploads\/2015\/09\/AG_duas_prazas_vilanova_infantes_gonzalez-cebrian_tello_celanova_00.jpg","jetpack_shortlink":"https:\/\/wp.me\/p2NHs2-3Bl","jetpack_sharing_enabled":true,"_links":{"self":[{"href":"https:\/\/arquitecturadegalicia.eu\/blog\/wp-json\/wp\/v2\/posts\/13847","targetHints":{"allow":["GET"]}}],"collection":[{"href":"https:\/\/arquitecturadegalicia.eu\/blog\/wp-json\/wp\/v2\/posts"}],"about":[{"href":"https:\/\/arquitecturadegalicia.eu\/blog\/wp-json\/wp\/v2\/types\/post"}],"author":[{"embeddable":true,"href":"https:\/\/arquitecturadegalicia.eu\/blog\/wp-json\/wp\/v2\/users\/8"}],"replies":[{"embeddable":true,"href":"https:\/\/arquitecturadegalicia.eu\/blog\/wp-json\/wp\/v2\/comments?post=13847"}],"version-history":[{"count":6,"href":"https:\/\/arquitecturadegalicia.eu\/blog\/wp-json\/wp\/v2\/posts\/13847\/revisions"}],"predecessor-version":[{"id":13854,"href":"https:\/\/arquitecturadegalicia.eu\/blog\/wp-json\/wp\/v2\/posts\/13847\/revisions\/13854"}],"wp:featuredmedia":[{"embeddable":true,"href":"https:\/\/arquitecturadegalicia.eu\/blog\/wp-json\/wp\/v2\/media\/13848"}],"wp:attachment":[{"href":"https:\/\/arquitecturadegalicia.eu\/blog\/wp-json\/wp\/v2\/media?parent=13847"}],"wp:term":[{"taxonomy":"category","embeddable":true,"href":"https:\/\/arquitecturadegalicia.eu\/blog\/wp-json\/wp\/v2\/categories?post=13847"},{"taxonomy":"post_tag","embeddable":true,"href":"https:\/\/arquitecturadegalicia.eu\/blog\/wp-json\/wp\/v2\/tags?post=13847"},{"taxonomy":"ano","embeddable":true,"href":"https:\/\/arquitecturadegalicia.eu\/blog\/wp-json\/wp\/v2\/ano?post=13847"},{"taxonomy":"arquitectos","embeddable":true,"href":"https:\/\/arquitecturadegalicia.eu\/blog\/wp-json\/wp\/v2\/arquitectos?post=13847"},{"taxonomy":"tipoloxia","embeddable":true,"href":"https:\/\/arquitecturadegalicia.eu\/blog\/wp-json\/wp\/v2\/tipoloxia?post=13847"}],"curies":[{"name":"wp","href":"https:\/\/api.w.org\/{rel}","templated":true}]}}