{"id":13987,"date":"2015-11-09T12:01:46","date_gmt":"2015-11-09T11:01:46","guid":{"rendered":"http:\/\/arquitecturadegalicia.eu\/blog\/?p=13987"},"modified":"2016-08-17T20:11:19","modified_gmt":"2016-08-17T18:11:19","slug":"rexistros-da-propiedade-de-vigo","status":"publish","type":"post","link":"https:\/\/arquitecturadegalicia.eu\/blog\/rexistros-da-propiedade-de-vigo\/","title":{"rendered":"Rexistros da propiedade de Vigo"},"content":{"rendered":"<h6 style=\"text-align: right;\"><span style=\"color: #999999;\"><img fetchpriority=\"high\" decoding=\"async\" class=\"alignnone size-full wp-image-13989\" src=\"http:\/\/arquitecturadegalicia.eu\/blog\/wp-content\/uploads\/2015\/11\/AG_rexistros_propiedade_vigo_irisarri_pinhera_santos_diez_00.jpg\" alt=\"IRISARRI + PI\u00d1ERA\" width=\"620\" height=\"465\" \/><\/span><a href=\"http:\/\/santos-diez.com\/\" target=\"_blank\"><br \/>\n<span style=\"color: #999999;\">Santos-D\u00edez<\/span><\/a><span style=\"color: #999999;\"> | <a style=\"color: #999999;\" href=\"http:\/\/www.bisimages.com\/\" target=\"_blank\">BISimages<\/a><\/span><\/h6>\n<table class=\"aligncenter\" border=\"0\" width=\"620\" cellspacing=\"0\" cellpadding=\"0\">\n<tbody>\n<tr>\n<td width=\"180\"><strong>Obra:<\/strong><\/td>\n<td style=\"text-align: left;\">Rexistros da propiedade de Vigo<\/td>\n<\/tr>\n<tr>\n<td><strong>Arquitecto:<\/strong><\/td>\n<td>Irisarri+Pi\u00f1era | Jesus Irisarri\u00a0 e Guadalupe Pi\u00f1era<\/td>\n<\/tr>\n<tr>\n<td><strong>Provincia:<\/strong><\/td>\n<td>Pontevedra<\/td>\n<\/tr>\n<tr>\n<td><strong>Localidade:<\/strong><\/td>\n<td>Casco vello, Vigo<\/td>\n<\/tr>\n<tr>\n<td><strong>Ano:<\/strong><\/td>\n<td>2008 &#8211; 2014<\/td>\n<\/tr>\n<tr>\n<td><strong>Xeolocalizaci\u00f3n:<\/strong><\/td>\n<td><a href=\"https:\/\/www.google.com\/fusiontables\/embedviz?q=select+col6+from+1SDgapi_D5DlY376iYYP9rfBhe0o6WliHne9w0EmJ&amp;viz=MAP&amp;h=false&amp;lat=42.238258016673946&amp;lng=-8.728099092628886&amp;t=3&amp;z=19&amp;l=col6&amp;y=2&amp;tmplt=2&amp;hml=KML\" target=\"_blank\"><strong>42.238533, \u00a0-8.728104<\/strong><\/a><\/td>\n<\/tr>\n<\/tbody>\n<\/table>\n<table class=\" aligncenter\" border=\"0\" width=\"620\" cellspacing=\"0\" cellpadding=\"0\">\n<tbody>\n<tr>\n<td colspan=\"3\"><strong>Outros Datos:<\/strong><\/td>\n<\/tr>\n<tr>\n<td width=\"20\"><\/td>\n<td colspan=\"2\"><strong>Premios:<\/strong><\/td>\n<\/tr>\n<tr>\n<td width=\"20\"><\/td>\n<td width=\"20\"><\/td>\n<td width=\"580\">Ga\u00f1ador | Premio Gran de area | 2014<br \/>\nGa\u00f1ador | Premio Galego de Rehabilitaci\u00f3n | 2016\n<\/td>\n<\/tr>\n<tr>\n<td width=\"20\"><\/td>\n<td colspan=\"2\"><strong>Publicaci\u00f3ns:<\/strong><\/td>\n<\/tr>\n<tr>\n<td width=\"20\"><\/td>\n<td width=\"20\"><\/td>\n<td><\/td>\n<\/tr>\n<tr>\n<td width=\"20\"><\/td>\n<td colspan=\"2\"><strong>Informaci\u00f3n na rede:<\/strong><\/td>\n<\/tr>\n<tr>\n<td width=\"20\"><\/td>\n<td width=\"20\"><\/td>\n<td><strong><strong><a href=\"http:\/\/santos-diez.com\/fotografia\/?p=2148\" target=\"_blank\">santos-diez.com<br \/>\n<\/a><\/strong><a href=\"http:\/\/www.revistaaproin.com\/hemeroteca_89\/ga15registro.php\" target=\"_blank\">revistaaproin.com<br \/>\n<\/a><a href=\"http:\/\/www.lavozdegalicia.es\/vigo\/2008\/05\/12\/0003_6810746.htm\" target=\"_blank\">lavozdegalicia.es<\/a><\/strong><\/td>\n<\/tr>\n<tr>\n<td width=\"20\"><\/td>\n<td colspan=\"2\"><strong>Descripci\u00f3n do proxecto:<\/strong><\/td>\n<\/tr>\n<tr>\n<td width=\"20\"><\/td>\n<td width=\"20\"><\/td>\n<td style=\"text-align: justify;\">\u00abEl proyecto resuelve el delicado equilibrio entre conservar aquello valioso de los cuatro edificios existentes, su percepci\u00f3n como piezas individuales que proporcionan la escala al casco viejo y los elementos constructivos y espaciales relevantes, y resolver la necesidad funcional de una organizaci\u00f3n conjunta, no penalizada por pretender heredar un conjunto de piezas dom\u00e9sticas de diversa condici\u00f3n, a la vez que se consigue un doble objetivo como presencia urbana: La de la nueva condici\u00f3n unitaria de los cuatro edificios y la presencia de la instituci\u00f3n p\u00fablica en la ciudad.<br \/>\nSe han analizado y seleccionado, los elementos constructivos de valor y las trazas del lugar m\u00e1s relevantes. En cuanto a los interiores, \u00e9stos carecen de elementos o espacios arquitect\u00f3nicos de verdadero inter\u00e9s, que justifiquen sacrificar aquello que podemos obtener en aras de una cierta nostalgia. Las fachadas constituyen un conjunto cuyo valor es ambiental, y de conjunto pintoresco, y los muros medianeros de las fincas son las huellas del parcelario y la estructura del casco que es importante conservar.<br \/>\nEl proyecto propone conservar esos valores, aprovechando las partes sustituidas y el arreglo de lo que se mantiene para obtener una nueva arquitectura de la mayor calidad y conservando tambi\u00e9n en lo posible la autenticidad estructural y funcional de aquellos muros conservados. Para ello, y minimizando apoyos intermedios, se vuelve a hacer trabajar la estructura muraria con un forjado de hormig\u00f3n que a la vez que resuelve las grandes sobrecargas del uso, mantienen en su dise\u00f1o la apariencia y el ritmo de la estructura original de madera.<br \/>\nEl proyecto organiza su funcionamiento a trav\u00e9s de un patio, resultado de la suma de los patios herencia del parcelario, y que adquiere as\u00ed una escala p\u00fablica, y que se constituye en aglutinador funcional y de identidad del edificio de los Registros en Vigo, a la vez que consigue recuperar las relaciones antiguas entre la calle Real y plaza de Chao a trav\u00e9s de \u00e9l. A partir de ah\u00ed se configura el \u00e1mbito de los registros ya desde la calle, recuperando para ello la idea de un atrio de acceso, espacio intermedio entre la ciudad y la nueva \u00abcalle\u00bb p\u00fablica del edificio. As\u00ed y a partir del elemento arquitect\u00f3nicamente m\u00e1s singular, lo recuperamos para la memoria activada, manteniendo a la vez las trazas originales de la suma de edificios, visibles en los muros p\u00e9treos que organizan el espacio transversalmente.<br \/>\nLos espacios entre muros de los antiguos edificios y el patio conforman unas oficinas flexibles y de libre configuraci\u00f3n, donde s\u00f3lo la \u00abcaja\u00bb especializada de los archivos se define y encierra mediante el \u00fanico mecanismo de distribuci\u00f3n espacial. Paneles de barrotillo de madera que configuran desde filtros a celos\u00edas a recintos cerrados. Un \u00fanico mecanismo y un \u00fanico material insertado en un mundo antiguo de muros de piedra. Material que resuelve y resolv\u00eda ya los ventanales a la calle y patio.<br \/>\nSe ha optado por conservar lo m\u00e1s posible en la parcela 31, aquellos espacios y muros de inter\u00e9s y compatibles con el nuevo programa. Por otro lado su fachada es de las m\u00e1s interesantes y de valor, lo que unido a su situaci\u00f3n, tanto en planta como de cota, la hace id\u00f3nea para plantear el acceso, que entendemos debe ser \u00fanico al edificio. A partir de la arcada p\u00e9trea se genera un atrio de doble altura que proporciona la escala institucional y abre el patio a la ciudad. Recogiendo la historia es tambi\u00e9n el espacio arquitect\u00f3nicamente m\u00e1s complejo y donde se encuentran la nueva y la vieja arquitectura, all\u00ed donde esta revive para el ciudadano\u00bbIrisarri+Pi\u00f1era<\/td>\n<\/tr>\n<tr>\n<td width=\"20\"><\/td>\n<td colspan=\"2\"><strong>Reportaxe fotogr\u00e1fica: <\/strong><\/td>\n<\/tr>\n<tr>\n<td width=\"20\"><\/td>\n<td colspan=\"2\">&#8211;<\/td>\n<\/tr>\n<tr>\n<td width=\"20\"><\/td>\n<td colspan=\"2\"><strong>Planos: <\/strong><\/td>\n<\/tr>\n<tr>\n<td width=\"20\"><\/td>\n<td colspan=\"2\">&#8211;<\/td>\n<\/tr>\n<\/tbody>\n<\/table>\n<p>&nbsp;<\/p>\n","protected":false},"excerpt":{"rendered":"<p>\u00abO proxecto organiza o seu funcionamento a trav\u00e9s dun patio, resultado da suma dos patios herdados do parcelario, e que adquire as\u00ed unha escala p\u00fablica, e que se constit\u00fae en aglutinador funcional e de identidade do edificio\u00bb Irisarri+Pi\u00f1era<\/p>\n","protected":false},"author":8,"featured_media":13989,"comment_status":"open","ping_status":"open","sticky":false,"template":"","format":"standard","meta":{"jetpack_post_was_ever_published":false,"_jetpack_newsletter_access":"","_jetpack_dont_email_post_to_subs":false,"_jetpack_newsletter_tier_id":0,"_jetpack_memberships_contains_paywalled_content":false,"_jetpack_memberships_contains_paid_content":false,"footnotes":"","jetpack_publicize_message":"","jetpack_publicize_feature_enabled":true,"jetpack_social_post_already_shared":true,"jetpack_social_options":{"image_generator_settings":{"template":"highway","enabled":false},"version":2}},"categories":[25],"tags":[759,798,163,96,99],"ano":[],"arquitectos":[],"tipoloxia":[],"class_list":["post-13987","post","type-post","status-publish","format-standard","has-post-thumbnail","hentry","category-vigo","tag-759","tag-gran-de-area","tag-irisarri-pinera","tag-oficinas","tag-rehabilitacion","content-print"],"jetpack_publicize_connections":[],"yoast_head":"<!-- This site is optimized with the Yoast SEO plugin v24.1 - https:\/\/yoast.com\/wordpress\/plugins\/seo\/ -->\n<title>Rexistros da propiedade de Vigo | AG<\/title>\n<meta name=\"robots\" content=\"index, follow, max-snippet:-1, max-image-preview:large, max-video-preview:-1\" \/>\n<link rel=\"canonical\" href=\"https:\/\/arquitecturadegalicia.eu\/blog\/rexistros-da-propiedade-de-vigo\/\" \/>\n<meta property=\"og:locale\" content=\"es_ES\" \/>\n<meta property=\"og:type\" content=\"article\" \/>\n<meta property=\"og:title\" content=\"Rexistros da propiedade de Vigo | AG\" \/>\n<meta property=\"og:description\" content=\"&quot;O proxecto organiza o seu funcionamento a trav\u00e9s dun patio, resultado da suma dos patios herdados do parcelario, e que adquire as\u00ed unha escala p\u00fablica, e que se constit\u00fae en aglutinador funcional e de identidade do edificio&quot; Irisarri+Pi\u00f1era\" \/>\n<meta property=\"og:url\" content=\"https:\/\/arquitecturadegalicia.eu\/blog\/rexistros-da-propiedade-de-vigo\/\" \/>\n<meta property=\"og:site_name\" content=\"AG\" \/>\n<meta property=\"article:publisher\" content=\"https:\/\/www.facebook.com\/ArquitecturadeGalicia\/\" \/>\n<meta property=\"article:published_time\" content=\"2015-11-09T11:01:46+00:00\" \/>\n<meta property=\"article:modified_time\" content=\"2016-08-17T18:11:19+00:00\" \/>\n<meta property=\"og:image\" content=\"https:\/\/arquitecturadegalicia.eu\/blog\/wp-content\/uploads\/2015\/11\/AG_rexistros_propiedade_vigo_irisarri_pinhera_santos_diez_00.jpg\" \/>\n\t<meta property=\"og:image:width\" content=\"620\" \/>\n\t<meta property=\"og:image:height\" content=\"465\" \/>\n\t<meta property=\"og:image:type\" content=\"image\/jpeg\" \/>\n<meta name=\"author\" content=\"Iago Valverde\" \/>\n<meta name=\"twitter:card\" content=\"summary_large_image\" \/>\n<meta name=\"twitter:creator\" content=\"@arquigaliciaeu\" \/>\n<meta name=\"twitter:site\" content=\"@arquigaliciaeu\" \/>\n<meta name=\"twitter:label1\" content=\"Escrito por\" \/>\n\t<meta name=\"twitter:data1\" content=\"Iago Valverde\" \/>\n\t<meta name=\"twitter:label2\" content=\"Tiempo de lectura\" \/>\n\t<meta name=\"twitter:data2\" content=\"3 minutos\" \/>\n<script type=\"application\/ld+json\" class=\"yoast-schema-graph\">{\"@context\":\"https:\/\/schema.org\",\"@graph\":[{\"@type\":\"Article\",\"@id\":\"https:\/\/arquitecturadegalicia.eu\/blog\/rexistros-da-propiedade-de-vigo\/#article\",\"isPartOf\":{\"@id\":\"https:\/\/arquitecturadegalicia.eu\/blog\/rexistros-da-propiedade-de-vigo\/\"},\"author\":{\"name\":\"Iago Valverde\",\"@id\":\"https:\/\/arquitecturadegalicia.eu\/blog\/#\/schema\/person\/a51297ea3eeddd32ccbd89a218e148f1\"},\"headline\":\"Rexistros da propiedade de Vigo\",\"datePublished\":\"2015-11-09T11:01:46+00:00\",\"dateModified\":\"2016-08-17T18:11:19+00:00\",\"mainEntityOfPage\":{\"@id\":\"https:\/\/arquitecturadegalicia.eu\/blog\/rexistros-da-propiedade-de-vigo\/\"},\"wordCount\":699,\"commentCount\":0,\"publisher\":{\"@id\":\"https:\/\/arquitecturadegalicia.eu\/blog\/#organization\"},\"image\":{\"@id\":\"https:\/\/arquitecturadegalicia.eu\/blog\/rexistros-da-propiedade-de-vigo\/#primaryimage\"},\"thumbnailUrl\":\"https:\/\/arquitecturadegalicia.eu\/blog\/wp-content\/uploads\/2015\/11\/AG_rexistros_propiedade_vigo_irisarri_pinhera_santos_diez_00.jpg\",\"keywords\":[\"2014\",\"Gran de area\",\"Irisarri + Pi\u00f1era\",\"oficinas\",\"rehabilitaci\u00f3n\"],\"articleSection\":[\"Vigo\"],\"inLanguage\":\"es\",\"potentialAction\":[{\"@type\":\"CommentAction\",\"name\":\"Comment\",\"target\":[\"https:\/\/arquitecturadegalicia.eu\/blog\/rexistros-da-propiedade-de-vigo\/#respond\"]}]},{\"@type\":\"WebPage\",\"@id\":\"https:\/\/arquitecturadegalicia.eu\/blog\/rexistros-da-propiedade-de-vigo\/\",\"url\":\"https:\/\/arquitecturadegalicia.eu\/blog\/rexistros-da-propiedade-de-vigo\/\",\"name\":\"Rexistros da propiedade de Vigo | AG\",\"isPartOf\":{\"@id\":\"https:\/\/arquitecturadegalicia.eu\/blog\/#website\"},\"primaryImageOfPage\":{\"@id\":\"https:\/\/arquitecturadegalicia.eu\/blog\/rexistros-da-propiedade-de-vigo\/#primaryimage\"},\"image\":{\"@id\":\"https:\/\/arquitecturadegalicia.eu\/blog\/rexistros-da-propiedade-de-vigo\/#primaryimage\"},\"thumbnailUrl\":\"https:\/\/arquitecturadegalicia.eu\/blog\/wp-content\/uploads\/2015\/11\/AG_rexistros_propiedade_vigo_irisarri_pinhera_santos_diez_00.jpg\",\"datePublished\":\"2015-11-09T11:01:46+00:00\",\"dateModified\":\"2016-08-17T18:11:19+00:00\",\"breadcrumb\":{\"@id\":\"https:\/\/arquitecturadegalicia.eu\/blog\/rexistros-da-propiedade-de-vigo\/#breadcrumb\"},\"inLanguage\":\"es\",\"potentialAction\":[{\"@type\":\"ReadAction\",\"target\":[\"https:\/\/arquitecturadegalicia.eu\/blog\/rexistros-da-propiedade-de-vigo\/\"]}]},{\"@type\":\"ImageObject\",\"inLanguage\":\"es\",\"@id\":\"https:\/\/arquitecturadegalicia.eu\/blog\/rexistros-da-propiedade-de-vigo\/#primaryimage\",\"url\":\"https:\/\/arquitecturadegalicia.eu\/blog\/wp-content\/uploads\/2015\/11\/AG_rexistros_propiedade_vigo_irisarri_pinhera_santos_diez_00.jpg\",\"contentUrl\":\"https:\/\/arquitecturadegalicia.eu\/blog\/wp-content\/uploads\/2015\/11\/AG_rexistros_propiedade_vigo_irisarri_pinhera_santos_diez_00.jpg\",\"width\":620,\"height\":465},{\"@type\":\"BreadcrumbList\",\"@id\":\"https:\/\/arquitecturadegalicia.eu\/blog\/rexistros-da-propiedade-de-vigo\/#breadcrumb\",\"itemListElement\":[{\"@type\":\"ListItem\",\"position\":1,\"name\":\"Portada\",\"item\":\"https:\/\/arquitecturadegalicia.eu\/blog\/\"},{\"@type\":\"ListItem\",\"position\":2,\"name\":\"Rexistros da propiedade de Vigo\"}]},{\"@type\":\"WebSite\",\"@id\":\"https:\/\/arquitecturadegalicia.eu\/blog\/#website\",\"url\":\"https:\/\/arquitecturadegalicia.eu\/blog\/\",\"name\":\"AG\",\"description\":\"Arquitectura de Galicia\",\"publisher\":{\"@id\":\"https:\/\/arquitecturadegalicia.eu\/blog\/#organization\"},\"potentialAction\":[{\"@type\":\"SearchAction\",\"target\":{\"@type\":\"EntryPoint\",\"urlTemplate\":\"https:\/\/arquitecturadegalicia.eu\/blog\/?s={search_term_string}\"},\"query-input\":{\"@type\":\"PropertyValueSpecification\",\"valueRequired\":true,\"valueName\":\"search_term_string\"}}],\"inLanguage\":\"es\"},{\"@type\":\"Organization\",\"@id\":\"https:\/\/arquitecturadegalicia.eu\/blog\/#organization\",\"name\":\"Arquitectura de Galicia\",\"url\":\"https:\/\/arquitecturadegalicia.eu\/blog\/\",\"logo\":{\"@type\":\"ImageObject\",\"inLanguage\":\"es\",\"@id\":\"https:\/\/arquitecturadegalicia.eu\/blog\/#\/schema\/logo\/image\/\",\"url\":\"https:\/\/arquitecturadegalicia.eu\/blog\/wp-content\/uploads\/2017\/01\/arquitecturacurrents2.png\",\"contentUrl\":\"https:\/\/arquitecturadegalicia.eu\/blog\/wp-content\/uploads\/2017\/01\/arquitecturacurrents2.png\",\"width\":840,\"height\":640,\"caption\":\"Arquitectura de Galicia\"},\"image\":{\"@id\":\"https:\/\/arquitecturadegalicia.eu\/blog\/#\/schema\/logo\/image\/\"},\"sameAs\":[\"https:\/\/www.facebook.com\/ArquitecturadeGalicia\/\",\"https:\/\/x.com\/arquigaliciaeu\",\"https:\/\/www.instagram.com\/arquigaliciaeu\/\"]},{\"@type\":\"Person\",\"@id\":\"https:\/\/arquitecturadegalicia.eu\/blog\/#\/schema\/person\/a51297ea3eeddd32ccbd89a218e148f1\",\"name\":\"Iago Valverde\",\"image\":{\"@type\":\"ImageObject\",\"inLanguage\":\"es\",\"@id\":\"https:\/\/arquitecturadegalicia.eu\/blog\/#\/schema\/person\/image\/\",\"url\":\"https:\/\/secure.gravatar.com\/avatar\/eb8a9f2f10ff79db5c78989d92f1e8b2?s=96&d=mm&r=g\",\"contentUrl\":\"https:\/\/secure.gravatar.com\/avatar\/eb8a9f2f10ff79db5c78989d92f1e8b2?s=96&d=mm&r=g\",\"caption\":\"Iago Valverde\"},\"description\":\"Nigr\u00e1n | Edici\u00f3n de artigos e xeolocalizaci\u00f3n | Arquitecto en formaci\u00f3n na ETSAC e cursando PFC. Interesado en urbanismo, arquitectura, pol\u00edtica, e todo aquilo que \u00e9 complexo e vital\",\"url\":\"https:\/\/arquitecturadegalicia.eu\/blog\/author\/iago-valverde\/\"}]}<\/script>\n<!-- \/ Yoast SEO plugin. -->","yoast_head_json":{"title":"Rexistros da propiedade de Vigo | AG","robots":{"index":"index","follow":"follow","max-snippet":"max-snippet:-1","max-image-preview":"max-image-preview:large","max-video-preview":"max-video-preview:-1"},"canonical":"https:\/\/arquitecturadegalicia.eu\/blog\/rexistros-da-propiedade-de-vigo\/","og_locale":"es_ES","og_type":"article","og_title":"Rexistros da propiedade de Vigo | AG","og_description":"\"O proxecto organiza o seu funcionamento a trav\u00e9s dun patio, resultado da suma dos patios herdados do parcelario, e que adquire as\u00ed unha escala p\u00fablica, e que se constit\u00fae en aglutinador funcional e de identidade do edificio\" Irisarri+Pi\u00f1era","og_url":"https:\/\/arquitecturadegalicia.eu\/blog\/rexistros-da-propiedade-de-vigo\/","og_site_name":"AG","article_publisher":"https:\/\/www.facebook.com\/ArquitecturadeGalicia\/","article_published_time":"2015-11-09T11:01:46+00:00","article_modified_time":"2016-08-17T18:11:19+00:00","og_image":[{"width":620,"height":465,"url":"https:\/\/arquitecturadegalicia.eu\/blog\/wp-content\/uploads\/2015\/11\/AG_rexistros_propiedade_vigo_irisarri_pinhera_santos_diez_00.jpg","type":"image\/jpeg"}],"author":"Iago Valverde","twitter_card":"summary_large_image","twitter_creator":"@arquigaliciaeu","twitter_site":"@arquigaliciaeu","twitter_misc":{"Escrito por":"Iago Valverde","Tiempo de lectura":"3 minutos"},"schema":{"@context":"https:\/\/schema.org","@graph":[{"@type":"Article","@id":"https:\/\/arquitecturadegalicia.eu\/blog\/rexistros-da-propiedade-de-vigo\/#article","isPartOf":{"@id":"https:\/\/arquitecturadegalicia.eu\/blog\/rexistros-da-propiedade-de-vigo\/"},"author":{"name":"Iago Valverde","@id":"https:\/\/arquitecturadegalicia.eu\/blog\/#\/schema\/person\/a51297ea3eeddd32ccbd89a218e148f1"},"headline":"Rexistros da propiedade de Vigo","datePublished":"2015-11-09T11:01:46+00:00","dateModified":"2016-08-17T18:11:19+00:00","mainEntityOfPage":{"@id":"https:\/\/arquitecturadegalicia.eu\/blog\/rexistros-da-propiedade-de-vigo\/"},"wordCount":699,"commentCount":0,"publisher":{"@id":"https:\/\/arquitecturadegalicia.eu\/blog\/#organization"},"image":{"@id":"https:\/\/arquitecturadegalicia.eu\/blog\/rexistros-da-propiedade-de-vigo\/#primaryimage"},"thumbnailUrl":"https:\/\/arquitecturadegalicia.eu\/blog\/wp-content\/uploads\/2015\/11\/AG_rexistros_propiedade_vigo_irisarri_pinhera_santos_diez_00.jpg","keywords":["2014","Gran de area","Irisarri + Pi\u00f1era","oficinas","rehabilitaci\u00f3n"],"articleSection":["Vigo"],"inLanguage":"es","potentialAction":[{"@type":"CommentAction","name":"Comment","target":["https:\/\/arquitecturadegalicia.eu\/blog\/rexistros-da-propiedade-de-vigo\/#respond"]}]},{"@type":"WebPage","@id":"https:\/\/arquitecturadegalicia.eu\/blog\/rexistros-da-propiedade-de-vigo\/","url":"https:\/\/arquitecturadegalicia.eu\/blog\/rexistros-da-propiedade-de-vigo\/","name":"Rexistros da propiedade de Vigo | AG","isPartOf":{"@id":"https:\/\/arquitecturadegalicia.eu\/blog\/#website"},"primaryImageOfPage":{"@id":"https:\/\/arquitecturadegalicia.eu\/blog\/rexistros-da-propiedade-de-vigo\/#primaryimage"},"image":{"@id":"https:\/\/arquitecturadegalicia.eu\/blog\/rexistros-da-propiedade-de-vigo\/#primaryimage"},"thumbnailUrl":"https:\/\/arquitecturadegalicia.eu\/blog\/wp-content\/uploads\/2015\/11\/AG_rexistros_propiedade_vigo_irisarri_pinhera_santos_diez_00.jpg","datePublished":"2015-11-09T11:01:46+00:00","dateModified":"2016-08-17T18:11:19+00:00","breadcrumb":{"@id":"https:\/\/arquitecturadegalicia.eu\/blog\/rexistros-da-propiedade-de-vigo\/#breadcrumb"},"inLanguage":"es","potentialAction":[{"@type":"ReadAction","target":["https:\/\/arquitecturadegalicia.eu\/blog\/rexistros-da-propiedade-de-vigo\/"]}]},{"@type":"ImageObject","inLanguage":"es","@id":"https:\/\/arquitecturadegalicia.eu\/blog\/rexistros-da-propiedade-de-vigo\/#primaryimage","url":"https:\/\/arquitecturadegalicia.eu\/blog\/wp-content\/uploads\/2015\/11\/AG_rexistros_propiedade_vigo_irisarri_pinhera_santos_diez_00.jpg","contentUrl":"https:\/\/arquitecturadegalicia.eu\/blog\/wp-content\/uploads\/2015\/11\/AG_rexistros_propiedade_vigo_irisarri_pinhera_santos_diez_00.jpg","width":620,"height":465},{"@type":"BreadcrumbList","@id":"https:\/\/arquitecturadegalicia.eu\/blog\/rexistros-da-propiedade-de-vigo\/#breadcrumb","itemListElement":[{"@type":"ListItem","position":1,"name":"Portada","item":"https:\/\/arquitecturadegalicia.eu\/blog\/"},{"@type":"ListItem","position":2,"name":"Rexistros da propiedade de Vigo"}]},{"@type":"WebSite","@id":"https:\/\/arquitecturadegalicia.eu\/blog\/#website","url":"https:\/\/arquitecturadegalicia.eu\/blog\/","name":"AG","description":"Arquitectura de Galicia","publisher":{"@id":"https:\/\/arquitecturadegalicia.eu\/blog\/#organization"},"potentialAction":[{"@type":"SearchAction","target":{"@type":"EntryPoint","urlTemplate":"https:\/\/arquitecturadegalicia.eu\/blog\/?s={search_term_string}"},"query-input":{"@type":"PropertyValueSpecification","valueRequired":true,"valueName":"search_term_string"}}],"inLanguage":"es"},{"@type":"Organization","@id":"https:\/\/arquitecturadegalicia.eu\/blog\/#organization","name":"Arquitectura de Galicia","url":"https:\/\/arquitecturadegalicia.eu\/blog\/","logo":{"@type":"ImageObject","inLanguage":"es","@id":"https:\/\/arquitecturadegalicia.eu\/blog\/#\/schema\/logo\/image\/","url":"https:\/\/arquitecturadegalicia.eu\/blog\/wp-content\/uploads\/2017\/01\/arquitecturacurrents2.png","contentUrl":"https:\/\/arquitecturadegalicia.eu\/blog\/wp-content\/uploads\/2017\/01\/arquitecturacurrents2.png","width":840,"height":640,"caption":"Arquitectura de Galicia"},"image":{"@id":"https:\/\/arquitecturadegalicia.eu\/blog\/#\/schema\/logo\/image\/"},"sameAs":["https:\/\/www.facebook.com\/ArquitecturadeGalicia\/","https:\/\/x.com\/arquigaliciaeu","https:\/\/www.instagram.com\/arquigaliciaeu\/"]},{"@type":"Person","@id":"https:\/\/arquitecturadegalicia.eu\/blog\/#\/schema\/person\/a51297ea3eeddd32ccbd89a218e148f1","name":"Iago Valverde","image":{"@type":"ImageObject","inLanguage":"es","@id":"https:\/\/arquitecturadegalicia.eu\/blog\/#\/schema\/person\/image\/","url":"https:\/\/secure.gravatar.com\/avatar\/eb8a9f2f10ff79db5c78989d92f1e8b2?s=96&d=mm&r=g","contentUrl":"https:\/\/secure.gravatar.com\/avatar\/eb8a9f2f10ff79db5c78989d92f1e8b2?s=96&d=mm&r=g","caption":"Iago Valverde"},"description":"Nigr\u00e1n | Edici\u00f3n de artigos e xeolocalizaci\u00f3n | Arquitecto en formaci\u00f3n na ETSAC e cursando PFC. Interesado en urbanismo, arquitectura, pol\u00edtica, e todo aquilo que \u00e9 complexo e vital","url":"https:\/\/arquitecturadegalicia.eu\/blog\/author\/iago-valverde\/"}]}},"jetpack_featured_media_url":"https:\/\/arquitecturadegalicia.eu\/blog\/wp-content\/uploads\/2015\/11\/AG_rexistros_propiedade_vigo_irisarri_pinhera_santos_diez_00.jpg","jetpack_shortlink":"https:\/\/wp.me\/p2NHs2-3DB","jetpack_sharing_enabled":true,"_links":{"self":[{"href":"https:\/\/arquitecturadegalicia.eu\/blog\/wp-json\/wp\/v2\/posts\/13987","targetHints":{"allow":["GET"]}}],"collection":[{"href":"https:\/\/arquitecturadegalicia.eu\/blog\/wp-json\/wp\/v2\/posts"}],"about":[{"href":"https:\/\/arquitecturadegalicia.eu\/blog\/wp-json\/wp\/v2\/types\/post"}],"author":[{"embeddable":true,"href":"https:\/\/arquitecturadegalicia.eu\/blog\/wp-json\/wp\/v2\/users\/8"}],"replies":[{"embeddable":true,"href":"https:\/\/arquitecturadegalicia.eu\/blog\/wp-json\/wp\/v2\/comments?post=13987"}],"version-history":[{"count":4,"href":"https:\/\/arquitecturadegalicia.eu\/blog\/wp-json\/wp\/v2\/posts\/13987\/revisions"}],"predecessor-version":[{"id":14415,"href":"https:\/\/arquitecturadegalicia.eu\/blog\/wp-json\/wp\/v2\/posts\/13987\/revisions\/14415"}],"wp:featuredmedia":[{"embeddable":true,"href":"https:\/\/arquitecturadegalicia.eu\/blog\/wp-json\/wp\/v2\/media\/13989"}],"wp:attachment":[{"href":"https:\/\/arquitecturadegalicia.eu\/blog\/wp-json\/wp\/v2\/media?parent=13987"}],"wp:term":[{"taxonomy":"category","embeddable":true,"href":"https:\/\/arquitecturadegalicia.eu\/blog\/wp-json\/wp\/v2\/categories?post=13987"},{"taxonomy":"post_tag","embeddable":true,"href":"https:\/\/arquitecturadegalicia.eu\/blog\/wp-json\/wp\/v2\/tags?post=13987"},{"taxonomy":"ano","embeddable":true,"href":"https:\/\/arquitecturadegalicia.eu\/blog\/wp-json\/wp\/v2\/ano?post=13987"},{"taxonomy":"arquitectos","embeddable":true,"href":"https:\/\/arquitecturadegalicia.eu\/blog\/wp-json\/wp\/v2\/arquitectos?post=13987"},{"taxonomy":"tipoloxia","embeddable":true,"href":"https:\/\/arquitecturadegalicia.eu\/blog\/wp-json\/wp\/v2\/tipoloxia?post=13987"}],"curies":[{"name":"wp","href":"https:\/\/api.w.org\/{rel}","templated":true}]}}