{"id":14040,"date":"2015-11-30T12:00:38","date_gmt":"2015-11-30T11:00:38","guid":{"rendered":"http:\/\/arquitecturadegalicia.eu\/blog\/?p=14040"},"modified":"2015-11-30T12:40:32","modified_gmt":"2015-11-30T11:40:32","slug":"pousada-xardin-de-ribadumia","status":"publish","type":"post","link":"https:\/\/arquitecturadegalicia.eu\/blog\/pousada-xardin-de-ribadumia\/","title":{"rendered":"Pousada xard\u00edn de Ribadumia"},"content":{"rendered":"<h6 style=\"text-align: right;\"><span style=\"color: #999999;\"><strong><a style=\"color: #999999;\" href=\"http:\/\/arquitecturadegalicia.eu\/blog\/?author=11\" target=\"_blank\"><img fetchpriority=\"high\" decoding=\"async\" class=\"aligncenter size-full wp-image-14052\" src=\"http:\/\/arquitecturadegalicia.eu\/blog\/wp-content\/uploads\/2015\/11\/006.jpg\" alt=\"PousadadeRibadumia Mauro Lomba Adri\u00e1n Capelo\" width=\"620\" height=\"387\" \/>Adri\u00e1n Capelo<\/a><\/strong> | <strong><a style=\"color: #999999;\" href=\"http:\/\/arquitecturadegalicia.eu\" target=\"_blank\">ArquitecturadeGalicia<\/a><\/strong><\/span><\/h6>\n<table class=\"aligncenter\" border=\"0\" width=\"620\" cellspacing=\"0\" cellpadding=\"0\">\n<tbody>\n<tr>\n<td width=\"180\"><strong>Obra:<\/strong><\/td>\n<td style=\"text-align: left;\">Pousada xard\u00edn de Ribadumia<\/td>\n<\/tr>\n<tr>\n<td><strong>Arquitecto:<\/strong><\/td>\n<td>Mauro Lomba<\/td>\n<\/tr>\n<tr>\n<td><strong>Provincia:<\/strong><\/td>\n<td>Pontevedra<\/td>\n<\/tr>\n<tr>\n<td><strong>Localidade:<\/strong><\/td>\n<td>Ribadumia<\/td>\n<\/tr>\n<tr>\n<td><strong>Ano:<\/strong><\/td>\n<td>2010 &#8211; 2012<\/td>\n<\/tr>\n<tr>\n<td><strong>Xeolocalizaci\u00f3n:<\/strong><\/td>\n<td><a href=\"https:\/\/www.google.com\/fusiontables\/embedviz?q=select+col6+from+1SDgapi_D5DlY376iYYP9rfBhe0o6WliHne9w0EmJ&amp;viz=MAP&amp;h=false&amp;lat=42.5139916656056&amp;lng=-8.760238662149836&amp;t=3&amp;z=18&amp;l=col6&amp;y=2&amp;tmplt=2&amp;hml=KML\" target=\"_blank\"><strong>42.514425, -8.760487<\/strong><\/a><\/td>\n<\/tr>\n<\/tbody>\n<\/table>\n<table class=\" aligncenter\" border=\"0\" width=\"620\" cellspacing=\"0\" cellpadding=\"0\">\n<tbody>\n<tr>\n<td colspan=\"3\"><strong>Outros Datos:<\/strong><\/td>\n<\/tr>\n<tr>\n<td width=\"20\"><\/td>\n<td colspan=\"2\"><strong>Premios:<\/strong><\/td>\n<\/tr>\n<tr>\n<td width=\"20\"><\/td>\n<td width=\"20\"><\/td>\n<td width=\"580\"><\/td>\n<\/tr>\n<tr>\n<td width=\"20\"><\/td>\n<td colspan=\"2\"><strong>Publicaci\u00f3ns:<\/strong><\/td>\n<\/tr>\n<tr>\n<td width=\"20\"><\/td>\n<td width=\"20\"><\/td>\n<td><\/td>\n<\/tr>\n<tr>\n<td width=\"20\"><\/td>\n<td colspan=\"2\"><strong>Informaci\u00f3n na rede:<\/strong><\/td>\n<\/tr>\n<tr>\n<td width=\"20\"><\/td>\n<td width=\"20\"><\/td>\n<td><a href=\"http:\/\/www.maurolomba.com\/ficha_obra.php?lang=Galego&amp;galeria=singular&amp;obra=Pousada+de+Ribadumia\" target=\"_blank\"><strong>maurolomba.com<\/strong><\/a><br \/>\n<a href=\"http:\/\/tectonicablog.com\/?p=84994\" target=\"_blank\"><strong>tectonicablog.com<\/strong><\/a><br \/>\n<a href=\"http:\/\/www.stone-ideas.com\/2014\/02\/23\/pousada-ribadumia-una-fachada-con-tablas-de-piedra-de-mas-de-4-m-de-altura\/\" target=\"_blank\"><strong>stone-ideas.com<\/strong><\/a><\/td>\n<\/tr>\n<tr>\n<td width=\"20\"><\/td>\n<td colspan=\"2\"><strong>Descripci\u00f3n do proxecto:<\/strong><\/td>\n<\/tr>\n<tr>\n<td width=\"20\"><\/td>\n<td width=\"20\"><\/td>\n<td style=\"text-align: justify;\">\u00abA Pousada de Ribadumia proxectouse e constru\u00edu dentro do conxunto de actuaci\u00f3ns denominada \u201cPousadas Jard\u00edn: Creaci\u00f3n dun produto tur\u00edstico\u201d da Deputaci\u00f3n de Pontevedra. O proxecto sit\u00faase no concello de Ribadumia, bisbarra do Saln\u00e9s, provincia de Pontevedra. A zona \u00e9 caracter\u00edstica polo seu clima atl\u00e1ntico, a riqueza das s\u00faas r\u00edas e a paisaxe de parras para o cultivo do vi\u00f1o albari\u00f1o.<br \/>\nO conxunto da Pousada fragm\u00e9ntase para crear espazos verdes entre os volumes e adaptarse \u00e1 presenza de \u00e1rbores e \u00e1s diferentes escalas rurais das edificaci\u00f3ns do \u00e1mbito.<br \/>\nO bloque dos servizos com\u00fans el\u00e9vase en planta primeira, para crear un acceso cuberto en planta baixa e continuar a escala da casa parroquial adxacente.<br \/>\nT\u00f3mase como referencia a escala pequena dos mu\u00ed\u00f1os ao longo do Umia para os m\u00f3dulos dos cuartos que se van xirando segundo a \u00f3ptima orientaci\u00f3n e vistas, para crear un patio que funcione como espazo exterior privado. A auga discorre por este, como un regato m\u00e1is, mentres que a vexetaci\u00f3n tapiza os espazos abertos. Galicia \u00e9 unha gran rocha, auga e vexetaci\u00f3n.<br \/>\nEntre os diferentes m\u00f3dulos, comunic\u00e1ndoos, discorre unha galer\u00eda acritalar que recorda aos cami\u00f1os emparrados galegos, act\u00faan como un colch\u00f3n t\u00e9rmico, ventilaci\u00f3n cruzada en \u00e9poca estival e efecto invernadoiro en inverno.<br \/>\nA pedra das pastas gran\u00edticas dos vi\u00f1edos do Saln\u00e9s trasl\u00e1dase \u00e1s fachadas xerando ritmos dende o interior e dende o exterior, de luces e sombras, de vistas, de privacidade, de control solar.<br \/>\nA pedra utilizada \u00e9 granito de gran fino procedente da canteira de Lal\u00edn. Tras cortar as pezas principais \u00e1brense en dous polo sistema de\u00a0\u201crachado de forma que cada pasta gran\u00edtica rompe cunha orograf\u00eda e textura diferente, cada peza se fai \u00fanica e o conxunto de todas proporciona unha visi\u00f3n que se enriquece coas luces e sombras da s\u00faa propia volumetr\u00eda\u00bb<br \/>\nMauro Lomba<\/td>\n<\/tr>\n<tr>\n<td width=\"20\"><\/td>\n<td colspan=\"2\"><strong>Reportaxe fotogr\u00e1fica: <\/strong><\/td>\n<\/tr>\n<tr>\n<td width=\"20\"><\/td>\n<td colspan=\"2\"><strong><a href=\"http:\/\/arquitecturadegalicia.eu\/blog\/?author=11\" target=\"_blank\">Adri\u00e1n Capelo<\/a> | <a href=\"http:\/\/arquitecturadegalicia.eu\" target=\"_blank\">ArquitecturadeGalicia<\/a><\/strong><\/td>\n<\/tr>\n<tr>\n<td width=\"20\"><\/td>\n<td colspan=\"2\"><strong>Planos: <\/strong><\/td>\n<\/tr>\n<tr>\n<td width=\"20\"><\/td>\n<td colspan=\"2\">Xentileza de Mauro Lomba<\/td>\n<\/tr>\n<\/tbody>\n<\/table>\n\n <\/p>\n","protected":false},"excerpt":{"rendered":"<p>\u00abO conxunto da Pousada fragm\u00e9ntase para crear espazos verdes entre os volumes e adaptarse \u00e1 presenza de \u00e1rbores e \u00e1s diferentes escalas rurais das edificaci\u00f3ns do \u00e1mbito\u00bb Mauro Lomba<\/p>\n","protected":false},"author":8,"featured_media":14052,"comment_status":"open","ping_status":"open","sticky":false,"template":"","format":"standard","meta":{"jetpack_post_was_ever_published":false,"_jetpack_newsletter_access":"","_jetpack_dont_email_post_to_subs":false,"_jetpack_newsletter_tier_id":0,"_jetpack_memberships_contains_paywalled_content":false,"_jetpack_memberships_contains_paid_content":false,"footnotes":"","jetpack_publicize_message":"","jetpack_publicize_feature_enabled":true,"jetpack_social_post_already_shared":false,"jetpack_social_options":{"image_generator_settings":{"template":"highway","enabled":false},"version":2}},"categories":[739],"tags":[57,643,766],"ano":[],"arquitectos":[],"tipoloxia":[],"class_list":["post-14040","post","type-post","status-publish","format-standard","has-post-thumbnail","hentry","category-ribadumia","tag-57","tag-hoteleiro","tag-mauro-lomba","content-print"],"jetpack_publicize_connections":[],"yoast_head":"<!-- This site is optimized with the Yoast SEO plugin v24.1 - https:\/\/yoast.com\/wordpress\/plugins\/seo\/ -->\n<title>Pousada xard\u00edn de Ribadumia<\/title>\n<meta name=\"description\" content=\"A Pousada xard\u00edn de Ribadumia fragm\u00e9ntase para crear espazos verdes entre os volumes e adaptarse \u00e1s diferentes escalas rurais das edificaci\u00f3ns do \u00e1mbito.\" \/>\n<meta name=\"robots\" content=\"index, follow, max-snippet:-1, max-image-preview:large, max-video-preview:-1\" \/>\n<link rel=\"canonical\" href=\"https:\/\/arquitecturadegalicia.eu\/blog\/pousada-xardin-de-ribadumia\/\" \/>\n<meta property=\"og:locale\" content=\"es_ES\" \/>\n<meta property=\"og:type\" content=\"article\" \/>\n<meta property=\"og:title\" content=\"Pousada xard\u00edn de Ribadumia\" \/>\n<meta property=\"og:description\" content=\"A Pousada xard\u00edn de Ribadumia fragm\u00e9ntase para crear espazos verdes entre os volumes e adaptarse \u00e1s diferentes escalas rurais das edificaci\u00f3ns do \u00e1mbito.\" \/>\n<meta property=\"og:url\" content=\"https:\/\/arquitecturadegalicia.eu\/blog\/pousada-xardin-de-ribadumia\/\" \/>\n<meta property=\"og:site_name\" content=\"AG\" \/>\n<meta property=\"article:publisher\" content=\"https:\/\/www.facebook.com\/ArquitecturadeGalicia\/\" \/>\n<meta property=\"article:published_time\" content=\"2015-11-30T11:00:38+00:00\" \/>\n<meta property=\"article:modified_time\" content=\"2015-11-30T11:40:32+00:00\" \/>\n<meta property=\"og:image\" content=\"https:\/\/arquitecturadegalicia.eu\/blog\/wp-content\/uploads\/2015\/11\/006.jpg\" \/>\n\t<meta property=\"og:image:width\" content=\"620\" \/>\n\t<meta property=\"og:image:height\" content=\"387\" \/>\n\t<meta property=\"og:image:type\" content=\"image\/jpeg\" \/>\n<meta name=\"author\" content=\"Iago Valverde\" \/>\n<meta name=\"twitter:card\" content=\"summary_large_image\" \/>\n<meta name=\"twitter:creator\" content=\"@arquigaliciaeu\" \/>\n<meta name=\"twitter:site\" content=\"@arquigaliciaeu\" \/>\n<meta name=\"twitter:label1\" content=\"Escrito por\" \/>\n\t<meta name=\"twitter:data1\" content=\"Iago Valverde\" \/>\n\t<meta name=\"twitter:label2\" content=\"Tiempo de lectura\" \/>\n\t<meta name=\"twitter:data2\" content=\"2 minutos\" \/>\n<script type=\"application\/ld+json\" class=\"yoast-schema-graph\">{\"@context\":\"https:\/\/schema.org\",\"@graph\":[{\"@type\":\"Article\",\"@id\":\"https:\/\/arquitecturadegalicia.eu\/blog\/pousada-xardin-de-ribadumia\/#article\",\"isPartOf\":{\"@id\":\"https:\/\/arquitecturadegalicia.eu\/blog\/pousada-xardin-de-ribadumia\/\"},\"author\":{\"name\":\"Iago Valverde\",\"@id\":\"https:\/\/arquitecturadegalicia.eu\/blog\/#\/schema\/person\/a51297ea3eeddd32ccbd89a218e148f1\"},\"headline\":\"Pousada xard\u00edn de Ribadumia\",\"datePublished\":\"2015-11-30T11:00:38+00:00\",\"dateModified\":\"2015-11-30T11:40:32+00:00\",\"mainEntityOfPage\":{\"@id\":\"https:\/\/arquitecturadegalicia.eu\/blog\/pousada-xardin-de-ribadumia\/\"},\"wordCount\":414,\"commentCount\":1,\"publisher\":{\"@id\":\"https:\/\/arquitecturadegalicia.eu\/blog\/#organization\"},\"image\":{\"@id\":\"https:\/\/arquitecturadegalicia.eu\/blog\/pousada-xardin-de-ribadumia\/#primaryimage\"},\"thumbnailUrl\":\"https:\/\/arquitecturadegalicia.eu\/blog\/wp-content\/uploads\/2015\/11\/006.jpg\",\"keywords\":[\"2012\",\"hoteleiro\",\"Mauro Lomba\"],\"articleSection\":[\"Ribadumia\"],\"inLanguage\":\"es\",\"potentialAction\":[{\"@type\":\"CommentAction\",\"name\":\"Comment\",\"target\":[\"https:\/\/arquitecturadegalicia.eu\/blog\/pousada-xardin-de-ribadumia\/#respond\"]}]},{\"@type\":\"WebPage\",\"@id\":\"https:\/\/arquitecturadegalicia.eu\/blog\/pousada-xardin-de-ribadumia\/\",\"url\":\"https:\/\/arquitecturadegalicia.eu\/blog\/pousada-xardin-de-ribadumia\/\",\"name\":\"Pousada xard\u00edn de Ribadumia\",\"isPartOf\":{\"@id\":\"https:\/\/arquitecturadegalicia.eu\/blog\/#website\"},\"primaryImageOfPage\":{\"@id\":\"https:\/\/arquitecturadegalicia.eu\/blog\/pousada-xardin-de-ribadumia\/#primaryimage\"},\"image\":{\"@id\":\"https:\/\/arquitecturadegalicia.eu\/blog\/pousada-xardin-de-ribadumia\/#primaryimage\"},\"thumbnailUrl\":\"https:\/\/arquitecturadegalicia.eu\/blog\/wp-content\/uploads\/2015\/11\/006.jpg\",\"datePublished\":\"2015-11-30T11:00:38+00:00\",\"dateModified\":\"2015-11-30T11:40:32+00:00\",\"description\":\"A Pousada xard\u00edn de Ribadumia fragm\u00e9ntase para crear espazos verdes entre os volumes e adaptarse \u00e1s diferentes escalas rurais das edificaci\u00f3ns do \u00e1mbito.\",\"breadcrumb\":{\"@id\":\"https:\/\/arquitecturadegalicia.eu\/blog\/pousada-xardin-de-ribadumia\/#breadcrumb\"},\"inLanguage\":\"es\",\"potentialAction\":[{\"@type\":\"ReadAction\",\"target\":[\"https:\/\/arquitecturadegalicia.eu\/blog\/pousada-xardin-de-ribadumia\/\"]}]},{\"@type\":\"ImageObject\",\"inLanguage\":\"es\",\"@id\":\"https:\/\/arquitecturadegalicia.eu\/blog\/pousada-xardin-de-ribadumia\/#primaryimage\",\"url\":\"https:\/\/arquitecturadegalicia.eu\/blog\/wp-content\/uploads\/2015\/11\/006.jpg\",\"contentUrl\":\"https:\/\/arquitecturadegalicia.eu\/blog\/wp-content\/uploads\/2015\/11\/006.jpg\",\"width\":620,\"height\":387,\"caption\":\"PousadadeRibadumia Mauro Lomba Adri\u00e1n Capelo\"},{\"@type\":\"BreadcrumbList\",\"@id\":\"https:\/\/arquitecturadegalicia.eu\/blog\/pousada-xardin-de-ribadumia\/#breadcrumb\",\"itemListElement\":[{\"@type\":\"ListItem\",\"position\":1,\"name\":\"Portada\",\"item\":\"https:\/\/arquitecturadegalicia.eu\/blog\/\"},{\"@type\":\"ListItem\",\"position\":2,\"name\":\"Pousada xard\u00edn de Ribadumia\"}]},{\"@type\":\"WebSite\",\"@id\":\"https:\/\/arquitecturadegalicia.eu\/blog\/#website\",\"url\":\"https:\/\/arquitecturadegalicia.eu\/blog\/\",\"name\":\"AG\",\"description\":\"Arquitectura de Galicia\",\"publisher\":{\"@id\":\"https:\/\/arquitecturadegalicia.eu\/blog\/#organization\"},\"potentialAction\":[{\"@type\":\"SearchAction\",\"target\":{\"@type\":\"EntryPoint\",\"urlTemplate\":\"https:\/\/arquitecturadegalicia.eu\/blog\/?s={search_term_string}\"},\"query-input\":{\"@type\":\"PropertyValueSpecification\",\"valueRequired\":true,\"valueName\":\"search_term_string\"}}],\"inLanguage\":\"es\"},{\"@type\":\"Organization\",\"@id\":\"https:\/\/arquitecturadegalicia.eu\/blog\/#organization\",\"name\":\"Arquitectura de Galicia\",\"url\":\"https:\/\/arquitecturadegalicia.eu\/blog\/\",\"logo\":{\"@type\":\"ImageObject\",\"inLanguage\":\"es\",\"@id\":\"https:\/\/arquitecturadegalicia.eu\/blog\/#\/schema\/logo\/image\/\",\"url\":\"https:\/\/arquitecturadegalicia.eu\/blog\/wp-content\/uploads\/2017\/01\/arquitecturacurrents2.png\",\"contentUrl\":\"https:\/\/arquitecturadegalicia.eu\/blog\/wp-content\/uploads\/2017\/01\/arquitecturacurrents2.png\",\"width\":840,\"height\":640,\"caption\":\"Arquitectura de Galicia\"},\"image\":{\"@id\":\"https:\/\/arquitecturadegalicia.eu\/blog\/#\/schema\/logo\/image\/\"},\"sameAs\":[\"https:\/\/www.facebook.com\/ArquitecturadeGalicia\/\",\"https:\/\/x.com\/arquigaliciaeu\",\"https:\/\/www.instagram.com\/arquigaliciaeu\/\"]},{\"@type\":\"Person\",\"@id\":\"https:\/\/arquitecturadegalicia.eu\/blog\/#\/schema\/person\/a51297ea3eeddd32ccbd89a218e148f1\",\"name\":\"Iago Valverde\",\"image\":{\"@type\":\"ImageObject\",\"inLanguage\":\"es\",\"@id\":\"https:\/\/arquitecturadegalicia.eu\/blog\/#\/schema\/person\/image\/\",\"url\":\"https:\/\/secure.gravatar.com\/avatar\/eb8a9f2f10ff79db5c78989d92f1e8b2?s=96&d=mm&r=g\",\"contentUrl\":\"https:\/\/secure.gravatar.com\/avatar\/eb8a9f2f10ff79db5c78989d92f1e8b2?s=96&d=mm&r=g\",\"caption\":\"Iago Valverde\"},\"description\":\"Nigr\u00e1n | Edici\u00f3n de artigos e xeolocalizaci\u00f3n | Arquitecto en formaci\u00f3n na ETSAC e cursando PFC. Interesado en urbanismo, arquitectura, pol\u00edtica, e todo aquilo que \u00e9 complexo e vital\",\"url\":\"https:\/\/arquitecturadegalicia.eu\/blog\/author\/iago-valverde\/\"}]}<\/script>\n<!-- \/ Yoast SEO plugin. -->","yoast_head_json":{"title":"Pousada xard\u00edn de Ribadumia","description":"A Pousada xard\u00edn de Ribadumia fragm\u00e9ntase para crear espazos verdes entre os volumes e adaptarse \u00e1s diferentes escalas rurais das edificaci\u00f3ns do \u00e1mbito.","robots":{"index":"index","follow":"follow","max-snippet":"max-snippet:-1","max-image-preview":"max-image-preview:large","max-video-preview":"max-video-preview:-1"},"canonical":"https:\/\/arquitecturadegalicia.eu\/blog\/pousada-xardin-de-ribadumia\/","og_locale":"es_ES","og_type":"article","og_title":"Pousada xard\u00edn de Ribadumia","og_description":"A Pousada xard\u00edn de Ribadumia fragm\u00e9ntase para crear espazos verdes entre os volumes e adaptarse \u00e1s diferentes escalas rurais das edificaci\u00f3ns do \u00e1mbito.","og_url":"https:\/\/arquitecturadegalicia.eu\/blog\/pousada-xardin-de-ribadumia\/","og_site_name":"AG","article_publisher":"https:\/\/www.facebook.com\/ArquitecturadeGalicia\/","article_published_time":"2015-11-30T11:00:38+00:00","article_modified_time":"2015-11-30T11:40:32+00:00","og_image":[{"width":620,"height":387,"url":"https:\/\/arquitecturadegalicia.eu\/blog\/wp-content\/uploads\/2015\/11\/006.jpg","type":"image\/jpeg"}],"author":"Iago Valverde","twitter_card":"summary_large_image","twitter_creator":"@arquigaliciaeu","twitter_site":"@arquigaliciaeu","twitter_misc":{"Escrito por":"Iago Valverde","Tiempo de lectura":"2 minutos"},"schema":{"@context":"https:\/\/schema.org","@graph":[{"@type":"Article","@id":"https:\/\/arquitecturadegalicia.eu\/blog\/pousada-xardin-de-ribadumia\/#article","isPartOf":{"@id":"https:\/\/arquitecturadegalicia.eu\/blog\/pousada-xardin-de-ribadumia\/"},"author":{"name":"Iago Valverde","@id":"https:\/\/arquitecturadegalicia.eu\/blog\/#\/schema\/person\/a51297ea3eeddd32ccbd89a218e148f1"},"headline":"Pousada xard\u00edn de Ribadumia","datePublished":"2015-11-30T11:00:38+00:00","dateModified":"2015-11-30T11:40:32+00:00","mainEntityOfPage":{"@id":"https:\/\/arquitecturadegalicia.eu\/blog\/pousada-xardin-de-ribadumia\/"},"wordCount":414,"commentCount":1,"publisher":{"@id":"https:\/\/arquitecturadegalicia.eu\/blog\/#organization"},"image":{"@id":"https:\/\/arquitecturadegalicia.eu\/blog\/pousada-xardin-de-ribadumia\/#primaryimage"},"thumbnailUrl":"https:\/\/arquitecturadegalicia.eu\/blog\/wp-content\/uploads\/2015\/11\/006.jpg","keywords":["2012","hoteleiro","Mauro Lomba"],"articleSection":["Ribadumia"],"inLanguage":"es","potentialAction":[{"@type":"CommentAction","name":"Comment","target":["https:\/\/arquitecturadegalicia.eu\/blog\/pousada-xardin-de-ribadumia\/#respond"]}]},{"@type":"WebPage","@id":"https:\/\/arquitecturadegalicia.eu\/blog\/pousada-xardin-de-ribadumia\/","url":"https:\/\/arquitecturadegalicia.eu\/blog\/pousada-xardin-de-ribadumia\/","name":"Pousada xard\u00edn de Ribadumia","isPartOf":{"@id":"https:\/\/arquitecturadegalicia.eu\/blog\/#website"},"primaryImageOfPage":{"@id":"https:\/\/arquitecturadegalicia.eu\/blog\/pousada-xardin-de-ribadumia\/#primaryimage"},"image":{"@id":"https:\/\/arquitecturadegalicia.eu\/blog\/pousada-xardin-de-ribadumia\/#primaryimage"},"thumbnailUrl":"https:\/\/arquitecturadegalicia.eu\/blog\/wp-content\/uploads\/2015\/11\/006.jpg","datePublished":"2015-11-30T11:00:38+00:00","dateModified":"2015-11-30T11:40:32+00:00","description":"A Pousada xard\u00edn de Ribadumia fragm\u00e9ntase para crear espazos verdes entre os volumes e adaptarse \u00e1s diferentes escalas rurais das edificaci\u00f3ns do \u00e1mbito.","breadcrumb":{"@id":"https:\/\/arquitecturadegalicia.eu\/blog\/pousada-xardin-de-ribadumia\/#breadcrumb"},"inLanguage":"es","potentialAction":[{"@type":"ReadAction","target":["https:\/\/arquitecturadegalicia.eu\/blog\/pousada-xardin-de-ribadumia\/"]}]},{"@type":"ImageObject","inLanguage":"es","@id":"https:\/\/arquitecturadegalicia.eu\/blog\/pousada-xardin-de-ribadumia\/#primaryimage","url":"https:\/\/arquitecturadegalicia.eu\/blog\/wp-content\/uploads\/2015\/11\/006.jpg","contentUrl":"https:\/\/arquitecturadegalicia.eu\/blog\/wp-content\/uploads\/2015\/11\/006.jpg","width":620,"height":387,"caption":"PousadadeRibadumia Mauro Lomba Adri\u00e1n Capelo"},{"@type":"BreadcrumbList","@id":"https:\/\/arquitecturadegalicia.eu\/blog\/pousada-xardin-de-ribadumia\/#breadcrumb","itemListElement":[{"@type":"ListItem","position":1,"name":"Portada","item":"https:\/\/arquitecturadegalicia.eu\/blog\/"},{"@type":"ListItem","position":2,"name":"Pousada xard\u00edn de Ribadumia"}]},{"@type":"WebSite","@id":"https:\/\/arquitecturadegalicia.eu\/blog\/#website","url":"https:\/\/arquitecturadegalicia.eu\/blog\/","name":"AG","description":"Arquitectura de Galicia","publisher":{"@id":"https:\/\/arquitecturadegalicia.eu\/blog\/#organization"},"potentialAction":[{"@type":"SearchAction","target":{"@type":"EntryPoint","urlTemplate":"https:\/\/arquitecturadegalicia.eu\/blog\/?s={search_term_string}"},"query-input":{"@type":"PropertyValueSpecification","valueRequired":true,"valueName":"search_term_string"}}],"inLanguage":"es"},{"@type":"Organization","@id":"https:\/\/arquitecturadegalicia.eu\/blog\/#organization","name":"Arquitectura de Galicia","url":"https:\/\/arquitecturadegalicia.eu\/blog\/","logo":{"@type":"ImageObject","inLanguage":"es","@id":"https:\/\/arquitecturadegalicia.eu\/blog\/#\/schema\/logo\/image\/","url":"https:\/\/arquitecturadegalicia.eu\/blog\/wp-content\/uploads\/2017\/01\/arquitecturacurrents2.png","contentUrl":"https:\/\/arquitecturadegalicia.eu\/blog\/wp-content\/uploads\/2017\/01\/arquitecturacurrents2.png","width":840,"height":640,"caption":"Arquitectura de Galicia"},"image":{"@id":"https:\/\/arquitecturadegalicia.eu\/blog\/#\/schema\/logo\/image\/"},"sameAs":["https:\/\/www.facebook.com\/ArquitecturadeGalicia\/","https:\/\/x.com\/arquigaliciaeu","https:\/\/www.instagram.com\/arquigaliciaeu\/"]},{"@type":"Person","@id":"https:\/\/arquitecturadegalicia.eu\/blog\/#\/schema\/person\/a51297ea3eeddd32ccbd89a218e148f1","name":"Iago Valverde","image":{"@type":"ImageObject","inLanguage":"es","@id":"https:\/\/arquitecturadegalicia.eu\/blog\/#\/schema\/person\/image\/","url":"https:\/\/secure.gravatar.com\/avatar\/eb8a9f2f10ff79db5c78989d92f1e8b2?s=96&d=mm&r=g","contentUrl":"https:\/\/secure.gravatar.com\/avatar\/eb8a9f2f10ff79db5c78989d92f1e8b2?s=96&d=mm&r=g","caption":"Iago Valverde"},"description":"Nigr\u00e1n | Edici\u00f3n de artigos e xeolocalizaci\u00f3n | Arquitecto en formaci\u00f3n na ETSAC e cursando PFC. Interesado en urbanismo, arquitectura, pol\u00edtica, e todo aquilo que \u00e9 complexo e vital","url":"https:\/\/arquitecturadegalicia.eu\/blog\/author\/iago-valverde\/"}]}},"jetpack_featured_media_url":"https:\/\/arquitecturadegalicia.eu\/blog\/wp-content\/uploads\/2015\/11\/006.jpg","jetpack_shortlink":"https:\/\/wp.me\/p2NHs2-3Es","jetpack_sharing_enabled":true,"_links":{"self":[{"href":"https:\/\/arquitecturadegalicia.eu\/blog\/wp-json\/wp\/v2\/posts\/14040","targetHints":{"allow":["GET"]}}],"collection":[{"href":"https:\/\/arquitecturadegalicia.eu\/blog\/wp-json\/wp\/v2\/posts"}],"about":[{"href":"https:\/\/arquitecturadegalicia.eu\/blog\/wp-json\/wp\/v2\/types\/post"}],"author":[{"embeddable":true,"href":"https:\/\/arquitecturadegalicia.eu\/blog\/wp-json\/wp\/v2\/users\/8"}],"replies":[{"embeddable":true,"href":"https:\/\/arquitecturadegalicia.eu\/blog\/wp-json\/wp\/v2\/comments?post=14040"}],"version-history":[{"count":5,"href":"https:\/\/arquitecturadegalicia.eu\/blog\/wp-json\/wp\/v2\/posts\/14040\/revisions"}],"predecessor-version":[{"id":14077,"href":"https:\/\/arquitecturadegalicia.eu\/blog\/wp-json\/wp\/v2\/posts\/14040\/revisions\/14077"}],"wp:featuredmedia":[{"embeddable":true,"href":"https:\/\/arquitecturadegalicia.eu\/blog\/wp-json\/wp\/v2\/media\/14052"}],"wp:attachment":[{"href":"https:\/\/arquitecturadegalicia.eu\/blog\/wp-json\/wp\/v2\/media?parent=14040"}],"wp:term":[{"taxonomy":"category","embeddable":true,"href":"https:\/\/arquitecturadegalicia.eu\/blog\/wp-json\/wp\/v2\/categories?post=14040"},{"taxonomy":"post_tag","embeddable":true,"href":"https:\/\/arquitecturadegalicia.eu\/blog\/wp-json\/wp\/v2\/tags?post=14040"},{"taxonomy":"ano","embeddable":true,"href":"https:\/\/arquitecturadegalicia.eu\/blog\/wp-json\/wp\/v2\/ano?post=14040"},{"taxonomy":"arquitectos","embeddable":true,"href":"https:\/\/arquitecturadegalicia.eu\/blog\/wp-json\/wp\/v2\/arquitectos?post=14040"},{"taxonomy":"tipoloxia","embeddable":true,"href":"https:\/\/arquitecturadegalicia.eu\/blog\/wp-json\/wp\/v2\/tipoloxia?post=14040"}],"curies":[{"name":"wp","href":"https:\/\/api.w.org\/{rel}","templated":true}]}}