{"id":14292,"date":"2016-05-02T12:00:46","date_gmt":"2016-05-02T10:00:46","guid":{"rendered":"http:\/\/arquitecturadegalicia.eu\/blog\/?p=14292"},"modified":"2016-05-02T12:16:24","modified_gmt":"2016-05-02T10:16:24","slug":"piscina-particular-en-maceda","status":"publish","type":"post","link":"https:\/\/arquitecturadegalicia.eu\/blog\/piscina-particular-en-maceda\/","title":{"rendered":"Piscina particular en Maceda"},"content":{"rendered":"<h6 style=\"text-align: right;\"><span style=\"color: #999999;\"><img fetchpriority=\"high\" decoding=\"async\" class=\"alignnone size-full wp-image-14296\" src=\"http:\/\/arquitecturadegalicia.eu\/blog\/wp-content\/uploads\/2016\/05\/AG_piscina_particular_maceda_trespes_arquitectos_ourense_00.jpg\" alt=\"AG_piscina_particular_maceda_trespes_arquitectos_ourense_00\" width=\"620\" height=\"291\" \/><br \/>\n<\/span>trespes.arquitectos<\/h6>\n<table class=\"aligncenter\" border=\"0\" width=\"620\" cellspacing=\"0\" cellpadding=\"0\">\n<tbody>\n<tr>\n<td width=\"180\"><strong>Obra:<\/strong><\/td>\n<td style=\"text-align: left;\">Piscina particular en Maceda<\/td>\n<\/tr>\n<tr>\n<td><strong>Arquitecto:<\/strong><\/td>\n<td>trespes.arquitectos | A. P\u00e9rez, C. Mosquera e E. Iglesias<\/td>\n<\/tr>\n<tr>\n<td><strong>Provincia:<\/strong><\/td>\n<td>Ourense<\/td>\n<\/tr>\n<tr>\n<td><strong>Localidade:<\/strong><\/td>\n<td>Maceda<\/td>\n<\/tr>\n<tr>\n<td><strong>Ano:<\/strong><\/td>\n<td>2014 &#8211; 2015<\/td>\n<\/tr>\n<tr>\n<td><strong>Xeolocalizaci\u00f3n:<\/strong><\/td>\n<td><a href=\"https:\/\/www.google.com\/fusiontables\/embedviz?q=select+col6+from+1SDgapi_D5DlY376iYYP9rfBhe0o6WliHne9w0EmJ&amp;viz=MAP&amp;h=false&amp;lat=42.26865146274384&amp;lng=-7.651534765245509&amp;t=3&amp;z=18&amp;l=col6&amp;y=2&amp;tmplt=2&amp;hml=KML\" target=\"_blank\"><strong>42.269201, -7.651761<\/strong><\/a><\/td>\n<\/tr>\n<\/tbody>\n<\/table>\n<table class=\" aligncenter\" border=\"0\" width=\"620\" cellspacing=\"0\" cellpadding=\"0\">\n<tbody>\n<tr>\n<td colspan=\"3\"><strong>Outros Datos:<\/strong><\/td>\n<\/tr>\n<tr>\n<td width=\"20\"><\/td>\n<td colspan=\"2\"><strong>Premios:<\/strong><\/td>\n<\/tr>\n<tr>\n<td width=\"20\"><\/td>\n<td width=\"20\"><\/td>\n<td width=\"580\">Seleccionado | <span class=\"st\">Pavill\u00f3n de Espa\u00f1a na Bienal de Venecia |\u00a0 2016<\/span><\/td>\n<\/tr>\n<tr>\n<td width=\"20\"><\/td>\n<td colspan=\"2\"><strong>Publicaci\u00f3ns:<\/strong><\/td>\n<\/tr>\n<tr>\n<td width=\"20\"><\/td>\n<td width=\"20\"><\/td>\n<td><\/td>\n<\/tr>\n<tr>\n<td width=\"20\"><\/td>\n<td colspan=\"2\"><strong>Informaci\u00f3n na rede:<\/strong><\/td>\n<\/tr>\n<tr>\n<td width=\"20\"><\/td>\n<td width=\"20\"><\/td>\n<td><strong><a href=\"http:\/\/www.trespesarquitectos.com\/\" target=\"_blank\">trespesarquitectos.com<\/a><br \/>\n<a href=\"http:\/\/fundacion.arquia.es\/es\/concursos\/proxima\/ProximaRealizacion\/FichaDetalle?idrealizacion=6406&amp;idparticipacion=9697\" target=\"_blank\">fundacion.arquia.es<\/a><br \/>\n<a href=\"http:\/\/www.lavozdegalicia.es\/noticia\/ourense\/maceda\/2016\/04\/17\/piscina-maceda-venecia\/0003_201604O17C8995.htm\">lavozdegalicia.es<\/a> <\/strong>2016|04|17<strong><br \/>\n<\/strong><\/td>\n<\/tr>\n<tr>\n<td width=\"20\"><\/td>\n<td colspan=\"2\"><strong>Descripci\u00f3n do proxecto:<\/strong><\/td>\n<\/tr>\n<tr>\n<td width=\"20\"><\/td>\n<td width=\"20\"><\/td>\n<td style=\"text-align: justify;\">\u00abCon el peque\u00f1o programa para la instalaci\u00f3n de una piscina particular tratamos de ordenar la parcela adyacente a una vivienda unifamiliar en una peque\u00f1a villa de la monta\u00f1a Ourensana .<br \/>\nLa situaci\u00f3n de la que partimos es un terreno irregular, quebrado en su l\u00ednea media transversal, y en pendiente, que va perdiendo altura a medida que se acerca a la vivienda. Nos apoyamos en ese cambio de cota para relacionar\/separar las dos partes del programa. En la plataforma superior, +1.25 metros, se instala la piscina. En la inferior se sit\u00faan los anexos.<br \/>\nNuestra intenci\u00f3n es acondicionar distintos espacios atendiendo a las caracter\u00edsticas de las actividades a desarrollar y el respeto al medio que nos acoge. Elegimos los materiales teniendo en cuenta ese di\u00e1logo: el hormig\u00f3n cuyo cromatismo y versatilidad en texturas ofrece una buena sincron\u00eda con la est\u00e9tica de las construcciones existentes. El emparrado, soluci\u00f3n tradicional para arquitecturas de \u201csombra\u201d, se pretende que, adem\u00e1s de acoger los servicios, sirva de l\u00edmite de la zona libre vinculada a la vivienda. Se materializa mediante dos p\u00f3rticos de viguetas prefabricadas de hormig\u00f3n huyendo de las estructuras m\u00ednimas que se utilizan tradicionalmente.<br \/>\nEl control de la l\u00e1mina de agua hace buscar posibilidades arquitect\u00f3nicas que den respuesta a esta necesidad sin sacrificar el di\u00e1logo ni las circulaciones con respecto a la vivienda. Vamos a usar el declive del terreno como aliado en este aspecto. El p\u00f3rtico posterior es donde se realiza el cambio de cota que nos permite controlar la piscina en todo momento y desde la plataforma superior el emparrado desaparece para convertirse en una barandilla que se formaliza mediante una red cosida por dos cables de acero.<br \/>\nLa propuesta trata de aunar las necesidades de la propiedad y las caracter\u00edsticas de la parcela acercando econom\u00eda y ecolog\u00eda sin alejarnos de la comodidad. Los anexos se sit\u00faan bajo un emparrado de 20 metros de largo por 4 de ancho. La parrilla, horno, fregadero y mesa se colocan en el espacio opuesto a la rampa de acceso a la piscina. El aseo, que aprovecha las posibilidades del ladrillo girado para su iluminaci\u00f3n y ventilaci\u00f3n, separa la zona de comer de la de los acopios y acceso a las instalaciones de la piscina<br \/>\nComo el proyecto ten\u00eda que acoger distintas zonas este programa bipartito de doble p\u00f3rtico+cambio de cota consigue un buen comportamiento clim\u00e1tico para las distintos usos. En este aspecto cobran especial importancia el arbolado preexistente y el emparrado nuevo que guarecen de los vientos y producen sombra en la zona de prepaci\u00f3n y comida. Mientras que la situaci\u00f3n del vaso consigue evitar las corrientes al tiempo que permanece soleado y con una calidez a la que contribuye la inercia t\u00e9rmica del hormig\u00f3n pulido. Esta nueva plataforma ha proporcionado vistas en fugas hacia la Serra de San Mamede y Cabeza de Meda que antes no ten\u00eda la propiedad, pudiendo as\u00ed anclarse en un entorno que en todo momento ha formado parte de nuestro programa\u00bb<br \/>\ntrespes.arquitectos<\/td>\n<\/tr>\n<tr>\n<td width=\"20\"><\/td>\n<td colspan=\"2\"><strong>Reportaxe fotogr\u00e1fica: <\/strong><\/td>\n<\/tr>\n<tr>\n<td width=\"20\"><\/td>\n<td colspan=\"2\">Cortes\u00eda de trespes.arquitectos<\/td>\n<\/tr>\n<tr>\n<td width=\"20\"><\/td>\n<td colspan=\"2\"><strong>Planos: <\/strong><\/td>\n<\/tr>\n<tr>\n<td width=\"20\"><\/td>\n<td colspan=\"2\">Cortes\u00eda de trespes.arquitectos<\/td>\n<\/tr>\n<\/tbody>\n<\/table>\n\n <\/p>\n","protected":false},"excerpt":{"rendered":"<p>\u00abA proposta trata de axuntar as necesidades da propiedade e as caracter\u00edsticas da parcela achegando econom\u00eda e ecolox\u00eda sen afastarnos da comodidade\u00bb<br \/>\ntrespes.arquitectos<\/p>\n","protected":false},"author":8,"featured_media":14296,"comment_status":"open","ping_status":"open","sticky":false,"template":"","format":"standard","meta":{"jetpack_post_was_ever_published":false,"_jetpack_newsletter_access":"","_jetpack_dont_email_post_to_subs":false,"_jetpack_newsletter_tier_id":0,"_jetpack_memberships_contains_paywalled_content":false,"_jetpack_memberships_contains_paid_content":false,"footnotes":"","jetpack_publicize_message":"","jetpack_publicize_feature_enabled":true,"jetpack_social_post_already_shared":true,"jetpack_social_options":{"image_generator_settings":{"template":"highway","enabled":false},"version":2}},"categories":[395],"tags":[781,273,504],"ano":[],"arquitectos":[],"tipoloxia":[],"class_list":["post-14292","post","type-post","status-publish","format-standard","has-post-thumbnail","hentry","category-manzaneda","tag-781","tag-piscina","tag-trespes-arquitectos","content-print"],"jetpack_publicize_connections":[],"yoast_head":"<!-- This site is optimized with the Yoast SEO plugin v24.1 - https:\/\/yoast.com\/wordpress\/plugins\/seo\/ -->\n<title>Piscina particular en Maceda | AG<\/title>\n<meta name=\"robots\" content=\"index, follow, max-snippet:-1, max-image-preview:large, max-video-preview:-1\" \/>\n<link rel=\"canonical\" href=\"https:\/\/arquitecturadegalicia.eu\/blog\/piscina-particular-en-maceda\/\" \/>\n<meta property=\"og:locale\" content=\"es_ES\" \/>\n<meta property=\"og:type\" content=\"article\" \/>\n<meta property=\"og:title\" content=\"Piscina particular en Maceda | AG\" \/>\n<meta property=\"og:description\" content=\"&quot;A proposta trata de axuntar as necesidades da propiedade e as caracter\u00edsticas da parcela achegando econom\u00eda e ecolox\u00eda sen afastarnos da comodidade&quot; trespes.arquitectos\" \/>\n<meta property=\"og:url\" content=\"https:\/\/arquitecturadegalicia.eu\/blog\/piscina-particular-en-maceda\/\" \/>\n<meta property=\"og:site_name\" content=\"AG\" \/>\n<meta property=\"article:publisher\" content=\"https:\/\/www.facebook.com\/ArquitecturadeGalicia\/\" \/>\n<meta property=\"article:published_time\" content=\"2016-05-02T10:00:46+00:00\" \/>\n<meta property=\"article:modified_time\" content=\"2016-05-02T10:16:24+00:00\" \/>\n<meta property=\"og:image\" content=\"https:\/\/arquitecturadegalicia.eu\/blog\/wp-content\/uploads\/2016\/05\/AG_piscina_particular_maceda_trespes_arquitectos_ourense_00.jpg\" \/>\n\t<meta property=\"og:image:width\" content=\"620\" \/>\n\t<meta property=\"og:image:height\" content=\"291\" \/>\n\t<meta property=\"og:image:type\" content=\"image\/jpeg\" \/>\n<meta name=\"author\" content=\"Iago Valverde\" \/>\n<meta name=\"twitter:card\" content=\"summary_large_image\" \/>\n<meta name=\"twitter:creator\" content=\"@arquigaliciaeu\" \/>\n<meta name=\"twitter:site\" content=\"@arquigaliciaeu\" \/>\n<meta name=\"twitter:label1\" content=\"Escrito por\" \/>\n\t<meta name=\"twitter:data1\" content=\"Iago Valverde\" \/>\n\t<meta name=\"twitter:label2\" content=\"Tiempo de lectura\" \/>\n\t<meta name=\"twitter:data2\" content=\"3 minutos\" \/>\n<script type=\"application\/ld+json\" class=\"yoast-schema-graph\">{\"@context\":\"https:\/\/schema.org\",\"@graph\":[{\"@type\":\"Article\",\"@id\":\"https:\/\/arquitecturadegalicia.eu\/blog\/piscina-particular-en-maceda\/#article\",\"isPartOf\":{\"@id\":\"https:\/\/arquitecturadegalicia.eu\/blog\/piscina-particular-en-maceda\/\"},\"author\":{\"name\":\"Iago Valverde\",\"@id\":\"https:\/\/arquitecturadegalicia.eu\/blog\/#\/schema\/person\/a51297ea3eeddd32ccbd89a218e148f1\"},\"headline\":\"Piscina particular en Maceda\",\"datePublished\":\"2016-05-02T10:00:46+00:00\",\"dateModified\":\"2016-05-02T10:16:24+00:00\",\"mainEntityOfPage\":{\"@id\":\"https:\/\/arquitecturadegalicia.eu\/blog\/piscina-particular-en-maceda\/\"},\"wordCount\":615,\"commentCount\":0,\"publisher\":{\"@id\":\"https:\/\/arquitecturadegalicia.eu\/blog\/#organization\"},\"image\":{\"@id\":\"https:\/\/arquitecturadegalicia.eu\/blog\/piscina-particular-en-maceda\/#primaryimage\"},\"thumbnailUrl\":\"https:\/\/arquitecturadegalicia.eu\/blog\/wp-content\/uploads\/2016\/05\/AG_piscina_particular_maceda_trespes_arquitectos_ourense_00.jpg\",\"keywords\":[\"2015\",\"piscina\",\"trespes arquitectos\"],\"articleSection\":[\"Manzaneda\"],\"inLanguage\":\"es\",\"potentialAction\":[{\"@type\":\"CommentAction\",\"name\":\"Comment\",\"target\":[\"https:\/\/arquitecturadegalicia.eu\/blog\/piscina-particular-en-maceda\/#respond\"]}]},{\"@type\":\"WebPage\",\"@id\":\"https:\/\/arquitecturadegalicia.eu\/blog\/piscina-particular-en-maceda\/\",\"url\":\"https:\/\/arquitecturadegalicia.eu\/blog\/piscina-particular-en-maceda\/\",\"name\":\"Piscina particular en Maceda | AG\",\"isPartOf\":{\"@id\":\"https:\/\/arquitecturadegalicia.eu\/blog\/#website\"},\"primaryImageOfPage\":{\"@id\":\"https:\/\/arquitecturadegalicia.eu\/blog\/piscina-particular-en-maceda\/#primaryimage\"},\"image\":{\"@id\":\"https:\/\/arquitecturadegalicia.eu\/blog\/piscina-particular-en-maceda\/#primaryimage\"},\"thumbnailUrl\":\"https:\/\/arquitecturadegalicia.eu\/blog\/wp-content\/uploads\/2016\/05\/AG_piscina_particular_maceda_trespes_arquitectos_ourense_00.jpg\",\"datePublished\":\"2016-05-02T10:00:46+00:00\",\"dateModified\":\"2016-05-02T10:16:24+00:00\",\"breadcrumb\":{\"@id\":\"https:\/\/arquitecturadegalicia.eu\/blog\/piscina-particular-en-maceda\/#breadcrumb\"},\"inLanguage\":\"es\",\"potentialAction\":[{\"@type\":\"ReadAction\",\"target\":[\"https:\/\/arquitecturadegalicia.eu\/blog\/piscina-particular-en-maceda\/\"]}]},{\"@type\":\"ImageObject\",\"inLanguage\":\"es\",\"@id\":\"https:\/\/arquitecturadegalicia.eu\/blog\/piscina-particular-en-maceda\/#primaryimage\",\"url\":\"https:\/\/arquitecturadegalicia.eu\/blog\/wp-content\/uploads\/2016\/05\/AG_piscina_particular_maceda_trespes_arquitectos_ourense_00.jpg\",\"contentUrl\":\"https:\/\/arquitecturadegalicia.eu\/blog\/wp-content\/uploads\/2016\/05\/AG_piscina_particular_maceda_trespes_arquitectos_ourense_00.jpg\",\"width\":620,\"height\":291},{\"@type\":\"BreadcrumbList\",\"@id\":\"https:\/\/arquitecturadegalicia.eu\/blog\/piscina-particular-en-maceda\/#breadcrumb\",\"itemListElement\":[{\"@type\":\"ListItem\",\"position\":1,\"name\":\"Portada\",\"item\":\"https:\/\/arquitecturadegalicia.eu\/blog\/\"},{\"@type\":\"ListItem\",\"position\":2,\"name\":\"Piscina particular en Maceda\"}]},{\"@type\":\"WebSite\",\"@id\":\"https:\/\/arquitecturadegalicia.eu\/blog\/#website\",\"url\":\"https:\/\/arquitecturadegalicia.eu\/blog\/\",\"name\":\"AG\",\"description\":\"Arquitectura de Galicia\",\"publisher\":{\"@id\":\"https:\/\/arquitecturadegalicia.eu\/blog\/#organization\"},\"potentialAction\":[{\"@type\":\"SearchAction\",\"target\":{\"@type\":\"EntryPoint\",\"urlTemplate\":\"https:\/\/arquitecturadegalicia.eu\/blog\/?s={search_term_string}\"},\"query-input\":{\"@type\":\"PropertyValueSpecification\",\"valueRequired\":true,\"valueName\":\"search_term_string\"}}],\"inLanguage\":\"es\"},{\"@type\":\"Organization\",\"@id\":\"https:\/\/arquitecturadegalicia.eu\/blog\/#organization\",\"name\":\"Arquitectura de Galicia\",\"url\":\"https:\/\/arquitecturadegalicia.eu\/blog\/\",\"logo\":{\"@type\":\"ImageObject\",\"inLanguage\":\"es\",\"@id\":\"https:\/\/arquitecturadegalicia.eu\/blog\/#\/schema\/logo\/image\/\",\"url\":\"https:\/\/arquitecturadegalicia.eu\/blog\/wp-content\/uploads\/2017\/01\/arquitecturacurrents2.png\",\"contentUrl\":\"https:\/\/arquitecturadegalicia.eu\/blog\/wp-content\/uploads\/2017\/01\/arquitecturacurrents2.png\",\"width\":840,\"height\":640,\"caption\":\"Arquitectura de Galicia\"},\"image\":{\"@id\":\"https:\/\/arquitecturadegalicia.eu\/blog\/#\/schema\/logo\/image\/\"},\"sameAs\":[\"https:\/\/www.facebook.com\/ArquitecturadeGalicia\/\",\"https:\/\/x.com\/arquigaliciaeu\",\"https:\/\/www.instagram.com\/arquigaliciaeu\/\"]},{\"@type\":\"Person\",\"@id\":\"https:\/\/arquitecturadegalicia.eu\/blog\/#\/schema\/person\/a51297ea3eeddd32ccbd89a218e148f1\",\"name\":\"Iago Valverde\",\"image\":{\"@type\":\"ImageObject\",\"inLanguage\":\"es\",\"@id\":\"https:\/\/arquitecturadegalicia.eu\/blog\/#\/schema\/person\/image\/\",\"url\":\"https:\/\/secure.gravatar.com\/avatar\/eb8a9f2f10ff79db5c78989d92f1e8b2?s=96&d=mm&r=g\",\"contentUrl\":\"https:\/\/secure.gravatar.com\/avatar\/eb8a9f2f10ff79db5c78989d92f1e8b2?s=96&d=mm&r=g\",\"caption\":\"Iago Valverde\"},\"description\":\"Nigr\u00e1n | Edici\u00f3n de artigos e xeolocalizaci\u00f3n | Arquitecto en formaci\u00f3n na ETSAC e cursando PFC. Interesado en urbanismo, arquitectura, pol\u00edtica, e todo aquilo que \u00e9 complexo e vital\",\"url\":\"https:\/\/arquitecturadegalicia.eu\/blog\/author\/iago-valverde\/\"}]}<\/script>\n<!-- \/ Yoast SEO plugin. -->","yoast_head_json":{"title":"Piscina particular en Maceda | AG","robots":{"index":"index","follow":"follow","max-snippet":"max-snippet:-1","max-image-preview":"max-image-preview:large","max-video-preview":"max-video-preview:-1"},"canonical":"https:\/\/arquitecturadegalicia.eu\/blog\/piscina-particular-en-maceda\/","og_locale":"es_ES","og_type":"article","og_title":"Piscina particular en Maceda | AG","og_description":"\"A proposta trata de axuntar as necesidades da propiedade e as caracter\u00edsticas da parcela achegando econom\u00eda e ecolox\u00eda sen afastarnos da comodidade\" trespes.arquitectos","og_url":"https:\/\/arquitecturadegalicia.eu\/blog\/piscina-particular-en-maceda\/","og_site_name":"AG","article_publisher":"https:\/\/www.facebook.com\/ArquitecturadeGalicia\/","article_published_time":"2016-05-02T10:00:46+00:00","article_modified_time":"2016-05-02T10:16:24+00:00","og_image":[{"width":620,"height":291,"url":"https:\/\/arquitecturadegalicia.eu\/blog\/wp-content\/uploads\/2016\/05\/AG_piscina_particular_maceda_trespes_arquitectos_ourense_00.jpg","type":"image\/jpeg"}],"author":"Iago Valverde","twitter_card":"summary_large_image","twitter_creator":"@arquigaliciaeu","twitter_site":"@arquigaliciaeu","twitter_misc":{"Escrito por":"Iago Valverde","Tiempo de lectura":"3 minutos"},"schema":{"@context":"https:\/\/schema.org","@graph":[{"@type":"Article","@id":"https:\/\/arquitecturadegalicia.eu\/blog\/piscina-particular-en-maceda\/#article","isPartOf":{"@id":"https:\/\/arquitecturadegalicia.eu\/blog\/piscina-particular-en-maceda\/"},"author":{"name":"Iago Valverde","@id":"https:\/\/arquitecturadegalicia.eu\/blog\/#\/schema\/person\/a51297ea3eeddd32ccbd89a218e148f1"},"headline":"Piscina particular en Maceda","datePublished":"2016-05-02T10:00:46+00:00","dateModified":"2016-05-02T10:16:24+00:00","mainEntityOfPage":{"@id":"https:\/\/arquitecturadegalicia.eu\/blog\/piscina-particular-en-maceda\/"},"wordCount":615,"commentCount":0,"publisher":{"@id":"https:\/\/arquitecturadegalicia.eu\/blog\/#organization"},"image":{"@id":"https:\/\/arquitecturadegalicia.eu\/blog\/piscina-particular-en-maceda\/#primaryimage"},"thumbnailUrl":"https:\/\/arquitecturadegalicia.eu\/blog\/wp-content\/uploads\/2016\/05\/AG_piscina_particular_maceda_trespes_arquitectos_ourense_00.jpg","keywords":["2015","piscina","trespes arquitectos"],"articleSection":["Manzaneda"],"inLanguage":"es","potentialAction":[{"@type":"CommentAction","name":"Comment","target":["https:\/\/arquitecturadegalicia.eu\/blog\/piscina-particular-en-maceda\/#respond"]}]},{"@type":"WebPage","@id":"https:\/\/arquitecturadegalicia.eu\/blog\/piscina-particular-en-maceda\/","url":"https:\/\/arquitecturadegalicia.eu\/blog\/piscina-particular-en-maceda\/","name":"Piscina particular en Maceda | AG","isPartOf":{"@id":"https:\/\/arquitecturadegalicia.eu\/blog\/#website"},"primaryImageOfPage":{"@id":"https:\/\/arquitecturadegalicia.eu\/blog\/piscina-particular-en-maceda\/#primaryimage"},"image":{"@id":"https:\/\/arquitecturadegalicia.eu\/blog\/piscina-particular-en-maceda\/#primaryimage"},"thumbnailUrl":"https:\/\/arquitecturadegalicia.eu\/blog\/wp-content\/uploads\/2016\/05\/AG_piscina_particular_maceda_trespes_arquitectos_ourense_00.jpg","datePublished":"2016-05-02T10:00:46+00:00","dateModified":"2016-05-02T10:16:24+00:00","breadcrumb":{"@id":"https:\/\/arquitecturadegalicia.eu\/blog\/piscina-particular-en-maceda\/#breadcrumb"},"inLanguage":"es","potentialAction":[{"@type":"ReadAction","target":["https:\/\/arquitecturadegalicia.eu\/blog\/piscina-particular-en-maceda\/"]}]},{"@type":"ImageObject","inLanguage":"es","@id":"https:\/\/arquitecturadegalicia.eu\/blog\/piscina-particular-en-maceda\/#primaryimage","url":"https:\/\/arquitecturadegalicia.eu\/blog\/wp-content\/uploads\/2016\/05\/AG_piscina_particular_maceda_trespes_arquitectos_ourense_00.jpg","contentUrl":"https:\/\/arquitecturadegalicia.eu\/blog\/wp-content\/uploads\/2016\/05\/AG_piscina_particular_maceda_trespes_arquitectos_ourense_00.jpg","width":620,"height":291},{"@type":"BreadcrumbList","@id":"https:\/\/arquitecturadegalicia.eu\/blog\/piscina-particular-en-maceda\/#breadcrumb","itemListElement":[{"@type":"ListItem","position":1,"name":"Portada","item":"https:\/\/arquitecturadegalicia.eu\/blog\/"},{"@type":"ListItem","position":2,"name":"Piscina particular en Maceda"}]},{"@type":"WebSite","@id":"https:\/\/arquitecturadegalicia.eu\/blog\/#website","url":"https:\/\/arquitecturadegalicia.eu\/blog\/","name":"AG","description":"Arquitectura de Galicia","publisher":{"@id":"https:\/\/arquitecturadegalicia.eu\/blog\/#organization"},"potentialAction":[{"@type":"SearchAction","target":{"@type":"EntryPoint","urlTemplate":"https:\/\/arquitecturadegalicia.eu\/blog\/?s={search_term_string}"},"query-input":{"@type":"PropertyValueSpecification","valueRequired":true,"valueName":"search_term_string"}}],"inLanguage":"es"},{"@type":"Organization","@id":"https:\/\/arquitecturadegalicia.eu\/blog\/#organization","name":"Arquitectura de Galicia","url":"https:\/\/arquitecturadegalicia.eu\/blog\/","logo":{"@type":"ImageObject","inLanguage":"es","@id":"https:\/\/arquitecturadegalicia.eu\/blog\/#\/schema\/logo\/image\/","url":"https:\/\/arquitecturadegalicia.eu\/blog\/wp-content\/uploads\/2017\/01\/arquitecturacurrents2.png","contentUrl":"https:\/\/arquitecturadegalicia.eu\/blog\/wp-content\/uploads\/2017\/01\/arquitecturacurrents2.png","width":840,"height":640,"caption":"Arquitectura de Galicia"},"image":{"@id":"https:\/\/arquitecturadegalicia.eu\/blog\/#\/schema\/logo\/image\/"},"sameAs":["https:\/\/www.facebook.com\/ArquitecturadeGalicia\/","https:\/\/x.com\/arquigaliciaeu","https:\/\/www.instagram.com\/arquigaliciaeu\/"]},{"@type":"Person","@id":"https:\/\/arquitecturadegalicia.eu\/blog\/#\/schema\/person\/a51297ea3eeddd32ccbd89a218e148f1","name":"Iago Valverde","image":{"@type":"ImageObject","inLanguage":"es","@id":"https:\/\/arquitecturadegalicia.eu\/blog\/#\/schema\/person\/image\/","url":"https:\/\/secure.gravatar.com\/avatar\/eb8a9f2f10ff79db5c78989d92f1e8b2?s=96&d=mm&r=g","contentUrl":"https:\/\/secure.gravatar.com\/avatar\/eb8a9f2f10ff79db5c78989d92f1e8b2?s=96&d=mm&r=g","caption":"Iago Valverde"},"description":"Nigr\u00e1n | Edici\u00f3n de artigos e xeolocalizaci\u00f3n | Arquitecto en formaci\u00f3n na ETSAC e cursando PFC. Interesado en urbanismo, arquitectura, pol\u00edtica, e todo aquilo que \u00e9 complexo e vital","url":"https:\/\/arquitecturadegalicia.eu\/blog\/author\/iago-valverde\/"}]}},"jetpack_featured_media_url":"https:\/\/arquitecturadegalicia.eu\/blog\/wp-content\/uploads\/2016\/05\/AG_piscina_particular_maceda_trespes_arquitectos_ourense_00.jpg","jetpack_shortlink":"https:\/\/wp.me\/p2NHs2-3Iw","jetpack_sharing_enabled":true,"_links":{"self":[{"href":"https:\/\/arquitecturadegalicia.eu\/blog\/wp-json\/wp\/v2\/posts\/14292","targetHints":{"allow":["GET"]}}],"collection":[{"href":"https:\/\/arquitecturadegalicia.eu\/blog\/wp-json\/wp\/v2\/posts"}],"about":[{"href":"https:\/\/arquitecturadegalicia.eu\/blog\/wp-json\/wp\/v2\/types\/post"}],"author":[{"embeddable":true,"href":"https:\/\/arquitecturadegalicia.eu\/blog\/wp-json\/wp\/v2\/users\/8"}],"replies":[{"embeddable":true,"href":"https:\/\/arquitecturadegalicia.eu\/blog\/wp-json\/wp\/v2\/comments?post=14292"}],"version-history":[{"count":5,"href":"https:\/\/arquitecturadegalicia.eu\/blog\/wp-json\/wp\/v2\/posts\/14292\/revisions"}],"predecessor-version":[{"id":14310,"href":"https:\/\/arquitecturadegalicia.eu\/blog\/wp-json\/wp\/v2\/posts\/14292\/revisions\/14310"}],"wp:featuredmedia":[{"embeddable":true,"href":"https:\/\/arquitecturadegalicia.eu\/blog\/wp-json\/wp\/v2\/media\/14296"}],"wp:attachment":[{"href":"https:\/\/arquitecturadegalicia.eu\/blog\/wp-json\/wp\/v2\/media?parent=14292"}],"wp:term":[{"taxonomy":"category","embeddable":true,"href":"https:\/\/arquitecturadegalicia.eu\/blog\/wp-json\/wp\/v2\/categories?post=14292"},{"taxonomy":"post_tag","embeddable":true,"href":"https:\/\/arquitecturadegalicia.eu\/blog\/wp-json\/wp\/v2\/tags?post=14292"},{"taxonomy":"ano","embeddable":true,"href":"https:\/\/arquitecturadegalicia.eu\/blog\/wp-json\/wp\/v2\/ano?post=14292"},{"taxonomy":"arquitectos","embeddable":true,"href":"https:\/\/arquitecturadegalicia.eu\/blog\/wp-json\/wp\/v2\/arquitectos?post=14292"},{"taxonomy":"tipoloxia","embeddable":true,"href":"https:\/\/arquitecturadegalicia.eu\/blog\/wp-json\/wp\/v2\/tipoloxia?post=14292"}],"curies":[{"name":"wp","href":"https:\/\/api.w.org\/{rel}","templated":true}]}}