{"id":14550,"date":"2016-11-03T20:00:05","date_gmt":"2016-11-03T19:00:05","guid":{"rendered":"http:\/\/arquitecturadegalicia.eu\/blog\/?p=14550"},"modified":"2016-10-27T17:29:01","modified_gmt":"2016-10-27T15:29:01","slug":"vivenda-sto-domingo","status":"publish","type":"post","link":"https:\/\/arquitecturadegalicia.eu\/blog\/vivenda-sto-domingo\/","title":{"rendered":"Vivenda Sto. Domingo"},"content":{"rendered":"<p style=\"text-align: right;\"><img fetchpriority=\"high\" decoding=\"async\" class=\"aligncenter size-full wp-image-14551\" src=\"http:\/\/arquitecturadegalicia.eu\/blog\/wp-content\/uploads\/2016\/10\/Principal_0_Portada-VivStoDomingoB.jpg\" alt=\"Vivenda Sto. Domingo PLP Atelier\" width=\"620\" height=\"285\" \/><\/p>\n<p style=\"text-align: right;\"><span style=\"color: #c0c0c0;\"><strong><a style=\"font-size: 0.75em; text-align: right;\" href=\"http:\/\/santos-diez.com\/\" target=\"_blank\"><span style=\"color: #c0c0c0;\">Santos-D\u00edez | <\/span><\/a><\/strong><\/span><span style=\"color: #c0c0c0;\"><strong><a style=\"font-size: 0.75em; text-align: right;\" href=\"http:\/\/www.bisimages.es\/bis\/\" target=\"_blank\"><span style=\"color: #c0c0c0;\">BISimages<\/span><\/a><\/strong><\/span><\/p>\n<table class=\"aligncenter\" border=\"0\" width=\"620\" cellspacing=\"0\" cellpadding=\"0\">\n<tbody>\n<tr>\n<td width=\"180\"><strong>Obra:<\/strong><\/td>\n<td>Vivenda Sto. Domingo<\/td>\n<\/tr>\n<tr>\n<td><strong>Autor\u00eda:<\/strong><\/td>\n<td>PLP Atelier: Pablo L\u00f3pez Prol<\/td>\n<\/tr>\n<tr>\n<td><strong>Provincia:<\/strong><\/td>\n<td>Ourense<\/td>\n<\/tr>\n<tr>\n<td><strong>Localidade:<\/strong><\/td>\n<td>Ourense<\/td>\n<\/tr>\n<tr>\n<td><strong>Ano:<\/strong><\/td>\n<td>2016<\/td>\n<\/tr>\n<tr>\n<td><strong>Xeolocalizaci\u00f3n:<\/strong><\/td>\n<td><strong><a href=\"https:\/\/fusiontables.google.com\/embedviz?q=select+col6+from+1SDgapi_D5DlY376iYYP9rfBhe0o6WliHne9w0EmJ&amp;viz=MAP&amp;h=false&amp;lat=42.34009708101971&amp;lng=-7.863102754566169&amp;t=3&amp;z=20&amp;l=col6&amp;y=2&amp;tmplt=2&amp;hml=KML\" target=\"_blank\">42.340,-7.863<\/a><\/strong><\/td>\n<\/tr>\n<\/tbody>\n<\/table>\n<table class=\" aligncenter\" border=\"0\" width=\"620\" cellspacing=\"0\" cellpadding=\"0\">\n<tbody>\n<tr>\n<td colspan=\"3\"><strong>Outros Datos:<\/strong><\/td>\n<\/tr>\n<tr>\n<td width=\"20\"><\/td>\n<td colspan=\"2\"><strong>Premios:<\/strong><\/td>\n<\/tr>\n<tr>\n<td width=\"20\"><\/td>\n<td width=\"20\"><\/td>\n<td>\u00a0Ga\u00f1ador | Gran de Area | 2016<\/td>\n<\/tr>\n<tr>\n<td width=\"20\"><\/td>\n<td colspan=\"2\"><strong>Publicaci\u00f3ns:<\/strong><\/td>\n<\/tr>\n<tr>\n<td width=\"20\"><\/td>\n<td width=\"20\"><\/td>\n<td>La Voz de Galicia. Suplementos YES, do 9 de abril de 2016.<\/p>\n<p>Casa Viva, n\u00ba 229\u00a0de xu\u00f1o de 2016. MC Ediciones.<\/td>\n<\/tr>\n<tr>\n<td width=\"20\"><\/td>\n<td colspan=\"2\"><strong>Informaci\u00f3n na rede:<\/strong><\/td>\n<\/tr>\n<tr>\n<td width=\"20\"><\/td>\n<td width=\"20\"><\/td>\n<td><strong><strong><a href=\"http:\/\/plpa.es\/es\/projects\/sto-domingo-apartment\/\" target=\"_blank\">P\u00e1xina de PLP Atelier<\/a><\/strong><\/strong><\/p>\n<p><a href=\"http:\/\/www.delikatissen.com\/2016\/08\/reforma-de-piso-con-terraza-en-ourense\/\"><strong>Delikatissen<\/strong><\/a><\/p>\n<p><a href=\"http:\/\/www.designboom.es\/lectores\/plp-atelier-vivienda-santo-domingo-ourense-07-25-2016\/\" target=\"_blank\"><strong>Designboom<\/strong><\/a><\/td>\n<\/tr>\n<tr>\n<td width=\"20\"><\/td>\n<td colspan=\"2\"><strong>Descripci\u00f3n do proxecto:\u00a0<\/strong><\/td>\n<\/tr>\n<tr>\n<td width=\"20\"><\/td>\n<td width=\"20\"><\/td>\n<td>\u00abReforma dun piso de 90m\u00b2 con terraza en Ourense, onde xoga un papel fundamental o dese\u00f1o a medida e cambiante do mobiliario.<\/p>\n<p>A distribuci\u00f3n organ\u00edzase en funci\u00f3n dos ocos e a luz. Cara o exterior sit\u00faanse as estancias \u201cvivideiras\u201d, onde se desenrola a maior parte das actividades, e cara o patio interior as demais. Unha segunda divisi\u00f3n estabel\u00e9cese entre a parte p\u00fablica e privada dependendo do uso de cada zona. Dende o recibidor bif\u00farcanse dous sendeiros (aunque puideran ser 3 se nos guiamos polo trampantoxo do espello e a grava), sinalados por bancos descontinuos que se van curvando paralelamente ao recorrido. O elemento encargado de separalos \u00e9 unha librar\u00eda que atravesa a crux\u00eda en toda a s\u00faa lonxitude e que so se volve permeable en dous puntos, o propio hall e que conecta o comedor coa coci\u00f1a, debuxando dous limiares cercados de libros.<\/p>\n<p>Os espazos principias da casa interrelaci\u00f3nanse a trav\u00e9s de diferentes estratexias. O pavimento empr\u00e9gase como contrapunto do mobiliario para conectar ambientes separados a priori por este e viceversa, ao crear descontinuidades en volumes unidos de antem\u00e1n. Levando as\u00ed a cabo, un xogo de asociaci\u00f3n entre sal\u00f3n-comedor-cocina e incluso terraza que se ir\u00e1 dilu\u00edndo conforme vaiamos entrando na parte m\u00e1is \u00edntima da vivenda. Conexi\u00f3ns espaciais vs conexi\u00f3n materiais para discriminar os diferentes usos.<span style=\"font-family: inherit; font-size: inherit;\">\u00ab<\/span><\/p>\n<p>PLP Atelier<\/td>\n<\/tr>\n<tr>\n<td width=\"20\"><\/td>\n<td colspan=\"2\"><b><b>Reportaxe fotogr\u00e1fica: <a href=\"http:\/\/santos-diez.com\/\" target=\"_blank\">H\u00e9ctor Santos-D\u00edez<\/a> | <a href=\"http:\/\/www.bisimages.es\/bis\/\" target=\"_blank\">BISimages<\/a><\/b><\/b><b><b><br \/>\n<\/b><\/b><\/td>\n<\/tr>\n<tr>\n<td width=\"20\"><\/td>\n<td colspan=\"2\"><b><b>Planos: <a href=\"http:\/\/plpa.es\/es\/\" target=\"_blank\">PLP Atelier<\/a><\/b><\/b><b><b><br \/>\n<\/b><\/b><\/td>\n<\/tr>\n<\/tbody>\n<\/table>\n\n <\/p>\n","protected":false},"excerpt":{"rendered":"<p>Reforma dun piso de 90m\u00b2 con terraza en Ourense, onde xoga un papel fundamental o dese\u00f1o a medida e cambiante do mobiliario.<\/p>\n","protected":false},"author":11,"featured_media":14551,"comment_status":"open","ping_status":"open","sticky":false,"template":"","format":"standard","meta":{"jetpack_post_was_ever_published":false,"_jetpack_newsletter_access":"","_jetpack_dont_email_post_to_subs":false,"_jetpack_newsletter_tier_id":0,"_jetpack_memberships_contains_paywalled_content":false,"_jetpack_memberships_contains_paid_content":false,"footnotes":"","jetpack_publicize_message":"","jetpack_publicize_feature_enabled":true,"jetpack_social_post_already_shared":true,"jetpack_social_options":{"image_generator_settings":{"template":"highway","enabled":false},"version":2}},"categories":[14],"tags":[811,801,822],"ano":[],"arquitectos":[],"tipoloxia":[],"class_list":["post-14550","post","type-post","status-publish","format-standard","has-post-thumbnail","hentry","category-ourense-ourense","tag-811","tag-interiorismo","tag-plp-atelier","content-print"],"jetpack_publicize_connections":[],"yoast_head":"<!-- This site is optimized with the Yoast SEO plugin v24.1 - https:\/\/yoast.com\/wordpress\/plugins\/seo\/ -->\n<title>Vivenda Sto. Domingo | AG<\/title>\n<meta name=\"description\" content=\"Reforma dun piso de 90m\u00b2 con terraza en Ourense, onde xoga un papel fundamental o dese\u00f1o a medida e cambiante do mobiliario.\" \/>\n<meta name=\"robots\" content=\"index, follow, max-snippet:-1, max-image-preview:large, max-video-preview:-1\" \/>\n<link rel=\"canonical\" href=\"http:\/\/arquitecturadegalicia.eu\/blog\/vivenda-sto-domingo\/\" \/>\n<meta property=\"og:locale\" content=\"es_ES\" \/>\n<meta property=\"og:type\" content=\"article\" \/>\n<meta property=\"og:title\" content=\"Vivenda Sto. Domingo | AG\" \/>\n<meta property=\"og:description\" content=\"Reforma dun piso de 90m\u00b2 con terraza en Ourense, onde xoga un papel fundamental o dese\u00f1o a medida e cambiante do mobiliario.\" \/>\n<meta property=\"og:url\" content=\"http:\/\/arquitecturadegalicia.eu\/blog\/vivenda-sto-domingo\/\" \/>\n<meta property=\"og:site_name\" content=\"AG\" \/>\n<meta property=\"article:publisher\" content=\"https:\/\/www.facebook.com\/ArquitecturadeGalicia\/\" \/>\n<meta property=\"article:published_time\" content=\"2016-11-03T19:00:05+00:00\" \/>\n<meta property=\"article:modified_time\" content=\"2016-10-27T15:29:01+00:00\" \/>\n<meta property=\"og:image\" content=\"http:\/\/arquitecturadegalicia.eu\/blog\/wp-content\/uploads\/2016\/10\/Principal_0_Portada-VivStoDomingoB.jpg\" \/>\n\t<meta property=\"og:image:width\" content=\"620\" \/>\n\t<meta property=\"og:image:height\" content=\"285\" \/>\n\t<meta property=\"og:image:type\" content=\"image\/jpeg\" \/>\n<meta name=\"author\" content=\"Adri\u00e1n Capelo\" \/>\n<meta name=\"twitter:card\" content=\"summary_large_image\" \/>\n<meta name=\"twitter:creator\" content=\"@arquigaliciaeu\" \/>\n<meta name=\"twitter:site\" content=\"@arquigaliciaeu\" \/>\n<meta name=\"twitter:label1\" content=\"Escrito por\" \/>\n\t<meta name=\"twitter:data1\" content=\"Adri\u00e1n Capelo\" \/>\n\t<meta name=\"twitter:label2\" content=\"Tiempo de lectura\" \/>\n\t<meta name=\"twitter:data2\" content=\"2 minutos\" \/>\n<script type=\"application\/ld+json\" class=\"yoast-schema-graph\">{\"@context\":\"https:\/\/schema.org\",\"@graph\":[{\"@type\":\"Article\",\"@id\":\"http:\/\/arquitecturadegalicia.eu\/blog\/vivenda-sto-domingo\/#article\",\"isPartOf\":{\"@id\":\"http:\/\/arquitecturadegalicia.eu\/blog\/vivenda-sto-domingo\/\"},\"author\":{\"name\":\"Adri\u00e1n Capelo\",\"@id\":\"https:\/\/arquitecturadegalicia.eu\/blog\/#\/schema\/person\/02decbe073ba6ac287ee8b22fc7c953e\"},\"headline\":\"Vivenda Sto. Domingo\",\"datePublished\":\"2016-11-03T19:00:05+00:00\",\"dateModified\":\"2016-10-27T15:29:01+00:00\",\"mainEntityOfPage\":{\"@id\":\"http:\/\/arquitecturadegalicia.eu\/blog\/vivenda-sto-domingo\/\"},\"wordCount\":338,\"commentCount\":0,\"publisher\":{\"@id\":\"https:\/\/arquitecturadegalicia.eu\/blog\/#organization\"},\"image\":{\"@id\":\"http:\/\/arquitecturadegalicia.eu\/blog\/vivenda-sto-domingo\/#primaryimage\"},\"thumbnailUrl\":\"https:\/\/arquitecturadegalicia.eu\/blog\/wp-content\/uploads\/2016\/10\/Principal_0_Portada-VivStoDomingoB.jpg\",\"keywords\":[\"2016\",\"interiorismo\",\"PLP Atelier\"],\"articleSection\":[\"Ourense\"],\"inLanguage\":\"es\",\"potentialAction\":[{\"@type\":\"CommentAction\",\"name\":\"Comment\",\"target\":[\"http:\/\/arquitecturadegalicia.eu\/blog\/vivenda-sto-domingo\/#respond\"]}]},{\"@type\":\"WebPage\",\"@id\":\"http:\/\/arquitecturadegalicia.eu\/blog\/vivenda-sto-domingo\/\",\"url\":\"http:\/\/arquitecturadegalicia.eu\/blog\/vivenda-sto-domingo\/\",\"name\":\"Vivenda Sto. Domingo | AG\",\"isPartOf\":{\"@id\":\"https:\/\/arquitecturadegalicia.eu\/blog\/#website\"},\"primaryImageOfPage\":{\"@id\":\"http:\/\/arquitecturadegalicia.eu\/blog\/vivenda-sto-domingo\/#primaryimage\"},\"image\":{\"@id\":\"http:\/\/arquitecturadegalicia.eu\/blog\/vivenda-sto-domingo\/#primaryimage\"},\"thumbnailUrl\":\"https:\/\/arquitecturadegalicia.eu\/blog\/wp-content\/uploads\/2016\/10\/Principal_0_Portada-VivStoDomingoB.jpg\",\"datePublished\":\"2016-11-03T19:00:05+00:00\",\"dateModified\":\"2016-10-27T15:29:01+00:00\",\"description\":\"Reforma dun piso de 90m\u00b2 con terraza en Ourense, onde xoga un papel fundamental o dese\u00f1o a medida e cambiante do mobiliario.\",\"breadcrumb\":{\"@id\":\"http:\/\/arquitecturadegalicia.eu\/blog\/vivenda-sto-domingo\/#breadcrumb\"},\"inLanguage\":\"es\",\"potentialAction\":[{\"@type\":\"ReadAction\",\"target\":[\"http:\/\/arquitecturadegalicia.eu\/blog\/vivenda-sto-domingo\/\"]}]},{\"@type\":\"ImageObject\",\"inLanguage\":\"es\",\"@id\":\"http:\/\/arquitecturadegalicia.eu\/blog\/vivenda-sto-domingo\/#primaryimage\",\"url\":\"https:\/\/arquitecturadegalicia.eu\/blog\/wp-content\/uploads\/2016\/10\/Principal_0_Portada-VivStoDomingoB.jpg\",\"contentUrl\":\"https:\/\/arquitecturadegalicia.eu\/blog\/wp-content\/uploads\/2016\/10\/Principal_0_Portada-VivStoDomingoB.jpg\",\"width\":620,\"height\":285,\"caption\":\"Vivenda Sto. Domingo PLP Atelier\"},{\"@type\":\"BreadcrumbList\",\"@id\":\"http:\/\/arquitecturadegalicia.eu\/blog\/vivenda-sto-domingo\/#breadcrumb\",\"itemListElement\":[{\"@type\":\"ListItem\",\"position\":1,\"name\":\"Portada\",\"item\":\"https:\/\/arquitecturadegalicia.eu\/blog\/\"},{\"@type\":\"ListItem\",\"position\":2,\"name\":\"Vivenda Sto. Domingo\"}]},{\"@type\":\"WebSite\",\"@id\":\"https:\/\/arquitecturadegalicia.eu\/blog\/#website\",\"url\":\"https:\/\/arquitecturadegalicia.eu\/blog\/\",\"name\":\"AG\",\"description\":\"Arquitectura de Galicia\",\"publisher\":{\"@id\":\"https:\/\/arquitecturadegalicia.eu\/blog\/#organization\"},\"potentialAction\":[{\"@type\":\"SearchAction\",\"target\":{\"@type\":\"EntryPoint\",\"urlTemplate\":\"https:\/\/arquitecturadegalicia.eu\/blog\/?s={search_term_string}\"},\"query-input\":{\"@type\":\"PropertyValueSpecification\",\"valueRequired\":true,\"valueName\":\"search_term_string\"}}],\"inLanguage\":\"es\"},{\"@type\":\"Organization\",\"@id\":\"https:\/\/arquitecturadegalicia.eu\/blog\/#organization\",\"name\":\"Arquitectura de Galicia\",\"url\":\"https:\/\/arquitecturadegalicia.eu\/blog\/\",\"logo\":{\"@type\":\"ImageObject\",\"inLanguage\":\"es\",\"@id\":\"https:\/\/arquitecturadegalicia.eu\/blog\/#\/schema\/logo\/image\/\",\"url\":\"https:\/\/arquitecturadegalicia.eu\/blog\/wp-content\/uploads\/2017\/01\/arquitecturacurrents2.png\",\"contentUrl\":\"https:\/\/arquitecturadegalicia.eu\/blog\/wp-content\/uploads\/2017\/01\/arquitecturacurrents2.png\",\"width\":840,\"height\":640,\"caption\":\"Arquitectura de Galicia\"},\"image\":{\"@id\":\"https:\/\/arquitecturadegalicia.eu\/blog\/#\/schema\/logo\/image\/\"},\"sameAs\":[\"https:\/\/www.facebook.com\/ArquitecturadeGalicia\/\",\"https:\/\/x.com\/arquigaliciaeu\",\"https:\/\/www.instagram.com\/arquigaliciaeu\/\"]},{\"@type\":\"Person\",\"@id\":\"https:\/\/arquitecturadegalicia.eu\/blog\/#\/schema\/person\/02decbe073ba6ac287ee8b22fc7c953e\",\"name\":\"Adri\u00e1n Capelo\",\"image\":{\"@type\":\"ImageObject\",\"inLanguage\":\"es\",\"@id\":\"https:\/\/arquitecturadegalicia.eu\/blog\/#\/schema\/person\/image\/\",\"url\":\"https:\/\/secure.gravatar.com\/avatar\/f106f10a14512409fee37ea940dd22e4?s=96&d=mm&r=g\",\"contentUrl\":\"https:\/\/secure.gravatar.com\/avatar\/f106f10a14512409fee37ea940dd22e4?s=96&d=mm&r=g\",\"caption\":\"Adri\u00e1n Capelo\"},\"description\":\"Pontevedra | Dese\u00f1o gr\u00e1fico, fotograf\u00eda e\u00a0edici\u00f3n de artigos | Estudiante de Arquitectura na ETSA de A Coru\u00f1a. Fai \u00e1s veces de fot\u00f3grafo, dese\u00f1ador gr\u00e1fico ou m\u00fasico | M\u00e1is informaci\u00f3n sobre Adri\u00e1n\",\"url\":\"https:\/\/arquitecturadegalicia.eu\/blog\/author\/adriancapelo\/\"}]}<\/script>\n<!-- \/ Yoast SEO plugin. -->","yoast_head_json":{"title":"Vivenda Sto. Domingo | AG","description":"Reforma dun piso de 90m\u00b2 con terraza en Ourense, onde xoga un papel fundamental o dese\u00f1o a medida e cambiante do mobiliario.","robots":{"index":"index","follow":"follow","max-snippet":"max-snippet:-1","max-image-preview":"max-image-preview:large","max-video-preview":"max-video-preview:-1"},"canonical":"http:\/\/arquitecturadegalicia.eu\/blog\/vivenda-sto-domingo\/","og_locale":"es_ES","og_type":"article","og_title":"Vivenda Sto. Domingo | AG","og_description":"Reforma dun piso de 90m\u00b2 con terraza en Ourense, onde xoga un papel fundamental o dese\u00f1o a medida e cambiante do mobiliario.","og_url":"http:\/\/arquitecturadegalicia.eu\/blog\/vivenda-sto-domingo\/","og_site_name":"AG","article_publisher":"https:\/\/www.facebook.com\/ArquitecturadeGalicia\/","article_published_time":"2016-11-03T19:00:05+00:00","article_modified_time":"2016-10-27T15:29:01+00:00","og_image":[{"width":620,"height":285,"url":"http:\/\/arquitecturadegalicia.eu\/blog\/wp-content\/uploads\/2016\/10\/Principal_0_Portada-VivStoDomingoB.jpg","type":"image\/jpeg"}],"author":"Adri\u00e1n Capelo","twitter_card":"summary_large_image","twitter_creator":"@arquigaliciaeu","twitter_site":"@arquigaliciaeu","twitter_misc":{"Escrito por":"Adri\u00e1n Capelo","Tiempo de lectura":"2 minutos"},"schema":{"@context":"https:\/\/schema.org","@graph":[{"@type":"Article","@id":"http:\/\/arquitecturadegalicia.eu\/blog\/vivenda-sto-domingo\/#article","isPartOf":{"@id":"http:\/\/arquitecturadegalicia.eu\/blog\/vivenda-sto-domingo\/"},"author":{"name":"Adri\u00e1n Capelo","@id":"https:\/\/arquitecturadegalicia.eu\/blog\/#\/schema\/person\/02decbe073ba6ac287ee8b22fc7c953e"},"headline":"Vivenda Sto. Domingo","datePublished":"2016-11-03T19:00:05+00:00","dateModified":"2016-10-27T15:29:01+00:00","mainEntityOfPage":{"@id":"http:\/\/arquitecturadegalicia.eu\/blog\/vivenda-sto-domingo\/"},"wordCount":338,"commentCount":0,"publisher":{"@id":"https:\/\/arquitecturadegalicia.eu\/blog\/#organization"},"image":{"@id":"http:\/\/arquitecturadegalicia.eu\/blog\/vivenda-sto-domingo\/#primaryimage"},"thumbnailUrl":"https:\/\/arquitecturadegalicia.eu\/blog\/wp-content\/uploads\/2016\/10\/Principal_0_Portada-VivStoDomingoB.jpg","keywords":["2016","interiorismo","PLP Atelier"],"articleSection":["Ourense"],"inLanguage":"es","potentialAction":[{"@type":"CommentAction","name":"Comment","target":["http:\/\/arquitecturadegalicia.eu\/blog\/vivenda-sto-domingo\/#respond"]}]},{"@type":"WebPage","@id":"http:\/\/arquitecturadegalicia.eu\/blog\/vivenda-sto-domingo\/","url":"http:\/\/arquitecturadegalicia.eu\/blog\/vivenda-sto-domingo\/","name":"Vivenda Sto. Domingo | AG","isPartOf":{"@id":"https:\/\/arquitecturadegalicia.eu\/blog\/#website"},"primaryImageOfPage":{"@id":"http:\/\/arquitecturadegalicia.eu\/blog\/vivenda-sto-domingo\/#primaryimage"},"image":{"@id":"http:\/\/arquitecturadegalicia.eu\/blog\/vivenda-sto-domingo\/#primaryimage"},"thumbnailUrl":"https:\/\/arquitecturadegalicia.eu\/blog\/wp-content\/uploads\/2016\/10\/Principal_0_Portada-VivStoDomingoB.jpg","datePublished":"2016-11-03T19:00:05+00:00","dateModified":"2016-10-27T15:29:01+00:00","description":"Reforma dun piso de 90m\u00b2 con terraza en Ourense, onde xoga un papel fundamental o dese\u00f1o a medida e cambiante do mobiliario.","breadcrumb":{"@id":"http:\/\/arquitecturadegalicia.eu\/blog\/vivenda-sto-domingo\/#breadcrumb"},"inLanguage":"es","potentialAction":[{"@type":"ReadAction","target":["http:\/\/arquitecturadegalicia.eu\/blog\/vivenda-sto-domingo\/"]}]},{"@type":"ImageObject","inLanguage":"es","@id":"http:\/\/arquitecturadegalicia.eu\/blog\/vivenda-sto-domingo\/#primaryimage","url":"https:\/\/arquitecturadegalicia.eu\/blog\/wp-content\/uploads\/2016\/10\/Principal_0_Portada-VivStoDomingoB.jpg","contentUrl":"https:\/\/arquitecturadegalicia.eu\/blog\/wp-content\/uploads\/2016\/10\/Principal_0_Portada-VivStoDomingoB.jpg","width":620,"height":285,"caption":"Vivenda Sto. Domingo PLP Atelier"},{"@type":"BreadcrumbList","@id":"http:\/\/arquitecturadegalicia.eu\/blog\/vivenda-sto-domingo\/#breadcrumb","itemListElement":[{"@type":"ListItem","position":1,"name":"Portada","item":"https:\/\/arquitecturadegalicia.eu\/blog\/"},{"@type":"ListItem","position":2,"name":"Vivenda Sto. Domingo"}]},{"@type":"WebSite","@id":"https:\/\/arquitecturadegalicia.eu\/blog\/#website","url":"https:\/\/arquitecturadegalicia.eu\/blog\/","name":"AG","description":"Arquitectura de Galicia","publisher":{"@id":"https:\/\/arquitecturadegalicia.eu\/blog\/#organization"},"potentialAction":[{"@type":"SearchAction","target":{"@type":"EntryPoint","urlTemplate":"https:\/\/arquitecturadegalicia.eu\/blog\/?s={search_term_string}"},"query-input":{"@type":"PropertyValueSpecification","valueRequired":true,"valueName":"search_term_string"}}],"inLanguage":"es"},{"@type":"Organization","@id":"https:\/\/arquitecturadegalicia.eu\/blog\/#organization","name":"Arquitectura de Galicia","url":"https:\/\/arquitecturadegalicia.eu\/blog\/","logo":{"@type":"ImageObject","inLanguage":"es","@id":"https:\/\/arquitecturadegalicia.eu\/blog\/#\/schema\/logo\/image\/","url":"https:\/\/arquitecturadegalicia.eu\/blog\/wp-content\/uploads\/2017\/01\/arquitecturacurrents2.png","contentUrl":"https:\/\/arquitecturadegalicia.eu\/blog\/wp-content\/uploads\/2017\/01\/arquitecturacurrents2.png","width":840,"height":640,"caption":"Arquitectura de Galicia"},"image":{"@id":"https:\/\/arquitecturadegalicia.eu\/blog\/#\/schema\/logo\/image\/"},"sameAs":["https:\/\/www.facebook.com\/ArquitecturadeGalicia\/","https:\/\/x.com\/arquigaliciaeu","https:\/\/www.instagram.com\/arquigaliciaeu\/"]},{"@type":"Person","@id":"https:\/\/arquitecturadegalicia.eu\/blog\/#\/schema\/person\/02decbe073ba6ac287ee8b22fc7c953e","name":"Adri\u00e1n Capelo","image":{"@type":"ImageObject","inLanguage":"es","@id":"https:\/\/arquitecturadegalicia.eu\/blog\/#\/schema\/person\/image\/","url":"https:\/\/secure.gravatar.com\/avatar\/f106f10a14512409fee37ea940dd22e4?s=96&d=mm&r=g","contentUrl":"https:\/\/secure.gravatar.com\/avatar\/f106f10a14512409fee37ea940dd22e4?s=96&d=mm&r=g","caption":"Adri\u00e1n Capelo"},"description":"Pontevedra | Dese\u00f1o gr\u00e1fico, fotograf\u00eda e\u00a0edici\u00f3n de artigos | Estudiante de Arquitectura na ETSA de A Coru\u00f1a. Fai \u00e1s veces de fot\u00f3grafo, dese\u00f1ador gr\u00e1fico ou m\u00fasico | M\u00e1is informaci\u00f3n sobre Adri\u00e1n","url":"https:\/\/arquitecturadegalicia.eu\/blog\/author\/adriancapelo\/"}]}},"jetpack_featured_media_url":"https:\/\/arquitecturadegalicia.eu\/blog\/wp-content\/uploads\/2016\/10\/Principal_0_Portada-VivStoDomingoB.jpg","jetpack_shortlink":"https:\/\/wp.me\/p2NHs2-3MG","jetpack_sharing_enabled":true,"_links":{"self":[{"href":"https:\/\/arquitecturadegalicia.eu\/blog\/wp-json\/wp\/v2\/posts\/14550","targetHints":{"allow":["GET"]}}],"collection":[{"href":"https:\/\/arquitecturadegalicia.eu\/blog\/wp-json\/wp\/v2\/posts"}],"about":[{"href":"https:\/\/arquitecturadegalicia.eu\/blog\/wp-json\/wp\/v2\/types\/post"}],"author":[{"embeddable":true,"href":"https:\/\/arquitecturadegalicia.eu\/blog\/wp-json\/wp\/v2\/users\/11"}],"replies":[{"embeddable":true,"href":"https:\/\/arquitecturadegalicia.eu\/blog\/wp-json\/wp\/v2\/comments?post=14550"}],"version-history":[{"count":4,"href":"https:\/\/arquitecturadegalicia.eu\/blog\/wp-json\/wp\/v2\/posts\/14550\/revisions"}],"predecessor-version":[{"id":14576,"href":"https:\/\/arquitecturadegalicia.eu\/blog\/wp-json\/wp\/v2\/posts\/14550\/revisions\/14576"}],"wp:featuredmedia":[{"embeddable":true,"href":"https:\/\/arquitecturadegalicia.eu\/blog\/wp-json\/wp\/v2\/media\/14551"}],"wp:attachment":[{"href":"https:\/\/arquitecturadegalicia.eu\/blog\/wp-json\/wp\/v2\/media?parent=14550"}],"wp:term":[{"taxonomy":"category","embeddable":true,"href":"https:\/\/arquitecturadegalicia.eu\/blog\/wp-json\/wp\/v2\/categories?post=14550"},{"taxonomy":"post_tag","embeddable":true,"href":"https:\/\/arquitecturadegalicia.eu\/blog\/wp-json\/wp\/v2\/tags?post=14550"},{"taxonomy":"ano","embeddable":true,"href":"https:\/\/arquitecturadegalicia.eu\/blog\/wp-json\/wp\/v2\/ano?post=14550"},{"taxonomy":"arquitectos","embeddable":true,"href":"https:\/\/arquitecturadegalicia.eu\/blog\/wp-json\/wp\/v2\/arquitectos?post=14550"},{"taxonomy":"tipoloxia","embeddable":true,"href":"https:\/\/arquitecturadegalicia.eu\/blog\/wp-json\/wp\/v2\/tipoloxia?post=14550"}],"curies":[{"name":"wp","href":"https:\/\/api.w.org\/{rel}","templated":true}]}}