{"id":1463,"date":"2012-11-15T09:50:37","date_gmt":"2012-11-15T09:50:37","guid":{"rendered":"http:\/\/arquitecturadegalicia.eu\/blog\/?p=1463"},"modified":"2016-03-28T15:48:40","modified_gmt":"2016-03-28T13:48:40","slug":"vivenda-en-cedeira","status":"publish","type":"post","link":"https:\/\/arquitecturadegalicia.eu\/blog\/vivenda-en-cedeira\/","title":{"rendered":"Casa HK"},"content":{"rendered":"<h6 style=\"text-align: right;\"><span style=\"color: #999999;\"><img fetchpriority=\"high\" decoding=\"async\" class=\"alignnone size-full wp-image-14248\" src=\"http:\/\/arquitecturadegalicia.eu\/blog\/wp-content\/uploads\/2012\/11\/AG_casa_HK_-MYCC_cedeira_00.jpg\" alt=\"AG_casa_HK_ MYCC_cedeira_00\" width=\"931\" height=\"620\" srcset=\"https:\/\/arquitecturadegalicia.eu\/blog\/wp-content\/uploads\/2012\/11\/AG_casa_HK_-MYCC_cedeira_00.jpg 931w, https:\/\/arquitecturadegalicia.eu\/blog\/wp-content\/uploads\/2012\/11\/AG_casa_HK_-MYCC_cedeira_00-768x511.jpg 768w\" sizes=\"(max-width: 931px) 100vw, 931px\" \/><br \/>\n<a style=\"color: #999999;\" href=\"http:\/\/ultimasreportagens.com\/405.php\">Fernando Guerra | ultimasreportagens.com<\/a><\/span><\/h6>\n<table class=\"aligncenter\" border=\"0\" width=\"620\" cellspacing=\"0\" cellpadding=\"0\">\n<tbody>\n<tr>\n<td width=\"180\"><strong>Obra:<\/strong><\/td>\n<td style=\"text-align: left;\">Casa HK<\/td>\n<\/tr>\n<tr>\n<td><strong>Arquitecto:<\/strong><\/td>\n<td><span class=\"PAMYCCsinlineas\"> MYCC\u00a0 Arquitectura<br \/>\n<\/span><\/td>\n<\/tr>\n<tr>\n<td><strong>Provincia:<\/strong><\/td>\n<td>A Coru\u00f1a<\/td>\n<\/tr>\n<tr>\n<td><strong>Localidade:<\/strong><\/td>\n<td>Trasmonte, Cedeira<\/td>\n<\/tr>\n<tr>\n<td><strong>Ano:<\/strong><\/td>\n<td>2010<\/td>\n<\/tr>\n<tr>\n<td><strong>Xeolocalizaci\u00f3n:<\/strong><\/td>\n<td><a href=\"https:\/\/www.google.com\/fusiontables\/embedviz?q=select+col6+from+1SDgapi_D5DlY376iYYP9rfBhe0o6WliHne9w0EmJ&amp;viz=MAP&amp;h=false&amp;lat=43.686641798492275&amp;lng=-8.054355620624614&amp;t=3&amp;z=19&amp;l=col6&amp;y=2&amp;tmplt=2&amp;hml=KML\" target=\"_blank\"><strong>43.686920, \u00a0-8.054402<\/strong><\/a><\/td>\n<\/tr>\n<\/tbody>\n<\/table>\n<table class=\" aligncenter\" border=\"0\" width=\"620\" cellspacing=\"0\" cellpadding=\"0\">\n<tbody>\n<tr>\n<td colspan=\"3\"><strong>Outros Datos:<\/strong><\/td>\n<\/tr>\n<tr>\n<td width=\"20\"><\/td>\n<td colspan=\"2\"><strong>Premios:<\/strong><\/td>\n<\/tr>\n<tr>\n<td width=\"20\"><\/td>\n<td width=\"20\"><\/td>\n<td width=\"580\"><\/td>\n<\/tr>\n<tr>\n<td width=\"20\"><\/td>\n<td colspan=\"2\"><strong>Publicaci\u00f3ns:<\/strong><\/td>\n<\/tr>\n<tr>\n<td width=\"20\"><\/td>\n<td width=\"20\"><\/td>\n<td>Detail No 5 |\u00a0 2010<\/td>\n<\/tr>\n<tr>\n<td width=\"20\"><\/td>\n<td colspan=\"2\"><strong>Informaci\u00f3n na rede:<\/strong><\/td>\n<\/tr>\n<tr>\n<td width=\"20\"><\/td>\n<td width=\"20\"><\/td>\n<td><strong><a href=\"http:\/\/www.mycc.es\/workcedeira.html\" target=\"_blank\">mycc.es<br \/>\n<\/a><a href=\"http:\/\/ultimasreportagens.com\/405.php\" target=\"_blank\">ultimasreportagens.com<\/a><a href=\"http:\/\/www.mycc.es\/workcedeira.html\" target=\"_blank\"><br \/>\n<\/a><a href=\"http:\/\/www.plataformaarquitectura.cl\/cl\/02-49459\/casa-cedeira-mycc\" target=\"_blank\">plataformaarquitectura.cl<\/a><br \/>\n<a href=\"http:\/\/www.dezeen.com\/2010\/08\/01\/prefabricated-nature-by-by-mycc\/\" target=\"_blank\">dezeen.com<\/a><br \/>\n<\/strong><\/td>\n<\/tr>\n<tr>\n<td width=\"20\"><\/td>\n<td colspan=\"2\"><strong>Descripci\u00f3n do proxecto:<\/strong><\/td>\n<\/tr>\n<tr>\n<td width=\"20\"><\/td>\n<td width=\"20\"><\/td>\n<td style=\"text-align: justify;\">\u00abLa vivienda se sit\u00faa en una ladera de pronunciada pendiente, en un emplazamiento remoto, en la esquina noroeste de la pen\u00ednsula ib\u00e9rica, dominado por la imponente presencia del oc\u00e9ano y los esbeltos bosques de eucaliptos que lo circundan; en un terreno rodeado de campos de labor, explotaciones ganaderas familiares y peque\u00f1as viviendas de cubierta inclinada diseminadas en el entorno. Esta imagen, amparada por la normativa urban\u00edstica de la zona, motiv\u00f3 la geometr\u00eda de la vivienda que, simplificada hasta evocar la casa b\u00e1sica, se concibi\u00f3 como una pieza aut\u00f3noma colocada como un observador del paisaje y que habla, con nuevos t\u00e9rminos, del lenguaje tradicional del lugar. El volumen se envolvi\u00f3 de dos materiales con la misi\u00f3n de entablar un di\u00e1logo con el paisaje. La cubierta y las fachadas laterales se cubrieron con Viroc\u00ae, un prefabricado a base de cemento y virutas de madera que, por su color gris\u00e1ceo, recuerda a la madera de los eucaliptos. Este fibrocemento consigue gran resistencia a pesar de ser ligero y, por tanto, de f\u00e1cil manejo y transporte. Los dos frentes principales de la casa se revistieron con bandejas de acero corten perforadas seg\u00fan la esquematizaci\u00f3n de la silueta de un bosque, recreando la imagen de la vegetaci\u00f3n circundante. Se eligi\u00f3 este material por su pertenencia a la tradici\u00f3n de los pueblos pesqueros como Cedeira, utilizado para la fabricaci\u00f3n de los cascos de los barcos y cuya oxidaci\u00f3n progresiva y controlada aporta autoprotecci\u00f3n al material. Su p\u00e1tina y cambios de color proporcionan una imagen viva que se relaciona con el entorno natural. De este juego entre lo natural y lo artificial se aprovechan las estancias interiores, donde la luz que atraviesa estas siluetas dibuja sombras de \u00e1rboles en las distintas habitaciones\u00bb<br \/>\n<span class=\"PAMYCCsinlineas\">MYCC\u00a0 Arquitectura<\/span><\/td>\n<\/tr>\n<tr>\n<td width=\"20\"><\/td>\n<td colspan=\"2\"><strong>Reportaxe fotogr\u00e1fica: <\/strong><\/td>\n<\/tr>\n<tr>\n<td width=\"20\"><\/td>\n<td colspan=\"2\">&#8211;<\/td>\n<\/tr>\n<tr>\n<td width=\"20\"><\/td>\n<td colspan=\"2\"><strong>Planos: <\/strong><\/td>\n<\/tr>\n<tr>\n<td width=\"20\"><\/td>\n<td colspan=\"2\"><a href=\"http:\/\/www.mycc.es\/workcedeira.html\" target=\"_blank\">mycc.es<\/a><\/td>\n<\/tr>\n<\/tbody>\n<\/table>\n <\/p>\n","protected":false},"excerpt":{"rendered":"<p>\u00abA xeometr\u00eda da vivenda que, simplificada ata evocar a casa b\u00e1sica, concibiuse como unha peza aut\u00f3noma colocada como un observador da paisaxe e que fala, con novos termos, da linguaxe tradicional do lugar\u00bb<br \/>\nMYCC  Arquitectura<\/p>\n","protected":false},"author":3,"featured_media":14248,"comment_status":"open","ping_status":"open","sticky":false,"template":"","format":"standard","meta":{"jetpack_post_was_ever_published":false,"_jetpack_newsletter_access":"","_jetpack_dont_email_post_to_subs":false,"_jetpack_newsletter_tier_id":0,"_jetpack_memberships_contains_paywalled_content":false,"_jetpack_memberships_contains_paid_content":false,"footnotes":"","jetpack_publicize_message":"","jetpack_publicize_feature_enabled":true,"jetpack_social_post_already_shared":false,"jetpack_social_options":{"image_generator_settings":{"template":"highway","enabled":false},"version":2}},"categories":[155],"tags":[55,157,156,105,108],"ano":[],"arquitectos":[],"tipoloxia":[],"class_list":["post-1463","post","type-post","status-publish","format-standard","has-post-thumbnail","hentry","category-cedeira","tag-55","tag-mycc","tag-prefabricada","tag-unifamiliar","tag-vivenda","content-print"],"jetpack_publicize_connections":[],"yoast_head":"<!-- This site is optimized with the Yoast SEO plugin v24.1 - https:\/\/yoast.com\/wordpress\/plugins\/seo\/ -->\n<title>Casa HK | AG<\/title>\n<meta name=\"robots\" content=\"index, follow, max-snippet:-1, max-image-preview:large, max-video-preview:-1\" \/>\n<link rel=\"canonical\" href=\"https:\/\/arquitecturadegalicia.eu\/blog\/vivenda-en-cedeira\/\" \/>\n<meta property=\"og:locale\" content=\"es_ES\" \/>\n<meta property=\"og:type\" content=\"article\" \/>\n<meta property=\"og:title\" content=\"Casa HK | AG\" \/>\n<meta property=\"og:description\" content=\"&quot;A xeometr\u00eda da vivenda que, simplificada ata evocar a casa b\u00e1sica, concibiuse como unha peza aut\u00f3noma colocada como un observador da paisaxe e que fala, con novos termos, da linguaxe tradicional do lugar&quot; MYCC Arquitectura\" \/>\n<meta property=\"og:url\" content=\"https:\/\/arquitecturadegalicia.eu\/blog\/vivenda-en-cedeira\/\" \/>\n<meta property=\"og:site_name\" content=\"AG\" \/>\n<meta property=\"article:publisher\" content=\"https:\/\/www.facebook.com\/ArquitecturadeGalicia\/\" \/>\n<meta property=\"article:published_time\" content=\"2012-11-15T09:50:37+00:00\" \/>\n<meta property=\"article:modified_time\" content=\"2016-03-28T13:48:40+00:00\" \/>\n<meta property=\"og:image\" content=\"https:\/\/arquitecturadegalicia.eu\/blog\/wp-content\/uploads\/2012\/11\/AG_casa_HK_-MYCC_cedeira_00.jpg\" \/>\n\t<meta property=\"og:image:width\" content=\"931\" \/>\n\t<meta property=\"og:image:height\" content=\"620\" \/>\n\t<meta property=\"og:image:type\" content=\"image\/jpeg\" \/>\n<meta name=\"author\" content=\"Luis Santalla\" \/>\n<meta name=\"twitter:card\" content=\"summary_large_image\" \/>\n<meta name=\"twitter:creator\" content=\"@arquigaliciaeu\" \/>\n<meta name=\"twitter:site\" content=\"@arquigaliciaeu\" \/>\n<meta name=\"twitter:label1\" content=\"Escrito por\" \/>\n\t<meta name=\"twitter:data1\" content=\"Luis Santalla\" \/>\n\t<meta name=\"twitter:label2\" content=\"Tiempo de lectura\" \/>\n\t<meta name=\"twitter:data2\" content=\"2 minutos\" \/>\n<script type=\"application\/ld+json\" class=\"yoast-schema-graph\">{\"@context\":\"https:\/\/schema.org\",\"@graph\":[{\"@type\":\"Article\",\"@id\":\"https:\/\/arquitecturadegalicia.eu\/blog\/vivenda-en-cedeira\/#article\",\"isPartOf\":{\"@id\":\"https:\/\/arquitecturadegalicia.eu\/blog\/vivenda-en-cedeira\/\"},\"author\":{\"name\":\"Luis Santalla\",\"@id\":\"https:\/\/arquitecturadegalicia.eu\/blog\/#\/schema\/person\/e23cc95ba9b18a7fc37259e3f8d02f0e\"},\"headline\":\"Casa HK\",\"datePublished\":\"2012-11-15T09:50:37+00:00\",\"dateModified\":\"2016-03-28T13:48:40+00:00\",\"mainEntityOfPage\":{\"@id\":\"https:\/\/arquitecturadegalicia.eu\/blog\/vivenda-en-cedeira\/\"},\"wordCount\":370,\"commentCount\":0,\"publisher\":{\"@id\":\"https:\/\/arquitecturadegalicia.eu\/blog\/#organization\"},\"image\":{\"@id\":\"https:\/\/arquitecturadegalicia.eu\/blog\/vivenda-en-cedeira\/#primaryimage\"},\"thumbnailUrl\":\"https:\/\/arquitecturadegalicia.eu\/blog\/wp-content\/uploads\/2012\/11\/AG_casa_HK_-MYCC_cedeira_00.jpg\",\"keywords\":[\"2010\",\"mycc\",\"prefabricada\",\"unifamiliar\",\"Vivenda\"],\"articleSection\":[\"Cedeira\"],\"inLanguage\":\"es\",\"potentialAction\":[{\"@type\":\"CommentAction\",\"name\":\"Comment\",\"target\":[\"https:\/\/arquitecturadegalicia.eu\/blog\/vivenda-en-cedeira\/#respond\"]}]},{\"@type\":\"WebPage\",\"@id\":\"https:\/\/arquitecturadegalicia.eu\/blog\/vivenda-en-cedeira\/\",\"url\":\"https:\/\/arquitecturadegalicia.eu\/blog\/vivenda-en-cedeira\/\",\"name\":\"Casa HK | AG\",\"isPartOf\":{\"@id\":\"https:\/\/arquitecturadegalicia.eu\/blog\/#website\"},\"primaryImageOfPage\":{\"@id\":\"https:\/\/arquitecturadegalicia.eu\/blog\/vivenda-en-cedeira\/#primaryimage\"},\"image\":{\"@id\":\"https:\/\/arquitecturadegalicia.eu\/blog\/vivenda-en-cedeira\/#primaryimage\"},\"thumbnailUrl\":\"https:\/\/arquitecturadegalicia.eu\/blog\/wp-content\/uploads\/2012\/11\/AG_casa_HK_-MYCC_cedeira_00.jpg\",\"datePublished\":\"2012-11-15T09:50:37+00:00\",\"dateModified\":\"2016-03-28T13:48:40+00:00\",\"breadcrumb\":{\"@id\":\"https:\/\/arquitecturadegalicia.eu\/blog\/vivenda-en-cedeira\/#breadcrumb\"},\"inLanguage\":\"es\",\"potentialAction\":[{\"@type\":\"ReadAction\",\"target\":[\"https:\/\/arquitecturadegalicia.eu\/blog\/vivenda-en-cedeira\/\"]}]},{\"@type\":\"ImageObject\",\"inLanguage\":\"es\",\"@id\":\"https:\/\/arquitecturadegalicia.eu\/blog\/vivenda-en-cedeira\/#primaryimage\",\"url\":\"https:\/\/arquitecturadegalicia.eu\/blog\/wp-content\/uploads\/2012\/11\/AG_casa_HK_-MYCC_cedeira_00.jpg\",\"contentUrl\":\"https:\/\/arquitecturadegalicia.eu\/blog\/wp-content\/uploads\/2012\/11\/AG_casa_HK_-MYCC_cedeira_00.jpg\",\"width\":931,\"height\":620},{\"@type\":\"BreadcrumbList\",\"@id\":\"https:\/\/arquitecturadegalicia.eu\/blog\/vivenda-en-cedeira\/#breadcrumb\",\"itemListElement\":[{\"@type\":\"ListItem\",\"position\":1,\"name\":\"Portada\",\"item\":\"https:\/\/arquitecturadegalicia.eu\/blog\/\"},{\"@type\":\"ListItem\",\"position\":2,\"name\":\"Casa HK\"}]},{\"@type\":\"WebSite\",\"@id\":\"https:\/\/arquitecturadegalicia.eu\/blog\/#website\",\"url\":\"https:\/\/arquitecturadegalicia.eu\/blog\/\",\"name\":\"AG\",\"description\":\"Arquitectura de Galicia\",\"publisher\":{\"@id\":\"https:\/\/arquitecturadegalicia.eu\/blog\/#organization\"},\"potentialAction\":[{\"@type\":\"SearchAction\",\"target\":{\"@type\":\"EntryPoint\",\"urlTemplate\":\"https:\/\/arquitecturadegalicia.eu\/blog\/?s={search_term_string}\"},\"query-input\":{\"@type\":\"PropertyValueSpecification\",\"valueRequired\":true,\"valueName\":\"search_term_string\"}}],\"inLanguage\":\"es\"},{\"@type\":\"Organization\",\"@id\":\"https:\/\/arquitecturadegalicia.eu\/blog\/#organization\",\"name\":\"Arquitectura de Galicia\",\"url\":\"https:\/\/arquitecturadegalicia.eu\/blog\/\",\"logo\":{\"@type\":\"ImageObject\",\"inLanguage\":\"es\",\"@id\":\"https:\/\/arquitecturadegalicia.eu\/blog\/#\/schema\/logo\/image\/\",\"url\":\"https:\/\/arquitecturadegalicia.eu\/blog\/wp-content\/uploads\/2017\/01\/arquitecturacurrents2.png\",\"contentUrl\":\"https:\/\/arquitecturadegalicia.eu\/blog\/wp-content\/uploads\/2017\/01\/arquitecturacurrents2.png\",\"width\":840,\"height\":640,\"caption\":\"Arquitectura de Galicia\"},\"image\":{\"@id\":\"https:\/\/arquitecturadegalicia.eu\/blog\/#\/schema\/logo\/image\/\"},\"sameAs\":[\"https:\/\/www.facebook.com\/ArquitecturadeGalicia\/\",\"https:\/\/x.com\/arquigaliciaeu\",\"https:\/\/www.instagram.com\/arquigaliciaeu\/\"]},{\"@type\":\"Person\",\"@id\":\"https:\/\/arquitecturadegalicia.eu\/blog\/#\/schema\/person\/e23cc95ba9b18a7fc37259e3f8d02f0e\",\"name\":\"Luis Santalla\",\"image\":{\"@type\":\"ImageObject\",\"inLanguage\":\"es\",\"@id\":\"https:\/\/arquitecturadegalicia.eu\/blog\/#\/schema\/person\/image\/\",\"url\":\"https:\/\/secure.gravatar.com\/avatar\/5b1ff9326d90bb609bad178f3a7079fe?s=96&d=mm&r=g\",\"contentUrl\":\"https:\/\/secure.gravatar.com\/avatar\/5b1ff9326d90bb609bad178f3a7079fe?s=96&d=mm&r=g\",\"caption\":\"Luis Santalla\"},\"description\":\"Cedeira | Encargado de coordinaci\u00f3n e mantemento web | Arquitecto . Universidade do Minho 2012. Socio do estudio FLU-OR e antigo colaborador do Estudio MMASA. Publica habitualmente en teoriadeconstruccion.net, en arquitecturadegalicia.eu y eventualmente en inteligenciascolectivas.org\",\"sameAs\":[\"https:\/\/9diseno.wordpress.com\/curriculum-vitae\/\"],\"url\":\"https:\/\/arquitecturadegalicia.eu\/blog\/author\/luissantalla\/\"}]}<\/script>\n<!-- \/ Yoast SEO plugin. -->","yoast_head_json":{"title":"Casa HK | AG","robots":{"index":"index","follow":"follow","max-snippet":"max-snippet:-1","max-image-preview":"max-image-preview:large","max-video-preview":"max-video-preview:-1"},"canonical":"https:\/\/arquitecturadegalicia.eu\/blog\/vivenda-en-cedeira\/","og_locale":"es_ES","og_type":"article","og_title":"Casa HK | AG","og_description":"\"A xeometr\u00eda da vivenda que, simplificada ata evocar a casa b\u00e1sica, concibiuse como unha peza aut\u00f3noma colocada como un observador da paisaxe e que fala, con novos termos, da linguaxe tradicional do lugar\" MYCC Arquitectura","og_url":"https:\/\/arquitecturadegalicia.eu\/blog\/vivenda-en-cedeira\/","og_site_name":"AG","article_publisher":"https:\/\/www.facebook.com\/ArquitecturadeGalicia\/","article_published_time":"2012-11-15T09:50:37+00:00","article_modified_time":"2016-03-28T13:48:40+00:00","og_image":[{"width":931,"height":620,"url":"https:\/\/arquitecturadegalicia.eu\/blog\/wp-content\/uploads\/2012\/11\/AG_casa_HK_-MYCC_cedeira_00.jpg","type":"image\/jpeg"}],"author":"Luis Santalla","twitter_card":"summary_large_image","twitter_creator":"@arquigaliciaeu","twitter_site":"@arquigaliciaeu","twitter_misc":{"Escrito por":"Luis Santalla","Tiempo de lectura":"2 minutos"},"schema":{"@context":"https:\/\/schema.org","@graph":[{"@type":"Article","@id":"https:\/\/arquitecturadegalicia.eu\/blog\/vivenda-en-cedeira\/#article","isPartOf":{"@id":"https:\/\/arquitecturadegalicia.eu\/blog\/vivenda-en-cedeira\/"},"author":{"name":"Luis Santalla","@id":"https:\/\/arquitecturadegalicia.eu\/blog\/#\/schema\/person\/e23cc95ba9b18a7fc37259e3f8d02f0e"},"headline":"Casa HK","datePublished":"2012-11-15T09:50:37+00:00","dateModified":"2016-03-28T13:48:40+00:00","mainEntityOfPage":{"@id":"https:\/\/arquitecturadegalicia.eu\/blog\/vivenda-en-cedeira\/"},"wordCount":370,"commentCount":0,"publisher":{"@id":"https:\/\/arquitecturadegalicia.eu\/blog\/#organization"},"image":{"@id":"https:\/\/arquitecturadegalicia.eu\/blog\/vivenda-en-cedeira\/#primaryimage"},"thumbnailUrl":"https:\/\/arquitecturadegalicia.eu\/blog\/wp-content\/uploads\/2012\/11\/AG_casa_HK_-MYCC_cedeira_00.jpg","keywords":["2010","mycc","prefabricada","unifamiliar","Vivenda"],"articleSection":["Cedeira"],"inLanguage":"es","potentialAction":[{"@type":"CommentAction","name":"Comment","target":["https:\/\/arquitecturadegalicia.eu\/blog\/vivenda-en-cedeira\/#respond"]}]},{"@type":"WebPage","@id":"https:\/\/arquitecturadegalicia.eu\/blog\/vivenda-en-cedeira\/","url":"https:\/\/arquitecturadegalicia.eu\/blog\/vivenda-en-cedeira\/","name":"Casa HK | AG","isPartOf":{"@id":"https:\/\/arquitecturadegalicia.eu\/blog\/#website"},"primaryImageOfPage":{"@id":"https:\/\/arquitecturadegalicia.eu\/blog\/vivenda-en-cedeira\/#primaryimage"},"image":{"@id":"https:\/\/arquitecturadegalicia.eu\/blog\/vivenda-en-cedeira\/#primaryimage"},"thumbnailUrl":"https:\/\/arquitecturadegalicia.eu\/blog\/wp-content\/uploads\/2012\/11\/AG_casa_HK_-MYCC_cedeira_00.jpg","datePublished":"2012-11-15T09:50:37+00:00","dateModified":"2016-03-28T13:48:40+00:00","breadcrumb":{"@id":"https:\/\/arquitecturadegalicia.eu\/blog\/vivenda-en-cedeira\/#breadcrumb"},"inLanguage":"es","potentialAction":[{"@type":"ReadAction","target":["https:\/\/arquitecturadegalicia.eu\/blog\/vivenda-en-cedeira\/"]}]},{"@type":"ImageObject","inLanguage":"es","@id":"https:\/\/arquitecturadegalicia.eu\/blog\/vivenda-en-cedeira\/#primaryimage","url":"https:\/\/arquitecturadegalicia.eu\/blog\/wp-content\/uploads\/2012\/11\/AG_casa_HK_-MYCC_cedeira_00.jpg","contentUrl":"https:\/\/arquitecturadegalicia.eu\/blog\/wp-content\/uploads\/2012\/11\/AG_casa_HK_-MYCC_cedeira_00.jpg","width":931,"height":620},{"@type":"BreadcrumbList","@id":"https:\/\/arquitecturadegalicia.eu\/blog\/vivenda-en-cedeira\/#breadcrumb","itemListElement":[{"@type":"ListItem","position":1,"name":"Portada","item":"https:\/\/arquitecturadegalicia.eu\/blog\/"},{"@type":"ListItem","position":2,"name":"Casa HK"}]},{"@type":"WebSite","@id":"https:\/\/arquitecturadegalicia.eu\/blog\/#website","url":"https:\/\/arquitecturadegalicia.eu\/blog\/","name":"AG","description":"Arquitectura de Galicia","publisher":{"@id":"https:\/\/arquitecturadegalicia.eu\/blog\/#organization"},"potentialAction":[{"@type":"SearchAction","target":{"@type":"EntryPoint","urlTemplate":"https:\/\/arquitecturadegalicia.eu\/blog\/?s={search_term_string}"},"query-input":{"@type":"PropertyValueSpecification","valueRequired":true,"valueName":"search_term_string"}}],"inLanguage":"es"},{"@type":"Organization","@id":"https:\/\/arquitecturadegalicia.eu\/blog\/#organization","name":"Arquitectura de Galicia","url":"https:\/\/arquitecturadegalicia.eu\/blog\/","logo":{"@type":"ImageObject","inLanguage":"es","@id":"https:\/\/arquitecturadegalicia.eu\/blog\/#\/schema\/logo\/image\/","url":"https:\/\/arquitecturadegalicia.eu\/blog\/wp-content\/uploads\/2017\/01\/arquitecturacurrents2.png","contentUrl":"https:\/\/arquitecturadegalicia.eu\/blog\/wp-content\/uploads\/2017\/01\/arquitecturacurrents2.png","width":840,"height":640,"caption":"Arquitectura de Galicia"},"image":{"@id":"https:\/\/arquitecturadegalicia.eu\/blog\/#\/schema\/logo\/image\/"},"sameAs":["https:\/\/www.facebook.com\/ArquitecturadeGalicia\/","https:\/\/x.com\/arquigaliciaeu","https:\/\/www.instagram.com\/arquigaliciaeu\/"]},{"@type":"Person","@id":"https:\/\/arquitecturadegalicia.eu\/blog\/#\/schema\/person\/e23cc95ba9b18a7fc37259e3f8d02f0e","name":"Luis Santalla","image":{"@type":"ImageObject","inLanguage":"es","@id":"https:\/\/arquitecturadegalicia.eu\/blog\/#\/schema\/person\/image\/","url":"https:\/\/secure.gravatar.com\/avatar\/5b1ff9326d90bb609bad178f3a7079fe?s=96&d=mm&r=g","contentUrl":"https:\/\/secure.gravatar.com\/avatar\/5b1ff9326d90bb609bad178f3a7079fe?s=96&d=mm&r=g","caption":"Luis Santalla"},"description":"Cedeira | Encargado de coordinaci\u00f3n e mantemento web | Arquitecto . Universidade do Minho 2012. Socio do estudio FLU-OR e antigo colaborador do Estudio MMASA. Publica habitualmente en teoriadeconstruccion.net, en arquitecturadegalicia.eu y eventualmente en inteligenciascolectivas.org","sameAs":["https:\/\/9diseno.wordpress.com\/curriculum-vitae\/"],"url":"https:\/\/arquitecturadegalicia.eu\/blog\/author\/luissantalla\/"}]}},"jetpack_featured_media_url":"https:\/\/arquitecturadegalicia.eu\/blog\/wp-content\/uploads\/2012\/11\/AG_casa_HK_-MYCC_cedeira_00.jpg","jetpack_shortlink":"https:\/\/wp.me\/p2NHs2-nB","jetpack_sharing_enabled":true,"_links":{"self":[{"href":"https:\/\/arquitecturadegalicia.eu\/blog\/wp-json\/wp\/v2\/posts\/1463","targetHints":{"allow":["GET"]}}],"collection":[{"href":"https:\/\/arquitecturadegalicia.eu\/blog\/wp-json\/wp\/v2\/posts"}],"about":[{"href":"https:\/\/arquitecturadegalicia.eu\/blog\/wp-json\/wp\/v2\/types\/post"}],"author":[{"embeddable":true,"href":"https:\/\/arquitecturadegalicia.eu\/blog\/wp-json\/wp\/v2\/users\/3"}],"replies":[{"embeddable":true,"href":"https:\/\/arquitecturadegalicia.eu\/blog\/wp-json\/wp\/v2\/comments?post=1463"}],"version-history":[{"count":19,"href":"https:\/\/arquitecturadegalicia.eu\/blog\/wp-json\/wp\/v2\/posts\/1463\/revisions"}],"predecessor-version":[{"id":14254,"href":"https:\/\/arquitecturadegalicia.eu\/blog\/wp-json\/wp\/v2\/posts\/1463\/revisions\/14254"}],"wp:featuredmedia":[{"embeddable":true,"href":"https:\/\/arquitecturadegalicia.eu\/blog\/wp-json\/wp\/v2\/media\/14248"}],"wp:attachment":[{"href":"https:\/\/arquitecturadegalicia.eu\/blog\/wp-json\/wp\/v2\/media?parent=1463"}],"wp:term":[{"taxonomy":"category","embeddable":true,"href":"https:\/\/arquitecturadegalicia.eu\/blog\/wp-json\/wp\/v2\/categories?post=1463"},{"taxonomy":"post_tag","embeddable":true,"href":"https:\/\/arquitecturadegalicia.eu\/blog\/wp-json\/wp\/v2\/tags?post=1463"},{"taxonomy":"ano","embeddable":true,"href":"https:\/\/arquitecturadegalicia.eu\/blog\/wp-json\/wp\/v2\/ano?post=1463"},{"taxonomy":"arquitectos","embeddable":true,"href":"https:\/\/arquitecturadegalicia.eu\/blog\/wp-json\/wp\/v2\/arquitectos?post=1463"},{"taxonomy":"tipoloxia","embeddable":true,"href":"https:\/\/arquitecturadegalicia.eu\/blog\/wp-json\/wp\/v2\/tipoloxia?post=1463"}],"curies":[{"name":"wp","href":"https:\/\/api.w.org\/{rel}","templated":true}]}}