{"id":14686,"date":"2016-11-14T20:00:08","date_gmt":"2016-11-14T19:00:08","guid":{"rendered":"http:\/\/arquitecturadegalicia.eu\/blog\/?p=14686"},"modified":"2016-11-02T22:25:29","modified_gmt":"2016-11-02T21:25:29","slug":"bico-de-xeado","status":"publish","type":"post","link":"https:\/\/arquitecturadegalicia.eu\/blog\/bico-de-xeado\/","title":{"rendered":"Bico de Xeado"},"content":{"rendered":"<p style=\"text-align: right;\"><img fetchpriority=\"high\" decoding=\"async\" class=\"aligncenter size-full wp-image-14687\" src=\"http:\/\/arquitecturadegalicia.eu\/blog\/wp-content\/uploads\/2016\/11\/Principal-1.jpg\" alt=\"Bico de Xeado Juan Ignacio Prieto L\u00f3pez, Faustino Pati\u00f1o Cambeiro e Andrea Fern\u00e1ndez Fern\u00e1ndez\" width=\"620\" height=\"465\" \/><\/p>\n<p style=\"text-align: right;\"><span style=\"color: #c0c0c0;\"><strong><a style=\"font-size: 0.75em; text-align: right;\" href=\"http:\/\/santos-diez.com\/\" target=\"_blank\"><span style=\"color: #c0c0c0;\">Santos-D\u00edez | <\/span><\/a><\/strong><\/span><span style=\"color: #c0c0c0;\"><strong><a style=\"font-size: 0.75em; text-align: right;\" href=\"http:\/\/www.bisimages.es\/bis\/\" target=\"_blank\"><span style=\"color: #c0c0c0;\">BISimages<\/span><\/a><\/strong><\/span><\/p>\n<table class=\"aligncenter\" border=\"0\" width=\"620\" cellspacing=\"0\" cellpadding=\"0\">\n<tbody>\n<tr>\n<td width=\"180\"><strong>Obra:<\/strong><\/td>\n<td>Bico de Xeado<\/td>\n<\/tr>\n<tr>\n<td valign=\"top\"><strong>Autor\u00eda:<\/strong><\/td>\n<td>Juan Ignacio Prieto L\u00f3pez, Faustino Pati\u00f1o Cambeiro e Andrea Fern\u00e1ndez Fern\u00e1ndez<\/td>\n<\/tr>\n<tr>\n<td><strong>Provincia:<\/strong><\/td>\n<td>Pontevedra<\/td>\n<\/tr>\n<tr>\n<td><strong>Localidade:<\/strong><\/td>\n<td>Baiona<\/td>\n<\/tr>\n<tr>\n<td><strong>Ano:<\/strong><\/td>\n<td>2016<\/td>\n<\/tr>\n<tr>\n<td><strong>Xeolocalizaci\u00f3n:<\/strong><\/td>\n<td><strong><a href=\"https:\/\/fusiontables.google.com\/embedviz?q=select+col6+from+1SDgapi_D5DlY376iYYP9rfBhe0o6WliHne9w0EmJ&amp;viz=MAP&amp;h=false&amp;lat=42.11892477708365&amp;lng=-8.847461238564165&amp;t=3&amp;z=20&amp;l=col6&amp;y=2&amp;tmplt=2&amp;hml=KML\" target=\"_blank\">42.11879,-8.84750<\/a><\/strong><\/td>\n<\/tr>\n<\/tbody>\n<\/table>\n<table class=\" aligncenter\" border=\"0\" width=\"620\" cellspacing=\"0\" cellpadding=\"0\">\n<tbody>\n<tr>\n<td colspan=\"3\"><strong>Outros Datos:<\/strong><\/td>\n<\/tr>\n<tr>\n<td width=\"20\"><\/td>\n<td colspan=\"2\"><strong>Premios:<\/strong><\/td>\n<\/tr>\n<tr>\n<td width=\"20\"><\/td>\n<td width=\"20\"><\/td>\n<td>\u00a0Ga\u00f1ador | Gran de Area | 2016<\/td>\n<\/tr>\n<tr>\n<td width=\"20\"><\/td>\n<td colspan=\"2\"><strong>Publicaci\u00f3ns:<\/strong><\/td>\n<\/tr>\n<tr>\n<td width=\"20\"><\/td>\n<td width=\"20\"><\/td>\n<td><\/td>\n<\/tr>\n<tr>\n<td width=\"20\"><\/td>\n<td colspan=\"2\"><strong>Informaci\u00f3n na rede:<\/strong><\/td>\n<\/tr>\n<tr>\n<td width=\"20\"><\/td>\n<td width=\"20\"><\/td>\n<td><\/td>\n<\/tr>\n<tr>\n<td width=\"20\"><\/td>\n<td colspan=\"2\"><strong>Descripci\u00f3n do proxecto:\u00a0<\/strong><\/td>\n<\/tr>\n<tr>\n<td width=\"20\"><\/td>\n<td width=\"20\"><\/td>\n<td>\u00abO punto de partida deste proxecto de reforma interior dun local fronte ao Porto Deportivo de Baiona \u00e9 a posta en valor e comprensi\u00f3n da complexa configuraci\u00f3n do muro de pedra medianeiro. Con marcas e trazas de modificaci\u00f3ns e ampliaci\u00f3ns sucesivas, chama a atenci\u00f3n un amplo resalte no mesmo que parece hab\u00eda servido orixinalmente como soporte dunha estrutura de p\u00e9s dereitos e vigas de madeira, que foi substitu\u00edda por un sistema de vigas de madeira que libran a luz de sete metros entre medianeiras nos anos trinta.<\/p>\n<p>Sen querer replicar o sistema orixinal perdido \u00f3ptase por dispo\u00f1er sobre as trazas do muro un sistema de vigas de madeira de gran canto e extrema esvelteza, conformando un sistema triangulado aproveitando as fendas, resaltes e perforaci\u00f3ns do muro existente. Un tabique intermedio que separa a zona de atenci\u00f3n ao p\u00fablico do almac\u00e9n posterior adopta unha xeometr\u00eda que reforza a traza do novo sistema de vigas e permite aloxar repisas, mobiliario e elementos de exposici\u00f3n de produto. Resulta desta forma un sistema quebrado que trata simultaneamente de romper a configuraci\u00f3n profunda do local, xerar unha imaxe actual e reco\u00f1ecible e po\u00f1er en valor a altura do local e a peculiar xeometr\u00eda do muro de pedra.<\/p>\n<p>Tr\u00e1tase dunha intervenci\u00f3n m\u00ednima en termos de custo e tempo de execuci\u00f3n, na que se aproveitan elementos orixinais do edificio como as reixas exteriores, que se converten en portas engad\u00edndolles un sistema de peche e vidro, e elementos de anteriores reformas como as chapas met\u00e1licas que se recolocan no chan do local. Os demais elementos engadidos tratan de reducirse a un \u00fanico material, a madeira, traballada en formatos industriais de gran dimensi\u00f3n, por tratarse dun material natural, ecol\u00f3xico e sostible e que se vincula tanto a arquitectura vern\u00e1cula e tradicional como \u00e1 contemporaneidade, o que establece un v\u00ednculo cos principio fundamentais da marca Bico de Xeado e a s\u00faa produci\u00f3n local, ecol\u00f3xica, sostible e de alta calidade.<\/p>\n<p>Respectando o Plan Especial de Protecci\u00f3n do Conxunto Hist\u00f3rico Art\u00edstico de Baiona, a fachada non sofre ningunha intervenci\u00f3n salvo labores de limpeza e conservaci\u00f3n da f\u00e1brica de pedra e dos elementos de forxa met\u00e1lica.<\/p>\n<p>En resumo, se trata dunha intervenci\u00f3n que busca simultaneamente a creaci\u00f3n dunha imaxe reco\u00f1ecible para a marca partindo das particulares caracter\u00edsticas dun local do casco hist\u00f3rico de Baiona sen renunciar por elo a unha m\u00e1xima econom\u00eda de medios e prazos de execuci\u00f3n e ao uso dunha linguaxe simple e contempor\u00e1nea. <span style=\"font-family: inherit; font-size: inherit;\">\u00ab<\/span><\/p>\n<p>Juan Ignacio Prieto L\u00f3pez, Faustino Pati\u00f1o Cambeiro e Andrea Fern\u00e1ndez Fern\u00e1ndez<\/td>\n<\/tr>\n<tr>\n<td width=\"20\"><\/td>\n<td colspan=\"2\"><strong>Reportaxe fotogr\u00e1fica:<\/strong><\/td>\n<\/tr>\n<tr>\n<td width=\"20\"><\/td>\n<td width=\"20\"><\/td>\n<td><strong><a href=\"http:\/\/santos-diez.com\/\" target=\"_blank\">H\u00e9ctor Santos-D\u00edez<\/a> <\/strong>| <strong><a href=\"http:\/\/www.bisimages.es\/bis\/\" target=\"_blank\">BISimages<\/a><\/strong><\/td>\n<\/tr>\n<tr>\n<td width=\"20\"><\/td>\n<td colspan=\"2\"><b><b>Planos: <\/b><\/b><b><b><br \/>\n<\/b><\/b><\/td>\n<\/tr>\n<tr>\n<td width=\"20\"><\/td>\n<td width=\"20\"><\/td>\n<td>Beatriz Queijo<\/td>\n<\/tr>\n<\/tbody>\n<\/table>\n\n <\/p>\n","protected":false},"excerpt":{"rendered":"<p>Unha intervenci\u00f3n que busca simultaneamente a creaci\u00f3n dunha imaxe reco\u00f1ecible para a marca partindo das particulares caracter\u00edsticas dun local do casco hist\u00f3rico de Baiona sen renunciar por elo a unha m\u00e1xima econom\u00eda de medios e prazos de execuci\u00f3n e ao uso dunha linguaxe simple e contempor\u00e1nea. <\/p>\n","protected":false},"author":11,"featured_media":14687,"comment_status":"open","ping_status":"open","sticky":false,"template":"","format":"standard","meta":{"jetpack_post_was_ever_published":false,"_jetpack_newsletter_access":"","_jetpack_dont_email_post_to_subs":false,"_jetpack_newsletter_tier_id":0,"_jetpack_memberships_contains_paywalled_content":false,"_jetpack_memberships_contains_paid_content":false,"footnotes":"","jetpack_publicize_message":"","jetpack_publicize_feature_enabled":true,"jetpack_social_post_already_shared":true,"jetpack_social_options":{"image_generator_settings":{"template":"highway","enabled":false},"version":2}},"categories":[392],"tags":[811,828,289,829,801,827],"ano":[],"arquitectos":[],"tipoloxia":[],"class_list":["post-14686","post","type-post","status-publish","format-standard","has-post-thumbnail","hentry","category-baiona","tag-811","tag-andrea-fernandez-fernandez","tag-comercial","tag-faustino-patino-cambeiro","tag-interiorismo","tag-juan-ignacio-prieto-lopez","content-print"],"jetpack_publicize_connections":[],"yoast_head":"<!-- This site is optimized with the Yoast SEO plugin v24.1 - https:\/\/yoast.com\/wordpress\/plugins\/seo\/ -->\n<title>Bico de Xeado | AG<\/title>\n<meta name=\"description\" content=\"A intervenci\u00f3n busca simultaneamente a creaci\u00f3n dunha imaxe reco\u00f1ecible para a marca partindo das particulares dun local do casco hist\u00f3rico de Baiona\" \/>\n<meta name=\"robots\" content=\"index, follow, max-snippet:-1, max-image-preview:large, max-video-preview:-1\" \/>\n<link rel=\"canonical\" href=\"https:\/\/arquitecturadegalicia.eu\/blog\/bico-de-xeado\/\" \/>\n<meta property=\"og:locale\" content=\"es_ES\" \/>\n<meta property=\"og:type\" content=\"article\" \/>\n<meta property=\"og:title\" content=\"Bico de Xeado | AG\" \/>\n<meta property=\"og:description\" content=\"A intervenci\u00f3n busca simultaneamente a creaci\u00f3n dunha imaxe reco\u00f1ecible para a marca partindo das particulares dun local do casco hist\u00f3rico de Baiona\" \/>\n<meta property=\"og:url\" content=\"https:\/\/arquitecturadegalicia.eu\/blog\/bico-de-xeado\/\" \/>\n<meta property=\"og:site_name\" content=\"AG\" \/>\n<meta property=\"article:publisher\" content=\"https:\/\/www.facebook.com\/ArquitecturadeGalicia\/\" \/>\n<meta property=\"article:published_time\" content=\"2016-11-14T19:00:08+00:00\" \/>\n<meta property=\"article:modified_time\" content=\"2016-11-02T21:25:29+00:00\" \/>\n<meta property=\"og:image\" content=\"https:\/\/arquitecturadegalicia.eu\/blog\/wp-content\/uploads\/2016\/11\/Principal-1.jpg\" \/>\n\t<meta property=\"og:image:width\" content=\"620\" \/>\n\t<meta property=\"og:image:height\" content=\"465\" \/>\n\t<meta property=\"og:image:type\" content=\"image\/jpeg\" \/>\n<meta name=\"author\" content=\"Adri\u00e1n Capelo\" \/>\n<meta name=\"twitter:card\" content=\"summary_large_image\" \/>\n<meta name=\"twitter:creator\" content=\"@arquigaliciaeu\" \/>\n<meta name=\"twitter:site\" content=\"@arquigaliciaeu\" \/>\n<meta name=\"twitter:label1\" content=\"Escrito por\" \/>\n\t<meta name=\"twitter:data1\" content=\"Adri\u00e1n Capelo\" \/>\n\t<meta name=\"twitter:label2\" content=\"Tiempo de lectura\" \/>\n\t<meta name=\"twitter:data2\" content=\"3 minutos\" \/>\n<script type=\"application\/ld+json\" class=\"yoast-schema-graph\">{\"@context\":\"https:\/\/schema.org\",\"@graph\":[{\"@type\":\"Article\",\"@id\":\"https:\/\/arquitecturadegalicia.eu\/blog\/bico-de-xeado\/#article\",\"isPartOf\":{\"@id\":\"https:\/\/arquitecturadegalicia.eu\/blog\/bico-de-xeado\/\"},\"author\":{\"name\":\"Adri\u00e1n Capelo\",\"@id\":\"https:\/\/arquitecturadegalicia.eu\/blog\/#\/schema\/person\/02decbe073ba6ac287ee8b22fc7c953e\"},\"headline\":\"Bico de Xeado\",\"datePublished\":\"2016-11-14T19:00:08+00:00\",\"dateModified\":\"2016-11-02T21:25:29+00:00\",\"mainEntityOfPage\":{\"@id\":\"https:\/\/arquitecturadegalicia.eu\/blog\/bico-de-xeado\/\"},\"wordCount\":547,\"commentCount\":0,\"publisher\":{\"@id\":\"https:\/\/arquitecturadegalicia.eu\/blog\/#organization\"},\"image\":{\"@id\":\"https:\/\/arquitecturadegalicia.eu\/blog\/bico-de-xeado\/#primaryimage\"},\"thumbnailUrl\":\"https:\/\/arquitecturadegalicia.eu\/blog\/wp-content\/uploads\/2016\/11\/Principal-1.jpg\",\"keywords\":[\"2016\",\"Andrea Fern\u00e1ndez Fern\u00e1ndez\",\"comercial\",\"Faustino Pati\u00f1o Cambeiro\",\"interiorismo\",\"Juan Ignacio Prieto L\u00f3pez\"],\"articleSection\":[\"Baiona\"],\"inLanguage\":\"es\",\"potentialAction\":[{\"@type\":\"CommentAction\",\"name\":\"Comment\",\"target\":[\"https:\/\/arquitecturadegalicia.eu\/blog\/bico-de-xeado\/#respond\"]}]},{\"@type\":\"WebPage\",\"@id\":\"https:\/\/arquitecturadegalicia.eu\/blog\/bico-de-xeado\/\",\"url\":\"https:\/\/arquitecturadegalicia.eu\/blog\/bico-de-xeado\/\",\"name\":\"Bico de Xeado | AG\",\"isPartOf\":{\"@id\":\"https:\/\/arquitecturadegalicia.eu\/blog\/#website\"},\"primaryImageOfPage\":{\"@id\":\"https:\/\/arquitecturadegalicia.eu\/blog\/bico-de-xeado\/#primaryimage\"},\"image\":{\"@id\":\"https:\/\/arquitecturadegalicia.eu\/blog\/bico-de-xeado\/#primaryimage\"},\"thumbnailUrl\":\"https:\/\/arquitecturadegalicia.eu\/blog\/wp-content\/uploads\/2016\/11\/Principal-1.jpg\",\"datePublished\":\"2016-11-14T19:00:08+00:00\",\"dateModified\":\"2016-11-02T21:25:29+00:00\",\"description\":\"A intervenci\u00f3n busca simultaneamente a creaci\u00f3n dunha imaxe reco\u00f1ecible para a marca partindo das particulares dun local do casco hist\u00f3rico de Baiona\",\"breadcrumb\":{\"@id\":\"https:\/\/arquitecturadegalicia.eu\/blog\/bico-de-xeado\/#breadcrumb\"},\"inLanguage\":\"es\",\"potentialAction\":[{\"@type\":\"ReadAction\",\"target\":[\"https:\/\/arquitecturadegalicia.eu\/blog\/bico-de-xeado\/\"]}]},{\"@type\":\"ImageObject\",\"inLanguage\":\"es\",\"@id\":\"https:\/\/arquitecturadegalicia.eu\/blog\/bico-de-xeado\/#primaryimage\",\"url\":\"https:\/\/arquitecturadegalicia.eu\/blog\/wp-content\/uploads\/2016\/11\/Principal-1.jpg\",\"contentUrl\":\"https:\/\/arquitecturadegalicia.eu\/blog\/wp-content\/uploads\/2016\/11\/Principal-1.jpg\",\"width\":620,\"height\":465,\"caption\":\"Bico de Xeado Juan Ignacio Prieto L\u00f3pez, Faustino Pati\u00f1o Cambeiro e Andrea Fern\u00e1ndez Fern\u00e1ndez\"},{\"@type\":\"BreadcrumbList\",\"@id\":\"https:\/\/arquitecturadegalicia.eu\/blog\/bico-de-xeado\/#breadcrumb\",\"itemListElement\":[{\"@type\":\"ListItem\",\"position\":1,\"name\":\"Portada\",\"item\":\"https:\/\/arquitecturadegalicia.eu\/blog\/\"},{\"@type\":\"ListItem\",\"position\":2,\"name\":\"Bico de Xeado\"}]},{\"@type\":\"WebSite\",\"@id\":\"https:\/\/arquitecturadegalicia.eu\/blog\/#website\",\"url\":\"https:\/\/arquitecturadegalicia.eu\/blog\/\",\"name\":\"AG\",\"description\":\"Arquitectura de Galicia\",\"publisher\":{\"@id\":\"https:\/\/arquitecturadegalicia.eu\/blog\/#organization\"},\"potentialAction\":[{\"@type\":\"SearchAction\",\"target\":{\"@type\":\"EntryPoint\",\"urlTemplate\":\"https:\/\/arquitecturadegalicia.eu\/blog\/?s={search_term_string}\"},\"query-input\":{\"@type\":\"PropertyValueSpecification\",\"valueRequired\":true,\"valueName\":\"search_term_string\"}}],\"inLanguage\":\"es\"},{\"@type\":\"Organization\",\"@id\":\"https:\/\/arquitecturadegalicia.eu\/blog\/#organization\",\"name\":\"Arquitectura de Galicia\",\"url\":\"https:\/\/arquitecturadegalicia.eu\/blog\/\",\"logo\":{\"@type\":\"ImageObject\",\"inLanguage\":\"es\",\"@id\":\"https:\/\/arquitecturadegalicia.eu\/blog\/#\/schema\/logo\/image\/\",\"url\":\"https:\/\/arquitecturadegalicia.eu\/blog\/wp-content\/uploads\/2017\/01\/arquitecturacurrents2.png\",\"contentUrl\":\"https:\/\/arquitecturadegalicia.eu\/blog\/wp-content\/uploads\/2017\/01\/arquitecturacurrents2.png\",\"width\":840,\"height\":640,\"caption\":\"Arquitectura de Galicia\"},\"image\":{\"@id\":\"https:\/\/arquitecturadegalicia.eu\/blog\/#\/schema\/logo\/image\/\"},\"sameAs\":[\"https:\/\/www.facebook.com\/ArquitecturadeGalicia\/\",\"https:\/\/x.com\/arquigaliciaeu\",\"https:\/\/www.instagram.com\/arquigaliciaeu\/\"]},{\"@type\":\"Person\",\"@id\":\"https:\/\/arquitecturadegalicia.eu\/blog\/#\/schema\/person\/02decbe073ba6ac287ee8b22fc7c953e\",\"name\":\"Adri\u00e1n Capelo\",\"image\":{\"@type\":\"ImageObject\",\"inLanguage\":\"es\",\"@id\":\"https:\/\/arquitecturadegalicia.eu\/blog\/#\/schema\/person\/image\/\",\"url\":\"https:\/\/secure.gravatar.com\/avatar\/f106f10a14512409fee37ea940dd22e4?s=96&d=mm&r=g\",\"contentUrl\":\"https:\/\/secure.gravatar.com\/avatar\/f106f10a14512409fee37ea940dd22e4?s=96&d=mm&r=g\",\"caption\":\"Adri\u00e1n Capelo\"},\"description\":\"Pontevedra | Dese\u00f1o gr\u00e1fico, fotograf\u00eda e\u00a0edici\u00f3n de artigos | Estudiante de Arquitectura na ETSA de A Coru\u00f1a. Fai \u00e1s veces de fot\u00f3grafo, dese\u00f1ador gr\u00e1fico ou m\u00fasico | M\u00e1is informaci\u00f3n sobre Adri\u00e1n\",\"url\":\"https:\/\/arquitecturadegalicia.eu\/blog\/author\/adriancapelo\/\"}]}<\/script>\n<!-- \/ Yoast SEO plugin. -->","yoast_head_json":{"title":"Bico de Xeado | AG","description":"A intervenci\u00f3n busca simultaneamente a creaci\u00f3n dunha imaxe reco\u00f1ecible para a marca partindo das particulares dun local do casco hist\u00f3rico de Baiona","robots":{"index":"index","follow":"follow","max-snippet":"max-snippet:-1","max-image-preview":"max-image-preview:large","max-video-preview":"max-video-preview:-1"},"canonical":"https:\/\/arquitecturadegalicia.eu\/blog\/bico-de-xeado\/","og_locale":"es_ES","og_type":"article","og_title":"Bico de Xeado | AG","og_description":"A intervenci\u00f3n busca simultaneamente a creaci\u00f3n dunha imaxe reco\u00f1ecible para a marca partindo das particulares dun local do casco hist\u00f3rico de Baiona","og_url":"https:\/\/arquitecturadegalicia.eu\/blog\/bico-de-xeado\/","og_site_name":"AG","article_publisher":"https:\/\/www.facebook.com\/ArquitecturadeGalicia\/","article_published_time":"2016-11-14T19:00:08+00:00","article_modified_time":"2016-11-02T21:25:29+00:00","og_image":[{"width":620,"height":465,"url":"https:\/\/arquitecturadegalicia.eu\/blog\/wp-content\/uploads\/2016\/11\/Principal-1.jpg","type":"image\/jpeg"}],"author":"Adri\u00e1n Capelo","twitter_card":"summary_large_image","twitter_creator":"@arquigaliciaeu","twitter_site":"@arquigaliciaeu","twitter_misc":{"Escrito por":"Adri\u00e1n Capelo","Tiempo de lectura":"3 minutos"},"schema":{"@context":"https:\/\/schema.org","@graph":[{"@type":"Article","@id":"https:\/\/arquitecturadegalicia.eu\/blog\/bico-de-xeado\/#article","isPartOf":{"@id":"https:\/\/arquitecturadegalicia.eu\/blog\/bico-de-xeado\/"},"author":{"name":"Adri\u00e1n Capelo","@id":"https:\/\/arquitecturadegalicia.eu\/blog\/#\/schema\/person\/02decbe073ba6ac287ee8b22fc7c953e"},"headline":"Bico de Xeado","datePublished":"2016-11-14T19:00:08+00:00","dateModified":"2016-11-02T21:25:29+00:00","mainEntityOfPage":{"@id":"https:\/\/arquitecturadegalicia.eu\/blog\/bico-de-xeado\/"},"wordCount":547,"commentCount":0,"publisher":{"@id":"https:\/\/arquitecturadegalicia.eu\/blog\/#organization"},"image":{"@id":"https:\/\/arquitecturadegalicia.eu\/blog\/bico-de-xeado\/#primaryimage"},"thumbnailUrl":"https:\/\/arquitecturadegalicia.eu\/blog\/wp-content\/uploads\/2016\/11\/Principal-1.jpg","keywords":["2016","Andrea Fern\u00e1ndez Fern\u00e1ndez","comercial","Faustino Pati\u00f1o Cambeiro","interiorismo","Juan Ignacio Prieto L\u00f3pez"],"articleSection":["Baiona"],"inLanguage":"es","potentialAction":[{"@type":"CommentAction","name":"Comment","target":["https:\/\/arquitecturadegalicia.eu\/blog\/bico-de-xeado\/#respond"]}]},{"@type":"WebPage","@id":"https:\/\/arquitecturadegalicia.eu\/blog\/bico-de-xeado\/","url":"https:\/\/arquitecturadegalicia.eu\/blog\/bico-de-xeado\/","name":"Bico de Xeado | AG","isPartOf":{"@id":"https:\/\/arquitecturadegalicia.eu\/blog\/#website"},"primaryImageOfPage":{"@id":"https:\/\/arquitecturadegalicia.eu\/blog\/bico-de-xeado\/#primaryimage"},"image":{"@id":"https:\/\/arquitecturadegalicia.eu\/blog\/bico-de-xeado\/#primaryimage"},"thumbnailUrl":"https:\/\/arquitecturadegalicia.eu\/blog\/wp-content\/uploads\/2016\/11\/Principal-1.jpg","datePublished":"2016-11-14T19:00:08+00:00","dateModified":"2016-11-02T21:25:29+00:00","description":"A intervenci\u00f3n busca simultaneamente a creaci\u00f3n dunha imaxe reco\u00f1ecible para a marca partindo das particulares dun local do casco hist\u00f3rico de Baiona","breadcrumb":{"@id":"https:\/\/arquitecturadegalicia.eu\/blog\/bico-de-xeado\/#breadcrumb"},"inLanguage":"es","potentialAction":[{"@type":"ReadAction","target":["https:\/\/arquitecturadegalicia.eu\/blog\/bico-de-xeado\/"]}]},{"@type":"ImageObject","inLanguage":"es","@id":"https:\/\/arquitecturadegalicia.eu\/blog\/bico-de-xeado\/#primaryimage","url":"https:\/\/arquitecturadegalicia.eu\/blog\/wp-content\/uploads\/2016\/11\/Principal-1.jpg","contentUrl":"https:\/\/arquitecturadegalicia.eu\/blog\/wp-content\/uploads\/2016\/11\/Principal-1.jpg","width":620,"height":465,"caption":"Bico de Xeado Juan Ignacio Prieto L\u00f3pez, Faustino Pati\u00f1o Cambeiro e Andrea Fern\u00e1ndez Fern\u00e1ndez"},{"@type":"BreadcrumbList","@id":"https:\/\/arquitecturadegalicia.eu\/blog\/bico-de-xeado\/#breadcrumb","itemListElement":[{"@type":"ListItem","position":1,"name":"Portada","item":"https:\/\/arquitecturadegalicia.eu\/blog\/"},{"@type":"ListItem","position":2,"name":"Bico de Xeado"}]},{"@type":"WebSite","@id":"https:\/\/arquitecturadegalicia.eu\/blog\/#website","url":"https:\/\/arquitecturadegalicia.eu\/blog\/","name":"AG","description":"Arquitectura de Galicia","publisher":{"@id":"https:\/\/arquitecturadegalicia.eu\/blog\/#organization"},"potentialAction":[{"@type":"SearchAction","target":{"@type":"EntryPoint","urlTemplate":"https:\/\/arquitecturadegalicia.eu\/blog\/?s={search_term_string}"},"query-input":{"@type":"PropertyValueSpecification","valueRequired":true,"valueName":"search_term_string"}}],"inLanguage":"es"},{"@type":"Organization","@id":"https:\/\/arquitecturadegalicia.eu\/blog\/#organization","name":"Arquitectura de Galicia","url":"https:\/\/arquitecturadegalicia.eu\/blog\/","logo":{"@type":"ImageObject","inLanguage":"es","@id":"https:\/\/arquitecturadegalicia.eu\/blog\/#\/schema\/logo\/image\/","url":"https:\/\/arquitecturadegalicia.eu\/blog\/wp-content\/uploads\/2017\/01\/arquitecturacurrents2.png","contentUrl":"https:\/\/arquitecturadegalicia.eu\/blog\/wp-content\/uploads\/2017\/01\/arquitecturacurrents2.png","width":840,"height":640,"caption":"Arquitectura de Galicia"},"image":{"@id":"https:\/\/arquitecturadegalicia.eu\/blog\/#\/schema\/logo\/image\/"},"sameAs":["https:\/\/www.facebook.com\/ArquitecturadeGalicia\/","https:\/\/x.com\/arquigaliciaeu","https:\/\/www.instagram.com\/arquigaliciaeu\/"]},{"@type":"Person","@id":"https:\/\/arquitecturadegalicia.eu\/blog\/#\/schema\/person\/02decbe073ba6ac287ee8b22fc7c953e","name":"Adri\u00e1n Capelo","image":{"@type":"ImageObject","inLanguage":"es","@id":"https:\/\/arquitecturadegalicia.eu\/blog\/#\/schema\/person\/image\/","url":"https:\/\/secure.gravatar.com\/avatar\/f106f10a14512409fee37ea940dd22e4?s=96&d=mm&r=g","contentUrl":"https:\/\/secure.gravatar.com\/avatar\/f106f10a14512409fee37ea940dd22e4?s=96&d=mm&r=g","caption":"Adri\u00e1n Capelo"},"description":"Pontevedra | Dese\u00f1o gr\u00e1fico, fotograf\u00eda e\u00a0edici\u00f3n de artigos | Estudiante de Arquitectura na ETSA de A Coru\u00f1a. Fai \u00e1s veces de fot\u00f3grafo, dese\u00f1ador gr\u00e1fico ou m\u00fasico | M\u00e1is informaci\u00f3n sobre Adri\u00e1n","url":"https:\/\/arquitecturadegalicia.eu\/blog\/author\/adriancapelo\/"}]}},"jetpack_featured_media_url":"https:\/\/arquitecturadegalicia.eu\/blog\/wp-content\/uploads\/2016\/11\/Principal-1.jpg","jetpack_shortlink":"https:\/\/wp.me\/p2NHs2-3OS","jetpack_sharing_enabled":true,"_links":{"self":[{"href":"https:\/\/arquitecturadegalicia.eu\/blog\/wp-json\/wp\/v2\/posts\/14686","targetHints":{"allow":["GET"]}}],"collection":[{"href":"https:\/\/arquitecturadegalicia.eu\/blog\/wp-json\/wp\/v2\/posts"}],"about":[{"href":"https:\/\/arquitecturadegalicia.eu\/blog\/wp-json\/wp\/v2\/types\/post"}],"author":[{"embeddable":true,"href":"https:\/\/arquitecturadegalicia.eu\/blog\/wp-json\/wp\/v2\/users\/11"}],"replies":[{"embeddable":true,"href":"https:\/\/arquitecturadegalicia.eu\/blog\/wp-json\/wp\/v2\/comments?post=14686"}],"version-history":[{"count":4,"href":"https:\/\/arquitecturadegalicia.eu\/blog\/wp-json\/wp\/v2\/posts\/14686\/revisions"}],"predecessor-version":[{"id":14703,"href":"https:\/\/arquitecturadegalicia.eu\/blog\/wp-json\/wp\/v2\/posts\/14686\/revisions\/14703"}],"wp:featuredmedia":[{"embeddable":true,"href":"https:\/\/arquitecturadegalicia.eu\/blog\/wp-json\/wp\/v2\/media\/14687"}],"wp:attachment":[{"href":"https:\/\/arquitecturadegalicia.eu\/blog\/wp-json\/wp\/v2\/media?parent=14686"}],"wp:term":[{"taxonomy":"category","embeddable":true,"href":"https:\/\/arquitecturadegalicia.eu\/blog\/wp-json\/wp\/v2\/categories?post=14686"},{"taxonomy":"post_tag","embeddable":true,"href":"https:\/\/arquitecturadegalicia.eu\/blog\/wp-json\/wp\/v2\/tags?post=14686"},{"taxonomy":"ano","embeddable":true,"href":"https:\/\/arquitecturadegalicia.eu\/blog\/wp-json\/wp\/v2\/ano?post=14686"},{"taxonomy":"arquitectos","embeddable":true,"href":"https:\/\/arquitecturadegalicia.eu\/blog\/wp-json\/wp\/v2\/arquitectos?post=14686"},{"taxonomy":"tipoloxia","embeddable":true,"href":"https:\/\/arquitecturadegalicia.eu\/blog\/wp-json\/wp\/v2\/tipoloxia?post=14686"}],"curies":[{"name":"wp","href":"https:\/\/api.w.org\/{rel}","templated":true}]}}