{"id":1602,"date":"2013-01-05T20:30:17","date_gmt":"2013-01-05T19:30:17","guid":{"rendered":"http:\/\/arquitecturadegalicia.eu\/blog\/?p=1602"},"modified":"2013-08-04T00:41:38","modified_gmt":"2013-08-03T22:41:38","slug":"departamento-de-pescadores-en-cangas","status":"publish","type":"post","link":"https:\/\/arquitecturadegalicia.eu\/blog\/departamento-de-pescadores-en-cangas\/","title":{"rendered":"Departamento de pescadores en Cangas"},"content":{"rendered":"<p style=\"text-align: right;\"><img fetchpriority=\"high\" decoding=\"async\" class=\"aligncenter size-full wp-image-7962\" alt=\"Departamentos de pescadores en Cangas | Jes\u00fas Irisarri Guadalupe Pi\u00f1era | Adri\u00e1n Capelo\" src=\"http:\/\/arquitecturadegalicia.eu\/blog\/wp-content\/uploads\/2013\/01\/Principal1.jpg\" width=\"620\" height=\"413\" srcset=\"https:\/\/arquitecturadegalicia.eu\/blog\/wp-content\/uploads\/2013\/01\/Principal1.jpg 620w, https:\/\/arquitecturadegalicia.eu\/blog\/wp-content\/uploads\/2013\/01\/Principal1-300x199.jpg 300w\" sizes=\"(max-width: 620px) 100vw, 620px\" \/><span style=\"color: #c0c0c0;\"><a style=\"font-size: 0.75em; text-align: right;\" href=\"http:\/\/arquitecturadegalicia.eu\/blog\/?author=11\" target=\"_blank\"><span style=\"color: #c0c0c0;\">Adri\u00e1n Capelo<\/span><\/a> | <a style=\"font-size: 0.75em; text-align: right;\" href=\"http:\/\/arquitecturadegalicia.eu\" target=\"_blank\"><span style=\"color: #c0c0c0;\">ArquitecturadeGalicia<\/span><\/a><\/span><\/p>\n<table class=\"aligncenter\" width=\"620\" border=\"0\" cellspacing=\"0\" cellpadding=\"0\">\n<tbody>\n<tr>\n<td width=\"180\"><strong>Obra:<\/strong><\/td>\n<td>Departamento de pescadores en Cangas<\/td>\n<\/tr>\n<tr>\n<td><strong>Arquitecto:<\/strong><\/td>\n<td>Irisarri + Pi\u00f1era<\/td>\n<\/tr>\n<tr>\n<td><strong>Provincia:<\/strong><\/td>\n<td>Pontevedra<\/td>\n<\/tr>\n<tr>\n<td><strong>Localidade:<\/strong><\/td>\n<td>Cangas<\/td>\n<\/tr>\n<tr>\n<td><strong>Ano:<\/strong><\/td>\n<td>2003 &#8211; 2007<\/td>\n<\/tr>\n<tr>\n<td><strong>Xeolocalizaci\u00f3n:<\/strong><\/td>\n<td><strong><a href=\"https:\/\/maps.google.com\/maps\/ms?msid=205584753861089304839.0004b3590a9baff01c53d&amp;msa=0&amp;ie=UTF8&amp;ll=42.259834,-8.783301&amp;spn=0.004582,0.009645&amp;t=h&amp;z=17&amp;vpsrc=6&amp;iwloc=0004b35afbd5f254263ed\">42.259,-8.784<\/a><\/strong><\/td>\n<\/tr>\n<\/tbody>\n<\/table>\n<table class=\" aligncenter\" width=\"620\" border=\"0\" cellspacing=\"0\" cellpadding=\"0\">\n<tbody>\n<tr>\n<td colspan=\"3\"><strong>Outros Datos:<\/strong><\/td>\n<\/tr>\n<tr>\n<td width=\"20\"><\/td>\n<td colspan=\"2\"><strong>Premios:<\/strong><\/td>\n<\/tr>\n<tr>\n<td width=\"20\"><\/td>\n<td width=\"20\"><\/td>\n<td width=\"580\">Menci\u00f3n de honrra |\u00a0 Premio Europeo do Espazo P\u00fablico Urbano | 2010<br \/>\nFinalista | Premios ENOR | 2009<br \/>\nPremio Lamp Lighting Solutions | 2009<br \/>\nPremio FAD | Ciudad y Paisaje |\u00a0 2008<br \/>\nPremio Ateg de Galvanizaci\u00f3n en Construcci\u00f3n | 2008<br \/>\nFinalista | X Bienal Espa\u00f1ola de Arquitectura e Urbanismo (BEAUX)<\/td>\n<\/tr>\n<tr>\n<td width=\"20\"><\/td>\n<td colspan=\"2\"><strong>Publicaci\u00f3ns:<\/strong><\/td>\n<\/tr>\n<tr>\n<td width=\"20\"><\/td>\n<td width=\"20\"><\/td>\n<td>AV Monograf\u00edas | N\u00ba 135-136 | 2009<br \/>\nEl Croquis | N\u00ba 142 | 2008<br \/>\nDetail<acronym> | <\/acronym><acronym title=\"International Standard Serial Number\"><\/acronym> N\u00ba. 2 | 2009<br \/>\n<a href=\"http:\/\/www.ondiseno.com\/proyecto.php?id=1484\" target=\"_blank\"><strong>ON297<\/strong><\/a> | 2008<br \/>\nArketypo | N\u00ba 13 | 2008<\/td>\n<\/tr>\n<tr>\n<td width=\"20\"><\/td>\n<td colspan=\"2\"><strong>Informaci\u00f3n na rede:<\/strong><\/td>\n<\/tr>\n<tr>\n<td width=\"20\"><\/td>\n<td width=\"20\"><\/td>\n<td><strong><strong><a href=\"http:\/\/www.archdaily.com\/37513\/fishermen-warehouses-in-the-port-of-cangas-irisarri-pinera\/\" target=\"_blank\">archdaily.com<\/a><\/strong><\/strong><\/p>\n<p id=\"watch-headline-title\"><a href=\"http:\/\/www.urbipedia.org\/index.php\/Departamentos_de_pescadores_en_Cangas\" target=\"_blank\"><strong>urbipedia.org<br \/>\n<\/strong><\/a><a href=\"http:\/\/www.publicspace.org\/es\/obras\/f299-casetas-de-pescadores-en-el-puerto\" target=\"_blank\"><strong>publicspace.org<br \/>\n<\/strong><\/a><a href=\"http:\/\/www.farodevigo.es\/portada-o-morrazo\/2010\/02\/05\/paisaje-sonoro-cangas\/408942.html\" target=\"_blank\"><strong>farodevigo.es<\/strong><\/a> 2010|02|05<br \/>\n<a href=\"http:\/\/youtu.be\/BfAMYZFzALc\" target=\"_blank\"><strong>Departamentos de pescadores &#8211; BEAUX 2009<\/strong><\/a> (Video)<\/p>\n<\/td>\n<\/tr>\n<tr>\n<td width=\"20\"><\/td>\n<td colspan=\"2\"><strong>Descripci\u00f3n do proxecto:<\/strong><\/td>\n<\/tr>\n<tr>\n<td width=\"20\"><\/td>\n<td width=\"20\"><\/td>\n<td style=\"text-align: justify;\">\u00abPeque\u00f1os almacenes para pescadores dan lugar a un edificio cuya escala e inserci\u00f3n en el lugar generan un nuevo espacio p\u00fablico y una pieza que interacciona con las condiciones paisaj\u00edsticas y ambientales. Un edificio que re\u00fane a la vez dos condiciones, presencia urbana y permeabilidad en el paisaje. Adem\u00e1s de tener en cuenta las consideraciones previas por el tipo de emplazamiento donde se iba a situar la construcci\u00f3n, era prioritario que el puerto no dejara de funcionar, por lo que se pens\u00f3 en una construcci\u00f3n modular que pudiera ser fabricada casi enteramente en taller\u00bb<br \/>\nIrisarri + Pi\u00f1era<\/td>\n<\/tr>\n<tr>\n<td width=\"20\"><\/td>\n<td colspan=\"2\"><b>Reportaxe fotogr\u00e1fica: <a href=\"http:\/\/arquitecturadegalicia.eu\/blog\/?author=11\" target=\"_blank\">Adri\u00e1n Capelo Cruz<\/a> | <a href=\"http:\/\/arquitecturadegalicia.eu\" target=\"_blank\">Arquitectura de Galicia<\/a><\/b><\/td>\n<\/tr>\n<tr>\n<td width=\"20\"><\/td>\n<td colspan=\"2\"><\/td>\n<\/tr>\n<tr>\n<td width=\"20\"><\/td>\n<td colspan=\"2\"><strong>Planos:<\/strong><\/td>\n<\/tr>\n<tr>\n<td width=\"20\"><\/td>\n<td colspan=\"2\">[nggallery id=269]<\/td>\n<\/tr>\n<\/tbody>\n<\/table>\n","protected":false},"excerpt":{"rendered":"<p>&#8216;Un edificio cuya escala e inserci\u00f3n en el lugar generan un nuevo espacio p\u00fablico y una pieza que interacciona con las condiciones paisaj\u00edsticas y ambientales. Un edificio que re\u00fane a la vez dos condiciones, presencia urbana y permeabilidad en el paisaje&#8217;<br \/>\n Irisarri + Pi\u00f1era<\/p>\n","protected":false},"author":8,"featured_media":7962,"comment_status":"open","ping_status":"open","sticky":false,"template":"","format":"standard","meta":{"jetpack_post_was_ever_published":false,"_jetpack_newsletter_access":"","_jetpack_dont_email_post_to_subs":false,"_jetpack_newsletter_tier_id":0,"_jetpack_memberships_contains_paywalled_content":false,"_jetpack_memberships_contains_paid_content":false,"footnotes":"","jetpack_publicize_message":"","jetpack_publicize_feature_enabled":true,"jetpack_social_post_already_shared":false,"jetpack_social_options":{"image_generator_settings":{"template":"highway","enabled":false},"version":2}},"categories":[34],"tags":[52,163,98],"ano":[],"arquitectos":[],"tipoloxia":[],"class_list":["post-1602","post","type-post","status-publish","format-standard","has-post-thumbnail","hentry","category-cangas","tag-52","tag-irisarri-pinera","tag-pesqueiro","content-print"],"jetpack_publicize_connections":[],"yoast_head":"<!-- This site is optimized with the Yoast SEO plugin v24.1 - https:\/\/yoast.com\/wordpress\/plugins\/seo\/ -->\n<title>Departamento de pescadores en Cangas | AG<\/title>\n<meta name=\"robots\" content=\"index, follow, max-snippet:-1, max-image-preview:large, max-video-preview:-1\" \/>\n<link rel=\"canonical\" href=\"https:\/\/arquitecturadegalicia.eu\/blog\/departamento-de-pescadores-en-cangas\/\" \/>\n<meta property=\"og:locale\" content=\"es_ES\" \/>\n<meta property=\"og:type\" content=\"article\" \/>\n<meta property=\"og:title\" content=\"Departamento de pescadores en Cangas | AG\" \/>\n<meta property=\"og:description\" content=\"&#039;Un edificio cuya escala e inserci\u00f3n en el lugar generan un nuevo espacio p\u00fablico y una pieza que interacciona con las condiciones paisaj\u00edsticas y ambientales. Un edificio que re\u00fane a la vez dos condiciones, presencia urbana y permeabilidad en el paisaje&#039;  Irisarri + Pi\u00f1era\" \/>\n<meta property=\"og:url\" content=\"https:\/\/arquitecturadegalicia.eu\/blog\/departamento-de-pescadores-en-cangas\/\" \/>\n<meta property=\"og:site_name\" content=\"AG\" \/>\n<meta property=\"article:publisher\" content=\"https:\/\/www.facebook.com\/ArquitecturadeGalicia\/\" \/>\n<meta property=\"article:published_time\" content=\"2013-01-05T19:30:17+00:00\" \/>\n<meta property=\"article:modified_time\" content=\"2013-08-03T22:41:38+00:00\" \/>\n<meta property=\"og:image\" content=\"https:\/\/arquitecturadegalicia.eu\/blog\/wp-content\/uploads\/2013\/01\/Principal1.jpg\" \/>\n\t<meta property=\"og:image:width\" content=\"620\" \/>\n\t<meta property=\"og:image:height\" content=\"413\" \/>\n\t<meta property=\"og:image:type\" content=\"image\/jpeg\" \/>\n<meta name=\"author\" content=\"Iago Valverde\" \/>\n<meta name=\"twitter:card\" content=\"summary_large_image\" \/>\n<meta name=\"twitter:creator\" content=\"@arquigaliciaeu\" \/>\n<meta name=\"twitter:site\" content=\"@arquigaliciaeu\" \/>\n<meta name=\"twitter:label1\" content=\"Escrito por\" \/>\n\t<meta name=\"twitter:data1\" content=\"Iago Valverde\" \/>\n\t<meta name=\"twitter:label2\" content=\"Tiempo de lectura\" \/>\n\t<meta name=\"twitter:data2\" content=\"1 minuto\" \/>\n<script type=\"application\/ld+json\" class=\"yoast-schema-graph\">{\"@context\":\"https:\/\/schema.org\",\"@graph\":[{\"@type\":\"Article\",\"@id\":\"https:\/\/arquitecturadegalicia.eu\/blog\/departamento-de-pescadores-en-cangas\/#article\",\"isPartOf\":{\"@id\":\"https:\/\/arquitecturadegalicia.eu\/blog\/departamento-de-pescadores-en-cangas\/\"},\"author\":{\"name\":\"Iago Valverde\",\"@id\":\"https:\/\/arquitecturadegalicia.eu\/blog\/#\/schema\/person\/a51297ea3eeddd32ccbd89a218e148f1\"},\"headline\":\"Departamento de pescadores en Cangas\",\"datePublished\":\"2013-01-05T19:30:17+00:00\",\"dateModified\":\"2013-08-03T22:41:38+00:00\",\"mainEntityOfPage\":{\"@id\":\"https:\/\/arquitecturadegalicia.eu\/blog\/departamento-de-pescadores-en-cangas\/\"},\"wordCount\":229,\"commentCount\":0,\"publisher\":{\"@id\":\"https:\/\/arquitecturadegalicia.eu\/blog\/#organization\"},\"image\":{\"@id\":\"https:\/\/arquitecturadegalicia.eu\/blog\/departamento-de-pescadores-en-cangas\/#primaryimage\"},\"thumbnailUrl\":\"https:\/\/arquitecturadegalicia.eu\/blog\/wp-content\/uploads\/2013\/01\/Principal1.jpg\",\"keywords\":[\"2007\",\"Irisarri + Pi\u00f1era\",\"pesqueiro\"],\"articleSection\":[\"Cangas\"],\"inLanguage\":\"es\",\"potentialAction\":[{\"@type\":\"CommentAction\",\"name\":\"Comment\",\"target\":[\"https:\/\/arquitecturadegalicia.eu\/blog\/departamento-de-pescadores-en-cangas\/#respond\"]}]},{\"@type\":\"WebPage\",\"@id\":\"https:\/\/arquitecturadegalicia.eu\/blog\/departamento-de-pescadores-en-cangas\/\",\"url\":\"https:\/\/arquitecturadegalicia.eu\/blog\/departamento-de-pescadores-en-cangas\/\",\"name\":\"Departamento de pescadores en Cangas | AG\",\"isPartOf\":{\"@id\":\"https:\/\/arquitecturadegalicia.eu\/blog\/#website\"},\"primaryImageOfPage\":{\"@id\":\"https:\/\/arquitecturadegalicia.eu\/blog\/departamento-de-pescadores-en-cangas\/#primaryimage\"},\"image\":{\"@id\":\"https:\/\/arquitecturadegalicia.eu\/blog\/departamento-de-pescadores-en-cangas\/#primaryimage\"},\"thumbnailUrl\":\"https:\/\/arquitecturadegalicia.eu\/blog\/wp-content\/uploads\/2013\/01\/Principal1.jpg\",\"datePublished\":\"2013-01-05T19:30:17+00:00\",\"dateModified\":\"2013-08-03T22:41:38+00:00\",\"breadcrumb\":{\"@id\":\"https:\/\/arquitecturadegalicia.eu\/blog\/departamento-de-pescadores-en-cangas\/#breadcrumb\"},\"inLanguage\":\"es\",\"potentialAction\":[{\"@type\":\"ReadAction\",\"target\":[\"https:\/\/arquitecturadegalicia.eu\/blog\/departamento-de-pescadores-en-cangas\/\"]}]},{\"@type\":\"ImageObject\",\"inLanguage\":\"es\",\"@id\":\"https:\/\/arquitecturadegalicia.eu\/blog\/departamento-de-pescadores-en-cangas\/#primaryimage\",\"url\":\"https:\/\/arquitecturadegalicia.eu\/blog\/wp-content\/uploads\/2013\/01\/Principal1.jpg\",\"contentUrl\":\"https:\/\/arquitecturadegalicia.eu\/blog\/wp-content\/uploads\/2013\/01\/Principal1.jpg\",\"width\":620,\"height\":413,\"caption\":\"Departamentos de pescadores en Cangas | Jes\u00fas Irisarri Guadalupe Pi\u00f1era | Adri\u00e1n Capelo\"},{\"@type\":\"BreadcrumbList\",\"@id\":\"https:\/\/arquitecturadegalicia.eu\/blog\/departamento-de-pescadores-en-cangas\/#breadcrumb\",\"itemListElement\":[{\"@type\":\"ListItem\",\"position\":1,\"name\":\"Portada\",\"item\":\"https:\/\/arquitecturadegalicia.eu\/blog\/\"},{\"@type\":\"ListItem\",\"position\":2,\"name\":\"Departamento de pescadores en Cangas\"}]},{\"@type\":\"WebSite\",\"@id\":\"https:\/\/arquitecturadegalicia.eu\/blog\/#website\",\"url\":\"https:\/\/arquitecturadegalicia.eu\/blog\/\",\"name\":\"AG\",\"description\":\"Arquitectura de Galicia\",\"publisher\":{\"@id\":\"https:\/\/arquitecturadegalicia.eu\/blog\/#organization\"},\"potentialAction\":[{\"@type\":\"SearchAction\",\"target\":{\"@type\":\"EntryPoint\",\"urlTemplate\":\"https:\/\/arquitecturadegalicia.eu\/blog\/?s={search_term_string}\"},\"query-input\":{\"@type\":\"PropertyValueSpecification\",\"valueRequired\":true,\"valueName\":\"search_term_string\"}}],\"inLanguage\":\"es\"},{\"@type\":\"Organization\",\"@id\":\"https:\/\/arquitecturadegalicia.eu\/blog\/#organization\",\"name\":\"Arquitectura de Galicia\",\"url\":\"https:\/\/arquitecturadegalicia.eu\/blog\/\",\"logo\":{\"@type\":\"ImageObject\",\"inLanguage\":\"es\",\"@id\":\"https:\/\/arquitecturadegalicia.eu\/blog\/#\/schema\/logo\/image\/\",\"url\":\"https:\/\/arquitecturadegalicia.eu\/blog\/wp-content\/uploads\/2017\/01\/arquitecturacurrents2.png\",\"contentUrl\":\"https:\/\/arquitecturadegalicia.eu\/blog\/wp-content\/uploads\/2017\/01\/arquitecturacurrents2.png\",\"width\":840,\"height\":640,\"caption\":\"Arquitectura de Galicia\"},\"image\":{\"@id\":\"https:\/\/arquitecturadegalicia.eu\/blog\/#\/schema\/logo\/image\/\"},\"sameAs\":[\"https:\/\/www.facebook.com\/ArquitecturadeGalicia\/\",\"https:\/\/x.com\/arquigaliciaeu\",\"https:\/\/www.instagram.com\/arquigaliciaeu\/\"]},{\"@type\":\"Person\",\"@id\":\"https:\/\/arquitecturadegalicia.eu\/blog\/#\/schema\/person\/a51297ea3eeddd32ccbd89a218e148f1\",\"name\":\"Iago Valverde\",\"image\":{\"@type\":\"ImageObject\",\"inLanguage\":\"es\",\"@id\":\"https:\/\/arquitecturadegalicia.eu\/blog\/#\/schema\/person\/image\/\",\"url\":\"https:\/\/secure.gravatar.com\/avatar\/eb8a9f2f10ff79db5c78989d92f1e8b2?s=96&d=mm&r=g\",\"contentUrl\":\"https:\/\/secure.gravatar.com\/avatar\/eb8a9f2f10ff79db5c78989d92f1e8b2?s=96&d=mm&r=g\",\"caption\":\"Iago Valverde\"},\"description\":\"Nigr\u00e1n | Edici\u00f3n de artigos e xeolocalizaci\u00f3n | Arquitecto en formaci\u00f3n na ETSAC e cursando PFC. Interesado en urbanismo, arquitectura, pol\u00edtica, e todo aquilo que \u00e9 complexo e vital\",\"url\":\"https:\/\/arquitecturadegalicia.eu\/blog\/author\/iago-valverde\/\"}]}<\/script>\n<!-- \/ Yoast SEO plugin. -->","yoast_head_json":{"title":"Departamento de pescadores en Cangas | AG","robots":{"index":"index","follow":"follow","max-snippet":"max-snippet:-1","max-image-preview":"max-image-preview:large","max-video-preview":"max-video-preview:-1"},"canonical":"https:\/\/arquitecturadegalicia.eu\/blog\/departamento-de-pescadores-en-cangas\/","og_locale":"es_ES","og_type":"article","og_title":"Departamento de pescadores en Cangas | AG","og_description":"'Un edificio cuya escala e inserci\u00f3n en el lugar generan un nuevo espacio p\u00fablico y una pieza que interacciona con las condiciones paisaj\u00edsticas y ambientales. Un edificio que re\u00fane a la vez dos condiciones, presencia urbana y permeabilidad en el paisaje'  Irisarri + Pi\u00f1era","og_url":"https:\/\/arquitecturadegalicia.eu\/blog\/departamento-de-pescadores-en-cangas\/","og_site_name":"AG","article_publisher":"https:\/\/www.facebook.com\/ArquitecturadeGalicia\/","article_published_time":"2013-01-05T19:30:17+00:00","article_modified_time":"2013-08-03T22:41:38+00:00","og_image":[{"width":620,"height":413,"url":"https:\/\/arquitecturadegalicia.eu\/blog\/wp-content\/uploads\/2013\/01\/Principal1.jpg","type":"image\/jpeg"}],"author":"Iago Valverde","twitter_card":"summary_large_image","twitter_creator":"@arquigaliciaeu","twitter_site":"@arquigaliciaeu","twitter_misc":{"Escrito por":"Iago Valverde","Tiempo de lectura":"1 minuto"},"schema":{"@context":"https:\/\/schema.org","@graph":[{"@type":"Article","@id":"https:\/\/arquitecturadegalicia.eu\/blog\/departamento-de-pescadores-en-cangas\/#article","isPartOf":{"@id":"https:\/\/arquitecturadegalicia.eu\/blog\/departamento-de-pescadores-en-cangas\/"},"author":{"name":"Iago Valverde","@id":"https:\/\/arquitecturadegalicia.eu\/blog\/#\/schema\/person\/a51297ea3eeddd32ccbd89a218e148f1"},"headline":"Departamento de pescadores en Cangas","datePublished":"2013-01-05T19:30:17+00:00","dateModified":"2013-08-03T22:41:38+00:00","mainEntityOfPage":{"@id":"https:\/\/arquitecturadegalicia.eu\/blog\/departamento-de-pescadores-en-cangas\/"},"wordCount":229,"commentCount":0,"publisher":{"@id":"https:\/\/arquitecturadegalicia.eu\/blog\/#organization"},"image":{"@id":"https:\/\/arquitecturadegalicia.eu\/blog\/departamento-de-pescadores-en-cangas\/#primaryimage"},"thumbnailUrl":"https:\/\/arquitecturadegalicia.eu\/blog\/wp-content\/uploads\/2013\/01\/Principal1.jpg","keywords":["2007","Irisarri + Pi\u00f1era","pesqueiro"],"articleSection":["Cangas"],"inLanguage":"es","potentialAction":[{"@type":"CommentAction","name":"Comment","target":["https:\/\/arquitecturadegalicia.eu\/blog\/departamento-de-pescadores-en-cangas\/#respond"]}]},{"@type":"WebPage","@id":"https:\/\/arquitecturadegalicia.eu\/blog\/departamento-de-pescadores-en-cangas\/","url":"https:\/\/arquitecturadegalicia.eu\/blog\/departamento-de-pescadores-en-cangas\/","name":"Departamento de pescadores en Cangas | AG","isPartOf":{"@id":"https:\/\/arquitecturadegalicia.eu\/blog\/#website"},"primaryImageOfPage":{"@id":"https:\/\/arquitecturadegalicia.eu\/blog\/departamento-de-pescadores-en-cangas\/#primaryimage"},"image":{"@id":"https:\/\/arquitecturadegalicia.eu\/blog\/departamento-de-pescadores-en-cangas\/#primaryimage"},"thumbnailUrl":"https:\/\/arquitecturadegalicia.eu\/blog\/wp-content\/uploads\/2013\/01\/Principal1.jpg","datePublished":"2013-01-05T19:30:17+00:00","dateModified":"2013-08-03T22:41:38+00:00","breadcrumb":{"@id":"https:\/\/arquitecturadegalicia.eu\/blog\/departamento-de-pescadores-en-cangas\/#breadcrumb"},"inLanguage":"es","potentialAction":[{"@type":"ReadAction","target":["https:\/\/arquitecturadegalicia.eu\/blog\/departamento-de-pescadores-en-cangas\/"]}]},{"@type":"ImageObject","inLanguage":"es","@id":"https:\/\/arquitecturadegalicia.eu\/blog\/departamento-de-pescadores-en-cangas\/#primaryimage","url":"https:\/\/arquitecturadegalicia.eu\/blog\/wp-content\/uploads\/2013\/01\/Principal1.jpg","contentUrl":"https:\/\/arquitecturadegalicia.eu\/blog\/wp-content\/uploads\/2013\/01\/Principal1.jpg","width":620,"height":413,"caption":"Departamentos de pescadores en Cangas | Jes\u00fas Irisarri Guadalupe Pi\u00f1era | Adri\u00e1n Capelo"},{"@type":"BreadcrumbList","@id":"https:\/\/arquitecturadegalicia.eu\/blog\/departamento-de-pescadores-en-cangas\/#breadcrumb","itemListElement":[{"@type":"ListItem","position":1,"name":"Portada","item":"https:\/\/arquitecturadegalicia.eu\/blog\/"},{"@type":"ListItem","position":2,"name":"Departamento de pescadores en Cangas"}]},{"@type":"WebSite","@id":"https:\/\/arquitecturadegalicia.eu\/blog\/#website","url":"https:\/\/arquitecturadegalicia.eu\/blog\/","name":"AG","description":"Arquitectura de Galicia","publisher":{"@id":"https:\/\/arquitecturadegalicia.eu\/blog\/#organization"},"potentialAction":[{"@type":"SearchAction","target":{"@type":"EntryPoint","urlTemplate":"https:\/\/arquitecturadegalicia.eu\/blog\/?s={search_term_string}"},"query-input":{"@type":"PropertyValueSpecification","valueRequired":true,"valueName":"search_term_string"}}],"inLanguage":"es"},{"@type":"Organization","@id":"https:\/\/arquitecturadegalicia.eu\/blog\/#organization","name":"Arquitectura de Galicia","url":"https:\/\/arquitecturadegalicia.eu\/blog\/","logo":{"@type":"ImageObject","inLanguage":"es","@id":"https:\/\/arquitecturadegalicia.eu\/blog\/#\/schema\/logo\/image\/","url":"https:\/\/arquitecturadegalicia.eu\/blog\/wp-content\/uploads\/2017\/01\/arquitecturacurrents2.png","contentUrl":"https:\/\/arquitecturadegalicia.eu\/blog\/wp-content\/uploads\/2017\/01\/arquitecturacurrents2.png","width":840,"height":640,"caption":"Arquitectura de Galicia"},"image":{"@id":"https:\/\/arquitecturadegalicia.eu\/blog\/#\/schema\/logo\/image\/"},"sameAs":["https:\/\/www.facebook.com\/ArquitecturadeGalicia\/","https:\/\/x.com\/arquigaliciaeu","https:\/\/www.instagram.com\/arquigaliciaeu\/"]},{"@type":"Person","@id":"https:\/\/arquitecturadegalicia.eu\/blog\/#\/schema\/person\/a51297ea3eeddd32ccbd89a218e148f1","name":"Iago Valverde","image":{"@type":"ImageObject","inLanguage":"es","@id":"https:\/\/arquitecturadegalicia.eu\/blog\/#\/schema\/person\/image\/","url":"https:\/\/secure.gravatar.com\/avatar\/eb8a9f2f10ff79db5c78989d92f1e8b2?s=96&d=mm&r=g","contentUrl":"https:\/\/secure.gravatar.com\/avatar\/eb8a9f2f10ff79db5c78989d92f1e8b2?s=96&d=mm&r=g","caption":"Iago Valverde"},"description":"Nigr\u00e1n | Edici\u00f3n de artigos e xeolocalizaci\u00f3n | Arquitecto en formaci\u00f3n na ETSAC e cursando PFC. Interesado en urbanismo, arquitectura, pol\u00edtica, e todo aquilo que \u00e9 complexo e vital","url":"https:\/\/arquitecturadegalicia.eu\/blog\/author\/iago-valverde\/"}]}},"jetpack_featured_media_url":"https:\/\/arquitecturadegalicia.eu\/blog\/wp-content\/uploads\/2013\/01\/Principal1.jpg","jetpack_shortlink":"https:\/\/wp.me\/p2NHs2-pQ","jetpack_sharing_enabled":true,"_links":{"self":[{"href":"https:\/\/arquitecturadegalicia.eu\/blog\/wp-json\/wp\/v2\/posts\/1602","targetHints":{"allow":["GET"]}}],"collection":[{"href":"https:\/\/arquitecturadegalicia.eu\/blog\/wp-json\/wp\/v2\/posts"}],"about":[{"href":"https:\/\/arquitecturadegalicia.eu\/blog\/wp-json\/wp\/v2\/types\/post"}],"author":[{"embeddable":true,"href":"https:\/\/arquitecturadegalicia.eu\/blog\/wp-json\/wp\/v2\/users\/8"}],"replies":[{"embeddable":true,"href":"https:\/\/arquitecturadegalicia.eu\/blog\/wp-json\/wp\/v2\/comments?post=1602"}],"version-history":[{"count":16,"href":"https:\/\/arquitecturadegalicia.eu\/blog\/wp-json\/wp\/v2\/posts\/1602\/revisions"}],"predecessor-version":[{"id":7963,"href":"https:\/\/arquitecturadegalicia.eu\/blog\/wp-json\/wp\/v2\/posts\/1602\/revisions\/7963"}],"wp:featuredmedia":[{"embeddable":true,"href":"https:\/\/arquitecturadegalicia.eu\/blog\/wp-json\/wp\/v2\/media\/7962"}],"wp:attachment":[{"href":"https:\/\/arquitecturadegalicia.eu\/blog\/wp-json\/wp\/v2\/media?parent=1602"}],"wp:term":[{"taxonomy":"category","embeddable":true,"href":"https:\/\/arquitecturadegalicia.eu\/blog\/wp-json\/wp\/v2\/categories?post=1602"},{"taxonomy":"post_tag","embeddable":true,"href":"https:\/\/arquitecturadegalicia.eu\/blog\/wp-json\/wp\/v2\/tags?post=1602"},{"taxonomy":"ano","embeddable":true,"href":"https:\/\/arquitecturadegalicia.eu\/blog\/wp-json\/wp\/v2\/ano?post=1602"},{"taxonomy":"arquitectos","embeddable":true,"href":"https:\/\/arquitecturadegalicia.eu\/blog\/wp-json\/wp\/v2\/arquitectos?post=1602"},{"taxonomy":"tipoloxia","embeddable":true,"href":"https:\/\/arquitecturadegalicia.eu\/blog\/wp-json\/wp\/v2\/tipoloxia?post=1602"}],"curies":[{"name":"wp","href":"https:\/\/api.w.org\/{rel}","templated":true}]}}