{"id":1609,"date":"2013-01-07T20:30:22","date_gmt":"2013-01-07T19:30:22","guid":{"rendered":"http:\/\/arquitecturadegalicia.eu\/blog\/?p=1609"},"modified":"2013-12-02T01:05:05","modified_gmt":"2013-12-02T00:05:05","slug":"adecuacion-do-entorno-do-faro-de-fisterra","status":"publish","type":"post","link":"https:\/\/arquitecturadegalicia.eu\/blog\/adecuacion-do-entorno-do-faro-de-fisterra\/","title":{"rendered":"Adecuaci\u00f3n do entorno do faro de Fisterra"},"content":{"rendered":"<p><img fetchpriority=\"high\" decoding=\"async\" class=\"aligncenter size-full wp-image-8601\" alt=\"Adecuaci\u00f3n do entorno do faro de Fisterra | RVR Arquitectos | Adri\u00e1n Capelo Cruz\" src=\"http:\/\/arquitecturadegalicia.eu\/blog\/wp-content\/uploads\/2013\/01\/Principal2.jpg\" width=\"620\" height=\"410\" srcset=\"https:\/\/arquitecturadegalicia.eu\/blog\/wp-content\/uploads\/2013\/01\/Principal2.jpg 620w, https:\/\/arquitecturadegalicia.eu\/blog\/wp-content\/uploads\/2013\/01\/Principal2-300x198.jpg 300w\" sizes=\"(max-width: 620px) 100vw, 620px\" \/><\/p>\n<h6 style=\"text-align: right;\"><span style=\"color: #c0c0c0;\"><a style=\"font-size: 0.75em; text-align: right;\" href=\"http:\/\/arquitecturadegalicia.eu\/blog\/?author=11\" target=\"_blank\"><span style=\"color: #c0c0c0;\">Adri\u00e1n Capelo<\/span><\/a> | <a style=\"font-size: 0.75em; text-align: right;\" href=\"http:\/\/arquitecturadegalicia.eu\" target=\"_blank\"><span style=\"color: #c0c0c0;\">ArquitecturadeGalicia<\/span><\/a><\/span><\/h6>\n<table class=\"aligncenter\" width=\"620\" border=\"0\" cellspacing=\"0\" cellpadding=\"0\">\n<tbody>\n<tr>\n<td width=\"180\"><strong>Obra:<\/strong><\/td>\n<td>\u00a0Adecuaci\u00f3n do entorno do faro de Fisterra<\/td>\n<\/tr>\n<tr>\n<td><strong>Arquitecto:<\/strong><\/td>\n<td>\u00a0RVR arquitectos<\/td>\n<\/tr>\n<tr>\n<td><strong>Provincia:<\/strong><\/td>\n<td>\u00a0A Coru\u00f1a<\/td>\n<\/tr>\n<tr>\n<td><strong>Localidade:<\/strong><\/td>\n<td>\u00a0Fisterra<\/td>\n<\/tr>\n<tr>\n<td><strong>Ano:<\/strong><\/td>\n<td>\u00a02007<\/td>\n<\/tr>\n<tr>\n<td><strong>Xeolocalizaci\u00f3n:<\/strong><\/td>\n<td>\u00a0<strong><a href=\"https:\/\/maps.google.es\/maps\/ms?msa=0&amp;msid=205584753861089304839.0004b3590a9baff01c53d&amp;ie=UTF8&amp;t=m&amp;source=embed&amp;ll=42.906651,-9.233837&amp;spn=0.123347,0.264187&amp;z=13&amp;vpsrc=6&amp;iwloc=0004ce367df0bfe710aa6\" target=\"_blank\">42.907,-9.234<\/a><\/strong><\/td>\n<\/tr>\n<\/tbody>\n<\/table>\n<table class=\" aligncenter\" width=\"620\" border=\"0\" cellspacing=\"0\" cellpadding=\"0\">\n<tbody>\n<tr>\n<td colspan=\"3\"><strong>Outros Datos:<\/strong><\/td>\n<\/tr>\n<tr>\n<td width=\"20\"><\/td>\n<td colspan=\"2\"><strong>Premios:<\/strong><\/td>\n<\/tr>\n<tr>\n<td width=\"20\"><\/td>\n<td width=\"20\"><\/td>\n<td width=\"580\">\u00a0<strong><a href=\"http:\/\/arquitecturadegalicia.eu\/blog\/?page_id=8125\">Premio COAG 2009 Categor\u00eda Espacios p\u00fablicos<\/a>\u00a0<\/strong>Seleccionados V Premios Enor<\/td>\n<\/tr>\n<tr>\n<td width=\"20\"><\/td>\n<td colspan=\"2\"><strong>Publicaci\u00f3ns:<\/strong><\/td>\n<\/tr>\n<tr>\n<td width=\"20\"><\/td>\n<td width=\"20\"><\/td>\n<td><\/td>\n<\/tr>\n<tr>\n<td width=\"20\"><\/td>\n<td colspan=\"2\"><strong>Informaci\u00f3n na rede:<\/strong><\/td>\n<\/tr>\n<tr>\n<td width=\"20\"><\/td>\n<td width=\"20\"><\/td>\n<td><a href=\"http:\/\/www.rvr-arquitectos.es\/rvr\/paisaje\/fisterra\">RVR arquitectos<\/a><\/td>\n<\/tr>\n<tr>\n<td width=\"20\"><\/td>\n<td colspan=\"2\"><strong>Descripci\u00f3n do proxecto:<\/strong><\/td>\n<\/tr>\n<tr>\n<td width=\"20\"><\/td>\n<td width=\"20\"><\/td>\n<td><\/td>\n<\/tr>\n<tr>\n<td width=\"20\"><\/td>\n<td colspan=\"2\"><b>Reportaxe fotogr\u00e1fica:\u00a0<b><a href=\"http:\/\/arquitecturadegalicia.eu\/blog\/?author=11\" target=\"_blank\">Adri\u00e1n Capelo Cruz<\/a>\u00a0|\u00a0<a href=\"http:\/\/arquitecturadegalicia.eu\" target=\"_blank\">Arquitectura de Galicia<\/a><\/b><\/b><\/td>\n<\/tr>\n<tr>\n<td width=\"20\"><\/td>\n<td colspan=\"2\"><\/td>\n<\/tr>\n<tr>\n<td width=\"20\"><\/td>\n<td colspan=\"2\"><strong>Planos:<\/strong><\/td>\n<\/tr>\n<tr>\n<td width=\"20\"><\/td>\n<td colspan=\"2\"><\/td>\n<\/tr>\n<\/tbody>\n<\/table>\n<p>&nbsp;<\/p>\n","protected":false},"excerpt":{"rendered":"<p>Arquitecto:\tRVR arquitectos<br \/>\nProvincia:\tA Coru\u00f1a<br \/>\nLocalidade:\tFisterra<br \/>\nAno:\t2007<br \/>\nXeolocalizaci\u00f3n:\t42.9,-9.3<br \/>\nPremios:\tPremio COAG Espacios p\u00fablicos 2009, Seleccionados V Premios Enor<\/p>\n","protected":false},"author":2,"featured_media":8601,"comment_status":"open","ping_status":"open","sticky":false,"template":"","format":"standard","meta":{"jetpack_post_was_ever_published":false,"_jetpack_newsletter_access":"","_jetpack_dont_email_post_to_subs":false,"_jetpack_newsletter_tier_id":0,"_jetpack_memberships_contains_paywalled_content":false,"_jetpack_memberships_contains_paid_content":false,"footnotes":"","jetpack_publicize_message":"","jetpack_publicize_feature_enabled":true,"jetpack_social_post_already_shared":false,"jetpack_social_options":{"image_generator_settings":{"template":"highway","enabled":false},"version":2}},"categories":[7],"tags":[52,98,101],"ano":[],"arquitectos":[],"tipoloxia":[],"class_list":["post-1609","post","type-post","status-publish","format-standard","has-post-thumbnail","hentry","category-fisterra","tag-52","tag-pesqueiro","tag-rvr","content-print"],"jetpack_publicize_connections":[],"yoast_head":"<!-- This site is optimized with the Yoast SEO plugin v24.1 - https:\/\/yoast.com\/wordpress\/plugins\/seo\/ -->\n<title>Adecuaci\u00f3n do entorno do faro de Fisterra | AG<\/title>\n<meta name=\"robots\" content=\"index, follow, max-snippet:-1, max-image-preview:large, max-video-preview:-1\" \/>\n<link rel=\"canonical\" href=\"https:\/\/arquitecturadegalicia.eu\/blog\/adecuacion-do-entorno-do-faro-de-fisterra\/\" \/>\n<meta property=\"og:locale\" content=\"es_ES\" \/>\n<meta property=\"og:type\" content=\"article\" \/>\n<meta property=\"og:title\" content=\"Adecuaci\u00f3n do entorno do faro de Fisterra | AG\" \/>\n<meta property=\"og:description\" content=\"Arquitecto: RVR arquitectos Provincia: A Coru\u00f1a Localidade: Fisterra Ano: 2007 Xeolocalizaci\u00f3n: 42.9,-9.3 Premios: Premio COAG Espacios p\u00fablicos 2009, Seleccionados V Premios Enor\" \/>\n<meta property=\"og:url\" content=\"https:\/\/arquitecturadegalicia.eu\/blog\/adecuacion-do-entorno-do-faro-de-fisterra\/\" \/>\n<meta property=\"og:site_name\" content=\"AG\" \/>\n<meta property=\"article:publisher\" content=\"https:\/\/www.facebook.com\/ArquitecturadeGalicia\/\" \/>\n<meta property=\"article:published_time\" content=\"2013-01-07T19:30:22+00:00\" \/>\n<meta property=\"article:modified_time\" content=\"2013-12-02T00:05:05+00:00\" \/>\n<meta property=\"og:image\" content=\"https:\/\/arquitecturadegalicia.eu\/blog\/wp-content\/uploads\/2013\/01\/Principal2.jpg\" \/>\n\t<meta property=\"og:image:width\" content=\"620\" \/>\n\t<meta property=\"og:image:height\" content=\"410\" \/>\n\t<meta property=\"og:image:type\" content=\"image\/jpeg\" \/>\n<meta name=\"author\" content=\"Rub\u00e9n Ulloa Montes\" \/>\n<meta name=\"twitter:card\" content=\"summary_large_image\" \/>\n<meta name=\"twitter:creator\" content=\"@johncloro\" \/>\n<meta name=\"twitter:site\" content=\"@arquigaliciaeu\" \/>\n<meta name=\"twitter:label1\" content=\"Escrito por\" \/>\n\t<meta name=\"twitter:data1\" content=\"Rub\u00e9n Ulloa Montes\" \/>\n<script type=\"application\/ld+json\" class=\"yoast-schema-graph\">{\"@context\":\"https:\/\/schema.org\",\"@graph\":[{\"@type\":\"Article\",\"@id\":\"https:\/\/arquitecturadegalicia.eu\/blog\/adecuacion-do-entorno-do-faro-de-fisterra\/#article\",\"isPartOf\":{\"@id\":\"https:\/\/arquitecturadegalicia.eu\/blog\/adecuacion-do-entorno-do-faro-de-fisterra\/\"},\"author\":{\"name\":\"Rub\u00e9n Ulloa Montes\",\"@id\":\"https:\/\/arquitecturadegalicia.eu\/blog\/#\/schema\/person\/25cb39b0990eede8939e86ceff6a933b\"},\"headline\":\"Adecuaci\u00f3n do entorno do faro de Fisterra\",\"datePublished\":\"2013-01-07T19:30:22+00:00\",\"dateModified\":\"2013-12-02T00:05:05+00:00\",\"mainEntityOfPage\":{\"@id\":\"https:\/\/arquitecturadegalicia.eu\/blog\/adecuacion-do-entorno-do-faro-de-fisterra\/\"},\"wordCount\":74,\"commentCount\":0,\"publisher\":{\"@id\":\"https:\/\/arquitecturadegalicia.eu\/blog\/#organization\"},\"image\":{\"@id\":\"https:\/\/arquitecturadegalicia.eu\/blog\/adecuacion-do-entorno-do-faro-de-fisterra\/#primaryimage\"},\"thumbnailUrl\":\"https:\/\/arquitecturadegalicia.eu\/blog\/wp-content\/uploads\/2013\/01\/Principal2.jpg\",\"keywords\":[\"2007\",\"pesqueiro\",\"RVR\"],\"articleSection\":[\"Fisterra\"],\"inLanguage\":\"es\",\"potentialAction\":[{\"@type\":\"CommentAction\",\"name\":\"Comment\",\"target\":[\"https:\/\/arquitecturadegalicia.eu\/blog\/adecuacion-do-entorno-do-faro-de-fisterra\/#respond\"]}]},{\"@type\":\"WebPage\",\"@id\":\"https:\/\/arquitecturadegalicia.eu\/blog\/adecuacion-do-entorno-do-faro-de-fisterra\/\",\"url\":\"https:\/\/arquitecturadegalicia.eu\/blog\/adecuacion-do-entorno-do-faro-de-fisterra\/\",\"name\":\"Adecuaci\u00f3n do entorno do faro de Fisterra | AG\",\"isPartOf\":{\"@id\":\"https:\/\/arquitecturadegalicia.eu\/blog\/#website\"},\"primaryImageOfPage\":{\"@id\":\"https:\/\/arquitecturadegalicia.eu\/blog\/adecuacion-do-entorno-do-faro-de-fisterra\/#primaryimage\"},\"image\":{\"@id\":\"https:\/\/arquitecturadegalicia.eu\/blog\/adecuacion-do-entorno-do-faro-de-fisterra\/#primaryimage\"},\"thumbnailUrl\":\"https:\/\/arquitecturadegalicia.eu\/blog\/wp-content\/uploads\/2013\/01\/Principal2.jpg\",\"datePublished\":\"2013-01-07T19:30:22+00:00\",\"dateModified\":\"2013-12-02T00:05:05+00:00\",\"breadcrumb\":{\"@id\":\"https:\/\/arquitecturadegalicia.eu\/blog\/adecuacion-do-entorno-do-faro-de-fisterra\/#breadcrumb\"},\"inLanguage\":\"es\",\"potentialAction\":[{\"@type\":\"ReadAction\",\"target\":[\"https:\/\/arquitecturadegalicia.eu\/blog\/adecuacion-do-entorno-do-faro-de-fisterra\/\"]}]},{\"@type\":\"ImageObject\",\"inLanguage\":\"es\",\"@id\":\"https:\/\/arquitecturadegalicia.eu\/blog\/adecuacion-do-entorno-do-faro-de-fisterra\/#primaryimage\",\"url\":\"https:\/\/arquitecturadegalicia.eu\/blog\/wp-content\/uploads\/2013\/01\/Principal2.jpg\",\"contentUrl\":\"https:\/\/arquitecturadegalicia.eu\/blog\/wp-content\/uploads\/2013\/01\/Principal2.jpg\",\"width\":620,\"height\":410,\"caption\":\"Adecuaci\u00f3n do entorno do faro de Fisterra | RVR Arquitectos | Adri\u00e1n Capelo Cruz\"},{\"@type\":\"BreadcrumbList\",\"@id\":\"https:\/\/arquitecturadegalicia.eu\/blog\/adecuacion-do-entorno-do-faro-de-fisterra\/#breadcrumb\",\"itemListElement\":[{\"@type\":\"ListItem\",\"position\":1,\"name\":\"Portada\",\"item\":\"https:\/\/arquitecturadegalicia.eu\/blog\/\"},{\"@type\":\"ListItem\",\"position\":2,\"name\":\"Adecuaci\u00f3n do entorno do faro de Fisterra\"}]},{\"@type\":\"WebSite\",\"@id\":\"https:\/\/arquitecturadegalicia.eu\/blog\/#website\",\"url\":\"https:\/\/arquitecturadegalicia.eu\/blog\/\",\"name\":\"AG\",\"description\":\"Arquitectura de Galicia\",\"publisher\":{\"@id\":\"https:\/\/arquitecturadegalicia.eu\/blog\/#organization\"},\"potentialAction\":[{\"@type\":\"SearchAction\",\"target\":{\"@type\":\"EntryPoint\",\"urlTemplate\":\"https:\/\/arquitecturadegalicia.eu\/blog\/?s={search_term_string}\"},\"query-input\":{\"@type\":\"PropertyValueSpecification\",\"valueRequired\":true,\"valueName\":\"search_term_string\"}}],\"inLanguage\":\"es\"},{\"@type\":\"Organization\",\"@id\":\"https:\/\/arquitecturadegalicia.eu\/blog\/#organization\",\"name\":\"Arquitectura de Galicia\",\"url\":\"https:\/\/arquitecturadegalicia.eu\/blog\/\",\"logo\":{\"@type\":\"ImageObject\",\"inLanguage\":\"es\",\"@id\":\"https:\/\/arquitecturadegalicia.eu\/blog\/#\/schema\/logo\/image\/\",\"url\":\"https:\/\/arquitecturadegalicia.eu\/blog\/wp-content\/uploads\/2017\/01\/arquitecturacurrents2.png\",\"contentUrl\":\"https:\/\/arquitecturadegalicia.eu\/blog\/wp-content\/uploads\/2017\/01\/arquitecturacurrents2.png\",\"width\":840,\"height\":640,\"caption\":\"Arquitectura de Galicia\"},\"image\":{\"@id\":\"https:\/\/arquitecturadegalicia.eu\/blog\/#\/schema\/logo\/image\/\"},\"sameAs\":[\"https:\/\/www.facebook.com\/ArquitecturadeGalicia\/\",\"https:\/\/x.com\/arquigaliciaeu\",\"https:\/\/www.instagram.com\/arquigaliciaeu\/\"]},{\"@type\":\"Person\",\"@id\":\"https:\/\/arquitecturadegalicia.eu\/blog\/#\/schema\/person\/25cb39b0990eede8939e86ceff6a933b\",\"name\":\"Rub\u00e9n Ulloa Montes\",\"image\":{\"@type\":\"ImageObject\",\"inLanguage\":\"es\",\"@id\":\"https:\/\/arquitecturadegalicia.eu\/blog\/#\/schema\/person\/image\/\",\"url\":\"https:\/\/secure.gravatar.com\/avatar\/ff68e679356737556f8604cded4a38fd?s=96&d=mm&r=g\",\"contentUrl\":\"https:\/\/secure.gravatar.com\/avatar\/ff68e679356737556f8604cded4a38fd?s=96&d=mm&r=g\",\"caption\":\"Rub\u00e9n Ulloa Montes\"},\"description\":\"A Coru\u00f1a | Fundador e coordinaci\u00f3n da p\u00e1xina web e redes sociais | Arquitecto e apasionado da tecnolox\u00eda, todo o que te\u00f1a que ver con isto se merece un post. Dime o que che gusta e che farei un blog. Fundador de ArquitecturadeGalicia e The Groyne, coordinador de\u00a0Andro4all e colaborador en Xombit do grupo Difoosion\",\"sameAs\":[\"https:\/\/x.com\/johncloro\"],\"url\":\"https:\/\/arquitecturadegalicia.eu\/blog\/author\/ruben\/\"}]}<\/script>\n<!-- \/ Yoast SEO plugin. -->","yoast_head_json":{"title":"Adecuaci\u00f3n do entorno do faro de Fisterra | AG","robots":{"index":"index","follow":"follow","max-snippet":"max-snippet:-1","max-image-preview":"max-image-preview:large","max-video-preview":"max-video-preview:-1"},"canonical":"https:\/\/arquitecturadegalicia.eu\/blog\/adecuacion-do-entorno-do-faro-de-fisterra\/","og_locale":"es_ES","og_type":"article","og_title":"Adecuaci\u00f3n do entorno do faro de Fisterra | AG","og_description":"Arquitecto: RVR arquitectos Provincia: A Coru\u00f1a Localidade: Fisterra Ano: 2007 Xeolocalizaci\u00f3n: 42.9,-9.3 Premios: Premio COAG Espacios p\u00fablicos 2009, Seleccionados V Premios Enor","og_url":"https:\/\/arquitecturadegalicia.eu\/blog\/adecuacion-do-entorno-do-faro-de-fisterra\/","og_site_name":"AG","article_publisher":"https:\/\/www.facebook.com\/ArquitecturadeGalicia\/","article_published_time":"2013-01-07T19:30:22+00:00","article_modified_time":"2013-12-02T00:05:05+00:00","og_image":[{"width":620,"height":410,"url":"https:\/\/arquitecturadegalicia.eu\/blog\/wp-content\/uploads\/2013\/01\/Principal2.jpg","type":"image\/jpeg"}],"author":"Rub\u00e9n Ulloa Montes","twitter_card":"summary_large_image","twitter_creator":"@johncloro","twitter_site":"@arquigaliciaeu","twitter_misc":{"Escrito por":"Rub\u00e9n Ulloa Montes"},"schema":{"@context":"https:\/\/schema.org","@graph":[{"@type":"Article","@id":"https:\/\/arquitecturadegalicia.eu\/blog\/adecuacion-do-entorno-do-faro-de-fisterra\/#article","isPartOf":{"@id":"https:\/\/arquitecturadegalicia.eu\/blog\/adecuacion-do-entorno-do-faro-de-fisterra\/"},"author":{"name":"Rub\u00e9n Ulloa Montes","@id":"https:\/\/arquitecturadegalicia.eu\/blog\/#\/schema\/person\/25cb39b0990eede8939e86ceff6a933b"},"headline":"Adecuaci\u00f3n do entorno do faro de Fisterra","datePublished":"2013-01-07T19:30:22+00:00","dateModified":"2013-12-02T00:05:05+00:00","mainEntityOfPage":{"@id":"https:\/\/arquitecturadegalicia.eu\/blog\/adecuacion-do-entorno-do-faro-de-fisterra\/"},"wordCount":74,"commentCount":0,"publisher":{"@id":"https:\/\/arquitecturadegalicia.eu\/blog\/#organization"},"image":{"@id":"https:\/\/arquitecturadegalicia.eu\/blog\/adecuacion-do-entorno-do-faro-de-fisterra\/#primaryimage"},"thumbnailUrl":"https:\/\/arquitecturadegalicia.eu\/blog\/wp-content\/uploads\/2013\/01\/Principal2.jpg","keywords":["2007","pesqueiro","RVR"],"articleSection":["Fisterra"],"inLanguage":"es","potentialAction":[{"@type":"CommentAction","name":"Comment","target":["https:\/\/arquitecturadegalicia.eu\/blog\/adecuacion-do-entorno-do-faro-de-fisterra\/#respond"]}]},{"@type":"WebPage","@id":"https:\/\/arquitecturadegalicia.eu\/blog\/adecuacion-do-entorno-do-faro-de-fisterra\/","url":"https:\/\/arquitecturadegalicia.eu\/blog\/adecuacion-do-entorno-do-faro-de-fisterra\/","name":"Adecuaci\u00f3n do entorno do faro de Fisterra | AG","isPartOf":{"@id":"https:\/\/arquitecturadegalicia.eu\/blog\/#website"},"primaryImageOfPage":{"@id":"https:\/\/arquitecturadegalicia.eu\/blog\/adecuacion-do-entorno-do-faro-de-fisterra\/#primaryimage"},"image":{"@id":"https:\/\/arquitecturadegalicia.eu\/blog\/adecuacion-do-entorno-do-faro-de-fisterra\/#primaryimage"},"thumbnailUrl":"https:\/\/arquitecturadegalicia.eu\/blog\/wp-content\/uploads\/2013\/01\/Principal2.jpg","datePublished":"2013-01-07T19:30:22+00:00","dateModified":"2013-12-02T00:05:05+00:00","breadcrumb":{"@id":"https:\/\/arquitecturadegalicia.eu\/blog\/adecuacion-do-entorno-do-faro-de-fisterra\/#breadcrumb"},"inLanguage":"es","potentialAction":[{"@type":"ReadAction","target":["https:\/\/arquitecturadegalicia.eu\/blog\/adecuacion-do-entorno-do-faro-de-fisterra\/"]}]},{"@type":"ImageObject","inLanguage":"es","@id":"https:\/\/arquitecturadegalicia.eu\/blog\/adecuacion-do-entorno-do-faro-de-fisterra\/#primaryimage","url":"https:\/\/arquitecturadegalicia.eu\/blog\/wp-content\/uploads\/2013\/01\/Principal2.jpg","contentUrl":"https:\/\/arquitecturadegalicia.eu\/blog\/wp-content\/uploads\/2013\/01\/Principal2.jpg","width":620,"height":410,"caption":"Adecuaci\u00f3n do entorno do faro de Fisterra | RVR Arquitectos | Adri\u00e1n Capelo Cruz"},{"@type":"BreadcrumbList","@id":"https:\/\/arquitecturadegalicia.eu\/blog\/adecuacion-do-entorno-do-faro-de-fisterra\/#breadcrumb","itemListElement":[{"@type":"ListItem","position":1,"name":"Portada","item":"https:\/\/arquitecturadegalicia.eu\/blog\/"},{"@type":"ListItem","position":2,"name":"Adecuaci\u00f3n do entorno do faro de Fisterra"}]},{"@type":"WebSite","@id":"https:\/\/arquitecturadegalicia.eu\/blog\/#website","url":"https:\/\/arquitecturadegalicia.eu\/blog\/","name":"AG","description":"Arquitectura de Galicia","publisher":{"@id":"https:\/\/arquitecturadegalicia.eu\/blog\/#organization"},"potentialAction":[{"@type":"SearchAction","target":{"@type":"EntryPoint","urlTemplate":"https:\/\/arquitecturadegalicia.eu\/blog\/?s={search_term_string}"},"query-input":{"@type":"PropertyValueSpecification","valueRequired":true,"valueName":"search_term_string"}}],"inLanguage":"es"},{"@type":"Organization","@id":"https:\/\/arquitecturadegalicia.eu\/blog\/#organization","name":"Arquitectura de Galicia","url":"https:\/\/arquitecturadegalicia.eu\/blog\/","logo":{"@type":"ImageObject","inLanguage":"es","@id":"https:\/\/arquitecturadegalicia.eu\/blog\/#\/schema\/logo\/image\/","url":"https:\/\/arquitecturadegalicia.eu\/blog\/wp-content\/uploads\/2017\/01\/arquitecturacurrents2.png","contentUrl":"https:\/\/arquitecturadegalicia.eu\/blog\/wp-content\/uploads\/2017\/01\/arquitecturacurrents2.png","width":840,"height":640,"caption":"Arquitectura de Galicia"},"image":{"@id":"https:\/\/arquitecturadegalicia.eu\/blog\/#\/schema\/logo\/image\/"},"sameAs":["https:\/\/www.facebook.com\/ArquitecturadeGalicia\/","https:\/\/x.com\/arquigaliciaeu","https:\/\/www.instagram.com\/arquigaliciaeu\/"]},{"@type":"Person","@id":"https:\/\/arquitecturadegalicia.eu\/blog\/#\/schema\/person\/25cb39b0990eede8939e86ceff6a933b","name":"Rub\u00e9n Ulloa Montes","image":{"@type":"ImageObject","inLanguage":"es","@id":"https:\/\/arquitecturadegalicia.eu\/blog\/#\/schema\/person\/image\/","url":"https:\/\/secure.gravatar.com\/avatar\/ff68e679356737556f8604cded4a38fd?s=96&d=mm&r=g","contentUrl":"https:\/\/secure.gravatar.com\/avatar\/ff68e679356737556f8604cded4a38fd?s=96&d=mm&r=g","caption":"Rub\u00e9n Ulloa Montes"},"description":"A Coru\u00f1a | Fundador e coordinaci\u00f3n da p\u00e1xina web e redes sociais | Arquitecto e apasionado da tecnolox\u00eda, todo o que te\u00f1a que ver con isto se merece un post. Dime o que che gusta e che farei un blog. Fundador de ArquitecturadeGalicia e The Groyne, coordinador de\u00a0Andro4all e colaborador en Xombit do grupo Difoosion","sameAs":["https:\/\/x.com\/johncloro"],"url":"https:\/\/arquitecturadegalicia.eu\/blog\/author\/ruben\/"}]}},"jetpack_featured_media_url":"https:\/\/arquitecturadegalicia.eu\/blog\/wp-content\/uploads\/2013\/01\/Principal2.jpg","jetpack_shortlink":"https:\/\/wp.me\/p2NHs2-pX","jetpack_sharing_enabled":true,"_links":{"self":[{"href":"https:\/\/arquitecturadegalicia.eu\/blog\/wp-json\/wp\/v2\/posts\/1609","targetHints":{"allow":["GET"]}}],"collection":[{"href":"https:\/\/arquitecturadegalicia.eu\/blog\/wp-json\/wp\/v2\/posts"}],"about":[{"href":"https:\/\/arquitecturadegalicia.eu\/blog\/wp-json\/wp\/v2\/types\/post"}],"author":[{"embeddable":true,"href":"https:\/\/arquitecturadegalicia.eu\/blog\/wp-json\/wp\/v2\/users\/2"}],"replies":[{"embeddable":true,"href":"https:\/\/arquitecturadegalicia.eu\/blog\/wp-json\/wp\/v2\/comments?post=1609"}],"version-history":[{"count":11,"href":"https:\/\/arquitecturadegalicia.eu\/blog\/wp-json\/wp\/v2\/posts\/1609\/revisions"}],"predecessor-version":[{"id":8326,"href":"https:\/\/arquitecturadegalicia.eu\/blog\/wp-json\/wp\/v2\/posts\/1609\/revisions\/8326"}],"wp:featuredmedia":[{"embeddable":true,"href":"https:\/\/arquitecturadegalicia.eu\/blog\/wp-json\/wp\/v2\/media\/8601"}],"wp:attachment":[{"href":"https:\/\/arquitecturadegalicia.eu\/blog\/wp-json\/wp\/v2\/media?parent=1609"}],"wp:term":[{"taxonomy":"category","embeddable":true,"href":"https:\/\/arquitecturadegalicia.eu\/blog\/wp-json\/wp\/v2\/categories?post=1609"},{"taxonomy":"post_tag","embeddable":true,"href":"https:\/\/arquitecturadegalicia.eu\/blog\/wp-json\/wp\/v2\/tags?post=1609"},{"taxonomy":"ano","embeddable":true,"href":"https:\/\/arquitecturadegalicia.eu\/blog\/wp-json\/wp\/v2\/ano?post=1609"},{"taxonomy":"arquitectos","embeddable":true,"href":"https:\/\/arquitecturadegalicia.eu\/blog\/wp-json\/wp\/v2\/arquitectos?post=1609"},{"taxonomy":"tipoloxia","embeddable":true,"href":"https:\/\/arquitecturadegalicia.eu\/blog\/wp-json\/wp\/v2\/tipoloxia?post=1609"}],"curies":[{"name":"wp","href":"https:\/\/api.w.org\/{rel}","templated":true}]}}