{"id":238,"date":"2011-12-06T16:59:04","date_gmt":"2011-12-06T15:59:04","guid":{"rendered":"http:\/\/arquiteturagaliza.nixiweb.com\/?p=238"},"modified":"2014-10-13T12:56:05","modified_gmt":"2014-10-13T10:56:05","slug":"la-trufa","status":"publish","type":"post","link":"https:\/\/arquitecturadegalicia.eu\/blog\/la-trufa\/","title":{"rendered":"A Trufa"},"content":{"rendered":"<h6 style=\"text-align: right;\"><img fetchpriority=\"high\" decoding=\"async\" class=\"size-full wp-image-11917 aligncenter\" alt=\"AG_trufa_ensable_estudio_anton_garcia_abril_laxe_00\" src=\"http:\/\/arquitecturadegalicia.eu\/blog\/wp-content\/uploads\/2011\/12\/AG_trufa_ensable_estudio_anton_garcia_abril_laxe_000.jpg\" width=\"620\" height=\"464\" srcset=\"https:\/\/arquitecturadegalicia.eu\/blog\/wp-content\/uploads\/2011\/12\/AG_trufa_ensable_estudio_anton_garcia_abril_laxe_000.jpg 620w, https:\/\/arquitecturadegalicia.eu\/blog\/wp-content\/uploads\/2011\/12\/AG_trufa_ensable_estudio_anton_garcia_abril_laxe_000-300x224.jpg 300w\" sizes=\"(max-width: 620px) 100vw, 620px\" \/><\/h6>\n<h6 style=\"text-align: right;\"><a href=\"http:\/\/www.rolandhalbe.de\/en\/architects\/architect.asp?architect=garcia+abril&amp;grid_offset=0\" target=\"_blank\"><span style=\"color: #999999;\">Roland Halbe<\/span><\/a><\/h6>\n<table class=\"aligncenter\" width=\"620\" border=\"0\" cellspacing=\"0\" cellpadding=\"0\">\n<tbody>\n<tr>\n<td width=\"180\"><strong>Obra:<\/strong><\/td>\n<td>A Trufa<\/td>\n<\/tr>\n<tr>\n<td><strong>Arquitecto:<\/strong><\/td>\n<td>Ensamble Estudio | Ant\u00f3n Garc\u00eda-Abril<\/td>\n<\/tr>\n<tr>\n<td><strong>Provincia:<\/strong><\/td>\n<td>A Coru\u00f1a<\/td>\n<\/tr>\n<tr>\n<td><strong>Localidade:<\/strong><\/td>\n<td>Cabo de Area, Laxe<\/td>\n<\/tr>\n<tr>\n<td><strong>Ano:<\/strong><\/td>\n<td>2006 &#8211; 2010<\/td>\n<\/tr>\n<tr>\n<td><strong>Xeolocalizaci\u00f3n:<\/strong><\/td>\n<td><strong><a href=\"https:\/\/maps.google.com\/maps\/ms?ie=UTF8&amp;t=h&amp;vpsrc=6&amp;hl=es&amp;oe=UTF8&amp;msa=0&amp;msid=205584753861089304839.0004b3590a9baff01c53d&amp;ll=43.220596,-8.98849&amp;spn=0.019546,0.027595&amp;z=15&amp;iwloc=0004b35c25b3f618bb263\" target=\"_blank\">43.219,-8.988<br \/>\n<\/a><\/strong><\/td>\n<\/tr>\n<\/tbody>\n<\/table>\n<table class=\" aligncenter\" width=\"620\" border=\"0\" cellspacing=\"0\" cellpadding=\"0\">\n<tbody>\n<tr>\n<td colspan=\"3\"><strong>Outros Datos:<\/strong><\/td>\n<\/tr>\n<tr>\n<td width=\"20\"><\/td>\n<td colspan=\"2\"><strong>Premios:<\/strong><\/td>\n<\/tr>\n<tr>\n<td width=\"20\"><\/td>\n<td width=\"20\"><\/td>\n<td width=\"580\"><\/td>\n<\/tr>\n<tr>\n<td width=\"20\"><\/td>\n<td colspan=\"2\"><strong>Publicaci\u00f3ns:<\/strong><\/td>\n<\/tr>\n<tr>\n<td width=\"20\"><\/td>\n<td width=\"20\"><\/td>\n<td>\n<div>\n<div>\n<div id=\"stcpDiv\"><strong><a href=\"http:\/\/issuu.com\/ensamble-studio\/docs\/tr_igloo\" target=\"_blank\">Igloo 111 | 2011<\/a><\/strong><\/div>\n<div>\n<div id=\"stcpDiv\"><strong><a href=\"http:\/\/issuu.com\/ensamble-studio\/docs\/tr_arhitext_issue\" target=\"_blank\">Arhitext 213 | 2010<\/a><\/strong><\/div>\n<div>\n<div id=\"stcpDiv\"><a href=\"http:\/\/issuu.com\/ensamble-studio\/docs\/tr_detail?e=1253985\/4766401\" target=\"_blank\"><strong>Detail 5 | 2010<\/strong><\/a><\/div>\n<div>\n<div id=\"stcpDiv\"><a href=\"http:\/\/issuu.com\/ensamble-studio\/docs\/tr_au?e=1253985\/4766500\" target=\"_blank\"><strong>A+U Architecture and Urbanism 480 | 2010<\/strong><\/a><\/div>\n<div>\n<div id=\"stcpDiv\"><a href=\"http:\/\/issuu.com\/ensamble-studio\/docs\/tr-en-av?e=1253985\/4767648\" target=\"_blank\"><strong>AV Monograf\u00edas 140 | 2009<\/strong><\/a><\/div>\n<\/div>\n<\/div>\n<\/div>\n<\/div>\n<\/div>\n<\/div>\n<\/td>\n<\/tr>\n<tr>\n<td width=\"20\"><\/td>\n<td colspan=\"2\"><strong>Informaci\u00f3n na rede:<\/strong><\/td>\n<\/tr>\n<tr>\n<td width=\"20\"><\/td>\n<td width=\"20\"><\/td>\n<td><a href=\"http:\/\/www.ensamble.info\/actualizacion\/projects\/truffle\" target=\"_blank\"><strong>ensamble.info<\/strong><\/a><a href=\"http:\/\/www.plataformaarquitectura.cl\/2010\/04\/30\/la-trufa-ensamble-studio\/\" target=\"_blank\"><strong><br \/>\nplataformaarquitectura.cl<\/strong><\/a><\/td>\n<\/tr>\n<tr>\n<td width=\"20\"><\/td>\n<td colspan=\"2\"><strong>Descripci\u00f3n do proxecto:<\/strong><\/td>\n<\/tr>\n<tr>\n<td width=\"20\"><\/td>\n<td width=\"20\"><\/td>\n<td style=\"text-align: justify;\">\u00abLa Trufa es un fragmento de naturaleza construida con tierra, llena de aire. Un espacio dentro de una piedra que se posa en el terreno y que se mimetiza con el territorio. Se camufla, al emular los procesos de formaci\u00f3n mineral en su estructura, y se integra con el medio natural al someterse a sus leyes.<br \/>\nSe hizo un agujero en el terreno con tierra vegetal sin consistencia mec\u00e1nica, un dique de contenci\u00f3n. Luego, materializamos el aire construyendo un volumen con fardos de paja e inundamos el espacio entre la tierra y el aire construido para solidificarlo. El hormig\u00f3n en masa vertido envolvi\u00f3 el aire y se protegi\u00f3 de tierra. Pas\u00f3 el tiempo y retiramos la tierra descubriendo una masa amorfa.<br \/>\nLa tierra y el hormig\u00f3n intercambiaron sus propiedades. La tierra provey\u00f3 al hormig\u00f3n de su textura y color, su forma y su esencia, y el hormig\u00f3n le entreg\u00f3 a la tierra su resistencia y estructura interna. Pero a\u00fan no era arquitectura lo que hab\u00edamos creado, hab\u00edamos fabricado una piedra.<br \/>\nCon maquinaria de cantera hicimos unos cortes para explorar su n\u00facleo y descubrimos la masa de su interior construida con paja, ahora comprimida por la presi\u00f3n hidrost\u00e1tica que ejerci\u00f3 el hormig\u00f3n sobre la endeble estructura vegetal. Para vaciar el interior, lleg\u00f3 la ternera Paulina, que disfrut\u00f3 de 50m3 de su m\u00e1s rico alimento, del que se nutri\u00f3 durante un a\u00f1o hasta que abandon\u00f3 su h\u00e1bitat, ya adulta y pesando 300 kilos. Se hab\u00eda comido el volumen interior, y aparec\u00eda el espacio por primera vez, restaurando la condici\u00f3n arquitect\u00f3nica de la trufa tras haber sido cobijo del animal y de la masa vegetal durante un tiempo largo.<br \/>\nPara dotar al espacio de todo el confort y habitabilidad necesaria en la arquitectura, tomamos como motivo el \u201ccabanon\u201d de Le Corbusier, recreando su programa y dimensiones. Es el \u201ccabanon de Beton\u201d la referencia que hace de la trufa un espacio habitable y disfrutable en la naturaleza, que nos ha inspirado y sometido. Y la lecci\u00f3n que recibimos es la incertidumbre que nos gui\u00f3, en el deseo de construir con nuestras propias manos, un fragmento de naturaleza, un espacio contemplativo, un peque\u00f1o poema\u00bb<br \/>\nEnsamble Estudio | Ant\u00f3n Garc\u00eda-Abril<\/td>\n<\/tr>\n<tr>\n<td width=\"20\"><\/td>\n<td colspan=\"2\"><b>Imaxes e Video: <\/b>Cortes\u00eda de Ensamble Estudio<b><br \/>\n<\/b><\/td>\n<\/tr>\n<\/tbody>\n<\/table>\n<p><br \/>\n<br \/>\n<br \/>\n <\/p>\n","protected":false},"excerpt":{"rendered":"<p>\u00abEs el \u201ccabanon de Beton\u201d la referencia que hace de la trufa un espacio habitable y disfrutable en la naturaleza, que nos ha inspirado y sometido\u00bb<br \/>\nEnsamble Estudio | Ant\u00f3n Garc\u00eda-Abril<\/p>\n","protected":false},"author":2,"featured_media":11917,"comment_status":"open","ping_status":"open","sticky":false,"template":"","format":"standard","meta":{"jetpack_post_was_ever_published":false,"_jetpack_newsletter_access":"","_jetpack_dont_email_post_to_subs":false,"_jetpack_newsletter_tier_id":0,"_jetpack_memberships_contains_paywalled_content":false,"_jetpack_memberships_contains_paid_content":false,"footnotes":"","jetpack_publicize_message":"","jetpack_publicize_feature_enabled":true,"jetpack_social_post_already_shared":false,"jetpack_social_options":{"image_generator_settings":{"template":"highway","enabled":false},"version":2}},"categories":[8],"tags":[55,65,696,755,105,108],"ano":[],"arquitectos":[],"tipoloxia":[],"class_list":["post-238","post","type-post","status-publish","format-standard","has-post-thumbnail","hentry","category-laxe","tag-55","tag-antongarciaabril","tag-ensamble-estudio","tag-refuxio","tag-unifamiliar","tag-vivenda","content-print"],"jetpack_publicize_connections":[],"yoast_head":"<!-- This site is optimized with the Yoast SEO plugin v24.1 - https:\/\/yoast.com\/wordpress\/plugins\/seo\/ -->\n<title>A Trufa | AG<\/title>\n<meta name=\"robots\" content=\"index, follow, max-snippet:-1, max-image-preview:large, max-video-preview:-1\" \/>\n<link rel=\"canonical\" href=\"https:\/\/arquitecturadegalicia.eu\/blog\/la-trufa\/\" \/>\n<meta property=\"og:locale\" content=\"es_ES\" \/>\n<meta property=\"og:type\" content=\"article\" \/>\n<meta property=\"og:title\" content=\"A Trufa | AG\" \/>\n<meta property=\"og:description\" content=\"&quot;Es el \u201ccabanon de Beton\u201d la referencia que hace de la trufa un espacio habitable y disfrutable en la naturaleza, que nos ha inspirado y sometido&quot;  Ensamble Estudio | Ant\u00f3n Garc\u00eda-Abril\" \/>\n<meta property=\"og:url\" content=\"https:\/\/arquitecturadegalicia.eu\/blog\/la-trufa\/\" \/>\n<meta property=\"og:site_name\" content=\"AG\" \/>\n<meta property=\"article:publisher\" content=\"https:\/\/www.facebook.com\/ArquitecturadeGalicia\/\" \/>\n<meta property=\"article:published_time\" content=\"2011-12-06T15:59:04+00:00\" \/>\n<meta property=\"article:modified_time\" content=\"2014-10-13T10:56:05+00:00\" \/>\n<meta property=\"og:image\" content=\"https:\/\/arquitecturadegalicia.eu\/blog\/wp-content\/uploads\/2011\/12\/AG_trufa_ensable_estudio_anton_garcia_abril_laxe_000.jpg\" \/>\n\t<meta property=\"og:image:width\" content=\"620\" \/>\n\t<meta property=\"og:image:height\" content=\"464\" \/>\n\t<meta property=\"og:image:type\" content=\"image\/jpeg\" \/>\n<meta name=\"author\" content=\"Rub\u00e9n Ulloa Montes\" \/>\n<meta name=\"twitter:card\" content=\"summary_large_image\" \/>\n<meta name=\"twitter:creator\" content=\"@johncloro\" \/>\n<meta name=\"twitter:site\" content=\"@arquigaliciaeu\" \/>\n<meta name=\"twitter:label1\" content=\"Escrito por\" \/>\n\t<meta name=\"twitter:data1\" content=\"Rub\u00e9n Ulloa Montes\" \/>\n\t<meta name=\"twitter:label2\" content=\"Tiempo de lectura\" \/>\n\t<meta name=\"twitter:data2\" content=\"2 minutos\" \/>\n<script type=\"application\/ld+json\" class=\"yoast-schema-graph\">{\"@context\":\"https:\/\/schema.org\",\"@graph\":[{\"@type\":\"Article\",\"@id\":\"https:\/\/arquitecturadegalicia.eu\/blog\/la-trufa\/#article\",\"isPartOf\":{\"@id\":\"https:\/\/arquitecturadegalicia.eu\/blog\/la-trufa\/\"},\"author\":{\"name\":\"Rub\u00e9n Ulloa Montes\",\"@id\":\"https:\/\/arquitecturadegalicia.eu\/blog\/#\/schema\/person\/25cb39b0990eede8939e86ceff6a933b\"},\"headline\":\"A Trufa\",\"datePublished\":\"2011-12-06T15:59:04+00:00\",\"dateModified\":\"2014-10-13T10:56:05+00:00\",\"mainEntityOfPage\":{\"@id\":\"https:\/\/arquitecturadegalicia.eu\/blog\/la-trufa\/\"},\"wordCount\":480,\"commentCount\":0,\"publisher\":{\"@id\":\"https:\/\/arquitecturadegalicia.eu\/blog\/#organization\"},\"image\":{\"@id\":\"https:\/\/arquitecturadegalicia.eu\/blog\/la-trufa\/#primaryimage\"},\"thumbnailUrl\":\"https:\/\/arquitecturadegalicia.eu\/blog\/wp-content\/uploads\/2011\/12\/AG_trufa_ensable_estudio_anton_garcia_abril_laxe_000.jpg\",\"keywords\":[\"2010\",\"Ant\u00f3n Garc\u00eda Abril\",\"Ensamble estudio\",\"refuxio\",\"unifamiliar\",\"Vivenda\"],\"articleSection\":[\"Laxe\"],\"inLanguage\":\"es\",\"potentialAction\":[{\"@type\":\"CommentAction\",\"name\":\"Comment\",\"target\":[\"https:\/\/arquitecturadegalicia.eu\/blog\/la-trufa\/#respond\"]}]},{\"@type\":\"WebPage\",\"@id\":\"https:\/\/arquitecturadegalicia.eu\/blog\/la-trufa\/\",\"url\":\"https:\/\/arquitecturadegalicia.eu\/blog\/la-trufa\/\",\"name\":\"A Trufa | AG\",\"isPartOf\":{\"@id\":\"https:\/\/arquitecturadegalicia.eu\/blog\/#website\"},\"primaryImageOfPage\":{\"@id\":\"https:\/\/arquitecturadegalicia.eu\/blog\/la-trufa\/#primaryimage\"},\"image\":{\"@id\":\"https:\/\/arquitecturadegalicia.eu\/blog\/la-trufa\/#primaryimage\"},\"thumbnailUrl\":\"https:\/\/arquitecturadegalicia.eu\/blog\/wp-content\/uploads\/2011\/12\/AG_trufa_ensable_estudio_anton_garcia_abril_laxe_000.jpg\",\"datePublished\":\"2011-12-06T15:59:04+00:00\",\"dateModified\":\"2014-10-13T10:56:05+00:00\",\"breadcrumb\":{\"@id\":\"https:\/\/arquitecturadegalicia.eu\/blog\/la-trufa\/#breadcrumb\"},\"inLanguage\":\"es\",\"potentialAction\":[{\"@type\":\"ReadAction\",\"target\":[\"https:\/\/arquitecturadegalicia.eu\/blog\/la-trufa\/\"]}]},{\"@type\":\"ImageObject\",\"inLanguage\":\"es\",\"@id\":\"https:\/\/arquitecturadegalicia.eu\/blog\/la-trufa\/#primaryimage\",\"url\":\"https:\/\/arquitecturadegalicia.eu\/blog\/wp-content\/uploads\/2011\/12\/AG_trufa_ensable_estudio_anton_garcia_abril_laxe_000.jpg\",\"contentUrl\":\"https:\/\/arquitecturadegalicia.eu\/blog\/wp-content\/uploads\/2011\/12\/AG_trufa_ensable_estudio_anton_garcia_abril_laxe_000.jpg\",\"width\":620,\"height\":464},{\"@type\":\"BreadcrumbList\",\"@id\":\"https:\/\/arquitecturadegalicia.eu\/blog\/la-trufa\/#breadcrumb\",\"itemListElement\":[{\"@type\":\"ListItem\",\"position\":1,\"name\":\"Portada\",\"item\":\"https:\/\/arquitecturadegalicia.eu\/blog\/\"},{\"@type\":\"ListItem\",\"position\":2,\"name\":\"A Trufa\"}]},{\"@type\":\"WebSite\",\"@id\":\"https:\/\/arquitecturadegalicia.eu\/blog\/#website\",\"url\":\"https:\/\/arquitecturadegalicia.eu\/blog\/\",\"name\":\"AG\",\"description\":\"Arquitectura de Galicia\",\"publisher\":{\"@id\":\"https:\/\/arquitecturadegalicia.eu\/blog\/#organization\"},\"potentialAction\":[{\"@type\":\"SearchAction\",\"target\":{\"@type\":\"EntryPoint\",\"urlTemplate\":\"https:\/\/arquitecturadegalicia.eu\/blog\/?s={search_term_string}\"},\"query-input\":{\"@type\":\"PropertyValueSpecification\",\"valueRequired\":true,\"valueName\":\"search_term_string\"}}],\"inLanguage\":\"es\"},{\"@type\":\"Organization\",\"@id\":\"https:\/\/arquitecturadegalicia.eu\/blog\/#organization\",\"name\":\"Arquitectura de Galicia\",\"url\":\"https:\/\/arquitecturadegalicia.eu\/blog\/\",\"logo\":{\"@type\":\"ImageObject\",\"inLanguage\":\"es\",\"@id\":\"https:\/\/arquitecturadegalicia.eu\/blog\/#\/schema\/logo\/image\/\",\"url\":\"https:\/\/arquitecturadegalicia.eu\/blog\/wp-content\/uploads\/2017\/01\/arquitecturacurrents2.png\",\"contentUrl\":\"https:\/\/arquitecturadegalicia.eu\/blog\/wp-content\/uploads\/2017\/01\/arquitecturacurrents2.png\",\"width\":840,\"height\":640,\"caption\":\"Arquitectura de Galicia\"},\"image\":{\"@id\":\"https:\/\/arquitecturadegalicia.eu\/blog\/#\/schema\/logo\/image\/\"},\"sameAs\":[\"https:\/\/www.facebook.com\/ArquitecturadeGalicia\/\",\"https:\/\/x.com\/arquigaliciaeu\",\"https:\/\/www.instagram.com\/arquigaliciaeu\/\"]},{\"@type\":\"Person\",\"@id\":\"https:\/\/arquitecturadegalicia.eu\/blog\/#\/schema\/person\/25cb39b0990eede8939e86ceff6a933b\",\"name\":\"Rub\u00e9n Ulloa Montes\",\"image\":{\"@type\":\"ImageObject\",\"inLanguage\":\"es\",\"@id\":\"https:\/\/arquitecturadegalicia.eu\/blog\/#\/schema\/person\/image\/\",\"url\":\"https:\/\/secure.gravatar.com\/avatar\/ff68e679356737556f8604cded4a38fd?s=96&d=mm&r=g\",\"contentUrl\":\"https:\/\/secure.gravatar.com\/avatar\/ff68e679356737556f8604cded4a38fd?s=96&d=mm&r=g\",\"caption\":\"Rub\u00e9n Ulloa Montes\"},\"description\":\"A Coru\u00f1a | Fundador e coordinaci\u00f3n da p\u00e1xina web e redes sociais | Arquitecto e apasionado da tecnolox\u00eda, todo o que te\u00f1a que ver con isto se merece un post. Dime o que che gusta e che farei un blog. Fundador de ArquitecturadeGalicia e The Groyne, coordinador de\u00a0Andro4all e colaborador en Xombit do grupo Difoosion\",\"sameAs\":[\"https:\/\/x.com\/johncloro\"],\"url\":\"https:\/\/arquitecturadegalicia.eu\/blog\/author\/ruben\/\"}]}<\/script>\n<!-- \/ Yoast SEO plugin. -->","yoast_head_json":{"title":"A Trufa | AG","robots":{"index":"index","follow":"follow","max-snippet":"max-snippet:-1","max-image-preview":"max-image-preview:large","max-video-preview":"max-video-preview:-1"},"canonical":"https:\/\/arquitecturadegalicia.eu\/blog\/la-trufa\/","og_locale":"es_ES","og_type":"article","og_title":"A Trufa | AG","og_description":"\"Es el \u201ccabanon de Beton\u201d la referencia que hace de la trufa un espacio habitable y disfrutable en la naturaleza, que nos ha inspirado y sometido\"  Ensamble Estudio | Ant\u00f3n Garc\u00eda-Abril","og_url":"https:\/\/arquitecturadegalicia.eu\/blog\/la-trufa\/","og_site_name":"AG","article_publisher":"https:\/\/www.facebook.com\/ArquitecturadeGalicia\/","article_published_time":"2011-12-06T15:59:04+00:00","article_modified_time":"2014-10-13T10:56:05+00:00","og_image":[{"width":620,"height":464,"url":"https:\/\/arquitecturadegalicia.eu\/blog\/wp-content\/uploads\/2011\/12\/AG_trufa_ensable_estudio_anton_garcia_abril_laxe_000.jpg","type":"image\/jpeg"}],"author":"Rub\u00e9n Ulloa Montes","twitter_card":"summary_large_image","twitter_creator":"@johncloro","twitter_site":"@arquigaliciaeu","twitter_misc":{"Escrito por":"Rub\u00e9n Ulloa Montes","Tiempo de lectura":"2 minutos"},"schema":{"@context":"https:\/\/schema.org","@graph":[{"@type":"Article","@id":"https:\/\/arquitecturadegalicia.eu\/blog\/la-trufa\/#article","isPartOf":{"@id":"https:\/\/arquitecturadegalicia.eu\/blog\/la-trufa\/"},"author":{"name":"Rub\u00e9n Ulloa Montes","@id":"https:\/\/arquitecturadegalicia.eu\/blog\/#\/schema\/person\/25cb39b0990eede8939e86ceff6a933b"},"headline":"A Trufa","datePublished":"2011-12-06T15:59:04+00:00","dateModified":"2014-10-13T10:56:05+00:00","mainEntityOfPage":{"@id":"https:\/\/arquitecturadegalicia.eu\/blog\/la-trufa\/"},"wordCount":480,"commentCount":0,"publisher":{"@id":"https:\/\/arquitecturadegalicia.eu\/blog\/#organization"},"image":{"@id":"https:\/\/arquitecturadegalicia.eu\/blog\/la-trufa\/#primaryimage"},"thumbnailUrl":"https:\/\/arquitecturadegalicia.eu\/blog\/wp-content\/uploads\/2011\/12\/AG_trufa_ensable_estudio_anton_garcia_abril_laxe_000.jpg","keywords":["2010","Ant\u00f3n Garc\u00eda Abril","Ensamble estudio","refuxio","unifamiliar","Vivenda"],"articleSection":["Laxe"],"inLanguage":"es","potentialAction":[{"@type":"CommentAction","name":"Comment","target":["https:\/\/arquitecturadegalicia.eu\/blog\/la-trufa\/#respond"]}]},{"@type":"WebPage","@id":"https:\/\/arquitecturadegalicia.eu\/blog\/la-trufa\/","url":"https:\/\/arquitecturadegalicia.eu\/blog\/la-trufa\/","name":"A Trufa | AG","isPartOf":{"@id":"https:\/\/arquitecturadegalicia.eu\/blog\/#website"},"primaryImageOfPage":{"@id":"https:\/\/arquitecturadegalicia.eu\/blog\/la-trufa\/#primaryimage"},"image":{"@id":"https:\/\/arquitecturadegalicia.eu\/blog\/la-trufa\/#primaryimage"},"thumbnailUrl":"https:\/\/arquitecturadegalicia.eu\/blog\/wp-content\/uploads\/2011\/12\/AG_trufa_ensable_estudio_anton_garcia_abril_laxe_000.jpg","datePublished":"2011-12-06T15:59:04+00:00","dateModified":"2014-10-13T10:56:05+00:00","breadcrumb":{"@id":"https:\/\/arquitecturadegalicia.eu\/blog\/la-trufa\/#breadcrumb"},"inLanguage":"es","potentialAction":[{"@type":"ReadAction","target":["https:\/\/arquitecturadegalicia.eu\/blog\/la-trufa\/"]}]},{"@type":"ImageObject","inLanguage":"es","@id":"https:\/\/arquitecturadegalicia.eu\/blog\/la-trufa\/#primaryimage","url":"https:\/\/arquitecturadegalicia.eu\/blog\/wp-content\/uploads\/2011\/12\/AG_trufa_ensable_estudio_anton_garcia_abril_laxe_000.jpg","contentUrl":"https:\/\/arquitecturadegalicia.eu\/blog\/wp-content\/uploads\/2011\/12\/AG_trufa_ensable_estudio_anton_garcia_abril_laxe_000.jpg","width":620,"height":464},{"@type":"BreadcrumbList","@id":"https:\/\/arquitecturadegalicia.eu\/blog\/la-trufa\/#breadcrumb","itemListElement":[{"@type":"ListItem","position":1,"name":"Portada","item":"https:\/\/arquitecturadegalicia.eu\/blog\/"},{"@type":"ListItem","position":2,"name":"A Trufa"}]},{"@type":"WebSite","@id":"https:\/\/arquitecturadegalicia.eu\/blog\/#website","url":"https:\/\/arquitecturadegalicia.eu\/blog\/","name":"AG","description":"Arquitectura de Galicia","publisher":{"@id":"https:\/\/arquitecturadegalicia.eu\/blog\/#organization"},"potentialAction":[{"@type":"SearchAction","target":{"@type":"EntryPoint","urlTemplate":"https:\/\/arquitecturadegalicia.eu\/blog\/?s={search_term_string}"},"query-input":{"@type":"PropertyValueSpecification","valueRequired":true,"valueName":"search_term_string"}}],"inLanguage":"es"},{"@type":"Organization","@id":"https:\/\/arquitecturadegalicia.eu\/blog\/#organization","name":"Arquitectura de Galicia","url":"https:\/\/arquitecturadegalicia.eu\/blog\/","logo":{"@type":"ImageObject","inLanguage":"es","@id":"https:\/\/arquitecturadegalicia.eu\/blog\/#\/schema\/logo\/image\/","url":"https:\/\/arquitecturadegalicia.eu\/blog\/wp-content\/uploads\/2017\/01\/arquitecturacurrents2.png","contentUrl":"https:\/\/arquitecturadegalicia.eu\/blog\/wp-content\/uploads\/2017\/01\/arquitecturacurrents2.png","width":840,"height":640,"caption":"Arquitectura de Galicia"},"image":{"@id":"https:\/\/arquitecturadegalicia.eu\/blog\/#\/schema\/logo\/image\/"},"sameAs":["https:\/\/www.facebook.com\/ArquitecturadeGalicia\/","https:\/\/x.com\/arquigaliciaeu","https:\/\/www.instagram.com\/arquigaliciaeu\/"]},{"@type":"Person","@id":"https:\/\/arquitecturadegalicia.eu\/blog\/#\/schema\/person\/25cb39b0990eede8939e86ceff6a933b","name":"Rub\u00e9n Ulloa Montes","image":{"@type":"ImageObject","inLanguage":"es","@id":"https:\/\/arquitecturadegalicia.eu\/blog\/#\/schema\/person\/image\/","url":"https:\/\/secure.gravatar.com\/avatar\/ff68e679356737556f8604cded4a38fd?s=96&d=mm&r=g","contentUrl":"https:\/\/secure.gravatar.com\/avatar\/ff68e679356737556f8604cded4a38fd?s=96&d=mm&r=g","caption":"Rub\u00e9n Ulloa Montes"},"description":"A Coru\u00f1a | Fundador e coordinaci\u00f3n da p\u00e1xina web e redes sociais | Arquitecto e apasionado da tecnolox\u00eda, todo o que te\u00f1a que ver con isto se merece un post. Dime o que che gusta e che farei un blog. Fundador de ArquitecturadeGalicia e The Groyne, coordinador de\u00a0Andro4all e colaborador en Xombit do grupo Difoosion","sameAs":["https:\/\/x.com\/johncloro"],"url":"https:\/\/arquitecturadegalicia.eu\/blog\/author\/ruben\/"}]}},"jetpack_featured_media_url":"https:\/\/arquitecturadegalicia.eu\/blog\/wp-content\/uploads\/2011\/12\/AG_trufa_ensable_estudio_anton_garcia_abril_laxe_000.jpg","jetpack_shortlink":"https:\/\/wp.me\/p2NHs2-3Q","jetpack_sharing_enabled":true,"_links":{"self":[{"href":"https:\/\/arquitecturadegalicia.eu\/blog\/wp-json\/wp\/v2\/posts\/238","targetHints":{"allow":["GET"]}}],"collection":[{"href":"https:\/\/arquitecturadegalicia.eu\/blog\/wp-json\/wp\/v2\/posts"}],"about":[{"href":"https:\/\/arquitecturadegalicia.eu\/blog\/wp-json\/wp\/v2\/types\/post"}],"author":[{"embeddable":true,"href":"https:\/\/arquitecturadegalicia.eu\/blog\/wp-json\/wp\/v2\/users\/2"}],"replies":[{"embeddable":true,"href":"https:\/\/arquitecturadegalicia.eu\/blog\/wp-json\/wp\/v2\/comments?post=238"}],"version-history":[{"count":27,"href":"https:\/\/arquitecturadegalicia.eu\/blog\/wp-json\/wp\/v2\/posts\/238\/revisions"}],"predecessor-version":[{"id":1302,"href":"https:\/\/arquitecturadegalicia.eu\/blog\/wp-json\/wp\/v2\/posts\/238\/revisions\/1302"}],"wp:featuredmedia":[{"embeddable":true,"href":"https:\/\/arquitecturadegalicia.eu\/blog\/wp-json\/wp\/v2\/media\/11917"}],"wp:attachment":[{"href":"https:\/\/arquitecturadegalicia.eu\/blog\/wp-json\/wp\/v2\/media?parent=238"}],"wp:term":[{"taxonomy":"category","embeddable":true,"href":"https:\/\/arquitecturadegalicia.eu\/blog\/wp-json\/wp\/v2\/categories?post=238"},{"taxonomy":"post_tag","embeddable":true,"href":"https:\/\/arquitecturadegalicia.eu\/blog\/wp-json\/wp\/v2\/tags?post=238"},{"taxonomy":"ano","embeddable":true,"href":"https:\/\/arquitecturadegalicia.eu\/blog\/wp-json\/wp\/v2\/ano?post=238"},{"taxonomy":"arquitectos","embeddable":true,"href":"https:\/\/arquitecturadegalicia.eu\/blog\/wp-json\/wp\/v2\/arquitectos?post=238"},{"taxonomy":"tipoloxia","embeddable":true,"href":"https:\/\/arquitecturadegalicia.eu\/blog\/wp-json\/wp\/v2\/tipoloxia?post=238"}],"curies":[{"name":"wp","href":"https:\/\/api.w.org\/{rel}","templated":true}]}}