{"id":249,"date":"2011-12-06T20:00:23","date_gmt":"2011-12-06T19:00:23","guid":{"rendered":"http:\/\/arquiteturagaliza.nixiweb.com\/?p=249"},"modified":"2014-03-13T12:08:03","modified_gmt":"2014-03-13T11:08:03","slug":"vaqueria-da-ponte-sarela","status":"publish","type":"post","link":"https:\/\/arquitecturadegalicia.eu\/blog\/vaqueria-da-ponte-sarela\/","title":{"rendered":"Vivendas na vaqueria da Ponte Sarela"},"content":{"rendered":"<h6 style=\"text-align: right;\"><img fetchpriority=\"high\" decoding=\"async\" class=\"alignnone size-full wp-image-10660\" alt=\"AG_vivendas_vaqueria_ponte_sarela_victor_lopez_cotelo_00\" src=\"http:\/\/arquitecturadegalicia.eu\/blog\/wp-content\/uploads\/2011\/12\/AG_vivendas_vaqueria_ponte_sarela_victor_lopez_cotelo_00.jpg\" width=\"620\" height=\"413\" srcset=\"https:\/\/arquitecturadegalicia.eu\/blog\/wp-content\/uploads\/2011\/12\/AG_vivendas_vaqueria_ponte_sarela_victor_lopez_cotelo_00.jpg 620w, https:\/\/arquitecturadegalicia.eu\/blog\/wp-content\/uploads\/2011\/12\/AG_vivendas_vaqueria_ponte_sarela_victor_lopez_cotelo_00-300x199.jpg 300w\" sizes=\"(max-width: 620px) 100vw, 620px\" \/><br \/>\n<span style=\"color: #999999;\"><a href=\"http:\/\/www.oteropombo.com\/?sec=obras_terminadas\/pontesarela\/descripcion&amp;lang=es\" target=\"_blank\"><span style=\"color: #999999;\"><strong>oteropombo.com<\/strong><\/span><\/a><\/span><span style=\"color: #999999;\"><br \/>\n<\/span><\/h6>\n<table class=\"aligncenter\" width=\"620\" border=\"0\" cellspacing=\"0\" cellpadding=\"0\">\n<tbody>\n<tr>\n<td width=\"180\"><strong>Obra:<\/strong><\/td>\n<td>Vivendas na vaqueria da Ponte Sarela<\/td>\n<\/tr>\n<tr>\n<td><strong>Arquitecto:<\/strong><\/td>\n<td>Victor L\u00f3pez Cotelo e Juan Manuel Vargas Funes<\/td>\n<\/tr>\n<tr>\n<td><strong>Provincia:<\/strong><\/td>\n<td>A Coru\u00f1a<\/td>\n<\/tr>\n<tr>\n<td><strong>Localidade:<\/strong><\/td>\n<td>Ponte Sarela,\u00a0Santiago de Compostela<\/td>\n<\/tr>\n<tr>\n<td><strong>Ano:<\/strong><\/td>\n<td>2002 &#8211; 2007<\/td>\n<\/tr>\n<tr>\n<td><strong>Xeolocalizaci\u00f3n:<\/strong><\/td>\n<td><a href=\"https:\/\/maps.google.com\/maps\/ms?ie=UTF8&amp;t=h&amp;vpsrc=6&amp;hl=es&amp;oe=UTF8&amp;msa=0&amp;msid=205584753861089304839.0004b3590a9baff01c53d&amp;ll=42.879824,-8.560908&amp;spn=0.002555,0.004823&amp;z=18&amp;iwloc=0004b35fad50de7f010dc\" target=\"_blank\"><strong>42.879,-8.561<\/strong><\/a><\/td>\n<\/tr>\n<\/tbody>\n<\/table>\n<table class=\" aligncenter\" width=\"620\" border=\"0\" cellspacing=\"0\" cellpadding=\"0\">\n<tbody>\n<tr>\n<td colspan=\"3\"><strong>Outros Datos:<\/strong><\/td>\n<\/tr>\n<tr>\n<td width=\"20\"><\/td>\n<td colspan=\"2\"><strong>Premios:<\/strong><\/td>\n<\/tr>\n<tr>\n<td width=\"20\"><\/td>\n<td width=\"20\"><\/td>\n<td width=\"580\">Premio \u00a0| IV Premio ENOR | 2009<br \/>\nPremio | Premio Saloni | 2009<br \/>\nSeleccionada na VII Bienal de Arquitectura de Venecia | 2008<br \/>\nSeleccionada na VII Bienal Iberoamericana de Arquitectura en Medell\u00edn | 2010<\/td>\n<\/tr>\n<tr>\n<td width=\"20\"><\/td>\n<td colspan=\"2\"><strong>Publicaci\u00f3ns:<\/strong><\/td>\n<\/tr>\n<tr>\n<td width=\"20\"><\/td>\n<td width=\"20\"><\/td>\n<td><a href=\"http:\/\/www.tectonica.es\/arquitectura\/piedra\/tectonica_27.html\" target=\"_blank\"><strong>Tect\u00f3nica 27. Pedra<\/strong><\/a><\/td>\n<\/tr>\n<tr>\n<td width=\"20\"><\/td>\n<td colspan=\"2\"><strong>Informaci\u00f3n na rede:<\/strong><\/td>\n<\/tr>\n<tr>\n<td width=\"20\"><\/td>\n<td width=\"20\"><\/td>\n<td><strong><a href=\"http:\/\/www.oteropombo.com\/?sec=obras_terminadas\/pontesarela\/descripcion&amp;lang=es\" target=\"_blank\">oteropombo.com<br \/>\n<\/a><\/strong><em id=\"__mceDel\" style=\"line-height: 19px;\"><a href=\"http:\/\/www.arquitecturaymadera.es\" target=\"_blank\"><strong>arquitecturaymadera.es<\/strong><\/a><\/em><\/td>\n<\/tr>\n<tr>\n<td width=\"20\"><\/td>\n<td colspan=\"2\"><strong>Descripci\u00f3n do proxecto:<\/strong><\/td>\n<\/tr>\n<tr>\n<td width=\"20\"><\/td>\n<td width=\"20\"><\/td>\n<td>\n<p align=\"justify\">\u00abEl proyecto, contempla la rehabilitaci\u00f3n de la antigua f\u00e1brica de curtidos, para los usos socioculturales, hotelero, balneario urbano y de vivienda relacionada con la atenci\u00f3n de los restantes usos, con el fin de su mantenimiento y puesta en valor como punto culminante de la secuencia de implantaciones industriales que se sit\u00faan en el lecho del r\u00edo Sarela.<\/p>\n<p align=\"justify\">El an\u00e1lisis de parte de la f\u00e1brica que se encuentra junto al r\u00edo hace inevitable que las dependencias conserven sus caracter\u00edsticas espaciales y pongan en valor la esencia de su car\u00e1cter industrial, fundamentalmente las instalaciones de pilones en la planta baja y en el cuerpo que aloja la maquinaria del molino, por suyo interior discurre el agua del canal. Es por eso que esta parte debe recibir un uso de car\u00e1cter socio-cultural que requiera un bajo nivel de intervenci\u00f3n y equipamiento y no modifique su estructura.<\/p>\n<p align=\"justify\">Las ruinas del cuerpo de edificaci\u00f3n en el extremo de naciente, son una pieza arquitect\u00f3nica que, por su mayor altura, tiene gran importancia en el conjunto. Su recuperaci\u00f3n para un nuevo uso no supone la p\u00e9rdida de sus valores actuales en tanto que ruina, ya que su presencia y car\u00e1cter confiere al conjunto una sugestiva imagen de gran valor paisaj\u00edstico. Parte importante de este proyecto es la potenciaci\u00f3n del aterrazamiento existente de bancales y muros de contenci\u00f3n de piedra en la finca colindante por parte de naciente. Esta se produce prolongando dichas terrazas hacia el interior de la parcela, integr\u00e1ndose de esta manera en el entorno y reforzando sus estructuras principales.<\/p>\n<p align=\"justify\">La intervenci\u00f3n arquitect\u00f3nica supone un esfuerzo de integraci\u00f3n de lo nuevo en lo ya existente, manteniendo su car\u00e1cter de ruina, sin pretensiones mim\u00e9ticas o hist\u00f3ricas, sino intentando entender toda la inteligencia que all\u00ed se esconde para poder desarrollar las potencialidades que contiene y de las que el presente puede beneficiarse, proyect\u00e1ndolas cara al futuro uniendo su autenticidad a nuestro tiempo.<\/p>\n<p align=\"justify\">El lecho del r\u00edo Sarela, a su paso por la ciudad de Santiago de Compostela, fue en el transcurso de la historia un lugar id\u00f3neo para la implantaci\u00f3n de instalaciones industriales que configuran con el paso del tiempo un riqu\u00edsimo conjunto en el que se traban estructuras de tipo rural, urbano e industrial, apoyadas en una topograf\u00eda variada. Se da lugar as\u00ed, a la creaci\u00f3n\u00a0 de calzadas, caminos, puentes y sendas que acompa\u00f1an al lecho del r\u00edo y a sus canales, salvando desniveles y saltos topogr\u00e1ficos. Los variados elementos construidos con las peque\u00f1as huertas, plantaciones y arboledas se van enlazando en una variada secuencia, constituyendo un \u00e1mbito de alt\u00edsimo valor paisaj\u00edstico, ambiental, arquitect\u00f3nico, cultural e hist\u00f3rico\u00bb\u00a0Victor L\u00f3pez Cotelo<\/p>\n<\/td>\n<\/tr>\n<tr>\n<td width=\"20\"><\/td>\n<td colspan=\"2\"><b>Reportaxe fotogr\u00e1fica: <\/b><\/td>\n<\/tr>\n<tr>\n<td width=\"20\"><\/td>\n<td colspan=\"2\"><\/td>\n<\/tr>\n<tr>\n<td width=\"20\"><\/td>\n<td colspan=\"2\"><strong>Planos:<\/strong><\/td>\n<\/tr>\n<tr>\n<td width=\"20\"><\/td>\n<td colspan=\"2\">[nggallery id=416]<\/td>\n<\/tr>\n<\/tbody>\n<\/table>\n<p>&nbsp;<\/p>\n","protected":false},"excerpt":{"rendered":"<p>\u00abLa intervenci\u00f3n arquitect\u00f3nica supone un esfuerzo de integraci\u00f3n de lo nuevo en lo ya existente, manteniendo su car\u00e1cter de ruina, sin pretensiones mim\u00e9ticas o hist\u00f3ricas, sino intentando entender toda la inteligencia que all\u00ed se esconde para poder desarrollar las potencialidades que contiene y de las que el presente puede beneficiarse, proyect\u00e1ndolas cara al futuro uniendo su autenticidad a nuestro tiempo\u00bb Victor L\u00f3pez Cotelo<\/p>\n","protected":false},"author":2,"featured_media":4748,"comment_status":"open","ping_status":"open","sticky":false,"template":"","format":"standard","meta":{"jetpack_post_was_ever_published":false,"_jetpack_newsletter_access":"","_jetpack_dont_email_post_to_subs":false,"_jetpack_newsletter_tier_id":0,"_jetpack_memberships_contains_paywalled_content":false,"_jetpack_memberships_contains_paid_content":false,"footnotes":"","jetpack_publicize_message":"","jetpack_publicize_feature_enabled":true,"jetpack_social_post_already_shared":false,"jetpack_social_options":{"image_generator_settings":{"template":"highway","enabled":false},"version":2}},"categories":[22],"tags":[52,77,438,105,106,108],"ano":[],"arquitectos":[],"tipoloxia":[],"class_list":["post-249","post","type-post","status-publish","format-standard","has-post-thumbnail","hentry","category-santiago-de-compostela","tag-52","tag-colectiva","tag-juan-manuel-vargas-funes","tag-unifamiliar","tag-victorlopezcotelo","tag-vivenda","content-print"],"jetpack_publicize_connections":[],"yoast_head":"<!-- This site is optimized with the Yoast SEO plugin v24.1 - https:\/\/yoast.com\/wordpress\/plugins\/seo\/ -->\n<title>Vivendas na vaqueria da Ponte Sarela  | AG<\/title>\n<meta name=\"robots\" content=\"index, follow, max-snippet:-1, max-image-preview:large, max-video-preview:-1\" \/>\n<link rel=\"canonical\" href=\"https:\/\/arquitecturadegalicia.eu\/blog\/vaqueria-da-ponte-sarela\/\" \/>\n<meta property=\"og:locale\" content=\"es_ES\" \/>\n<meta property=\"og:type\" content=\"article\" \/>\n<meta property=\"og:title\" content=\"Vivendas na vaqueria da Ponte Sarela  | AG\" \/>\n<meta property=\"og:description\" content=\"&quot;La intervenci\u00f3n arquitect\u00f3nica supone un esfuerzo de integraci\u00f3n de lo nuevo en lo ya existente, manteniendo su car\u00e1cter de ruina, sin pretensiones mim\u00e9ticas o hist\u00f3ricas, sino intentando entender toda la inteligencia que all\u00ed se esconde para poder desarrollar las potencialidades que contiene y de las que el presente puede beneficiarse, proyect\u00e1ndolas cara al futuro uniendo su autenticidad a nuestro tiempo&quot; Victor L\u00f3pez Cotelo\" \/>\n<meta property=\"og:url\" content=\"https:\/\/arquitecturadegalicia.eu\/blog\/vaqueria-da-ponte-sarela\/\" \/>\n<meta property=\"og:site_name\" content=\"AG\" \/>\n<meta property=\"article:publisher\" content=\"https:\/\/www.facebook.com\/ArquitecturadeGalicia\/\" \/>\n<meta property=\"article:published_time\" content=\"2011-12-06T19:00:23+00:00\" \/>\n<meta property=\"article:modified_time\" content=\"2014-03-13T11:08:03+00:00\" \/>\n<meta property=\"og:image\" content=\"https:\/\/arquitecturadegalicia.eu\/blog\/wp-content\/uploads\/2011\/12\/Vaquerias-Victor-Lopez-Cotela-Premios-Enor.jpg\" \/>\n\t<meta property=\"og:image:width\" content=\"620\" \/>\n\t<meta property=\"og:image:height\" content=\"413\" \/>\n\t<meta property=\"og:image:type\" content=\"image\/jpeg\" \/>\n<meta name=\"author\" content=\"Rub\u00e9n Ulloa Montes\" \/>\n<meta name=\"twitter:card\" content=\"summary_large_image\" \/>\n<meta name=\"twitter:creator\" content=\"@johncloro\" \/>\n<meta name=\"twitter:site\" content=\"@arquigaliciaeu\" \/>\n<meta name=\"twitter:label1\" content=\"Escrito por\" \/>\n\t<meta name=\"twitter:data1\" content=\"Rub\u00e9n Ulloa Montes\" \/>\n\t<meta name=\"twitter:label2\" content=\"Tiempo de lectura\" \/>\n\t<meta name=\"twitter:data2\" content=\"3 minutos\" \/>\n<script type=\"application\/ld+json\" class=\"yoast-schema-graph\">{\"@context\":\"https:\/\/schema.org\",\"@graph\":[{\"@type\":\"Article\",\"@id\":\"https:\/\/arquitecturadegalicia.eu\/blog\/vaqueria-da-ponte-sarela\/#article\",\"isPartOf\":{\"@id\":\"https:\/\/arquitecturadegalicia.eu\/blog\/vaqueria-da-ponte-sarela\/\"},\"author\":{\"name\":\"Rub\u00e9n Ulloa Montes\",\"@id\":\"https:\/\/arquitecturadegalicia.eu\/blog\/#\/schema\/person\/25cb39b0990eede8939e86ceff6a933b\"},\"headline\":\"Vivendas na vaqueria da Ponte Sarela\",\"datePublished\":\"2011-12-06T19:00:23+00:00\",\"dateModified\":\"2014-03-13T11:08:03+00:00\",\"mainEntityOfPage\":{\"@id\":\"https:\/\/arquitecturadegalicia.eu\/blog\/vaqueria-da-ponte-sarela\/\"},\"wordCount\":568,\"commentCount\":1,\"publisher\":{\"@id\":\"https:\/\/arquitecturadegalicia.eu\/blog\/#organization\"},\"image\":{\"@id\":\"https:\/\/arquitecturadegalicia.eu\/blog\/vaqueria-da-ponte-sarela\/#primaryimage\"},\"thumbnailUrl\":\"https:\/\/arquitecturadegalicia.eu\/blog\/wp-content\/uploads\/2011\/12\/Vaquerias-Victor-Lopez-Cotela-Premios-Enor.jpg\",\"keywords\":[\"2007\",\"colectiva\",\"Juan Manuel Vargas Funes\",\"unifamiliar\",\"V\u00edctor L\u00f3pez Cotelo\",\"Vivenda\"],\"articleSection\":[\"Santiago de Compostela\"],\"inLanguage\":\"es\",\"potentialAction\":[{\"@type\":\"CommentAction\",\"name\":\"Comment\",\"target\":[\"https:\/\/arquitecturadegalicia.eu\/blog\/vaqueria-da-ponte-sarela\/#respond\"]}]},{\"@type\":\"WebPage\",\"@id\":\"https:\/\/arquitecturadegalicia.eu\/blog\/vaqueria-da-ponte-sarela\/\",\"url\":\"https:\/\/arquitecturadegalicia.eu\/blog\/vaqueria-da-ponte-sarela\/\",\"name\":\"Vivendas na vaqueria da Ponte Sarela | AG\",\"isPartOf\":{\"@id\":\"https:\/\/arquitecturadegalicia.eu\/blog\/#website\"},\"primaryImageOfPage\":{\"@id\":\"https:\/\/arquitecturadegalicia.eu\/blog\/vaqueria-da-ponte-sarela\/#primaryimage\"},\"image\":{\"@id\":\"https:\/\/arquitecturadegalicia.eu\/blog\/vaqueria-da-ponte-sarela\/#primaryimage\"},\"thumbnailUrl\":\"https:\/\/arquitecturadegalicia.eu\/blog\/wp-content\/uploads\/2011\/12\/Vaquerias-Victor-Lopez-Cotela-Premios-Enor.jpg\",\"datePublished\":\"2011-12-06T19:00:23+00:00\",\"dateModified\":\"2014-03-13T11:08:03+00:00\",\"breadcrumb\":{\"@id\":\"https:\/\/arquitecturadegalicia.eu\/blog\/vaqueria-da-ponte-sarela\/#breadcrumb\"},\"inLanguage\":\"es\",\"potentialAction\":[{\"@type\":\"ReadAction\",\"target\":[\"https:\/\/arquitecturadegalicia.eu\/blog\/vaqueria-da-ponte-sarela\/\"]}]},{\"@type\":\"ImageObject\",\"inLanguage\":\"es\",\"@id\":\"https:\/\/arquitecturadegalicia.eu\/blog\/vaqueria-da-ponte-sarela\/#primaryimage\",\"url\":\"https:\/\/arquitecturadegalicia.eu\/blog\/wp-content\/uploads\/2011\/12\/Vaquerias-Victor-Lopez-Cotela-Premios-Enor.jpg\",\"contentUrl\":\"https:\/\/arquitecturadegalicia.eu\/blog\/wp-content\/uploads\/2011\/12\/Vaquerias-Victor-Lopez-Cotela-Premios-Enor.jpg\",\"width\":620,\"height\":413},{\"@type\":\"BreadcrumbList\",\"@id\":\"https:\/\/arquitecturadegalicia.eu\/blog\/vaqueria-da-ponte-sarela\/#breadcrumb\",\"itemListElement\":[{\"@type\":\"ListItem\",\"position\":1,\"name\":\"Portada\",\"item\":\"https:\/\/arquitecturadegalicia.eu\/blog\/\"},{\"@type\":\"ListItem\",\"position\":2,\"name\":\"Vivendas na vaqueria da Ponte Sarela\"}]},{\"@type\":\"WebSite\",\"@id\":\"https:\/\/arquitecturadegalicia.eu\/blog\/#website\",\"url\":\"https:\/\/arquitecturadegalicia.eu\/blog\/\",\"name\":\"AG\",\"description\":\"Arquitectura de Galicia\",\"publisher\":{\"@id\":\"https:\/\/arquitecturadegalicia.eu\/blog\/#organization\"},\"potentialAction\":[{\"@type\":\"SearchAction\",\"target\":{\"@type\":\"EntryPoint\",\"urlTemplate\":\"https:\/\/arquitecturadegalicia.eu\/blog\/?s={search_term_string}\"},\"query-input\":{\"@type\":\"PropertyValueSpecification\",\"valueRequired\":true,\"valueName\":\"search_term_string\"}}],\"inLanguage\":\"es\"},{\"@type\":\"Organization\",\"@id\":\"https:\/\/arquitecturadegalicia.eu\/blog\/#organization\",\"name\":\"Arquitectura de Galicia\",\"url\":\"https:\/\/arquitecturadegalicia.eu\/blog\/\",\"logo\":{\"@type\":\"ImageObject\",\"inLanguage\":\"es\",\"@id\":\"https:\/\/arquitecturadegalicia.eu\/blog\/#\/schema\/logo\/image\/\",\"url\":\"https:\/\/arquitecturadegalicia.eu\/blog\/wp-content\/uploads\/2017\/01\/arquitecturacurrents2.png\",\"contentUrl\":\"https:\/\/arquitecturadegalicia.eu\/blog\/wp-content\/uploads\/2017\/01\/arquitecturacurrents2.png\",\"width\":840,\"height\":640,\"caption\":\"Arquitectura de Galicia\"},\"image\":{\"@id\":\"https:\/\/arquitecturadegalicia.eu\/blog\/#\/schema\/logo\/image\/\"},\"sameAs\":[\"https:\/\/www.facebook.com\/ArquitecturadeGalicia\/\",\"https:\/\/x.com\/arquigaliciaeu\",\"https:\/\/www.instagram.com\/arquigaliciaeu\/\"]},{\"@type\":\"Person\",\"@id\":\"https:\/\/arquitecturadegalicia.eu\/blog\/#\/schema\/person\/25cb39b0990eede8939e86ceff6a933b\",\"name\":\"Rub\u00e9n Ulloa Montes\",\"image\":{\"@type\":\"ImageObject\",\"inLanguage\":\"es\",\"@id\":\"https:\/\/arquitecturadegalicia.eu\/blog\/#\/schema\/person\/image\/\",\"url\":\"https:\/\/secure.gravatar.com\/avatar\/ff68e679356737556f8604cded4a38fd?s=96&d=mm&r=g\",\"contentUrl\":\"https:\/\/secure.gravatar.com\/avatar\/ff68e679356737556f8604cded4a38fd?s=96&d=mm&r=g\",\"caption\":\"Rub\u00e9n Ulloa Montes\"},\"description\":\"A Coru\u00f1a | Fundador e coordinaci\u00f3n da p\u00e1xina web e redes sociais | Arquitecto e apasionado da tecnolox\u00eda, todo o que te\u00f1a que ver con isto se merece un post. Dime o que che gusta e che farei un blog. Fundador de ArquitecturadeGalicia e The Groyne, coordinador de\u00a0Andro4all e colaborador en Xombit do grupo Difoosion\",\"sameAs\":[\"https:\/\/x.com\/johncloro\"],\"url\":\"https:\/\/arquitecturadegalicia.eu\/blog\/author\/ruben\/\"}]}<\/script>\n<!-- \/ Yoast SEO plugin. -->","yoast_head_json":{"title":"Vivendas na vaqueria da Ponte Sarela  | AG","robots":{"index":"index","follow":"follow","max-snippet":"max-snippet:-1","max-image-preview":"max-image-preview:large","max-video-preview":"max-video-preview:-1"},"canonical":"https:\/\/arquitecturadegalicia.eu\/blog\/vaqueria-da-ponte-sarela\/","og_locale":"es_ES","og_type":"article","og_title":"Vivendas na vaqueria da Ponte Sarela  | AG","og_description":"\"La intervenci\u00f3n arquitect\u00f3nica supone un esfuerzo de integraci\u00f3n de lo nuevo en lo ya existente, manteniendo su car\u00e1cter de ruina, sin pretensiones mim\u00e9ticas o hist\u00f3ricas, sino intentando entender toda la inteligencia que all\u00ed se esconde para poder desarrollar las potencialidades que contiene y de las que el presente puede beneficiarse, proyect\u00e1ndolas cara al futuro uniendo su autenticidad a nuestro tiempo\" Victor L\u00f3pez Cotelo","og_url":"https:\/\/arquitecturadegalicia.eu\/blog\/vaqueria-da-ponte-sarela\/","og_site_name":"AG","article_publisher":"https:\/\/www.facebook.com\/ArquitecturadeGalicia\/","article_published_time":"2011-12-06T19:00:23+00:00","article_modified_time":"2014-03-13T11:08:03+00:00","og_image":[{"width":620,"height":413,"url":"https:\/\/arquitecturadegalicia.eu\/blog\/wp-content\/uploads\/2011\/12\/Vaquerias-Victor-Lopez-Cotela-Premios-Enor.jpg","type":"image\/jpeg"}],"author":"Rub\u00e9n Ulloa Montes","twitter_card":"summary_large_image","twitter_creator":"@johncloro","twitter_site":"@arquigaliciaeu","twitter_misc":{"Escrito por":"Rub\u00e9n Ulloa Montes","Tiempo de lectura":"3 minutos"},"schema":{"@context":"https:\/\/schema.org","@graph":[{"@type":"Article","@id":"https:\/\/arquitecturadegalicia.eu\/blog\/vaqueria-da-ponte-sarela\/#article","isPartOf":{"@id":"https:\/\/arquitecturadegalicia.eu\/blog\/vaqueria-da-ponte-sarela\/"},"author":{"name":"Rub\u00e9n Ulloa Montes","@id":"https:\/\/arquitecturadegalicia.eu\/blog\/#\/schema\/person\/25cb39b0990eede8939e86ceff6a933b"},"headline":"Vivendas na vaqueria da Ponte Sarela","datePublished":"2011-12-06T19:00:23+00:00","dateModified":"2014-03-13T11:08:03+00:00","mainEntityOfPage":{"@id":"https:\/\/arquitecturadegalicia.eu\/blog\/vaqueria-da-ponte-sarela\/"},"wordCount":568,"commentCount":1,"publisher":{"@id":"https:\/\/arquitecturadegalicia.eu\/blog\/#organization"},"image":{"@id":"https:\/\/arquitecturadegalicia.eu\/blog\/vaqueria-da-ponte-sarela\/#primaryimage"},"thumbnailUrl":"https:\/\/arquitecturadegalicia.eu\/blog\/wp-content\/uploads\/2011\/12\/Vaquerias-Victor-Lopez-Cotela-Premios-Enor.jpg","keywords":["2007","colectiva","Juan Manuel Vargas Funes","unifamiliar","V\u00edctor L\u00f3pez Cotelo","Vivenda"],"articleSection":["Santiago de Compostela"],"inLanguage":"es","potentialAction":[{"@type":"CommentAction","name":"Comment","target":["https:\/\/arquitecturadegalicia.eu\/blog\/vaqueria-da-ponte-sarela\/#respond"]}]},{"@type":"WebPage","@id":"https:\/\/arquitecturadegalicia.eu\/blog\/vaqueria-da-ponte-sarela\/","url":"https:\/\/arquitecturadegalicia.eu\/blog\/vaqueria-da-ponte-sarela\/","name":"Vivendas na vaqueria da Ponte Sarela | AG","isPartOf":{"@id":"https:\/\/arquitecturadegalicia.eu\/blog\/#website"},"primaryImageOfPage":{"@id":"https:\/\/arquitecturadegalicia.eu\/blog\/vaqueria-da-ponte-sarela\/#primaryimage"},"image":{"@id":"https:\/\/arquitecturadegalicia.eu\/blog\/vaqueria-da-ponte-sarela\/#primaryimage"},"thumbnailUrl":"https:\/\/arquitecturadegalicia.eu\/blog\/wp-content\/uploads\/2011\/12\/Vaquerias-Victor-Lopez-Cotela-Premios-Enor.jpg","datePublished":"2011-12-06T19:00:23+00:00","dateModified":"2014-03-13T11:08:03+00:00","breadcrumb":{"@id":"https:\/\/arquitecturadegalicia.eu\/blog\/vaqueria-da-ponte-sarela\/#breadcrumb"},"inLanguage":"es","potentialAction":[{"@type":"ReadAction","target":["https:\/\/arquitecturadegalicia.eu\/blog\/vaqueria-da-ponte-sarela\/"]}]},{"@type":"ImageObject","inLanguage":"es","@id":"https:\/\/arquitecturadegalicia.eu\/blog\/vaqueria-da-ponte-sarela\/#primaryimage","url":"https:\/\/arquitecturadegalicia.eu\/blog\/wp-content\/uploads\/2011\/12\/Vaquerias-Victor-Lopez-Cotela-Premios-Enor.jpg","contentUrl":"https:\/\/arquitecturadegalicia.eu\/blog\/wp-content\/uploads\/2011\/12\/Vaquerias-Victor-Lopez-Cotela-Premios-Enor.jpg","width":620,"height":413},{"@type":"BreadcrumbList","@id":"https:\/\/arquitecturadegalicia.eu\/blog\/vaqueria-da-ponte-sarela\/#breadcrumb","itemListElement":[{"@type":"ListItem","position":1,"name":"Portada","item":"https:\/\/arquitecturadegalicia.eu\/blog\/"},{"@type":"ListItem","position":2,"name":"Vivendas na vaqueria da Ponte Sarela"}]},{"@type":"WebSite","@id":"https:\/\/arquitecturadegalicia.eu\/blog\/#website","url":"https:\/\/arquitecturadegalicia.eu\/blog\/","name":"AG","description":"Arquitectura de Galicia","publisher":{"@id":"https:\/\/arquitecturadegalicia.eu\/blog\/#organization"},"potentialAction":[{"@type":"SearchAction","target":{"@type":"EntryPoint","urlTemplate":"https:\/\/arquitecturadegalicia.eu\/blog\/?s={search_term_string}"},"query-input":{"@type":"PropertyValueSpecification","valueRequired":true,"valueName":"search_term_string"}}],"inLanguage":"es"},{"@type":"Organization","@id":"https:\/\/arquitecturadegalicia.eu\/blog\/#organization","name":"Arquitectura de Galicia","url":"https:\/\/arquitecturadegalicia.eu\/blog\/","logo":{"@type":"ImageObject","inLanguage":"es","@id":"https:\/\/arquitecturadegalicia.eu\/blog\/#\/schema\/logo\/image\/","url":"https:\/\/arquitecturadegalicia.eu\/blog\/wp-content\/uploads\/2017\/01\/arquitecturacurrents2.png","contentUrl":"https:\/\/arquitecturadegalicia.eu\/blog\/wp-content\/uploads\/2017\/01\/arquitecturacurrents2.png","width":840,"height":640,"caption":"Arquitectura de Galicia"},"image":{"@id":"https:\/\/arquitecturadegalicia.eu\/blog\/#\/schema\/logo\/image\/"},"sameAs":["https:\/\/www.facebook.com\/ArquitecturadeGalicia\/","https:\/\/x.com\/arquigaliciaeu","https:\/\/www.instagram.com\/arquigaliciaeu\/"]},{"@type":"Person","@id":"https:\/\/arquitecturadegalicia.eu\/blog\/#\/schema\/person\/25cb39b0990eede8939e86ceff6a933b","name":"Rub\u00e9n Ulloa Montes","image":{"@type":"ImageObject","inLanguage":"es","@id":"https:\/\/arquitecturadegalicia.eu\/blog\/#\/schema\/person\/image\/","url":"https:\/\/secure.gravatar.com\/avatar\/ff68e679356737556f8604cded4a38fd?s=96&d=mm&r=g","contentUrl":"https:\/\/secure.gravatar.com\/avatar\/ff68e679356737556f8604cded4a38fd?s=96&d=mm&r=g","caption":"Rub\u00e9n Ulloa Montes"},"description":"A Coru\u00f1a | Fundador e coordinaci\u00f3n da p\u00e1xina web e redes sociais | Arquitecto e apasionado da tecnolox\u00eda, todo o que te\u00f1a que ver con isto se merece un post. Dime o que che gusta e che farei un blog. Fundador de ArquitecturadeGalicia e The Groyne, coordinador de\u00a0Andro4all e colaborador en Xombit do grupo Difoosion","sameAs":["https:\/\/x.com\/johncloro"],"url":"https:\/\/arquitecturadegalicia.eu\/blog\/author\/ruben\/"}]}},"jetpack_featured_media_url":"https:\/\/arquitecturadegalicia.eu\/blog\/wp-content\/uploads\/2011\/12\/Vaquerias-Victor-Lopez-Cotela-Premios-Enor.jpg","jetpack_shortlink":"https:\/\/wp.me\/p2NHs2-41","jetpack_sharing_enabled":true,"_links":{"self":[{"href":"https:\/\/arquitecturadegalicia.eu\/blog\/wp-json\/wp\/v2\/posts\/249","targetHints":{"allow":["GET"]}}],"collection":[{"href":"https:\/\/arquitecturadegalicia.eu\/blog\/wp-json\/wp\/v2\/posts"}],"about":[{"href":"https:\/\/arquitecturadegalicia.eu\/blog\/wp-json\/wp\/v2\/types\/post"}],"author":[{"embeddable":true,"href":"https:\/\/arquitecturadegalicia.eu\/blog\/wp-json\/wp\/v2\/users\/2"}],"replies":[{"embeddable":true,"href":"https:\/\/arquitecturadegalicia.eu\/blog\/wp-json\/wp\/v2\/comments?post=249"}],"version-history":[{"count":12,"href":"https:\/\/arquitecturadegalicia.eu\/blog\/wp-json\/wp\/v2\/posts\/249\/revisions"}],"predecessor-version":[{"id":2961,"href":"https:\/\/arquitecturadegalicia.eu\/blog\/wp-json\/wp\/v2\/posts\/249\/revisions\/2961"}],"wp:featuredmedia":[{"embeddable":true,"href":"https:\/\/arquitecturadegalicia.eu\/blog\/wp-json\/wp\/v2\/media\/4748"}],"wp:attachment":[{"href":"https:\/\/arquitecturadegalicia.eu\/blog\/wp-json\/wp\/v2\/media?parent=249"}],"wp:term":[{"taxonomy":"category","embeddable":true,"href":"https:\/\/arquitecturadegalicia.eu\/blog\/wp-json\/wp\/v2\/categories?post=249"},{"taxonomy":"post_tag","embeddable":true,"href":"https:\/\/arquitecturadegalicia.eu\/blog\/wp-json\/wp\/v2\/tags?post=249"},{"taxonomy":"ano","embeddable":true,"href":"https:\/\/arquitecturadegalicia.eu\/blog\/wp-json\/wp\/v2\/ano?post=249"},{"taxonomy":"arquitectos","embeddable":true,"href":"https:\/\/arquitecturadegalicia.eu\/blog\/wp-json\/wp\/v2\/arquitectos?post=249"},{"taxonomy":"tipoloxia","embeddable":true,"href":"https:\/\/arquitecturadegalicia.eu\/blog\/wp-json\/wp\/v2\/tipoloxia?post=249"}],"curies":[{"name":"wp","href":"https:\/\/api.w.org\/{rel}","templated":true}]}}