{"id":3181,"date":"2013-02-14T22:51:01","date_gmt":"2013-02-14T21:51:01","guid":{"rendered":"http:\/\/arquitecturadegalicia.eu\/blog\/?p=3181"},"modified":"2013-02-15T13:33:34","modified_gmt":"2013-02-15T12:33:34","slug":"reforma-e-ampliacion-de-vivenda-en-mondariz-balneario","status":"publish","type":"post","link":"https:\/\/arquitecturadegalicia.eu\/blog\/reforma-e-ampliacion-de-vivenda-en-mondariz-balneario\/","title":{"rendered":"Reforma e ampliaci\u00f3n de vivenda en Mondariz Balneario"},"content":{"rendered":"<p><img fetchpriority=\"high\" decoding=\"async\" class=\"alignnone size-full wp-image-3184\" alt=\"bunker reduc\" src=\"http:\/\/arquitecturadegalicia.eu\/blog\/wp-content\/uploads\/2013\/02\/bunker-reduc.jpg\" width=\"600\" height=\"294\" srcset=\"https:\/\/arquitecturadegalicia.eu\/blog\/wp-content\/uploads\/2013\/02\/bunker-reduc.jpg 600w, https:\/\/arquitecturadegalicia.eu\/blog\/wp-content\/uploads\/2013\/02\/bunker-reduc-300x147.jpg 300w\" sizes=\"(max-width: 600px) 100vw, 600px\" \/><\/p>\n<table class=\"aligncenter\" width=\"620\" border=\"0\" cellspacing=\"0\" cellpadding=\"0\">\n<tbody>\n<tr>\n<td width=\"180\"><strong>Obra:<\/strong><\/td>\n<td>Reforma e ampliaci\u00f3n de vivenda en Mondariz Balneario<\/td>\n<\/tr>\n<tr>\n<td><strong>Arquitecto:<\/strong><\/td>\n<td>LIQE arquitectura<\/td>\n<\/tr>\n<tr>\n<td><strong>Provincia:<\/strong><\/td>\n<td>Pontevedra<\/td>\n<\/tr>\n<tr>\n<td><strong>Localidade:<\/strong><\/td>\n<td>Mondariz Balneario<\/td>\n<\/tr>\n<tr>\n<td><strong>Ano:<\/strong><\/td>\n<td>2011<\/td>\n<\/tr>\n<tr>\n<td><strong>Xeolocalizaci\u00f3n:<\/strong><\/td>\n<td><strong><a href=\"https:\/\/maps.google.es\/maps?hl=es&amp;ll=42.227282%2C-8.470075&amp;spn=0.001758%2C0.004128&amp;sll=42.227266%2C-8.470601&amp;sspn=0.001758%2C0.004128&amp;t=k&amp;z=19\" target=\"_blank\">42.227266%2C-8.470601<\/a><\/strong><\/td>\n<\/tr>\n<\/tbody>\n<\/table>\n<table class=\" aligncenter\" width=\"620\" border=\"0\" cellspacing=\"0\" cellpadding=\"0\">\n<tbody>\n<tr>\n<td colspan=\"3\"><strong>Outros Datos:<\/strong><\/td>\n<\/tr>\n<tr>\n<td width=\"20\"><\/td>\n<td colspan=\"2\"><strong>Premios:<\/strong><\/td>\n<\/tr>\n<tr>\n<td width=\"20\"><\/td>\n<td width=\"20\"><\/td>\n<td width=\"580\"><\/td>\n<\/tr>\n<tr>\n<td width=\"20\"><\/td>\n<td colspan=\"2\"><strong>Publicaci\u00f3ns:<\/strong><\/td>\n<\/tr>\n<tr>\n<td width=\"20\"><\/td>\n<td width=\"20\"><\/td>\n<td>\u00a0<strong><a href=\"http:\/\/www.farodevigo.es\/vida-y-estilo\/decoracion\/2012\/08\/18\/equilibrio-natural\/675213.html\" target=\"_blank\">el Faro de Vigo<\/a><\/strong><\/td>\n<\/tr>\n<tr>\n<td width=\"20\"><\/td>\n<td colspan=\"2\"><strong>Informaci\u00f3n na rede:<\/strong><\/td>\n<\/tr>\n<tr>\n<td width=\"20\"><\/td>\n<td width=\"20\"><\/td>\n<td><strong><a href=\"http:\/\/www.liqe.es\/gl\/Curuxeira-Mondariz-Balneario\/6\" target=\"_blank\">http:\/\/www.liqe.es<\/a><br \/>\n<\/strong><\/td>\n<\/tr>\n<tr>\n<td width=\"20\"><\/td>\n<td colspan=\"2\"><strong>Planos<\/strong><\/td>\n<\/tr>\n<tr>\n<td width=\"20\"><\/td>\n<td width=\"20\"><\/td>\n<td><\/td>\n<\/tr>\n<tr>\n<td width=\"20\"><\/td>\n<td colspan=\"2\"><b>Reportaxe fotogr\u00e1fica<\/b><a href=\"http:\/\/www.liqe.es\/gl\/Curuxeira-Mondariz-Balneario\/6\"><strong>LIQE arquitectura<\/strong><\/a><\/td>\n<\/tr>\n<tr>\n<td width=\"20\"><\/td>\n<td colspan=\"2\"><\/td>\n<\/tr>\n<tr>\n<td width=\"20\"><\/td>\n<td colspan=\"2\"><strong>Descripci\u00f3n do Proxecto<\/strong><\/td>\n<\/tr>\n<tr>\n<td width=\"20\"><\/td>\n<td colspan=\"2\">\u00a0Unha vivenda compacta e encerrada en si mesma.\u00a0Unha parcela en socalcos, apegada ao r\u00edo, na que se a casa ocupou o lugar m\u00e1is elevado, e m\u00e1is soleado.\u00a0Unha escavaci\u00f3n parcial, coa casa asentada na rocha, a diversos niveis.Ante a petici\u00f3n de mellorar as condici\u00f3ns habitables e espaciais da vivenda, de superficie reducida, el\u00edxese ocupar parte do xard\u00edn superior da parcela, o m\u00e1is habitable e vinculado \u00e1 vivenda, cunha peza que delimite un espazo de vida que xa exist\u00eda.Unha ampliaci\u00f3n que se vincula puntualmente e cun lixeiro xesto \u00e1 edificaci\u00f3n existente, buscando o seu lugar preciso mediante unha disposici\u00f3n quebrada. Unha envolvente protectora que se fai permeable selectivamente, permitindo \u00e1 vez habitar o xard\u00edn e protexerse da proximidade da r\u00faa.A nova peza desap\u00e9gase da edificaci\u00f3n principal xerando un pequeno patio &#8211; solaina que fai de transici\u00f3n entre o exterior e a vivenda, incidindo na diferenza entre espazos de d\u00eda e espazos de noite a trav\u00e9s da propia apertura destes \u00faltimos \u00e1 finca.<br \/>\nNa parte posterior, e xogando coa zona de acceso oposta, aparece outra terraza exterior, que busca o r\u00edo voando sobre a rocha que configuraba o socalco principal, e na que a varanda desaparece convertida en cables de aceiro.<br \/>\nA madeira de pi\u00f1eiro roxo envolve, coma un lique, toda a vivenda, unificando o existente co ampliado: ascende dende o garaxe recubrindo a pedra, as escaleiras e o balc\u00f3n. Est\u00e9ndese sobre o xard\u00edn, coloniz\u00e1ndoo. Ascende polas paredes do corpo ampliado, convert\u00e9ndose en contras que salientan a ocupaci\u00f3n estival da casa. Cobre o acceso, adentrando ao usuario no interior. E salpica finalmente todas as fiestras da vivenda existente, renov\u00e1ndoa e unificando a proposta.<br \/>\nComo premisa fundamental na reforma interior: o m\u00e1ximo aproveitamento do existente, todo aquel elemento v\u00e1lido para a s\u00faa funci\u00f3n, cons\u00e9rvase. A escala da vivenda existente non discorda co entorno, polo que non se considerou preciso modificar o seu contorno exterior, que se respecta incluso mantendo a cuberta orixinal, que se conservaba en bo estado.Os cuartos conservan a s\u00faa disposici\u00f3n salvo modificaci\u00f3ns puntuais, aport\u00e1ndolles espazo de almacenaxe nas propias divisi\u00f3ns. Unha lixeira modificaci\u00f3n no distribuidor e no acceso ao mesmo, permite axustar a s\u00faa dimensi\u00f3n, mellorar a comunicaci\u00f3n e independizar a \u00e1rea privada da vivenda.<br \/>\nIgual que ocorre no exterior, sobre os espazos brancos do interior est\u00e9ndese a cor e a textura da madeira, neste caso de casti\u00f1eira aceitada; nacendo do distribuidor, onde \u00e9 a protagonista, recubrindo as paredes de forma fixa e m\u00f3bil ou desapeg\u00e1ndose delas xerando mobiliario.A coci\u00f1a, que conserva o seu emprazamento, mant\u00e9n a s\u00faa vocaci\u00f3n de espazo fundamental e centro de vida da vivenda: era o punto de acceso ao xard\u00edn, lugar de paso obrigado e na pr\u00e1ctica o vest\u00edbulo da vivenda; agora \u00e9 o lugar de comunicaci\u00f3n principal, que se pechar\u00e1 unicamente nos momentos precisos.Sali\u00e9ntase o contraste imposto pola limitada normativa de materiais do Concello de Mondariz Balneario: fachadas exclusivamente de pedra (salvo as existentes, que se poden conservar), carpinter\u00edas de madeira ou cores branca ou verde, e cuberta de tella.Empr\u00e9ganse grandes contras de madeira que, abertas, se converten en fachada de madeira. M\u00e1rcase con radicalidade a carpinter\u00eda branca, xogando co volume orixinal e aproveitando o seu contraste coa madeira; en especial nas fiestras orixinais, nas que se emprega un recercado mixto de madeira e aluminio.Apl\u00edcase granito gris Mondariz en aplacado vertical, xogando coas t\u00e1boas de madeira, nunha gran rocha tallada, que contrasta nas quebras da s\u00faa xeometr\u00eda coa convencionalidade da vivenda existente.<\/p>\n<p>A cuberta t\u00e1llase igualmente, apert\u00e1ndose ao m\u00e1ximo sobre o comedor, e cun lixeiro xesto de inclinaci\u00f3n de cara a cuberta orixinal. Estas pendentes reducidas, levan ao emprego dunha cuberta invertida con protecci\u00f3n de tella machucada, que favorece a integraci\u00f3n da edificaci\u00f3n no ambiente do n\u00facleo.<br \/>\nNa cuberta existente, substit\u00faese o canl\u00f3n actual por un m\u00e1is discreto de aluminio de cor branca, que remarca a xeometr\u00eda da mesma, modernizando a s\u00faa imaxe.<br \/>\nNo interior, cons\u00e9rvase a tarima de eucalipto existente, na medida do posible, mantendo o criterio de m\u00e1xima conservaci\u00f3n. O terrazo substit\u00faese por formig\u00f3n pulido, que unifica os espazos de h\u00famidos e de d\u00eda, adem\u00e1is de aparecer no garaxe, onde se xera un cuarto de servizo independizado con u-glass do resto do mesmo.<\/td>\n<\/tr>\n<\/tbody>\n<\/table>\n","protected":false},"excerpt":{"rendered":"<p>Arquitecto:\tLIQE arquitectura<br \/>\nProvincia:\tPontevedra<br \/>\nLocalidade:\tMondariz Balneario<br \/>\nAno:\t2011<br \/>\nAnte a petici\u00f3n de mellorar as condici\u00f3ns habitables e espaciais da vivenda, de superficie reducida, el\u00edxese ocupar parte do xard\u00edn superior da parcela, o m\u00e1is habitable e vinculado \u00e1 vivenda, cunha peza que delimite un espazo de vida que xa exist\u00eda.<\/p>\n","protected":false},"author":3,"featured_media":3184,"comment_status":"open","ping_status":"open","sticky":false,"template":"","format":"standard","meta":{"jetpack_post_was_ever_published":false,"_jetpack_newsletter_access":"","_jetpack_dont_email_post_to_subs":false,"_jetpack_newsletter_tier_id":0,"_jetpack_memberships_contains_paywalled_content":false,"_jetpack_memberships_contains_paid_content":false,"footnotes":"","jetpack_publicize_message":"","jetpack_publicize_feature_enabled":true,"jetpack_social_post_already_shared":false,"jetpack_social_options":{"image_generator_settings":{"template":"highway","enabled":false},"version":2}},"categories":[322],"tags":[56,323,105,108],"ano":[],"arquitectos":[],"tipoloxia":[],"class_list":["post-3181","post","type-post","status-publish","format-standard","has-post-thumbnail","hentry","category-mondariz-balneario","tag-56","tag-lique-arquitectura","tag-unifamiliar","tag-vivenda","content-print"],"jetpack_publicize_connections":[],"yoast_head":"<!-- This site is optimized with the Yoast SEO plugin v24.1 - https:\/\/yoast.com\/wordpress\/plugins\/seo\/ -->\n<title>Reforma e ampliaci\u00f3n de vivenda en Mondariz Balneario | AG<\/title>\n<meta name=\"robots\" content=\"index, follow, max-snippet:-1, max-image-preview:large, max-video-preview:-1\" \/>\n<link rel=\"canonical\" href=\"https:\/\/arquitecturadegalicia.eu\/blog\/reforma-e-ampliacion-de-vivenda-en-mondariz-balneario\/\" \/>\n<meta property=\"og:locale\" content=\"es_ES\" \/>\n<meta property=\"og:type\" content=\"article\" \/>\n<meta property=\"og:title\" content=\"Reforma e ampliaci\u00f3n de vivenda en Mondariz Balneario | AG\" \/>\n<meta property=\"og:description\" content=\"Arquitecto: LIQE arquitectura Provincia: Pontevedra Localidade: Mondariz Balneario Ano: 2011 Ante a petici\u00f3n de mellorar as condici\u00f3ns habitables e espaciais da vivenda, de superficie reducida, el\u00edxese ocupar parte do xard\u00edn superior da parcela, o m\u00e1is habitable e vinculado \u00e1 vivenda, cunha peza que delimite un espazo de vida que xa exist\u00eda.\" \/>\n<meta property=\"og:url\" content=\"https:\/\/arquitecturadegalicia.eu\/blog\/reforma-e-ampliacion-de-vivenda-en-mondariz-balneario\/\" \/>\n<meta property=\"og:site_name\" content=\"AG\" \/>\n<meta property=\"article:publisher\" content=\"https:\/\/www.facebook.com\/ArquitecturadeGalicia\/\" \/>\n<meta property=\"article:published_time\" content=\"2013-02-14T21:51:01+00:00\" \/>\n<meta property=\"article:modified_time\" content=\"2013-02-15T12:33:34+00:00\" \/>\n<meta property=\"og:image\" content=\"https:\/\/arquitecturadegalicia.eu\/blog\/wp-content\/uploads\/2013\/02\/bunker-reduc.jpg\" \/>\n\t<meta property=\"og:image:width\" content=\"600\" \/>\n\t<meta property=\"og:image:height\" content=\"294\" \/>\n\t<meta property=\"og:image:type\" content=\"image\/jpeg\" \/>\n<meta name=\"author\" content=\"Luis Santalla\" \/>\n<meta name=\"twitter:card\" content=\"summary_large_image\" \/>\n<meta name=\"twitter:creator\" content=\"@arquigaliciaeu\" \/>\n<meta name=\"twitter:site\" content=\"@arquigaliciaeu\" \/>\n<meta name=\"twitter:label1\" content=\"Escrito por\" \/>\n\t<meta name=\"twitter:data1\" content=\"Luis Santalla\" \/>\n\t<meta name=\"twitter:label2\" content=\"Tiempo de lectura\" \/>\n\t<meta name=\"twitter:data2\" content=\"4 minutos\" \/>\n<script type=\"application\/ld+json\" class=\"yoast-schema-graph\">{\"@context\":\"https:\/\/schema.org\",\"@graph\":[{\"@type\":\"Article\",\"@id\":\"https:\/\/arquitecturadegalicia.eu\/blog\/reforma-e-ampliacion-de-vivenda-en-mondariz-balneario\/#article\",\"isPartOf\":{\"@id\":\"https:\/\/arquitecturadegalicia.eu\/blog\/reforma-e-ampliacion-de-vivenda-en-mondariz-balneario\/\"},\"author\":{\"name\":\"Luis Santalla\",\"@id\":\"https:\/\/arquitecturadegalicia.eu\/blog\/#\/schema\/person\/e23cc95ba9b18a7fc37259e3f8d02f0e\"},\"headline\":\"Reforma e ampliaci\u00f3n de vivenda en Mondariz Balneario\",\"datePublished\":\"2013-02-14T21:51:01+00:00\",\"dateModified\":\"2013-02-15T12:33:34+00:00\",\"mainEntityOfPage\":{\"@id\":\"https:\/\/arquitecturadegalicia.eu\/blog\/reforma-e-ampliacion-de-vivenda-en-mondariz-balneario\/\"},\"wordCount\":839,\"commentCount\":0,\"publisher\":{\"@id\":\"https:\/\/arquitecturadegalicia.eu\/blog\/#organization\"},\"image\":{\"@id\":\"https:\/\/arquitecturadegalicia.eu\/blog\/reforma-e-ampliacion-de-vivenda-en-mondariz-balneario\/#primaryimage\"},\"thumbnailUrl\":\"https:\/\/arquitecturadegalicia.eu\/blog\/wp-content\/uploads\/2013\/02\/bunker-reduc.jpg\",\"keywords\":[\"2011\",\"lique arquitectura\",\"unifamiliar\",\"Vivenda\"],\"articleSection\":[\"Mondariz Balneario\"],\"inLanguage\":\"es\",\"potentialAction\":[{\"@type\":\"CommentAction\",\"name\":\"Comment\",\"target\":[\"https:\/\/arquitecturadegalicia.eu\/blog\/reforma-e-ampliacion-de-vivenda-en-mondariz-balneario\/#respond\"]}]},{\"@type\":\"WebPage\",\"@id\":\"https:\/\/arquitecturadegalicia.eu\/blog\/reforma-e-ampliacion-de-vivenda-en-mondariz-balneario\/\",\"url\":\"https:\/\/arquitecturadegalicia.eu\/blog\/reforma-e-ampliacion-de-vivenda-en-mondariz-balneario\/\",\"name\":\"Reforma e ampliaci\u00f3n de vivenda en Mondariz Balneario | AG\",\"isPartOf\":{\"@id\":\"https:\/\/arquitecturadegalicia.eu\/blog\/#website\"},\"primaryImageOfPage\":{\"@id\":\"https:\/\/arquitecturadegalicia.eu\/blog\/reforma-e-ampliacion-de-vivenda-en-mondariz-balneario\/#primaryimage\"},\"image\":{\"@id\":\"https:\/\/arquitecturadegalicia.eu\/blog\/reforma-e-ampliacion-de-vivenda-en-mondariz-balneario\/#primaryimage\"},\"thumbnailUrl\":\"https:\/\/arquitecturadegalicia.eu\/blog\/wp-content\/uploads\/2013\/02\/bunker-reduc.jpg\",\"datePublished\":\"2013-02-14T21:51:01+00:00\",\"dateModified\":\"2013-02-15T12:33:34+00:00\",\"breadcrumb\":{\"@id\":\"https:\/\/arquitecturadegalicia.eu\/blog\/reforma-e-ampliacion-de-vivenda-en-mondariz-balneario\/#breadcrumb\"},\"inLanguage\":\"es\",\"potentialAction\":[{\"@type\":\"ReadAction\",\"target\":[\"https:\/\/arquitecturadegalicia.eu\/blog\/reforma-e-ampliacion-de-vivenda-en-mondariz-balneario\/\"]}]},{\"@type\":\"ImageObject\",\"inLanguage\":\"es\",\"@id\":\"https:\/\/arquitecturadegalicia.eu\/blog\/reforma-e-ampliacion-de-vivenda-en-mondariz-balneario\/#primaryimage\",\"url\":\"https:\/\/arquitecturadegalicia.eu\/blog\/wp-content\/uploads\/2013\/02\/bunker-reduc.jpg\",\"contentUrl\":\"https:\/\/arquitecturadegalicia.eu\/blog\/wp-content\/uploads\/2013\/02\/bunker-reduc.jpg\",\"width\":600,\"height\":294},{\"@type\":\"BreadcrumbList\",\"@id\":\"https:\/\/arquitecturadegalicia.eu\/blog\/reforma-e-ampliacion-de-vivenda-en-mondariz-balneario\/#breadcrumb\",\"itemListElement\":[{\"@type\":\"ListItem\",\"position\":1,\"name\":\"Portada\",\"item\":\"https:\/\/arquitecturadegalicia.eu\/blog\/\"},{\"@type\":\"ListItem\",\"position\":2,\"name\":\"Reforma e ampliaci\u00f3n de vivenda en Mondariz Balneario\"}]},{\"@type\":\"WebSite\",\"@id\":\"https:\/\/arquitecturadegalicia.eu\/blog\/#website\",\"url\":\"https:\/\/arquitecturadegalicia.eu\/blog\/\",\"name\":\"AG\",\"description\":\"Arquitectura de Galicia\",\"publisher\":{\"@id\":\"https:\/\/arquitecturadegalicia.eu\/blog\/#organization\"},\"potentialAction\":[{\"@type\":\"SearchAction\",\"target\":{\"@type\":\"EntryPoint\",\"urlTemplate\":\"https:\/\/arquitecturadegalicia.eu\/blog\/?s={search_term_string}\"},\"query-input\":{\"@type\":\"PropertyValueSpecification\",\"valueRequired\":true,\"valueName\":\"search_term_string\"}}],\"inLanguage\":\"es\"},{\"@type\":\"Organization\",\"@id\":\"https:\/\/arquitecturadegalicia.eu\/blog\/#organization\",\"name\":\"Arquitectura de Galicia\",\"url\":\"https:\/\/arquitecturadegalicia.eu\/blog\/\",\"logo\":{\"@type\":\"ImageObject\",\"inLanguage\":\"es\",\"@id\":\"https:\/\/arquitecturadegalicia.eu\/blog\/#\/schema\/logo\/image\/\",\"url\":\"https:\/\/arquitecturadegalicia.eu\/blog\/wp-content\/uploads\/2017\/01\/arquitecturacurrents2.png\",\"contentUrl\":\"https:\/\/arquitecturadegalicia.eu\/blog\/wp-content\/uploads\/2017\/01\/arquitecturacurrents2.png\",\"width\":840,\"height\":640,\"caption\":\"Arquitectura de Galicia\"},\"image\":{\"@id\":\"https:\/\/arquitecturadegalicia.eu\/blog\/#\/schema\/logo\/image\/\"},\"sameAs\":[\"https:\/\/www.facebook.com\/ArquitecturadeGalicia\/\",\"https:\/\/x.com\/arquigaliciaeu\",\"https:\/\/www.instagram.com\/arquigaliciaeu\/\"]},{\"@type\":\"Person\",\"@id\":\"https:\/\/arquitecturadegalicia.eu\/blog\/#\/schema\/person\/e23cc95ba9b18a7fc37259e3f8d02f0e\",\"name\":\"Luis Santalla\",\"image\":{\"@type\":\"ImageObject\",\"inLanguage\":\"es\",\"@id\":\"https:\/\/arquitecturadegalicia.eu\/blog\/#\/schema\/person\/image\/\",\"url\":\"https:\/\/secure.gravatar.com\/avatar\/5b1ff9326d90bb609bad178f3a7079fe?s=96&d=mm&r=g\",\"contentUrl\":\"https:\/\/secure.gravatar.com\/avatar\/5b1ff9326d90bb609bad178f3a7079fe?s=96&d=mm&r=g\",\"caption\":\"Luis Santalla\"},\"description\":\"Cedeira | Encargado de coordinaci\u00f3n e mantemento web | Arquitecto . Universidade do Minho 2012. Socio do estudio FLU-OR e antigo colaborador do Estudio MMASA. Publica habitualmente en teoriadeconstruccion.net, en arquitecturadegalicia.eu y eventualmente en inteligenciascolectivas.org\",\"sameAs\":[\"https:\/\/9diseno.wordpress.com\/curriculum-vitae\/\"],\"url\":\"https:\/\/arquitecturadegalicia.eu\/blog\/author\/luissantalla\/\"}]}<\/script>\n<!-- \/ Yoast SEO plugin. -->","yoast_head_json":{"title":"Reforma e ampliaci\u00f3n de vivenda en Mondariz Balneario | AG","robots":{"index":"index","follow":"follow","max-snippet":"max-snippet:-1","max-image-preview":"max-image-preview:large","max-video-preview":"max-video-preview:-1"},"canonical":"https:\/\/arquitecturadegalicia.eu\/blog\/reforma-e-ampliacion-de-vivenda-en-mondariz-balneario\/","og_locale":"es_ES","og_type":"article","og_title":"Reforma e ampliaci\u00f3n de vivenda en Mondariz Balneario | AG","og_description":"Arquitecto: LIQE arquitectura Provincia: Pontevedra Localidade: Mondariz Balneario Ano: 2011 Ante a petici\u00f3n de mellorar as condici\u00f3ns habitables e espaciais da vivenda, de superficie reducida, el\u00edxese ocupar parte do xard\u00edn superior da parcela, o m\u00e1is habitable e vinculado \u00e1 vivenda, cunha peza que delimite un espazo de vida que xa exist\u00eda.","og_url":"https:\/\/arquitecturadegalicia.eu\/blog\/reforma-e-ampliacion-de-vivenda-en-mondariz-balneario\/","og_site_name":"AG","article_publisher":"https:\/\/www.facebook.com\/ArquitecturadeGalicia\/","article_published_time":"2013-02-14T21:51:01+00:00","article_modified_time":"2013-02-15T12:33:34+00:00","og_image":[{"width":600,"height":294,"url":"https:\/\/arquitecturadegalicia.eu\/blog\/wp-content\/uploads\/2013\/02\/bunker-reduc.jpg","type":"image\/jpeg"}],"author":"Luis Santalla","twitter_card":"summary_large_image","twitter_creator":"@arquigaliciaeu","twitter_site":"@arquigaliciaeu","twitter_misc":{"Escrito por":"Luis Santalla","Tiempo de lectura":"4 minutos"},"schema":{"@context":"https:\/\/schema.org","@graph":[{"@type":"Article","@id":"https:\/\/arquitecturadegalicia.eu\/blog\/reforma-e-ampliacion-de-vivenda-en-mondariz-balneario\/#article","isPartOf":{"@id":"https:\/\/arquitecturadegalicia.eu\/blog\/reforma-e-ampliacion-de-vivenda-en-mondariz-balneario\/"},"author":{"name":"Luis Santalla","@id":"https:\/\/arquitecturadegalicia.eu\/blog\/#\/schema\/person\/e23cc95ba9b18a7fc37259e3f8d02f0e"},"headline":"Reforma e ampliaci\u00f3n de vivenda en Mondariz Balneario","datePublished":"2013-02-14T21:51:01+00:00","dateModified":"2013-02-15T12:33:34+00:00","mainEntityOfPage":{"@id":"https:\/\/arquitecturadegalicia.eu\/blog\/reforma-e-ampliacion-de-vivenda-en-mondariz-balneario\/"},"wordCount":839,"commentCount":0,"publisher":{"@id":"https:\/\/arquitecturadegalicia.eu\/blog\/#organization"},"image":{"@id":"https:\/\/arquitecturadegalicia.eu\/blog\/reforma-e-ampliacion-de-vivenda-en-mondariz-balneario\/#primaryimage"},"thumbnailUrl":"https:\/\/arquitecturadegalicia.eu\/blog\/wp-content\/uploads\/2013\/02\/bunker-reduc.jpg","keywords":["2011","lique arquitectura","unifamiliar","Vivenda"],"articleSection":["Mondariz Balneario"],"inLanguage":"es","potentialAction":[{"@type":"CommentAction","name":"Comment","target":["https:\/\/arquitecturadegalicia.eu\/blog\/reforma-e-ampliacion-de-vivenda-en-mondariz-balneario\/#respond"]}]},{"@type":"WebPage","@id":"https:\/\/arquitecturadegalicia.eu\/blog\/reforma-e-ampliacion-de-vivenda-en-mondariz-balneario\/","url":"https:\/\/arquitecturadegalicia.eu\/blog\/reforma-e-ampliacion-de-vivenda-en-mondariz-balneario\/","name":"Reforma e ampliaci\u00f3n de vivenda en Mondariz Balneario | AG","isPartOf":{"@id":"https:\/\/arquitecturadegalicia.eu\/blog\/#website"},"primaryImageOfPage":{"@id":"https:\/\/arquitecturadegalicia.eu\/blog\/reforma-e-ampliacion-de-vivenda-en-mondariz-balneario\/#primaryimage"},"image":{"@id":"https:\/\/arquitecturadegalicia.eu\/blog\/reforma-e-ampliacion-de-vivenda-en-mondariz-balneario\/#primaryimage"},"thumbnailUrl":"https:\/\/arquitecturadegalicia.eu\/blog\/wp-content\/uploads\/2013\/02\/bunker-reduc.jpg","datePublished":"2013-02-14T21:51:01+00:00","dateModified":"2013-02-15T12:33:34+00:00","breadcrumb":{"@id":"https:\/\/arquitecturadegalicia.eu\/blog\/reforma-e-ampliacion-de-vivenda-en-mondariz-balneario\/#breadcrumb"},"inLanguage":"es","potentialAction":[{"@type":"ReadAction","target":["https:\/\/arquitecturadegalicia.eu\/blog\/reforma-e-ampliacion-de-vivenda-en-mondariz-balneario\/"]}]},{"@type":"ImageObject","inLanguage":"es","@id":"https:\/\/arquitecturadegalicia.eu\/blog\/reforma-e-ampliacion-de-vivenda-en-mondariz-balneario\/#primaryimage","url":"https:\/\/arquitecturadegalicia.eu\/blog\/wp-content\/uploads\/2013\/02\/bunker-reduc.jpg","contentUrl":"https:\/\/arquitecturadegalicia.eu\/blog\/wp-content\/uploads\/2013\/02\/bunker-reduc.jpg","width":600,"height":294},{"@type":"BreadcrumbList","@id":"https:\/\/arquitecturadegalicia.eu\/blog\/reforma-e-ampliacion-de-vivenda-en-mondariz-balneario\/#breadcrumb","itemListElement":[{"@type":"ListItem","position":1,"name":"Portada","item":"https:\/\/arquitecturadegalicia.eu\/blog\/"},{"@type":"ListItem","position":2,"name":"Reforma e ampliaci\u00f3n de vivenda en Mondariz Balneario"}]},{"@type":"WebSite","@id":"https:\/\/arquitecturadegalicia.eu\/blog\/#website","url":"https:\/\/arquitecturadegalicia.eu\/blog\/","name":"AG","description":"Arquitectura de Galicia","publisher":{"@id":"https:\/\/arquitecturadegalicia.eu\/blog\/#organization"},"potentialAction":[{"@type":"SearchAction","target":{"@type":"EntryPoint","urlTemplate":"https:\/\/arquitecturadegalicia.eu\/blog\/?s={search_term_string}"},"query-input":{"@type":"PropertyValueSpecification","valueRequired":true,"valueName":"search_term_string"}}],"inLanguage":"es"},{"@type":"Organization","@id":"https:\/\/arquitecturadegalicia.eu\/blog\/#organization","name":"Arquitectura de Galicia","url":"https:\/\/arquitecturadegalicia.eu\/blog\/","logo":{"@type":"ImageObject","inLanguage":"es","@id":"https:\/\/arquitecturadegalicia.eu\/blog\/#\/schema\/logo\/image\/","url":"https:\/\/arquitecturadegalicia.eu\/blog\/wp-content\/uploads\/2017\/01\/arquitecturacurrents2.png","contentUrl":"https:\/\/arquitecturadegalicia.eu\/blog\/wp-content\/uploads\/2017\/01\/arquitecturacurrents2.png","width":840,"height":640,"caption":"Arquitectura de Galicia"},"image":{"@id":"https:\/\/arquitecturadegalicia.eu\/blog\/#\/schema\/logo\/image\/"},"sameAs":["https:\/\/www.facebook.com\/ArquitecturadeGalicia\/","https:\/\/x.com\/arquigaliciaeu","https:\/\/www.instagram.com\/arquigaliciaeu\/"]},{"@type":"Person","@id":"https:\/\/arquitecturadegalicia.eu\/blog\/#\/schema\/person\/e23cc95ba9b18a7fc37259e3f8d02f0e","name":"Luis Santalla","image":{"@type":"ImageObject","inLanguage":"es","@id":"https:\/\/arquitecturadegalicia.eu\/blog\/#\/schema\/person\/image\/","url":"https:\/\/secure.gravatar.com\/avatar\/5b1ff9326d90bb609bad178f3a7079fe?s=96&d=mm&r=g","contentUrl":"https:\/\/secure.gravatar.com\/avatar\/5b1ff9326d90bb609bad178f3a7079fe?s=96&d=mm&r=g","caption":"Luis Santalla"},"description":"Cedeira | Encargado de coordinaci\u00f3n e mantemento web | Arquitecto . Universidade do Minho 2012. Socio do estudio FLU-OR e antigo colaborador do Estudio MMASA. Publica habitualmente en teoriadeconstruccion.net, en arquitecturadegalicia.eu y eventualmente en inteligenciascolectivas.org","sameAs":["https:\/\/9diseno.wordpress.com\/curriculum-vitae\/"],"url":"https:\/\/arquitecturadegalicia.eu\/blog\/author\/luissantalla\/"}]}},"jetpack_featured_media_url":"https:\/\/arquitecturadegalicia.eu\/blog\/wp-content\/uploads\/2013\/02\/bunker-reduc.jpg","jetpack_shortlink":"https:\/\/wp.me\/p2NHs2-Pj","jetpack_sharing_enabled":true,"_links":{"self":[{"href":"https:\/\/arquitecturadegalicia.eu\/blog\/wp-json\/wp\/v2\/posts\/3181","targetHints":{"allow":["GET"]}}],"collection":[{"href":"https:\/\/arquitecturadegalicia.eu\/blog\/wp-json\/wp\/v2\/posts"}],"about":[{"href":"https:\/\/arquitecturadegalicia.eu\/blog\/wp-json\/wp\/v2\/types\/post"}],"author":[{"embeddable":true,"href":"https:\/\/arquitecturadegalicia.eu\/blog\/wp-json\/wp\/v2\/users\/3"}],"replies":[{"embeddable":true,"href":"https:\/\/arquitecturadegalicia.eu\/blog\/wp-json\/wp\/v2\/comments?post=3181"}],"version-history":[{"count":8,"href":"https:\/\/arquitecturadegalicia.eu\/blog\/wp-json\/wp\/v2\/posts\/3181\/revisions"}],"predecessor-version":[{"id":3186,"href":"https:\/\/arquitecturadegalicia.eu\/blog\/wp-json\/wp\/v2\/posts\/3181\/revisions\/3186"}],"wp:featuredmedia":[{"embeddable":true,"href":"https:\/\/arquitecturadegalicia.eu\/blog\/wp-json\/wp\/v2\/media\/3184"}],"wp:attachment":[{"href":"https:\/\/arquitecturadegalicia.eu\/blog\/wp-json\/wp\/v2\/media?parent=3181"}],"wp:term":[{"taxonomy":"category","embeddable":true,"href":"https:\/\/arquitecturadegalicia.eu\/blog\/wp-json\/wp\/v2\/categories?post=3181"},{"taxonomy":"post_tag","embeddable":true,"href":"https:\/\/arquitecturadegalicia.eu\/blog\/wp-json\/wp\/v2\/tags?post=3181"},{"taxonomy":"ano","embeddable":true,"href":"https:\/\/arquitecturadegalicia.eu\/blog\/wp-json\/wp\/v2\/ano?post=3181"},{"taxonomy":"arquitectos","embeddable":true,"href":"https:\/\/arquitecturadegalicia.eu\/blog\/wp-json\/wp\/v2\/arquitectos?post=3181"},{"taxonomy":"tipoloxia","embeddable":true,"href":"https:\/\/arquitecturadegalicia.eu\/blog\/wp-json\/wp\/v2\/tipoloxia?post=3181"}],"curies":[{"name":"wp","href":"https:\/\/api.w.org\/{rel}","templated":true}]}}