{"id":3604,"date":"2013-03-03T12:00:18","date_gmt":"2013-03-03T11:00:18","guid":{"rendered":"http:\/\/arquitecturadegalicia.eu\/blog\/?p=3604"},"modified":"2013-03-18T16:13:04","modified_gmt":"2013-03-18T15:13:04","slug":"reforma-do-polideportivo-do-viso","status":"publish","type":"post","link":"https:\/\/arquitecturadegalicia.eu\/blog\/reforma-do-polideportivo-do-viso\/","title":{"rendered":"Reforma do Polideportivo do Viso"},"content":{"rendered":"<p style=\"text-align: right;\"><img fetchpriority=\"high\" decoding=\"async\" class=\"aligncenter size-full wp-image-5056\" alt=\"Polideportivo do Viso | Antonio Amado | Arz\u00faa\" src=\"http:\/\/arquitecturadegalicia.eu\/blog\/wp-content\/uploads\/2013\/03\/POLIDEPORTIVO-DO-VISO-02.jpg\" width=\"620\" height=\"697\" srcset=\"https:\/\/arquitecturadegalicia.eu\/blog\/wp-content\/uploads\/2013\/03\/POLIDEPORTIVO-DO-VISO-02.jpg 620w, https:\/\/arquitecturadegalicia.eu\/blog\/wp-content\/uploads\/2013\/03\/POLIDEPORTIVO-DO-VISO-02-266x300.jpg 266w\" sizes=\"(max-width: 620px) 100vw, 620px\" \/><strong style=\"color: #999999; font-size: 0.75em;\"><a href=\"http:\/\/www.flickr.com\/photos\/antonio_amado\/sets\/\" target=\"_blank\"><span style=\"color: #999999;\">Antonio Amado<\/span><\/a><\/strong><\/p>\n<table class=\"aligncenter\" width=\"620\" border=\"0\" cellspacing=\"0\" cellpadding=\"0\">\n<tbody>\n<tr>\n<td width=\"180\"><strong>Obra:<\/strong><\/td>\n<td>Reforma do Polideportivo do Viso<\/td>\n<\/tr>\n<tr>\n<td><strong>Arquitecto:<\/strong><\/td>\n<td><strong><a href=\"http:\/\/arquitecturadegalicia.eu\/blog\/?page_id=3561\">Antonio Amado Lorenzo<\/a><\/strong><\/td>\n<\/tr>\n<tr>\n<td><strong>Provincia:<\/strong><\/td>\n<td>A Coru\u00f1a<\/td>\n<\/tr>\n<tr>\n<td><strong>Localidade:<\/strong><\/td>\n<td>Arz\u00faa<\/td>\n<\/tr>\n<tr>\n<td><strong>Ano:<\/strong><\/td>\n<td>2004-2007<\/td>\n<\/tr>\n<tr>\n<td><strong>Xeolocalizaci\u00f3n:<\/strong><\/td>\n<td><a href=\"https:\/\/maps.google.com\/maps\/ms?ie=UTF8&amp;hl=es&amp;oe=UTF8&amp;msa=0&amp;msid=205584753861089304839.0004b3590a9baff01c53d&amp;num=200&amp;start=200&amp;t=h&amp;vpsrc=6&amp;ll=42.931075,-8.154634&amp;spn=0.002372,0.004823&amp;z=18&amp;iwloc=0004d655013f29e42f908\"><strong>42.93, -8.15<\/strong><\/a><\/td>\n<\/tr>\n<\/tbody>\n<\/table>\n<table class=\" aligncenter\" width=\"620\" border=\"0\" cellspacing=\"0\" cellpadding=\"0\">\n<tbody>\n<tr>\n<td colspan=\"3\"><strong>Outros Datos:<\/strong><\/td>\n<\/tr>\n<tr>\n<td width=\"20\"><\/td>\n<td colspan=\"2\"><strong>Premios:<\/strong><\/td>\n<\/tr>\n<tr>\n<td width=\"20\"><\/td>\n<td width=\"20\"><\/td>\n<td width=\"580\"><\/td>\n<\/tr>\n<tr>\n<td width=\"20\"><\/td>\n<td colspan=\"2\"><strong>Publicaci\u00f3ns:<\/strong><\/td>\n<\/tr>\n<tr>\n<td width=\"20\"><\/td>\n<td width=\"20\"><\/td>\n<td><\/td>\n<\/tr>\n<tr>\n<td width=\"20\"><\/td>\n<td colspan=\"2\"><strong>Informaci\u00f3n na rede:<\/strong><\/td>\n<\/tr>\n<tr>\n<td width=\"20\"><\/td>\n<td width=\"20\"><\/td>\n<td><strong><a href=\"http:\/\/www.flickr.com\/photos\/antonio_amado\/sets\/\" target=\"_blank\">flickr.com de Antonio Amado<\/a><br \/>\n<\/strong><strong style=\"line-height: 19px;\"><\/strong><\/td>\n<\/tr>\n<tr>\n<td width=\"20\"><\/td>\n<td colspan=\"2\"><strong>Descripci\u00f3n do proxecto:<\/strong><\/td>\n<\/tr>\n<tr>\n<td width=\"20\"><\/td>\n<td width=\"20\"><\/td>\n<td><em>\u00abHasta los a\u00f1os ochenta, muchos polideportivos rurales gallegos no eran m\u00e1s que naves industriales con estructuras y cubiertas met\u00e1licas, con cerramientos m\u00ednimos. Aqu\u00ed, se trataba de ampliar y adecentar lo existente, reorganizando todo sin tocar la estructura ni el volumen general, excepto los nuevos a\u00f1adidos. Hab\u00eda que utilizar adem\u00e1s un lenguaje similar en materiales y tonos a la piscina cubierta y gimnasios vecinos.<\/em><br \/>\n<em> Todo el edificio es obsesivamente gris, excepto&#8230; el nuevo ventanal. El anillo perimetral multicolor filtra esa luz tan cambiante y caracter\u00edstica de Galicia, aportando el car\u00e1cter alegre y que relacionamos con el mundo del deporte aficionado.\u00bb<\/em> Antonio Amado<\/td>\n<\/tr>\n<tr>\n<td width=\"20\"><\/td>\n<td colspan=\"2\"><b>Reportaxe fotogr\u00e1fica:\u00a0<\/b><strong><a href=\"http:\/\/www.flickr.com\/photos\/antonio_amado\/sets\/\" target=\"_blank\">Antonio Amado Lorenzo<\/a><\/strong><\/td>\n<\/tr>\n<tr>\n<td width=\"20\"><\/td>\n<td colspan=\"2\"><\/td>\n<\/tr>\n<tr>\n<td width=\"20\"><\/td>\n<td colspan=\"2\"><strong>Planos:<\/strong><\/td>\n<\/tr>\n<tr>\n<td width=\"20\"><\/td>\n<td colspan=\"2\">[nggallery id=103]<\/td>\n<\/tr>\n<\/tbody>\n<\/table>\n","protected":false},"excerpt":{"rendered":"<p>\u00abHasta los a\u00f1os ochenta, muchos polideportivos rurales gallegos no eran m\u00e1s que naves industriales con estructuras y cubiertas met\u00e1licas, con cerramientos m\u00ednimos. Aqu\u00ed, se trataba de ampliar y adecentar lo existente, reorganizando todo sin tocar la estructura ni el volumen general, excepto los nuevos a\u00f1adidos. Hab\u00eda que utilizar adem\u00e1s un lenguaje similar en materiales y tonos a la piscina cubierta y gimnasios vecinos\u00bb Antonio Amado Lorenzo<\/p>\n","protected":false},"author":2,"featured_media":5056,"comment_status":"open","ping_status":"open","sticky":false,"template":"","format":"standard","meta":{"jetpack_post_was_ever_published":false,"_jetpack_newsletter_access":"","_jetpack_dont_email_post_to_subs":false,"_jetpack_newsletter_tier_id":0,"_jetpack_memberships_contains_paywalled_content":false,"_jetpack_memberships_contains_paid_content":false,"footnotes":"","jetpack_publicize_message":"","jetpack_publicize_feature_enabled":true,"jetpack_social_post_already_shared":true,"jetpack_social_options":{"image_generator_settings":{"template":"highway","enabled":false},"version":2}},"categories":[363],"tags":[52,347,364,79],"ano":[],"arquitectos":[],"tipoloxia":[],"class_list":["post-3604","post","type-post","status-publish","format-standard","has-post-thumbnail","hentry","category-arzua","tag-52","tag-antonio-amado","tag-arzua-2","tag-deportivo","content-print"],"jetpack_publicize_connections":[],"yoast_head":"<!-- This site is optimized with the Yoast SEO plugin v24.1 - https:\/\/yoast.com\/wordpress\/plugins\/seo\/ -->\n<title>Reforma do Polideportivo do Viso | AG<\/title>\n<meta name=\"robots\" content=\"index, follow, max-snippet:-1, max-image-preview:large, max-video-preview:-1\" \/>\n<link rel=\"canonical\" href=\"https:\/\/arquitecturadegalicia.eu\/blog\/reforma-do-polideportivo-do-viso\/\" \/>\n<meta property=\"og:locale\" content=\"es_ES\" \/>\n<meta property=\"og:type\" content=\"article\" \/>\n<meta property=\"og:title\" content=\"Reforma do Polideportivo do Viso | AG\" \/>\n<meta property=\"og:description\" content=\"&quot;Hasta los a\u00f1os ochenta, muchos polideportivos rurales gallegos no eran m\u00e1s que naves industriales con estructuras y cubiertas met\u00e1licas, con cerramientos m\u00ednimos. Aqu\u00ed, se trataba de ampliar y adecentar lo existente, reorganizando todo sin tocar la estructura ni el volumen general, excepto los nuevos a\u00f1adidos. Hab\u00eda que utilizar adem\u00e1s un lenguaje similar en materiales y tonos a la piscina cubierta y gimnasios vecinos&quot; Antonio Amado Lorenzo\" \/>\n<meta property=\"og:url\" content=\"https:\/\/arquitecturadegalicia.eu\/blog\/reforma-do-polideportivo-do-viso\/\" \/>\n<meta property=\"og:site_name\" content=\"AG\" \/>\n<meta property=\"article:publisher\" content=\"https:\/\/www.facebook.com\/ArquitecturadeGalicia\/\" \/>\n<meta property=\"article:published_time\" content=\"2013-03-03T11:00:18+00:00\" \/>\n<meta property=\"article:modified_time\" content=\"2013-03-18T15:13:04+00:00\" \/>\n<meta property=\"og:image\" content=\"https:\/\/arquitecturadegalicia.eu\/blog\/wp-content\/uploads\/2013\/03\/POLIDEPORTIVO-DO-VISO-02.jpg\" \/>\n\t<meta property=\"og:image:width\" content=\"620\" \/>\n\t<meta property=\"og:image:height\" content=\"697\" \/>\n\t<meta property=\"og:image:type\" content=\"image\/jpeg\" \/>\n<meta name=\"author\" content=\"Rub\u00e9n Ulloa Montes\" \/>\n<meta name=\"twitter:card\" content=\"summary_large_image\" \/>\n<meta name=\"twitter:creator\" content=\"@johncloro\" \/>\n<meta name=\"twitter:site\" content=\"@arquigaliciaeu\" \/>\n<meta name=\"twitter:label1\" content=\"Escrito por\" \/>\n\t<meta name=\"twitter:data1\" content=\"Rub\u00e9n Ulloa Montes\" \/>\n\t<meta name=\"twitter:label2\" content=\"Tiempo de lectura\" \/>\n\t<meta name=\"twitter:data2\" content=\"1 minuto\" \/>\n<script type=\"application\/ld+json\" class=\"yoast-schema-graph\">{\"@context\":\"https:\/\/schema.org\",\"@graph\":[{\"@type\":\"Article\",\"@id\":\"https:\/\/arquitecturadegalicia.eu\/blog\/reforma-do-polideportivo-do-viso\/#article\",\"isPartOf\":{\"@id\":\"https:\/\/arquitecturadegalicia.eu\/blog\/reforma-do-polideportivo-do-viso\/\"},\"author\":{\"name\":\"Rub\u00e9n Ulloa Montes\",\"@id\":\"https:\/\/arquitecturadegalicia.eu\/blog\/#\/schema\/person\/25cb39b0990eede8939e86ceff6a933b\"},\"headline\":\"Reforma do Polideportivo do Viso\",\"datePublished\":\"2013-03-03T11:00:18+00:00\",\"dateModified\":\"2013-03-18T15:13:04+00:00\",\"mainEntityOfPage\":{\"@id\":\"https:\/\/arquitecturadegalicia.eu\/blog\/reforma-do-polideportivo-do-viso\/\"},\"wordCount\":168,\"commentCount\":0,\"publisher\":{\"@id\":\"https:\/\/arquitecturadegalicia.eu\/blog\/#organization\"},\"image\":{\"@id\":\"https:\/\/arquitecturadegalicia.eu\/blog\/reforma-do-polideportivo-do-viso\/#primaryimage\"},\"thumbnailUrl\":\"https:\/\/arquitecturadegalicia.eu\/blog\/wp-content\/uploads\/2013\/03\/POLIDEPORTIVO-DO-VISO-02.jpg\",\"keywords\":[\"2007\",\"Antonio Amado\",\"arz\u00faa\",\"deportivo\"],\"articleSection\":[\"Arz\u00faa\"],\"inLanguage\":\"es\",\"potentialAction\":[{\"@type\":\"CommentAction\",\"name\":\"Comment\",\"target\":[\"https:\/\/arquitecturadegalicia.eu\/blog\/reforma-do-polideportivo-do-viso\/#respond\"]}]},{\"@type\":\"WebPage\",\"@id\":\"https:\/\/arquitecturadegalicia.eu\/blog\/reforma-do-polideportivo-do-viso\/\",\"url\":\"https:\/\/arquitecturadegalicia.eu\/blog\/reforma-do-polideportivo-do-viso\/\",\"name\":\"Reforma do Polideportivo do Viso | AG\",\"isPartOf\":{\"@id\":\"https:\/\/arquitecturadegalicia.eu\/blog\/#website\"},\"primaryImageOfPage\":{\"@id\":\"https:\/\/arquitecturadegalicia.eu\/blog\/reforma-do-polideportivo-do-viso\/#primaryimage\"},\"image\":{\"@id\":\"https:\/\/arquitecturadegalicia.eu\/blog\/reforma-do-polideportivo-do-viso\/#primaryimage\"},\"thumbnailUrl\":\"https:\/\/arquitecturadegalicia.eu\/blog\/wp-content\/uploads\/2013\/03\/POLIDEPORTIVO-DO-VISO-02.jpg\",\"datePublished\":\"2013-03-03T11:00:18+00:00\",\"dateModified\":\"2013-03-18T15:13:04+00:00\",\"breadcrumb\":{\"@id\":\"https:\/\/arquitecturadegalicia.eu\/blog\/reforma-do-polideportivo-do-viso\/#breadcrumb\"},\"inLanguage\":\"es\",\"potentialAction\":[{\"@type\":\"ReadAction\",\"target\":[\"https:\/\/arquitecturadegalicia.eu\/blog\/reforma-do-polideportivo-do-viso\/\"]}]},{\"@type\":\"ImageObject\",\"inLanguage\":\"es\",\"@id\":\"https:\/\/arquitecturadegalicia.eu\/blog\/reforma-do-polideportivo-do-viso\/#primaryimage\",\"url\":\"https:\/\/arquitecturadegalicia.eu\/blog\/wp-content\/uploads\/2013\/03\/POLIDEPORTIVO-DO-VISO-02.jpg\",\"contentUrl\":\"https:\/\/arquitecturadegalicia.eu\/blog\/wp-content\/uploads\/2013\/03\/POLIDEPORTIVO-DO-VISO-02.jpg\",\"width\":620,\"height\":697,\"caption\":\"Polideportivo do Viso | Antonio Amado\"},{\"@type\":\"BreadcrumbList\",\"@id\":\"https:\/\/arquitecturadegalicia.eu\/blog\/reforma-do-polideportivo-do-viso\/#breadcrumb\",\"itemListElement\":[{\"@type\":\"ListItem\",\"position\":1,\"name\":\"Portada\",\"item\":\"https:\/\/arquitecturadegalicia.eu\/blog\/\"},{\"@type\":\"ListItem\",\"position\":2,\"name\":\"Reforma do Polideportivo do Viso\"}]},{\"@type\":\"WebSite\",\"@id\":\"https:\/\/arquitecturadegalicia.eu\/blog\/#website\",\"url\":\"https:\/\/arquitecturadegalicia.eu\/blog\/\",\"name\":\"AG\",\"description\":\"Arquitectura de Galicia\",\"publisher\":{\"@id\":\"https:\/\/arquitecturadegalicia.eu\/blog\/#organization\"},\"potentialAction\":[{\"@type\":\"SearchAction\",\"target\":{\"@type\":\"EntryPoint\",\"urlTemplate\":\"https:\/\/arquitecturadegalicia.eu\/blog\/?s={search_term_string}\"},\"query-input\":{\"@type\":\"PropertyValueSpecification\",\"valueRequired\":true,\"valueName\":\"search_term_string\"}}],\"inLanguage\":\"es\"},{\"@type\":\"Organization\",\"@id\":\"https:\/\/arquitecturadegalicia.eu\/blog\/#organization\",\"name\":\"Arquitectura de Galicia\",\"url\":\"https:\/\/arquitecturadegalicia.eu\/blog\/\",\"logo\":{\"@type\":\"ImageObject\",\"inLanguage\":\"es\",\"@id\":\"https:\/\/arquitecturadegalicia.eu\/blog\/#\/schema\/logo\/image\/\",\"url\":\"https:\/\/arquitecturadegalicia.eu\/blog\/wp-content\/uploads\/2017\/01\/arquitecturacurrents2.png\",\"contentUrl\":\"https:\/\/arquitecturadegalicia.eu\/blog\/wp-content\/uploads\/2017\/01\/arquitecturacurrents2.png\",\"width\":840,\"height\":640,\"caption\":\"Arquitectura de Galicia\"},\"image\":{\"@id\":\"https:\/\/arquitecturadegalicia.eu\/blog\/#\/schema\/logo\/image\/\"},\"sameAs\":[\"https:\/\/www.facebook.com\/ArquitecturadeGalicia\/\",\"https:\/\/x.com\/arquigaliciaeu\",\"https:\/\/www.instagram.com\/arquigaliciaeu\/\"]},{\"@type\":\"Person\",\"@id\":\"https:\/\/arquitecturadegalicia.eu\/blog\/#\/schema\/person\/25cb39b0990eede8939e86ceff6a933b\",\"name\":\"Rub\u00e9n Ulloa Montes\",\"image\":{\"@type\":\"ImageObject\",\"inLanguage\":\"es\",\"@id\":\"https:\/\/arquitecturadegalicia.eu\/blog\/#\/schema\/person\/image\/\",\"url\":\"https:\/\/secure.gravatar.com\/avatar\/ff68e679356737556f8604cded4a38fd?s=96&d=mm&r=g\",\"contentUrl\":\"https:\/\/secure.gravatar.com\/avatar\/ff68e679356737556f8604cded4a38fd?s=96&d=mm&r=g\",\"caption\":\"Rub\u00e9n Ulloa Montes\"},\"description\":\"A Coru\u00f1a | Fundador e coordinaci\u00f3n da p\u00e1xina web e redes sociais | Arquitecto e apasionado da tecnolox\u00eda, todo o que te\u00f1a que ver con isto se merece un post. Dime o que che gusta e che farei un blog. Fundador de ArquitecturadeGalicia e The Groyne, coordinador de\u00a0Andro4all e colaborador en Xombit do grupo Difoosion\",\"sameAs\":[\"https:\/\/x.com\/johncloro\"],\"url\":\"https:\/\/arquitecturadegalicia.eu\/blog\/author\/ruben\/\"}]}<\/script>\n<!-- \/ Yoast SEO plugin. -->","yoast_head_json":{"title":"Reforma do Polideportivo do Viso | AG","robots":{"index":"index","follow":"follow","max-snippet":"max-snippet:-1","max-image-preview":"max-image-preview:large","max-video-preview":"max-video-preview:-1"},"canonical":"https:\/\/arquitecturadegalicia.eu\/blog\/reforma-do-polideportivo-do-viso\/","og_locale":"es_ES","og_type":"article","og_title":"Reforma do Polideportivo do Viso | AG","og_description":"\"Hasta los a\u00f1os ochenta, muchos polideportivos rurales gallegos no eran m\u00e1s que naves industriales con estructuras y cubiertas met\u00e1licas, con cerramientos m\u00ednimos. Aqu\u00ed, se trataba de ampliar y adecentar lo existente, reorganizando todo sin tocar la estructura ni el volumen general, excepto los nuevos a\u00f1adidos. Hab\u00eda que utilizar adem\u00e1s un lenguaje similar en materiales y tonos a la piscina cubierta y gimnasios vecinos\" Antonio Amado Lorenzo","og_url":"https:\/\/arquitecturadegalicia.eu\/blog\/reforma-do-polideportivo-do-viso\/","og_site_name":"AG","article_publisher":"https:\/\/www.facebook.com\/ArquitecturadeGalicia\/","article_published_time":"2013-03-03T11:00:18+00:00","article_modified_time":"2013-03-18T15:13:04+00:00","og_image":[{"width":620,"height":697,"url":"https:\/\/arquitecturadegalicia.eu\/blog\/wp-content\/uploads\/2013\/03\/POLIDEPORTIVO-DO-VISO-02.jpg","type":"image\/jpeg"}],"author":"Rub\u00e9n Ulloa Montes","twitter_card":"summary_large_image","twitter_creator":"@johncloro","twitter_site":"@arquigaliciaeu","twitter_misc":{"Escrito por":"Rub\u00e9n Ulloa Montes","Tiempo de lectura":"1 minuto"},"schema":{"@context":"https:\/\/schema.org","@graph":[{"@type":"Article","@id":"https:\/\/arquitecturadegalicia.eu\/blog\/reforma-do-polideportivo-do-viso\/#article","isPartOf":{"@id":"https:\/\/arquitecturadegalicia.eu\/blog\/reforma-do-polideportivo-do-viso\/"},"author":{"name":"Rub\u00e9n Ulloa Montes","@id":"https:\/\/arquitecturadegalicia.eu\/blog\/#\/schema\/person\/25cb39b0990eede8939e86ceff6a933b"},"headline":"Reforma do Polideportivo do Viso","datePublished":"2013-03-03T11:00:18+00:00","dateModified":"2013-03-18T15:13:04+00:00","mainEntityOfPage":{"@id":"https:\/\/arquitecturadegalicia.eu\/blog\/reforma-do-polideportivo-do-viso\/"},"wordCount":168,"commentCount":0,"publisher":{"@id":"https:\/\/arquitecturadegalicia.eu\/blog\/#organization"},"image":{"@id":"https:\/\/arquitecturadegalicia.eu\/blog\/reforma-do-polideportivo-do-viso\/#primaryimage"},"thumbnailUrl":"https:\/\/arquitecturadegalicia.eu\/blog\/wp-content\/uploads\/2013\/03\/POLIDEPORTIVO-DO-VISO-02.jpg","keywords":["2007","Antonio Amado","arz\u00faa","deportivo"],"articleSection":["Arz\u00faa"],"inLanguage":"es","potentialAction":[{"@type":"CommentAction","name":"Comment","target":["https:\/\/arquitecturadegalicia.eu\/blog\/reforma-do-polideportivo-do-viso\/#respond"]}]},{"@type":"WebPage","@id":"https:\/\/arquitecturadegalicia.eu\/blog\/reforma-do-polideportivo-do-viso\/","url":"https:\/\/arquitecturadegalicia.eu\/blog\/reforma-do-polideportivo-do-viso\/","name":"Reforma do Polideportivo do Viso | AG","isPartOf":{"@id":"https:\/\/arquitecturadegalicia.eu\/blog\/#website"},"primaryImageOfPage":{"@id":"https:\/\/arquitecturadegalicia.eu\/blog\/reforma-do-polideportivo-do-viso\/#primaryimage"},"image":{"@id":"https:\/\/arquitecturadegalicia.eu\/blog\/reforma-do-polideportivo-do-viso\/#primaryimage"},"thumbnailUrl":"https:\/\/arquitecturadegalicia.eu\/blog\/wp-content\/uploads\/2013\/03\/POLIDEPORTIVO-DO-VISO-02.jpg","datePublished":"2013-03-03T11:00:18+00:00","dateModified":"2013-03-18T15:13:04+00:00","breadcrumb":{"@id":"https:\/\/arquitecturadegalicia.eu\/blog\/reforma-do-polideportivo-do-viso\/#breadcrumb"},"inLanguage":"es","potentialAction":[{"@type":"ReadAction","target":["https:\/\/arquitecturadegalicia.eu\/blog\/reforma-do-polideportivo-do-viso\/"]}]},{"@type":"ImageObject","inLanguage":"es","@id":"https:\/\/arquitecturadegalicia.eu\/blog\/reforma-do-polideportivo-do-viso\/#primaryimage","url":"https:\/\/arquitecturadegalicia.eu\/blog\/wp-content\/uploads\/2013\/03\/POLIDEPORTIVO-DO-VISO-02.jpg","contentUrl":"https:\/\/arquitecturadegalicia.eu\/blog\/wp-content\/uploads\/2013\/03\/POLIDEPORTIVO-DO-VISO-02.jpg","width":620,"height":697,"caption":"Polideportivo do Viso | Antonio Amado"},{"@type":"BreadcrumbList","@id":"https:\/\/arquitecturadegalicia.eu\/blog\/reforma-do-polideportivo-do-viso\/#breadcrumb","itemListElement":[{"@type":"ListItem","position":1,"name":"Portada","item":"https:\/\/arquitecturadegalicia.eu\/blog\/"},{"@type":"ListItem","position":2,"name":"Reforma do Polideportivo do Viso"}]},{"@type":"WebSite","@id":"https:\/\/arquitecturadegalicia.eu\/blog\/#website","url":"https:\/\/arquitecturadegalicia.eu\/blog\/","name":"AG","description":"Arquitectura de Galicia","publisher":{"@id":"https:\/\/arquitecturadegalicia.eu\/blog\/#organization"},"potentialAction":[{"@type":"SearchAction","target":{"@type":"EntryPoint","urlTemplate":"https:\/\/arquitecturadegalicia.eu\/blog\/?s={search_term_string}"},"query-input":{"@type":"PropertyValueSpecification","valueRequired":true,"valueName":"search_term_string"}}],"inLanguage":"es"},{"@type":"Organization","@id":"https:\/\/arquitecturadegalicia.eu\/blog\/#organization","name":"Arquitectura de Galicia","url":"https:\/\/arquitecturadegalicia.eu\/blog\/","logo":{"@type":"ImageObject","inLanguage":"es","@id":"https:\/\/arquitecturadegalicia.eu\/blog\/#\/schema\/logo\/image\/","url":"https:\/\/arquitecturadegalicia.eu\/blog\/wp-content\/uploads\/2017\/01\/arquitecturacurrents2.png","contentUrl":"https:\/\/arquitecturadegalicia.eu\/blog\/wp-content\/uploads\/2017\/01\/arquitecturacurrents2.png","width":840,"height":640,"caption":"Arquitectura de Galicia"},"image":{"@id":"https:\/\/arquitecturadegalicia.eu\/blog\/#\/schema\/logo\/image\/"},"sameAs":["https:\/\/www.facebook.com\/ArquitecturadeGalicia\/","https:\/\/x.com\/arquigaliciaeu","https:\/\/www.instagram.com\/arquigaliciaeu\/"]},{"@type":"Person","@id":"https:\/\/arquitecturadegalicia.eu\/blog\/#\/schema\/person\/25cb39b0990eede8939e86ceff6a933b","name":"Rub\u00e9n Ulloa Montes","image":{"@type":"ImageObject","inLanguage":"es","@id":"https:\/\/arquitecturadegalicia.eu\/blog\/#\/schema\/person\/image\/","url":"https:\/\/secure.gravatar.com\/avatar\/ff68e679356737556f8604cded4a38fd?s=96&d=mm&r=g","contentUrl":"https:\/\/secure.gravatar.com\/avatar\/ff68e679356737556f8604cded4a38fd?s=96&d=mm&r=g","caption":"Rub\u00e9n Ulloa Montes"},"description":"A Coru\u00f1a | Fundador e coordinaci\u00f3n da p\u00e1xina web e redes sociais | Arquitecto e apasionado da tecnolox\u00eda, todo o que te\u00f1a que ver con isto se merece un post. Dime o que che gusta e che farei un blog. Fundador de ArquitecturadeGalicia e The Groyne, coordinador de\u00a0Andro4all e colaborador en Xombit do grupo Difoosion","sameAs":["https:\/\/x.com\/johncloro"],"url":"https:\/\/arquitecturadegalicia.eu\/blog\/author\/ruben\/"}]}},"jetpack_featured_media_url":"https:\/\/arquitecturadegalicia.eu\/blog\/wp-content\/uploads\/2013\/03\/POLIDEPORTIVO-DO-VISO-02.jpg","jetpack_shortlink":"https:\/\/wp.me\/p2NHs2-W8","jetpack_sharing_enabled":true,"_links":{"self":[{"href":"https:\/\/arquitecturadegalicia.eu\/blog\/wp-json\/wp\/v2\/posts\/3604","targetHints":{"allow":["GET"]}}],"collection":[{"href":"https:\/\/arquitecturadegalicia.eu\/blog\/wp-json\/wp\/v2\/posts"}],"about":[{"href":"https:\/\/arquitecturadegalicia.eu\/blog\/wp-json\/wp\/v2\/types\/post"}],"author":[{"embeddable":true,"href":"https:\/\/arquitecturadegalicia.eu\/blog\/wp-json\/wp\/v2\/users\/2"}],"replies":[{"embeddable":true,"href":"https:\/\/arquitecturadegalicia.eu\/blog\/wp-json\/wp\/v2\/comments?post=3604"}],"version-history":[{"count":24,"href":"https:\/\/arquitecturadegalicia.eu\/blog\/wp-json\/wp\/v2\/posts\/3604\/revisions"}],"predecessor-version":[{"id":5084,"href":"https:\/\/arquitecturadegalicia.eu\/blog\/wp-json\/wp\/v2\/posts\/3604\/revisions\/5084"}],"wp:featuredmedia":[{"embeddable":true,"href":"https:\/\/arquitecturadegalicia.eu\/blog\/wp-json\/wp\/v2\/media\/5056"}],"wp:attachment":[{"href":"https:\/\/arquitecturadegalicia.eu\/blog\/wp-json\/wp\/v2\/media?parent=3604"}],"wp:term":[{"taxonomy":"category","embeddable":true,"href":"https:\/\/arquitecturadegalicia.eu\/blog\/wp-json\/wp\/v2\/categories?post=3604"},{"taxonomy":"post_tag","embeddable":true,"href":"https:\/\/arquitecturadegalicia.eu\/blog\/wp-json\/wp\/v2\/tags?post=3604"},{"taxonomy":"ano","embeddable":true,"href":"https:\/\/arquitecturadegalicia.eu\/blog\/wp-json\/wp\/v2\/ano?post=3604"},{"taxonomy":"arquitectos","embeddable":true,"href":"https:\/\/arquitecturadegalicia.eu\/blog\/wp-json\/wp\/v2\/arquitectos?post=3604"},{"taxonomy":"tipoloxia","embeddable":true,"href":"https:\/\/arquitecturadegalicia.eu\/blog\/wp-json\/wp\/v2\/tipoloxia?post=3604"}],"curies":[{"name":"wp","href":"https:\/\/api.w.org\/{rel}","templated":true}]}}