{"id":5085,"date":"2013-03-18T22:00:59","date_gmt":"2013-03-18T21:00:59","guid":{"rendered":"http:\/\/arquitecturadegalicia.eu\/blog\/?p=5085"},"modified":"2013-03-23T11:52:57","modified_gmt":"2013-03-23T10:52:57","slug":"casa-social-a-grana","status":"publish","type":"post","link":"https:\/\/arquitecturadegalicia.eu\/blog\/casa-social-a-grana\/","title":{"rendered":"Casa Social A Gra\u00f1a"},"content":{"rendered":"<h6 style=\"text-align: right;\"><img fetchpriority=\"high\" decoding=\"async\" class=\"aligncenter size-full wp-image-5087\" alt=\"Centro Social A Gra\u00f1a | Cend\u00f3n + V\u00e1zquez | MgV\" src=\"http:\/\/arquitecturadegalicia.eu\/blog\/wp-content\/uploads\/2013\/03\/Centro-Social-A-Gra\u00f1a-Cendon-Vazquez.jpg\" width=\"620\" height=\"175\" srcset=\"https:\/\/arquitecturadegalicia.eu\/blog\/wp-content\/uploads\/2013\/03\/Centro-Social-A-Gra\u00f1a-Cendon-Vazquez.jpg 620w, https:\/\/arquitecturadegalicia.eu\/blog\/wp-content\/uploads\/2013\/03\/Centro-Social-A-Gra\u00f1a-Cendon-Vazquez-300x84.jpg 300w\" sizes=\"(max-width: 620px) 100vw, 620px\" \/><span style=\"color: #999999;\"><a href=\"http:\/\/manuelgvicente.blogspot.com.es\/\" target=\"_blank\"><span style=\"color: #999999;\">MgV<\/span><\/a><\/span><\/h6>\n<table class=\"aligncenter\" width=\"620\" border=\"0\" cellspacing=\"0\" cellpadding=\"0\">\n<tbody>\n<tr>\n<td width=\"180\"><strong>Obra:<\/strong><\/td>\n<td>\u00a0Casa social A Gra\u00f1a<\/td>\n<\/tr>\n<tr>\n<td><strong>Arquitecto:<\/strong><\/td>\n<td>\u00a0Cend\u00f3n-V\u00e1zquez Arquitectos<\/td>\n<\/tr>\n<tr>\n<td><strong>Provincia:<\/strong><\/td>\n<td>\u00a0Pontevedra<\/td>\n<\/tr>\n<tr>\n<td><strong>Localidade:<\/strong><\/td>\n<td>\u00a0Covelo<\/td>\n<\/tr>\n<tr>\n<td><strong>Ano:<\/strong><\/td>\n<td>\u00a02009-2010<\/td>\n<\/tr>\n<tr>\n<td><strong>Xeolocalizaci\u00f3n:<\/strong><\/td>\n<td>\u00a0<strong><a href=\"https:\/\/maps.google.es\/maps\/ms?hl=es&amp;ie=UTF8&amp;oe=UTF8&amp;msa=0&amp;msid=205584753861089304839.0004b3590a9baff01c53d&amp;num=200&amp;start=200&amp;ll=42.325793,-8.320019&amp;spn=0.00729,0.016512&amp;t=h&amp;z=17&amp;vpsrc=6&amp;iwloc=0004d837808c552fa384d\" target=\"_blank\">42.325,-8.320<\/a><a href=\"enlacequeseadelgoogleearht\" target=\"_blank\"><br \/>\n<\/a><\/strong><\/td>\n<\/tr>\n<\/tbody>\n<\/table>\n<table class=\" aligncenter\" width=\"620\" border=\"0\" cellspacing=\"0\" cellpadding=\"0\">\n<tbody>\n<tr>\n<td colspan=\"3\"><strong>Outros Datos:<\/strong><\/td>\n<\/tr>\n<tr>\n<td width=\"20\"><\/td>\n<td colspan=\"2\"><strong>Premios:<\/strong><\/td>\n<\/tr>\n<tr>\n<td width=\"20\"><\/td>\n<td width=\"20\"><\/td>\n<td width=\"580\"><\/td>\n<\/tr>\n<tr>\n<td width=\"20\"><\/td>\n<td colspan=\"2\"><strong>Publicaci\u00f3ns:<\/strong><\/td>\n<\/tr>\n<tr>\n<td width=\"20\"><\/td>\n<td width=\"20\"><\/td>\n<td><\/td>\n<\/tr>\n<tr>\n<td width=\"20\"><\/td>\n<td colspan=\"2\"><strong>Informaci\u00f3n na rede:<\/strong><\/td>\n<\/tr>\n<tr>\n<td width=\"20\"><\/td>\n<td width=\"20\"><\/td>\n<td><\/td>\n<\/tr>\n<tr>\n<td width=\"20\"><\/td>\n<td colspan=\"2\"><strong>Descripci\u00f3n do proxecto:<\/strong><\/td>\n<\/tr>\n<tr>\n<td width=\"20\"><\/td>\n<td width=\"20\"><\/td>\n<td><em>\u00abFueron condicionantes fundamentales de la intervenci\u00f3n:<br \/>\n<\/em><em>-La proximidad con el centro reuni\u00f3n del n\u00facleo: A Carreira.<br \/>\n<\/em><em>-La condici\u00f3n de esquina de la parcela.<br \/>\n<\/em><em>-La pendiente del vial de acceso.<br \/>\n<\/em><em><em>-Las sucesivas plataformas de la parcela.<\/em><\/em><em>Y fueron intenciones del proyecto:<br \/>\n<\/em><em>-Minimizar la intervenci\u00f3n a escala del n\u00facleo.<br \/>\n<\/em><em>-Generar espacios p\u00fablicos y de relaci\u00f3n.<br \/>\n<\/em><em>-B\u00fasqueda de continuidad espacial y visual con A Carreira.<\/em><em id=\"__mceDel\"><em>Se proyectan dos plazas adapt\u00e1ndose a las plataformas existentes en la topograf\u00eda original de la parcela. La nueva edificaci\u00f3n se adapta a las plazas proyectadas.<\/em><\/em><em>Se descompone el volumen de la edificaci\u00f3n en dos, proyectando as\u00ed un edificio con planta en \u201cL\u201d. Uno de los brazos de \u00e9sta es de una planta y se encuentra semienterrado, hace de muro de contenci\u00f3n salvando el desnivel entre la\u00a0 plaza superior y la inferior. El otro brazo es de dos plantas y se dispone perpendicular al vial de acceso sin interrumpir las hermosas vistas del valle y de los montes situados al Oeste.<\/em><em>El edificio as\u00ed planteado se integra perfectamente en la topograf\u00eda, es prolongaci\u00f3n de las plazas proyectadas y la volumetr\u00eda resultante no distorsiona con el tejido de viviendas unifamiliares que le rodea.<\/em><\/p>\n<p><em>La fragmentaci\u00f3n de vol\u00famenes y la pureza de remates, sin ning\u00fan tipo de ostentaciones formales favorecen la integraci\u00f3n de la edificaci\u00f3n dentro de un n\u00facleo rural. Buscamos la sencillez de materiales y de vol\u00famenes. Los huecos dialogan con la arquitectura tradicional. Procuramos facilitar la interrelaci\u00f3n y el di\u00e1logo edificio-parcela.<\/em><\/p>\n<p><em>Creemos que la construcci\u00f3n de un edificio y una plaza de uso p\u00fablico suponen construir un nuevo hito dentro del tejido del n\u00facleo, como debe serlo un edificio p\u00fablico, integr\u00e1ndose dentro de \u00e9ste y generando en su entorno un espacio de relaci\u00f3n. Espacio que se relaciona visual y f\u00edsicamente con el centro del n\u00facleo \u201cA Carreira\u201d generando as\u00ed un nueva centralidad y dotaci\u00f3n de espacio libre de entidad suficiente para el n\u00facleo.\u00bb<\/em>\u00a0Perfecto Cend\u00f3n e\u00a0Javier V\u00e1zquez<\/td>\n<\/tr>\n<tr>\n<td width=\"20\"><\/td>\n<td colspan=\"2\"><b>Reportaxe fotogr\u00e1fica: <\/b><a href=\"http:\/\/manuelgvicente.blogspot.com.es\/\" target=\"_blank\"><strong>MgV<\/strong><\/a> cedida por Cend\u00f3n-V\u00e1zquez Arquitectos<\/td>\n<\/tr>\n<tr>\n<td width=\"20\"><\/td>\n<td colspan=\"2\"><p class=\"jetpack-slideshow-noscript robots-nocontent\">El pase de diapositivas requiere JavaScript.<\/p><div id=\"gallery-104-1-slideshow\" class=\"jetpack-slideshow-window jetpack-slideshow jetpack-slideshow-black\" data-trans=\"fade\" data-autostart=\"1\" data-gallery=\"[{&quot;src&quot;:&quot;https:\\\/\\\/arquitecturadegalicia.eu\\\/blog\\\/wp-content\\\/uploads\\\/2011\\\/12\\\/f8ahxnz1.jpg&quot;,&quot;id&quot;:&quot;105&quot;,&quot;title&quot;:&quot;Sala de Exposici\\u00f3ns de Bertamir\\u00e1ns&quot;,&quot;alt&quot;:&quot;Sala de Exposici\\u00f3n de Bertamir\\u00e1ns de Salgado e Li\\u00f1ares | Foto de Santos-Diez | BIS&quot;,&quot;caption&quot;:&quot;&quot;,&quot;itemprop&quot;:&quot;image&quot;}]\" itemscope itemtype=\"https:\/\/schema.org\/ImageGallery\"><\/div><\/td>\n<\/tr>\n<tr>\n<td width=\"20\"><\/td>\n<td colspan=\"2\"><strong>Planos:<\/strong><\/td>\n<\/tr>\n<tr>\n<td width=\"20\"><\/td>\n<td colspan=\"2\">[nggallery id=105]<\/td>\n<\/tr>\n<\/tbody>\n<\/table>\n","protected":false},"excerpt":{"rendered":"<p>\u00abSe proyectan dos plazas adapt\u00e1ndose a las plataformas existentes en la topograf\u00eda original de la parcela. La nueva edificaci\u00f3n se adapta a las plazas proyectadas. Se descompone el volumen de la edificaci\u00f3n en dos, proyectando as\u00ed un edificio con planta en \u201cL\u201d. Uno de los brazos de \u00e9sta es de una planta y se encuentra semienterrado, hace de muro de contenci\u00f3n salvando el desnivel entre la  plaza superior y la inferior&#8230;\u00bb<\/p>\n","protected":false},"author":2,"featured_media":5087,"comment_status":"open","ping_status":"open","sticky":false,"template":"","format":"standard","meta":{"jetpack_post_was_ever_published":false,"_jetpack_newsletter_access":"","_jetpack_dont_email_post_to_subs":false,"_jetpack_newsletter_tier_id":0,"_jetpack_memberships_contains_paywalled_content":false,"_jetpack_memberships_contains_paid_content":false,"footnotes":"","jetpack_publicize_message":"","jetpack_publicize_feature_enabled":true,"jetpack_social_post_already_shared":true,"jetpack_social_options":{"image_generator_settings":{"template":"highway","enabled":false},"version":2}},"categories":[409],"tags":[55,172,212],"ano":[],"arquitectos":[],"tipoloxia":[],"class_list":["post-5085","post","type-post","status-publish","format-standard","has-post-thumbnail","hentry","category-covelo","tag-55","tag-cendon-vazquez","tag-centro-social","content-print"],"jetpack_publicize_connections":[],"yoast_head":"<!-- This site is optimized with the Yoast SEO plugin v24.1 - https:\/\/yoast.com\/wordpress\/plugins\/seo\/ -->\n<title>Casa Social A Gra\u00f1a | AG<\/title>\n<meta name=\"robots\" content=\"index, follow, max-snippet:-1, max-image-preview:large, max-video-preview:-1\" \/>\n<link rel=\"canonical\" href=\"https:\/\/arquitecturadegalicia.eu\/blog\/casa-social-a-grana\/\" \/>\n<meta property=\"og:locale\" content=\"es_ES\" \/>\n<meta property=\"og:type\" content=\"article\" \/>\n<meta property=\"og:title\" content=\"Casa Social A Gra\u00f1a | AG\" \/>\n<meta property=\"og:description\" content=\"&quot;Se proyectan dos plazas adapt\u00e1ndose a las plataformas existentes en la topograf\u00eda original de la parcela. La nueva edificaci\u00f3n se adapta a las plazas proyectadas. Se descompone el volumen de la edificaci\u00f3n en dos, proyectando as\u00ed un edificio con planta en \u201cL\u201d. Uno de los brazos de \u00e9sta es de una planta y se encuentra semienterrado, hace de muro de contenci\u00f3n salvando el desnivel entre la plaza superior y la inferior...&quot;\" \/>\n<meta property=\"og:url\" content=\"https:\/\/arquitecturadegalicia.eu\/blog\/casa-social-a-grana\/\" \/>\n<meta property=\"og:site_name\" content=\"AG\" \/>\n<meta property=\"article:publisher\" content=\"https:\/\/www.facebook.com\/ArquitecturadeGalicia\/\" \/>\n<meta property=\"article:published_time\" content=\"2013-03-18T21:00:59+00:00\" \/>\n<meta property=\"article:modified_time\" content=\"2013-03-23T10:52:57+00:00\" \/>\n<meta property=\"og:image\" content=\"https:\/\/arquitecturadegalicia.eu\/blog\/wp-content\/uploads\/2013\/03\/Centro-Social-A-Gra\u00f1a-Cendon-Vazquez.jpg\" \/>\n\t<meta property=\"og:image:width\" content=\"620\" \/>\n\t<meta property=\"og:image:height\" content=\"175\" \/>\n\t<meta property=\"og:image:type\" content=\"image\/jpeg\" \/>\n<meta name=\"author\" content=\"Rub\u00e9n Ulloa Montes\" \/>\n<meta name=\"twitter:card\" content=\"summary_large_image\" \/>\n<meta name=\"twitter:creator\" content=\"@johncloro\" \/>\n<meta name=\"twitter:site\" content=\"@arquigaliciaeu\" \/>\n<meta name=\"twitter:label1\" content=\"Escrito por\" \/>\n\t<meta name=\"twitter:data1\" content=\"Rub\u00e9n Ulloa Montes\" \/>\n\t<meta name=\"twitter:label2\" content=\"Tiempo de lectura\" \/>\n\t<meta name=\"twitter:data2\" content=\"2 minutos\" \/>\n<script type=\"application\/ld+json\" class=\"yoast-schema-graph\">{\"@context\":\"https:\/\/schema.org\",\"@graph\":[{\"@type\":\"Article\",\"@id\":\"https:\/\/arquitecturadegalicia.eu\/blog\/casa-social-a-grana\/#article\",\"isPartOf\":{\"@id\":\"https:\/\/arquitecturadegalicia.eu\/blog\/casa-social-a-grana\/\"},\"author\":{\"name\":\"Rub\u00e9n Ulloa Montes\",\"@id\":\"https:\/\/arquitecturadegalicia.eu\/blog\/#\/schema\/person\/25cb39b0990eede8939e86ceff6a933b\"},\"headline\":\"Casa Social A Gra\u00f1a\",\"datePublished\":\"2013-03-18T21:00:59+00:00\",\"dateModified\":\"2013-03-23T10:52:57+00:00\",\"mainEntityOfPage\":{\"@id\":\"https:\/\/arquitecturadegalicia.eu\/blog\/casa-social-a-grana\/\"},\"wordCount\":411,\"commentCount\":0,\"publisher\":{\"@id\":\"https:\/\/arquitecturadegalicia.eu\/blog\/#organization\"},\"image\":{\"@id\":\"https:\/\/arquitecturadegalicia.eu\/blog\/casa-social-a-grana\/#primaryimage\"},\"thumbnailUrl\":\"https:\/\/arquitecturadegalicia.eu\/blog\/wp-content\/uploads\/2013\/03\/Centro-Social-A-Gra\u00f1a-Cendon-Vazquez.jpg\",\"keywords\":[\"2010\",\"Cend\u00f3n-V\u00e1zquez\",\"Centro social\"],\"articleSection\":[\"Covelo\"],\"inLanguage\":\"es\",\"potentialAction\":[{\"@type\":\"CommentAction\",\"name\":\"Comment\",\"target\":[\"https:\/\/arquitecturadegalicia.eu\/blog\/casa-social-a-grana\/#respond\"]}]},{\"@type\":\"WebPage\",\"@id\":\"https:\/\/arquitecturadegalicia.eu\/blog\/casa-social-a-grana\/\",\"url\":\"https:\/\/arquitecturadegalicia.eu\/blog\/casa-social-a-grana\/\",\"name\":\"Casa Social A Gra\u00f1a | AG\",\"isPartOf\":{\"@id\":\"https:\/\/arquitecturadegalicia.eu\/blog\/#website\"},\"primaryImageOfPage\":{\"@id\":\"https:\/\/arquitecturadegalicia.eu\/blog\/casa-social-a-grana\/#primaryimage\"},\"image\":{\"@id\":\"https:\/\/arquitecturadegalicia.eu\/blog\/casa-social-a-grana\/#primaryimage\"},\"thumbnailUrl\":\"https:\/\/arquitecturadegalicia.eu\/blog\/wp-content\/uploads\/2013\/03\/Centro-Social-A-Gra\u00f1a-Cendon-Vazquez.jpg\",\"datePublished\":\"2013-03-18T21:00:59+00:00\",\"dateModified\":\"2013-03-23T10:52:57+00:00\",\"breadcrumb\":{\"@id\":\"https:\/\/arquitecturadegalicia.eu\/blog\/casa-social-a-grana\/#breadcrumb\"},\"inLanguage\":\"es\",\"potentialAction\":[{\"@type\":\"ReadAction\",\"target\":[\"https:\/\/arquitecturadegalicia.eu\/blog\/casa-social-a-grana\/\"]}]},{\"@type\":\"ImageObject\",\"inLanguage\":\"es\",\"@id\":\"https:\/\/arquitecturadegalicia.eu\/blog\/casa-social-a-grana\/#primaryimage\",\"url\":\"https:\/\/arquitecturadegalicia.eu\/blog\/wp-content\/uploads\/2013\/03\/Centro-Social-A-Gra\u00f1a-Cendon-Vazquez.jpg\",\"contentUrl\":\"https:\/\/arquitecturadegalicia.eu\/blog\/wp-content\/uploads\/2013\/03\/Centro-Social-A-Gra\u00f1a-Cendon-Vazquez.jpg\",\"width\":620,\"height\":175,\"caption\":\"Centro Social A Gra\u00f1a | Cend\u00f3n + V\u00e1zquez | MgV\"},{\"@type\":\"BreadcrumbList\",\"@id\":\"https:\/\/arquitecturadegalicia.eu\/blog\/casa-social-a-grana\/#breadcrumb\",\"itemListElement\":[{\"@type\":\"ListItem\",\"position\":1,\"name\":\"Portada\",\"item\":\"https:\/\/arquitecturadegalicia.eu\/blog\/\"},{\"@type\":\"ListItem\",\"position\":2,\"name\":\"Casa Social A Gra\u00f1a\"}]},{\"@type\":\"WebSite\",\"@id\":\"https:\/\/arquitecturadegalicia.eu\/blog\/#website\",\"url\":\"https:\/\/arquitecturadegalicia.eu\/blog\/\",\"name\":\"AG\",\"description\":\"Arquitectura de Galicia\",\"publisher\":{\"@id\":\"https:\/\/arquitecturadegalicia.eu\/blog\/#organization\"},\"potentialAction\":[{\"@type\":\"SearchAction\",\"target\":{\"@type\":\"EntryPoint\",\"urlTemplate\":\"https:\/\/arquitecturadegalicia.eu\/blog\/?s={search_term_string}\"},\"query-input\":{\"@type\":\"PropertyValueSpecification\",\"valueRequired\":true,\"valueName\":\"search_term_string\"}}],\"inLanguage\":\"es\"},{\"@type\":\"Organization\",\"@id\":\"https:\/\/arquitecturadegalicia.eu\/blog\/#organization\",\"name\":\"Arquitectura de Galicia\",\"url\":\"https:\/\/arquitecturadegalicia.eu\/blog\/\",\"logo\":{\"@type\":\"ImageObject\",\"inLanguage\":\"es\",\"@id\":\"https:\/\/arquitecturadegalicia.eu\/blog\/#\/schema\/logo\/image\/\",\"url\":\"https:\/\/arquitecturadegalicia.eu\/blog\/wp-content\/uploads\/2017\/01\/arquitecturacurrents2.png\",\"contentUrl\":\"https:\/\/arquitecturadegalicia.eu\/blog\/wp-content\/uploads\/2017\/01\/arquitecturacurrents2.png\",\"width\":840,\"height\":640,\"caption\":\"Arquitectura de Galicia\"},\"image\":{\"@id\":\"https:\/\/arquitecturadegalicia.eu\/blog\/#\/schema\/logo\/image\/\"},\"sameAs\":[\"https:\/\/www.facebook.com\/ArquitecturadeGalicia\/\",\"https:\/\/x.com\/arquigaliciaeu\",\"https:\/\/www.instagram.com\/arquigaliciaeu\/\"]},{\"@type\":\"Person\",\"@id\":\"https:\/\/arquitecturadegalicia.eu\/blog\/#\/schema\/person\/25cb39b0990eede8939e86ceff6a933b\",\"name\":\"Rub\u00e9n Ulloa Montes\",\"image\":{\"@type\":\"ImageObject\",\"inLanguage\":\"es\",\"@id\":\"https:\/\/arquitecturadegalicia.eu\/blog\/#\/schema\/person\/image\/\",\"url\":\"https:\/\/secure.gravatar.com\/avatar\/ff68e679356737556f8604cded4a38fd?s=96&d=mm&r=g\",\"contentUrl\":\"https:\/\/secure.gravatar.com\/avatar\/ff68e679356737556f8604cded4a38fd?s=96&d=mm&r=g\",\"caption\":\"Rub\u00e9n Ulloa Montes\"},\"description\":\"A Coru\u00f1a | Fundador e coordinaci\u00f3n da p\u00e1xina web e redes sociais | Arquitecto e apasionado da tecnolox\u00eda, todo o que te\u00f1a que ver con isto se merece un post. Dime o que che gusta e che farei un blog. Fundador de ArquitecturadeGalicia e The Groyne, coordinador de\u00a0Andro4all e colaborador en Xombit do grupo Difoosion\",\"sameAs\":[\"https:\/\/x.com\/johncloro\"],\"url\":\"https:\/\/arquitecturadegalicia.eu\/blog\/author\/ruben\/\"}]}<\/script>\n<!-- \/ Yoast SEO plugin. -->","yoast_head_json":{"title":"Casa Social A Gra\u00f1a | AG","robots":{"index":"index","follow":"follow","max-snippet":"max-snippet:-1","max-image-preview":"max-image-preview:large","max-video-preview":"max-video-preview:-1"},"canonical":"https:\/\/arquitecturadegalicia.eu\/blog\/casa-social-a-grana\/","og_locale":"es_ES","og_type":"article","og_title":"Casa Social A Gra\u00f1a | AG","og_description":"\"Se proyectan dos plazas adapt\u00e1ndose a las plataformas existentes en la topograf\u00eda original de la parcela. La nueva edificaci\u00f3n se adapta a las plazas proyectadas. Se descompone el volumen de la edificaci\u00f3n en dos, proyectando as\u00ed un edificio con planta en \u201cL\u201d. Uno de los brazos de \u00e9sta es de una planta y se encuentra semienterrado, hace de muro de contenci\u00f3n salvando el desnivel entre la plaza superior y la inferior...\"","og_url":"https:\/\/arquitecturadegalicia.eu\/blog\/casa-social-a-grana\/","og_site_name":"AG","article_publisher":"https:\/\/www.facebook.com\/ArquitecturadeGalicia\/","article_published_time":"2013-03-18T21:00:59+00:00","article_modified_time":"2013-03-23T10:52:57+00:00","og_image":[{"width":620,"height":175,"url":"https:\/\/arquitecturadegalicia.eu\/blog\/wp-content\/uploads\/2013\/03\/Centro-Social-A-Gra\u00f1a-Cendon-Vazquez.jpg","type":"image\/jpeg"}],"author":"Rub\u00e9n Ulloa Montes","twitter_card":"summary_large_image","twitter_creator":"@johncloro","twitter_site":"@arquigaliciaeu","twitter_misc":{"Escrito por":"Rub\u00e9n Ulloa Montes","Tiempo de lectura":"2 minutos"},"schema":{"@context":"https:\/\/schema.org","@graph":[{"@type":"Article","@id":"https:\/\/arquitecturadegalicia.eu\/blog\/casa-social-a-grana\/#article","isPartOf":{"@id":"https:\/\/arquitecturadegalicia.eu\/blog\/casa-social-a-grana\/"},"author":{"name":"Rub\u00e9n Ulloa Montes","@id":"https:\/\/arquitecturadegalicia.eu\/blog\/#\/schema\/person\/25cb39b0990eede8939e86ceff6a933b"},"headline":"Casa Social A Gra\u00f1a","datePublished":"2013-03-18T21:00:59+00:00","dateModified":"2013-03-23T10:52:57+00:00","mainEntityOfPage":{"@id":"https:\/\/arquitecturadegalicia.eu\/blog\/casa-social-a-grana\/"},"wordCount":411,"commentCount":0,"publisher":{"@id":"https:\/\/arquitecturadegalicia.eu\/blog\/#organization"},"image":{"@id":"https:\/\/arquitecturadegalicia.eu\/blog\/casa-social-a-grana\/#primaryimage"},"thumbnailUrl":"https:\/\/arquitecturadegalicia.eu\/blog\/wp-content\/uploads\/2013\/03\/Centro-Social-A-Gra\u00f1a-Cendon-Vazquez.jpg","keywords":["2010","Cend\u00f3n-V\u00e1zquez","Centro social"],"articleSection":["Covelo"],"inLanguage":"es","potentialAction":[{"@type":"CommentAction","name":"Comment","target":["https:\/\/arquitecturadegalicia.eu\/blog\/casa-social-a-grana\/#respond"]}]},{"@type":"WebPage","@id":"https:\/\/arquitecturadegalicia.eu\/blog\/casa-social-a-grana\/","url":"https:\/\/arquitecturadegalicia.eu\/blog\/casa-social-a-grana\/","name":"Casa Social A Gra\u00f1a | AG","isPartOf":{"@id":"https:\/\/arquitecturadegalicia.eu\/blog\/#website"},"primaryImageOfPage":{"@id":"https:\/\/arquitecturadegalicia.eu\/blog\/casa-social-a-grana\/#primaryimage"},"image":{"@id":"https:\/\/arquitecturadegalicia.eu\/blog\/casa-social-a-grana\/#primaryimage"},"thumbnailUrl":"https:\/\/arquitecturadegalicia.eu\/blog\/wp-content\/uploads\/2013\/03\/Centro-Social-A-Gra\u00f1a-Cendon-Vazquez.jpg","datePublished":"2013-03-18T21:00:59+00:00","dateModified":"2013-03-23T10:52:57+00:00","breadcrumb":{"@id":"https:\/\/arquitecturadegalicia.eu\/blog\/casa-social-a-grana\/#breadcrumb"},"inLanguage":"es","potentialAction":[{"@type":"ReadAction","target":["https:\/\/arquitecturadegalicia.eu\/blog\/casa-social-a-grana\/"]}]},{"@type":"ImageObject","inLanguage":"es","@id":"https:\/\/arquitecturadegalicia.eu\/blog\/casa-social-a-grana\/#primaryimage","url":"https:\/\/arquitecturadegalicia.eu\/blog\/wp-content\/uploads\/2013\/03\/Centro-Social-A-Gra\u00f1a-Cendon-Vazquez.jpg","contentUrl":"https:\/\/arquitecturadegalicia.eu\/blog\/wp-content\/uploads\/2013\/03\/Centro-Social-A-Gra\u00f1a-Cendon-Vazquez.jpg","width":620,"height":175,"caption":"Centro Social A Gra\u00f1a | Cend\u00f3n + V\u00e1zquez | MgV"},{"@type":"BreadcrumbList","@id":"https:\/\/arquitecturadegalicia.eu\/blog\/casa-social-a-grana\/#breadcrumb","itemListElement":[{"@type":"ListItem","position":1,"name":"Portada","item":"https:\/\/arquitecturadegalicia.eu\/blog\/"},{"@type":"ListItem","position":2,"name":"Casa Social A Gra\u00f1a"}]},{"@type":"WebSite","@id":"https:\/\/arquitecturadegalicia.eu\/blog\/#website","url":"https:\/\/arquitecturadegalicia.eu\/blog\/","name":"AG","description":"Arquitectura de Galicia","publisher":{"@id":"https:\/\/arquitecturadegalicia.eu\/blog\/#organization"},"potentialAction":[{"@type":"SearchAction","target":{"@type":"EntryPoint","urlTemplate":"https:\/\/arquitecturadegalicia.eu\/blog\/?s={search_term_string}"},"query-input":{"@type":"PropertyValueSpecification","valueRequired":true,"valueName":"search_term_string"}}],"inLanguage":"es"},{"@type":"Organization","@id":"https:\/\/arquitecturadegalicia.eu\/blog\/#organization","name":"Arquitectura de Galicia","url":"https:\/\/arquitecturadegalicia.eu\/blog\/","logo":{"@type":"ImageObject","inLanguage":"es","@id":"https:\/\/arquitecturadegalicia.eu\/blog\/#\/schema\/logo\/image\/","url":"https:\/\/arquitecturadegalicia.eu\/blog\/wp-content\/uploads\/2017\/01\/arquitecturacurrents2.png","contentUrl":"https:\/\/arquitecturadegalicia.eu\/blog\/wp-content\/uploads\/2017\/01\/arquitecturacurrents2.png","width":840,"height":640,"caption":"Arquitectura de Galicia"},"image":{"@id":"https:\/\/arquitecturadegalicia.eu\/blog\/#\/schema\/logo\/image\/"},"sameAs":["https:\/\/www.facebook.com\/ArquitecturadeGalicia\/","https:\/\/x.com\/arquigaliciaeu","https:\/\/www.instagram.com\/arquigaliciaeu\/"]},{"@type":"Person","@id":"https:\/\/arquitecturadegalicia.eu\/blog\/#\/schema\/person\/25cb39b0990eede8939e86ceff6a933b","name":"Rub\u00e9n Ulloa Montes","image":{"@type":"ImageObject","inLanguage":"es","@id":"https:\/\/arquitecturadegalicia.eu\/blog\/#\/schema\/person\/image\/","url":"https:\/\/secure.gravatar.com\/avatar\/ff68e679356737556f8604cded4a38fd?s=96&d=mm&r=g","contentUrl":"https:\/\/secure.gravatar.com\/avatar\/ff68e679356737556f8604cded4a38fd?s=96&d=mm&r=g","caption":"Rub\u00e9n Ulloa Montes"},"description":"A Coru\u00f1a | Fundador e coordinaci\u00f3n da p\u00e1xina web e redes sociais | Arquitecto e apasionado da tecnolox\u00eda, todo o que te\u00f1a que ver con isto se merece un post. Dime o que che gusta e che farei un blog. Fundador de ArquitecturadeGalicia e The Groyne, coordinador de\u00a0Andro4all e colaborador en Xombit do grupo Difoosion","sameAs":["https:\/\/x.com\/johncloro"],"url":"https:\/\/arquitecturadegalicia.eu\/blog\/author\/ruben\/"}]}},"jetpack_featured_media_url":"https:\/\/arquitecturadegalicia.eu\/blog\/wp-content\/uploads\/2013\/03\/Centro-Social-A-Gra\u00f1a-Cendon-Vazquez.jpg","jetpack_shortlink":"https:\/\/wp.me\/p2NHs2-1k1","jetpack_sharing_enabled":true,"_links":{"self":[{"href":"https:\/\/arquitecturadegalicia.eu\/blog\/wp-json\/wp\/v2\/posts\/5085","targetHints":{"allow":["GET"]}}],"collection":[{"href":"https:\/\/arquitecturadegalicia.eu\/blog\/wp-json\/wp\/v2\/posts"}],"about":[{"href":"https:\/\/arquitecturadegalicia.eu\/blog\/wp-json\/wp\/v2\/types\/post"}],"author":[{"embeddable":true,"href":"https:\/\/arquitecturadegalicia.eu\/blog\/wp-json\/wp\/v2\/users\/2"}],"replies":[{"embeddable":true,"href":"https:\/\/arquitecturadegalicia.eu\/blog\/wp-json\/wp\/v2\/comments?post=5085"}],"version-history":[{"count":11,"href":"https:\/\/arquitecturadegalicia.eu\/blog\/wp-json\/wp\/v2\/posts\/5085\/revisions"}],"predecessor-version":[{"id":5090,"href":"https:\/\/arquitecturadegalicia.eu\/blog\/wp-json\/wp\/v2\/posts\/5085\/revisions\/5090"}],"wp:featuredmedia":[{"embeddable":true,"href":"https:\/\/arquitecturadegalicia.eu\/blog\/wp-json\/wp\/v2\/media\/5087"}],"wp:attachment":[{"href":"https:\/\/arquitecturadegalicia.eu\/blog\/wp-json\/wp\/v2\/media?parent=5085"}],"wp:term":[{"taxonomy":"category","embeddable":true,"href":"https:\/\/arquitecturadegalicia.eu\/blog\/wp-json\/wp\/v2\/categories?post=5085"},{"taxonomy":"post_tag","embeddable":true,"href":"https:\/\/arquitecturadegalicia.eu\/blog\/wp-json\/wp\/v2\/tags?post=5085"},{"taxonomy":"ano","embeddable":true,"href":"https:\/\/arquitecturadegalicia.eu\/blog\/wp-json\/wp\/v2\/ano?post=5085"},{"taxonomy":"arquitectos","embeddable":true,"href":"https:\/\/arquitecturadegalicia.eu\/blog\/wp-json\/wp\/v2\/arquitectos?post=5085"},{"taxonomy":"tipoloxia","embeddable":true,"href":"https:\/\/arquitecturadegalicia.eu\/blog\/wp-json\/wp\/v2\/tipoloxia?post=5085"}],"curies":[{"name":"wp","href":"https:\/\/api.w.org\/{rel}","templated":true}]}}