{"id":5222,"date":"2013-03-23T16:00:23","date_gmt":"2013-03-23T15:00:23","guid":{"rendered":"http:\/\/arquitecturadegalicia.eu\/blog\/?p=5222"},"modified":"2013-03-23T12:38:24","modified_gmt":"2013-03-23T11:38:24","slug":"vivenda-paraxe-de-vilapouca","status":"publish","type":"post","link":"https:\/\/arquitecturadegalicia.eu\/blog\/vivenda-paraxe-de-vilapouca\/","title":{"rendered":"Vivenda paraxe de Vilapouca"},"content":{"rendered":"<p><img fetchpriority=\"high\" decoding=\"async\" class=\"aligncenter size-full wp-image-5223\" alt=\"Vivenda paraxe de Vilapouca | Cendon-V\u00e1zquez | Premio Gran de Area 2005\" src=\"http:\/\/arquitecturadegalicia.eu\/blog\/wp-content\/uploads\/2013\/03\/VIVENDA-PARAXE-DE-VILAPOUCA-CENDON-VAZQUEZ.jpg\" width=\"620\" height=\"394\" srcset=\"https:\/\/arquitecturadegalicia.eu\/blog\/wp-content\/uploads\/2013\/03\/VIVENDA-PARAXE-DE-VILAPOUCA-CENDON-VAZQUEZ.jpg 620w, https:\/\/arquitecturadegalicia.eu\/blog\/wp-content\/uploads\/2013\/03\/VIVENDA-PARAXE-DE-VILAPOUCA-CENDON-VAZQUEZ-300x190.jpg 300w\" sizes=\"(max-width: 620px) 100vw, 620px\" \/><\/p>\n<table class=\"aligncenter\" width=\"620\" border=\"0\" cellspacing=\"0\" cellpadding=\"0\">\n<tbody>\n<tr>\n<td width=\"180\"><strong>Obra:<\/strong><\/td>\n<td>\u00a0Vivenda paraxa de Vilapouca<\/td>\n<\/tr>\n<tr>\n<td><strong>Arquitecto:<\/strong><\/td>\n<td>\u00a0Cend\u00f3n-V\u00e1zquez<\/td>\n<\/tr>\n<tr>\n<td><strong>Provincia:<\/strong><\/td>\n<td>\u00a0Pontevedra<\/td>\n<\/tr>\n<tr>\n<td><strong>Localidade:<\/strong><\/td>\n<td>\u00a0Tui<\/td>\n<\/tr>\n<tr>\n<td><strong>Ano:<\/strong><\/td>\n<td>\u00a02002-2005<\/td>\n<\/tr>\n<tr>\n<td><strong>Xeolocalizaci\u00f3n:<\/strong><\/td>\n<td>\u00a0<strong><a href=\"https:\/\/maps.google.com\/maps\/ms?ie=UTF8&amp;hl=es&amp;oe=UTF8&amp;msa=0&amp;msid=205584753861089304839.0004b3590a9baff01c53d&amp;num=200&amp;start=200&amp;t=h&amp;vpsrc=0&amp;z=19&amp;iwloc=0004d895750c1738b0607\" target=\"_blank\">42.051,-8.689<\/a><\/strong><\/td>\n<\/tr>\n<\/tbody>\n<\/table>\n<table class=\" aligncenter\" width=\"620\" border=\"0\" cellspacing=\"0\" cellpadding=\"0\">\n<tbody>\n<tr>\n<td colspan=\"3\"><strong>Outros Datos:<\/strong><\/td>\n<\/tr>\n<tr>\n<td width=\"20\"><\/td>\n<td colspan=\"2\"><strong>Premios:<\/strong><\/td>\n<\/tr>\n<tr>\n<td width=\"20\"><\/td>\n<td width=\"20\"><\/td>\n<td width=\"580\">\u00a0Premio Gran de Area 2005<\/td>\n<\/tr>\n<tr>\n<td width=\"20\"><\/td>\n<td colspan=\"2\"><strong>Publicaci\u00f3ns:<\/strong><\/td>\n<\/tr>\n<tr>\n<td width=\"20\"><\/td>\n<td width=\"20\"><\/td>\n<td><\/td>\n<\/tr>\n<tr>\n<td width=\"20\"><\/td>\n<td colspan=\"2\"><strong>Informaci\u00f3n na rede:<\/strong><\/td>\n<\/tr>\n<tr>\n<td width=\"20\"><\/td>\n<td width=\"20\"><\/td>\n<td><\/td>\n<\/tr>\n<tr>\n<td width=\"20\"><\/td>\n<td colspan=\"2\"><strong>Descripci\u00f3n do proxecto:<\/strong><\/td>\n<\/tr>\n<tr>\n<td width=\"20\"><\/td>\n<td width=\"20\"><\/td>\n<td><em>\u00ab<\/em><em style=\"line-height: 19px;\">Dos preexistencias y el modo de acceder a la parcela condicionan la soluci\u00f3n final de la vivienda:<\/em><\/p>\n<ul>\n<li><em>Edificaci\u00f3n longitudinal en estado ruinoso que conserva\u00a0 ruinas de usos vinculados al agro, trastero y bodega con muros de mampuestos de granito dispuesta \u00a0perpendicular al \u00a0camino de acceso.<\/em><\/li>\n<li><em>Muro de contenci\u00f3n de siller\u00eda gran\u00edtica perpendicular a dicha edificaci\u00f3n.<\/em><\/li>\n<\/ul>\n<p><em>Se propone la\u00a0 recuperaci\u00f3n de dicha edificaci\u00f3n para usos auxiliares de la vivienda y de la parcela.<\/em><\/p>\n<p><em>El programa de vivienda propiamente dicho se producir\u00e1 en un volumen nuevo, el cual se apoyar\u00e1 en la direcci\u00f3n del muro preexistente.<\/em><\/p>\n<p><em>La nueva construcci\u00f3n refuerza as\u00ed el car\u00e1cter del muro preexistente y genera un espacio de acogida y de estar, en torno al nuevo conjunto edificado en forma de \u00abL\u00bb. Espacio que se cerrar\u00e1 con una p\u00e9rgola de madera.<\/em><\/p>\n<p><em>Humanizamos as\u00ed el espacio entorno a la casa. El resto de la finca, se limpia sutilmente conservando los \u00e1rboles, taludes y nacimiento de agua existentes.<\/em><\/p>\n<p><em>Dentro de la vivienda se orientan los espacios m\u00e1s p\u00fablicos a ese espacio interior (Buen soleamiento y vistas) y los privados o servidores hacia el camino.<\/em><\/p>\n<p><em>La construcci\u00f3n es sencilla a base de muros de carga de termoarcilla y forjados de madera de abeto. Se utilizaron materiales que por color y textura se integraban f\u00e1cilmente en el paisaje, a\u00fan poco deteriorado:<\/em><\/p>\n<p><em>&#8211;\u00a0\u00a0\u00a0\u00a0 Carpinter\u00eda de madera de iroco.<\/em><\/p>\n<p><em>&#8211;\u00a0\u00a0\u00a0\u00a0 Elementos met\u00e1licos en acero corten.<\/em><\/p>\n<p><em>&#8211;\u00a0\u00a0\u00a0\u00a0 Muros de mampuestos de pizarra.<\/em><\/p>\n<p><em>&#8211;\u00a0\u00a0\u00a0\u00a0 Cubierta de teja cer\u00e1mica.\u00bb<\/em> Perfecto Cend\u00f3n e Javier V\u00e1zquez<\/td>\n<\/tr>\n<tr>\n<td width=\"20\"><\/td>\n<td colspan=\"2\"><b>Reportaxe fotogr\u00e1fica:<\/b> cedida por Cend\u00f3n-V\u00e1zquez Arquitectos<\/td>\n<\/tr>\n<tr>\n<td width=\"20\"><\/td>\n<td colspan=\"2\"><\/td>\n<\/tr>\n<tr>\n<td width=\"20\"><\/td>\n<td colspan=\"2\"><strong>Planos:<\/strong><\/td>\n<\/tr>\n<tr>\n<td width=\"20\"><\/td>\n<td colspan=\"2\">[nggallery id=116]<\/td>\n<\/tr>\n<\/tbody>\n<\/table>\n","protected":false},"excerpt":{"rendered":"<p>Se propone la  recuperaci\u00f3n de dicha edificaci\u00f3n para usos auxiliares de la vivienda y de la parcela. El programa de vivienda propiamente dicho se producir\u00e1 en un volumen nuevo, el cual se apoyar\u00e1 en la direcci\u00f3n del muro preexistente.<br \/>\nLa nueva construcci\u00f3n refuerza as\u00ed el car\u00e1cter del muro preexistente y genera un espacio de acogida y de estar, en torno al nuevo conjunto edificado en forma de \u00abL\u00bb&#8230;<\/p>\n","protected":false},"author":2,"featured_media":5223,"comment_status":"open","ping_status":"open","sticky":false,"template":"","format":"standard","meta":{"jetpack_post_was_ever_published":false,"_jetpack_newsletter_access":"","_jetpack_dont_email_post_to_subs":false,"_jetpack_newsletter_tier_id":0,"_jetpack_memberships_contains_paywalled_content":false,"_jetpack_memberships_contains_paid_content":false,"footnotes":"","jetpack_publicize_message":"","jetpack_publicize_feature_enabled":true,"jetpack_social_post_already_shared":true,"jetpack_social_options":{"image_generator_settings":{"template":"highway","enabled":false},"version":2}},"categories":[431],"tags":[326,172,432,108],"ano":[],"arquitectos":[],"tipoloxia":[],"class_list":["post-5222","post","type-post","status-publish","format-standard","has-post-thumbnail","hentry","category-tui","tag-326","tag-cendon-vazquez","tag-paraxe","tag-vivenda","content-print"],"jetpack_publicize_connections":[],"yoast_head":"<!-- This site is optimized with the Yoast SEO plugin v24.1 - https:\/\/yoast.com\/wordpress\/plugins\/seo\/ -->\n<title>Vivenda paraxe de Vilapouca | AG<\/title>\n<meta name=\"robots\" content=\"index, follow, max-snippet:-1, max-image-preview:large, max-video-preview:-1\" \/>\n<link rel=\"canonical\" href=\"https:\/\/arquitecturadegalicia.eu\/blog\/vivenda-paraxe-de-vilapouca\/\" \/>\n<meta property=\"og:locale\" content=\"es_ES\" \/>\n<meta property=\"og:type\" content=\"article\" \/>\n<meta property=\"og:title\" content=\"Vivenda paraxe de Vilapouca | AG\" \/>\n<meta property=\"og:description\" content=\"Se propone la recuperaci\u00f3n de dicha edificaci\u00f3n para usos auxiliares de la vivienda y de la parcela. El programa de vivienda propiamente dicho se producir\u00e1 en un volumen nuevo, el cual se apoyar\u00e1 en la direcci\u00f3n del muro preexistente. La nueva construcci\u00f3n refuerza as\u00ed el car\u00e1cter del muro preexistente y genera un espacio de acogida y de estar, en torno al nuevo conjunto edificado en forma de &quot;L&quot;...\" \/>\n<meta property=\"og:url\" content=\"https:\/\/arquitecturadegalicia.eu\/blog\/vivenda-paraxe-de-vilapouca\/\" \/>\n<meta property=\"og:site_name\" content=\"AG\" \/>\n<meta property=\"article:publisher\" content=\"https:\/\/www.facebook.com\/ArquitecturadeGalicia\/\" \/>\n<meta property=\"article:published_time\" content=\"2013-03-23T15:00:23+00:00\" \/>\n<meta property=\"article:modified_time\" content=\"2013-03-23T11:38:24+00:00\" \/>\n<meta property=\"og:image\" content=\"https:\/\/arquitecturadegalicia.eu\/blog\/wp-content\/uploads\/2013\/03\/VIVENDA-PARAXE-DE-VILAPOUCA-CENDON-VAZQUEZ.jpg\" \/>\n\t<meta property=\"og:image:width\" content=\"620\" \/>\n\t<meta property=\"og:image:height\" content=\"394\" \/>\n\t<meta property=\"og:image:type\" content=\"image\/jpeg\" \/>\n<meta name=\"author\" content=\"Rub\u00e9n Ulloa Montes\" \/>\n<meta name=\"twitter:card\" content=\"summary_large_image\" \/>\n<meta name=\"twitter:creator\" content=\"@johncloro\" \/>\n<meta name=\"twitter:site\" content=\"@arquigaliciaeu\" \/>\n<meta name=\"twitter:label1\" content=\"Escrito por\" \/>\n\t<meta name=\"twitter:data1\" content=\"Rub\u00e9n Ulloa Montes\" \/>\n\t<meta name=\"twitter:label2\" content=\"Tiempo de lectura\" \/>\n\t<meta name=\"twitter:data2\" content=\"2 minutos\" \/>\n<script type=\"application\/ld+json\" class=\"yoast-schema-graph\">{\"@context\":\"https:\/\/schema.org\",\"@graph\":[{\"@type\":\"Article\",\"@id\":\"https:\/\/arquitecturadegalicia.eu\/blog\/vivenda-paraxe-de-vilapouca\/#article\",\"isPartOf\":{\"@id\":\"https:\/\/arquitecturadegalicia.eu\/blog\/vivenda-paraxe-de-vilapouca\/\"},\"author\":{\"name\":\"Rub\u00e9n Ulloa Montes\",\"@id\":\"https:\/\/arquitecturadegalicia.eu\/blog\/#\/schema\/person\/25cb39b0990eede8939e86ceff6a933b\"},\"headline\":\"Vivenda paraxe de Vilapouca\",\"datePublished\":\"2013-03-23T15:00:23+00:00\",\"dateModified\":\"2013-03-23T11:38:24+00:00\",\"mainEntityOfPage\":{\"@id\":\"https:\/\/arquitecturadegalicia.eu\/blog\/vivenda-paraxe-de-vilapouca\/\"},\"wordCount\":321,\"commentCount\":0,\"publisher\":{\"@id\":\"https:\/\/arquitecturadegalicia.eu\/blog\/#organization\"},\"image\":{\"@id\":\"https:\/\/arquitecturadegalicia.eu\/blog\/vivenda-paraxe-de-vilapouca\/#primaryimage\"},\"thumbnailUrl\":\"https:\/\/arquitecturadegalicia.eu\/blog\/wp-content\/uploads\/2013\/03\/VIVENDA-PARAXE-DE-VILAPOUCA-CENDON-VAZQUEZ.jpg\",\"keywords\":[\"2005\",\"Cend\u00f3n-V\u00e1zquez\",\"Paraxe\",\"Vivenda\"],\"articleSection\":[\"Tui\"],\"inLanguage\":\"es\",\"potentialAction\":[{\"@type\":\"CommentAction\",\"name\":\"Comment\",\"target\":[\"https:\/\/arquitecturadegalicia.eu\/blog\/vivenda-paraxe-de-vilapouca\/#respond\"]}]},{\"@type\":\"WebPage\",\"@id\":\"https:\/\/arquitecturadegalicia.eu\/blog\/vivenda-paraxe-de-vilapouca\/\",\"url\":\"https:\/\/arquitecturadegalicia.eu\/blog\/vivenda-paraxe-de-vilapouca\/\",\"name\":\"Vivenda paraxe de Vilapouca | AG\",\"isPartOf\":{\"@id\":\"https:\/\/arquitecturadegalicia.eu\/blog\/#website\"},\"primaryImageOfPage\":{\"@id\":\"https:\/\/arquitecturadegalicia.eu\/blog\/vivenda-paraxe-de-vilapouca\/#primaryimage\"},\"image\":{\"@id\":\"https:\/\/arquitecturadegalicia.eu\/blog\/vivenda-paraxe-de-vilapouca\/#primaryimage\"},\"thumbnailUrl\":\"https:\/\/arquitecturadegalicia.eu\/blog\/wp-content\/uploads\/2013\/03\/VIVENDA-PARAXE-DE-VILAPOUCA-CENDON-VAZQUEZ.jpg\",\"datePublished\":\"2013-03-23T15:00:23+00:00\",\"dateModified\":\"2013-03-23T11:38:24+00:00\",\"breadcrumb\":{\"@id\":\"https:\/\/arquitecturadegalicia.eu\/blog\/vivenda-paraxe-de-vilapouca\/#breadcrumb\"},\"inLanguage\":\"es\",\"potentialAction\":[{\"@type\":\"ReadAction\",\"target\":[\"https:\/\/arquitecturadegalicia.eu\/blog\/vivenda-paraxe-de-vilapouca\/\"]}]},{\"@type\":\"ImageObject\",\"inLanguage\":\"es\",\"@id\":\"https:\/\/arquitecturadegalicia.eu\/blog\/vivenda-paraxe-de-vilapouca\/#primaryimage\",\"url\":\"https:\/\/arquitecturadegalicia.eu\/blog\/wp-content\/uploads\/2013\/03\/VIVENDA-PARAXE-DE-VILAPOUCA-CENDON-VAZQUEZ.jpg\",\"contentUrl\":\"https:\/\/arquitecturadegalicia.eu\/blog\/wp-content\/uploads\/2013\/03\/VIVENDA-PARAXE-DE-VILAPOUCA-CENDON-VAZQUEZ.jpg\",\"width\":620,\"height\":394,\"caption\":\"Vivenda paraxe de Vilapouca | Cendon-V\u00e1zquez | Premio Gran de Area 2005\"},{\"@type\":\"BreadcrumbList\",\"@id\":\"https:\/\/arquitecturadegalicia.eu\/blog\/vivenda-paraxe-de-vilapouca\/#breadcrumb\",\"itemListElement\":[{\"@type\":\"ListItem\",\"position\":1,\"name\":\"Portada\",\"item\":\"https:\/\/arquitecturadegalicia.eu\/blog\/\"},{\"@type\":\"ListItem\",\"position\":2,\"name\":\"Vivenda paraxe de Vilapouca\"}]},{\"@type\":\"WebSite\",\"@id\":\"https:\/\/arquitecturadegalicia.eu\/blog\/#website\",\"url\":\"https:\/\/arquitecturadegalicia.eu\/blog\/\",\"name\":\"AG\",\"description\":\"Arquitectura de Galicia\",\"publisher\":{\"@id\":\"https:\/\/arquitecturadegalicia.eu\/blog\/#organization\"},\"potentialAction\":[{\"@type\":\"SearchAction\",\"target\":{\"@type\":\"EntryPoint\",\"urlTemplate\":\"https:\/\/arquitecturadegalicia.eu\/blog\/?s={search_term_string}\"},\"query-input\":{\"@type\":\"PropertyValueSpecification\",\"valueRequired\":true,\"valueName\":\"search_term_string\"}}],\"inLanguage\":\"es\"},{\"@type\":\"Organization\",\"@id\":\"https:\/\/arquitecturadegalicia.eu\/blog\/#organization\",\"name\":\"Arquitectura de Galicia\",\"url\":\"https:\/\/arquitecturadegalicia.eu\/blog\/\",\"logo\":{\"@type\":\"ImageObject\",\"inLanguage\":\"es\",\"@id\":\"https:\/\/arquitecturadegalicia.eu\/blog\/#\/schema\/logo\/image\/\",\"url\":\"https:\/\/arquitecturadegalicia.eu\/blog\/wp-content\/uploads\/2017\/01\/arquitecturacurrents2.png\",\"contentUrl\":\"https:\/\/arquitecturadegalicia.eu\/blog\/wp-content\/uploads\/2017\/01\/arquitecturacurrents2.png\",\"width\":840,\"height\":640,\"caption\":\"Arquitectura de Galicia\"},\"image\":{\"@id\":\"https:\/\/arquitecturadegalicia.eu\/blog\/#\/schema\/logo\/image\/\"},\"sameAs\":[\"https:\/\/www.facebook.com\/ArquitecturadeGalicia\/\",\"https:\/\/x.com\/arquigaliciaeu\",\"https:\/\/www.instagram.com\/arquigaliciaeu\/\"]},{\"@type\":\"Person\",\"@id\":\"https:\/\/arquitecturadegalicia.eu\/blog\/#\/schema\/person\/25cb39b0990eede8939e86ceff6a933b\",\"name\":\"Rub\u00e9n Ulloa Montes\",\"image\":{\"@type\":\"ImageObject\",\"inLanguage\":\"es\",\"@id\":\"https:\/\/arquitecturadegalicia.eu\/blog\/#\/schema\/person\/image\/\",\"url\":\"https:\/\/secure.gravatar.com\/avatar\/ff68e679356737556f8604cded4a38fd?s=96&d=mm&r=g\",\"contentUrl\":\"https:\/\/secure.gravatar.com\/avatar\/ff68e679356737556f8604cded4a38fd?s=96&d=mm&r=g\",\"caption\":\"Rub\u00e9n Ulloa Montes\"},\"description\":\"A Coru\u00f1a | Fundador e coordinaci\u00f3n da p\u00e1xina web e redes sociais | Arquitecto e apasionado da tecnolox\u00eda, todo o que te\u00f1a que ver con isto se merece un post. Dime o que che gusta e che farei un blog. Fundador de ArquitecturadeGalicia e The Groyne, coordinador de\u00a0Andro4all e colaborador en Xombit do grupo Difoosion\",\"sameAs\":[\"https:\/\/x.com\/johncloro\"],\"url\":\"https:\/\/arquitecturadegalicia.eu\/blog\/author\/ruben\/\"}]}<\/script>\n<!-- \/ Yoast SEO plugin. -->","yoast_head_json":{"title":"Vivenda paraxe de Vilapouca | AG","robots":{"index":"index","follow":"follow","max-snippet":"max-snippet:-1","max-image-preview":"max-image-preview:large","max-video-preview":"max-video-preview:-1"},"canonical":"https:\/\/arquitecturadegalicia.eu\/blog\/vivenda-paraxe-de-vilapouca\/","og_locale":"es_ES","og_type":"article","og_title":"Vivenda paraxe de Vilapouca | AG","og_description":"Se propone la recuperaci\u00f3n de dicha edificaci\u00f3n para usos auxiliares de la vivienda y de la parcela. El programa de vivienda propiamente dicho se producir\u00e1 en un volumen nuevo, el cual se apoyar\u00e1 en la direcci\u00f3n del muro preexistente. La nueva construcci\u00f3n refuerza as\u00ed el car\u00e1cter del muro preexistente y genera un espacio de acogida y de estar, en torno al nuevo conjunto edificado en forma de \"L\"...","og_url":"https:\/\/arquitecturadegalicia.eu\/blog\/vivenda-paraxe-de-vilapouca\/","og_site_name":"AG","article_publisher":"https:\/\/www.facebook.com\/ArquitecturadeGalicia\/","article_published_time":"2013-03-23T15:00:23+00:00","article_modified_time":"2013-03-23T11:38:24+00:00","og_image":[{"width":620,"height":394,"url":"https:\/\/arquitecturadegalicia.eu\/blog\/wp-content\/uploads\/2013\/03\/VIVENDA-PARAXE-DE-VILAPOUCA-CENDON-VAZQUEZ.jpg","type":"image\/jpeg"}],"author":"Rub\u00e9n Ulloa Montes","twitter_card":"summary_large_image","twitter_creator":"@johncloro","twitter_site":"@arquigaliciaeu","twitter_misc":{"Escrito por":"Rub\u00e9n Ulloa Montes","Tiempo de lectura":"2 minutos"},"schema":{"@context":"https:\/\/schema.org","@graph":[{"@type":"Article","@id":"https:\/\/arquitecturadegalicia.eu\/blog\/vivenda-paraxe-de-vilapouca\/#article","isPartOf":{"@id":"https:\/\/arquitecturadegalicia.eu\/blog\/vivenda-paraxe-de-vilapouca\/"},"author":{"name":"Rub\u00e9n Ulloa Montes","@id":"https:\/\/arquitecturadegalicia.eu\/blog\/#\/schema\/person\/25cb39b0990eede8939e86ceff6a933b"},"headline":"Vivenda paraxe de Vilapouca","datePublished":"2013-03-23T15:00:23+00:00","dateModified":"2013-03-23T11:38:24+00:00","mainEntityOfPage":{"@id":"https:\/\/arquitecturadegalicia.eu\/blog\/vivenda-paraxe-de-vilapouca\/"},"wordCount":321,"commentCount":0,"publisher":{"@id":"https:\/\/arquitecturadegalicia.eu\/blog\/#organization"},"image":{"@id":"https:\/\/arquitecturadegalicia.eu\/blog\/vivenda-paraxe-de-vilapouca\/#primaryimage"},"thumbnailUrl":"https:\/\/arquitecturadegalicia.eu\/blog\/wp-content\/uploads\/2013\/03\/VIVENDA-PARAXE-DE-VILAPOUCA-CENDON-VAZQUEZ.jpg","keywords":["2005","Cend\u00f3n-V\u00e1zquez","Paraxe","Vivenda"],"articleSection":["Tui"],"inLanguage":"es","potentialAction":[{"@type":"CommentAction","name":"Comment","target":["https:\/\/arquitecturadegalicia.eu\/blog\/vivenda-paraxe-de-vilapouca\/#respond"]}]},{"@type":"WebPage","@id":"https:\/\/arquitecturadegalicia.eu\/blog\/vivenda-paraxe-de-vilapouca\/","url":"https:\/\/arquitecturadegalicia.eu\/blog\/vivenda-paraxe-de-vilapouca\/","name":"Vivenda paraxe de Vilapouca | AG","isPartOf":{"@id":"https:\/\/arquitecturadegalicia.eu\/blog\/#website"},"primaryImageOfPage":{"@id":"https:\/\/arquitecturadegalicia.eu\/blog\/vivenda-paraxe-de-vilapouca\/#primaryimage"},"image":{"@id":"https:\/\/arquitecturadegalicia.eu\/blog\/vivenda-paraxe-de-vilapouca\/#primaryimage"},"thumbnailUrl":"https:\/\/arquitecturadegalicia.eu\/blog\/wp-content\/uploads\/2013\/03\/VIVENDA-PARAXE-DE-VILAPOUCA-CENDON-VAZQUEZ.jpg","datePublished":"2013-03-23T15:00:23+00:00","dateModified":"2013-03-23T11:38:24+00:00","breadcrumb":{"@id":"https:\/\/arquitecturadegalicia.eu\/blog\/vivenda-paraxe-de-vilapouca\/#breadcrumb"},"inLanguage":"es","potentialAction":[{"@type":"ReadAction","target":["https:\/\/arquitecturadegalicia.eu\/blog\/vivenda-paraxe-de-vilapouca\/"]}]},{"@type":"ImageObject","inLanguage":"es","@id":"https:\/\/arquitecturadegalicia.eu\/blog\/vivenda-paraxe-de-vilapouca\/#primaryimage","url":"https:\/\/arquitecturadegalicia.eu\/blog\/wp-content\/uploads\/2013\/03\/VIVENDA-PARAXE-DE-VILAPOUCA-CENDON-VAZQUEZ.jpg","contentUrl":"https:\/\/arquitecturadegalicia.eu\/blog\/wp-content\/uploads\/2013\/03\/VIVENDA-PARAXE-DE-VILAPOUCA-CENDON-VAZQUEZ.jpg","width":620,"height":394,"caption":"Vivenda paraxe de Vilapouca | Cendon-V\u00e1zquez | Premio Gran de Area 2005"},{"@type":"BreadcrumbList","@id":"https:\/\/arquitecturadegalicia.eu\/blog\/vivenda-paraxe-de-vilapouca\/#breadcrumb","itemListElement":[{"@type":"ListItem","position":1,"name":"Portada","item":"https:\/\/arquitecturadegalicia.eu\/blog\/"},{"@type":"ListItem","position":2,"name":"Vivenda paraxe de Vilapouca"}]},{"@type":"WebSite","@id":"https:\/\/arquitecturadegalicia.eu\/blog\/#website","url":"https:\/\/arquitecturadegalicia.eu\/blog\/","name":"AG","description":"Arquitectura de Galicia","publisher":{"@id":"https:\/\/arquitecturadegalicia.eu\/blog\/#organization"},"potentialAction":[{"@type":"SearchAction","target":{"@type":"EntryPoint","urlTemplate":"https:\/\/arquitecturadegalicia.eu\/blog\/?s={search_term_string}"},"query-input":{"@type":"PropertyValueSpecification","valueRequired":true,"valueName":"search_term_string"}}],"inLanguage":"es"},{"@type":"Organization","@id":"https:\/\/arquitecturadegalicia.eu\/blog\/#organization","name":"Arquitectura de Galicia","url":"https:\/\/arquitecturadegalicia.eu\/blog\/","logo":{"@type":"ImageObject","inLanguage":"es","@id":"https:\/\/arquitecturadegalicia.eu\/blog\/#\/schema\/logo\/image\/","url":"https:\/\/arquitecturadegalicia.eu\/blog\/wp-content\/uploads\/2017\/01\/arquitecturacurrents2.png","contentUrl":"https:\/\/arquitecturadegalicia.eu\/blog\/wp-content\/uploads\/2017\/01\/arquitecturacurrents2.png","width":840,"height":640,"caption":"Arquitectura de Galicia"},"image":{"@id":"https:\/\/arquitecturadegalicia.eu\/blog\/#\/schema\/logo\/image\/"},"sameAs":["https:\/\/www.facebook.com\/ArquitecturadeGalicia\/","https:\/\/x.com\/arquigaliciaeu","https:\/\/www.instagram.com\/arquigaliciaeu\/"]},{"@type":"Person","@id":"https:\/\/arquitecturadegalicia.eu\/blog\/#\/schema\/person\/25cb39b0990eede8939e86ceff6a933b","name":"Rub\u00e9n Ulloa Montes","image":{"@type":"ImageObject","inLanguage":"es","@id":"https:\/\/arquitecturadegalicia.eu\/blog\/#\/schema\/person\/image\/","url":"https:\/\/secure.gravatar.com\/avatar\/ff68e679356737556f8604cded4a38fd?s=96&d=mm&r=g","contentUrl":"https:\/\/secure.gravatar.com\/avatar\/ff68e679356737556f8604cded4a38fd?s=96&d=mm&r=g","caption":"Rub\u00e9n Ulloa Montes"},"description":"A Coru\u00f1a | Fundador e coordinaci\u00f3n da p\u00e1xina web e redes sociais | Arquitecto e apasionado da tecnolox\u00eda, todo o que te\u00f1a que ver con isto se merece un post. Dime o que che gusta e che farei un blog. Fundador de ArquitecturadeGalicia e The Groyne, coordinador de\u00a0Andro4all e colaborador en Xombit do grupo Difoosion","sameAs":["https:\/\/x.com\/johncloro"],"url":"https:\/\/arquitecturadegalicia.eu\/blog\/author\/ruben\/"}]}},"jetpack_featured_media_url":"https:\/\/arquitecturadegalicia.eu\/blog\/wp-content\/uploads\/2013\/03\/VIVENDA-PARAXE-DE-VILAPOUCA-CENDON-VAZQUEZ.jpg","jetpack_shortlink":"https:\/\/wp.me\/p2NHs2-1me","jetpack_sharing_enabled":true,"_links":{"self":[{"href":"https:\/\/arquitecturadegalicia.eu\/blog\/wp-json\/wp\/v2\/posts\/5222","targetHints":{"allow":["GET"]}}],"collection":[{"href":"https:\/\/arquitecturadegalicia.eu\/blog\/wp-json\/wp\/v2\/posts"}],"about":[{"href":"https:\/\/arquitecturadegalicia.eu\/blog\/wp-json\/wp\/v2\/types\/post"}],"author":[{"embeddable":true,"href":"https:\/\/arquitecturadegalicia.eu\/blog\/wp-json\/wp\/v2\/users\/2"}],"replies":[{"embeddable":true,"href":"https:\/\/arquitecturadegalicia.eu\/blog\/wp-json\/wp\/v2\/comments?post=5222"}],"version-history":[{"count":3,"href":"https:\/\/arquitecturadegalicia.eu\/blog\/wp-json\/wp\/v2\/posts\/5222\/revisions"}],"predecessor-version":[{"id":5226,"href":"https:\/\/arquitecturadegalicia.eu\/blog\/wp-json\/wp\/v2\/posts\/5222\/revisions\/5226"}],"wp:featuredmedia":[{"embeddable":true,"href":"https:\/\/arquitecturadegalicia.eu\/blog\/wp-json\/wp\/v2\/media\/5223"}],"wp:attachment":[{"href":"https:\/\/arquitecturadegalicia.eu\/blog\/wp-json\/wp\/v2\/media?parent=5222"}],"wp:term":[{"taxonomy":"category","embeddable":true,"href":"https:\/\/arquitecturadegalicia.eu\/blog\/wp-json\/wp\/v2\/categories?post=5222"},{"taxonomy":"post_tag","embeddable":true,"href":"https:\/\/arquitecturadegalicia.eu\/blog\/wp-json\/wp\/v2\/tags?post=5222"},{"taxonomy":"ano","embeddable":true,"href":"https:\/\/arquitecturadegalicia.eu\/blog\/wp-json\/wp\/v2\/ano?post=5222"},{"taxonomy":"arquitectos","embeddable":true,"href":"https:\/\/arquitecturadegalicia.eu\/blog\/wp-json\/wp\/v2\/arquitectos?post=5222"},{"taxonomy":"tipoloxia","embeddable":true,"href":"https:\/\/arquitecturadegalicia.eu\/blog\/wp-json\/wp\/v2\/tipoloxia?post=5222"}],"curies":[{"name":"wp","href":"https:\/\/api.w.org\/{rel}","templated":true}]}}