{"id":5505,"date":"2013-04-10T12:00:25","date_gmt":"2013-04-10T10:00:25","guid":{"rendered":"http:\/\/arquitecturadegalicia.eu\/blog\/?p=5505"},"modified":"2013-09-15T14:41:08","modified_gmt":"2013-09-15T12:41:08","slug":"aquarium-de-vilagarcia-de-arousa","status":"publish","type":"post","link":"https:\/\/arquitecturadegalicia.eu\/blog\/aquarium-de-vilagarcia-de-arousa\/","title":{"rendered":"Aquarium de Vilagarc\u00eda de Arousa"},"content":{"rendered":"<h6 style=\"text-align: right;\"><img fetchpriority=\"high\" decoding=\"async\" class=\"size-full wp-image-5512 aligncenter\" alt=\"acuario vilagarcia | cesar portela | carril compostela\" src=\"http:\/\/arquitecturadegalicia.eu\/blog\/wp-content\/uploads\/2013\/04\/acuario.jpg\" width=\"620\" height=\"464\" srcset=\"https:\/\/arquitecturadegalicia.eu\/blog\/wp-content\/uploads\/2013\/04\/acuario.jpg 620w, https:\/\/arquitecturadegalicia.eu\/blog\/wp-content\/uploads\/2013\/04\/acuario-300x224.jpg 300w\" sizes=\"(max-width: 620px) 100vw, 620px\" \/><br \/>\n<a href=\"http:\/\/www.cesarportela.com\/proyectos_ga.html\" target=\"_blank\"><span style=\"color: #999999;\">cesarportela.com<\/span><\/a><\/h6>\n<table class=\"aligncenter\" width=\"620\" border=\"0\" cellspacing=\"0\" cellpadding=\"0\">\n<tbody>\n<tr>\n<td width=\"180\"><strong>Obra:<\/strong><\/td>\n<td>Centro de Interpretaci\u00f3n da R\u00eda de Arousa<\/td>\n<\/tr>\n<tr>\n<td><strong>Arquitecto:<\/strong><\/td>\n<td>C\u00e9sar Portela<\/td>\n<\/tr>\n<tr>\n<td><strong>Provincia:<\/strong><\/td>\n<td>Pontevedra<\/td>\n<\/tr>\n<tr>\n<td><strong>Localidade:<\/strong><\/td>\n<td>Praia de Compostela, Vilagarc\u00eda de Arousa<\/td>\n<\/tr>\n<tr>\n<td><strong>Ano:<\/strong><\/td>\n<td>1984 &#8211; 1987<\/td>\n<\/tr>\n<tr>\n<td><strong>Xeolocalizaci\u00f3n:<\/strong><\/td>\n<td><a href=\"https:\/\/maps.google.es\/maps\/ms?ie=UTF8&amp;t=h&amp;source=embed&amp;hl=es&amp;oe=UTF8&amp;msa=0&amp;msid=205584753861089304839.0004b3590a9baff01c53d&amp;num=200&amp;start=200&amp;vpsrc=6&amp;ll=42.621013,-8.75988&amp;spn=0.038148,0.077162&amp;z=14&amp;iwloc=0004d811df4a1ffc2406c\" target=\"_blank\"><strong>42.609,\u00a0-8.770<\/strong><\/a><\/td>\n<\/tr>\n<\/tbody>\n<\/table>\n<table class=\" aligncenter\" width=\"620\" border=\"0\" cellspacing=\"0\" cellpadding=\"0\">\n<tbody>\n<tr>\n<td colspan=\"3\"><strong>Outros Datos:<\/strong><\/td>\n<\/tr>\n<tr>\n<td width=\"20\"><\/td>\n<td colspan=\"2\"><strong>Premios:<\/strong><\/td>\n<\/tr>\n<tr>\n<td width=\"20\"><\/td>\n<td width=\"20\"><\/td>\n<td width=\"580\"><\/td>\n<\/tr>\n<tr>\n<td width=\"20\"><\/td>\n<td colspan=\"2\"><strong>Publicaci\u00f3ns:<\/strong><\/td>\n<\/tr>\n<tr>\n<td width=\"20\"><\/td>\n<td width=\"20\"><\/td>\n<td>\u00a0C\u00e9sar Portela. (Almer\u00eda : Colegio de Arquitectos, 1991)<\/td>\n<\/tr>\n<tr>\n<td width=\"20\"><\/td>\n<td colspan=\"2\"><strong>Informaci\u00f3n na rede:<br \/>\n<\/strong><\/td>\n<\/tr>\n<tr>\n<td width=\"20\"><\/td>\n<td width=\"20\"><\/td>\n<td><a href=\"http:\/\/www.cesarportela.com\/proyectos_ga.html\" target=\"_blank\"><strong>cesarportela.com<br \/>\n<\/strong><\/a><a href=\"http:\/\/www.lavozdegalicia.es\/hemeroteca\/2000\/12\/30\/355375.shtml?idioma=galego\" target=\"_blank\"><strong><strong>lavozdegalicia.es<\/strong><\/strong><\/a><strong><strong>\u00a0 <\/strong><\/strong>30|12|2000<a href=\"http:\/\/www.cesarportela.com\/proyectos_ga.html\" target=\"_blank\"><strong><br \/>\n<\/strong><\/a><a href=\"http:\/\/www.lavozdegalicia.es\/hemeroteca\/2002\/06\/12\/1120371.shtml?idioma=galego\" target=\"_blank\"><strong>lavozdegalicia.es<\/strong><\/a><strong><\/strong> 12|07|2002<\/td>\n<\/tr>\n<tr>\n<td width=\"20\"><\/td>\n<td colspan=\"2\"><strong>Descripci\u00f3n do proxecto: <\/strong><strong><br \/>\n<\/strong><\/td>\n<\/tr>\n<tr>\n<td width=\"20\"><\/td>\n<td width=\"20\"><\/td>\n<td style=\"text-align: justify;\"><em>\u00abA Galicia litoral \u00e9 unha permanente dial\u00e9ctca entre a terra e o mar, que se converte en paradigma das R\u00edas Baixas, especialmente na de Arousa. No fondo desta r\u00eda e formando parte do Paseo Mar\u00edtimo que o une o porto de Vilagarc\u00eda co de Carril, constr\u00fase este edificio que, avanza perpendicularmante \u00e1 costa, intr\u00f3ducese no mar. A s\u00faa alargada silueta e a s\u00faa cl\u00e1sica imaxe pretenden contrarrestar, en parte, o inquietante efecto visual duns bloques de apartamantos que, pola s\u00faa p\u00e9sima calidade e a s\u00faa altura, forman unha pantalla edificatoria cuxa presencia \u00e9 negativa. O edificio consta dunha planta e unha semiplanta rectangulares, estreitas e alargadas, com cubrici\u00f3n a d\u00faas augas, e ap\u00f3iase no fondo mari\u00f1o sobre alicerces circulares, para non obstaculizar o movemento do mar.\u00bb\u00a0<\/em>C\u00e9sar Portela<\/td>\n<\/tr>\n<tr>\n<td width=\"20\"><\/td>\n<td colspan=\"2\"><b>Reportaxe fotogr\u00e1fica:\u00a0<b><b><a href=\"http:\/\/arquitecturadegalicia.eu\/blog\/?author=11\" target=\"_blank\">Adri\u00e1n Capelo Cruz<\/a>\u00a0|\u00a0<a href=\"http:\/\/arquitecturadegalicia.eu\" target=\"_blank\">Arquitectura de Galicia<\/a><\/b><\/b><\/b><strong><\/strong><b><br \/>\n<\/b><\/td>\n<\/tr>\n<tr>\n<td width=\"20\"><\/td>\n<td colspan=\"2\">\u00a0<\/td>\n<\/tr>\n<tr>\n<td width=\"20\"><\/td>\n<td colspan=\"2\"><strong>Planos:<\/strong><\/td>\n<\/tr>\n<tr>\n<td width=\"20\"><\/td>\n<td colspan=\"2\"><\/td>\n<\/tr>\n<\/tbody>\n<\/table>\n","protected":false},"excerpt":{"rendered":"<p>\u00abNo Paseo Mar\u00edtimo que o une o porto de Vilagarc\u00eda co de Carril, constr\u00fase este edificio que, avanza perpendicularmante \u00e1 costa, intr\u00f3ducese no mar. A s\u00faa alargada silueta e a s\u00faa cl\u00e1sica imaxe pretenden contrarrestar,  o inquietante efecto visual duns bloques de apartamantos que forman unha pantalla edificatoria cuxa presencia \u00e9 negativa\u00bb C\u00e9sar Portela <\/p>\n","protected":false},"author":8,"featured_media":5512,"comment_status":"open","ping_status":"open","sticky":false,"template":"","format":"standard","meta":{"jetpack_post_was_ever_published":false,"_jetpack_newsletter_access":"","_jetpack_dont_email_post_to_subs":false,"_jetpack_newsletter_tier_id":0,"_jetpack_memberships_contains_paywalled_content":false,"_jetpack_memberships_contains_paid_content":false,"footnotes":"","jetpack_publicize_message":"","jetpack_publicize_feature_enabled":true,"jetpack_social_post_already_shared":true,"jetpack_social_options":{"image_generator_settings":{"template":"highway","enabled":false},"version":2}},"categories":[26],"tags":[437,147,94],"ano":[],"arquitectos":[],"tipoloxia":[],"class_list":["post-5505","post","type-post","status-publish","format-standard","has-post-thumbnail","hentry","category-vilagarcia-de-arousa","tag-437","tag-cesar-portela","tag-museo","content-print"],"jetpack_publicize_connections":[],"yoast_head":"<!-- This site is optimized with the Yoast SEO plugin v24.1 - https:\/\/yoast.com\/wordpress\/plugins\/seo\/ -->\n<title>Aquarium de Vilagarc\u00eda de Arousa | AG<\/title>\n<meta name=\"robots\" content=\"index, follow, max-snippet:-1, max-image-preview:large, max-video-preview:-1\" \/>\n<link rel=\"canonical\" href=\"https:\/\/arquitecturadegalicia.eu\/blog\/aquarium-de-vilagarcia-de-arousa\/\" \/>\n<meta property=\"og:locale\" content=\"es_ES\" \/>\n<meta property=\"og:type\" content=\"article\" \/>\n<meta property=\"og:title\" content=\"Aquarium de Vilagarc\u00eda de Arousa | AG\" \/>\n<meta property=\"og:description\" content=\"&quot;No Paseo Mar\u00edtimo que o une o porto de Vilagarc\u00eda co de Carril, constr\u00fase este edificio que, avanza perpendicularmante \u00e1 costa, intr\u00f3ducese no mar. A s\u00faa alargada silueta e a s\u00faa cl\u00e1sica imaxe pretenden contrarrestar, o inquietante efecto visual duns bloques de apartamantos que forman unha pantalla edificatoria cuxa presencia \u00e9 negativa&quot; C\u00e9sar Portela\" \/>\n<meta property=\"og:url\" content=\"https:\/\/arquitecturadegalicia.eu\/blog\/aquarium-de-vilagarcia-de-arousa\/\" \/>\n<meta property=\"og:site_name\" content=\"AG\" \/>\n<meta property=\"article:publisher\" content=\"https:\/\/www.facebook.com\/ArquitecturadeGalicia\/\" \/>\n<meta property=\"article:published_time\" content=\"2013-04-10T10:00:25+00:00\" \/>\n<meta property=\"article:modified_time\" content=\"2013-09-15T12:41:08+00:00\" \/>\n<meta property=\"og:image\" content=\"https:\/\/arquitecturadegalicia.eu\/blog\/wp-content\/uploads\/2013\/04\/acuario.jpg\" \/>\n\t<meta property=\"og:image:width\" content=\"620\" \/>\n\t<meta property=\"og:image:height\" content=\"464\" \/>\n\t<meta property=\"og:image:type\" content=\"image\/jpeg\" \/>\n<meta name=\"author\" content=\"Iago Valverde\" \/>\n<meta name=\"twitter:card\" content=\"summary_large_image\" \/>\n<meta name=\"twitter:creator\" content=\"@arquigaliciaeu\" \/>\n<meta name=\"twitter:site\" content=\"@arquigaliciaeu\" \/>\n<meta name=\"twitter:label1\" content=\"Escrito por\" \/>\n\t<meta name=\"twitter:data1\" content=\"Iago Valverde\" \/>\n\t<meta name=\"twitter:label2\" content=\"Tiempo de lectura\" \/>\n\t<meta name=\"twitter:data2\" content=\"1 minuto\" \/>\n<script type=\"application\/ld+json\" class=\"yoast-schema-graph\">{\"@context\":\"https:\/\/schema.org\",\"@graph\":[{\"@type\":\"Article\",\"@id\":\"https:\/\/arquitecturadegalicia.eu\/blog\/aquarium-de-vilagarcia-de-arousa\/#article\",\"isPartOf\":{\"@id\":\"https:\/\/arquitecturadegalicia.eu\/blog\/aquarium-de-vilagarcia-de-arousa\/\"},\"author\":{\"name\":\"Iago Valverde\",\"@id\":\"https:\/\/arquitecturadegalicia.eu\/blog\/#\/schema\/person\/a51297ea3eeddd32ccbd89a218e148f1\"},\"headline\":\"Aquarium de Vilagarc\u00eda de Arousa\",\"datePublished\":\"2013-04-10T10:00:25+00:00\",\"dateModified\":\"2013-09-15T12:41:08+00:00\",\"mainEntityOfPage\":{\"@id\":\"https:\/\/arquitecturadegalicia.eu\/blog\/aquarium-de-vilagarcia-de-arousa\/\"},\"wordCount\":220,\"commentCount\":1,\"publisher\":{\"@id\":\"https:\/\/arquitecturadegalicia.eu\/blog\/#organization\"},\"image\":{\"@id\":\"https:\/\/arquitecturadegalicia.eu\/blog\/aquarium-de-vilagarcia-de-arousa\/#primaryimage\"},\"thumbnailUrl\":\"https:\/\/arquitecturadegalicia.eu\/blog\/wp-content\/uploads\/2013\/04\/acuario.jpg\",\"keywords\":[\"1987\",\"C\u00e9sar Portela\",\"museo\"],\"articleSection\":[\"Vilagarc\u00eda de Arousa\"],\"inLanguage\":\"es\",\"potentialAction\":[{\"@type\":\"CommentAction\",\"name\":\"Comment\",\"target\":[\"https:\/\/arquitecturadegalicia.eu\/blog\/aquarium-de-vilagarcia-de-arousa\/#respond\"]}]},{\"@type\":\"WebPage\",\"@id\":\"https:\/\/arquitecturadegalicia.eu\/blog\/aquarium-de-vilagarcia-de-arousa\/\",\"url\":\"https:\/\/arquitecturadegalicia.eu\/blog\/aquarium-de-vilagarcia-de-arousa\/\",\"name\":\"Aquarium de Vilagarc\u00eda de Arousa | AG\",\"isPartOf\":{\"@id\":\"https:\/\/arquitecturadegalicia.eu\/blog\/#website\"},\"primaryImageOfPage\":{\"@id\":\"https:\/\/arquitecturadegalicia.eu\/blog\/aquarium-de-vilagarcia-de-arousa\/#primaryimage\"},\"image\":{\"@id\":\"https:\/\/arquitecturadegalicia.eu\/blog\/aquarium-de-vilagarcia-de-arousa\/#primaryimage\"},\"thumbnailUrl\":\"https:\/\/arquitecturadegalicia.eu\/blog\/wp-content\/uploads\/2013\/04\/acuario.jpg\",\"datePublished\":\"2013-04-10T10:00:25+00:00\",\"dateModified\":\"2013-09-15T12:41:08+00:00\",\"breadcrumb\":{\"@id\":\"https:\/\/arquitecturadegalicia.eu\/blog\/aquarium-de-vilagarcia-de-arousa\/#breadcrumb\"},\"inLanguage\":\"es\",\"potentialAction\":[{\"@type\":\"ReadAction\",\"target\":[\"https:\/\/arquitecturadegalicia.eu\/blog\/aquarium-de-vilagarcia-de-arousa\/\"]}]},{\"@type\":\"ImageObject\",\"inLanguage\":\"es\",\"@id\":\"https:\/\/arquitecturadegalicia.eu\/blog\/aquarium-de-vilagarcia-de-arousa\/#primaryimage\",\"url\":\"https:\/\/arquitecturadegalicia.eu\/blog\/wp-content\/uploads\/2013\/04\/acuario.jpg\",\"contentUrl\":\"https:\/\/arquitecturadegalicia.eu\/blog\/wp-content\/uploads\/2013\/04\/acuario.jpg\",\"width\":620,\"height\":464},{\"@type\":\"BreadcrumbList\",\"@id\":\"https:\/\/arquitecturadegalicia.eu\/blog\/aquarium-de-vilagarcia-de-arousa\/#breadcrumb\",\"itemListElement\":[{\"@type\":\"ListItem\",\"position\":1,\"name\":\"Portada\",\"item\":\"https:\/\/arquitecturadegalicia.eu\/blog\/\"},{\"@type\":\"ListItem\",\"position\":2,\"name\":\"Aquarium de Vilagarc\u00eda de Arousa\"}]},{\"@type\":\"WebSite\",\"@id\":\"https:\/\/arquitecturadegalicia.eu\/blog\/#website\",\"url\":\"https:\/\/arquitecturadegalicia.eu\/blog\/\",\"name\":\"AG\",\"description\":\"Arquitectura de Galicia\",\"publisher\":{\"@id\":\"https:\/\/arquitecturadegalicia.eu\/blog\/#organization\"},\"potentialAction\":[{\"@type\":\"SearchAction\",\"target\":{\"@type\":\"EntryPoint\",\"urlTemplate\":\"https:\/\/arquitecturadegalicia.eu\/blog\/?s={search_term_string}\"},\"query-input\":{\"@type\":\"PropertyValueSpecification\",\"valueRequired\":true,\"valueName\":\"search_term_string\"}}],\"inLanguage\":\"es\"},{\"@type\":\"Organization\",\"@id\":\"https:\/\/arquitecturadegalicia.eu\/blog\/#organization\",\"name\":\"Arquitectura de Galicia\",\"url\":\"https:\/\/arquitecturadegalicia.eu\/blog\/\",\"logo\":{\"@type\":\"ImageObject\",\"inLanguage\":\"es\",\"@id\":\"https:\/\/arquitecturadegalicia.eu\/blog\/#\/schema\/logo\/image\/\",\"url\":\"https:\/\/arquitecturadegalicia.eu\/blog\/wp-content\/uploads\/2017\/01\/arquitecturacurrents2.png\",\"contentUrl\":\"https:\/\/arquitecturadegalicia.eu\/blog\/wp-content\/uploads\/2017\/01\/arquitecturacurrents2.png\",\"width\":840,\"height\":640,\"caption\":\"Arquitectura de Galicia\"},\"image\":{\"@id\":\"https:\/\/arquitecturadegalicia.eu\/blog\/#\/schema\/logo\/image\/\"},\"sameAs\":[\"https:\/\/www.facebook.com\/ArquitecturadeGalicia\/\",\"https:\/\/x.com\/arquigaliciaeu\",\"https:\/\/www.instagram.com\/arquigaliciaeu\/\"]},{\"@type\":\"Person\",\"@id\":\"https:\/\/arquitecturadegalicia.eu\/blog\/#\/schema\/person\/a51297ea3eeddd32ccbd89a218e148f1\",\"name\":\"Iago Valverde\",\"image\":{\"@type\":\"ImageObject\",\"inLanguage\":\"es\",\"@id\":\"https:\/\/arquitecturadegalicia.eu\/blog\/#\/schema\/person\/image\/\",\"url\":\"https:\/\/secure.gravatar.com\/avatar\/eb8a9f2f10ff79db5c78989d92f1e8b2?s=96&d=mm&r=g\",\"contentUrl\":\"https:\/\/secure.gravatar.com\/avatar\/eb8a9f2f10ff79db5c78989d92f1e8b2?s=96&d=mm&r=g\",\"caption\":\"Iago Valverde\"},\"description\":\"Nigr\u00e1n | Edici\u00f3n de artigos e xeolocalizaci\u00f3n | Arquitecto en formaci\u00f3n na ETSAC e cursando PFC. Interesado en urbanismo, arquitectura, pol\u00edtica, e todo aquilo que \u00e9 complexo e vital\",\"url\":\"https:\/\/arquitecturadegalicia.eu\/blog\/author\/iago-valverde\/\"}]}<\/script>\n<!-- \/ Yoast SEO plugin. -->","yoast_head_json":{"title":"Aquarium de Vilagarc\u00eda de Arousa | AG","robots":{"index":"index","follow":"follow","max-snippet":"max-snippet:-1","max-image-preview":"max-image-preview:large","max-video-preview":"max-video-preview:-1"},"canonical":"https:\/\/arquitecturadegalicia.eu\/blog\/aquarium-de-vilagarcia-de-arousa\/","og_locale":"es_ES","og_type":"article","og_title":"Aquarium de Vilagarc\u00eda de Arousa | AG","og_description":"\"No Paseo Mar\u00edtimo que o une o porto de Vilagarc\u00eda co de Carril, constr\u00fase este edificio que, avanza perpendicularmante \u00e1 costa, intr\u00f3ducese no mar. A s\u00faa alargada silueta e a s\u00faa cl\u00e1sica imaxe pretenden contrarrestar, o inquietante efecto visual duns bloques de apartamantos que forman unha pantalla edificatoria cuxa presencia \u00e9 negativa\" C\u00e9sar Portela","og_url":"https:\/\/arquitecturadegalicia.eu\/blog\/aquarium-de-vilagarcia-de-arousa\/","og_site_name":"AG","article_publisher":"https:\/\/www.facebook.com\/ArquitecturadeGalicia\/","article_published_time":"2013-04-10T10:00:25+00:00","article_modified_time":"2013-09-15T12:41:08+00:00","og_image":[{"width":620,"height":464,"url":"https:\/\/arquitecturadegalicia.eu\/blog\/wp-content\/uploads\/2013\/04\/acuario.jpg","type":"image\/jpeg"}],"author":"Iago Valverde","twitter_card":"summary_large_image","twitter_creator":"@arquigaliciaeu","twitter_site":"@arquigaliciaeu","twitter_misc":{"Escrito por":"Iago Valverde","Tiempo de lectura":"1 minuto"},"schema":{"@context":"https:\/\/schema.org","@graph":[{"@type":"Article","@id":"https:\/\/arquitecturadegalicia.eu\/blog\/aquarium-de-vilagarcia-de-arousa\/#article","isPartOf":{"@id":"https:\/\/arquitecturadegalicia.eu\/blog\/aquarium-de-vilagarcia-de-arousa\/"},"author":{"name":"Iago Valverde","@id":"https:\/\/arquitecturadegalicia.eu\/blog\/#\/schema\/person\/a51297ea3eeddd32ccbd89a218e148f1"},"headline":"Aquarium de Vilagarc\u00eda de Arousa","datePublished":"2013-04-10T10:00:25+00:00","dateModified":"2013-09-15T12:41:08+00:00","mainEntityOfPage":{"@id":"https:\/\/arquitecturadegalicia.eu\/blog\/aquarium-de-vilagarcia-de-arousa\/"},"wordCount":220,"commentCount":1,"publisher":{"@id":"https:\/\/arquitecturadegalicia.eu\/blog\/#organization"},"image":{"@id":"https:\/\/arquitecturadegalicia.eu\/blog\/aquarium-de-vilagarcia-de-arousa\/#primaryimage"},"thumbnailUrl":"https:\/\/arquitecturadegalicia.eu\/blog\/wp-content\/uploads\/2013\/04\/acuario.jpg","keywords":["1987","C\u00e9sar Portela","museo"],"articleSection":["Vilagarc\u00eda de Arousa"],"inLanguage":"es","potentialAction":[{"@type":"CommentAction","name":"Comment","target":["https:\/\/arquitecturadegalicia.eu\/blog\/aquarium-de-vilagarcia-de-arousa\/#respond"]}]},{"@type":"WebPage","@id":"https:\/\/arquitecturadegalicia.eu\/blog\/aquarium-de-vilagarcia-de-arousa\/","url":"https:\/\/arquitecturadegalicia.eu\/blog\/aquarium-de-vilagarcia-de-arousa\/","name":"Aquarium de Vilagarc\u00eda de Arousa | AG","isPartOf":{"@id":"https:\/\/arquitecturadegalicia.eu\/blog\/#website"},"primaryImageOfPage":{"@id":"https:\/\/arquitecturadegalicia.eu\/blog\/aquarium-de-vilagarcia-de-arousa\/#primaryimage"},"image":{"@id":"https:\/\/arquitecturadegalicia.eu\/blog\/aquarium-de-vilagarcia-de-arousa\/#primaryimage"},"thumbnailUrl":"https:\/\/arquitecturadegalicia.eu\/blog\/wp-content\/uploads\/2013\/04\/acuario.jpg","datePublished":"2013-04-10T10:00:25+00:00","dateModified":"2013-09-15T12:41:08+00:00","breadcrumb":{"@id":"https:\/\/arquitecturadegalicia.eu\/blog\/aquarium-de-vilagarcia-de-arousa\/#breadcrumb"},"inLanguage":"es","potentialAction":[{"@type":"ReadAction","target":["https:\/\/arquitecturadegalicia.eu\/blog\/aquarium-de-vilagarcia-de-arousa\/"]}]},{"@type":"ImageObject","inLanguage":"es","@id":"https:\/\/arquitecturadegalicia.eu\/blog\/aquarium-de-vilagarcia-de-arousa\/#primaryimage","url":"https:\/\/arquitecturadegalicia.eu\/blog\/wp-content\/uploads\/2013\/04\/acuario.jpg","contentUrl":"https:\/\/arquitecturadegalicia.eu\/blog\/wp-content\/uploads\/2013\/04\/acuario.jpg","width":620,"height":464},{"@type":"BreadcrumbList","@id":"https:\/\/arquitecturadegalicia.eu\/blog\/aquarium-de-vilagarcia-de-arousa\/#breadcrumb","itemListElement":[{"@type":"ListItem","position":1,"name":"Portada","item":"https:\/\/arquitecturadegalicia.eu\/blog\/"},{"@type":"ListItem","position":2,"name":"Aquarium de Vilagarc\u00eda de Arousa"}]},{"@type":"WebSite","@id":"https:\/\/arquitecturadegalicia.eu\/blog\/#website","url":"https:\/\/arquitecturadegalicia.eu\/blog\/","name":"AG","description":"Arquitectura de Galicia","publisher":{"@id":"https:\/\/arquitecturadegalicia.eu\/blog\/#organization"},"potentialAction":[{"@type":"SearchAction","target":{"@type":"EntryPoint","urlTemplate":"https:\/\/arquitecturadegalicia.eu\/blog\/?s={search_term_string}"},"query-input":{"@type":"PropertyValueSpecification","valueRequired":true,"valueName":"search_term_string"}}],"inLanguage":"es"},{"@type":"Organization","@id":"https:\/\/arquitecturadegalicia.eu\/blog\/#organization","name":"Arquitectura de Galicia","url":"https:\/\/arquitecturadegalicia.eu\/blog\/","logo":{"@type":"ImageObject","inLanguage":"es","@id":"https:\/\/arquitecturadegalicia.eu\/blog\/#\/schema\/logo\/image\/","url":"https:\/\/arquitecturadegalicia.eu\/blog\/wp-content\/uploads\/2017\/01\/arquitecturacurrents2.png","contentUrl":"https:\/\/arquitecturadegalicia.eu\/blog\/wp-content\/uploads\/2017\/01\/arquitecturacurrents2.png","width":840,"height":640,"caption":"Arquitectura de Galicia"},"image":{"@id":"https:\/\/arquitecturadegalicia.eu\/blog\/#\/schema\/logo\/image\/"},"sameAs":["https:\/\/www.facebook.com\/ArquitecturadeGalicia\/","https:\/\/x.com\/arquigaliciaeu","https:\/\/www.instagram.com\/arquigaliciaeu\/"]},{"@type":"Person","@id":"https:\/\/arquitecturadegalicia.eu\/blog\/#\/schema\/person\/a51297ea3eeddd32ccbd89a218e148f1","name":"Iago Valverde","image":{"@type":"ImageObject","inLanguage":"es","@id":"https:\/\/arquitecturadegalicia.eu\/blog\/#\/schema\/person\/image\/","url":"https:\/\/secure.gravatar.com\/avatar\/eb8a9f2f10ff79db5c78989d92f1e8b2?s=96&d=mm&r=g","contentUrl":"https:\/\/secure.gravatar.com\/avatar\/eb8a9f2f10ff79db5c78989d92f1e8b2?s=96&d=mm&r=g","caption":"Iago Valverde"},"description":"Nigr\u00e1n | Edici\u00f3n de artigos e xeolocalizaci\u00f3n | Arquitecto en formaci\u00f3n na ETSAC e cursando PFC. Interesado en urbanismo, arquitectura, pol\u00edtica, e todo aquilo que \u00e9 complexo e vital","url":"https:\/\/arquitecturadegalicia.eu\/blog\/author\/iago-valverde\/"}]}},"jetpack_featured_media_url":"https:\/\/arquitecturadegalicia.eu\/blog\/wp-content\/uploads\/2013\/04\/acuario.jpg","jetpack_shortlink":"https:\/\/wp.me\/p2NHs2-1qN","jetpack_sharing_enabled":true,"_links":{"self":[{"href":"https:\/\/arquitecturadegalicia.eu\/blog\/wp-json\/wp\/v2\/posts\/5505","targetHints":{"allow":["GET"]}}],"collection":[{"href":"https:\/\/arquitecturadegalicia.eu\/blog\/wp-json\/wp\/v2\/posts"}],"about":[{"href":"https:\/\/arquitecturadegalicia.eu\/blog\/wp-json\/wp\/v2\/types\/post"}],"author":[{"embeddable":true,"href":"https:\/\/arquitecturadegalicia.eu\/blog\/wp-json\/wp\/v2\/users\/8"}],"replies":[{"embeddable":true,"href":"https:\/\/arquitecturadegalicia.eu\/blog\/wp-json\/wp\/v2\/comments?post=5505"}],"version-history":[{"count":23,"href":"https:\/\/arquitecturadegalicia.eu\/blog\/wp-json\/wp\/v2\/posts\/5505\/revisions"}],"predecessor-version":[{"id":13694,"href":"https:\/\/arquitecturadegalicia.eu\/blog\/wp-json\/wp\/v2\/posts\/5505\/revisions\/13694"}],"wp:featuredmedia":[{"embeddable":true,"href":"https:\/\/arquitecturadegalicia.eu\/blog\/wp-json\/wp\/v2\/media\/5512"}],"wp:attachment":[{"href":"https:\/\/arquitecturadegalicia.eu\/blog\/wp-json\/wp\/v2\/media?parent=5505"}],"wp:term":[{"taxonomy":"category","embeddable":true,"href":"https:\/\/arquitecturadegalicia.eu\/blog\/wp-json\/wp\/v2\/categories?post=5505"},{"taxonomy":"post_tag","embeddable":true,"href":"https:\/\/arquitecturadegalicia.eu\/blog\/wp-json\/wp\/v2\/tags?post=5505"},{"taxonomy":"ano","embeddable":true,"href":"https:\/\/arquitecturadegalicia.eu\/blog\/wp-json\/wp\/v2\/ano?post=5505"},{"taxonomy":"arquitectos","embeddable":true,"href":"https:\/\/arquitecturadegalicia.eu\/blog\/wp-json\/wp\/v2\/arquitectos?post=5505"},{"taxonomy":"tipoloxia","embeddable":true,"href":"https:\/\/arquitecturadegalicia.eu\/blog\/wp-json\/wp\/v2\/tipoloxia?post=5505"}],"curies":[{"name":"wp","href":"https:\/\/api.w.org\/{rel}","templated":true}]}}