{"id":5615,"date":"2013-04-19T20:00:51","date_gmt":"2013-04-19T18:00:51","guid":{"rendered":"http:\/\/arquitecturadegalicia.eu\/blog\/?p=5615"},"modified":"2014-08-12T22:20:29","modified_gmt":"2014-08-12T20:20:29","slug":"biblioteca-central-do-campus-de-ourense","status":"publish","type":"post","link":"https:\/\/arquitecturadegalicia.eu\/blog\/biblioteca-central-do-campus-de-ourense\/","title":{"rendered":"Biblioteca Central do Campus de Ourense"},"content":{"rendered":"<p style=\"text-align: right;\"><img fetchpriority=\"high\" decoding=\"async\" class=\"aligncenter size-full wp-image-12535\" alt=\"Biblioteca Central do Campus de Ourense | ACXT | Adri\u00e1n Capelo\" src=\"http:\/\/arquitecturadegalicia.eu\/blog\/wp-content\/uploads\/2013\/04\/Principal13.jpg\" width=\"620\" height=\"288\" srcset=\"https:\/\/arquitecturadegalicia.eu\/blog\/wp-content\/uploads\/2013\/04\/Principal13.jpg 620w, https:\/\/arquitecturadegalicia.eu\/blog\/wp-content\/uploads\/2013\/04\/Principal13-300x139.jpg 300w\" sizes=\"(max-width: 620px) 100vw, 620px\" \/><span style=\"color: #c0c0c0;\"><strong><a style=\"font-size: 0.75em; text-align: right;\" href=\"http:\/\/arquitecturadegalicia.eu\/blog\/?author=11\" target=\"_blank\"><span style=\"color: #c0c0c0;\">Adri\u00e1n Capelo<\/span><\/a><\/strong> | <strong><a style=\"font-size: 0.75em; text-align: right;\" href=\"http:\/\/arquitecturadegalicia.eu\" target=\"_blank\"><span style=\"color: #c0c0c0;\">ArquitecturadeGalicia<\/span><\/a><\/strong><\/span><\/p>\n<table class=\"aligncenter\" width=\"620\" border=\"0\" cellspacing=\"0\" cellpadding=\"0\">\n<tbody>\n<tr>\n<td width=\"180\"><strong>Obra:<\/strong><\/td>\n<td>Biblioteca Central do Campus de Ourense<\/td>\n<\/tr>\n<tr>\n<td><strong>Arquitecto:<\/strong><\/td>\n<td>ACXT\u00a0Arquitectos<\/td>\n<\/tr>\n<tr>\n<td><strong>Provincia:<\/strong><\/td>\n<td>Ourense<\/td>\n<\/tr>\n<tr>\n<td><strong>Localidade:<\/strong><\/td>\n<td>Ourense<\/td>\n<\/tr>\n<tr>\n<td><strong>Ano:<\/strong><\/td>\n<td>2005<\/td>\n<\/tr>\n<tr>\n<td><strong>Xeolocalizaci\u00f3n:<\/strong><\/td>\n<td><strong><a href=\"https:\/\/maps.google.es\/maps\/ms?msa=0&amp;msid=205584753861089304839.0004b3590a9baff01c53d&amp;ie=UTF8&amp;t=m&amp;source=embed&amp;ll=42.346127,-7.853658&amp;spn=0.015558,0.033023&amp;z=16&amp;vpsrc=6&amp;iwloc=0004ce28cb2db367cc699\" target=\"_blank\">42.346,-7.854<\/a><\/strong><\/td>\n<\/tr>\n<\/tbody>\n<\/table>\n<table class=\" aligncenter\" width=\"620\" border=\"0\" cellspacing=\"0\" cellpadding=\"0\">\n<tbody>\n<tr>\n<td colspan=\"3\"><strong>Outros Datos:<\/strong><\/td>\n<\/tr>\n<tr>\n<td width=\"20\"><\/td>\n<td colspan=\"2\"><strong>Premios:<\/strong><\/td>\n<\/tr>\n<tr>\n<td width=\"20\"><\/td>\n<td width=\"20\"><\/td>\n<td width=\"580\"><strong><a href=\"http:\/\/arquitecturadegalicia.eu\/blog\/?page_id=1655\" target=\"_blank\">I Premios Enor Ano 2006<\/a><\/strong><br \/>\nMuestra Internacional de Arquitectura de la VII Bienal Internacional de Arquitectura de Sao Paulo de 2007 | Seleccionado<br \/>\nExposici\u00f3n de Arquitectura Contempor\u00e1nea de Galicia de 2007 | Finalista<\/td>\n<\/tr>\n<tr>\n<td width=\"20\"><\/td>\n<td colspan=\"2\"><strong>Publicaci\u00f3ns:<\/strong><\/td>\n<\/tr>\n<tr>\n<td width=\"20\"><\/td>\n<td width=\"20\"><\/td>\n<td>ACXT obras y proyectos 2000-2005 |\u00a0<em>ISBN 8496209679<\/em><br \/>\nThe Essential ACXT : first 20 years : IDOM |<em>\u00a0ISBN: 9788461540372<\/em><\/td>\n<\/tr>\n<tr>\n<td width=\"20\"><\/td>\n<td colspan=\"2\"><strong>Informaci\u00f3n na rede:<\/strong><\/td>\n<\/tr>\n<tr>\n<td width=\"20\"><\/td>\n<td width=\"20\"><\/td>\n<td><strong><strong><a href=\"http:\/\/www.acxt.es\" target=\"_blank\">P\u00e1xina de ACXT<\/a><\/strong><\/strong><strong style=\"line-height: 19px;\"><\/strong><\/td>\n<\/tr>\n<tr>\n<td width=\"20\"><\/td>\n<td colspan=\"2\"><strong>Descripci\u00f3n do proxecto:<\/strong><\/td>\n<\/tr>\n<tr>\n<td width=\"20\"><\/td>\n<td width=\"20\"><\/td>\n<td><em>\u00abEl edificio interpreta la topograf\u00eda como forma de cuenco o artesa del lugar configurada por las laderas y los viales perimetrales, con la creaci\u00f3n de una gran plaza elevada, abierta al paisaje y de un espacio interior fluido, cont\u00ednuo, propicio para la lectura\u00bb<\/em>\u00a0ACXT<\/td>\n<\/tr>\n<tr>\n<td width=\"20\"><\/td>\n<td colspan=\"2\"><b>Reportaxe fotogr\u00e1fica: <\/b><\/td>\n<\/tr>\n<tr>\n<td width=\"20\"><\/td>\n<td colspan=\"2\">\u00a0<b><b><b><a href=\"http:\/\/arquitecturadegalicia.eu\/blog\/?author=11\" target=\"_blank\">Adri\u00e1n Capelo<\/a>\u00a0| <a href=\"https:\/\/www.flickr.com\/photos\/65730391@N05\" target=\"_blank\">Rebeca Juncal<\/a> para\u00a0<a href=\"http:\/\/arquitecturadegalicia.eu\" target=\"_blank\">ArquitecturadeGalicia<\/a>\u00a0|\u00a0<a href=\"https:\/\/www.flickr.com\/photos\/arquitecturagalicia\/sets\/72157646385193361\/\" target=\"_blank\">Reportaxe no noso Flickr<\/a><\/b><\/b><\/b><\/td>\n<\/tr>\n<tr>\n<td width=\"20\"><\/td>\n<td colspan=\"2\"><strong>Planos: <a href=\"http:\/\/www.acxt.es\" target=\"_blank\">ACXT<\/a><\/strong><\/td>\n<\/tr>\n<\/tbody>\n<\/table>\n\n<p> <\/p>\n","protected":false},"excerpt":{"rendered":"<p>El edificio interpreta la topograf\u00eda como forma de cuenco o artesa del lugar configurada por las laderas y los viales perimetrales, con la creaci\u00f3n de una gran plaza elevada, abierta al paisaje y de un espacio interior fluido, cont\u00ednuo, propicio para la lectura<\/p>\n","protected":false},"author":11,"featured_media":12535,"comment_status":"open","ping_status":"open","sticky":false,"template":"","format":"standard","meta":{"jetpack_post_was_ever_published":false,"_jetpack_newsletter_access":"","_jetpack_dont_email_post_to_subs":false,"_jetpack_newsletter_tier_id":0,"_jetpack_memberships_contains_paywalled_content":false,"_jetpack_memberships_contains_paid_content":false,"footnotes":"","jetpack_publicize_message":"","jetpack_publicize_feature_enabled":true,"jetpack_social_post_already_shared":true,"jetpack_social_options":{"image_generator_settings":{"template":"highway","enabled":false},"version":2}},"categories":[14],"tags":[326,228,67,88],"ano":[],"arquitectos":[],"tipoloxia":[],"class_list":["post-5615","post","type-post","status-publish","format-standard","has-post-thumbnail","hentry","category-ourense-ourense","tag-326","tag-acxt-arquitectos","tag-biblioteca","tag-institucional","content-print"],"jetpack_publicize_connections":[],"yoast_head":"<!-- This site is optimized with the Yoast SEO plugin v24.1 - https:\/\/yoast.com\/wordpress\/plugins\/seo\/ -->\n<title>Biblioteca Central do Campus de Ourense | AG<\/title>\n<meta name=\"robots\" content=\"index, follow, max-snippet:-1, max-image-preview:large, max-video-preview:-1\" \/>\n<link rel=\"canonical\" href=\"https:\/\/arquitecturadegalicia.eu\/blog\/biblioteca-central-do-campus-de-ourense\/\" \/>\n<meta property=\"og:locale\" content=\"es_ES\" \/>\n<meta property=\"og:type\" content=\"article\" \/>\n<meta property=\"og:title\" content=\"Biblioteca Central do Campus de Ourense | AG\" \/>\n<meta property=\"og:description\" content=\"El edificio interpreta la topograf\u00eda como forma de cuenco o artesa del lugar configurada por las laderas y los viales perimetrales, con la creaci\u00f3n de una gran plaza elevada, abierta al paisaje y de un espacio interior fluido, cont\u00ednuo, propicio para la lectura\" \/>\n<meta property=\"og:url\" content=\"https:\/\/arquitecturadegalicia.eu\/blog\/biblioteca-central-do-campus-de-ourense\/\" \/>\n<meta property=\"og:site_name\" content=\"AG\" \/>\n<meta property=\"article:publisher\" content=\"https:\/\/www.facebook.com\/ArquitecturadeGalicia\/\" \/>\n<meta property=\"article:published_time\" content=\"2013-04-19T18:00:51+00:00\" \/>\n<meta property=\"article:modified_time\" content=\"2014-08-12T20:20:29+00:00\" \/>\n<meta property=\"og:image\" content=\"https:\/\/arquitecturadegalicia.eu\/blog\/wp-content\/uploads\/2013\/04\/Principal13.jpg\" \/>\n\t<meta property=\"og:image:width\" content=\"620\" \/>\n\t<meta property=\"og:image:height\" content=\"288\" \/>\n\t<meta property=\"og:image:type\" content=\"image\/jpeg\" \/>\n<meta name=\"author\" content=\"Adri\u00e1n Capelo\" \/>\n<meta name=\"twitter:card\" content=\"summary_large_image\" \/>\n<meta name=\"twitter:creator\" content=\"@arquigaliciaeu\" \/>\n<meta name=\"twitter:site\" content=\"@arquigaliciaeu\" \/>\n<meta name=\"twitter:label1\" content=\"Escrito por\" \/>\n\t<meta name=\"twitter:data1\" content=\"Adri\u00e1n Capelo\" \/>\n\t<meta name=\"twitter:label2\" content=\"Tiempo de lectura\" \/>\n\t<meta name=\"twitter:data2\" content=\"1 minuto\" \/>\n<script type=\"application\/ld+json\" class=\"yoast-schema-graph\">{\"@context\":\"https:\/\/schema.org\",\"@graph\":[{\"@type\":\"Article\",\"@id\":\"https:\/\/arquitecturadegalicia.eu\/blog\/biblioteca-central-do-campus-de-ourense\/#article\",\"isPartOf\":{\"@id\":\"https:\/\/arquitecturadegalicia.eu\/blog\/biblioteca-central-do-campus-de-ourense\/\"},\"author\":{\"name\":\"Adri\u00e1n Capelo\",\"@id\":\"https:\/\/arquitecturadegalicia.eu\/blog\/#\/schema\/person\/02decbe073ba6ac287ee8b22fc7c953e\"},\"headline\":\"Biblioteca Central do Campus de Ourense\",\"datePublished\":\"2013-04-19T18:00:51+00:00\",\"dateModified\":\"2014-08-12T20:20:29+00:00\",\"mainEntityOfPage\":{\"@id\":\"https:\/\/arquitecturadegalicia.eu\/blog\/biblioteca-central-do-campus-de-ourense\/\"},\"wordCount\":172,\"commentCount\":0,\"publisher\":{\"@id\":\"https:\/\/arquitecturadegalicia.eu\/blog\/#organization\"},\"image\":{\"@id\":\"https:\/\/arquitecturadegalicia.eu\/blog\/biblioteca-central-do-campus-de-ourense\/#primaryimage\"},\"thumbnailUrl\":\"https:\/\/arquitecturadegalicia.eu\/blog\/wp-content\/uploads\/2013\/04\/Principal13.jpg\",\"keywords\":[\"2005\",\"ACXT Arquitectos\",\"biblioteca\",\"institucional\"],\"articleSection\":[\"Ourense\"],\"inLanguage\":\"es\",\"potentialAction\":[{\"@type\":\"CommentAction\",\"name\":\"Comment\",\"target\":[\"https:\/\/arquitecturadegalicia.eu\/blog\/biblioteca-central-do-campus-de-ourense\/#respond\"]}]},{\"@type\":\"WebPage\",\"@id\":\"https:\/\/arquitecturadegalicia.eu\/blog\/biblioteca-central-do-campus-de-ourense\/\",\"url\":\"https:\/\/arquitecturadegalicia.eu\/blog\/biblioteca-central-do-campus-de-ourense\/\",\"name\":\"Biblioteca Central do Campus de Ourense | AG\",\"isPartOf\":{\"@id\":\"https:\/\/arquitecturadegalicia.eu\/blog\/#website\"},\"primaryImageOfPage\":{\"@id\":\"https:\/\/arquitecturadegalicia.eu\/blog\/biblioteca-central-do-campus-de-ourense\/#primaryimage\"},\"image\":{\"@id\":\"https:\/\/arquitecturadegalicia.eu\/blog\/biblioteca-central-do-campus-de-ourense\/#primaryimage\"},\"thumbnailUrl\":\"https:\/\/arquitecturadegalicia.eu\/blog\/wp-content\/uploads\/2013\/04\/Principal13.jpg\",\"datePublished\":\"2013-04-19T18:00:51+00:00\",\"dateModified\":\"2014-08-12T20:20:29+00:00\",\"breadcrumb\":{\"@id\":\"https:\/\/arquitecturadegalicia.eu\/blog\/biblioteca-central-do-campus-de-ourense\/#breadcrumb\"},\"inLanguage\":\"es\",\"potentialAction\":[{\"@type\":\"ReadAction\",\"target\":[\"https:\/\/arquitecturadegalicia.eu\/blog\/biblioteca-central-do-campus-de-ourense\/\"]}]},{\"@type\":\"ImageObject\",\"inLanguage\":\"es\",\"@id\":\"https:\/\/arquitecturadegalicia.eu\/blog\/biblioteca-central-do-campus-de-ourense\/#primaryimage\",\"url\":\"https:\/\/arquitecturadegalicia.eu\/blog\/wp-content\/uploads\/2013\/04\/Principal13.jpg\",\"contentUrl\":\"https:\/\/arquitecturadegalicia.eu\/blog\/wp-content\/uploads\/2013\/04\/Principal13.jpg\",\"width\":620,\"height\":288,\"caption\":\"Biblioteca Central do Campus de Ourense | ACXT | Adri\u00e1n Capelo\"},{\"@type\":\"BreadcrumbList\",\"@id\":\"https:\/\/arquitecturadegalicia.eu\/blog\/biblioteca-central-do-campus-de-ourense\/#breadcrumb\",\"itemListElement\":[{\"@type\":\"ListItem\",\"position\":1,\"name\":\"Portada\",\"item\":\"https:\/\/arquitecturadegalicia.eu\/blog\/\"},{\"@type\":\"ListItem\",\"position\":2,\"name\":\"Biblioteca Central do Campus de Ourense\"}]},{\"@type\":\"WebSite\",\"@id\":\"https:\/\/arquitecturadegalicia.eu\/blog\/#website\",\"url\":\"https:\/\/arquitecturadegalicia.eu\/blog\/\",\"name\":\"AG\",\"description\":\"Arquitectura de Galicia\",\"publisher\":{\"@id\":\"https:\/\/arquitecturadegalicia.eu\/blog\/#organization\"},\"potentialAction\":[{\"@type\":\"SearchAction\",\"target\":{\"@type\":\"EntryPoint\",\"urlTemplate\":\"https:\/\/arquitecturadegalicia.eu\/blog\/?s={search_term_string}\"},\"query-input\":{\"@type\":\"PropertyValueSpecification\",\"valueRequired\":true,\"valueName\":\"search_term_string\"}}],\"inLanguage\":\"es\"},{\"@type\":\"Organization\",\"@id\":\"https:\/\/arquitecturadegalicia.eu\/blog\/#organization\",\"name\":\"Arquitectura de Galicia\",\"url\":\"https:\/\/arquitecturadegalicia.eu\/blog\/\",\"logo\":{\"@type\":\"ImageObject\",\"inLanguage\":\"es\",\"@id\":\"https:\/\/arquitecturadegalicia.eu\/blog\/#\/schema\/logo\/image\/\",\"url\":\"https:\/\/arquitecturadegalicia.eu\/blog\/wp-content\/uploads\/2017\/01\/arquitecturacurrents2.png\",\"contentUrl\":\"https:\/\/arquitecturadegalicia.eu\/blog\/wp-content\/uploads\/2017\/01\/arquitecturacurrents2.png\",\"width\":840,\"height\":640,\"caption\":\"Arquitectura de Galicia\"},\"image\":{\"@id\":\"https:\/\/arquitecturadegalicia.eu\/blog\/#\/schema\/logo\/image\/\"},\"sameAs\":[\"https:\/\/www.facebook.com\/ArquitecturadeGalicia\/\",\"https:\/\/x.com\/arquigaliciaeu\",\"https:\/\/www.instagram.com\/arquigaliciaeu\/\"]},{\"@type\":\"Person\",\"@id\":\"https:\/\/arquitecturadegalicia.eu\/blog\/#\/schema\/person\/02decbe073ba6ac287ee8b22fc7c953e\",\"name\":\"Adri\u00e1n Capelo\",\"image\":{\"@type\":\"ImageObject\",\"inLanguage\":\"es\",\"@id\":\"https:\/\/arquitecturadegalicia.eu\/blog\/#\/schema\/person\/image\/\",\"url\":\"https:\/\/secure.gravatar.com\/avatar\/f106f10a14512409fee37ea940dd22e4?s=96&d=mm&r=g\",\"contentUrl\":\"https:\/\/secure.gravatar.com\/avatar\/f106f10a14512409fee37ea940dd22e4?s=96&d=mm&r=g\",\"caption\":\"Adri\u00e1n Capelo\"},\"description\":\"Pontevedra | Dese\u00f1o gr\u00e1fico, fotograf\u00eda e\u00a0edici\u00f3n de artigos | Estudiante de Arquitectura na ETSA de A Coru\u00f1a. Fai \u00e1s veces de fot\u00f3grafo, dese\u00f1ador gr\u00e1fico ou m\u00fasico | M\u00e1is informaci\u00f3n sobre Adri\u00e1n\",\"url\":\"https:\/\/arquitecturadegalicia.eu\/blog\/author\/adriancapelo\/\"}]}<\/script>\n<!-- \/ Yoast SEO plugin. -->","yoast_head_json":{"title":"Biblioteca Central do Campus de Ourense | AG","robots":{"index":"index","follow":"follow","max-snippet":"max-snippet:-1","max-image-preview":"max-image-preview:large","max-video-preview":"max-video-preview:-1"},"canonical":"https:\/\/arquitecturadegalicia.eu\/blog\/biblioteca-central-do-campus-de-ourense\/","og_locale":"es_ES","og_type":"article","og_title":"Biblioteca Central do Campus de Ourense | AG","og_description":"El edificio interpreta la topograf\u00eda como forma de cuenco o artesa del lugar configurada por las laderas y los viales perimetrales, con la creaci\u00f3n de una gran plaza elevada, abierta al paisaje y de un espacio interior fluido, cont\u00ednuo, propicio para la lectura","og_url":"https:\/\/arquitecturadegalicia.eu\/blog\/biblioteca-central-do-campus-de-ourense\/","og_site_name":"AG","article_publisher":"https:\/\/www.facebook.com\/ArquitecturadeGalicia\/","article_published_time":"2013-04-19T18:00:51+00:00","article_modified_time":"2014-08-12T20:20:29+00:00","og_image":[{"width":620,"height":288,"url":"https:\/\/arquitecturadegalicia.eu\/blog\/wp-content\/uploads\/2013\/04\/Principal13.jpg","type":"image\/jpeg"}],"author":"Adri\u00e1n Capelo","twitter_card":"summary_large_image","twitter_creator":"@arquigaliciaeu","twitter_site":"@arquigaliciaeu","twitter_misc":{"Escrito por":"Adri\u00e1n Capelo","Tiempo de lectura":"1 minuto"},"schema":{"@context":"https:\/\/schema.org","@graph":[{"@type":"Article","@id":"https:\/\/arquitecturadegalicia.eu\/blog\/biblioteca-central-do-campus-de-ourense\/#article","isPartOf":{"@id":"https:\/\/arquitecturadegalicia.eu\/blog\/biblioteca-central-do-campus-de-ourense\/"},"author":{"name":"Adri\u00e1n Capelo","@id":"https:\/\/arquitecturadegalicia.eu\/blog\/#\/schema\/person\/02decbe073ba6ac287ee8b22fc7c953e"},"headline":"Biblioteca Central do Campus de Ourense","datePublished":"2013-04-19T18:00:51+00:00","dateModified":"2014-08-12T20:20:29+00:00","mainEntityOfPage":{"@id":"https:\/\/arquitecturadegalicia.eu\/blog\/biblioteca-central-do-campus-de-ourense\/"},"wordCount":172,"commentCount":0,"publisher":{"@id":"https:\/\/arquitecturadegalicia.eu\/blog\/#organization"},"image":{"@id":"https:\/\/arquitecturadegalicia.eu\/blog\/biblioteca-central-do-campus-de-ourense\/#primaryimage"},"thumbnailUrl":"https:\/\/arquitecturadegalicia.eu\/blog\/wp-content\/uploads\/2013\/04\/Principal13.jpg","keywords":["2005","ACXT Arquitectos","biblioteca","institucional"],"articleSection":["Ourense"],"inLanguage":"es","potentialAction":[{"@type":"CommentAction","name":"Comment","target":["https:\/\/arquitecturadegalicia.eu\/blog\/biblioteca-central-do-campus-de-ourense\/#respond"]}]},{"@type":"WebPage","@id":"https:\/\/arquitecturadegalicia.eu\/blog\/biblioteca-central-do-campus-de-ourense\/","url":"https:\/\/arquitecturadegalicia.eu\/blog\/biblioteca-central-do-campus-de-ourense\/","name":"Biblioteca Central do Campus de Ourense | AG","isPartOf":{"@id":"https:\/\/arquitecturadegalicia.eu\/blog\/#website"},"primaryImageOfPage":{"@id":"https:\/\/arquitecturadegalicia.eu\/blog\/biblioteca-central-do-campus-de-ourense\/#primaryimage"},"image":{"@id":"https:\/\/arquitecturadegalicia.eu\/blog\/biblioteca-central-do-campus-de-ourense\/#primaryimage"},"thumbnailUrl":"https:\/\/arquitecturadegalicia.eu\/blog\/wp-content\/uploads\/2013\/04\/Principal13.jpg","datePublished":"2013-04-19T18:00:51+00:00","dateModified":"2014-08-12T20:20:29+00:00","breadcrumb":{"@id":"https:\/\/arquitecturadegalicia.eu\/blog\/biblioteca-central-do-campus-de-ourense\/#breadcrumb"},"inLanguage":"es","potentialAction":[{"@type":"ReadAction","target":["https:\/\/arquitecturadegalicia.eu\/blog\/biblioteca-central-do-campus-de-ourense\/"]}]},{"@type":"ImageObject","inLanguage":"es","@id":"https:\/\/arquitecturadegalicia.eu\/blog\/biblioteca-central-do-campus-de-ourense\/#primaryimage","url":"https:\/\/arquitecturadegalicia.eu\/blog\/wp-content\/uploads\/2013\/04\/Principal13.jpg","contentUrl":"https:\/\/arquitecturadegalicia.eu\/blog\/wp-content\/uploads\/2013\/04\/Principal13.jpg","width":620,"height":288,"caption":"Biblioteca Central do Campus de Ourense | ACXT | Adri\u00e1n Capelo"},{"@type":"BreadcrumbList","@id":"https:\/\/arquitecturadegalicia.eu\/blog\/biblioteca-central-do-campus-de-ourense\/#breadcrumb","itemListElement":[{"@type":"ListItem","position":1,"name":"Portada","item":"https:\/\/arquitecturadegalicia.eu\/blog\/"},{"@type":"ListItem","position":2,"name":"Biblioteca Central do Campus de Ourense"}]},{"@type":"WebSite","@id":"https:\/\/arquitecturadegalicia.eu\/blog\/#website","url":"https:\/\/arquitecturadegalicia.eu\/blog\/","name":"AG","description":"Arquitectura de Galicia","publisher":{"@id":"https:\/\/arquitecturadegalicia.eu\/blog\/#organization"},"potentialAction":[{"@type":"SearchAction","target":{"@type":"EntryPoint","urlTemplate":"https:\/\/arquitecturadegalicia.eu\/blog\/?s={search_term_string}"},"query-input":{"@type":"PropertyValueSpecification","valueRequired":true,"valueName":"search_term_string"}}],"inLanguage":"es"},{"@type":"Organization","@id":"https:\/\/arquitecturadegalicia.eu\/blog\/#organization","name":"Arquitectura de Galicia","url":"https:\/\/arquitecturadegalicia.eu\/blog\/","logo":{"@type":"ImageObject","inLanguage":"es","@id":"https:\/\/arquitecturadegalicia.eu\/blog\/#\/schema\/logo\/image\/","url":"https:\/\/arquitecturadegalicia.eu\/blog\/wp-content\/uploads\/2017\/01\/arquitecturacurrents2.png","contentUrl":"https:\/\/arquitecturadegalicia.eu\/blog\/wp-content\/uploads\/2017\/01\/arquitecturacurrents2.png","width":840,"height":640,"caption":"Arquitectura de Galicia"},"image":{"@id":"https:\/\/arquitecturadegalicia.eu\/blog\/#\/schema\/logo\/image\/"},"sameAs":["https:\/\/www.facebook.com\/ArquitecturadeGalicia\/","https:\/\/x.com\/arquigaliciaeu","https:\/\/www.instagram.com\/arquigaliciaeu\/"]},{"@type":"Person","@id":"https:\/\/arquitecturadegalicia.eu\/blog\/#\/schema\/person\/02decbe073ba6ac287ee8b22fc7c953e","name":"Adri\u00e1n Capelo","image":{"@type":"ImageObject","inLanguage":"es","@id":"https:\/\/arquitecturadegalicia.eu\/blog\/#\/schema\/person\/image\/","url":"https:\/\/secure.gravatar.com\/avatar\/f106f10a14512409fee37ea940dd22e4?s=96&d=mm&r=g","contentUrl":"https:\/\/secure.gravatar.com\/avatar\/f106f10a14512409fee37ea940dd22e4?s=96&d=mm&r=g","caption":"Adri\u00e1n Capelo"},"description":"Pontevedra | Dese\u00f1o gr\u00e1fico, fotograf\u00eda e\u00a0edici\u00f3n de artigos | Estudiante de Arquitectura na ETSA de A Coru\u00f1a. Fai \u00e1s veces de fot\u00f3grafo, dese\u00f1ador gr\u00e1fico ou m\u00fasico | M\u00e1is informaci\u00f3n sobre Adri\u00e1n","url":"https:\/\/arquitecturadegalicia.eu\/blog\/author\/adriancapelo\/"}]}},"jetpack_featured_media_url":"https:\/\/arquitecturadegalicia.eu\/blog\/wp-content\/uploads\/2013\/04\/Principal13.jpg","jetpack_shortlink":"https:\/\/wp.me\/p2NHs2-1sz","jetpack_sharing_enabled":true,"_links":{"self":[{"href":"https:\/\/arquitecturadegalicia.eu\/blog\/wp-json\/wp\/v2\/posts\/5615","targetHints":{"allow":["GET"]}}],"collection":[{"href":"https:\/\/arquitecturadegalicia.eu\/blog\/wp-json\/wp\/v2\/posts"}],"about":[{"href":"https:\/\/arquitecturadegalicia.eu\/blog\/wp-json\/wp\/v2\/types\/post"}],"author":[{"embeddable":true,"href":"https:\/\/arquitecturadegalicia.eu\/blog\/wp-json\/wp\/v2\/users\/11"}],"replies":[{"embeddable":true,"href":"https:\/\/arquitecturadegalicia.eu\/blog\/wp-json\/wp\/v2\/comments?post=5615"}],"version-history":[{"count":19,"href":"https:\/\/arquitecturadegalicia.eu\/blog\/wp-json\/wp\/v2\/posts\/5615\/revisions"}],"predecessor-version":[{"id":12534,"href":"https:\/\/arquitecturadegalicia.eu\/blog\/wp-json\/wp\/v2\/posts\/5615\/revisions\/12534"}],"wp:featuredmedia":[{"embeddable":true,"href":"https:\/\/arquitecturadegalicia.eu\/blog\/wp-json\/wp\/v2\/media\/12535"}],"wp:attachment":[{"href":"https:\/\/arquitecturadegalicia.eu\/blog\/wp-json\/wp\/v2\/media?parent=5615"}],"wp:term":[{"taxonomy":"category","embeddable":true,"href":"https:\/\/arquitecturadegalicia.eu\/blog\/wp-json\/wp\/v2\/categories?post=5615"},{"taxonomy":"post_tag","embeddable":true,"href":"https:\/\/arquitecturadegalicia.eu\/blog\/wp-json\/wp\/v2\/tags?post=5615"},{"taxonomy":"ano","embeddable":true,"href":"https:\/\/arquitecturadegalicia.eu\/blog\/wp-json\/wp\/v2\/ano?post=5615"},{"taxonomy":"arquitectos","embeddable":true,"href":"https:\/\/arquitecturadegalicia.eu\/blog\/wp-json\/wp\/v2\/arquitectos?post=5615"},{"taxonomy":"tipoloxia","embeddable":true,"href":"https:\/\/arquitecturadegalicia.eu\/blog\/wp-json\/wp\/v2\/tipoloxia?post=5615"}],"curies":[{"name":"wp","href":"https:\/\/api.w.org\/{rel}","templated":true}]}}