{"id":5635,"date":"2013-04-14T12:00:48","date_gmt":"2013-04-14T10:00:48","guid":{"rendered":"http:\/\/arquitecturadegalicia.eu\/blog\/?p=5635"},"modified":"2013-04-10T23:47:29","modified_gmt":"2013-04-10T21:47:29","slug":"hotel-nh-obradoiro","status":"publish","type":"post","link":"https:\/\/arquitecturadegalicia.eu\/blog\/hotel-nh-obradoiro\/","title":{"rendered":"Hotel NH Obradoiro"},"content":{"rendered":"<p><img fetchpriority=\"high\" decoding=\"async\" class=\"aligncenter size-full wp-image-5637\" alt=\"NH Obradoiro | Aranguren y Gallegos | Santiago\" src=\"http:\/\/arquitecturadegalicia.eu\/blog\/wp-content\/uploads\/2013\/04\/fachada-1105468-nh-obradoiro_t2-z1w.jpg\" width=\"620\" height=\"464\" srcset=\"https:\/\/arquitecturadegalicia.eu\/blog\/wp-content\/uploads\/2013\/04\/fachada-1105468-nh-obradoiro_t2-z1w.jpg 620w, https:\/\/arquitecturadegalicia.eu\/blog\/wp-content\/uploads\/2013\/04\/fachada-1105468-nh-obradoiro_t2-z1w-300x224.jpg 300w\" sizes=\"(max-width: 620px) 100vw, 620px\" \/><\/p>\n<table class=\"aligncenter\" width=\"620\" border=\"0\" cellspacing=\"0\" cellpadding=\"0\">\n<tbody>\n<tr>\n<td width=\"180\"><strong>Obra:<\/strong><\/td>\n<td>Hotel NH Obradoiro<\/td>\n<\/tr>\n<tr>\n<td><strong>Arquitecto:<\/strong><\/td>\n<td>Aranguren y Gallegos<\/td>\n<\/tr>\n<tr>\n<td><strong>Provincia:<\/strong><\/td>\n<td>A Coru\u00f1a<\/td>\n<\/tr>\n<tr>\n<td><strong>Localidade:<\/strong><\/td>\n<td>Santiago de Compostela<\/td>\n<\/tr>\n<tr>\n<td><strong>Ano:<\/strong><\/td>\n<td>2002<\/td>\n<\/tr>\n<tr>\n<td><strong>Xeolocalizaci\u00f3n:<\/strong><\/td>\n<td><strong><a href=\"https:\/\/maps.google.com\/maps\/ms?ie=UTF8&amp;t=h&amp;vpsrc=6&amp;hl=es&amp;oe=UTF8&amp;msa=0&amp;msid=205584753861089304839.0004b3590a9baff01c53d&amp;start=0&amp;num=200&amp;ll=42.888071,-8.537364&amp;spn=0.021224,0.045447&amp;z=15&amp;iwloc=0004ce380b689c2b4c0b9\" target=\"_blank\">42.888,-8.537<\/a><\/strong><\/td>\n<\/tr>\n<\/tbody>\n<\/table>\n<table class=\" aligncenter\" width=\"620\" border=\"0\" cellspacing=\"0\" cellpadding=\"0\">\n<tbody>\n<tr>\n<td colspan=\"3\"><strong>Outros Datos:<\/strong><\/td>\n<\/tr>\n<tr>\n<td width=\"20\"><\/td>\n<td colspan=\"2\"><strong>Premios:<\/strong><\/td>\n<\/tr>\n<tr>\n<td width=\"20\"><\/td>\n<td width=\"20\"><\/td>\n<td width=\"580\">2006 Premios Veteco &#8211; Asefave 2006 de Arquitectura. 1\u00ba premio categor\u00eda Mejor Ventana<\/td>\n<\/tr>\n<tr>\n<td width=\"20\"><\/td>\n<td colspan=\"2\"><strong>Publicaci\u00f3ns:<\/strong><\/td>\n<\/tr>\n<tr>\n<td width=\"20\"><\/td>\n<td width=\"20\"><\/td>\n<td>Revista On Dise\u00f1o, N\u00ba 267<br \/>\nRevista Perfil, N\u00ba 33<\/td>\n<\/tr>\n<tr>\n<td width=\"20\"><\/td>\n<td colspan=\"2\"><strong>Informaci\u00f3n na rede:<\/strong><\/td>\n<\/tr>\n<tr>\n<td width=\"20\"><\/td>\n<td width=\"20\"><\/td>\n<td><strong><a href=\"http:\/\/www.arangurengallegos.com\/espanol\/menu_principal.html\" target=\"_blank\">arangurengallegos.com<\/a><\/strong><\/td>\n<\/tr>\n<tr>\n<td width=\"20\"><\/td>\n<td colspan=\"2\"><strong>Descripci\u00f3n do proxecto:<\/strong><\/td>\n<\/tr>\n<tr>\n<td width=\"20\"><\/td>\n<td width=\"20\"><\/td>\n<td>\n<p align=\"LEFT\">Uno de los factores determinantes a la hora de proyectar el nuevo hotel en Santiago de Compostela ha sido las cualidades del entorno y la finca en donde se asienta. Desde el punto de vista paisaj\u00edstico, la finca del antiguo sanatorio est\u00e1 situada en un entorno de gran calidad paisaj\u00edstica. Al Sur esta situado el Campus norte de la Universidad de Santiago, al Oeste el edificio del Auditorio de Galicia, obra del arquitecto Julio Cano Lasso y al Norte cierra la visi\u00f3n del conjunto una magn\u00edfica carballeira abandonada durante los \u00faltimos a\u00f1os y con un gran valor hist\u00f3rico.<br \/>\nDesde el punto de vista de la vegetaci\u00f3n y arbolado destacan dos elementos de singular significaci\u00f3n. Al Sur el magn\u00edfico paseo de Camelios centenarios que atraviesa el Arroyo dos Sapos y al Norte la espesa carballeira que se extiende por la finca. Si hemos de resaltar el valor hist\u00f3rico del lugar, sin duda este se encuentra, y con una gran calidad, en el arbolado de la finca, de gran porte y variedad.<br \/>\nLa nueva edificaci\u00f3n hotelera ha de respetar la Carballeira y el \u00e1rea del Arroyo dos Sapos y camino de Camelios, Para alcanzar el menor impacto de la nueva edificaci\u00f3n en el conjunto del jard\u00edn existente y salvaguardar su relaci\u00f3n con el conjunto del Auditorio de Galicia, se opta por plantear tres cuerpos de desarrollo horizontal, La disposici\u00f3n del proyecto hotelero es en forma de U, para as\u00ed abrazar una gran plaza central que se abre como mirador hacia la visi\u00f3n de la ciudad hist\u00f3rica con el conjunto de la Catedral. Para disolver m\u00e1s los vol\u00famenes edificados recurrimos a fragmentar cada uno de ellos en otros dos con un desfase de una planta, con lo que se consiguen unas cornisas escalonadas con unos retranqueos volum\u00e9tricos que ayudan a su integraci\u00f3n en el conjunto del jard\u00edn. La muralla Oeste que hace frente a la Avenida del Burgo de las Naciones se abre en un tramo central para facilitar el acceso al nuevo hotel. Esta apertura pretende no s\u00f3lo resolver un problema de funcionamiento del acceso sino abrir el actual espacio herm\u00e9tico de la finca hotelera a la ciudad y al conjunto del Auditorio de Galicia.<br \/>\nEl acceso al hotel ser\u00e1, como se acaba de indicar, desde la Avenida del Burgo de las Naciones con una avenida suavemente en pendiente hasta el zagu\u00e1n de acceso del edificio, que se produce en el cuerpo de edificaci\u00f3n de lado Oeste y que tiene en su parte m\u00e1s elevada tres alturas.<br \/>\nDe este modo se pretende integrar la nueva edificaci\u00f3n en un emplazamiento determinado por sus cualidades naturales y paisaj\u00edsticas, reflexionando sobre su impacto ambiental, lo que nos ha llevado tambi\u00e9n a la elecci\u00f3n de unos materiales adecuados para facilitarlo. En sus cerramientos se elige una fachada ventilada con cuarcita verde de Mondo\u00f1edo como material de chapado. Se escoge as\u00ed una piedra aut\u00f3ctona de la zona y que, por su color y textura, se integra perfectamente con el arbolado de la finca. Por contraste, los huecos y embocaduras se resuelven en aluminio acabado inoxidable, consiguiendo resaltar el conjunto puntualmente transmitiendo calidad y sencillez constructiva. Asimismo, se busca dar un tratamiento muy especial a todos sus huecos, que dirigen intencionadamente las vistas a aquellas visuales que consideramos de mayor inter\u00e9s. De este modo se consigue que todas las habitaciones orienten su mirada hacia la magnifica presencia del conjunto de la catedral por el Sur o hacia espacios de alta calidad natural (la carballeira, el entorno del Auditorio&#8230;) incentivando la sensaci\u00f3n de sosiego y tranquilidad.<br \/>\nSe trata, pues, de un edificio que consigue fundirse con el paisaje con cierta sutilidad proyectual y constructiva, y que aporta calidad a los espacios que ha de ser disfrutados desde el interior hacia el exterior con un alto grado de permeabilidad. \u00abAranguren y Gallegos\u00bb<\/p>\n<\/td>\n<\/tr>\n<tr>\n<td width=\"20\"><\/td>\n<td colspan=\"2\"><b>Reportaxe fotogr\u00e1fica:<\/b><\/td>\n<\/tr>\n<tr>\n<td width=\"20\"><\/td>\n<td colspan=\"2\"><\/td>\n<\/tr>\n<tr>\n<td width=\"20\"><\/td>\n<td colspan=\"2\"><strong>Planos:<\/strong><\/td>\n<\/tr>\n<tr>\n<td width=\"20\"><\/td>\n<td colspan=\"2\"><\/td>\n<\/tr>\n<\/tbody>\n<\/table>\n","protected":false},"excerpt":{"rendered":"<p>Uno de los factores determinantes a la hora de proyectar el nuevo hotel en Santiago de Compostela ha sido las cualidades del entorno y la finca en donde se asienta. Desde el punto de vista paisaj\u00edstico, la finca del antiguo sanatorio est\u00e1 situada en un entorno de gran calidad paisaj\u00edstica. Al Sur esta situado el Campus norte de la Universidad de Santiago, al Oeste el edificio del Auditorio de Galicia, obra del arquitecto Julio Cano Lasso y al Norte cierra la visi\u00f3n del conjunto una magn\u00edfica carballeira abandonada durante los \u00faltimos a\u00f1os y con un gran valor hist\u00f3rico.<\/p>\n","protected":false},"author":7,"featured_media":5637,"comment_status":"open","ping_status":"open","sticky":false,"template":"","format":"standard","meta":{"jetpack_post_was_ever_published":false,"_jetpack_newsletter_access":"","_jetpack_dont_email_post_to_subs":false,"_jetpack_newsletter_tier_id":0,"_jetpack_memberships_contains_paywalled_content":false,"_jetpack_memberships_contains_paid_content":false,"footnotes":"","jetpack_publicize_message":"","jetpack_publicize_feature_enabled":true,"jetpack_social_post_already_shared":true,"jetpack_social_options":{"image_generator_settings":{"template":"highway","enabled":false},"version":2}},"categories":[22],"tags":[48,463,256,104],"ano":[],"arquitectos":[],"tipoloxia":[],"class_list":["post-5635","post","type-post","status-publish","format-standard","has-post-thumbnail","hentry","category-santiago-de-compostela","tag-48","tag-aranguren-y-gallegos","tag-hotelero","tag-turistico","content-print"],"jetpack_publicize_connections":[],"yoast_head":"<!-- This site is optimized with the Yoast SEO plugin v24.1 - https:\/\/yoast.com\/wordpress\/plugins\/seo\/ -->\n<title>Hotel NH Obradoiro | AG<\/title>\n<meta name=\"robots\" content=\"index, follow, max-snippet:-1, max-image-preview:large, max-video-preview:-1\" \/>\n<link rel=\"canonical\" href=\"https:\/\/arquitecturadegalicia.eu\/blog\/hotel-nh-obradoiro\/\" \/>\n<meta property=\"og:locale\" content=\"es_ES\" \/>\n<meta property=\"og:type\" content=\"article\" \/>\n<meta property=\"og:title\" content=\"Hotel NH Obradoiro | AG\" \/>\n<meta property=\"og:description\" content=\"Uno de los factores determinantes a la hora de proyectar el nuevo hotel en Santiago de Compostela ha sido las cualidades del entorno y la finca en donde se asienta. Desde el punto de vista paisaj\u00edstico, la finca del antiguo sanatorio est\u00e1 situada en un entorno de gran calidad paisaj\u00edstica. Al Sur esta situado el Campus norte de la Universidad de Santiago, al Oeste el edificio del Auditorio de Galicia, obra del arquitecto Julio Cano Lasso y al Norte cierra la visi\u00f3n del conjunto una magn\u00edfica carballeira abandonada durante los \u00faltimos a\u00f1os y con un gran valor hist\u00f3rico.\" \/>\n<meta property=\"og:url\" content=\"https:\/\/arquitecturadegalicia.eu\/blog\/hotel-nh-obradoiro\/\" \/>\n<meta property=\"og:site_name\" content=\"AG\" \/>\n<meta property=\"article:publisher\" content=\"https:\/\/www.facebook.com\/ArquitecturadeGalicia\/\" \/>\n<meta property=\"article:published_time\" content=\"2013-04-14T10:00:48+00:00\" \/>\n<meta property=\"article:modified_time\" content=\"2013-04-10T21:47:29+00:00\" \/>\n<meta property=\"og:image\" content=\"https:\/\/arquitecturadegalicia.eu\/blog\/wp-content\/uploads\/2013\/04\/fachada-1105468-nh-obradoiro_t2-z1w.jpg\" \/>\n\t<meta property=\"og:image:width\" content=\"620\" \/>\n\t<meta property=\"og:image:height\" content=\"464\" \/>\n\t<meta property=\"og:image:type\" content=\"image\/jpeg\" \/>\n<meta name=\"author\" content=\"Dario Vallina\" \/>\n<meta name=\"twitter:card\" content=\"summary_large_image\" \/>\n<meta name=\"twitter:creator\" content=\"@arquigaliciaeu\" \/>\n<meta name=\"twitter:site\" content=\"@arquigaliciaeu\" \/>\n<meta name=\"twitter:label1\" content=\"Escrito por\" \/>\n\t<meta name=\"twitter:data1\" content=\"Dario Vallina\" \/>\n\t<meta name=\"twitter:label2\" content=\"Tiempo de lectura\" \/>\n\t<meta name=\"twitter:data2\" content=\"4 minutos\" \/>\n<script type=\"application\/ld+json\" class=\"yoast-schema-graph\">{\"@context\":\"https:\/\/schema.org\",\"@graph\":[{\"@type\":\"Article\",\"@id\":\"https:\/\/arquitecturadegalicia.eu\/blog\/hotel-nh-obradoiro\/#article\",\"isPartOf\":{\"@id\":\"https:\/\/arquitecturadegalicia.eu\/blog\/hotel-nh-obradoiro\/\"},\"author\":{\"name\":\"Dario Vallina\",\"@id\":\"https:\/\/arquitecturadegalicia.eu\/blog\/#\/schema\/person\/abcb74b3399abffb9dabced36488ac35\"},\"headline\":\"Hotel NH Obradoiro\",\"datePublished\":\"2013-04-14T10:00:48+00:00\",\"dateModified\":\"2013-04-10T21:47:29+00:00\",\"mainEntityOfPage\":{\"@id\":\"https:\/\/arquitecturadegalicia.eu\/blog\/hotel-nh-obradoiro\/\"},\"wordCount\":728,\"commentCount\":0,\"publisher\":{\"@id\":\"https:\/\/arquitecturadegalicia.eu\/blog\/#organization\"},\"image\":{\"@id\":\"https:\/\/arquitecturadegalicia.eu\/blog\/hotel-nh-obradoiro\/#primaryimage\"},\"thumbnailUrl\":\"https:\/\/arquitecturadegalicia.eu\/blog\/wp-content\/uploads\/2013\/04\/fachada-1105468-nh-obradoiro_t2-z1w.jpg\",\"keywords\":[\"2002\",\"Aranguren y Gallegos\",\"hotelero\",\"tur\u00edstico\"],\"articleSection\":[\"Santiago de Compostela\"],\"inLanguage\":\"es\",\"potentialAction\":[{\"@type\":\"CommentAction\",\"name\":\"Comment\",\"target\":[\"https:\/\/arquitecturadegalicia.eu\/blog\/hotel-nh-obradoiro\/#respond\"]}]},{\"@type\":\"WebPage\",\"@id\":\"https:\/\/arquitecturadegalicia.eu\/blog\/hotel-nh-obradoiro\/\",\"url\":\"https:\/\/arquitecturadegalicia.eu\/blog\/hotel-nh-obradoiro\/\",\"name\":\"Hotel NH Obradoiro | AG\",\"isPartOf\":{\"@id\":\"https:\/\/arquitecturadegalicia.eu\/blog\/#website\"},\"primaryImageOfPage\":{\"@id\":\"https:\/\/arquitecturadegalicia.eu\/blog\/hotel-nh-obradoiro\/#primaryimage\"},\"image\":{\"@id\":\"https:\/\/arquitecturadegalicia.eu\/blog\/hotel-nh-obradoiro\/#primaryimage\"},\"thumbnailUrl\":\"https:\/\/arquitecturadegalicia.eu\/blog\/wp-content\/uploads\/2013\/04\/fachada-1105468-nh-obradoiro_t2-z1w.jpg\",\"datePublished\":\"2013-04-14T10:00:48+00:00\",\"dateModified\":\"2013-04-10T21:47:29+00:00\",\"breadcrumb\":{\"@id\":\"https:\/\/arquitecturadegalicia.eu\/blog\/hotel-nh-obradoiro\/#breadcrumb\"},\"inLanguage\":\"es\",\"potentialAction\":[{\"@type\":\"ReadAction\",\"target\":[\"https:\/\/arquitecturadegalicia.eu\/blog\/hotel-nh-obradoiro\/\"]}]},{\"@type\":\"ImageObject\",\"inLanguage\":\"es\",\"@id\":\"https:\/\/arquitecturadegalicia.eu\/blog\/hotel-nh-obradoiro\/#primaryimage\",\"url\":\"https:\/\/arquitecturadegalicia.eu\/blog\/wp-content\/uploads\/2013\/04\/fachada-1105468-nh-obradoiro_t2-z1w.jpg\",\"contentUrl\":\"https:\/\/arquitecturadegalicia.eu\/blog\/wp-content\/uploads\/2013\/04\/fachada-1105468-nh-obradoiro_t2-z1w.jpg\",\"width\":620,\"height\":464,\"caption\":\"NH Obradoiro | Aranguren y Gallegos | Santiago\"},{\"@type\":\"BreadcrumbList\",\"@id\":\"https:\/\/arquitecturadegalicia.eu\/blog\/hotel-nh-obradoiro\/#breadcrumb\",\"itemListElement\":[{\"@type\":\"ListItem\",\"position\":1,\"name\":\"Portada\",\"item\":\"https:\/\/arquitecturadegalicia.eu\/blog\/\"},{\"@type\":\"ListItem\",\"position\":2,\"name\":\"Hotel NH Obradoiro\"}]},{\"@type\":\"WebSite\",\"@id\":\"https:\/\/arquitecturadegalicia.eu\/blog\/#website\",\"url\":\"https:\/\/arquitecturadegalicia.eu\/blog\/\",\"name\":\"AG\",\"description\":\"Arquitectura de Galicia\",\"publisher\":{\"@id\":\"https:\/\/arquitecturadegalicia.eu\/blog\/#organization\"},\"potentialAction\":[{\"@type\":\"SearchAction\",\"target\":{\"@type\":\"EntryPoint\",\"urlTemplate\":\"https:\/\/arquitecturadegalicia.eu\/blog\/?s={search_term_string}\"},\"query-input\":{\"@type\":\"PropertyValueSpecification\",\"valueRequired\":true,\"valueName\":\"search_term_string\"}}],\"inLanguage\":\"es\"},{\"@type\":\"Organization\",\"@id\":\"https:\/\/arquitecturadegalicia.eu\/blog\/#organization\",\"name\":\"Arquitectura de Galicia\",\"url\":\"https:\/\/arquitecturadegalicia.eu\/blog\/\",\"logo\":{\"@type\":\"ImageObject\",\"inLanguage\":\"es\",\"@id\":\"https:\/\/arquitecturadegalicia.eu\/blog\/#\/schema\/logo\/image\/\",\"url\":\"https:\/\/arquitecturadegalicia.eu\/blog\/wp-content\/uploads\/2017\/01\/arquitecturacurrents2.png\",\"contentUrl\":\"https:\/\/arquitecturadegalicia.eu\/blog\/wp-content\/uploads\/2017\/01\/arquitecturacurrents2.png\",\"width\":840,\"height\":640,\"caption\":\"Arquitectura de Galicia\"},\"image\":{\"@id\":\"https:\/\/arquitecturadegalicia.eu\/blog\/#\/schema\/logo\/image\/\"},\"sameAs\":[\"https:\/\/www.facebook.com\/ArquitecturadeGalicia\/\",\"https:\/\/x.com\/arquigaliciaeu\",\"https:\/\/www.instagram.com\/arquigaliciaeu\/\"]},{\"@type\":\"Person\",\"@id\":\"https:\/\/arquitecturadegalicia.eu\/blog\/#\/schema\/person\/abcb74b3399abffb9dabced36488ac35\",\"name\":\"Dario Vallina\",\"image\":{\"@type\":\"ImageObject\",\"inLanguage\":\"es\",\"@id\":\"https:\/\/arquitecturadegalicia.eu\/blog\/#\/schema\/person\/image\/\",\"url\":\"https:\/\/secure.gravatar.com\/avatar\/a79e713b96510b29d405cacc448bf2e0?s=96&d=mm&r=g\",\"contentUrl\":\"https:\/\/secure.gravatar.com\/avatar\/a79e713b96510b29d405cacc448bf2e0?s=96&d=mm&r=g\",\"caption\":\"Dario Vallina\"},\"description\":\"Xix\u00f3n | Coordinaci\u00f3n e edici\u00f3n de artigos | La simplicidad es la mayor sofisticaci\u00f3n. Un caballo pintado a rayas no es una cebra. La imaginaci\u00f3n es m\u00e1s importante que la sabidur\u00eda. Si no puedo dibujarlo, es que no lo entiendo.\",\"url\":\"https:\/\/arquitecturadegalicia.eu\/blog\/author\/dariovallina\/\"}]}<\/script>\n<!-- \/ Yoast SEO plugin. -->","yoast_head_json":{"title":"Hotel NH Obradoiro | AG","robots":{"index":"index","follow":"follow","max-snippet":"max-snippet:-1","max-image-preview":"max-image-preview:large","max-video-preview":"max-video-preview:-1"},"canonical":"https:\/\/arquitecturadegalicia.eu\/blog\/hotel-nh-obradoiro\/","og_locale":"es_ES","og_type":"article","og_title":"Hotel NH Obradoiro | AG","og_description":"Uno de los factores determinantes a la hora de proyectar el nuevo hotel en Santiago de Compostela ha sido las cualidades del entorno y la finca en donde se asienta. Desde el punto de vista paisaj\u00edstico, la finca del antiguo sanatorio est\u00e1 situada en un entorno de gran calidad paisaj\u00edstica. Al Sur esta situado el Campus norte de la Universidad de Santiago, al Oeste el edificio del Auditorio de Galicia, obra del arquitecto Julio Cano Lasso y al Norte cierra la visi\u00f3n del conjunto una magn\u00edfica carballeira abandonada durante los \u00faltimos a\u00f1os y con un gran valor hist\u00f3rico.","og_url":"https:\/\/arquitecturadegalicia.eu\/blog\/hotel-nh-obradoiro\/","og_site_name":"AG","article_publisher":"https:\/\/www.facebook.com\/ArquitecturadeGalicia\/","article_published_time":"2013-04-14T10:00:48+00:00","article_modified_time":"2013-04-10T21:47:29+00:00","og_image":[{"width":620,"height":464,"url":"https:\/\/arquitecturadegalicia.eu\/blog\/wp-content\/uploads\/2013\/04\/fachada-1105468-nh-obradoiro_t2-z1w.jpg","type":"image\/jpeg"}],"author":"Dario Vallina","twitter_card":"summary_large_image","twitter_creator":"@arquigaliciaeu","twitter_site":"@arquigaliciaeu","twitter_misc":{"Escrito por":"Dario Vallina","Tiempo de lectura":"4 minutos"},"schema":{"@context":"https:\/\/schema.org","@graph":[{"@type":"Article","@id":"https:\/\/arquitecturadegalicia.eu\/blog\/hotel-nh-obradoiro\/#article","isPartOf":{"@id":"https:\/\/arquitecturadegalicia.eu\/blog\/hotel-nh-obradoiro\/"},"author":{"name":"Dario Vallina","@id":"https:\/\/arquitecturadegalicia.eu\/blog\/#\/schema\/person\/abcb74b3399abffb9dabced36488ac35"},"headline":"Hotel NH Obradoiro","datePublished":"2013-04-14T10:00:48+00:00","dateModified":"2013-04-10T21:47:29+00:00","mainEntityOfPage":{"@id":"https:\/\/arquitecturadegalicia.eu\/blog\/hotel-nh-obradoiro\/"},"wordCount":728,"commentCount":0,"publisher":{"@id":"https:\/\/arquitecturadegalicia.eu\/blog\/#organization"},"image":{"@id":"https:\/\/arquitecturadegalicia.eu\/blog\/hotel-nh-obradoiro\/#primaryimage"},"thumbnailUrl":"https:\/\/arquitecturadegalicia.eu\/blog\/wp-content\/uploads\/2013\/04\/fachada-1105468-nh-obradoiro_t2-z1w.jpg","keywords":["2002","Aranguren y Gallegos","hotelero","tur\u00edstico"],"articleSection":["Santiago de Compostela"],"inLanguage":"es","potentialAction":[{"@type":"CommentAction","name":"Comment","target":["https:\/\/arquitecturadegalicia.eu\/blog\/hotel-nh-obradoiro\/#respond"]}]},{"@type":"WebPage","@id":"https:\/\/arquitecturadegalicia.eu\/blog\/hotel-nh-obradoiro\/","url":"https:\/\/arquitecturadegalicia.eu\/blog\/hotel-nh-obradoiro\/","name":"Hotel NH Obradoiro | AG","isPartOf":{"@id":"https:\/\/arquitecturadegalicia.eu\/blog\/#website"},"primaryImageOfPage":{"@id":"https:\/\/arquitecturadegalicia.eu\/blog\/hotel-nh-obradoiro\/#primaryimage"},"image":{"@id":"https:\/\/arquitecturadegalicia.eu\/blog\/hotel-nh-obradoiro\/#primaryimage"},"thumbnailUrl":"https:\/\/arquitecturadegalicia.eu\/blog\/wp-content\/uploads\/2013\/04\/fachada-1105468-nh-obradoiro_t2-z1w.jpg","datePublished":"2013-04-14T10:00:48+00:00","dateModified":"2013-04-10T21:47:29+00:00","breadcrumb":{"@id":"https:\/\/arquitecturadegalicia.eu\/blog\/hotel-nh-obradoiro\/#breadcrumb"},"inLanguage":"es","potentialAction":[{"@type":"ReadAction","target":["https:\/\/arquitecturadegalicia.eu\/blog\/hotel-nh-obradoiro\/"]}]},{"@type":"ImageObject","inLanguage":"es","@id":"https:\/\/arquitecturadegalicia.eu\/blog\/hotel-nh-obradoiro\/#primaryimage","url":"https:\/\/arquitecturadegalicia.eu\/blog\/wp-content\/uploads\/2013\/04\/fachada-1105468-nh-obradoiro_t2-z1w.jpg","contentUrl":"https:\/\/arquitecturadegalicia.eu\/blog\/wp-content\/uploads\/2013\/04\/fachada-1105468-nh-obradoiro_t2-z1w.jpg","width":620,"height":464,"caption":"NH Obradoiro | Aranguren y Gallegos | Santiago"},{"@type":"BreadcrumbList","@id":"https:\/\/arquitecturadegalicia.eu\/blog\/hotel-nh-obradoiro\/#breadcrumb","itemListElement":[{"@type":"ListItem","position":1,"name":"Portada","item":"https:\/\/arquitecturadegalicia.eu\/blog\/"},{"@type":"ListItem","position":2,"name":"Hotel NH Obradoiro"}]},{"@type":"WebSite","@id":"https:\/\/arquitecturadegalicia.eu\/blog\/#website","url":"https:\/\/arquitecturadegalicia.eu\/blog\/","name":"AG","description":"Arquitectura de Galicia","publisher":{"@id":"https:\/\/arquitecturadegalicia.eu\/blog\/#organization"},"potentialAction":[{"@type":"SearchAction","target":{"@type":"EntryPoint","urlTemplate":"https:\/\/arquitecturadegalicia.eu\/blog\/?s={search_term_string}"},"query-input":{"@type":"PropertyValueSpecification","valueRequired":true,"valueName":"search_term_string"}}],"inLanguage":"es"},{"@type":"Organization","@id":"https:\/\/arquitecturadegalicia.eu\/blog\/#organization","name":"Arquitectura de Galicia","url":"https:\/\/arquitecturadegalicia.eu\/blog\/","logo":{"@type":"ImageObject","inLanguage":"es","@id":"https:\/\/arquitecturadegalicia.eu\/blog\/#\/schema\/logo\/image\/","url":"https:\/\/arquitecturadegalicia.eu\/blog\/wp-content\/uploads\/2017\/01\/arquitecturacurrents2.png","contentUrl":"https:\/\/arquitecturadegalicia.eu\/blog\/wp-content\/uploads\/2017\/01\/arquitecturacurrents2.png","width":840,"height":640,"caption":"Arquitectura de Galicia"},"image":{"@id":"https:\/\/arquitecturadegalicia.eu\/blog\/#\/schema\/logo\/image\/"},"sameAs":["https:\/\/www.facebook.com\/ArquitecturadeGalicia\/","https:\/\/x.com\/arquigaliciaeu","https:\/\/www.instagram.com\/arquigaliciaeu\/"]},{"@type":"Person","@id":"https:\/\/arquitecturadegalicia.eu\/blog\/#\/schema\/person\/abcb74b3399abffb9dabced36488ac35","name":"Dario Vallina","image":{"@type":"ImageObject","inLanguage":"es","@id":"https:\/\/arquitecturadegalicia.eu\/blog\/#\/schema\/person\/image\/","url":"https:\/\/secure.gravatar.com\/avatar\/a79e713b96510b29d405cacc448bf2e0?s=96&d=mm&r=g","contentUrl":"https:\/\/secure.gravatar.com\/avatar\/a79e713b96510b29d405cacc448bf2e0?s=96&d=mm&r=g","caption":"Dario Vallina"},"description":"Xix\u00f3n | Coordinaci\u00f3n e edici\u00f3n de artigos | La simplicidad es la mayor sofisticaci\u00f3n. Un caballo pintado a rayas no es una cebra. La imaginaci\u00f3n es m\u00e1s importante que la sabidur\u00eda. Si no puedo dibujarlo, es que no lo entiendo.","url":"https:\/\/arquitecturadegalicia.eu\/blog\/author\/dariovallina\/"}]}},"jetpack_featured_media_url":"https:\/\/arquitecturadegalicia.eu\/blog\/wp-content\/uploads\/2013\/04\/fachada-1105468-nh-obradoiro_t2-z1w.jpg","jetpack_shortlink":"https:\/\/wp.me\/p2NHs2-1sT","jetpack_sharing_enabled":true,"_links":{"self":[{"href":"https:\/\/arquitecturadegalicia.eu\/blog\/wp-json\/wp\/v2\/posts\/5635","targetHints":{"allow":["GET"]}}],"collection":[{"href":"https:\/\/arquitecturadegalicia.eu\/blog\/wp-json\/wp\/v2\/posts"}],"about":[{"href":"https:\/\/arquitecturadegalicia.eu\/blog\/wp-json\/wp\/v2\/types\/post"}],"author":[{"embeddable":true,"href":"https:\/\/arquitecturadegalicia.eu\/blog\/wp-json\/wp\/v2\/users\/7"}],"replies":[{"embeddable":true,"href":"https:\/\/arquitecturadegalicia.eu\/blog\/wp-json\/wp\/v2\/comments?post=5635"}],"version-history":[{"count":4,"href":"https:\/\/arquitecturadegalicia.eu\/blog\/wp-json\/wp\/v2\/posts\/5635\/revisions"}],"predecessor-version":[{"id":5640,"href":"https:\/\/arquitecturadegalicia.eu\/blog\/wp-json\/wp\/v2\/posts\/5635\/revisions\/5640"}],"wp:featuredmedia":[{"embeddable":true,"href":"https:\/\/arquitecturadegalicia.eu\/blog\/wp-json\/wp\/v2\/media\/5637"}],"wp:attachment":[{"href":"https:\/\/arquitecturadegalicia.eu\/blog\/wp-json\/wp\/v2\/media?parent=5635"}],"wp:term":[{"taxonomy":"category","embeddable":true,"href":"https:\/\/arquitecturadegalicia.eu\/blog\/wp-json\/wp\/v2\/categories?post=5635"},{"taxonomy":"post_tag","embeddable":true,"href":"https:\/\/arquitecturadegalicia.eu\/blog\/wp-json\/wp\/v2\/tags?post=5635"},{"taxonomy":"ano","embeddable":true,"href":"https:\/\/arquitecturadegalicia.eu\/blog\/wp-json\/wp\/v2\/ano?post=5635"},{"taxonomy":"arquitectos","embeddable":true,"href":"https:\/\/arquitecturadegalicia.eu\/blog\/wp-json\/wp\/v2\/arquitectos?post=5635"},{"taxonomy":"tipoloxia","embeddable":true,"href":"https:\/\/arquitecturadegalicia.eu\/blog\/wp-json\/wp\/v2\/tipoloxia?post=5635"}],"curies":[{"name":"wp","href":"https:\/\/api.w.org\/{rel}","templated":true}]}}