{"id":6101,"date":"2013-05-03T12:00:36","date_gmt":"2013-05-03T10:00:36","guid":{"rendered":"http:\/\/arquitecturadegalicia.eu\/blog\/?p=6101"},"modified":"2014-07-25T12:18:29","modified_gmt":"2014-07-25T10:18:29","slug":"escola-de-artes-aplicadas-e-oficios-artisticos","status":"publish","type":"post","link":"https:\/\/arquitecturadegalicia.eu\/blog\/escola-de-artes-aplicadas-e-oficios-artisticos\/","title":{"rendered":"Escola de Artes Aplicadas e Oficios Art\u00edsticos"},"content":{"rendered":"<p><img fetchpriority=\"high\" decoding=\"async\" class=\"aligncenter size-full wp-image-6113\" alt=\"AG | Escola Pablo Picasso\" src=\"http:\/\/arquitecturadegalicia.eu\/blog\/wp-content\/uploads\/2013\/05\/dsc00676.jpg\" width=\"620\" height=\"465\" srcset=\"https:\/\/arquitecturadegalicia.eu\/blog\/wp-content\/uploads\/2013\/05\/dsc00676.jpg 620w, https:\/\/arquitecturadegalicia.eu\/blog\/wp-content\/uploads\/2013\/05\/dsc00676-300x225.jpg 300w\" sizes=\"(max-width: 620px) 100vw, 620px\" \/><\/p>\n<table class=\"aligncenter\" width=\"620\" border=\"0\" cellspacing=\"0\" cellpadding=\"0\">\n<tbody>\n<tr>\n<td width=\"180\"><strong>Obra:<\/strong><\/td>\n<td>\u00a0Escola de Artes Aplicadas e Oficios Art\u00edsticos Pablo Picasso<\/td>\n<\/tr>\n<tr>\n<td><strong>Arquitecto:<\/strong><\/td>\n<td>\u00a0Jos\u00e9 Antonio Corrales<\/td>\n<\/tr>\n<tr>\n<td><strong>Provincia:<\/strong><\/td>\n<td>\u00a0A Coru\u00f1a<\/td>\n<\/tr>\n<tr>\n<td><strong>Localidade:<\/strong><\/td>\n<td>\u00a0A Coru\u00f1a<\/td>\n<\/tr>\n<tr>\n<td><strong>Ano:<\/strong><\/td>\n<td>\u00a01983<\/td>\n<\/tr>\n<tr>\n<td><strong>Xeolocalizaci\u00f3n:<\/strong><\/td>\n<td>\u00a0<a href=\"https:\/\/maps.google.es\/maps\/ms?ie=UTF8&amp;hl=es&amp;oe=UTF8&amp;msa=0&amp;msid=205584753861089304839.0004b3590a9baff01c53d&amp;num=200&amp;start=200&amp;t=h&amp;vpsrc=6&amp;ll=43.375226,-8.393244&amp;spn=0.005264,0.011362&amp;z=17&amp;iwloc=0004db7ff666e5bf3cfe6\" target=\"_blank\"><strong>43.375,-8.393<\/strong><\/a><\/td>\n<\/tr>\n<\/tbody>\n<\/table>\n<table class=\" aligncenter\" width=\"620\" border=\"0\" cellspacing=\"0\" cellpadding=\"0\">\n<tbody>\n<tr>\n<td colspan=\"3\"><strong>Outros Datos:<\/strong><\/td>\n<\/tr>\n<tr>\n<td width=\"20\"><\/td>\n<td colspan=\"2\"><strong>Premios:<\/strong><\/td>\n<\/tr>\n<tr>\n<td width=\"20\"><\/td>\n<td width=\"20\"><\/td>\n<td width=\"580\"><\/td>\n<\/tr>\n<tr>\n<td width=\"20\"><\/td>\n<td colspan=\"2\"><strong>Publicaci\u00f3ns:<\/strong><\/td>\n<\/tr>\n<tr>\n<td width=\"20\"><\/td>\n<td width=\"20\"><\/td>\n<td>&#8211; Lugar, Memoria e Proxecto. Galicia 1974 &#8211; 1994. |\u00a0\u201dGalicia: Arquitectura Recente\u201d. COAG 1992.<\/td>\n<\/tr>\n<tr>\n<td width=\"20\"><\/td>\n<td colspan=\"2\"><strong>Informaci\u00f3n na rede:<\/strong><\/td>\n<\/tr>\n<tr>\n<td width=\"20\"><\/td>\n<td width=\"20\"><\/td>\n<td><strong>\u00a0<\/strong>\u00a0<a href=\"http:\/\/g12pe0809.wordpress.com\/proyecto\/escuela-de-arte-pablo-picasso\/\" target=\"_blank\"><strong>Proyectos de Estructuras I. Escuela de Arte Pablo Picasso.<\/strong><\/a><strong>\u00a0 <\/strong><\/td>\n<\/tr>\n<tr>\n<td width=\"20\"><\/td>\n<td colspan=\"2\"><strong>Descripci\u00f3n do proxecto: <\/strong>Lugar, Memoria e Proxecto. Galicia 1974 &#8211; 1994.<\/td>\n<\/tr>\n<tr>\n<td width=\"20\"><\/td>\n<td width=\"20\"><\/td>\n<td><em>\u00abO terreo est\u00e1 situado na r\u00faa Nova, paralela \u00e1 r\u00faa Beiramar, no ensanche do barrio antigo da Coru\u00f1a. Este soar, con pendente notable cara \u00f3 mar (enseada de San Amaro). Proponse un edificio lineal paralelo \u00e1 r\u00faa Nova, composto esencialmente dunha parte dando \u00f3 mar, con tres andares situados a cotas de +106&#8217;8, +103, +97&#8217;7 metros e unha crux\u00eda ou parte dando \u00e1 r\u00faa Nova, as\u00ed como un amplo vest\u00edbulo acristalado situado \u00e1 cota +103 metros.No centro do conxunto, a cota de +99,5 metros sit\u00faase o sal\u00f3n de actos, con zonas laterais de dobre altura e unha praza de acceso sobre a s\u00faa parte central.Diante do edificio, cara o mar, sit\u00faase unha plataforma de acceso de veh\u00edculos de carga a cota de +96&#8217;7 metros de anchura variable dada a curvatura do paseo mar\u00edtimo, pensando que pode servir como acceso e sa\u00edda de materiais desde a r\u00faa Beiramar.No l\u00edmite sueste do terreo prox\u00e9ctase unha escalianata para logra-la unic\u00f3n peatonal do paseo mar\u00edtimo e a r\u00faa Nova superior. Ser\u00e1 necesario, polo tanto, un acordo coa xesti\u00f3n municipal para levar a cabo a ordenaci\u00f3n urban\u00edstica do contorno.\u00c1 cota +97&#8217;7 metros sit\u00faanse a maior parte dos talleres con iluminaci\u00f3n cenital, vista \u00f3 mar e portas de acceso de materiais, unha galer\u00eda, detr\u00e1s da cal se colocan almac\u00e9ns e instalaci\u00f3n, s\u00e9rvelles de acceso. No centro da planta, disp\u00faxose o sal\u00f3n de actos &#8211; auditorio, con sa\u00edda directa \u00f3 terreo a trav\u00e9s dun vest\u00edbulo. D\u00faas escaleiras laterais conduce \u00e1 cota superior.Na cota +103 metros, a nivel medio da r\u00faa Nova enc\u00f3ntrase a ampla galer\u00eda lineal con dobre altura acristalada a mediod\u00eda. A ela ch\u00e9gase dende a praza de acceso a trav\u00e9s dun cortaventos e serve como sala de exposici\u00f3ns do material elaborado no centro.<\/em><em>A crux\u00eda que d\u00e1 \u00f3 mar cont\u00e9n as aulas, biblioteca, cafeter\u00eda e administraci\u00f3n, e no centro \u00e1brese \u00f3 mar mediante unha amplia cristaleira con obxecto de non cerrala vista \u00f3 mar dende a rua ou praza. Os aseos ou servicios en cada planta colocanse exentos \u00f3 edificio en d\u00faas torretas de planta circular para non quitar elasticidade \u00e1s distribuci\u00f3ns.O edificio est\u00e1 revestido por unha cuberta de chapa ou aluminio con cano lateral. Nos extremos do edificio a altura da cuberta oc\u00fapase coas vivendas do programa, que consta de dormitorios, servicios \u00e1 r\u00faa, sala de estar e galer\u00eda \u00f3 mar, \u00e1s que se chega por d\u00faas escaleiras exentas laterais. O resultado \u00e9 un edificio lineal aberto \u00f3 norte con vistas \u00f3 mar e vest\u00edbulo de dobre altura con cristaleira a mediod\u00eda. Finalmente, intentouse dar \u00f3 edificio a apariencia propia deste contorno mar\u00edtimo mediante a utilizaci\u00f3n da cor branca, azulexos en bandas azul mari\u00f1o e elementos verdes\u00bb.<\/em><\/td>\n<\/tr>\n<tr>\n<td width=\"20\"><\/td>\n<td colspan=\"2\"><b>Reportaxe fotogr\u00e1fica:\u00a0<a href=\"http:\/\/g12pe0809.wordpress.com\/proyecto\/escuela-de-arte-pablo-picasso\/\" target=\"_blank\"><strong>Proyectos de Estructuras I.<\/strong><\/a><\/b><\/td>\n<\/tr>\n<tr>\n<td width=\"20\"><\/td>\n<td colspan=\"2\">\u00a0<\/td>\n<\/tr>\n<tr>\n<td width=\"20\"><\/td>\n<td colspan=\"2\"><strong>Planos:\u00a0[nggallery id=161]<\/strong><\/td>\n<\/tr>\n<tr>\n<td width=\"20\"><\/td>\n<td colspan=\"2\"><\/td>\n<\/tr>\n<\/tbody>\n<\/table>\n","protected":false},"excerpt":{"rendered":"<p>\u00abA Escola de Artes e Oficios Pablo Picasso \u00e9 un edificio lineal, aberto \u00f3 norte con vistas \u00f3 mar cun vest\u00edbulo de dobre altura con cristaleira a mediod\u00eda. Intentouse dar \u00f3 edificio a apariencia propia deste contorno mar\u00edtimo mediante a utilizaci\u00f3n da cor branca, azulexos en bandas azul mari\u00f1o e elementos verdes\u00bb.<\/p>\n","protected":false},"author":10,"featured_media":6113,"comment_status":"open","ping_status":"open","sticky":false,"template":"","format":"standard","meta":{"jetpack_post_was_ever_published":false,"_jetpack_newsletter_access":"","_jetpack_dont_email_post_to_subs":false,"_jetpack_newsletter_tier_id":0,"_jetpack_memberships_contains_paywalled_content":false,"_jetpack_memberships_contains_paid_content":false,"footnotes":"","jetpack_publicize_message":"","jetpack_publicize_feature_enabled":true,"jetpack_social_post_already_shared":true,"jetpack_social_options":{"image_generator_settings":{"template":"highway","enabled":false},"version":2}},"categories":[28],"tags":[493,81,371],"ano":[],"arquitectos":[],"tipoloxia":[],"class_list":["post-6101","post","type-post","status-publish","format-standard","has-post-thumbnail","hentry","category-a-coruna","tag-493","tag-educacion","tag-jose-antonio-corrales","content-print"],"jetpack_publicize_connections":[],"yoast_head":"<!-- This site is optimized with the Yoast SEO plugin v24.1 - https:\/\/yoast.com\/wordpress\/plugins\/seo\/ -->\n<title>Escola de Artes Aplicadas e Oficios Art\u00edsticos | AG<\/title>\n<meta name=\"robots\" content=\"index, follow, max-snippet:-1, max-image-preview:large, max-video-preview:-1\" \/>\n<link rel=\"canonical\" href=\"https:\/\/arquitecturadegalicia.eu\/blog\/escola-de-artes-aplicadas-e-oficios-artisticos\/\" \/>\n<meta property=\"og:locale\" content=\"es_ES\" \/>\n<meta property=\"og:type\" content=\"article\" \/>\n<meta property=\"og:title\" content=\"Escola de Artes Aplicadas e Oficios Art\u00edsticos | AG\" \/>\n<meta property=\"og:description\" content=\"&quot;A Escola de Artes e Oficios Pablo Picasso \u00e9 un edificio lineal, aberto \u00f3 norte con vistas \u00f3 mar cun vest\u00edbulo de dobre altura con cristaleira a mediod\u00eda. Intentouse dar \u00f3 edificio a apariencia propia deste contorno mar\u00edtimo mediante a utilizaci\u00f3n da cor branca, azulexos en bandas azul mari\u00f1o e elementos verdes&quot;.\" \/>\n<meta property=\"og:url\" content=\"https:\/\/arquitecturadegalicia.eu\/blog\/escola-de-artes-aplicadas-e-oficios-artisticos\/\" \/>\n<meta property=\"og:site_name\" content=\"AG\" \/>\n<meta property=\"article:publisher\" content=\"https:\/\/www.facebook.com\/ArquitecturadeGalicia\/\" \/>\n<meta property=\"article:published_time\" content=\"2013-05-03T10:00:36+00:00\" \/>\n<meta property=\"article:modified_time\" content=\"2014-07-25T10:18:29+00:00\" \/>\n<meta property=\"og:image\" content=\"https:\/\/arquitecturadegalicia.eu\/blog\/wp-content\/uploads\/2013\/05\/dsc00676.jpg\" \/>\n\t<meta property=\"og:image:width\" content=\"620\" \/>\n\t<meta property=\"og:image:height\" content=\"465\" \/>\n\t<meta property=\"og:image:type\" content=\"image\/jpeg\" \/>\n<meta name=\"author\" content=\"Esteban Vigo\" \/>\n<meta name=\"twitter:card\" content=\"summary_large_image\" \/>\n<meta name=\"twitter:creator\" content=\"@arquigaliciaeu\" \/>\n<meta name=\"twitter:site\" content=\"@arquigaliciaeu\" \/>\n<meta name=\"twitter:label1\" content=\"Escrito por\" \/>\n\t<meta name=\"twitter:data1\" content=\"Esteban Vigo\" \/>\n\t<meta name=\"twitter:label2\" content=\"Tiempo de lectura\" \/>\n\t<meta name=\"twitter:data2\" content=\"3 minutos\" \/>\n<script type=\"application\/ld+json\" class=\"yoast-schema-graph\">{\"@context\":\"https:\/\/schema.org\",\"@graph\":[{\"@type\":\"Article\",\"@id\":\"https:\/\/arquitecturadegalicia.eu\/blog\/escola-de-artes-aplicadas-e-oficios-artisticos\/#article\",\"isPartOf\":{\"@id\":\"https:\/\/arquitecturadegalicia.eu\/blog\/escola-de-artes-aplicadas-e-oficios-artisticos\/\"},\"author\":{\"name\":\"Esteban Vigo\",\"@id\":\"https:\/\/arquitecturadegalicia.eu\/blog\/#\/schema\/person\/e1402c805a08826192e3b9086c423f75\"},\"headline\":\"Escola de Artes Aplicadas e Oficios Art\u00edsticos\",\"datePublished\":\"2013-05-03T10:00:36+00:00\",\"dateModified\":\"2014-07-25T10:18:29+00:00\",\"mainEntityOfPage\":{\"@id\":\"https:\/\/arquitecturadegalicia.eu\/blog\/escola-de-artes-aplicadas-e-oficios-artisticos\/\"},\"wordCount\":569,\"commentCount\":1,\"publisher\":{\"@id\":\"https:\/\/arquitecturadegalicia.eu\/blog\/#organization\"},\"image\":{\"@id\":\"https:\/\/arquitecturadegalicia.eu\/blog\/escola-de-artes-aplicadas-e-oficios-artisticos\/#primaryimage\"},\"thumbnailUrl\":\"https:\/\/arquitecturadegalicia.eu\/blog\/wp-content\/uploads\/2013\/05\/dsc00676.jpg\",\"keywords\":[\"1983\",\"educaci\u00f3n\",\"Jos\u00e9 Antonio Corrales\"],\"articleSection\":[\"A Coru\u00f1a\"],\"inLanguage\":\"es\",\"potentialAction\":[{\"@type\":\"CommentAction\",\"name\":\"Comment\",\"target\":[\"https:\/\/arquitecturadegalicia.eu\/blog\/escola-de-artes-aplicadas-e-oficios-artisticos\/#respond\"]}]},{\"@type\":\"WebPage\",\"@id\":\"https:\/\/arquitecturadegalicia.eu\/blog\/escola-de-artes-aplicadas-e-oficios-artisticos\/\",\"url\":\"https:\/\/arquitecturadegalicia.eu\/blog\/escola-de-artes-aplicadas-e-oficios-artisticos\/\",\"name\":\"Escola de Artes Aplicadas e Oficios Art\u00edsticos | AG\",\"isPartOf\":{\"@id\":\"https:\/\/arquitecturadegalicia.eu\/blog\/#website\"},\"primaryImageOfPage\":{\"@id\":\"https:\/\/arquitecturadegalicia.eu\/blog\/escola-de-artes-aplicadas-e-oficios-artisticos\/#primaryimage\"},\"image\":{\"@id\":\"https:\/\/arquitecturadegalicia.eu\/blog\/escola-de-artes-aplicadas-e-oficios-artisticos\/#primaryimage\"},\"thumbnailUrl\":\"https:\/\/arquitecturadegalicia.eu\/blog\/wp-content\/uploads\/2013\/05\/dsc00676.jpg\",\"datePublished\":\"2013-05-03T10:00:36+00:00\",\"dateModified\":\"2014-07-25T10:18:29+00:00\",\"breadcrumb\":{\"@id\":\"https:\/\/arquitecturadegalicia.eu\/blog\/escola-de-artes-aplicadas-e-oficios-artisticos\/#breadcrumb\"},\"inLanguage\":\"es\",\"potentialAction\":[{\"@type\":\"ReadAction\",\"target\":[\"https:\/\/arquitecturadegalicia.eu\/blog\/escola-de-artes-aplicadas-e-oficios-artisticos\/\"]}]},{\"@type\":\"ImageObject\",\"inLanguage\":\"es\",\"@id\":\"https:\/\/arquitecturadegalicia.eu\/blog\/escola-de-artes-aplicadas-e-oficios-artisticos\/#primaryimage\",\"url\":\"https:\/\/arquitecturadegalicia.eu\/blog\/wp-content\/uploads\/2013\/05\/dsc00676.jpg\",\"contentUrl\":\"https:\/\/arquitecturadegalicia.eu\/blog\/wp-content\/uploads\/2013\/05\/dsc00676.jpg\",\"width\":620,\"height\":465,\"caption\":\"AG | Escola Pablo Picasso\"},{\"@type\":\"BreadcrumbList\",\"@id\":\"https:\/\/arquitecturadegalicia.eu\/blog\/escola-de-artes-aplicadas-e-oficios-artisticos\/#breadcrumb\",\"itemListElement\":[{\"@type\":\"ListItem\",\"position\":1,\"name\":\"Portada\",\"item\":\"https:\/\/arquitecturadegalicia.eu\/blog\/\"},{\"@type\":\"ListItem\",\"position\":2,\"name\":\"Escola de Artes Aplicadas e Oficios Art\u00edsticos\"}]},{\"@type\":\"WebSite\",\"@id\":\"https:\/\/arquitecturadegalicia.eu\/blog\/#website\",\"url\":\"https:\/\/arquitecturadegalicia.eu\/blog\/\",\"name\":\"AG\",\"description\":\"Arquitectura de Galicia\",\"publisher\":{\"@id\":\"https:\/\/arquitecturadegalicia.eu\/blog\/#organization\"},\"potentialAction\":[{\"@type\":\"SearchAction\",\"target\":{\"@type\":\"EntryPoint\",\"urlTemplate\":\"https:\/\/arquitecturadegalicia.eu\/blog\/?s={search_term_string}\"},\"query-input\":{\"@type\":\"PropertyValueSpecification\",\"valueRequired\":true,\"valueName\":\"search_term_string\"}}],\"inLanguage\":\"es\"},{\"@type\":\"Organization\",\"@id\":\"https:\/\/arquitecturadegalicia.eu\/blog\/#organization\",\"name\":\"Arquitectura de Galicia\",\"url\":\"https:\/\/arquitecturadegalicia.eu\/blog\/\",\"logo\":{\"@type\":\"ImageObject\",\"inLanguage\":\"es\",\"@id\":\"https:\/\/arquitecturadegalicia.eu\/blog\/#\/schema\/logo\/image\/\",\"url\":\"https:\/\/arquitecturadegalicia.eu\/blog\/wp-content\/uploads\/2017\/01\/arquitecturacurrents2.png\",\"contentUrl\":\"https:\/\/arquitecturadegalicia.eu\/blog\/wp-content\/uploads\/2017\/01\/arquitecturacurrents2.png\",\"width\":840,\"height\":640,\"caption\":\"Arquitectura de Galicia\"},\"image\":{\"@id\":\"https:\/\/arquitecturadegalicia.eu\/blog\/#\/schema\/logo\/image\/\"},\"sameAs\":[\"https:\/\/www.facebook.com\/ArquitecturadeGalicia\/\",\"https:\/\/x.com\/arquigaliciaeu\",\"https:\/\/www.instagram.com\/arquigaliciaeu\/\"]},{\"@type\":\"Person\",\"@id\":\"https:\/\/arquitecturadegalicia.eu\/blog\/#\/schema\/person\/e1402c805a08826192e3b9086c423f75\",\"name\":\"Esteban Vigo\",\"image\":{\"@type\":\"ImageObject\",\"inLanguage\":\"es\",\"@id\":\"https:\/\/arquitecturadegalicia.eu\/blog\/#\/schema\/person\/image\/\",\"url\":\"https:\/\/secure.gravatar.com\/avatar\/5cee255b8510cde1f21ad6b1241b1680?s=96&d=mm&r=g\",\"contentUrl\":\"https:\/\/secure.gravatar.com\/avatar\/5cee255b8510cde1f21ad6b1241b1680?s=96&d=mm&r=g\",\"caption\":\"Esteban Vigo\"},\"description\":\"Pontevedra | Edici\u00f3n de artigos | Estudiante de Arquitectura na ETSA de A Coru\u00f1a e colaborador na revista Dot: Magazine (http:\/\/www.dotgalicia.com\/)\",\"url\":\"https:\/\/arquitecturadegalicia.eu\/blog\/author\/teblink\/\"}]}<\/script>\n<!-- \/ Yoast SEO plugin. -->","yoast_head_json":{"title":"Escola de Artes Aplicadas e Oficios Art\u00edsticos | AG","robots":{"index":"index","follow":"follow","max-snippet":"max-snippet:-1","max-image-preview":"max-image-preview:large","max-video-preview":"max-video-preview:-1"},"canonical":"https:\/\/arquitecturadegalicia.eu\/blog\/escola-de-artes-aplicadas-e-oficios-artisticos\/","og_locale":"es_ES","og_type":"article","og_title":"Escola de Artes Aplicadas e Oficios Art\u00edsticos | AG","og_description":"\"A Escola de Artes e Oficios Pablo Picasso \u00e9 un edificio lineal, aberto \u00f3 norte con vistas \u00f3 mar cun vest\u00edbulo de dobre altura con cristaleira a mediod\u00eda. Intentouse dar \u00f3 edificio a apariencia propia deste contorno mar\u00edtimo mediante a utilizaci\u00f3n da cor branca, azulexos en bandas azul mari\u00f1o e elementos verdes\".","og_url":"https:\/\/arquitecturadegalicia.eu\/blog\/escola-de-artes-aplicadas-e-oficios-artisticos\/","og_site_name":"AG","article_publisher":"https:\/\/www.facebook.com\/ArquitecturadeGalicia\/","article_published_time":"2013-05-03T10:00:36+00:00","article_modified_time":"2014-07-25T10:18:29+00:00","og_image":[{"width":620,"height":465,"url":"https:\/\/arquitecturadegalicia.eu\/blog\/wp-content\/uploads\/2013\/05\/dsc00676.jpg","type":"image\/jpeg"}],"author":"Esteban Vigo","twitter_card":"summary_large_image","twitter_creator":"@arquigaliciaeu","twitter_site":"@arquigaliciaeu","twitter_misc":{"Escrito por":"Esteban Vigo","Tiempo de lectura":"3 minutos"},"schema":{"@context":"https:\/\/schema.org","@graph":[{"@type":"Article","@id":"https:\/\/arquitecturadegalicia.eu\/blog\/escola-de-artes-aplicadas-e-oficios-artisticos\/#article","isPartOf":{"@id":"https:\/\/arquitecturadegalicia.eu\/blog\/escola-de-artes-aplicadas-e-oficios-artisticos\/"},"author":{"name":"Esteban Vigo","@id":"https:\/\/arquitecturadegalicia.eu\/blog\/#\/schema\/person\/e1402c805a08826192e3b9086c423f75"},"headline":"Escola de Artes Aplicadas e Oficios Art\u00edsticos","datePublished":"2013-05-03T10:00:36+00:00","dateModified":"2014-07-25T10:18:29+00:00","mainEntityOfPage":{"@id":"https:\/\/arquitecturadegalicia.eu\/blog\/escola-de-artes-aplicadas-e-oficios-artisticos\/"},"wordCount":569,"commentCount":1,"publisher":{"@id":"https:\/\/arquitecturadegalicia.eu\/blog\/#organization"},"image":{"@id":"https:\/\/arquitecturadegalicia.eu\/blog\/escola-de-artes-aplicadas-e-oficios-artisticos\/#primaryimage"},"thumbnailUrl":"https:\/\/arquitecturadegalicia.eu\/blog\/wp-content\/uploads\/2013\/05\/dsc00676.jpg","keywords":["1983","educaci\u00f3n","Jos\u00e9 Antonio Corrales"],"articleSection":["A Coru\u00f1a"],"inLanguage":"es","potentialAction":[{"@type":"CommentAction","name":"Comment","target":["https:\/\/arquitecturadegalicia.eu\/blog\/escola-de-artes-aplicadas-e-oficios-artisticos\/#respond"]}]},{"@type":"WebPage","@id":"https:\/\/arquitecturadegalicia.eu\/blog\/escola-de-artes-aplicadas-e-oficios-artisticos\/","url":"https:\/\/arquitecturadegalicia.eu\/blog\/escola-de-artes-aplicadas-e-oficios-artisticos\/","name":"Escola de Artes Aplicadas e Oficios Art\u00edsticos | AG","isPartOf":{"@id":"https:\/\/arquitecturadegalicia.eu\/blog\/#website"},"primaryImageOfPage":{"@id":"https:\/\/arquitecturadegalicia.eu\/blog\/escola-de-artes-aplicadas-e-oficios-artisticos\/#primaryimage"},"image":{"@id":"https:\/\/arquitecturadegalicia.eu\/blog\/escola-de-artes-aplicadas-e-oficios-artisticos\/#primaryimage"},"thumbnailUrl":"https:\/\/arquitecturadegalicia.eu\/blog\/wp-content\/uploads\/2013\/05\/dsc00676.jpg","datePublished":"2013-05-03T10:00:36+00:00","dateModified":"2014-07-25T10:18:29+00:00","breadcrumb":{"@id":"https:\/\/arquitecturadegalicia.eu\/blog\/escola-de-artes-aplicadas-e-oficios-artisticos\/#breadcrumb"},"inLanguage":"es","potentialAction":[{"@type":"ReadAction","target":["https:\/\/arquitecturadegalicia.eu\/blog\/escola-de-artes-aplicadas-e-oficios-artisticos\/"]}]},{"@type":"ImageObject","inLanguage":"es","@id":"https:\/\/arquitecturadegalicia.eu\/blog\/escola-de-artes-aplicadas-e-oficios-artisticos\/#primaryimage","url":"https:\/\/arquitecturadegalicia.eu\/blog\/wp-content\/uploads\/2013\/05\/dsc00676.jpg","contentUrl":"https:\/\/arquitecturadegalicia.eu\/blog\/wp-content\/uploads\/2013\/05\/dsc00676.jpg","width":620,"height":465,"caption":"AG | Escola Pablo Picasso"},{"@type":"BreadcrumbList","@id":"https:\/\/arquitecturadegalicia.eu\/blog\/escola-de-artes-aplicadas-e-oficios-artisticos\/#breadcrumb","itemListElement":[{"@type":"ListItem","position":1,"name":"Portada","item":"https:\/\/arquitecturadegalicia.eu\/blog\/"},{"@type":"ListItem","position":2,"name":"Escola de Artes Aplicadas e Oficios Art\u00edsticos"}]},{"@type":"WebSite","@id":"https:\/\/arquitecturadegalicia.eu\/blog\/#website","url":"https:\/\/arquitecturadegalicia.eu\/blog\/","name":"AG","description":"Arquitectura de Galicia","publisher":{"@id":"https:\/\/arquitecturadegalicia.eu\/blog\/#organization"},"potentialAction":[{"@type":"SearchAction","target":{"@type":"EntryPoint","urlTemplate":"https:\/\/arquitecturadegalicia.eu\/blog\/?s={search_term_string}"},"query-input":{"@type":"PropertyValueSpecification","valueRequired":true,"valueName":"search_term_string"}}],"inLanguage":"es"},{"@type":"Organization","@id":"https:\/\/arquitecturadegalicia.eu\/blog\/#organization","name":"Arquitectura de Galicia","url":"https:\/\/arquitecturadegalicia.eu\/blog\/","logo":{"@type":"ImageObject","inLanguage":"es","@id":"https:\/\/arquitecturadegalicia.eu\/blog\/#\/schema\/logo\/image\/","url":"https:\/\/arquitecturadegalicia.eu\/blog\/wp-content\/uploads\/2017\/01\/arquitecturacurrents2.png","contentUrl":"https:\/\/arquitecturadegalicia.eu\/blog\/wp-content\/uploads\/2017\/01\/arquitecturacurrents2.png","width":840,"height":640,"caption":"Arquitectura de Galicia"},"image":{"@id":"https:\/\/arquitecturadegalicia.eu\/blog\/#\/schema\/logo\/image\/"},"sameAs":["https:\/\/www.facebook.com\/ArquitecturadeGalicia\/","https:\/\/x.com\/arquigaliciaeu","https:\/\/www.instagram.com\/arquigaliciaeu\/"]},{"@type":"Person","@id":"https:\/\/arquitecturadegalicia.eu\/blog\/#\/schema\/person\/e1402c805a08826192e3b9086c423f75","name":"Esteban Vigo","image":{"@type":"ImageObject","inLanguage":"es","@id":"https:\/\/arquitecturadegalicia.eu\/blog\/#\/schema\/person\/image\/","url":"https:\/\/secure.gravatar.com\/avatar\/5cee255b8510cde1f21ad6b1241b1680?s=96&d=mm&r=g","contentUrl":"https:\/\/secure.gravatar.com\/avatar\/5cee255b8510cde1f21ad6b1241b1680?s=96&d=mm&r=g","caption":"Esteban Vigo"},"description":"Pontevedra | Edici\u00f3n de artigos | Estudiante de Arquitectura na ETSA de A Coru\u00f1a e colaborador na revista Dot: Magazine (http:\/\/www.dotgalicia.com\/)","url":"https:\/\/arquitecturadegalicia.eu\/blog\/author\/teblink\/"}]}},"jetpack_featured_media_url":"https:\/\/arquitecturadegalicia.eu\/blog\/wp-content\/uploads\/2013\/05\/dsc00676.jpg","jetpack_shortlink":"https:\/\/wp.me\/p2NHs2-1Ap","jetpack_sharing_enabled":true,"_links":{"self":[{"href":"https:\/\/arquitecturadegalicia.eu\/blog\/wp-json\/wp\/v2\/posts\/6101","targetHints":{"allow":["GET"]}}],"collection":[{"href":"https:\/\/arquitecturadegalicia.eu\/blog\/wp-json\/wp\/v2\/posts"}],"about":[{"href":"https:\/\/arquitecturadegalicia.eu\/blog\/wp-json\/wp\/v2\/types\/post"}],"author":[{"embeddable":true,"href":"https:\/\/arquitecturadegalicia.eu\/blog\/wp-json\/wp\/v2\/users\/10"}],"replies":[{"embeddable":true,"href":"https:\/\/arquitecturadegalicia.eu\/blog\/wp-json\/wp\/v2\/comments?post=6101"}],"version-history":[{"count":35,"href":"https:\/\/arquitecturadegalicia.eu\/blog\/wp-json\/wp\/v2\/posts\/6101\/revisions"}],"predecessor-version":[{"id":6130,"href":"https:\/\/arquitecturadegalicia.eu\/blog\/wp-json\/wp\/v2\/posts\/6101\/revisions\/6130"}],"wp:featuredmedia":[{"embeddable":true,"href":"https:\/\/arquitecturadegalicia.eu\/blog\/wp-json\/wp\/v2\/media\/6113"}],"wp:attachment":[{"href":"https:\/\/arquitecturadegalicia.eu\/blog\/wp-json\/wp\/v2\/media?parent=6101"}],"wp:term":[{"taxonomy":"category","embeddable":true,"href":"https:\/\/arquitecturadegalicia.eu\/blog\/wp-json\/wp\/v2\/categories?post=6101"},{"taxonomy":"post_tag","embeddable":true,"href":"https:\/\/arquitecturadegalicia.eu\/blog\/wp-json\/wp\/v2\/tags?post=6101"},{"taxonomy":"ano","embeddable":true,"href":"https:\/\/arquitecturadegalicia.eu\/blog\/wp-json\/wp\/v2\/ano?post=6101"},{"taxonomy":"arquitectos","embeddable":true,"href":"https:\/\/arquitecturadegalicia.eu\/blog\/wp-json\/wp\/v2\/arquitectos?post=6101"},{"taxonomy":"tipoloxia","embeddable":true,"href":"https:\/\/arquitecturadegalicia.eu\/blog\/wp-json\/wp\/v2\/tipoloxia?post=6101"}],"curies":[{"name":"wp","href":"https:\/\/api.w.org\/{rel}","templated":true}]}}